{"id":2036,"date":"2017-06-09T09:04:37","date_gmt":"2017-06-09T07:04:37","guid":{"rendered":"https:\/\/www.organisator.ch\/?p=2036"},"modified":"2017-06-09T09:04:37","modified_gmt":"2017-06-09T07:04:37","slug":"hrm-ist-schluessel-fuer-die-zukunftsfaehigkeit-und-gehoert-in-die-geschaeftsleitung","status":"publish","type":"post","link":"https:\/\/www.organisator.ch\/fr\/human-resources\/hrm\/2017-06-09\/hrm-ist-schluessel-fuer-die-zukunftsfaehigkeit-und-gehoert-in-die-geschaeftsleitung\/","title":{"rendered":"La GRH est la cl\u00e9 de la p\u00e9rennit\u00e9 - et a sa place dans la direction de l'entreprise"},"content":{"rendered":"<figure id=\"attachment_2038\" aria-describedby=\"caption-attachment-2038\" style=\"width: 640px\" class=\"wp-caption alignnone\"><img loading=\"lazy\" decoding=\"async\" class=\"size-full wp-image-2038\" src=\"https:\/\/www.organisator.ch\/wp-content\/uploads\/2017\/06\/HRM-ist-Schluessel-fuer-die-Zukunftsfaehigkeit-und-gehoert-in-die-Geschaeftsleitung-1_Organisator.jpg\" alt=\"\" width=\"640\" height=\"425\" srcset=\"https:\/\/www.organisator.ch\/wp-content\/uploads\/2017\/06\/HRM-ist-Schluessel-fuer-die-Zukunftsfaehigkeit-und-gehoert-in-die-Geschaeftsleitung-1_Organisator.jpg 640w, https:\/\/www.organisator.ch\/wp-content\/uploads\/2017\/06\/HRM-ist-Schluessel-fuer-die-Zukunftsfaehigkeit-und-gehoert-in-die-Geschaeftsleitung-1_Organisator-16x12.jpg 16w, https:\/\/www.organisator.ch\/wp-content\/uploads\/2017\/06\/HRM-ist-Schluessel-fuer-die-Zukunftsfaehigkeit-und-gehoert-in-die-Geschaeftsleitung-1_Organisator-264x175.jpg 264w, https:\/\/www.organisator.ch\/wp-content\/uploads\/2017\/06\/HRM-ist-Schluessel-fuer-die-Zukunftsfaehigkeit-und-gehoert-in-die-Geschaeftsleitung-1_Organisator-527x350.jpg 527w, https:\/\/www.organisator.ch\/wp-content\/uploads\/2017\/06\/HRM-ist-Schluessel-fuer-die-Zukunftsfaehigkeit-und-gehoert-in-die-Geschaeftsleitung-1_Organisator-300x199.jpg 300w\" sizes=\"auto, (max-width: 640px) 100vw, 640px\" \/><figcaption id=\"caption-attachment-2038\" class=\"wp-caption-text\">La GRH, cl\u00e9 de la p\u00e9rennit\u00e9 des entreprises : Hans C. Werner, Marcel Oertig, le mod\u00e9rateur Thomas Wipf et Manuela Broz (de gauche \u00e0 droite) lors de la discussion \u00e0 la Journ\u00e9e du personnel de Suisse orientale du 8 juin 2017. (Photo : Thomas Berner)<\/figcaption><\/figure>\n<p>Pr\u00e8s de 300 \"ressources humaines\" se sont inform\u00e9es lors de la 13e Journ\u00e9e du personnel de Suisse orientale sur les nouvelles tendances en mati\u00e8re de GRH et leurs r\u00e9percussions sur la p\u00e9rennit\u00e9 des entreprises. La journ\u00e9e a \u00e9t\u00e9 ouverte par la pr\u00e9sidente de l'Erfa-Gruppe Personal Ostschweiz. Abdullah Redzepi, de la Haute \u00e9cole sp\u00e9cialis\u00e9e de Saint-Gall et membre du comit\u00e9 consultatif du programme, a introduit ce th\u00e8me vari\u00e9. Il a pr\u00e9sent\u00e9 quelques r\u00e9sultats d'une \u00e9tude men\u00e9e r\u00e9cemment par la FHS et a montr\u00e9 que de nombreuses t\u00e2ches de gestion des ressources humaines rel\u00e8vent en r\u00e9alit\u00e9 de la comp\u00e9tence des sup\u00e9rieurs hi\u00e9rarchiques. Dans de nombreuses entreprises, il existe une divergence d'opinion \u00e0 ce sujet.<\/p>\n<p>Manuela Broz, fondatrice de Human Ethik Label, a \u00e9t\u00e9 la premi\u00e8re intervenante \u00e0 montrer l'importance d'une culture d'entreprise optimale. C'est elle qui permet d'atteindre les objectifs \u00e9conomiques. Selon Broz, on peut aussi devenir leader du march\u00e9 gr\u00e2ce \u00e0 l'humanit\u00e9. Malheureusement, l'\u00e9thique dans les relations humaines n'est toujours pas une discipline de gestion, a regrett\u00e9 l'oratrice. De plus, les instruments et m\u00e9thodes de gestion du personnel ne sont toujours pas suffisamment utilis\u00e9s selon le principe du sens.<\/p>\n<p><strong>Flexibilit\u00e9, personnalit\u00e9, comp\u00e9tences sociales<\/strong><\/p>\n<p>Marcel Oertig, partenaire et fondateur d'Avenir Consulting AG, Zurich, a ouvert le bal des professionnels des ressources humaines. Avec le terme \"Flexible Workforce\", il a mis l'accent sur la flexibilisation de l'engagement du personnel et des conditions d'emploi. \u00c0 l'\u00e8re de la num\u00e9risation, la GRH devient une comp\u00e9tence cl\u00e9 pour la p\u00e9rennit\u00e9 des entreprises. Hans C. Werner, chef du personnel chez Swisscom, a quant \u00e0 lui estim\u00e9 que seul celui qui comprend son entreprise est accept\u00e9 comme un partenaire digne de confiance. Il a plaid\u00e9 en faveur d'une formation et d'un perfectionnement approfondis et a approuv\u00e9 tout ce qui permet de former et de faire m\u00fbrir la personnalit\u00e9 et les comp\u00e9tences sociales des collaborateurs. \"La gestion des ressources humaines doit avoir sa place \u00e0 la table de la direction\", a ajout\u00e9 l'orateur. Mais d'un autre c\u00f4t\u00e9, la GRH a entre-temps \"acquis trop de t\u00e2ches de direction\". Swisscom en a donc tir\u00e9 les cons\u00e9quences. Ainsi, les entretiens de s\u00e9paration sont des t\u00e2ches de gestion qui doivent \u00eatre ma\u00eetris\u00e9es par la ligne et non pas en premier lieu par les RH.<\/p>\n<p><strong>L'intelligence artificielle prend en charge la routine<\/strong><\/p>\n<p>Apr\u00e8s la pause, Matthias Wipf, animateur comp\u00e9tent et habile, a accueilli Martin Weissleder, chef du personnel de l'Administration f\u00e9d\u00e9rale des douanes, qui a montr\u00e9, \u00e0 l'exemple du projet \"Bien vu\", comment des processus RH innovants peuvent \u00eatre mieux accept\u00e9s en interne et mis en \u0153uvre avec succ\u00e8s. Selon Weissleder, c'est en cr\u00e9ant de la valeur ajout\u00e9e et en apportant des avantages que les RH deviennent des cr\u00e9ateurs de jeu.<\/p>\n<figure id=\"attachment_2039\" aria-describedby=\"caption-attachment-2039\" style=\"width: 640px\" class=\"wp-caption alignnone\"><img loading=\"lazy\" decoding=\"async\" class=\"size-full wp-image-2039\" src=\"https:\/\/www.organisator.ch\/wp-content\/uploads\/2017\/06\/HRM-ist-Schluessel-fuer-die-Zukunftsfaehigkeit-und-gehoert-in-die-Geschaeftsleitung-2_Organisator.jpg\" alt=\"\" width=\"640\" height=\"403\" srcset=\"https:\/\/www.organisator.ch\/wp-content\/uploads\/2017\/06\/HRM-ist-Schluessel-fuer-die-Zukunftsfaehigkeit-und-gehoert-in-die-Geschaeftsleitung-2_Organisator.jpg 640w, https:\/\/www.organisator.ch\/wp-content\/uploads\/2017\/06\/HRM-ist-Schluessel-fuer-die-Zukunftsfaehigkeit-und-gehoert-in-die-Geschaeftsleitung-2_Organisator-16x10.jpg 16w, https:\/\/www.organisator.ch\/wp-content\/uploads\/2017\/06\/HRM-ist-Schluessel-fuer-die-Zukunftsfaehigkeit-und-gehoert-in-die-Geschaeftsleitung-2_Organisator-278x175.jpg 278w, https:\/\/www.organisator.ch\/wp-content\/uploads\/2017\/06\/HRM-ist-Schluessel-fuer-die-Zukunftsfaehigkeit-und-gehoert-in-die-Geschaeftsleitung-2_Organisator-556x350.jpg 556w, https:\/\/www.organisator.ch\/wp-content\/uploads\/2017\/06\/HRM-ist-Schluessel-fuer-die-Zukunftsfaehigkeit-und-gehoert-in-die-Geschaeftsleitung-2_Organisator-300x189.jpg 300w\" sizes=\"auto, (max-width: 640px) 100vw, 640px\" \/><figcaption id=\"caption-attachment-2039\" class=\"wp-caption-text\">Martin Weissleder (\u00e0 gauche) et Lars Thomsen (au centre) sont convaincus que le travail devra \u00eatre \u00e9valu\u00e9 diff\u00e9remment \u00e0 l'avenir. (Photo : Thomas Berner)<\/figcaption><\/figure>\n<p>Le chercheur en prospective Lars Thomsen a cl\u00f4tur\u00e9 la journ\u00e9e avec un r\u00e9sum\u00e9 comp\u00e9tent du recteur W\u00f6rwag de la Haute \u00e9cole sp\u00e9cialis\u00e9e de St-Gall. Pour le complexe de th\u00e8mes \"travail\", ce sont actuellement huit m\u00e9gatendances qui entra\u00eenent les changements, les bouleversements et les changements de paradigmes des dix prochaines ann\u00e9es : la num\u00e9risation, la lutte pour les talents, les nouvelles valeurs et relations, le partage des connaissances, davantage d'\u00e9quipes et de task-forces, la fin de la semaine de 40 heures et du temps de pr\u00e9sence, une diff\u00e9rence plus nette entre le management et la direction ainsi que la red\u00e9finition du travail. Pour Thomsen, nous sommes arriv\u00e9s \u00e0 la fin de la derni\u00e8re phase de l'\u00e8re industrielle. Il s'agit maintenant de red\u00e9finir de fond en comble le th\u00e8me du travail au niveau politique, social et de la nouvelle \u00e9conomie. \"Le travail devra \u00eatre r\u00e9\u00e9valu\u00e9\", a d\u00e9clar\u00e9 Thomsen. Il a \u00e9voqu\u00e9 le fait que dans dix ans, il n'y aurait probablement plus de cat\u00e9gorisation entre employeur et employ\u00e9, mais qu'il faudrait plut\u00f4t parler de communaut\u00e9s de valeurs. Les entreprises fonctionneront \u00e0 l'avenir davantage comme des \"clubs\" auxquels on adh\u00e8re parce qu'on partage leurs valeurs communes. C'est pourquoi la cr\u00e9ation de valeurs est une t\u00e2che importante, notamment pour les RH. On peut d'autant plus retenir comme conclusion de la conf\u00e9rence que - dans le contexte de la p\u00e9rennit\u00e9 des organisations - la GRH doit devenir encore plus une composante fixe de la direction.<\/p>\n<p><em>Plus d'informations : <a href=\"http:\/\/www.personaltag.ch\">www.personaltag.ch<\/a><\/em><\/p>","protected":false},"excerpt":{"rendered":"<p>Knapp 300 \u201ePersonalerinnen und Personaler\u201c informierten sich am 13. Ostschweizer Personaltag \u00fcber neue Trends im HRM und deren Auswirkungen auf die Zukunftsf\u00e4higkeit von Unternehmen. Die Tagung er\u00f6ffnete die Pr\u00e4sidentin der Freien Erfa-Gruppe Personal Ostschweiz. Ins vielf\u00e4ltige Thema f\u00fchrte Abdullah Redzepi von der Fachhochschule St. Gallen und Mitglied des Programm-Beirates. Er stellte dabei einige Resultate einer [&hellip;]<\/p>\n","protected":false},"author":4,"featured_media":2038,"comment_status":"open","ping_status":"open","sticky":false,"template":"","format":"standard","meta":{"_acf_changed":false,"_yoast_wpseo_focuskw":"Zukunftsf\u00e4higkeit","_yoast_wpseo_metadesc":"Knapp 300 Teilnehmer informierten sich am 13. Ostschweizer Personaltag \u00fcber neue Trends im HRM und die Zukunftsf\u00e4higkeit von Unternehmen.","articlekey":"","footnotes":""},"categories":[26],"tags":[51,156,254,502],"class_list":["post-2036","post","type-post","status-publish","format-standard","has-post-thumbnail","hentry","category-hrm","tag-arbeitsplatzgestaltung","tag-digitalisierung","tag-hrm","tag-veranstaltungen"],"acf":[],"yoast_head":"<!-- This site is optimized with the Yoast SEO plugin v27.4 - https:\/\/yoast.com\/product\/yoast-seo-wordpress\/ -->\n<title>HRM ist Schl\u00fcssel f\u00fcr die Zukunftsf\u00e4higkeit - und geh\u00f6rt in die Gesch\u00e4ftsleitung - Organisator<\/title>\n<meta name=\"description\" content=\"Knapp 300 Teilnehmer informierten sich am 13. Ostschweizer Personaltag \u00fcber neue Trends im HRM und die Zukunftsf\u00e4higkeit von Unternehmen.\" \/>\n<meta name=\"robots\" content=\"index, follow, max-snippet:-1, max-image-preview:large, max-video-preview:-1\" \/>\n<link rel=\"canonical\" href=\"https:\/\/www.organisator.ch\/fr\/ressources-humaines\/hrm\/2017-06-09\/hrm-ist-schluessel-fuer-die-zukunftsfaehigkeit-und-gehoert-in-die-geschaeftsleitung\/\" \/>\n<meta property=\"og:locale\" content=\"fr_FR\" \/>\n<meta property=\"og:type\" content=\"article\" \/>\n<meta property=\"og:title\" content=\"HRM ist Schl\u00fcssel f\u00fcr die Zukunftsf\u00e4higkeit - und geh\u00f6rt in die Gesch\u00e4ftsleitung\" \/>\n<meta property=\"og:description\" content=\"Knapp 300 \u201ePersonalerinnen und Personaler\u201c informierten sich am 13. Ostschweizer #Personaltag \u00fcber neue Trends im HRM und deren Auswirkungen auf die #Zukunftsf\u00e4higkeit von Unternehmen.\" \/>\n<meta property=\"og:url\" content=\"https:\/\/www.organisator.ch\/fr\/ressources-humaines\/hrm\/2017-06-09\/hrm-ist-schluessel-fuer-die-zukunftsfaehigkeit-und-gehoert-in-die-geschaeftsleitung\/\" \/>\n<meta property=\"og:site_name\" content=\"Organisator\" \/>\n<meta property=\"article:publisher\" content=\"https:\/\/www.facebook.com\/OrganisatorFachmagazin\" \/>\n<meta property=\"article:published_time\" content=\"2017-06-09T07:04:37+00:00\" \/>\n<meta property=\"og:image\" content=\"https:\/\/www.organisator.ch\/wp-content\/uploads\/2017\/06\/HRM-ist-Schluessel-fuer-die-Zukunftsfaehigkeit-und-gehoert-in-die-Geschaeftsleitung-1_Organisator.jpg\" \/>\n\t<meta property=\"og:image:width\" content=\"640\" \/>\n\t<meta property=\"og:image:height\" content=\"425\" \/>\n\t<meta property=\"og:image:type\" content=\"image\/jpeg\" \/>\n<meta name=\"author\" content=\"thomas.berner\" \/>\n<meta name=\"twitter:card\" content=\"summary_large_image\" \/>\n<meta name=\"twitter:title\" content=\"#HRM ist Schl\u00fcssel f\u00fcr die #Zukunftsf\u00e4higkeit - und geh\u00f6rt in die #Gesch\u00e4ftsleitung\" \/>\n<meta name=\"twitter:description\" content=\"Knapp 300 \u201ePersonalerinnen und Personaler\u201c informierten sich am 13. Ostschweizer #Personaltag \u00fcber neue Trends im HRM und deren Auswirkungen auf die #Zukunftsf\u00e4higkeit von Unternehmen.\" \/>\n<meta name=\"twitter:image\" content=\"https:\/\/www.organisator.ch\/wp-content\/uploads\/2017\/06\/HRM-ist-Schl\u00fcssel-f\u00fcr-die-Zukunftsf\u00e4higkeit-und-geh\u00f6rt-in-die-Gesch\u00e4ftsleitung-1_Organisator.jpg\" \/>\n<script type=\"application\/ld+json\" class=\"yoast-schema-graph\">{\"@context\":\"https:\\\/\\\/schema.org\",\"@graph\":[{\"@type\":\"Article\",\"@id\":\"https:\\\/\\\/www.organisator.ch\\\/human-resources\\\/hrm\\\/2017-06-09\\\/hrm-ist-schluessel-fuer-die-zukunftsfaehigkeit-und-gehoert-in-die-geschaeftsleitung\\\/#article\",\"isPartOf\":{\"@id\":\"https:\\\/\\\/www.organisator.ch\\\/human-resources\\\/hrm\\\/2017-06-09\\\/hrm-ist-schluessel-fuer-die-zukunftsfaehigkeit-und-gehoert-in-die-geschaeftsleitung\\\/\"},\"author\":{\"name\":\"thomas.berner\",\"@id\":\"https:\\\/\\\/www.organisator.ch\\\/#\\\/schema\\\/person\\\/6f650f90b2842cd4c0cc334b4e36f67e\"},\"headline\":\"HRM ist Schl\u00fcssel f\u00fcr die Zukunftsf\u00e4higkeit &#8211; und geh\u00f6rt in die Gesch\u00e4ftsleitung\",\"datePublished\":\"2017-06-09T07:04:37+00:00\",\"mainEntityOfPage\":{\"@id\":\"https:\\\/\\\/www.organisator.ch\\\/human-resources\\\/hrm\\\/2017-06-09\\\/hrm-ist-schluessel-fuer-die-zukunftsfaehigkeit-und-gehoert-in-die-geschaeftsleitung\\\/\"},\"wordCount\":708,\"commentCount\":0,\"publisher\":{\"@id\":\"https:\\\/\\\/www.organisator.ch\\\/#organization\"},\"image\":{\"@id\":\"https:\\\/\\\/www.organisator.ch\\\/human-resources\\\/hrm\\\/2017-06-09\\\/hrm-ist-schluessel-fuer-die-zukunftsfaehigkeit-und-gehoert-in-die-geschaeftsleitung\\\/#primaryimage\"},\"thumbnailUrl\":\"https:\\\/\\\/www.organisator.ch\\\/wp-content\\\/uploads\\\/2017\\\/06\\\/HRM-ist-Schluessel-fuer-die-Zukunftsfaehigkeit-und-gehoert-in-die-Geschaeftsleitung-1_Organisator.jpg\",\"keywords\":[\"Arbeitsplatzgestaltung\",\"Digitalisierung\",\"HRM\",\"Veranstaltungen\"],\"articleSection\":[\"HRM\"],\"inLanguage\":\"fr-FR\"},{\"@type\":\"WebPage\",\"@id\":\"https:\\\/\\\/www.organisator.ch\\\/human-resources\\\/hrm\\\/2017-06-09\\\/hrm-ist-schluessel-fuer-die-zukunftsfaehigkeit-und-gehoert-in-die-geschaeftsleitung\\\/\",\"url\":\"https:\\\/\\\/www.organisator.ch\\\/human-resources\\\/hrm\\\/2017-06-09\\\/hrm-ist-schluessel-fuer-die-zukunftsfaehigkeit-und-gehoert-in-die-geschaeftsleitung\\\/\",\"name\":\"HRM ist Schl\u00fcssel f\u00fcr die Zukunftsf\u00e4higkeit - und geh\u00f6rt in die Gesch\u00e4ftsleitung - Organisator\",\"isPartOf\":{\"@id\":\"https:\\\/\\\/www.organisator.ch\\\/#website\"},\"primaryImageOfPage\":{\"@id\":\"https:\\\/\\\/www.organisator.ch\\\/human-resources\\\/hrm\\\/2017-06-09\\\/hrm-ist-schluessel-fuer-die-zukunftsfaehigkeit-und-gehoert-in-die-geschaeftsleitung\\\/#primaryimage\"},\"image\":{\"@id\":\"https:\\\/\\\/www.organisator.ch\\\/human-resources\\\/hrm\\\/2017-06-09\\\/hrm-ist-schluessel-fuer-die-zukunftsfaehigkeit-und-gehoert-in-die-geschaeftsleitung\\\/#primaryimage\"},\"thumbnailUrl\":\"https:\\\/\\\/www.organisator.ch\\\/wp-content\\\/uploads\\\/2017\\\/06\\\/HRM-ist-Schluessel-fuer-die-Zukunftsfaehigkeit-und-gehoert-in-die-Geschaeftsleitung-1_Organisator.jpg\",\"datePublished\":\"2017-06-09T07:04:37+00:00\",\"description\":\"Knapp 300 Teilnehmer informierten sich am 13. Ostschweizer Personaltag \u00fcber neue Trends im HRM und die Zukunftsf\u00e4higkeit von Unternehmen.\",\"breadcrumb\":{\"@id\":\"https:\\\/\\\/www.organisator.ch\\\/human-resources\\\/hrm\\\/2017-06-09\\\/hrm-ist-schluessel-fuer-die-zukunftsfaehigkeit-und-gehoert-in-die-geschaeftsleitung\\\/#breadcrumb\"},\"inLanguage\":\"fr-FR\",\"potentialAction\":[{\"@type\":\"ReadAction\",\"target\":[\"https:\\\/\\\/www.organisator.ch\\\/human-resources\\\/hrm\\\/2017-06-09\\\/hrm-ist-schluessel-fuer-die-zukunftsfaehigkeit-und-gehoert-in-die-geschaeftsleitung\\\/\"]}]},{\"@type\":\"ImageObject\",\"inLanguage\":\"fr-FR\",\"@id\":\"https:\\\/\\\/www.organisator.ch\\\/human-resources\\\/hrm\\\/2017-06-09\\\/hrm-ist-schluessel-fuer-die-zukunftsfaehigkeit-und-gehoert-in-die-geschaeftsleitung\\\/#primaryimage\",\"url\":\"https:\\\/\\\/www.organisator.ch\\\/wp-content\\\/uploads\\\/2017\\\/06\\\/HRM-ist-Schluessel-fuer-die-Zukunftsfaehigkeit-und-gehoert-in-die-Geschaeftsleitung-1_Organisator.jpg\",\"contentUrl\":\"https:\\\/\\\/www.organisator.ch\\\/wp-content\\\/uploads\\\/2017\\\/06\\\/HRM-ist-Schluessel-fuer-die-Zukunftsfaehigkeit-und-gehoert-in-die-Geschaeftsleitung-1_Organisator.jpg\",\"width\":640,\"height\":425,\"caption\":\"HRM als Schl\u00fcssel f\u00fcr die Zukunftsf\u00e4higkeit von Unternehmen: Hans C. Werner, Marcel Oertig, Moderator Thomas Wipf und Manuela Broz in der Diskussion am Ostschweizer Personaltag vom 8. Juni 2017. (Foto: Thomas Berner)\"},{\"@type\":\"BreadcrumbList\",\"@id\":\"https:\\\/\\\/www.organisator.ch\\\/human-resources\\\/hrm\\\/2017-06-09\\\/hrm-ist-schluessel-fuer-die-zukunftsfaehigkeit-und-gehoert-in-die-geschaeftsleitung\\\/#breadcrumb\",\"itemListElement\":[{\"@type\":\"ListItem\",\"position\":1,\"name\":\"Home\",\"item\":\"https:\\\/\\\/www.organisator.ch\\\/\"},{\"@type\":\"ListItem\",\"position\":2,\"name\":\"HRM ist Schl\u00fcssel f\u00fcr die Zukunftsf\u00e4higkeit &#8211; und geh\u00f6rt in die Gesch\u00e4ftsleitung\"}]},{\"@type\":\"WebSite\",\"@id\":\"https:\\\/\\\/www.organisator.ch\\\/#website\",\"url\":\"https:\\\/\\\/www.organisator.ch\\\/\",\"name\":\"Organisator\",\"description\":\"Kompetent. Praxisnah. Der ORGANISATOR bereitet in 10 Ausgaben pro Jahr die wesentlichen Themen f\u00fcr F\u00fchrungskr\u00e4fte von KMU auf.\",\"publisher\":{\"@id\":\"https:\\\/\\\/www.organisator.ch\\\/#organization\"},\"potentialAction\":[{\"@type\":\"SearchAction\",\"target\":{\"@type\":\"EntryPoint\",\"urlTemplate\":\"https:\\\/\\\/www.organisator.ch\\\/?s={search_term_string}\"},\"query-input\":{\"@type\":\"PropertyValueSpecification\",\"valueRequired\":true,\"valueName\":\"search_term_string\"}}],\"inLanguage\":\"fr-FR\"},{\"@type\":\"Organization\",\"@id\":\"https:\\\/\\\/www.organisator.ch\\\/#organization\",\"name\":\"Organisator\",\"url\":\"https:\\\/\\\/www.organisator.ch\\\/\",\"logo\":{\"@type\":\"ImageObject\",\"inLanguage\":\"fr-FR\",\"@id\":\"https:\\\/\\\/www.organisator.ch\\\/#\\\/schema\\\/logo\\\/image\\\/\",\"url\":\"https:\\\/\\\/www.organisator.ch\\\/wp-content\\\/uploads\\\/2022\\\/01\\\/Logo_Organisator_Website.png\",\"contentUrl\":\"https:\\\/\\\/www.organisator.ch\\\/wp-content\\\/uploads\\\/2022\\\/01\\\/Logo_Organisator_Website.png\",\"width\":800,\"height\":77,\"caption\":\"Organisator\"},\"image\":{\"@id\":\"https:\\\/\\\/www.organisator.ch\\\/#\\\/schema\\\/logo\\\/image\\\/\"},\"sameAs\":[\"https:\\\/\\\/www.facebook.com\\\/OrganisatorFachmagazin\",\"https:\\\/\\\/www.linkedin.com\\\/showcase\\\/organisator-das-magazin-fr-kmu\",\"https:\\\/\\\/www.xing.com\\\/news\\\/pages\\\/organisator-ch-695\",\"https:\\\/\\\/www.youtube.com\\\/channel\\\/UCGP2Sq0iWaZwT3BdIAQFYpw\"]},{\"@type\":\"Person\",\"@id\":\"https:\\\/\\\/www.organisator.ch\\\/#\\\/schema\\\/person\\\/6f650f90b2842cd4c0cc334b4e36f67e\",\"name\":\"thomas.berner\",\"image\":{\"@type\":\"ImageObject\",\"inLanguage\":\"fr-FR\",\"@id\":\"https:\\\/\\\/secure.gravatar.com\\\/avatar\\\/ac5001d2a36cb6c6cd3e50789007ffca834b477b74a2144564522e944eabff61?s=96&d=mm&r=g\",\"url\":\"https:\\\/\\\/secure.gravatar.com\\\/avatar\\\/ac5001d2a36cb6c6cd3e50789007ffca834b477b74a2144564522e944eabff61?s=96&d=mm&r=g\",\"contentUrl\":\"https:\\\/\\\/secure.gravatar.com\\\/avatar\\\/ac5001d2a36cb6c6cd3e50789007ffca834b477b74a2144564522e944eabff61?s=96&d=mm&r=g\",\"caption\":\"thomas.berner\"},\"url\":\"https:\\\/\\\/www.organisator.ch\\\/fr\\\/author\\\/thomas-berner\\\/\"}]}<\/script>\n<!-- \/ Yoast SEO plugin. -->","yoast_head_json":{"title":"La GRH est la cl\u00e9 de la p\u00e9rennit\u00e9 - et a sa place dans la direction - Organisateur","description":"Pr\u00e8s de 300 participants se sont inform\u00e9s sur les nouvelles tendances en mati\u00e8re de GRH et sur la p\u00e9rennit\u00e9 des entreprises lors de la 13e Journ\u00e9e du personnel de Suisse orientale.","robots":{"index":"index","follow":"follow","max-snippet":"max-snippet:-1","max-image-preview":"max-image-preview:large","max-video-preview":"max-video-preview:-1"},"canonical":"https:\/\/www.organisator.ch\/fr\/ressources-humaines\/hrm\/2017-06-09\/hrm-ist-schluessel-fuer-die-zukunftsfaehigkeit-und-gehoert-in-die-geschaeftsleitung\/","og_locale":"fr_FR","og_type":"article","og_title":"HRM ist Schl\u00fcssel f\u00fcr die Zukunftsf\u00e4higkeit - und geh\u00f6rt in die Gesch\u00e4ftsleitung","og_description":"Knapp 300 \u201ePersonalerinnen und Personaler\u201c informierten sich am 13. Ostschweizer #Personaltag \u00fcber neue Trends im HRM und deren Auswirkungen auf die #Zukunftsf\u00e4higkeit von Unternehmen.","og_url":"https:\/\/www.organisator.ch\/fr\/ressources-humaines\/hrm\/2017-06-09\/hrm-ist-schluessel-fuer-die-zukunftsfaehigkeit-und-gehoert-in-die-geschaeftsleitung\/","og_site_name":"Organisator","article_publisher":"https:\/\/www.facebook.com\/OrganisatorFachmagazin","article_published_time":"2017-06-09T07:04:37+00:00","og_image":[{"width":640,"height":425,"url":"https:\/\/www.organisator.ch\/wp-content\/uploads\/2017\/06\/HRM-ist-Schluessel-fuer-die-Zukunftsfaehigkeit-und-gehoert-in-die-Geschaeftsleitung-1_Organisator.jpg","type":"image\/jpeg"}],"author":"thomas.berner","twitter_card":"summary_large_image","twitter_title":"#HRM ist Schl\u00fcssel f\u00fcr die #Zukunftsf\u00e4higkeit - und geh\u00f6rt in die #Gesch\u00e4ftsleitung","twitter_description":"Knapp 300 \u201ePersonalerinnen und Personaler\u201c informierten sich am 13. Ostschweizer #Personaltag \u00fcber neue Trends im HRM und deren Auswirkungen auf die #Zukunftsf\u00e4higkeit von Unternehmen.","twitter_image":"https:\/\/www.organisator.ch\/wp-content\/uploads\/2017\/06\/HRM-ist-Schl\u00fcssel-f\u00fcr-die-Zukunftsf\u00e4higkeit-und-geh\u00f6rt-in-die-Gesch\u00e4ftsleitung-1_Organisator.jpg","schema":{"@context":"https:\/\/schema.org","@graph":[{"@type":"Article","@id":"https:\/\/www.organisator.ch\/human-resources\/hrm\/2017-06-09\/hrm-ist-schluessel-fuer-die-zukunftsfaehigkeit-und-gehoert-in-die-geschaeftsleitung\/#article","isPartOf":{"@id":"https:\/\/www.organisator.ch\/human-resources\/hrm\/2017-06-09\/hrm-ist-schluessel-fuer-die-zukunftsfaehigkeit-und-gehoert-in-die-geschaeftsleitung\/"},"author":{"name":"thomas.berner","@id":"https:\/\/www.organisator.ch\/#\/schema\/person\/6f650f90b2842cd4c0cc334b4e36f67e"},"headline":"HRM ist Schl\u00fcssel f\u00fcr die Zukunftsf\u00e4higkeit &#8211; und geh\u00f6rt in die Gesch\u00e4ftsleitung","datePublished":"2017-06-09T07:04:37+00:00","mainEntityOfPage":{"@id":"https:\/\/www.organisator.ch\/human-resources\/hrm\/2017-06-09\/hrm-ist-schluessel-fuer-die-zukunftsfaehigkeit-und-gehoert-in-die-geschaeftsleitung\/"},"wordCount":708,"commentCount":0,"publisher":{"@id":"https:\/\/www.organisator.ch\/#organization"},"image":{"@id":"https:\/\/www.organisator.ch\/human-resources\/hrm\/2017-06-09\/hrm-ist-schluessel-fuer-die-zukunftsfaehigkeit-und-gehoert-in-die-geschaeftsleitung\/#primaryimage"},"thumbnailUrl":"https:\/\/www.organisator.ch\/wp-content\/uploads\/2017\/06\/HRM-ist-Schluessel-fuer-die-Zukunftsfaehigkeit-und-gehoert-in-die-Geschaeftsleitung-1_Organisator.jpg","keywords":["Arbeitsplatzgestaltung","Digitalisierung","HRM","Veranstaltungen"],"articleSection":["HRM"],"inLanguage":"fr-FR"},{"@type":"WebPage","@id":"https:\/\/www.organisator.ch\/human-resources\/hrm\/2017-06-09\/hrm-ist-schluessel-fuer-die-zukunftsfaehigkeit-und-gehoert-in-die-geschaeftsleitung\/","url":"https:\/\/www.organisator.ch\/human-resources\/hrm\/2017-06-09\/hrm-ist-schluessel-fuer-die-zukunftsfaehigkeit-und-gehoert-in-die-geschaeftsleitung\/","name":"La GRH est la cl\u00e9 de la p\u00e9rennit\u00e9 - et a sa place dans la direction - Organisateur","isPartOf":{"@id":"https:\/\/www.organisator.ch\/#website"},"primaryImageOfPage":{"@id":"https:\/\/www.organisator.ch\/human-resources\/hrm\/2017-06-09\/hrm-ist-schluessel-fuer-die-zukunftsfaehigkeit-und-gehoert-in-die-geschaeftsleitung\/#primaryimage"},"image":{"@id":"https:\/\/www.organisator.ch\/human-resources\/hrm\/2017-06-09\/hrm-ist-schluessel-fuer-die-zukunftsfaehigkeit-und-gehoert-in-die-geschaeftsleitung\/#primaryimage"},"thumbnailUrl":"https:\/\/www.organisator.ch\/wp-content\/uploads\/2017\/06\/HRM-ist-Schluessel-fuer-die-Zukunftsfaehigkeit-und-gehoert-in-die-Geschaeftsleitung-1_Organisator.jpg","datePublished":"2017-06-09T07:04:37+00:00","description":"Pr\u00e8s de 300 participants se sont inform\u00e9s sur les nouvelles tendances en mati\u00e8re de GRH et sur la p\u00e9rennit\u00e9 des entreprises lors de la 13e Journ\u00e9e du personnel de Suisse orientale.","breadcrumb":{"@id":"https:\/\/www.organisator.ch\/human-resources\/hrm\/2017-06-09\/hrm-ist-schluessel-fuer-die-zukunftsfaehigkeit-und-gehoert-in-die-geschaeftsleitung\/#breadcrumb"},"inLanguage":"fr-FR","potentialAction":[{"@type":"ReadAction","target":["https:\/\/www.organisator.ch\/human-resources\/hrm\/2017-06-09\/hrm-ist-schluessel-fuer-die-zukunftsfaehigkeit-und-gehoert-in-die-geschaeftsleitung\/"]}]},{"@type":"ImageObject","inLanguage":"fr-FR","@id":"https:\/\/www.organisator.ch\/human-resources\/hrm\/2017-06-09\/hrm-ist-schluessel-fuer-die-zukunftsfaehigkeit-und-gehoert-in-die-geschaeftsleitung\/#primaryimage","url":"https:\/\/www.organisator.ch\/wp-content\/uploads\/2017\/06\/HRM-ist-Schluessel-fuer-die-Zukunftsfaehigkeit-und-gehoert-in-die-Geschaeftsleitung-1_Organisator.jpg","contentUrl":"https:\/\/www.organisator.ch\/wp-content\/uploads\/2017\/06\/HRM-ist-Schluessel-fuer-die-Zukunftsfaehigkeit-und-gehoert-in-die-Geschaeftsleitung-1_Organisator.jpg","width":640,"height":425,"caption":"HRM als Schl\u00fcssel f\u00fcr die Zukunftsf\u00e4higkeit von Unternehmen: Hans C. Werner, Marcel Oertig, Moderator Thomas Wipf und Manuela Broz in der Diskussion am Ostschweizer Personaltag vom 8. Juni 2017. (Foto: Thomas Berner)"},{"@type":"BreadcrumbList","@id":"https:\/\/www.organisator.ch\/human-resources\/hrm\/2017-06-09\/hrm-ist-schluessel-fuer-die-zukunftsfaehigkeit-und-gehoert-in-die-geschaeftsleitung\/#breadcrumb","itemListElement":[{"@type":"ListItem","position":1,"name":"Home","item":"https:\/\/www.organisator.ch\/"},{"@type":"ListItem","position":2,"name":"HRM ist Schl\u00fcssel f\u00fcr die Zukunftsf\u00e4higkeit &#8211; und geh\u00f6rt in die Gesch\u00e4ftsleitung"}]},{"@type":"WebSite","@id":"https:\/\/www.organisator.ch\/#website","url":"https:\/\/www.organisator.ch\/","name":"Organisateur","description":"Comp\u00e9tence et comp\u00e9tence. Proches de la pratique. L'ORGANISATEUR pr\u00e9pare 10 num\u00e9ros par an sur les th\u00e8mes essentiels pour les dirigeants de PME.","publisher":{"@id":"https:\/\/www.organisator.ch\/#organization"},"potentialAction":[{"@type":"SearchAction","target":{"@type":"EntryPoint","urlTemplate":"https:\/\/www.organisator.ch\/?s={search_term_string}"},"query-input":{"@type":"PropertyValueSpecification","valueRequired":true,"valueName":"search_term_string"}}],"inLanguage":"fr-FR"},{"@type":"Organization","@id":"https:\/\/www.organisator.ch\/#organization","name":"Organisateur","url":"https:\/\/www.organisator.ch\/","logo":{"@type":"ImageObject","inLanguage":"fr-FR","@id":"https:\/\/www.organisator.ch\/#\/schema\/logo\/image\/","url":"https:\/\/www.organisator.ch\/wp-content\/uploads\/2022\/01\/Logo_Organisator_Website.png","contentUrl":"https:\/\/www.organisator.ch\/wp-content\/uploads\/2022\/01\/Logo_Organisator_Website.png","width":800,"height":77,"caption":"Organisator"},"image":{"@id":"https:\/\/www.organisator.ch\/#\/schema\/logo\/image\/"},"sameAs":["https:\/\/www.facebook.com\/OrganisatorFachmagazin","https:\/\/www.linkedin.com\/showcase\/organisator-das-magazin-fr-kmu","https:\/\/www.xing.com\/news\/pages\/organisator-ch-695","https:\/\/www.youtube.com\/channel\/UCGP2Sq0iWaZwT3BdIAQFYpw"]},{"@type":"Person","@id":"https:\/\/www.organisator.ch\/#\/schema\/person\/6f650f90b2842cd4c0cc334b4e36f67e","name":"thomas.berner","image":{"@type":"ImageObject","inLanguage":"fr-FR","@id":"https:\/\/secure.gravatar.com\/avatar\/ac5001d2a36cb6c6cd3e50789007ffca834b477b74a2144564522e944eabff61?s=96&d=mm&r=g","url":"https:\/\/secure.gravatar.com\/avatar\/ac5001d2a36cb6c6cd3e50789007ffca834b477b74a2144564522e944eabff61?s=96&d=mm&r=g","contentUrl":"https:\/\/secure.gravatar.com\/avatar\/ac5001d2a36cb6c6cd3e50789007ffca834b477b74a2144564522e944eabff61?s=96&d=mm&r=g","caption":"thomas.berner"},"url":"https:\/\/www.organisator.ch\/fr\/author\/thomas-berner\/"}]}},"_links":{"self":[{"href":"https:\/\/www.organisator.ch\/fr\/wp-json\/wp\/v2\/posts\/2036","targetHints":{"allow":["GET"]}}],"collection":[{"href":"https:\/\/www.organisator.ch\/fr\/wp-json\/wp\/v2\/posts"}],"about":[{"href":"https:\/\/www.organisator.ch\/fr\/wp-json\/wp\/v2\/types\/post"}],"author":[{"embeddable":true,"href":"https:\/\/www.organisator.ch\/fr\/wp-json\/wp\/v2\/users\/4"}],"replies":[{"embeddable":true,"href":"https:\/\/www.organisator.ch\/fr\/wp-json\/wp\/v2\/comments?post=2036"}],"version-history":[{"count":0,"href":"https:\/\/www.organisator.ch\/fr\/wp-json\/wp\/v2\/posts\/2036\/revisions"}],"wp:featuredmedia":[{"embeddable":true,"href":"https:\/\/www.organisator.ch\/fr\/wp-json\/wp\/v2\/media\/2038"}],"wp:attachment":[{"href":"https:\/\/www.organisator.ch\/fr\/wp-json\/wp\/v2\/media?parent=2036"}],"wp:term":[{"taxonomy":"category","embeddable":true,"href":"https:\/\/www.organisator.ch\/fr\/wp-json\/wp\/v2\/categories?post=2036"},{"taxonomy":"post_tag","embeddable":true,"href":"https:\/\/www.organisator.ch\/fr\/wp-json\/wp\/v2\/tags?post=2036"}],"curies":[{"name":"wp","href":"https:\/\/api.w.org\/{rel}","templated":true}]}}