{"id":2040,"date":"2019-02-28T16:01:05","date_gmt":"2019-02-28T15:01:05","guid":{"rendered":"https:\/\/www.umweltperspektiven.ch\/?p=2040"},"modified":"2022-02-09T11:10:53","modified_gmt":"2022-02-09T10:10:53","slug":"welt-wildtier-tag-am-3-maerz-2019-im-zeichen-der-meerestiere","status":"publish","type":"post","link":"https:\/\/www.organisator.ch\/fr\/sustainability\/2019-02-28\/welt-wildtier-tag-am-3-maerz-2019-im-zeichen-der-meerestiere\/","title":{"rendered":"Journ\u00e9e mondiale de la faune, le 3 mars 2019, sous le signe des animaux marins"},"content":{"rendered":"<figure id=\"attachment_2041\" aria-describedby=\"caption-attachment-2041\" style=\"width: 640px\" class=\"wp-caption alignnone\"><img loading=\"lazy\" decoding=\"async\" class=\"size-full wp-image-2041\" src=\"\/\/www.umweltperspektiven.ch\/wp-content\/uploads\/2019\/02\/Welt-Wildtier-Tag-am-3.-M\u00e4rz-2019-im-Zeichen-der-Meerestiere-UP_Umwelt-Perspektiven.jpg\" alt=\"\" width=\"640\" height=\"480\" \/><figcaption id=\"caption-attachment-2041\" class=\"wp-caption-text\">\u00c0 quelques pas seulement des stations baln\u00e9aires prot\u00e9g\u00e9es, les d\u00e9chets plastiques se trouvent partout o\u00f9 l'on regarde. Une situation mena\u00e7ante pour les animaux et les hommes. (Image symbolique : Unsplash)<\/figcaption><\/figure>\n<p><span style=\"font-size: 10.5pt; font-family: 'Arial','sans-serif';\">Lors de la Journ\u00e9e mondiale de la faune, le 3 mars, il ne s'agira pas simplement de d\u00e9noncer la surexploitation des ressources naturelles.<\/span><span style=\"font-size: 10.5pt; font-family: 'Arial','sans-serif';\"> mers par la p\u00eache industrielle, mais aussi par la p\u00eache ill\u00e9gale, non, un nouveau programme environnemental \u00e0 consid\u00e9rer \u00e0 l'\u00e9chelle mondiale est sur le point d'\u00eatre mis en place. <\/span><b><\/b><\/p>\n<p><span style=\"font-size: 10.5pt; font-family: 'Arial','sans-serif';\">Les d\u00e9chets plastiques dans les oc\u00e9ans constituent \u00e9galement un th\u00e8me tr\u00e8s urgent de l'agenda environnemental. Le probl\u00e8me de l'encombrement des mers par le plastique, les microplastiques et les \u00e9l\u00e9ments de p\u00eache perdus est l'un des plus grands probl\u00e8mes environnementaux. <\/span><\/p>\n<p><span style=\"font-size: 10.5pt; font-family: 'Arial','sans-serif';\">Les d\u00e9chets plastiques dans la mer menacent les animaux marins et les hommes dans la m\u00eame mesure et ce, \u00e0 plusieurs reprises. <\/span><span style=\"font-size: 10.5pt; font-family: 'Arial','sans-serif';\">Fabienne McLellan, responsable de la coop\u00e9ration internationale \u00e0 l'organisation de protection des oc\u00e9ans OceanCare, commente l'importance du d\u00e9fi : \"La d\u00e9charge marine s'agrandit chaque jour, chaque heure, chaque minute et la situation de l'habitat marin se d\u00e9t\u00e9riore en cons\u00e9quence\".<\/span><\/p>\n<p><span style=\"font-size: 10.5pt; font-family: 'Arial','sans-serif';\">Les animaux marins confondent le plastique avec de la nourriture ou se prennent dans les d\u00e9chets plastiques, ce qui est g\u00e9n\u00e9ralement fatal. Les chiffres sont graves : des centaines de milliers de dauphins, de baleines, de phoques, de tortues et m\u00eame d'ours polaires sont victimes des d\u00e9chets plastiques ; le nombre d'oiseaux marins morts se chiffre en millions. \u00c9tant donn\u00e9 que des substances toxiques sont s\u00e9cr\u00e9t\u00e9es dans et sur les microplastiques, les poissons, les coquillages et autres animaux sont contamin\u00e9s par des substances nocives. Cette nourriture empoisonn\u00e9e provenant de la mer menace \u00e9galement la sant\u00e9 humaine au bout de la cha\u00eene alimentaire. <\/span><\/p>\n<p><strong><span style=\"font-size: 10.5pt; font-family: 'Arial','sans-serif';\">Les moyens de subsistance de tous menac\u00e9s\u00a0<\/span><\/strong><\/p>\n<p><span style=\"font-size: 10.5pt; font-family: 'Arial','sans-serif';\">Mais les d\u00e9chets de civilisation menacent \u00e9galement les moyens de subsistance des populations c\u00f4ti\u00e8res et des habitants des petits \u00c9tats insulaires, car les d\u00e9chets \u00e9loignent les touristes et entravent la p\u00eache. \"Br\u00fbler, dissimuler, enterrer ne sont pas des solutions. La question est de savoir si nous parviendrons assez rapidement \u00e0 nous d\u00e9tourner des produits \u00e0 usage unique dans nos habitudes de consommation et dans l'\u00e9conomie r\u00e9elle. La politique doit acc\u00e9l\u00e9rer la mise en place des conditions-cadres pour une \u00e9conomie circulaire progressive\", demande McLellan. A Nairobi, on discutera \u00e9galement d'un nouvel accord international contraignant sur le plastique, pour lequel OceanCare s'\u00e9tait d\u00e9j\u00e0 engag\u00e9e en amont.<\/span><\/p>\n<p><b><span style=\"font-size: 10.5pt; font-family: 'Arial','sans-serif';\">La surp\u00eache entra\u00eene le braconnage dans les oc\u00e9ans<\/span><\/b><\/p>\n<p><span style=\"font-size: 10.5pt; font-family: 'Arial','sans-serif';\">OceanCare s'inqui\u00e8te \u00e9galement d'une tendance observ\u00e9e ces derni\u00e8res ann\u00e9es et d\u00e9sign\u00e9e comme une cons\u00e9quence directe de la surexploitation des mers : le braconnage. Depuis que les mers sont pill\u00e9es \u00e0 grande \u00e9chelle par la p\u00eache industrielle, mais aussi par la p\u00eache ill\u00e9gale, les filets des p\u00eacheurs locaux restent de plus en plus souvent vides. Dans leur d\u00e9tresse, ils deviennent eux-m\u00eames des d\u00e9linquants et se mettent \u00e0 braconner les tortues, les dauphins et les lamantins menac\u00e9s. Le braconnage des animaux marins est appel\u00e9 \"Aquatic Wild Meat\". Le nombre d'animaux marins tu\u00e9s ill\u00e9galement a augment\u00e9 rapidement dans le monde entier. L'Aquatic Wild Meat est particuli\u00e8rement r\u00e9pandu en Afrique de l'Ouest. OceanCare se penche sur les causes principales et th\u00e9matise ce probl\u00e8me encore peu connu lors de l'UNEA4. <\/span><\/p>\n<p><span style=\"font-size: 10.5pt; font-family: 'Arial','sans-serif';\"><em>OceanCare participera avec trois experts \u00e0 la conf\u00e9rence UNEA4 \u00e0 Nairobi et tiendra un blog en ligne sur ses exp\u00e9riences et - esp\u00e9rons-le ! - Les r\u00e9sultats seront communiqu\u00e9s : <\/em><a href=\"\/\/www.oceancare.org\/blog\"><em>www.oceancare.org\/blog<\/em><\/a><\/span><\/p>","protected":false},"excerpt":{"rendered":"<p>Am Welt-Wildtier-Tag am 3. M\u00e4rz soll es nicht einfach darum gehen, die \u00dcberfischung der Meere durch die industrielle, aber auch die illegale Fischerei in die Schranken zu weisen, nein, ein neues, global zu betrachtendes Umweltprogramm wird demn\u00e4chst aufgestellt. Ein sehr dringendes Thema auf der Umweltagenda ist auch der Plastikm\u00fcll in den Weltmeeren. Das Problem der [&hellip;]<\/p>\n","protected":false},"author":5,"featured_media":2041,"comment_status":"open","ping_status":"open","sticky":false,"template":"","format":"standard","meta":{"_acf_changed":false,"_yoast_wpseo_focuskw":"Welt-Wildtier-Tag","_yoast_wpseo_metadesc":"Die Vereinten Nationen haben den 3. M\u00e4rz als Welt-Wildtier-Tag erkl\u00e4rt. Dieses Jahr steht dieser Tag im Zeichen der Meerestiere.","articlekey":"","footnotes":""},"categories":[580],"tags":[1681,1923,2374,2541],"class_list":["post-2040","post","type-post","status-publish","format-standard","has-post-thumbnail","hentry","category-sustainability","tag-meerestiere","tag-plastikmuell","tag-umweltprogramm","tag-welt-wildtier-tag"],"acf":[],"yoast_head":"<!-- This site is optimized with the Yoast SEO plugin v27.5 - https:\/\/yoast.com\/product\/yoast-seo-wordpress\/ -->\n<title>Welt-Wildtier-Tag am 3. M\u00e4rz 2019 im Zeichen der Meerestiere - Organisator<\/title>\n<meta name=\"description\" content=\"Die Vereinten Nationen haben den 3. M\u00e4rz als Welt-Wildtier-Tag erkl\u00e4rt. Dieses Jahr steht dieser Tag im Zeichen der Meerestiere.\" \/>\n<meta name=\"robots\" content=\"index, follow, max-snippet:-1, max-image-preview:large, max-video-preview:-1\" \/>\n<link rel=\"canonical\" href=\"https:\/\/www.organisator.ch\/fr\/sustainability\/2019-02-28\/welt-wildtier-tag-am-3-maerz-2019-im-zeichen-der-meerestiere\/\" \/>\n<meta property=\"og:locale\" content=\"fr_FR\" \/>\n<meta property=\"og:type\" content=\"article\" \/>\n<meta property=\"og:title\" content=\"Welt-Wildtier-Tag am 3. M\u00e4rz 2019 im Zeichen der Meerestiere - Organisator\" \/>\n<meta property=\"og:description\" content=\"Die Vereinten Nationen haben den 3. M\u00e4rz als Welt-Wildtier-Tag erkl\u00e4rt. Dieses Jahr steht dieser Tag im Zeichen der Meerestiere.\" \/>\n<meta property=\"og:url\" content=\"https:\/\/www.organisator.ch\/fr\/sustainability\/2019-02-28\/welt-wildtier-tag-am-3-maerz-2019-im-zeichen-der-meerestiere\/\" \/>\n<meta property=\"og:site_name\" content=\"Organisator\" \/>\n<meta property=\"article:publisher\" content=\"https:\/\/www.facebook.com\/OrganisatorFachmagazin\" \/>\n<meta property=\"article:published_time\" content=\"2019-02-28T15:01:05+00:00\" \/>\n<meta property=\"article:modified_time\" content=\"2022-02-09T10:10:53+00:00\" \/>\n<meta property=\"og:image\" content=\"https:\/\/www.organisator.ch\/wp-content\/uploads\/2019\/02\/Welt-Wildtier-Tag-am-3.-Maerz-2019-im-Zeichen-der-Meerestiere-UP_Umwelt-Perspektiven.jpg\" \/>\n\t<meta property=\"og:image:width\" content=\"640\" \/>\n\t<meta property=\"og:image:height\" content=\"480\" \/>\n\t<meta property=\"og:image:type\" content=\"image\/jpeg\" \/>\n<meta name=\"author\" content=\"michael.merz\" \/>\n<meta name=\"twitter:card\" content=\"summary_large_image\" \/>\n<script type=\"application\/ld+json\" class=\"yoast-schema-graph\">{\"@context\":\"https:\\\/\\\/schema.org\",\"@graph\":[{\"@type\":\"Article\",\"@id\":\"https:\\\/\\\/www.organisator.ch\\\/sustainability\\\/2019-02-28\\\/welt-wildtier-tag-am-3-maerz-2019-im-zeichen-der-meerestiere\\\/#article\",\"isPartOf\":{\"@id\":\"https:\\\/\\\/www.organisator.ch\\\/sustainability\\\/2019-02-28\\\/welt-wildtier-tag-am-3-maerz-2019-im-zeichen-der-meerestiere\\\/\"},\"author\":{\"name\":\"michael.merz\",\"@id\":\"https:\\\/\\\/www.organisator.ch\\\/#\\\/schema\\\/person\\\/134708ca9321c57b0362cceb7948ffbd\"},\"headline\":\"Welt-Wildtier-Tag am 3. M\u00e4rz 2019 im Zeichen der Meerestiere\",\"datePublished\":\"2019-02-28T15:01:05+00:00\",\"dateModified\":\"2022-02-09T10:10:53+00:00\",\"mainEntityOfPage\":{\"@id\":\"https:\\\/\\\/www.organisator.ch\\\/sustainability\\\/2019-02-28\\\/welt-wildtier-tag-am-3-maerz-2019-im-zeichen-der-meerestiere\\\/\"},\"wordCount\":495,\"commentCount\":0,\"publisher\":{\"@id\":\"https:\\\/\\\/www.organisator.ch\\\/#organization\"},\"image\":{\"@id\":\"https:\\\/\\\/www.organisator.ch\\\/sustainability\\\/2019-02-28\\\/welt-wildtier-tag-am-3-maerz-2019-im-zeichen-der-meerestiere\\\/#primaryimage\"},\"thumbnailUrl\":\"https:\\\/\\\/www.organisator.ch\\\/wp-content\\\/uploads\\\/2019\\\/02\\\/Welt-Wildtier-Tag-am-3.-Maerz-2019-im-Zeichen-der-Meerestiere-UP_Umwelt-Perspektiven.jpg\",\"keywords\":[\"Meerestiere\",\"Plastikm\u00fcll\",\"Umweltprogramm\",\"Welt-Wildtier-Tag\"],\"articleSection\":[\"SUSTAINABILITY\"],\"inLanguage\":\"fr-FR\"},{\"@type\":\"WebPage\",\"@id\":\"https:\\\/\\\/www.organisator.ch\\\/sustainability\\\/2019-02-28\\\/welt-wildtier-tag-am-3-maerz-2019-im-zeichen-der-meerestiere\\\/\",\"url\":\"https:\\\/\\\/www.organisator.ch\\\/sustainability\\\/2019-02-28\\\/welt-wildtier-tag-am-3-maerz-2019-im-zeichen-der-meerestiere\\\/\",\"name\":\"Welt-Wildtier-Tag am 3. M\u00e4rz 2019 im Zeichen der Meerestiere - Organisator\",\"isPartOf\":{\"@id\":\"https:\\\/\\\/www.organisator.ch\\\/#website\"},\"primaryImageOfPage\":{\"@id\":\"https:\\\/\\\/www.organisator.ch\\\/sustainability\\\/2019-02-28\\\/welt-wildtier-tag-am-3-maerz-2019-im-zeichen-der-meerestiere\\\/#primaryimage\"},\"image\":{\"@id\":\"https:\\\/\\\/www.organisator.ch\\\/sustainability\\\/2019-02-28\\\/welt-wildtier-tag-am-3-maerz-2019-im-zeichen-der-meerestiere\\\/#primaryimage\"},\"thumbnailUrl\":\"https:\\\/\\\/www.organisator.ch\\\/wp-content\\\/uploads\\\/2019\\\/02\\\/Welt-Wildtier-Tag-am-3.-Maerz-2019-im-Zeichen-der-Meerestiere-UP_Umwelt-Perspektiven.jpg\",\"datePublished\":\"2019-02-28T15:01:05+00:00\",\"dateModified\":\"2022-02-09T10:10:53+00:00\",\"description\":\"Die Vereinten Nationen haben den 3. M\u00e4rz als Welt-Wildtier-Tag erkl\u00e4rt. Dieses Jahr steht dieser Tag im Zeichen der Meerestiere.\",\"breadcrumb\":{\"@id\":\"https:\\\/\\\/www.organisator.ch\\\/sustainability\\\/2019-02-28\\\/welt-wildtier-tag-am-3-maerz-2019-im-zeichen-der-meerestiere\\\/#breadcrumb\"},\"inLanguage\":\"fr-FR\",\"potentialAction\":[{\"@type\":\"ReadAction\",\"target\":[\"https:\\\/\\\/www.organisator.ch\\\/sustainability\\\/2019-02-28\\\/welt-wildtier-tag-am-3-maerz-2019-im-zeichen-der-meerestiere\\\/\"]}]},{\"@type\":\"ImageObject\",\"inLanguage\":\"fr-FR\",\"@id\":\"https:\\\/\\\/www.organisator.ch\\\/sustainability\\\/2019-02-28\\\/welt-wildtier-tag-am-3-maerz-2019-im-zeichen-der-meerestiere\\\/#primaryimage\",\"url\":\"https:\\\/\\\/www.organisator.ch\\\/wp-content\\\/uploads\\\/2019\\\/02\\\/Welt-Wildtier-Tag-am-3.-Maerz-2019-im-Zeichen-der-Meerestiere-UP_Umwelt-Perspektiven.jpg\",\"contentUrl\":\"https:\\\/\\\/www.organisator.ch\\\/wp-content\\\/uploads\\\/2019\\\/02\\\/Welt-Wildtier-Tag-am-3.-Maerz-2019-im-Zeichen-der-Meerestiere-UP_Umwelt-Perspektiven.jpg\",\"width\":640,\"height\":480,\"caption\":\"Nur ein paar Schritte von gesch\u00fctzten Meeresressorts entfernt, befindet sich Plastikm\u00fcll, wohin man hinschaut. Eine bedrohliche Lage f\u00fcr Tier und Mensch. (Symbolbild: Unsplash)\"},{\"@type\":\"BreadcrumbList\",\"@id\":\"https:\\\/\\\/www.organisator.ch\\\/sustainability\\\/2019-02-28\\\/welt-wildtier-tag-am-3-maerz-2019-im-zeichen-der-meerestiere\\\/#breadcrumb\",\"itemListElement\":[{\"@type\":\"ListItem\",\"position\":1,\"name\":\"Home\",\"item\":\"https:\\\/\\\/www.organisator.ch\\\/\"},{\"@type\":\"ListItem\",\"position\":2,\"name\":\"Welt-Wildtier-Tag am 3. M\u00e4rz 2019 im Zeichen der Meerestiere\"}]},{\"@type\":\"WebSite\",\"@id\":\"https:\\\/\\\/www.organisator.ch\\\/#website\",\"url\":\"https:\\\/\\\/www.organisator.ch\\\/\",\"name\":\"Organisator\",\"description\":\"Kompetent. Praxisnah. Der ORGANISATOR bereitet in 10 Ausgaben pro Jahr die wesentlichen Themen f\u00fcr F\u00fchrungskr\u00e4fte von KMU auf.\",\"publisher\":{\"@id\":\"https:\\\/\\\/www.organisator.ch\\\/#organization\"},\"potentialAction\":[{\"@type\":\"SearchAction\",\"target\":{\"@type\":\"EntryPoint\",\"urlTemplate\":\"https:\\\/\\\/www.organisator.ch\\\/?s={search_term_string}\"},\"query-input\":{\"@type\":\"PropertyValueSpecification\",\"valueRequired\":true,\"valueName\":\"search_term_string\"}}],\"inLanguage\":\"fr-FR\"},{\"@type\":\"Organization\",\"@id\":\"https:\\\/\\\/www.organisator.ch\\\/#organization\",\"name\":\"Organisator\",\"url\":\"https:\\\/\\\/www.organisator.ch\\\/\",\"logo\":{\"@type\":\"ImageObject\",\"inLanguage\":\"fr-FR\",\"@id\":\"https:\\\/\\\/www.organisator.ch\\\/#\\\/schema\\\/logo\\\/image\\\/\",\"url\":\"https:\\\/\\\/www.organisator.ch\\\/wp-content\\\/uploads\\\/2022\\\/01\\\/Logo_Organisator_Website.png\",\"contentUrl\":\"https:\\\/\\\/www.organisator.ch\\\/wp-content\\\/uploads\\\/2022\\\/01\\\/Logo_Organisator_Website.png\",\"width\":800,\"height\":77,\"caption\":\"Organisator\"},\"image\":{\"@id\":\"https:\\\/\\\/www.organisator.ch\\\/#\\\/schema\\\/logo\\\/image\\\/\"},\"sameAs\":[\"https:\\\/\\\/www.facebook.com\\\/OrganisatorFachmagazin\",\"https:\\\/\\\/www.linkedin.com\\\/showcase\\\/organisator-das-magazin-fr-kmu\",\"https:\\\/\\\/www.xing.com\\\/news\\\/pages\\\/organisator-ch-695\",\"https:\\\/\\\/www.youtube.com\\\/channel\\\/UCGP2Sq0iWaZwT3BdIAQFYpw\"]},{\"@type\":\"Person\",\"@id\":\"https:\\\/\\\/www.organisator.ch\\\/#\\\/schema\\\/person\\\/134708ca9321c57b0362cceb7948ffbd\",\"name\":\"michael.merz\",\"image\":{\"@type\":\"ImageObject\",\"inLanguage\":\"fr-FR\",\"@id\":\"https:\\\/\\\/secure.gravatar.com\\\/avatar\\\/?s=96&d=mm&r=g\",\"url\":\"https:\\\/\\\/secure.gravatar.com\\\/avatar\\\/?s=96&d=mm&r=g\",\"contentUrl\":\"https:\\\/\\\/secure.gravatar.com\\\/avatar\\\/?s=96&d=mm&r=g\",\"caption\":\"michael.merz\"},\"url\":\"https:\\\/\\\/www.organisator.ch\\\/fr\\\/author\\\/michael-merz\\\/\"}]}<\/script>\n<!-- \/ Yoast SEO plugin. -->","yoast_head_json":{"title":"Journ\u00e9e mondiale de la faune le 3 mars 2019 sous le signe des animaux marins - Organisateur","description":"Les Nations unies ont d\u00e9clar\u00e9 le 3 mars \"Journ\u00e9e mondiale de la faune\". Cette ann\u00e9e, cette journ\u00e9e est plac\u00e9e sous le signe des animaux marins.","robots":{"index":"index","follow":"follow","max-snippet":"max-snippet:-1","max-image-preview":"max-image-preview:large","max-video-preview":"max-video-preview:-1"},"canonical":"https:\/\/www.organisator.ch\/fr\/sustainability\/2019-02-28\/welt-wildtier-tag-am-3-maerz-2019-im-zeichen-der-meerestiere\/","og_locale":"fr_FR","og_type":"article","og_title":"Welt-Wildtier-Tag am 3. M\u00e4rz 2019 im Zeichen der Meerestiere - Organisator","og_description":"Die Vereinten Nationen haben den 3. M\u00e4rz als Welt-Wildtier-Tag erkl\u00e4rt. Dieses Jahr steht dieser Tag im Zeichen der Meerestiere.","og_url":"https:\/\/www.organisator.ch\/fr\/sustainability\/2019-02-28\/welt-wildtier-tag-am-3-maerz-2019-im-zeichen-der-meerestiere\/","og_site_name":"Organisator","article_publisher":"https:\/\/www.facebook.com\/OrganisatorFachmagazin","article_published_time":"2019-02-28T15:01:05+00:00","article_modified_time":"2022-02-09T10:10:53+00:00","og_image":[{"width":640,"height":480,"url":"https:\/\/www.organisator.ch\/wp-content\/uploads\/2019\/02\/Welt-Wildtier-Tag-am-3.-Maerz-2019-im-Zeichen-der-Meerestiere-UP_Umwelt-Perspektiven.jpg","type":"image\/jpeg"}],"author":"michael.merz","twitter_card":"summary_large_image","schema":{"@context":"https:\/\/schema.org","@graph":[{"@type":"Article","@id":"https:\/\/www.organisator.ch\/sustainability\/2019-02-28\/welt-wildtier-tag-am-3-maerz-2019-im-zeichen-der-meerestiere\/#article","isPartOf":{"@id":"https:\/\/www.organisator.ch\/sustainability\/2019-02-28\/welt-wildtier-tag-am-3-maerz-2019-im-zeichen-der-meerestiere\/"},"author":{"name":"michael.merz","@id":"https:\/\/www.organisator.ch\/#\/schema\/person\/134708ca9321c57b0362cceb7948ffbd"},"headline":"Welt-Wildtier-Tag am 3. M\u00e4rz 2019 im Zeichen der Meerestiere","datePublished":"2019-02-28T15:01:05+00:00","dateModified":"2022-02-09T10:10:53+00:00","mainEntityOfPage":{"@id":"https:\/\/www.organisator.ch\/sustainability\/2019-02-28\/welt-wildtier-tag-am-3-maerz-2019-im-zeichen-der-meerestiere\/"},"wordCount":495,"commentCount":0,"publisher":{"@id":"https:\/\/www.organisator.ch\/#organization"},"image":{"@id":"https:\/\/www.organisator.ch\/sustainability\/2019-02-28\/welt-wildtier-tag-am-3-maerz-2019-im-zeichen-der-meerestiere\/#primaryimage"},"thumbnailUrl":"https:\/\/www.organisator.ch\/wp-content\/uploads\/2019\/02\/Welt-Wildtier-Tag-am-3.-Maerz-2019-im-Zeichen-der-Meerestiere-UP_Umwelt-Perspektiven.jpg","keywords":["Meerestiere","Plastikm\u00fcll","Umweltprogramm","Welt-Wildtier-Tag"],"articleSection":["SUSTAINABILITY"],"inLanguage":"fr-FR"},{"@type":"WebPage","@id":"https:\/\/www.organisator.ch\/sustainability\/2019-02-28\/welt-wildtier-tag-am-3-maerz-2019-im-zeichen-der-meerestiere\/","url":"https:\/\/www.organisator.ch\/sustainability\/2019-02-28\/welt-wildtier-tag-am-3-maerz-2019-im-zeichen-der-meerestiere\/","name":"Journ\u00e9e mondiale de la faune le 3 mars 2019 sous le signe des animaux marins - Organisateur","isPartOf":{"@id":"https:\/\/www.organisator.ch\/#website"},"primaryImageOfPage":{"@id":"https:\/\/www.organisator.ch\/sustainability\/2019-02-28\/welt-wildtier-tag-am-3-maerz-2019-im-zeichen-der-meerestiere\/#primaryimage"},"image":{"@id":"https:\/\/www.organisator.ch\/sustainability\/2019-02-28\/welt-wildtier-tag-am-3-maerz-2019-im-zeichen-der-meerestiere\/#primaryimage"},"thumbnailUrl":"https:\/\/www.organisator.ch\/wp-content\/uploads\/2019\/02\/Welt-Wildtier-Tag-am-3.-Maerz-2019-im-Zeichen-der-Meerestiere-UP_Umwelt-Perspektiven.jpg","datePublished":"2019-02-28T15:01:05+00:00","dateModified":"2022-02-09T10:10:53+00:00","description":"Les Nations unies ont d\u00e9clar\u00e9 le 3 mars \"Journ\u00e9e mondiale de la faune\". Cette ann\u00e9e, cette journ\u00e9e est plac\u00e9e sous le signe des animaux marins.","breadcrumb":{"@id":"https:\/\/www.organisator.ch\/sustainability\/2019-02-28\/welt-wildtier-tag-am-3-maerz-2019-im-zeichen-der-meerestiere\/#breadcrumb"},"inLanguage":"fr-FR","potentialAction":[{"@type":"ReadAction","target":["https:\/\/www.organisator.ch\/sustainability\/2019-02-28\/welt-wildtier-tag-am-3-maerz-2019-im-zeichen-der-meerestiere\/"]}]},{"@type":"ImageObject","inLanguage":"fr-FR","@id":"https:\/\/www.organisator.ch\/sustainability\/2019-02-28\/welt-wildtier-tag-am-3-maerz-2019-im-zeichen-der-meerestiere\/#primaryimage","url":"https:\/\/www.organisator.ch\/wp-content\/uploads\/2019\/02\/Welt-Wildtier-Tag-am-3.-Maerz-2019-im-Zeichen-der-Meerestiere-UP_Umwelt-Perspektiven.jpg","contentUrl":"https:\/\/www.organisator.ch\/wp-content\/uploads\/2019\/02\/Welt-Wildtier-Tag-am-3.-Maerz-2019-im-Zeichen-der-Meerestiere-UP_Umwelt-Perspektiven.jpg","width":640,"height":480,"caption":"Nur ein paar Schritte von gesch\u00fctzten Meeresressorts entfernt, befindet sich Plastikm\u00fcll, wohin man hinschaut. Eine bedrohliche Lage f\u00fcr Tier und Mensch. (Symbolbild: Unsplash)"},{"@type":"BreadcrumbList","@id":"https:\/\/www.organisator.ch\/sustainability\/2019-02-28\/welt-wildtier-tag-am-3-maerz-2019-im-zeichen-der-meerestiere\/#breadcrumb","itemListElement":[{"@type":"ListItem","position":1,"name":"Home","item":"https:\/\/www.organisator.ch\/"},{"@type":"ListItem","position":2,"name":"Welt-Wildtier-Tag am 3. M\u00e4rz 2019 im Zeichen der Meerestiere"}]},{"@type":"WebSite","@id":"https:\/\/www.organisator.ch\/#website","url":"https:\/\/www.organisator.ch\/","name":"Organisateur","description":"Comp\u00e9tence et comp\u00e9tence. Proches de la pratique. L'ORGANISATEUR pr\u00e9pare 10 num\u00e9ros par an sur les th\u00e8mes essentiels pour les dirigeants de PME.","publisher":{"@id":"https:\/\/www.organisator.ch\/#organization"},"potentialAction":[{"@type":"SearchAction","target":{"@type":"EntryPoint","urlTemplate":"https:\/\/www.organisator.ch\/?s={search_term_string}"},"query-input":{"@type":"PropertyValueSpecification","valueRequired":true,"valueName":"search_term_string"}}],"inLanguage":"fr-FR"},{"@type":"Organization","@id":"https:\/\/www.organisator.ch\/#organization","name":"Organisateur","url":"https:\/\/www.organisator.ch\/","logo":{"@type":"ImageObject","inLanguage":"fr-FR","@id":"https:\/\/www.organisator.ch\/#\/schema\/logo\/image\/","url":"https:\/\/www.organisator.ch\/wp-content\/uploads\/2022\/01\/Logo_Organisator_Website.png","contentUrl":"https:\/\/www.organisator.ch\/wp-content\/uploads\/2022\/01\/Logo_Organisator_Website.png","width":800,"height":77,"caption":"Organisator"},"image":{"@id":"https:\/\/www.organisator.ch\/#\/schema\/logo\/image\/"},"sameAs":["https:\/\/www.facebook.com\/OrganisatorFachmagazin","https:\/\/www.linkedin.com\/showcase\/organisator-das-magazin-fr-kmu","https:\/\/www.xing.com\/news\/pages\/organisator-ch-695","https:\/\/www.youtube.com\/channel\/UCGP2Sq0iWaZwT3BdIAQFYpw"]},{"@type":"Person","@id":"https:\/\/www.organisator.ch\/#\/schema\/person\/134708ca9321c57b0362cceb7948ffbd","name":"michael.merz","image":{"@type":"ImageObject","inLanguage":"fr-FR","@id":"https:\/\/secure.gravatar.com\/avatar\/?s=96&d=mm&r=g","url":"https:\/\/secure.gravatar.com\/avatar\/?s=96&d=mm&r=g","contentUrl":"https:\/\/secure.gravatar.com\/avatar\/?s=96&d=mm&r=g","caption":"michael.merz"},"url":"https:\/\/www.organisator.ch\/fr\/author\/michael-merz\/"}]}},"_links":{"self":[{"href":"https:\/\/www.organisator.ch\/fr\/wp-json\/wp\/v2\/posts\/2040","targetHints":{"allow":["GET"]}}],"collection":[{"href":"https:\/\/www.organisator.ch\/fr\/wp-json\/wp\/v2\/posts"}],"about":[{"href":"https:\/\/www.organisator.ch\/fr\/wp-json\/wp\/v2\/types\/post"}],"author":[{"embeddable":true,"href":"https:\/\/www.organisator.ch\/fr\/wp-json\/wp\/v2\/users\/5"}],"replies":[{"embeddable":true,"href":"https:\/\/www.organisator.ch\/fr\/wp-json\/wp\/v2\/comments?post=2040"}],"version-history":[{"count":1,"href":"https:\/\/www.organisator.ch\/fr\/wp-json\/wp\/v2\/posts\/2040\/revisions"}],"predecessor-version":[{"id":11026,"href":"https:\/\/www.organisator.ch\/fr\/wp-json\/wp\/v2\/posts\/2040\/revisions\/11026"}],"wp:featuredmedia":[{"embeddable":true,"href":"https:\/\/www.organisator.ch\/fr\/wp-json\/wp\/v2\/media\/2041"}],"wp:attachment":[{"href":"https:\/\/www.organisator.ch\/fr\/wp-json\/wp\/v2\/media?parent=2040"}],"wp:term":[{"taxonomy":"category","embeddable":true,"href":"https:\/\/www.organisator.ch\/fr\/wp-json\/wp\/v2\/categories?post=2040"},{"taxonomy":"post_tag","embeddable":true,"href":"https:\/\/www.organisator.ch\/fr\/wp-json\/wp\/v2\/tags?post=2040"}],"curies":[{"name":"wp","href":"https:\/\/api.w.org\/{rel}","templated":true}]}}