{"id":20418,"date":"2023-05-26T08:48:33","date_gmt":"2023-05-26T06:48:33","guid":{"rendered":"https:\/\/www.organisator.ch\/?p=20418"},"modified":"2023-05-26T08:48:33","modified_gmt":"2023-05-26T06:48:33","slug":"gewinner-des-schweizer-ethikpreises-2023","status":"publish","type":"post","link":"https:\/\/www.organisator.ch\/fr\/management\/2023-05-26\/gewinner-des-schweizer-ethikpreises-2023\/","title":{"rendered":"Laur\u00e9at du Prix suisse de l'\u00e9thique 2023"},"content":{"rendered":"<figure id=\"attachment_20450\" aria-describedby=\"caption-attachment-20450\" style=\"width: 680px\" class=\"wp-caption alignnone\"><img loading=\"lazy\" decoding=\"async\" class=\"size-full wp-image-20450\" src=\"https:\/\/www.organisator.ch\/wp-content\/uploads\/2023\/05\/Gewinner-des-Schweizer-Ethikpreises-2023_Organisator.jpg\" alt=\"\" width=\"680\" height=\"453\" srcset=\"https:\/\/www.organisator.ch\/wp-content\/uploads\/2023\/05\/Gewinner-des-Schweizer-Ethikpreises-2023_Organisator.jpg 680w, https:\/\/www.organisator.ch\/wp-content\/uploads\/2023\/05\/Gewinner-des-Schweizer-Ethikpreises-2023_Organisator-18x12.jpg 18w, https:\/\/www.organisator.ch\/wp-content\/uploads\/2023\/05\/Gewinner-des-Schweizer-Ethikpreises-2023_Organisator-375x250.jpg 375w, https:\/\/www.organisator.ch\/wp-content\/uploads\/2023\/05\/Gewinner-des-Schweizer-Ethikpreises-2023_Organisator-525x350.jpg 525w\" sizes=\"auto, (max-width: 680px) 100vw, 680px\" \/><figcaption id=\"caption-attachment-20450\" class=\"wp-caption-text\">Se r\u00e9jouissent d'avoir remport\u00e9 le Prix suisse de l'\u00e9thique : les repr\u00e9sentants de La Petite \u00c9picerie \u00e0 Bavois. (Image : HEIG-VD)<\/figcaption><\/figure>\n<p>La remise du Prix suisse de l'\u00e9thique est organis\u00e9e depuis 2005 par des \u00e9tudiants du d\u00e9partement de gestion de la HEIG-VD, la plus grande institution partenaire de la Haute \u00e9cole sp\u00e9cialis\u00e9e de Suisse occidentale (HESSO) avec plus de 2000 \u00e9tudiants. Depuis sa cr\u00e9ation, 55 organisations de tailles et de domaines d'activit\u00e9s diff\u00e9rents ont \u00e9t\u00e9 r\u00e9compens\u00e9es, 372 projets d'\u00e9thique et de d\u00e9veloppement durable ont \u00e9t\u00e9 soutenus et des milliers de personnes ont \u00e9t\u00e9 sensibilis\u00e9es, au-del\u00e0 des universit\u00e9s, \u00e0 la responsabilit\u00e9 \u00e9thique des individus et des organisations. Le prix s'inscrit dans le positionnement durable de l'enseignement et de la recherche appliqu\u00e9e pour le d\u00e9veloppement de la HEIG-VD.<\/p>\n<h3>Les trois principaux laur\u00e9ats du Prix suisse de l'\u00e9thique 2023<\/h3>\n<p>Cette ann\u00e9e, le jury d'experts, compos\u00e9 de repr\u00e9sentants du secteur priv\u00e9 et d'associations, a d\u00e9cern\u00e9 des prix :<\/p>\n<ul>\n<li><a href=\"https:\/\/www.bepooler.com\/ch\/\"><strong>Bepooler de Lugano<\/strong><\/a><strong>, \"offre num\u00e9rique au service de la transition \u00e9nerg\u00e9tique et du lien social\" :<\/strong> Ce projet aborde une question centrale de notre mode de vie : l'utilisation quotidienne de la voiture par les navetteurs, qui se d\u00e9placent seuls et \u00e9mettent de grandes quantit\u00e9s de CO2. Il a convaincu le jury parce qu'il met la technologie au service de la transition \u00e9nerg\u00e9tique en proposant une application simple et facile d'acc\u00e8s pour les particuliers et les entreprises. En facilitant le covoiturage, Bepooler contribue non seulement \u00e0 r\u00e9duire les \u00e9missions de CO2, mais aussi \u00e0 cr\u00e9er de nouvelles solidarit\u00e9s et du lien social.<\/li>\n<li><strong><a href=\"https:\/\/www.infomaniak.com\/de\">Infomaniak \u00e0 Gen\u00e8ve et Winterthur<\/a>, \"L'\u00e9conomie circulaire \u00e0 grande \u00e9chelle\" :<\/strong> En se positionnant comme \" cloud \u00e9thique \" et comme \" h\u00e9bergeur \u00e9cologique \", Infomaniak d\u00e9montre depuis plusieurs ann\u00e9es qu'il est possible d'allier croissance num\u00e9rique et responsabilit\u00e9. Le nouveau projet d'Infomaniak vise \u00e0 construire un centre de donn\u00e9es aliment\u00e9 \u00e0 100 % par des \u00e9nergies renouvelables, dont la chaleur r\u00e9siduelle sera utilis\u00e9e pour chauffer 6.000 foyers en hiver et pour fournir de l'eau chaude \u00e0 plusieurs dizaines de milliers de foyers en \u00e9t\u00e9. Le caract\u00e8re innovant de ce projet, qui r\u00e9pond aux crit\u00e8res de l'\u00e9conomie circulaire, ainsi que l'importance du sujet - la consommation d'\u00e9nergie et les \u00e9missions croissantes de CO2 des nombreux centres de donn\u00e9es de notre soci\u00e9t\u00e9 num\u00e9rique - ont convaincu le jury.<\/li>\n<li><strong><a href=\"https:\/\/lapetiteepicerie.ch\/\">La Petite \u00c9picerie \u00e0 Bavois<\/a>, \"bref lien entre l'\u00e9cologie et l'\u00e9quit\u00e9\" :<\/strong> Ce projet a convaincu le jury en raison de l'id\u00e9e forte et simple ainsi que de la<br \/>\ndiversit\u00e9 de ses effets positifs. Cette \u00e9picerie locale \"intelligente\" permet des \u00e9changes directs et transparents. Cr\u00e9\u00e9e notamment par des alumni de la HEIG-VD, elle aide \u00e0 recr\u00e9er du lien social dans les villages o\u00f9 les derniers commerces devenus non rentables ont ferm\u00e9. En proposant des produits frais et r\u00e9gionaux \u00e0 proximit\u00e9 du domicile, il favorise les circuits courts et r\u00e9duit les d\u00e9placements en voiture pour les achats, donc les \u00e9missions de CO2. Le site est convivial et simple, et le projet, qui devrait \u00eatre mis en place dans 60 villages francophones d'ici 2025, a d\u00e9montr\u00e9 sa viabilit\u00e9 \u00e9conomique.<\/li>\n<\/ul>\n<h3>Le \"Coup de c\u0153ur\" comme prix sp\u00e9cial des \u00e9tudiants<\/h3>\n<p>Depuis 2021, le \"Coup de c\u0153ur\" des \u00e9tudiants est \u00e9galement d\u00e9cern\u00e9 dans le cadre de la c\u00e9r\u00e9monie. Cette ann\u00e9e, il a \u00e9t\u00e9 d\u00e9cern\u00e9 au <a href=\"https:\/\/www.lebotanik.ch\/\">Caf\u00e9-restaurant Le Botanik<\/a> \u00e0 Yverdon-les-Bains \"un restaurant \u00e9thique qui met la gastronomie du fournisseur \u00e0 l'assiette\". Le caf\u00e9-restaurant propose une cuisine locale et de saison, adapt\u00e9e \u00e0 tous les r\u00e9gimes alimentaires, dans un cadre accueillant et color\u00e9. Le jury, compos\u00e9 d'\u00e9tudiants de la HEIG-VD, a souhait\u00e9 mettre en avant la responsabilit\u00e9 sociale de l'entreprise, qui accorde une attention particuli\u00e8re aux conditions de travail de ses collaborateurs, et les bases du d\u00e9veloppement durable, qui sont rigoureusement respect\u00e9es.<\/p>\n<p><em>Source et informations compl\u00e9mentaires : <a href=\"https:\/\/heig-vd.ch\/\">HEIG-VD<\/a><\/em><\/p>","protected":false},"excerpt":{"rendered":"<p>La Haute \u00e9cole d'ing\u00e9nierie et de gestion du canton de Vaud (HEIG-VD) a d\u00e9voil\u00e9 le 24 mai 2023 les laur\u00e9ats de la 18e \u00e9dition du Prix suisse de l'\u00e9thique. Ce prix r\u00e9compense les entreprises et organisations suisses qui s'engagent dans des projets de responsabilit\u00e9 sociale ou de d\u00e9veloppement durable.<\/p>","protected":false},"author":4,"featured_media":0,"comment_status":"closed","ping_status":"closed","sticky":false,"template":"","format":"standard","meta":{"_acf_changed":false,"_yoast_wpseo_focuskw":"Schweizer Ethikpreises","_yoast_wpseo_metadesc":"Die HEIG-VD hat am 24. Mai 2023 die Gewinnerinnen und Gewinner der 18. Ausgabe des Schweizer Ethikpreises bekannt gegeben.","articlekey":"","footnotes":""},"categories":[28],"tags":[66,183,192,334,492],"class_list":["post-20418","post","type-post","status-publish","format-standard","hentry","category-management","tag-awards","tag-ethik","tag-fachhochschulen","tag-management","tag-unternehmen"],"acf":[],"yoast_head":"<!-- This site is optimized with the Yoast SEO plugin v27.4 - https:\/\/yoast.com\/product\/yoast-seo-wordpress\/ -->\n<title>Gewinner des Schweizer Ethikpreises 2023 - Organisator<\/title>\n<meta name=\"description\" content=\"Die HEIG-VD hat am 24. Mai 2023 die Gewinnerinnen und Gewinner der 18. Ausgabe des Schweizer Ethikpreises bekannt gegeben.\" \/>\n<meta name=\"robots\" content=\"index, follow, max-snippet:-1, max-image-preview:large, max-video-preview:-1\" \/>\n<link rel=\"canonical\" href=\"https:\/\/www.organisator.ch\/fr\/gestion-2\/2023-05-26\/gewinner-des-schweizer-ethikpreises-2023\/\" \/>\n<meta property=\"og:locale\" content=\"fr_FR\" \/>\n<meta property=\"og:type\" content=\"article\" \/>\n<meta property=\"og:title\" content=\"Gewinner des Schweizer Ethikpreises 2023\" \/>\n<meta property=\"og:description\" content=\"Die HEIG-VD hat am 24. Mai 2023 die Gewinnerinnen und Gewinner der 18. Ausgabe des Schweizer Ethikpreises bekannt gegeben.\" \/>\n<meta property=\"og:url\" content=\"https:\/\/www.organisator.ch\/fr\/gestion-2\/2023-05-26\/gewinner-des-schweizer-ethikpreises-2023\/\" \/>\n<meta property=\"og:site_name\" content=\"Organisator\" \/>\n<meta property=\"article:publisher\" content=\"https:\/\/www.facebook.com\/OrganisatorFachmagazin\" \/>\n<meta property=\"article:published_time\" content=\"2023-05-26T06:48:33+00:00\" \/>\n<meta property=\"og:image\" content=\"https:\/\/www.organisator.ch\/wp-content\/uploads\/2023\/05\/Gewinner-des-Schweizer-Ethikpreises-2023_Organisator.jpg\" \/>\n\t<meta property=\"og:image:width\" content=\"680\" \/>\n\t<meta property=\"og:image:height\" content=\"453\" \/>\n\t<meta property=\"og:image:type\" content=\"image\/jpeg\" \/>\n<meta name=\"author\" content=\"thomas.berner\" \/>\n<meta name=\"twitter:card\" content=\"summary_large_image\" \/>\n<meta name=\"twitter:title\" content=\"Gewinner des Schweizer #Ethikpreises 2023\" \/>\n<meta name=\"twitter:description\" content=\"Die #HEIG-VD hat am 24. Mai 2023 die Gewinnerinnen und Gewinner der 18. Ausgabe des Schweizer #Ethikpreises bekannt gegeben.\" \/>\n<meta name=\"twitter:image\" content=\"https:\/\/www.organisator.ch\/wp-content\/uploads\/2023\/05\/Gewinner-des-Schweizer-Ethikpreises-2023_Organisator.jpg\" \/>\n<script type=\"application\/ld+json\" class=\"yoast-schema-graph\">{\"@context\":\"https:\\\/\\\/schema.org\",\"@graph\":[{\"@type\":\"Article\",\"@id\":\"https:\\\/\\\/www.organisator.ch\\\/management\\\/2023-05-26\\\/gewinner-des-schweizer-ethikpreises-2023\\\/#article\",\"isPartOf\":{\"@id\":\"https:\\\/\\\/www.organisator.ch\\\/management\\\/2023-05-26\\\/gewinner-des-schweizer-ethikpreises-2023\\\/\"},\"author\":{\"name\":\"thomas.berner\",\"@id\":\"https:\\\/\\\/www.organisator.ch\\\/#\\\/schema\\\/person\\\/6f650f90b2842cd4c0cc334b4e36f67e\"},\"headline\":\"Gewinner des Schweizer Ethikpreises 2023\",\"datePublished\":\"2023-05-26T06:48:33+00:00\",\"mainEntityOfPage\":{\"@id\":\"https:\\\/\\\/www.organisator.ch\\\/management\\\/2023-05-26\\\/gewinner-des-schweizer-ethikpreises-2023\\\/\"},\"wordCount\":570,\"publisher\":{\"@id\":\"https:\\\/\\\/www.organisator.ch\\\/#organization\"},\"image\":{\"@id\":\"https:\\\/\\\/www.organisator.ch\\\/management\\\/2023-05-26\\\/gewinner-des-schweizer-ethikpreises-2023\\\/#primaryimage\"},\"thumbnailUrl\":\"https:\\\/\\\/www.organisator.ch\\\/wp-content\\\/uploads\\\/2023\\\/05\\\/Gewinner-des-Schweizer-Ethikpreises-2023_Organisator.jpg\",\"keywords\":[\"Awards\",\"Ethik\",\"Fachhochschulen\",\"Management\",\"Unternehmen\"],\"articleSection\":[\"MANAGEMENT\"],\"inLanguage\":\"fr-FR\"},{\"@type\":\"WebPage\",\"@id\":\"https:\\\/\\\/www.organisator.ch\\\/management\\\/2023-05-26\\\/gewinner-des-schweizer-ethikpreises-2023\\\/\",\"url\":\"https:\\\/\\\/www.organisator.ch\\\/management\\\/2023-05-26\\\/gewinner-des-schweizer-ethikpreises-2023\\\/\",\"name\":\"Gewinner des Schweizer Ethikpreises 2023 - Organisator\",\"isPartOf\":{\"@id\":\"https:\\\/\\\/www.organisator.ch\\\/#website\"},\"primaryImageOfPage\":{\"@id\":\"https:\\\/\\\/www.organisator.ch\\\/management\\\/2023-05-26\\\/gewinner-des-schweizer-ethikpreises-2023\\\/#primaryimage\"},\"image\":{\"@id\":\"https:\\\/\\\/www.organisator.ch\\\/management\\\/2023-05-26\\\/gewinner-des-schweizer-ethikpreises-2023\\\/#primaryimage\"},\"thumbnailUrl\":\"https:\\\/\\\/www.organisator.ch\\\/wp-content\\\/uploads\\\/2023\\\/05\\\/Gewinner-des-Schweizer-Ethikpreises-2023_Organisator.jpg\",\"datePublished\":\"2023-05-26T06:48:33+00:00\",\"description\":\"Die HEIG-VD hat am 24. Mai 2023 die Gewinnerinnen und Gewinner der 18. Ausgabe des Schweizer Ethikpreises bekannt gegeben.\",\"breadcrumb\":{\"@id\":\"https:\\\/\\\/www.organisator.ch\\\/management\\\/2023-05-26\\\/gewinner-des-schweizer-ethikpreises-2023\\\/#breadcrumb\"},\"inLanguage\":\"fr-FR\",\"potentialAction\":[{\"@type\":\"ReadAction\",\"target\":[\"https:\\\/\\\/www.organisator.ch\\\/management\\\/2023-05-26\\\/gewinner-des-schweizer-ethikpreises-2023\\\/\"]}]},{\"@type\":\"ImageObject\",\"inLanguage\":\"fr-FR\",\"@id\":\"https:\\\/\\\/www.organisator.ch\\\/management\\\/2023-05-26\\\/gewinner-des-schweizer-ethikpreises-2023\\\/#primaryimage\",\"url\":\"https:\\\/\\\/www.organisator.ch\\\/wp-content\\\/uploads\\\/2023\\\/05\\\/Gewinner-des-Schweizer-Ethikpreises-2023_Organisator.jpg\",\"contentUrl\":\"https:\\\/\\\/www.organisator.ch\\\/wp-content\\\/uploads\\\/2023\\\/05\\\/Gewinner-des-Schweizer-Ethikpreises-2023_Organisator.jpg\"},{\"@type\":\"BreadcrumbList\",\"@id\":\"https:\\\/\\\/www.organisator.ch\\\/management\\\/2023-05-26\\\/gewinner-des-schweizer-ethikpreises-2023\\\/#breadcrumb\",\"itemListElement\":[{\"@type\":\"ListItem\",\"position\":1,\"name\":\"Home\",\"item\":\"https:\\\/\\\/www.organisator.ch\\\/\"},{\"@type\":\"ListItem\",\"position\":2,\"name\":\"Gewinner des Schweizer Ethikpreises 2023\"}]},{\"@type\":\"WebSite\",\"@id\":\"https:\\\/\\\/www.organisator.ch\\\/#website\",\"url\":\"https:\\\/\\\/www.organisator.ch\\\/\",\"name\":\"Organisator\",\"description\":\"Kompetent. Praxisnah. Der ORGANISATOR bereitet in 10 Ausgaben pro Jahr die wesentlichen Themen f\u00fcr F\u00fchrungskr\u00e4fte von KMU auf.\",\"publisher\":{\"@id\":\"https:\\\/\\\/www.organisator.ch\\\/#organization\"},\"potentialAction\":[{\"@type\":\"SearchAction\",\"target\":{\"@type\":\"EntryPoint\",\"urlTemplate\":\"https:\\\/\\\/www.organisator.ch\\\/?s={search_term_string}\"},\"query-input\":{\"@type\":\"PropertyValueSpecification\",\"valueRequired\":true,\"valueName\":\"search_term_string\"}}],\"inLanguage\":\"fr-FR\"},{\"@type\":\"Organization\",\"@id\":\"https:\\\/\\\/www.organisator.ch\\\/#organization\",\"name\":\"Organisator\",\"url\":\"https:\\\/\\\/www.organisator.ch\\\/\",\"logo\":{\"@type\":\"ImageObject\",\"inLanguage\":\"fr-FR\",\"@id\":\"https:\\\/\\\/www.organisator.ch\\\/#\\\/schema\\\/logo\\\/image\\\/\",\"url\":\"https:\\\/\\\/www.organisator.ch\\\/wp-content\\\/uploads\\\/2022\\\/01\\\/Logo_Organisator_Website.png\",\"contentUrl\":\"https:\\\/\\\/www.organisator.ch\\\/wp-content\\\/uploads\\\/2022\\\/01\\\/Logo_Organisator_Website.png\",\"width\":800,\"height\":77,\"caption\":\"Organisator\"},\"image\":{\"@id\":\"https:\\\/\\\/www.organisator.ch\\\/#\\\/schema\\\/logo\\\/image\\\/\"},\"sameAs\":[\"https:\\\/\\\/www.facebook.com\\\/OrganisatorFachmagazin\",\"https:\\\/\\\/www.linkedin.com\\\/showcase\\\/organisator-das-magazin-fr-kmu\",\"https:\\\/\\\/www.xing.com\\\/news\\\/pages\\\/organisator-ch-695\",\"https:\\\/\\\/www.youtube.com\\\/channel\\\/UCGP2Sq0iWaZwT3BdIAQFYpw\"]},{\"@type\":\"Person\",\"@id\":\"https:\\\/\\\/www.organisator.ch\\\/#\\\/schema\\\/person\\\/6f650f90b2842cd4c0cc334b4e36f67e\",\"name\":\"thomas.berner\",\"image\":{\"@type\":\"ImageObject\",\"inLanguage\":\"fr-FR\",\"@id\":\"https:\\\/\\\/secure.gravatar.com\\\/avatar\\\/ac5001d2a36cb6c6cd3e50789007ffca834b477b74a2144564522e944eabff61?s=96&d=mm&r=g\",\"url\":\"https:\\\/\\\/secure.gravatar.com\\\/avatar\\\/ac5001d2a36cb6c6cd3e50789007ffca834b477b74a2144564522e944eabff61?s=96&d=mm&r=g\",\"contentUrl\":\"https:\\\/\\\/secure.gravatar.com\\\/avatar\\\/ac5001d2a36cb6c6cd3e50789007ffca834b477b74a2144564522e944eabff61?s=96&d=mm&r=g\",\"caption\":\"thomas.berner\"},\"url\":\"https:\\\/\\\/www.organisator.ch\\\/fr\\\/author\\\/thomas-berner\\\/\"}]}<\/script>\n<!-- \/ Yoast SEO plugin. -->","yoast_head_json":{"title":"Laur\u00e9at du Prix Suisse de l'Ethique 2023 - Organisateur","description":"Le 24 mai 2023, la HEIG-VD a annonc\u00e9 les laur\u00e9ats de la 18e \u00e9dition du Prix suisse de l'\u00e9thique.","robots":{"index":"index","follow":"follow","max-snippet":"max-snippet:-1","max-image-preview":"max-image-preview:large","max-video-preview":"max-video-preview:-1"},"canonical":"https:\/\/www.organisator.ch\/fr\/gestion-2\/2023-05-26\/gewinner-des-schweizer-ethikpreises-2023\/","og_locale":"fr_FR","og_type":"article","og_title":"Gewinner des Schweizer Ethikpreises 2023","og_description":"Die HEIG-VD hat am 24. Mai 2023 die Gewinnerinnen und Gewinner der 18. Ausgabe des Schweizer Ethikpreises bekannt gegeben.","og_url":"https:\/\/www.organisator.ch\/fr\/gestion-2\/2023-05-26\/gewinner-des-schweizer-ethikpreises-2023\/","og_site_name":"Organisator","article_publisher":"https:\/\/www.facebook.com\/OrganisatorFachmagazin","article_published_time":"2023-05-26T06:48:33+00:00","og_image":[{"width":680,"height":453,"url":"https:\/\/www.organisator.ch\/wp-content\/uploads\/2023\/05\/Gewinner-des-Schweizer-Ethikpreises-2023_Organisator.jpg","type":"image\/jpeg"}],"author":"thomas.berner","twitter_card":"summary_large_image","twitter_title":"Gewinner des Schweizer #Ethikpreises 2023","twitter_description":"Die #HEIG-VD hat am 24. Mai 2023 die Gewinnerinnen und Gewinner der 18. Ausgabe des Schweizer #Ethikpreises bekannt gegeben.","twitter_image":"https:\/\/www.organisator.ch\/wp-content\/uploads\/2023\/05\/Gewinner-des-Schweizer-Ethikpreises-2023_Organisator.jpg","schema":{"@context":"https:\/\/schema.org","@graph":[{"@type":"Article","@id":"https:\/\/www.organisator.ch\/management\/2023-05-26\/gewinner-des-schweizer-ethikpreises-2023\/#article","isPartOf":{"@id":"https:\/\/www.organisator.ch\/management\/2023-05-26\/gewinner-des-schweizer-ethikpreises-2023\/"},"author":{"name":"thomas.berner","@id":"https:\/\/www.organisator.ch\/#\/schema\/person\/6f650f90b2842cd4c0cc334b4e36f67e"},"headline":"Gewinner des Schweizer Ethikpreises 2023","datePublished":"2023-05-26T06:48:33+00:00","mainEntityOfPage":{"@id":"https:\/\/www.organisator.ch\/management\/2023-05-26\/gewinner-des-schweizer-ethikpreises-2023\/"},"wordCount":570,"publisher":{"@id":"https:\/\/www.organisator.ch\/#organization"},"image":{"@id":"https:\/\/www.organisator.ch\/management\/2023-05-26\/gewinner-des-schweizer-ethikpreises-2023\/#primaryimage"},"thumbnailUrl":"https:\/\/www.organisator.ch\/wp-content\/uploads\/2023\/05\/Gewinner-des-Schweizer-Ethikpreises-2023_Organisator.jpg","keywords":["Awards","Ethik","Fachhochschulen","Management","Unternehmen"],"articleSection":["MANAGEMENT"],"inLanguage":"fr-FR"},{"@type":"WebPage","@id":"https:\/\/www.organisator.ch\/management\/2023-05-26\/gewinner-des-schweizer-ethikpreises-2023\/","url":"https:\/\/www.organisator.ch\/management\/2023-05-26\/gewinner-des-schweizer-ethikpreises-2023\/","name":"Laur\u00e9at du Prix Suisse de l'Ethique 2023 - Organisateur","isPartOf":{"@id":"https:\/\/www.organisator.ch\/#website"},"primaryImageOfPage":{"@id":"https:\/\/www.organisator.ch\/management\/2023-05-26\/gewinner-des-schweizer-ethikpreises-2023\/#primaryimage"},"image":{"@id":"https:\/\/www.organisator.ch\/management\/2023-05-26\/gewinner-des-schweizer-ethikpreises-2023\/#primaryimage"},"thumbnailUrl":"https:\/\/www.organisator.ch\/wp-content\/uploads\/2023\/05\/Gewinner-des-Schweizer-Ethikpreises-2023_Organisator.jpg","datePublished":"2023-05-26T06:48:33+00:00","description":"Le 24 mai 2023, la HEIG-VD a annonc\u00e9 les laur\u00e9ats de la 18e \u00e9dition du Prix suisse de l'\u00e9thique.","breadcrumb":{"@id":"https:\/\/www.organisator.ch\/management\/2023-05-26\/gewinner-des-schweizer-ethikpreises-2023\/#breadcrumb"},"inLanguage":"fr-FR","potentialAction":[{"@type":"ReadAction","target":["https:\/\/www.organisator.ch\/management\/2023-05-26\/gewinner-des-schweizer-ethikpreises-2023\/"]}]},{"@type":"ImageObject","inLanguage":"fr-FR","@id":"https:\/\/www.organisator.ch\/management\/2023-05-26\/gewinner-des-schweizer-ethikpreises-2023\/#primaryimage","url":"https:\/\/www.organisator.ch\/wp-content\/uploads\/2023\/05\/Gewinner-des-Schweizer-Ethikpreises-2023_Organisator.jpg","contentUrl":"https:\/\/www.organisator.ch\/wp-content\/uploads\/2023\/05\/Gewinner-des-Schweizer-Ethikpreises-2023_Organisator.jpg"},{"@type":"BreadcrumbList","@id":"https:\/\/www.organisator.ch\/management\/2023-05-26\/gewinner-des-schweizer-ethikpreises-2023\/#breadcrumb","itemListElement":[{"@type":"ListItem","position":1,"name":"Home","item":"https:\/\/www.organisator.ch\/"},{"@type":"ListItem","position":2,"name":"Gewinner des Schweizer Ethikpreises 2023"}]},{"@type":"WebSite","@id":"https:\/\/www.organisator.ch\/#website","url":"https:\/\/www.organisator.ch\/","name":"Organisateur","description":"Comp\u00e9tence et comp\u00e9tence. Proches de la pratique. L'ORGANISATEUR pr\u00e9pare 10 num\u00e9ros par an sur les th\u00e8mes essentiels pour les dirigeants de PME.","publisher":{"@id":"https:\/\/www.organisator.ch\/#organization"},"potentialAction":[{"@type":"SearchAction","target":{"@type":"EntryPoint","urlTemplate":"https:\/\/www.organisator.ch\/?s={search_term_string}"},"query-input":{"@type":"PropertyValueSpecification","valueRequired":true,"valueName":"search_term_string"}}],"inLanguage":"fr-FR"},{"@type":"Organization","@id":"https:\/\/www.organisator.ch\/#organization","name":"Organisateur","url":"https:\/\/www.organisator.ch\/","logo":{"@type":"ImageObject","inLanguage":"fr-FR","@id":"https:\/\/www.organisator.ch\/#\/schema\/logo\/image\/","url":"https:\/\/www.organisator.ch\/wp-content\/uploads\/2022\/01\/Logo_Organisator_Website.png","contentUrl":"https:\/\/www.organisator.ch\/wp-content\/uploads\/2022\/01\/Logo_Organisator_Website.png","width":800,"height":77,"caption":"Organisator"},"image":{"@id":"https:\/\/www.organisator.ch\/#\/schema\/logo\/image\/"},"sameAs":["https:\/\/www.facebook.com\/OrganisatorFachmagazin","https:\/\/www.linkedin.com\/showcase\/organisator-das-magazin-fr-kmu","https:\/\/www.xing.com\/news\/pages\/organisator-ch-695","https:\/\/www.youtube.com\/channel\/UCGP2Sq0iWaZwT3BdIAQFYpw"]},{"@type":"Person","@id":"https:\/\/www.organisator.ch\/#\/schema\/person\/6f650f90b2842cd4c0cc334b4e36f67e","name":"thomas.berner","image":{"@type":"ImageObject","inLanguage":"fr-FR","@id":"https:\/\/secure.gravatar.com\/avatar\/ac5001d2a36cb6c6cd3e50789007ffca834b477b74a2144564522e944eabff61?s=96&d=mm&r=g","url":"https:\/\/secure.gravatar.com\/avatar\/ac5001d2a36cb6c6cd3e50789007ffca834b477b74a2144564522e944eabff61?s=96&d=mm&r=g","contentUrl":"https:\/\/secure.gravatar.com\/avatar\/ac5001d2a36cb6c6cd3e50789007ffca834b477b74a2144564522e944eabff61?s=96&d=mm&r=g","caption":"thomas.berner"},"url":"https:\/\/www.organisator.ch\/fr\/author\/thomas-berner\/"}]}},"_links":{"self":[{"href":"https:\/\/www.organisator.ch\/fr\/wp-json\/wp\/v2\/posts\/20418","targetHints":{"allow":["GET"]}}],"collection":[{"href":"https:\/\/www.organisator.ch\/fr\/wp-json\/wp\/v2\/posts"}],"about":[{"href":"https:\/\/www.organisator.ch\/fr\/wp-json\/wp\/v2\/types\/post"}],"author":[{"embeddable":true,"href":"https:\/\/www.organisator.ch\/fr\/wp-json\/wp\/v2\/users\/4"}],"replies":[{"embeddable":true,"href":"https:\/\/www.organisator.ch\/fr\/wp-json\/wp\/v2\/comments?post=20418"}],"version-history":[{"count":2,"href":"https:\/\/www.organisator.ch\/fr\/wp-json\/wp\/v2\/posts\/20418\/revisions"}],"predecessor-version":[{"id":20451,"href":"https:\/\/www.organisator.ch\/fr\/wp-json\/wp\/v2\/posts\/20418\/revisions\/20451"}],"wp:attachment":[{"href":"https:\/\/www.organisator.ch\/fr\/wp-json\/wp\/v2\/media?parent=20418"}],"wp:term":[{"taxonomy":"category","embeddable":true,"href":"https:\/\/www.organisator.ch\/fr\/wp-json\/wp\/v2\/categories?post=20418"},{"taxonomy":"post_tag","embeddable":true,"href":"https:\/\/www.organisator.ch\/fr\/wp-json\/wp\/v2\/tags?post=20418"}],"curies":[{"name":"wp","href":"https:\/\/api.w.org\/{rel}","templated":true}]}}