{"id":2042,"date":"2017-06-12T11:46:21","date_gmt":"2017-06-12T09:46:21","guid":{"rendered":"https:\/\/www.organisator.ch\/?p=2042"},"modified":"2017-06-12T11:46:21","modified_gmt":"2017-06-12T09:46:21","slug":"apple-unterwegs-zur-kuenstlichen-intelligenz","status":"publish","type":"post","link":"https:\/\/www.organisator.ch\/fr\/allgemein\/2017-06-12\/apple-unterwegs-zur-kuenstlichen-intelligenz\/","title":{"rendered":"Apple en route vers l'intelligence artificielle ?"},"content":{"rendered":"<figure id=\"attachment_2043\" aria-describedby=\"caption-attachment-2043\" style=\"width: 640px\" class=\"wp-caption alignnone\"><img loading=\"lazy\" decoding=\"async\" class=\"size-full wp-image-2043\" src=\"https:\/\/www.organisator.ch\/wp-content\/uploads\/2017\/06\/Apple-unterwegs-zur-Kuenstlichen-Intelligenz-org-organisator.jpg\" alt=\"\" width=\"640\" height=\"427\" srcset=\"https:\/\/www.organisator.ch\/wp-content\/uploads\/2017\/06\/Apple-unterwegs-zur-Kuenstlichen-Intelligenz-org-organisator.jpg 640w, https:\/\/www.organisator.ch\/wp-content\/uploads\/2017\/06\/Apple-unterwegs-zur-Kuenstlichen-Intelligenz-org-organisator-16x12.jpg 16w, https:\/\/www.organisator.ch\/wp-content\/uploads\/2017\/06\/Apple-unterwegs-zur-Kuenstlichen-Intelligenz-org-organisator-262x175.jpg 262w, https:\/\/www.organisator.ch\/wp-content\/uploads\/2017\/06\/Apple-unterwegs-zur-Kuenstlichen-Intelligenz-org-organisator-525x350.jpg 525w, https:\/\/www.organisator.ch\/wp-content\/uploads\/2017\/06\/Apple-unterwegs-zur-Kuenstlichen-Intelligenz-org-organisator-300x200.jpg 300w\" sizes=\"auto, (max-width: 640px) 100vw, 640px\" \/><figcaption id=\"caption-attachment-2043\" class=\"wp-caption-text\">Swift Playgrounds doit permettre aux enfants d'apprendre \u00e0 programmer. (Image\/Copyright : Apple)<\/figcaption><\/figure>\n<p>La r\u00e9alit\u00e9 augment\u00e9e et l'intelligence artificielle \u00e9taient jusqu'\u00e0 pr\u00e9sent des domaines r\u00e9serv\u00e9s aux sp\u00e9cialistes de la sc\u00e8ne des d\u00e9veloppeurs. Les nouveaux outils pr\u00e9sent\u00e9s doivent d\u00e9sormais permettre aux d\u00e9veloppeurs d'applications iOS d'utiliser ces technologies pour la programmation d'applications, m\u00eame sans grand savoir-faire sp\u00e9cifique, en mettant \u00e0 disposition des fonctions de base pr\u00e9-con\u00e7ues. Dans le cas du framework de r\u00e9alit\u00e9 augment\u00e9e ARKit, il s'agit par exemple de la reconnaissance de la position et de la reconnaissance de structures et d'objets sp\u00e9cifiques.<\/p>\n<p><strong>L'intelligence artificielle apprend \u00e0 marcher<\/strong><\/p>\n<p>Une technologie appel\u00e9e Visual Inertial Odometry (VIO) permet par exemple, via le logiciel ARKit d'Apple, de suivre tr\u00e8s pr\u00e9cis\u00e9ment la position et les mouvements d'un appareil dans une pi\u00e8ce, sans qu'un \u00e9talonnage soit n\u00e9cessaire, \u00e9crit Apple. ARKit peut \u00e9galement reconna\u00eetre des objets tels que des tables ou le sol et y placer des objets virtuels pour les suivre \u00e0 son tour.<\/p>\n<p>Un autre d\u00e9veloppement en direction de l'intelligence artificielle s'appelle CoreML. Ce \"code de quelques lignes\" optimise l'int\u00e9gration de mod\u00e8les de machine learning pr\u00e9d\u00e9finis \"pour diff\u00e9rentes t\u00e2ches\". CoreML soutient \u00e9galement le d\u00e9veloppement d'applications. Il ne s'agit pas seulement de la reconnaissance de texte ou de l'analyse d'images, mais aussi de la reconnaissance et de la commande de visages et d'objets. Enfin, des API de plus en plus performantes sont disponibles pour l'interpr\u00e9tation vocale.<\/p>\n<p><strong>Programmation de drones pour les enfants<\/strong><\/p>\n<p>Swift Playgrounds, l'application d'apprentissage de la programmation pour iPad, s'enrichit de nouvelles fonctionnalit\u00e9s qui permettent d'apprendre \u00e0 programmer des robots, des drones et des instruments de musique. Swift Playgrounds est parfait pour les \u00e9tudiants et les d\u00e9butants qui souhaitent apprendre \u00e0 programmer avec Swift, le langage de programmation puissant et intuitif d'Apple qui permet de d\u00e9velopper des applications de qualit\u00e9.<\/p>\n<p>Apple travaille avec des fabricants de premier plan pour rendre la connexion de robots compatibles Bluetooth dans l'application Swift Playgrounds aussi simple que possible. Cela permet \u00e9galement aux enfants de programmer et de contr\u00f4ler des produits populaires tels que LEGO MINDSTORMS EV3, Sphero SPRK +, les drones Parrot et bien d'autres. La mise \u00e0 jour de Swift Playgrounds 1.5 sera disponible en t\u00e9l\u00e9chargement gratuit dans l'App Store \u00e0 partir du lundi 5 juin.<\/p>\n<p><strong>LEGO encourage la compr\u00e9hension de la robotique<\/strong><\/p>\n<p>\"Plus d'un million d'enfants et d'adultes du monde entier utilisent d\u00e9j\u00e0 Swift Playgrounds pour apprendre les bases de la programmation avec Swift d'une mani\u00e8re amusante et interactive\", a d\u00e9clar\u00e9 Craig Federighi, vice-pr\u00e9sident senior de l'ing\u00e9nierie logicielle chez Apple. \"D\u00e9sormais, ils peuvent voir imm\u00e9diatement les lignes de code qu'ils \u00e9crivent et contr\u00f4ler leurs robots pr\u00e9f\u00e9r\u00e9s directement via Swift Playgrounds. C'est une fa\u00e7on incroyablement inspirante et puissante d'apprendre\".<\/p>\n<p>\"\u00c0 partir d'aujourd'hui, nous travaillons avec Apple pour donner \u00e0 davantage de personnes dans le monde la possibilit\u00e9 d'apprendre \u00e0 programmer\", a d\u00e9clar\u00e9 Esben St\u00e6rk J\u00f8rgensen, pr\u00e9sident de LEGO Education. \"Nous combinons les briques LEGO famili\u00e8res et notre approche pratique de l'apprentissage par le jeu dans LEGO MINDSTORMS Education EV3 avec la puissante plateforme d'apprentissage de Swift Playgrounds, de sorte qu'\u00e0 partir de maintenant, tout le monde peut programmer ses cr\u00e9ations LEGO MINDSTORMS en code Swift r\u00e9el\".<\/p>\n<p><strong>Avec Swift Playgrounds, tout le monde peut programmer et contr\u00f4ler ces produits populaires avec l'application :<\/strong><\/p>\n<ul>\n<li><em>LEGO MINDSTORMS Education EV3 est con\u00e7u pour les \u00e9coles du monde entier. Il facilite la compr\u00e9hension de la programmation en r\u00e9solvant des probl\u00e8mes r\u00e9els, en permettant aux \u00e9l\u00e8ves de d\u00e9velopper et de contr\u00f4ler leurs propres personnages robotiques LEGO, v\u00e9hicules, machines ou inventions. Avec Swift Playgrounds, les enfants peuvent programmer, d\u00e9velopper et contr\u00f4ler des moteurs et des capteurs.<\/em><\/li>\n<li><em>Sphero SPRK +, une boule robotis\u00e9e tr\u00e8s populaire, roule, tourne, acc\u00e9l\u00e8re et change de couleur ; des capteurs donnent un feedback lorsque Sphero rencontre un obstacle - tout cela peut \u00eatre contr\u00f4l\u00e9 avec du code Swift.<\/em><\/li>\n<li><em>Les drones de Parrot, comme le Mambo, l'Airborne ou le Rolling Spider, peuvent d\u00e9coller, atterrir, tourner ou effectuer diverses man\u0153uvres a\u00e9riennes, comme des flips, \u00e0 l'aide du code programm\u00e9 par l'utilisateur.<\/em><\/li>\n<li><em>Le kit UBTECH Jimu Robot MeeBot permet aux enfants de programmer leur robot constructible pour qu'il puisse marcher, faire des signes ou danser.<\/em><\/li>\n<li><em>Dash de Wonder Workshop est un robot d'apprentissage manuel passionnant, adapt\u00e9 aux \u00e9l\u00e8ves jusqu'\u00e0 la fin de l'\u00e9cole primaire, qui vise \u00e0 enseigner les bases de la programmation, de la r\u00e9solution cr\u00e9ative de probl\u00e8mes et du raisonnement arithm\u00e9tique.<\/em><\/li>\n<li><em>Skoog est un cube tactile qui permet \u00e0 tous les enfants - ind\u00e9pendamment de leurs capacit\u00e9s individuelles - de s'amuser en d\u00e9couvrant, composant et jouant de la musique avec le code Swift.<\/em><\/li>\n<\/ul>\n<p><strong>Autres nouveaux param\u00e8tres et outils \u00a0<\/strong><\/p>\n<p>Lors du lancement du nouvel iOS, Apple a communiqu\u00e9 avec sa grandiloquence habituelle - qu'iOS 11 repr\u00e9sentait \"un pas de g\u00e9ant\" pour l'iPhone et m\u00eame \"un saut monumental\" pour l'iPad. Les experts en informatique n'y voient pas encore un bond en avant.  La plupart d'entre eux se contentent d'\u00e9num\u00e9rer les nouvelles fonctions annonc\u00e9es, sans les acclamer. Ils se concentrent sur des (d\u00e9)changements isol\u00e9s dans les param\u00e8tres. Par exemple, sur l'iPad, Facebook, Twitter, Flickr et Vimeo ne sont plus list\u00e9s dans l'application R\u00e9glages.<\/p>\n<p>Les nouveaut\u00e9s pour l'iPad devraient apporter des changements significatifs pour les utilisateurs. Celles-ci ne devraient toutefois pas non plus faire bondir les non-utilisateurs de l'iPad, car elles apportent \u00e0 la tablette d'Apple des fonctions que les PC int\u00e8grent d\u00e9j\u00e0 depuis un certain temps. Par exemple, un nouveau syst\u00e8me de fichiers permet de voir facilement ce qui est stock\u00e9 et o\u00f9 sur la tablette. Un dock plus accessible, que l'on peut balayer, doit permettre de faire plusieurs choses \u00e0 la fois et de passer facilement d'une application \u00e0 l'autre.<\/p>\n<p>En outre, il est d\u00e9sormais possible de copier des objets tels que des photos d'une application \u00e0 l'autre par glisser-d\u00e9poser. En outre, quelques am\u00e9liorations ont \u00e9t\u00e9 apport\u00e9es \u00e0 l'utilisation de l'Apple Pencil pour les iPads sous iOS 11. Il devrait par exemple \u00eatre nettement plus facile d'ajouter des notes \u00e0 des PDF ou \u00e0 des captures d'\u00e9cran. Les formulaires peuvent en outre \u00eatre scann\u00e9s automatiquement avec Notes, puis remplis avec le Pencil.<\/p>\n<p><strong>Des fonctions de paiement universelles ?<\/strong><\/p>\n<p>Les autres nouveaut\u00e9s annonc\u00e9es pour l'iPhone sont la possibilit\u00e9 de transf\u00e9rer directement des montants \u00e0 d'autres utilisateurs via Apple Pay et Messages, un App Store redessin\u00e9, une voix plus \"naturelle\" pour Siri et diverses nouvelles possibilit\u00e9s de manipulation de photos dominent d\u00e9sormais la sc\u00e8ne. En outre, comme cela a d\u00e9j\u00e0 \u00e9t\u00e9 rapport\u00e9 ces derniers jours, Apple semble autoriser l'utilisation de la fonction NFC dans les iPhones non seulement par Apple Pay, mais aussi par des applications de d\u00e9veloppeurs tiers.<\/p>\n<p>Cela pourrait \u00e9galement int\u00e9resser les d\u00e9veloppeurs de solutions de paiement mobile - mais comme toujours, il faut l'interpr\u00e9ter avec r\u00e9serve : Alors que ce sont surtout les m\u00e9dias germanophones qui rapportent cela comme un fait, les sites anglophones normalement bien inform\u00e9s comme 'Engadget' ou 'The Verge' sont plus prudents et rapportent qu'Apple \"pourrait ouvrir\" cette fonction.<\/p>\n<p><a href=\"http:\/\/www.apple.com\">www.apple.com<\/a><\/p>\n<p>&nbsp;<\/p>","protected":false},"excerpt":{"rendered":"<p>Augmented Reality und K\u00fcnstliche Intelligenz waren bisher Dom\u00e4nen von Spezialisten in der Entwicklerszene. Neu vorgestellte Tools \u00a0sollen es nun Entwicklern von iOS-Apps erlauben, auch ohne viel spezifisches Know-how diese\u00a0 Technologien etwas f\u00fcr die Programmierung von Apps zu verwenden, indem sie Basisfunktionen vorgefertigt zur Verf\u00fcgung stellen. Beim Augmented-Reality-Framework ARKit sind dies beispielsweise Positionserkennung und die Erkennung [&hellip;]<\/p>\n","protected":false},"author":5,"featured_media":2043,"comment_status":"open","ping_status":"open","sticky":false,"template":"","format":"standard","meta":{"_acf_changed":false,"_yoast_wpseo_focuskw":"K\u00fcnstliche Intelligenz","_yoast_wpseo_metadesc":"Apple hat an seiner Entwicklerkonferenz WWDC in San Jos\u00e9 weitere Schritte in Richtung K\u00fcnstlicher Intelligenz (KI) gezeigt.","articlekey":"","footnotes":""},"categories":[1,27],"tags":[40,285,394,395],"class_list":["post-2042","post","type-post","status-publish","format-standard","has-post-thumbnail","hentry","category-allgemein","category-it","tag-apple","tag-ios","tag-produktentwicklung","tag-programmierung"],"acf":[],"yoast_head":"<!-- This site is optimized with the Yoast SEO plugin v27.4 - https:\/\/yoast.com\/product\/yoast-seo-wordpress\/ -->\n<title>Apple unterwegs zur K\u00fcnstlichen Intelligenz? - Organisator<\/title>\n<meta name=\"description\" content=\"Apple hat an seiner Entwicklerkonferenz WWDC in San Jos\u00e9 weitere Schritte in Richtung K\u00fcnstlicher Intelligenz (KI) gezeigt.\" \/>\n<meta name=\"robots\" content=\"index, follow, max-snippet:-1, max-image-preview:large, max-video-preview:-1\" \/>\n<link rel=\"canonical\" href=\"https:\/\/www.organisator.ch\/fr\/general\/2017-06-12\/apple-unterwegs-zur-kuenstlichen-intelligenz\/\" \/>\n<meta property=\"og:locale\" content=\"fr_FR\" \/>\n<meta property=\"og:type\" content=\"article\" \/>\n<meta property=\"og:title\" content=\"Apple unterwegs zur K\u00fcnstlichen Intelligenz? - Organisator\" \/>\n<meta property=\"og:description\" content=\"Apple hat an seiner Entwicklerkonferenz WWDC in San Jos\u00e9 weitere Schritte in Richtung K\u00fcnstlicher Intelligenz (KI) gezeigt.\" \/>\n<meta property=\"og:url\" content=\"https:\/\/www.organisator.ch\/fr\/general\/2017-06-12\/apple-unterwegs-zur-kuenstlichen-intelligenz\/\" \/>\n<meta property=\"og:site_name\" content=\"Organisator\" \/>\n<meta property=\"article:publisher\" content=\"https:\/\/www.facebook.com\/OrganisatorFachmagazin\" \/>\n<meta property=\"article:published_time\" content=\"2017-06-12T09:46:21+00:00\" \/>\n<meta property=\"og:image\" content=\"https:\/\/www.organisator.ch\/wp-content\/uploads\/2017\/06\/Apple-unterwegs-zur-Kuenstlichen-Intelligenz-org-organisator.jpg\" \/>\n\t<meta property=\"og:image:width\" content=\"640\" \/>\n\t<meta property=\"og:image:height\" content=\"427\" \/>\n\t<meta property=\"og:image:type\" content=\"image\/jpeg\" \/>\n<meta name=\"author\" content=\"michael.merz\" \/>\n<meta name=\"twitter:card\" content=\"summary_large_image\" \/>\n<script type=\"application\/ld+json\" class=\"yoast-schema-graph\">{\"@context\":\"https:\\\/\\\/schema.org\",\"@graph\":[{\"@type\":\"Article\",\"@id\":\"https:\\\/\\\/www.organisator.ch\\\/allgemein\\\/2017-06-12\\\/apple-unterwegs-zur-kuenstlichen-intelligenz\\\/#article\",\"isPartOf\":{\"@id\":\"https:\\\/\\\/www.organisator.ch\\\/allgemein\\\/2017-06-12\\\/apple-unterwegs-zur-kuenstlichen-intelligenz\\\/\"},\"author\":{\"name\":\"michael.merz\",\"@id\":\"https:\\\/\\\/www.organisator.ch\\\/#\\\/schema\\\/person\\\/134708ca9321c57b0362cceb7948ffbd\"},\"headline\":\"Apple unterwegs zur K\u00fcnstlichen Intelligenz?\",\"datePublished\":\"2017-06-12T09:46:21+00:00\",\"mainEntityOfPage\":{\"@id\":\"https:\\\/\\\/www.organisator.ch\\\/allgemein\\\/2017-06-12\\\/apple-unterwegs-zur-kuenstlichen-intelligenz\\\/\"},\"wordCount\":1053,\"commentCount\":0,\"publisher\":{\"@id\":\"https:\\\/\\\/www.organisator.ch\\\/#organization\"},\"image\":{\"@id\":\"https:\\\/\\\/www.organisator.ch\\\/allgemein\\\/2017-06-12\\\/apple-unterwegs-zur-kuenstlichen-intelligenz\\\/#primaryimage\"},\"thumbnailUrl\":\"https:\\\/\\\/www.organisator.ch\\\/wp-content\\\/uploads\\\/2017\\\/06\\\/Apple-unterwegs-zur-Kuenstlichen-Intelligenz-org-organisator.jpg\",\"keywords\":[\"Apple\",\"IOs\",\"Produktentwicklung\",\"Programmierung\"],\"articleSection\":[\"Allgemein\",\"IT\"],\"inLanguage\":\"fr-FR\"},{\"@type\":\"WebPage\",\"@id\":\"https:\\\/\\\/www.organisator.ch\\\/allgemein\\\/2017-06-12\\\/apple-unterwegs-zur-kuenstlichen-intelligenz\\\/\",\"url\":\"https:\\\/\\\/www.organisator.ch\\\/allgemein\\\/2017-06-12\\\/apple-unterwegs-zur-kuenstlichen-intelligenz\\\/\",\"name\":\"Apple unterwegs zur K\u00fcnstlichen Intelligenz? - Organisator\",\"isPartOf\":{\"@id\":\"https:\\\/\\\/www.organisator.ch\\\/#website\"},\"primaryImageOfPage\":{\"@id\":\"https:\\\/\\\/www.organisator.ch\\\/allgemein\\\/2017-06-12\\\/apple-unterwegs-zur-kuenstlichen-intelligenz\\\/#primaryimage\"},\"image\":{\"@id\":\"https:\\\/\\\/www.organisator.ch\\\/allgemein\\\/2017-06-12\\\/apple-unterwegs-zur-kuenstlichen-intelligenz\\\/#primaryimage\"},\"thumbnailUrl\":\"https:\\\/\\\/www.organisator.ch\\\/wp-content\\\/uploads\\\/2017\\\/06\\\/Apple-unterwegs-zur-Kuenstlichen-Intelligenz-org-organisator.jpg\",\"datePublished\":\"2017-06-12T09:46:21+00:00\",\"description\":\"Apple hat an seiner Entwicklerkonferenz WWDC in San Jos\u00e9 weitere Schritte in Richtung K\u00fcnstlicher Intelligenz (KI) gezeigt.\",\"breadcrumb\":{\"@id\":\"https:\\\/\\\/www.organisator.ch\\\/allgemein\\\/2017-06-12\\\/apple-unterwegs-zur-kuenstlichen-intelligenz\\\/#breadcrumb\"},\"inLanguage\":\"fr-FR\",\"potentialAction\":[{\"@type\":\"ReadAction\",\"target\":[\"https:\\\/\\\/www.organisator.ch\\\/allgemein\\\/2017-06-12\\\/apple-unterwegs-zur-kuenstlichen-intelligenz\\\/\"]}]},{\"@type\":\"ImageObject\",\"inLanguage\":\"fr-FR\",\"@id\":\"https:\\\/\\\/www.organisator.ch\\\/allgemein\\\/2017-06-12\\\/apple-unterwegs-zur-kuenstlichen-intelligenz\\\/#primaryimage\",\"url\":\"https:\\\/\\\/www.organisator.ch\\\/wp-content\\\/uploads\\\/2017\\\/06\\\/Apple-unterwegs-zur-Kuenstlichen-Intelligenz-org-organisator.jpg\",\"contentUrl\":\"https:\\\/\\\/www.organisator.ch\\\/wp-content\\\/uploads\\\/2017\\\/06\\\/Apple-unterwegs-zur-Kuenstlichen-Intelligenz-org-organisator.jpg\",\"width\":640,\"height\":427,\"caption\":\"Mit Swift Playgrounds sollen Kinder das Programmieren erlernen k\u00f6nnen. (Bild\\\/Copyright: Apple)\"},{\"@type\":\"BreadcrumbList\",\"@id\":\"https:\\\/\\\/www.organisator.ch\\\/allgemein\\\/2017-06-12\\\/apple-unterwegs-zur-kuenstlichen-intelligenz\\\/#breadcrumb\",\"itemListElement\":[{\"@type\":\"ListItem\",\"position\":1,\"name\":\"Home\",\"item\":\"https:\\\/\\\/www.organisator.ch\\\/\"},{\"@type\":\"ListItem\",\"position\":2,\"name\":\"Apple unterwegs zur K\u00fcnstlichen Intelligenz?\"}]},{\"@type\":\"WebSite\",\"@id\":\"https:\\\/\\\/www.organisator.ch\\\/#website\",\"url\":\"https:\\\/\\\/www.organisator.ch\\\/\",\"name\":\"Organisator\",\"description\":\"Kompetent. Praxisnah. Der ORGANISATOR bereitet in 10 Ausgaben pro Jahr die wesentlichen Themen f\u00fcr F\u00fchrungskr\u00e4fte von KMU auf.\",\"publisher\":{\"@id\":\"https:\\\/\\\/www.organisator.ch\\\/#organization\"},\"potentialAction\":[{\"@type\":\"SearchAction\",\"target\":{\"@type\":\"EntryPoint\",\"urlTemplate\":\"https:\\\/\\\/www.organisator.ch\\\/?s={search_term_string}\"},\"query-input\":{\"@type\":\"PropertyValueSpecification\",\"valueRequired\":true,\"valueName\":\"search_term_string\"}}],\"inLanguage\":\"fr-FR\"},{\"@type\":\"Organization\",\"@id\":\"https:\\\/\\\/www.organisator.ch\\\/#organization\",\"name\":\"Organisator\",\"url\":\"https:\\\/\\\/www.organisator.ch\\\/\",\"logo\":{\"@type\":\"ImageObject\",\"inLanguage\":\"fr-FR\",\"@id\":\"https:\\\/\\\/www.organisator.ch\\\/#\\\/schema\\\/logo\\\/image\\\/\",\"url\":\"https:\\\/\\\/www.organisator.ch\\\/wp-content\\\/uploads\\\/2022\\\/01\\\/Logo_Organisator_Website.png\",\"contentUrl\":\"https:\\\/\\\/www.organisator.ch\\\/wp-content\\\/uploads\\\/2022\\\/01\\\/Logo_Organisator_Website.png\",\"width\":800,\"height\":77,\"caption\":\"Organisator\"},\"image\":{\"@id\":\"https:\\\/\\\/www.organisator.ch\\\/#\\\/schema\\\/logo\\\/image\\\/\"},\"sameAs\":[\"https:\\\/\\\/www.facebook.com\\\/OrganisatorFachmagazin\",\"https:\\\/\\\/www.linkedin.com\\\/showcase\\\/organisator-das-magazin-fr-kmu\",\"https:\\\/\\\/www.xing.com\\\/news\\\/pages\\\/organisator-ch-695\",\"https:\\\/\\\/www.youtube.com\\\/channel\\\/UCGP2Sq0iWaZwT3BdIAQFYpw\"]},{\"@type\":\"Person\",\"@id\":\"https:\\\/\\\/www.organisator.ch\\\/#\\\/schema\\\/person\\\/134708ca9321c57b0362cceb7948ffbd\",\"name\":\"michael.merz\",\"image\":{\"@type\":\"ImageObject\",\"inLanguage\":\"fr-FR\",\"@id\":\"https:\\\/\\\/secure.gravatar.com\\\/avatar\\\/?s=96&d=mm&r=g\",\"url\":\"https:\\\/\\\/secure.gravatar.com\\\/avatar\\\/?s=96&d=mm&r=g\",\"contentUrl\":\"https:\\\/\\\/secure.gravatar.com\\\/avatar\\\/?s=96&d=mm&r=g\",\"caption\":\"michael.merz\"},\"url\":\"https:\\\/\\\/www.organisator.ch\\\/fr\\\/author\\\/michael-merz\\\/\"}]}<\/script>\n<!-- \/ Yoast SEO plugin. -->","yoast_head_json":{"title":"Apple en route vers l'intelligence artificielle ? - Organisateur","description":"Lors de sa conf\u00e9rence des d\u00e9veloppeurs WWDC \u00e0 San Jos\u00e9, Apple a montr\u00e9 de nouvelles avanc\u00e9es en mati\u00e8re d'intelligence artificielle (IA).","robots":{"index":"index","follow":"follow","max-snippet":"max-snippet:-1","max-image-preview":"max-image-preview:large","max-video-preview":"max-video-preview:-1"},"canonical":"https:\/\/www.organisator.ch\/fr\/general\/2017-06-12\/apple-unterwegs-zur-kuenstlichen-intelligenz\/","og_locale":"fr_FR","og_type":"article","og_title":"Apple unterwegs zur K\u00fcnstlichen Intelligenz? - Organisator","og_description":"Apple hat an seiner Entwicklerkonferenz WWDC in San Jos\u00e9 weitere Schritte in Richtung K\u00fcnstlicher Intelligenz (KI) gezeigt.","og_url":"https:\/\/www.organisator.ch\/fr\/general\/2017-06-12\/apple-unterwegs-zur-kuenstlichen-intelligenz\/","og_site_name":"Organisator","article_publisher":"https:\/\/www.facebook.com\/OrganisatorFachmagazin","article_published_time":"2017-06-12T09:46:21+00:00","og_image":[{"width":640,"height":427,"url":"https:\/\/www.organisator.ch\/wp-content\/uploads\/2017\/06\/Apple-unterwegs-zur-Kuenstlichen-Intelligenz-org-organisator.jpg","type":"image\/jpeg"}],"author":"michael.merz","twitter_card":"summary_large_image","schema":{"@context":"https:\/\/schema.org","@graph":[{"@type":"Article","@id":"https:\/\/www.organisator.ch\/allgemein\/2017-06-12\/apple-unterwegs-zur-kuenstlichen-intelligenz\/#article","isPartOf":{"@id":"https:\/\/www.organisator.ch\/allgemein\/2017-06-12\/apple-unterwegs-zur-kuenstlichen-intelligenz\/"},"author":{"name":"michael.merz","@id":"https:\/\/www.organisator.ch\/#\/schema\/person\/134708ca9321c57b0362cceb7948ffbd"},"headline":"Apple unterwegs zur K\u00fcnstlichen Intelligenz?","datePublished":"2017-06-12T09:46:21+00:00","mainEntityOfPage":{"@id":"https:\/\/www.organisator.ch\/allgemein\/2017-06-12\/apple-unterwegs-zur-kuenstlichen-intelligenz\/"},"wordCount":1053,"commentCount":0,"publisher":{"@id":"https:\/\/www.organisator.ch\/#organization"},"image":{"@id":"https:\/\/www.organisator.ch\/allgemein\/2017-06-12\/apple-unterwegs-zur-kuenstlichen-intelligenz\/#primaryimage"},"thumbnailUrl":"https:\/\/www.organisator.ch\/wp-content\/uploads\/2017\/06\/Apple-unterwegs-zur-Kuenstlichen-Intelligenz-org-organisator.jpg","keywords":["Apple","IOs","Produktentwicklung","Programmierung"],"articleSection":["Allgemein","IT"],"inLanguage":"fr-FR"},{"@type":"WebPage","@id":"https:\/\/www.organisator.ch\/allgemein\/2017-06-12\/apple-unterwegs-zur-kuenstlichen-intelligenz\/","url":"https:\/\/www.organisator.ch\/allgemein\/2017-06-12\/apple-unterwegs-zur-kuenstlichen-intelligenz\/","name":"Apple en route vers l'intelligence artificielle ? - Organisateur","isPartOf":{"@id":"https:\/\/www.organisator.ch\/#website"},"primaryImageOfPage":{"@id":"https:\/\/www.organisator.ch\/allgemein\/2017-06-12\/apple-unterwegs-zur-kuenstlichen-intelligenz\/#primaryimage"},"image":{"@id":"https:\/\/www.organisator.ch\/allgemein\/2017-06-12\/apple-unterwegs-zur-kuenstlichen-intelligenz\/#primaryimage"},"thumbnailUrl":"https:\/\/www.organisator.ch\/wp-content\/uploads\/2017\/06\/Apple-unterwegs-zur-Kuenstlichen-Intelligenz-org-organisator.jpg","datePublished":"2017-06-12T09:46:21+00:00","description":"Lors de sa conf\u00e9rence des d\u00e9veloppeurs WWDC \u00e0 San Jos\u00e9, Apple a montr\u00e9 de nouvelles avanc\u00e9es en mati\u00e8re d'intelligence artificielle (IA).","breadcrumb":{"@id":"https:\/\/www.organisator.ch\/allgemein\/2017-06-12\/apple-unterwegs-zur-kuenstlichen-intelligenz\/#breadcrumb"},"inLanguage":"fr-FR","potentialAction":[{"@type":"ReadAction","target":["https:\/\/www.organisator.ch\/allgemein\/2017-06-12\/apple-unterwegs-zur-kuenstlichen-intelligenz\/"]}]},{"@type":"ImageObject","inLanguage":"fr-FR","@id":"https:\/\/www.organisator.ch\/allgemein\/2017-06-12\/apple-unterwegs-zur-kuenstlichen-intelligenz\/#primaryimage","url":"https:\/\/www.organisator.ch\/wp-content\/uploads\/2017\/06\/Apple-unterwegs-zur-Kuenstlichen-Intelligenz-org-organisator.jpg","contentUrl":"https:\/\/www.organisator.ch\/wp-content\/uploads\/2017\/06\/Apple-unterwegs-zur-Kuenstlichen-Intelligenz-org-organisator.jpg","width":640,"height":427,"caption":"Mit Swift Playgrounds sollen Kinder das Programmieren erlernen k\u00f6nnen. (Bild\/Copyright: Apple)"},{"@type":"BreadcrumbList","@id":"https:\/\/www.organisator.ch\/allgemein\/2017-06-12\/apple-unterwegs-zur-kuenstlichen-intelligenz\/#breadcrumb","itemListElement":[{"@type":"ListItem","position":1,"name":"Home","item":"https:\/\/www.organisator.ch\/"},{"@type":"ListItem","position":2,"name":"Apple unterwegs zur K\u00fcnstlichen Intelligenz?"}]},{"@type":"WebSite","@id":"https:\/\/www.organisator.ch\/#website","url":"https:\/\/www.organisator.ch\/","name":"Organisateur","description":"Comp\u00e9tence et comp\u00e9tence. Proches de la pratique. L'ORGANISATEUR pr\u00e9pare 10 num\u00e9ros par an sur les th\u00e8mes essentiels pour les dirigeants de PME.","publisher":{"@id":"https:\/\/www.organisator.ch\/#organization"},"potentialAction":[{"@type":"SearchAction","target":{"@type":"EntryPoint","urlTemplate":"https:\/\/www.organisator.ch\/?s={search_term_string}"},"query-input":{"@type":"PropertyValueSpecification","valueRequired":true,"valueName":"search_term_string"}}],"inLanguage":"fr-FR"},{"@type":"Organization","@id":"https:\/\/www.organisator.ch\/#organization","name":"Organisateur","url":"https:\/\/www.organisator.ch\/","logo":{"@type":"ImageObject","inLanguage":"fr-FR","@id":"https:\/\/www.organisator.ch\/#\/schema\/logo\/image\/","url":"https:\/\/www.organisator.ch\/wp-content\/uploads\/2022\/01\/Logo_Organisator_Website.png","contentUrl":"https:\/\/www.organisator.ch\/wp-content\/uploads\/2022\/01\/Logo_Organisator_Website.png","width":800,"height":77,"caption":"Organisator"},"image":{"@id":"https:\/\/www.organisator.ch\/#\/schema\/logo\/image\/"},"sameAs":["https:\/\/www.facebook.com\/OrganisatorFachmagazin","https:\/\/www.linkedin.com\/showcase\/organisator-das-magazin-fr-kmu","https:\/\/www.xing.com\/news\/pages\/organisator-ch-695","https:\/\/www.youtube.com\/channel\/UCGP2Sq0iWaZwT3BdIAQFYpw"]},{"@type":"Person","@id":"https:\/\/www.organisator.ch\/#\/schema\/person\/134708ca9321c57b0362cceb7948ffbd","name":"michael.merz","image":{"@type":"ImageObject","inLanguage":"fr-FR","@id":"https:\/\/secure.gravatar.com\/avatar\/?s=96&d=mm&r=g","url":"https:\/\/secure.gravatar.com\/avatar\/?s=96&d=mm&r=g","contentUrl":"https:\/\/secure.gravatar.com\/avatar\/?s=96&d=mm&r=g","caption":"michael.merz"},"url":"https:\/\/www.organisator.ch\/fr\/author\/michael-merz\/"}]}},"_links":{"self":[{"href":"https:\/\/www.organisator.ch\/fr\/wp-json\/wp\/v2\/posts\/2042","targetHints":{"allow":["GET"]}}],"collection":[{"href":"https:\/\/www.organisator.ch\/fr\/wp-json\/wp\/v2\/posts"}],"about":[{"href":"https:\/\/www.organisator.ch\/fr\/wp-json\/wp\/v2\/types\/post"}],"author":[{"embeddable":true,"href":"https:\/\/www.organisator.ch\/fr\/wp-json\/wp\/v2\/users\/5"}],"replies":[{"embeddable":true,"href":"https:\/\/www.organisator.ch\/fr\/wp-json\/wp\/v2\/comments?post=2042"}],"version-history":[{"count":0,"href":"https:\/\/www.organisator.ch\/fr\/wp-json\/wp\/v2\/posts\/2042\/revisions"}],"wp:featuredmedia":[{"embeddable":true,"href":"https:\/\/www.organisator.ch\/fr\/wp-json\/wp\/v2\/media\/2043"}],"wp:attachment":[{"href":"https:\/\/www.organisator.ch\/fr\/wp-json\/wp\/v2\/media?parent=2042"}],"wp:term":[{"taxonomy":"category","embeddable":true,"href":"https:\/\/www.organisator.ch\/fr\/wp-json\/wp\/v2\/categories?post=2042"},{"taxonomy":"post_tag","embeddable":true,"href":"https:\/\/www.organisator.ch\/fr\/wp-json\/wp\/v2\/tags?post=2042"}],"curies":[{"name":"wp","href":"https:\/\/api.w.org\/{rel}","templated":true}]}}