{"id":20453,"date":"2023-05-26T07:54:52","date_gmt":"2023-05-26T05:54:52","guid":{"rendered":"https:\/\/www.m-q.ch\/?p=18026"},"modified":"2024-11-16T08:11:47","modified_gmt":"2024-11-16T07:11:47","slug":"vorausschauende-wartung-mit-akustiksensoren","status":"publish","type":"post","link":"https:\/\/www.organisator.ch\/fr\/operational-excellence\/2023-05-26\/vorausschauende-wartung-mit-akustiksensoren\/","title":{"rendered":"Maintenance pr\u00e9dictive avec des capteurs acoustiques"},"content":{"rendered":"<figure id=\"attachment_18027\" class=\"wp-caption alignnone\" style=\"width: 680px\" aria-describedby=\"caption-attachment-18027\"><img class=\"alignnone wp-image-18027 size-full\" src=\"https:\/\/www.m-q.ch\/wp-content\/uploads\/2023\/05\/Vorausschauende-Wartung-mit-Akustiksensoren_MQ.jpg\" alt=\"Capteurs acoustiques\" width=\"680\" height=\"454\" \/>\r\n<figcaption id=\"caption-attachment-18027\" class=\"wp-caption-text\">Maintenance pr\u00e9dictive : des capteurs acoustiques peuvent signaler \u00e0 temps d'\u00e9ventuels dommages. (Image : Depositphotos.com)<\/figcaption>\r\n<\/figure>\r\n<p>En ajoutant des capteurs, les entreprises industrielles peuvent rendre leurs machines et installations existantes compatibles avec les solutions modernes d'analyse des donn\u00e9es. Outre les techniques conventionnelles de mesure des vibrations, de la temp\u00e9rature et du courant, cela comprend \u00e9galement de nouveaux capteurs acoustiques. Ce type de capteur est particuli\u00e8rement adapt\u00e9 \u00e0 la surveillance de l'\u00e9tat des installations et \u00e0 la maintenance pr\u00e9dictive.<\/p>\r\n<p>Ainsi, les entreprises peuvent utiliser des capteurs acoustiques pour enregistrer les bruits des composants critiques d'une installation, comme les moteurs, les roulements ou les engrenages, et les \u00e9valuer \u00e0 l'aide d'algorithmes d'apprentissage automatique. Elles sont ainsi en mesure de d\u00e9tecter les \u00e9volutions sonores inhabituelles qui indiquent qu'un composant est sur le point de tomber en panne. Ils peuvent alors \u00e9viter l'arr\u00eat de la machine ou de l'installation en effectuant une maintenance \u00e0 temps.<\/p>\r\n<p>De nombreux facteurs doivent \u00eatre pris en compte lors de la mise en \u0153uvre de capteurs acoustiques. Les entreprises devraient y pr\u00eater attention :<\/p>\r\n<ol>\r\n\t<li><strong><em> s\u00e9lection.<\/em><\/strong> Les entreprises devraient choisir des capteurs dont la bande de fr\u00e9quence est la plus proche possible du signal qu'elles souhaitent d\u00e9tecter. Elles peuvent ainsi \u00e9viter un surdimensionnement co\u00fbteux, car plus la bande de fr\u00e9quence d'un capteur est large, plus il est cher. Si les capteurs sont expos\u00e9s \u00e0 l'humidit\u00e9 ou \u00e0 la salet\u00e9, ils devraient r\u00e9pondre aux classes de protection IP correspondantes.<\/li>\r\n\t<li><strong><em> installation.<\/em><\/strong> Les capteurs acoustiques doivent \u00eatre plac\u00e9s de mani\u00e8re \u00e0 \u00eatre expos\u00e9s le moins possible aux bruits ambiants g\u00eanants. Si les experts parviennent \u00e0 d\u00e9tecter des anomalies avec leur oreille humaine, c'est un bon indice que les capteurs sont plac\u00e9s de mani\u00e8re \u00e0 ce que l'analyse m\u00e9canique soit \u00e9galement fructueuse.<\/li>\r\n\t<li><strong><em> Stockage des donn\u00e9es.<\/em><\/strong> Les entreprises devraient v\u00e9rifier si elles doivent enregistrer en continu les bruits des composants surveill\u00e9s ou si elles doivent toujours faire d\u00e9marrer l'enregistrement par un d\u00e9clencheur - par exemple lorsque les bruits d\u00e9passent une certaine limite critique de d\u00e9cibels. Ils peuvent alors \u00e9conomiser de l'espace de stockage et des co\u00fbts. En outre, ils ont la possibilit\u00e9 de stocker les fichiers audio sur des supports peu co\u00fbteux et de n'enregistrer que les m\u00e9tadonn\u00e9es dans des bases de donn\u00e9es relativement on\u00e9reuses.<\/li>\r\n\t<li><strong><em> Traitement des donn\u00e9es.<\/em><\/strong> M\u00eame si les entreprises ne stockent pas le signal complet des capteurs, mais une forme trait\u00e9e, elles peuvent \u00e9conomiser des co\u00fbts. Les spectrogrammes, par exemple, qui visualisent les signaux acoustiques, constituent une telle forme. Ils ont l'avantage suppl\u00e9mentaire de pouvoir \u00eatre analys\u00e9s avec les algorithmes d'apprentissage automatique sophistiqu\u00e9s qui sont aujourd'hui disponibles pour les images.<\/li>\r\n\t<li><strong><em> Protection des donn\u00e9es.<\/em><\/strong> En fonction de l'application concr\u00e8te, les donn\u00e9es acoustiques peuvent contenir des informations sensibles, comme les conversations des employ\u00e9s. Les entreprises peuvent filtrer de telles informations ou emp\u00eacher leur enregistrement d\u00e8s le d\u00e9part en pla\u00e7ant correctement les capteurs.<\/li>\r\n<\/ol>\r\n<p>\"Les capteurs acoustiques ont le potentiel d'apporter une valeur ajout\u00e9e dans de nombreux cas d'application\", explique Sebastian Lienert, Data Scientist chez LeanBI. \"Pour une mise en \u0153uvre r\u00e9ussie, les entreprises doivent adopter une approche globale qui comprend le choix et le placement des capteurs ainsi que le stockage, le traitement et la protection des donn\u00e9es. Ce concept doit \u00eatre adapt\u00e9 au cas d'application individuel. Les solutions \"one-size-fits-all\" n'existent pas\".<\/p>\r\n<p><em>Source et informations compl\u00e9mentaires : <a href=\"http:\/\/www.leanbi.ch\/\">www.leanbi.ch<\/a>\u200b<\/em><\/p>\n<p class=\"syndicated-attribution\">Cet article est paru initialement sur m-q.ch - <a href=\"https:\/\/www.m-q.ch\/de\/vorausschauende-wartung-mit-akustiksensoren\/\" target=\"_blank\">https:\/\/www.m-q.ch\/de\/vorausschauende-wartung-mit-akustiksensoren\/<\/a><\/p>","protected":false},"excerpt":{"rendered":"<p>Les entreprises industrielles peuvent r\u00e9aliser des applications modernes de maintenance pr\u00e9dictive \u00e0 l'aide de capteurs acoustiques. Le sp\u00e9cialiste suisse de la science des donn\u00e9es LeanBI explique ce \u00e0 quoi il faut faire attention lors de l'utilisation de tels capteurs.<\/p>","protected":false},"author":8,"featured_media":0,"comment_status":"closed","ping_status":"closed","sticky":false,"template":"","format":"standard","meta":{"_acf_changed":false,"_yoast_wpseo_focuskw":"Akustiksensoren","_yoast_wpseo_metadesc":"Akustiksensoren f\u00fcr vorausschauende Wartung: Fr\u00fcherkennung von Sch\u00e4den in Industriebetrieben durch moderne Technologien.","articlekey":"","footnotes":""},"categories":[582],"tags":[],"class_list":["post-20453","post","type-post","status-publish","format-standard","hentry","category-operational-excellence"],"acf":[],"yoast_head":"<!-- This site is optimized with the Yoast SEO plugin v27.5 - https:\/\/yoast.com\/product\/yoast-seo-wordpress\/ -->\n<title>Vorausschauende Wartung mit\u00a0Akustiksensoren - Organisator<\/title>\n<meta name=\"description\" content=\"Akustiksensoren f\u00fcr vorausschauende Wartung: Fr\u00fcherkennung von Sch\u00e4den in Industriebetrieben durch moderne Technologien.\" \/>\n<meta name=\"robots\" content=\"index, follow, max-snippet:-1, max-image-preview:large, max-video-preview:-1\" \/>\n<link rel=\"canonical\" href=\"https:\/\/www.organisator.ch\/fr\/excellence-operationnelle\/2023-05-26\/vorausschauende-wartung-mit-akustiksensoren\/\" \/>\n<meta property=\"og:locale\" content=\"fr_FR\" \/>\n<meta property=\"og:type\" content=\"article\" \/>\n<meta property=\"og:title\" content=\"Vorausschauende Wartung mit\u00a0Akustiksensoren - Organisator\" \/>\n<meta property=\"og:description\" content=\"Akustiksensoren f\u00fcr vorausschauende Wartung: Fr\u00fcherkennung von Sch\u00e4den in Industriebetrieben durch moderne Technologien.\" \/>\n<meta property=\"og:url\" content=\"https:\/\/www.organisator.ch\/fr\/excellence-operationnelle\/2023-05-26\/vorausschauende-wartung-mit-akustiksensoren\/\" \/>\n<meta property=\"og:site_name\" content=\"Organisator\" \/>\n<meta property=\"article:publisher\" content=\"https:\/\/www.facebook.com\/OrganisatorFachmagazin\" \/>\n<meta property=\"article:published_time\" content=\"2023-05-26T05:54:52+00:00\" \/>\n<meta property=\"article:modified_time\" content=\"2024-11-16T07:11:47+00:00\" \/>\n<meta name=\"author\" content=\"galledia\" \/>\n<meta name=\"twitter:card\" content=\"summary_large_image\" \/>\n<meta name=\"twitter:creator\" content=\"@admin\" \/>\n<script type=\"application\/ld+json\" class=\"yoast-schema-graph\">{\"@context\":\"https:\\\/\\\/schema.org\",\"@graph\":[{\"@type\":\"Article\",\"@id\":\"https:\\\/\\\/www.organisator.ch\\\/operational-excellence\\\/2023-05-26\\\/vorausschauende-wartung-mit-akustiksensoren\\\/#article\",\"isPartOf\":{\"@id\":\"https:\\\/\\\/www.organisator.ch\\\/operational-excellence\\\/2023-05-26\\\/vorausschauende-wartung-mit-akustiksensoren\\\/\"},\"author\":{\"name\":\"galledia\",\"@id\":\"https:\\\/\\\/www.organisator.ch\\\/#\\\/schema\\\/person\\\/4e51799071cd2dd1232ac003643ef5f0\"},\"headline\":\"Vorausschauende Wartung mit\u00a0Akustiksensoren\",\"datePublished\":\"2023-05-26T05:54:52+00:00\",\"dateModified\":\"2024-11-16T07:11:47+00:00\",\"mainEntityOfPage\":{\"@id\":\"https:\\\/\\\/www.organisator.ch\\\/operational-excellence\\\/2023-05-26\\\/vorausschauende-wartung-mit-akustiksensoren\\\/\"},\"wordCount\":479,\"publisher\":{\"@id\":\"https:\\\/\\\/www.organisator.ch\\\/#organization\"},\"image\":{\"@id\":\"https:\\\/\\\/www.organisator.ch\\\/operational-excellence\\\/2023-05-26\\\/vorausschauende-wartung-mit-akustiksensoren\\\/#primaryimage\"},\"thumbnailUrl\":\"https:\\\/\\\/www.m-q.ch\\\/wp-content\\\/uploads\\\/2023\\\/05\\\/Vorausschauende-Wartung-mit-Akustiksensoren_MQ.jpg\",\"articleSection\":[\"OPERATIONAL EXCELLENCE\"],\"inLanguage\":\"fr-FR\"},{\"@type\":\"WebPage\",\"@id\":\"https:\\\/\\\/www.organisator.ch\\\/operational-excellence\\\/2023-05-26\\\/vorausschauende-wartung-mit-akustiksensoren\\\/\",\"url\":\"https:\\\/\\\/www.organisator.ch\\\/operational-excellence\\\/2023-05-26\\\/vorausschauende-wartung-mit-akustiksensoren\\\/\",\"name\":\"Vorausschauende Wartung mit\u00a0Akustiksensoren - Organisator\",\"isPartOf\":{\"@id\":\"https:\\\/\\\/www.organisator.ch\\\/#website\"},\"primaryImageOfPage\":{\"@id\":\"https:\\\/\\\/www.organisator.ch\\\/operational-excellence\\\/2023-05-26\\\/vorausschauende-wartung-mit-akustiksensoren\\\/#primaryimage\"},\"image\":{\"@id\":\"https:\\\/\\\/www.organisator.ch\\\/operational-excellence\\\/2023-05-26\\\/vorausschauende-wartung-mit-akustiksensoren\\\/#primaryimage\"},\"thumbnailUrl\":\"https:\\\/\\\/www.m-q.ch\\\/wp-content\\\/uploads\\\/2023\\\/05\\\/Vorausschauende-Wartung-mit-Akustiksensoren_MQ.jpg\",\"datePublished\":\"2023-05-26T05:54:52+00:00\",\"dateModified\":\"2024-11-16T07:11:47+00:00\",\"description\":\"Akustiksensoren f\u00fcr vorausschauende Wartung: Fr\u00fcherkennung von Sch\u00e4den in Industriebetrieben durch moderne Technologien.\",\"breadcrumb\":{\"@id\":\"https:\\\/\\\/www.organisator.ch\\\/operational-excellence\\\/2023-05-26\\\/vorausschauende-wartung-mit-akustiksensoren\\\/#breadcrumb\"},\"inLanguage\":\"fr-FR\",\"potentialAction\":[{\"@type\":\"ReadAction\",\"target\":[\"https:\\\/\\\/www.organisator.ch\\\/operational-excellence\\\/2023-05-26\\\/vorausschauende-wartung-mit-akustiksensoren\\\/\"]}]},{\"@type\":\"ImageObject\",\"inLanguage\":\"fr-FR\",\"@id\":\"https:\\\/\\\/www.organisator.ch\\\/operational-excellence\\\/2023-05-26\\\/vorausschauende-wartung-mit-akustiksensoren\\\/#primaryimage\",\"url\":\"https:\\\/\\\/www.m-q.ch\\\/wp-content\\\/uploads\\\/2023\\\/05\\\/Vorausschauende-Wartung-mit-Akustiksensoren_MQ.jpg\",\"contentUrl\":\"https:\\\/\\\/www.m-q.ch\\\/wp-content\\\/uploads\\\/2023\\\/05\\\/Vorausschauende-Wartung-mit-Akustiksensoren_MQ.jpg\"},{\"@type\":\"BreadcrumbList\",\"@id\":\"https:\\\/\\\/www.organisator.ch\\\/operational-excellence\\\/2023-05-26\\\/vorausschauende-wartung-mit-akustiksensoren\\\/#breadcrumb\",\"itemListElement\":[{\"@type\":\"ListItem\",\"position\":1,\"name\":\"Home\",\"item\":\"https:\\\/\\\/www.organisator.ch\\\/\"},{\"@type\":\"ListItem\",\"position\":2,\"name\":\"Vorausschauende Wartung mit\u00a0Akustiksensoren\"}]},{\"@type\":\"WebSite\",\"@id\":\"https:\\\/\\\/www.organisator.ch\\\/#website\",\"url\":\"https:\\\/\\\/www.organisator.ch\\\/\",\"name\":\"Organisator\",\"description\":\"Kompetent. Praxisnah. Der ORGANISATOR bereitet in 10 Ausgaben pro Jahr die wesentlichen Themen f\u00fcr F\u00fchrungskr\u00e4fte von KMU auf.\",\"publisher\":{\"@id\":\"https:\\\/\\\/www.organisator.ch\\\/#organization\"},\"potentialAction\":[{\"@type\":\"SearchAction\",\"target\":{\"@type\":\"EntryPoint\",\"urlTemplate\":\"https:\\\/\\\/www.organisator.ch\\\/?s={search_term_string}\"},\"query-input\":{\"@type\":\"PropertyValueSpecification\",\"valueRequired\":true,\"valueName\":\"search_term_string\"}}],\"inLanguage\":\"fr-FR\"},{\"@type\":\"Organization\",\"@id\":\"https:\\\/\\\/www.organisator.ch\\\/#organization\",\"name\":\"Organisator\",\"url\":\"https:\\\/\\\/www.organisator.ch\\\/\",\"logo\":{\"@type\":\"ImageObject\",\"inLanguage\":\"fr-FR\",\"@id\":\"https:\\\/\\\/www.organisator.ch\\\/#\\\/schema\\\/logo\\\/image\\\/\",\"url\":\"https:\\\/\\\/www.organisator.ch\\\/wp-content\\\/uploads\\\/2022\\\/01\\\/Logo_Organisator_Website.png\",\"contentUrl\":\"https:\\\/\\\/www.organisator.ch\\\/wp-content\\\/uploads\\\/2022\\\/01\\\/Logo_Organisator_Website.png\",\"width\":800,\"height\":77,\"caption\":\"Organisator\"},\"image\":{\"@id\":\"https:\\\/\\\/www.organisator.ch\\\/#\\\/schema\\\/logo\\\/image\\\/\"},\"sameAs\":[\"https:\\\/\\\/www.facebook.com\\\/OrganisatorFachmagazin\",\"https:\\\/\\\/www.linkedin.com\\\/showcase\\\/organisator-das-magazin-fr-kmu\",\"https:\\\/\\\/www.xing.com\\\/news\\\/pages\\\/organisator-ch-695\",\"https:\\\/\\\/www.youtube.com\\\/channel\\\/UCGP2Sq0iWaZwT3BdIAQFYpw\"]},{\"@type\":\"Person\",\"@id\":\"https:\\\/\\\/www.organisator.ch\\\/#\\\/schema\\\/person\\\/4e51799071cd2dd1232ac003643ef5f0\",\"name\":\"galledia\",\"image\":{\"@type\":\"ImageObject\",\"inLanguage\":\"fr-FR\",\"@id\":\"https:\\\/\\\/secure.gravatar.com\\\/avatar\\\/78a7f90c01fc2bfc875782a0d4922b37cde2cf184ce347b91316d23cd7f69a36?s=96&d=mm&r=g\",\"url\":\"https:\\\/\\\/secure.gravatar.com\\\/avatar\\\/78a7f90c01fc2bfc875782a0d4922b37cde2cf184ce347b91316d23cd7f69a36?s=96&d=mm&r=g\",\"contentUrl\":\"https:\\\/\\\/secure.gravatar.com\\\/avatar\\\/78a7f90c01fc2bfc875782a0d4922b37cde2cf184ce347b91316d23cd7f69a36?s=96&d=mm&r=g\",\"caption\":\"galledia\"},\"sameAs\":[\"https:\\\/\\\/x.com\\\/admin\"],\"url\":\"https:\\\/\\\/www.organisator.ch\\\/fr\\\/author\\\/galledia\\\/\"}]}<\/script>\n<!-- \/ Yoast SEO plugin. -->","yoast_head_json":{"title":"Maintenance pr\u00e9dictive avec des capteurs acoustiques - Organisateur","description":"Capteurs acoustiques pour la maintenance pr\u00e9dictive : d\u00e9tection pr\u00e9coce des dommages dans les entreprises industrielles gr\u00e2ce \u00e0 des technologies modernes.","robots":{"index":"index","follow":"follow","max-snippet":"max-snippet:-1","max-image-preview":"max-image-preview:large","max-video-preview":"max-video-preview:-1"},"canonical":"https:\/\/www.organisator.ch\/fr\/excellence-operationnelle\/2023-05-26\/vorausschauende-wartung-mit-akustiksensoren\/","og_locale":"fr_FR","og_type":"article","og_title":"Vorausschauende Wartung mit\u00a0Akustiksensoren - Organisator","og_description":"Akustiksensoren f\u00fcr vorausschauende Wartung: Fr\u00fcherkennung von Sch\u00e4den in Industriebetrieben durch moderne Technologien.","og_url":"https:\/\/www.organisator.ch\/fr\/excellence-operationnelle\/2023-05-26\/vorausschauende-wartung-mit-akustiksensoren\/","og_site_name":"Organisator","article_publisher":"https:\/\/www.facebook.com\/OrganisatorFachmagazin","article_published_time":"2023-05-26T05:54:52+00:00","article_modified_time":"2024-11-16T07:11:47+00:00","author":"galledia","twitter_card":"summary_large_image","twitter_creator":"@admin","schema":{"@context":"https:\/\/schema.org","@graph":[{"@type":"Article","@id":"https:\/\/www.organisator.ch\/operational-excellence\/2023-05-26\/vorausschauende-wartung-mit-akustiksensoren\/#article","isPartOf":{"@id":"https:\/\/www.organisator.ch\/operational-excellence\/2023-05-26\/vorausschauende-wartung-mit-akustiksensoren\/"},"author":{"name":"galledia","@id":"https:\/\/www.organisator.ch\/#\/schema\/person\/4e51799071cd2dd1232ac003643ef5f0"},"headline":"Vorausschauende Wartung mit\u00a0Akustiksensoren","datePublished":"2023-05-26T05:54:52+00:00","dateModified":"2024-11-16T07:11:47+00:00","mainEntityOfPage":{"@id":"https:\/\/www.organisator.ch\/operational-excellence\/2023-05-26\/vorausschauende-wartung-mit-akustiksensoren\/"},"wordCount":479,"publisher":{"@id":"https:\/\/www.organisator.ch\/#organization"},"image":{"@id":"https:\/\/www.organisator.ch\/operational-excellence\/2023-05-26\/vorausschauende-wartung-mit-akustiksensoren\/#primaryimage"},"thumbnailUrl":"https:\/\/www.m-q.ch\/wp-content\/uploads\/2023\/05\/Vorausschauende-Wartung-mit-Akustiksensoren_MQ.jpg","articleSection":["OPERATIONAL EXCELLENCE"],"inLanguage":"fr-FR"},{"@type":"WebPage","@id":"https:\/\/www.organisator.ch\/operational-excellence\/2023-05-26\/vorausschauende-wartung-mit-akustiksensoren\/","url":"https:\/\/www.organisator.ch\/operational-excellence\/2023-05-26\/vorausschauende-wartung-mit-akustiksensoren\/","name":"Maintenance pr\u00e9dictive avec des capteurs acoustiques - Organisateur","isPartOf":{"@id":"https:\/\/www.organisator.ch\/#website"},"primaryImageOfPage":{"@id":"https:\/\/www.organisator.ch\/operational-excellence\/2023-05-26\/vorausschauende-wartung-mit-akustiksensoren\/#primaryimage"},"image":{"@id":"https:\/\/www.organisator.ch\/operational-excellence\/2023-05-26\/vorausschauende-wartung-mit-akustiksensoren\/#primaryimage"},"thumbnailUrl":"https:\/\/www.m-q.ch\/wp-content\/uploads\/2023\/05\/Vorausschauende-Wartung-mit-Akustiksensoren_MQ.jpg","datePublished":"2023-05-26T05:54:52+00:00","dateModified":"2024-11-16T07:11:47+00:00","description":"Capteurs acoustiques pour la maintenance pr\u00e9dictive : d\u00e9tection pr\u00e9coce des dommages dans les entreprises industrielles gr\u00e2ce \u00e0 des technologies modernes.","breadcrumb":{"@id":"https:\/\/www.organisator.ch\/operational-excellence\/2023-05-26\/vorausschauende-wartung-mit-akustiksensoren\/#breadcrumb"},"inLanguage":"fr-FR","potentialAction":[{"@type":"ReadAction","target":["https:\/\/www.organisator.ch\/operational-excellence\/2023-05-26\/vorausschauende-wartung-mit-akustiksensoren\/"]}]},{"@type":"ImageObject","inLanguage":"fr-FR","@id":"https:\/\/www.organisator.ch\/operational-excellence\/2023-05-26\/vorausschauende-wartung-mit-akustiksensoren\/#primaryimage","url":"https:\/\/www.m-q.ch\/wp-content\/uploads\/2023\/05\/Vorausschauende-Wartung-mit-Akustiksensoren_MQ.jpg","contentUrl":"https:\/\/www.m-q.ch\/wp-content\/uploads\/2023\/05\/Vorausschauende-Wartung-mit-Akustiksensoren_MQ.jpg"},{"@type":"BreadcrumbList","@id":"https:\/\/www.organisator.ch\/operational-excellence\/2023-05-26\/vorausschauende-wartung-mit-akustiksensoren\/#breadcrumb","itemListElement":[{"@type":"ListItem","position":1,"name":"Home","item":"https:\/\/www.organisator.ch\/"},{"@type":"ListItem","position":2,"name":"Vorausschauende Wartung mit\u00a0Akustiksensoren"}]},{"@type":"WebSite","@id":"https:\/\/www.organisator.ch\/#website","url":"https:\/\/www.organisator.ch\/","name":"Organisateur","description":"Comp\u00e9tence et comp\u00e9tence. Proches de la pratique. L'ORGANISATEUR pr\u00e9pare 10 num\u00e9ros par an sur les th\u00e8mes essentiels pour les dirigeants de PME.","publisher":{"@id":"https:\/\/www.organisator.ch\/#organization"},"potentialAction":[{"@type":"SearchAction","target":{"@type":"EntryPoint","urlTemplate":"https:\/\/www.organisator.ch\/?s={search_term_string}"},"query-input":{"@type":"PropertyValueSpecification","valueRequired":true,"valueName":"search_term_string"}}],"inLanguage":"fr-FR"},{"@type":"Organization","@id":"https:\/\/www.organisator.ch\/#organization","name":"Organisateur","url":"https:\/\/www.organisator.ch\/","logo":{"@type":"ImageObject","inLanguage":"fr-FR","@id":"https:\/\/www.organisator.ch\/#\/schema\/logo\/image\/","url":"https:\/\/www.organisator.ch\/wp-content\/uploads\/2022\/01\/Logo_Organisator_Website.png","contentUrl":"https:\/\/www.organisator.ch\/wp-content\/uploads\/2022\/01\/Logo_Organisator_Website.png","width":800,"height":77,"caption":"Organisator"},"image":{"@id":"https:\/\/www.organisator.ch\/#\/schema\/logo\/image\/"},"sameAs":["https:\/\/www.facebook.com\/OrganisatorFachmagazin","https:\/\/www.linkedin.com\/showcase\/organisator-das-magazin-fr-kmu","https:\/\/www.xing.com\/news\/pages\/organisator-ch-695","https:\/\/www.youtube.com\/channel\/UCGP2Sq0iWaZwT3BdIAQFYpw"]},{"@type":"Person","@id":"https:\/\/www.organisator.ch\/#\/schema\/person\/4e51799071cd2dd1232ac003643ef5f0","name":"galledia","image":{"@type":"ImageObject","inLanguage":"fr-FR","@id":"https:\/\/secure.gravatar.com\/avatar\/78a7f90c01fc2bfc875782a0d4922b37cde2cf184ce347b91316d23cd7f69a36?s=96&d=mm&r=g","url":"https:\/\/secure.gravatar.com\/avatar\/78a7f90c01fc2bfc875782a0d4922b37cde2cf184ce347b91316d23cd7f69a36?s=96&d=mm&r=g","contentUrl":"https:\/\/secure.gravatar.com\/avatar\/78a7f90c01fc2bfc875782a0d4922b37cde2cf184ce347b91316d23cd7f69a36?s=96&d=mm&r=g","caption":"galledia"},"sameAs":["https:\/\/x.com\/admin"],"url":"https:\/\/www.organisator.ch\/fr\/author\/galledia\/"}]}},"_links":{"self":[{"href":"https:\/\/www.organisator.ch\/fr\/wp-json\/wp\/v2\/posts\/20453","targetHints":{"allow":["GET"]}}],"collection":[{"href":"https:\/\/www.organisator.ch\/fr\/wp-json\/wp\/v2\/posts"}],"about":[{"href":"https:\/\/www.organisator.ch\/fr\/wp-json\/wp\/v2\/types\/post"}],"author":[{"embeddable":true,"href":"https:\/\/www.organisator.ch\/fr\/wp-json\/wp\/v2\/users\/8"}],"replies":[{"embeddable":true,"href":"https:\/\/www.organisator.ch\/fr\/wp-json\/wp\/v2\/comments?post=20453"}],"version-history":[{"count":4,"href":"https:\/\/www.organisator.ch\/fr\/wp-json\/wp\/v2\/posts\/20453\/revisions"}],"predecessor-version":[{"id":33130,"href":"https:\/\/www.organisator.ch\/fr\/wp-json\/wp\/v2\/posts\/20453\/revisions\/33130"}],"wp:attachment":[{"href":"https:\/\/www.organisator.ch\/fr\/wp-json\/wp\/v2\/media?parent=20453"}],"wp:term":[{"taxonomy":"category","embeddable":true,"href":"https:\/\/www.organisator.ch\/fr\/wp-json\/wp\/v2\/categories?post=20453"},{"taxonomy":"post_tag","embeddable":true,"href":"https:\/\/www.organisator.ch\/fr\/wp-json\/wp\/v2\/tags?post=20453"}],"curies":[{"name":"wp","href":"https:\/\/api.w.org\/{rel}","templated":true}]}}