{"id":2051,"date":"2017-06-14T10:30:55","date_gmt":"2017-06-14T08:30:55","guid":{"rendered":"https:\/\/www.organisator.ch\/?p=2051"},"modified":"2017-06-14T10:30:55","modified_gmt":"2017-06-14T08:30:55","slug":"fuehrungswechsel-beim-swiss-venture-club-svc","status":"publish","type":"post","link":"https:\/\/www.organisator.ch\/fr\/allgemein\/2017-06-14\/fuehrungswechsel-beim-swiss-venture-club-svc\/","title":{"rendered":"Changement de direction au Swiss Venture Club SVC"},"content":{"rendered":"<figure id=\"attachment_2052\" aria-describedby=\"caption-attachment-2052\" style=\"width: 640px\" class=\"wp-caption alignnone\"><img loading=\"lazy\" decoding=\"async\" class=\"size-full wp-image-2052\" src=\"https:\/\/www.organisator.ch\/wp-content\/uploads\/2017\/06\/Fuehrungswechsel-beim-Swiss-Venture-Club-SVC_Organisator.jpg\" alt=\"\" width=\"640\" height=\"427\" srcset=\"https:\/\/www.organisator.ch\/wp-content\/uploads\/2017\/06\/Fuehrungswechsel-beim-Swiss-Venture-Club-SVC_Organisator.jpg 640w, https:\/\/www.organisator.ch\/wp-content\/uploads\/2017\/06\/Fuehrungswechsel-beim-Swiss-Venture-Club-SVC_Organisator-16x12.jpg 16w, https:\/\/www.organisator.ch\/wp-content\/uploads\/2017\/06\/Fuehrungswechsel-beim-Swiss-Venture-Club-SVC_Organisator-262x175.jpg 262w, https:\/\/www.organisator.ch\/wp-content\/uploads\/2017\/06\/Fuehrungswechsel-beim-Swiss-Venture-Club-SVC_Organisator-525x350.jpg 525w, https:\/\/www.organisator.ch\/wp-content\/uploads\/2017\/06\/Fuehrungswechsel-beim-Swiss-Venture-Club-SVC_Organisator-300x200.jpg 300w\" sizes=\"auto, (max-width: 640px) 100vw, 640px\" \/><figcaption id=\"caption-attachment-2052\" class=\"wp-caption-text\">Andreas Gerber (\u00e0 gauche) se met \u00e0 disposition pour succ\u00e9der \u00e0 Hans-Ulrich M\u00fcller (\u00e0 droite) \u00e0 la pr\u00e9sidence du SVC. (Image : service de presse SVC)<\/figcaption><\/figure>\n<p>Avec Andreas Gerber, le nouveau pr\u00e9sident du SVC sera une personnalit\u00e9 qui conna\u00eet l'association de l'int\u00e9rieur et qui pourra ainsi garantir la continuit\u00e9. Gerber est membre du Comit\u00e9 directeur depuis deux ans et \u00e9tait d\u00e9j\u00e0 auparavant responsable r\u00e9gional du SVC dans l'Espace Mittelland et dans l'espace \u00e9conomique zurichois, ainsi que membre du jury du Prix SVC. En tant que responsable des affaires PME suisses du Credit Suisse, il conna\u00eet parfaitement les d\u00e9fis et les chances de la Suisse en tant que site pour les PME. \"Le Swiss Venture Club est une histoire \u00e0 succ\u00e8s et est devenu indispensable en tant que r\u00e9seau d'entrepreneurs\", d\u00e9clare Gerber. \"Je suis fier de succ\u00e9der \u00e0 Hans-Ulrich M\u00fcller \u00e0 la pr\u00e9sidence de cette association performante et bien g\u00e9r\u00e9e. C'est avec enthousiasme que je poursuivrai et d\u00e9velopperai le SVC dans sa forme \u00e9prouv\u00e9e, afin de promouvoir et de soutenir l'entrepreneuriat en Suisse\".<\/p>\n<p><strong>Le c\u0153ur \u00e0 l'ouvrage et la continuit\u00e9 comme piliers centraux <\/strong><\/p>\n<p>Gerber doit succ\u00e9der \u00e0 Hans-Ulrich M\u00fcller, l'initiateur du SVC, qui s'est investi avec beaucoup de passion et d'engagement dans la mise en place et le d\u00e9veloppement du SVC au cours des 16 derni\u00e8res ann\u00e9es et qui ne se repr\u00e9sentera pas pour un nouveau mandat. \"C'est l'alliance de la continuit\u00e9 et de la force d'innovation qui caract\u00e9rise les PME suisses les plus solides. Le cycle de vie d'une PME va bien au-del\u00e0 de l'horizon d'un fondateur ou d'un propri\u00e9taire. C'est exactement la m\u00eame chose pour le SVC\", explique Hans-Ulrich M\u00fcller. \"Quand je vois o\u00f9 nous en sommes et ce qui est encore possible ; quand je vois l'\u00e9nergie et l'exp\u00e9rience qu'Andreas Gerber apporte, il est clair pour moi que c'est le moment parfait pour partir et laisser la place \u00e0 une nouvelle g\u00e9n\u00e9ration avec de nouvelles id\u00e9es\". Outre Hans-Ulrich M\u00fcller, Elisabeth Z\u00f6lch B\u00fchrer, un autre membre fondateur, se retirera du comit\u00e9 directeur, tout comme Brigitte Breisacher, Denis Grisel et Silvio Tarchini.<\/p>\n<p><strong>Une nouvelle g\u00e9n\u00e9ration prometteuse<\/strong><\/p>\n<p>Gr\u00e2ce \u00e0 une planification pr\u00e9voyante, la recherche de successeurs est d\u00e9j\u00e0 termin\u00e9e. Les deux conseillers nationaux Marcel Dobler et Fabio Regazzi, d'une part, et l'entrepreneuse Corinne Fischer et Thomas Trachsler, membre de la direction de La Mobili\u00e8re, d'autre part, se sont mis \u00e0 disposition. Lors de la s\u00e9lection des candidats, il a \u00e9t\u00e9 tenu compte non seulement d'un grand attachement \u00e0 l'\u00e9conomie des PME, mais aussi d'une repr\u00e9sentation \u00e9quilibr\u00e9e des r\u00e9gions et des branches au sein du futur comit\u00e9. Elisabeth Z\u00f6lch B\u00fchrer se dit heureuse et fi\u00e8re que ces quatre personnalit\u00e9s aient pu \u00eatre recrut\u00e9es : \"Elles poss\u00e8dent toutes les qualit\u00e9s n\u00e9cessaires pour faire \u00e9voluer l'association de mani\u00e8re substantielle et pour permettre l'acc\u00e8s \u00e0 de nouveaux r\u00e9seaux\", affirme-t-elle avec conviction. \"En m\u00eame temps, leur disponibilit\u00e9 t\u00e9moigne de l'importance que rev\u00eat le SVC dans les milieux \u00e9conomiques et politiques\". Le nouveau pr\u00e9sident et les nouveaux membres du comit\u00e9 seront \u00e9lus lors de l'assembl\u00e9e g\u00e9n\u00e9rale du 6 septembre 2017.<\/p>\n<p><strong>Merci \u00e0 un visionnaire et \u00e0 un homme d'action<\/strong><\/p>\n<p>Le Swiss Venture Club est n\u00e9 de l'id\u00e9e et de l'initiative de Hans-Ulrich M\u00fcller, qui a fond\u00e9 l'association en 2001 avec Elisabeth Z\u00f6lch B\u00fchrer et Beat Brechb\u00fchl. Sous sa direction en tant que pr\u00e9sident, le Swiss Venture Club est devenu l'un des principaux r\u00e9seaux d'entrepreneurs de Suisse. Le SVC fait l'objet d'une attention particuli\u00e8re avec l'attribution du Prix SVC \u00e0 des entreprises exemplaires et innovantes. Jusqu'\u00e0 pr\u00e9sent, 51 remises de prix ont eu lieu dans sept r\u00e9gions et plus de 300 entreprises ont \u00e9t\u00e9 r\u00e9compens\u00e9es.<\/p>\n<p>&nbsp;<\/p>","protected":false},"excerpt":{"rendered":"<p>Mit Andreas Gerber soll eine Pers\u00f6nlichkeit neuer Pr\u00e4sident des SVC werden, die den Verein von innen kennt und die dadurch Kontinuit\u00e4t gew\u00e4hrleistet. Gerber ist seit zwei Jahren Vorstandsmitglied und war bereits davor sowohl im Espace Mittelland wie auch im Wirtschaftsraum Z\u00fcrich jeweils SVC Regionenleiter und Jurymitglied des Prix SVC. Als Leiter des Schweizer KMU-Gesch\u00e4fts der [&hellip;]<\/p>\n","protected":false},"author":4,"featured_media":2052,"comment_status":"open","ping_status":"open","sticky":false,"template":"","format":"standard","meta":{"_acf_changed":false,"_yoast_wpseo_focuskw":"SVC","_yoast_wpseo_metadesc":"Der Swiss Venture Club (SVC) bekommt einen neuen Pr\u00e4sidenten. Mit Andreas Gerber stellt sich wiederum ein profunder Kenner der KMU-Landschaft zur Verf\u00fcgung.","articlekey":"","footnotes":""},"categories":[1],"tags":[275,381,492,503],"class_list":["post-2051","post","type-post","status-publish","format-standard","has-post-thumbnail","hentry","category-allgemein","tag-institutionen","tag-personalia","tag-unternehmen","tag-verbaende"],"acf":[],"yoast_head":"<!-- This site is optimized with the Yoast SEO plugin v27.4 - https:\/\/yoast.com\/product\/yoast-seo-wordpress\/ -->\n<title>F\u00fchrungswechsel beim Swiss Venture Club SVC - Organisator<\/title>\n<meta name=\"description\" content=\"Der Swiss Venture Club (SVC) bekommt einen neuen Pr\u00e4sidenten. Mit Andreas Gerber stellt sich wiederum ein profunder Kenner der KMU-Landschaft zur Verf\u00fcgung.\" \/>\n<meta name=\"robots\" content=\"index, follow, max-snippet:-1, max-image-preview:large, max-video-preview:-1\" \/>\n<link rel=\"canonical\" href=\"https:\/\/www.organisator.ch\/fr\/general\/2017-06-14\/fuehrungswechsel-beim-swiss-venture-club-svc\/\" \/>\n<meta property=\"og:locale\" content=\"fr_FR\" \/>\n<meta property=\"og:type\" content=\"article\" \/>\n<meta property=\"og:title\" content=\"F\u00fchrungswechsel beim Swiss Venture Club SVC\" \/>\n<meta property=\"og:description\" content=\"Der Swiss Venture Club (#SVC) bekommt einen neuen Pr\u00e4sidenten. Mit Andreas Gerber stellt sich wiederum ein Kader der Credit Suisse und ein profunder Kenner der KMU-Landschaft zur Verf\u00fcgung.\" \/>\n<meta property=\"og:url\" content=\"https:\/\/www.organisator.ch\/fr\/general\/2017-06-14\/fuehrungswechsel-beim-swiss-venture-club-svc\/\" \/>\n<meta property=\"og:site_name\" content=\"Organisator\" \/>\n<meta property=\"article:publisher\" content=\"https:\/\/www.facebook.com\/OrganisatorFachmagazin\" \/>\n<meta property=\"article:published_time\" content=\"2017-06-14T08:30:55+00:00\" \/>\n<meta property=\"og:image\" content=\"https:\/\/www.organisator.ch\/wp-content\/uploads\/2017\/06\/Fuehrungswechsel-beim-Swiss-Venture-Club-SVC-2_Organisator.jpg\" \/>\n\t<meta property=\"og:image:width\" content=\"336\" \/>\n\t<meta property=\"og:image:height\" content=\"343\" \/>\n\t<meta property=\"og:image:type\" content=\"image\/jpeg\" \/>\n<meta name=\"author\" content=\"thomas.berner\" \/>\n<meta name=\"twitter:card\" content=\"summary_large_image\" \/>\n<meta name=\"twitter:title\" content=\"#F\u00fchrungswechsel beim Swiss Venture Club #SVC\" \/>\n<meta name=\"twitter:description\" content=\"Der Swiss Venture Club (#SVC) bekommt einen neuen Pr\u00e4sidenten. Mit Andreas Gerber stellt sich wiederum ein Kader der Credit Suisse und ein profunder Kenner der KMU-Landschaft zur Verf\u00fcgung.\" \/>\n<meta name=\"twitter:image\" content=\"https:\/\/www.organisator.ch\/wp-content\/uploads\/2017\/06\/F\u00fchrungswechsel-beim-Swiss-Venture-Club-SVC-2_Organisator.jpg\" \/>\n<script type=\"application\/ld+json\" class=\"yoast-schema-graph\">{\"@context\":\"https:\\\/\\\/schema.org\",\"@graph\":[{\"@type\":\"Article\",\"@id\":\"https:\\\/\\\/www.organisator.ch\\\/de\\\/allgemein\\\/2017-06-14\\\/fuehrungswechsel-beim-swiss-venture-club-svc\\\/#article\",\"isPartOf\":{\"@id\":\"https:\\\/\\\/www.organisator.ch\\\/de\\\/allgemein\\\/2017-06-14\\\/fuehrungswechsel-beim-swiss-venture-club-svc\\\/\"},\"author\":{\"name\":\"thomas.berner\",\"@id\":\"https:\\\/\\\/www.organisator.ch\\\/#\\\/schema\\\/person\\\/6f650f90b2842cd4c0cc334b4e36f67e\"},\"headline\":\"F\u00fchrungswechsel beim Swiss Venture Club SVC\",\"datePublished\":\"2017-06-14T08:30:55+00:00\",\"mainEntityOfPage\":{\"@id\":\"https:\\\/\\\/www.organisator.ch\\\/de\\\/allgemein\\\/2017-06-14\\\/fuehrungswechsel-beim-swiss-venture-club-svc\\\/\"},\"wordCount\":580,\"commentCount\":0,\"publisher\":{\"@id\":\"https:\\\/\\\/www.organisator.ch\\\/#organization\"},\"image\":{\"@id\":\"https:\\\/\\\/www.organisator.ch\\\/de\\\/allgemein\\\/2017-06-14\\\/fuehrungswechsel-beim-swiss-venture-club-svc\\\/#primaryimage\"},\"thumbnailUrl\":\"https:\\\/\\\/www.organisator.ch\\\/wp-content\\\/uploads\\\/2017\\\/06\\\/Fuehrungswechsel-beim-Swiss-Venture-Club-SVC_Organisator.jpg\",\"keywords\":[\"Institutionen\",\"Personalia\",\"Unternehmen\",\"Verb\u00e4nde\"],\"articleSection\":[\"Allgemein\"],\"inLanguage\":\"fr-FR\"},{\"@type\":\"WebPage\",\"@id\":\"https:\\\/\\\/www.organisator.ch\\\/de\\\/allgemein\\\/2017-06-14\\\/fuehrungswechsel-beim-swiss-venture-club-svc\\\/\",\"url\":\"https:\\\/\\\/www.organisator.ch\\\/de\\\/allgemein\\\/2017-06-14\\\/fuehrungswechsel-beim-swiss-venture-club-svc\\\/\",\"name\":\"F\u00fchrungswechsel beim Swiss Venture Club SVC - Organisator\",\"isPartOf\":{\"@id\":\"https:\\\/\\\/www.organisator.ch\\\/#website\"},\"primaryImageOfPage\":{\"@id\":\"https:\\\/\\\/www.organisator.ch\\\/de\\\/allgemein\\\/2017-06-14\\\/fuehrungswechsel-beim-swiss-venture-club-svc\\\/#primaryimage\"},\"image\":{\"@id\":\"https:\\\/\\\/www.organisator.ch\\\/de\\\/allgemein\\\/2017-06-14\\\/fuehrungswechsel-beim-swiss-venture-club-svc\\\/#primaryimage\"},\"thumbnailUrl\":\"https:\\\/\\\/www.organisator.ch\\\/wp-content\\\/uploads\\\/2017\\\/06\\\/Fuehrungswechsel-beim-Swiss-Venture-Club-SVC_Organisator.jpg\",\"datePublished\":\"2017-06-14T08:30:55+00:00\",\"description\":\"Der Swiss Venture Club (SVC) bekommt einen neuen Pr\u00e4sidenten. Mit Andreas Gerber stellt sich wiederum ein profunder Kenner der KMU-Landschaft zur Verf\u00fcgung.\",\"breadcrumb\":{\"@id\":\"https:\\\/\\\/www.organisator.ch\\\/de\\\/allgemein\\\/2017-06-14\\\/fuehrungswechsel-beim-swiss-venture-club-svc\\\/#breadcrumb\"},\"inLanguage\":\"fr-FR\",\"potentialAction\":[{\"@type\":\"ReadAction\",\"target\":[\"https:\\\/\\\/www.organisator.ch\\\/de\\\/allgemein\\\/2017-06-14\\\/fuehrungswechsel-beim-swiss-venture-club-svc\\\/\"]}]},{\"@type\":\"ImageObject\",\"inLanguage\":\"fr-FR\",\"@id\":\"https:\\\/\\\/www.organisator.ch\\\/de\\\/allgemein\\\/2017-06-14\\\/fuehrungswechsel-beim-swiss-venture-club-svc\\\/#primaryimage\",\"url\":\"https:\\\/\\\/www.organisator.ch\\\/wp-content\\\/uploads\\\/2017\\\/06\\\/Fuehrungswechsel-beim-Swiss-Venture-Club-SVC_Organisator.jpg\",\"contentUrl\":\"https:\\\/\\\/www.organisator.ch\\\/wp-content\\\/uploads\\\/2017\\\/06\\\/Fuehrungswechsel-beim-Swiss-Venture-Club-SVC_Organisator.jpg\",\"width\":640,\"height\":427,\"caption\":\"Andreas Gerber (links) stellt sich als Nachfolger von Hans-Ulrich M\u00fcller als neuer Pr\u00e4sident des SVC zur Verf\u00fcgung. (Bild: Pressedienst SVC)\"},{\"@type\":\"BreadcrumbList\",\"@id\":\"https:\\\/\\\/www.organisator.ch\\\/de\\\/allgemein\\\/2017-06-14\\\/fuehrungswechsel-beim-swiss-venture-club-svc\\\/#breadcrumb\",\"itemListElement\":[{\"@type\":\"ListItem\",\"position\":1,\"name\":\"Home\",\"item\":\"https:\\\/\\\/www.organisator.ch\\\/\"},{\"@type\":\"ListItem\",\"position\":2,\"name\":\"F\u00fchrungswechsel beim Swiss Venture Club SVC\"}]},{\"@type\":\"WebSite\",\"@id\":\"https:\\\/\\\/www.organisator.ch\\\/#website\",\"url\":\"https:\\\/\\\/www.organisator.ch\\\/\",\"name\":\"Organisator\",\"description\":\"Kompetent. Praxisnah. Der ORGANISATOR bereitet in 10 Ausgaben pro Jahr die wesentlichen Themen f\u00fcr F\u00fchrungskr\u00e4fte von KMU auf.\",\"publisher\":{\"@id\":\"https:\\\/\\\/www.organisator.ch\\\/#organization\"},\"potentialAction\":[{\"@type\":\"SearchAction\",\"target\":{\"@type\":\"EntryPoint\",\"urlTemplate\":\"https:\\\/\\\/www.organisator.ch\\\/?s={search_term_string}\"},\"query-input\":{\"@type\":\"PropertyValueSpecification\",\"valueRequired\":true,\"valueName\":\"search_term_string\"}}],\"inLanguage\":\"fr-FR\"},{\"@type\":\"Organization\",\"@id\":\"https:\\\/\\\/www.organisator.ch\\\/#organization\",\"name\":\"Organisator\",\"url\":\"https:\\\/\\\/www.organisator.ch\\\/\",\"logo\":{\"@type\":\"ImageObject\",\"inLanguage\":\"fr-FR\",\"@id\":\"https:\\\/\\\/www.organisator.ch\\\/#\\\/schema\\\/logo\\\/image\\\/\",\"url\":\"https:\\\/\\\/www.organisator.ch\\\/wp-content\\\/uploads\\\/2022\\\/01\\\/Logo_Organisator_Website.png\",\"contentUrl\":\"https:\\\/\\\/www.organisator.ch\\\/wp-content\\\/uploads\\\/2022\\\/01\\\/Logo_Organisator_Website.png\",\"width\":800,\"height\":77,\"caption\":\"Organisator\"},\"image\":{\"@id\":\"https:\\\/\\\/www.organisator.ch\\\/#\\\/schema\\\/logo\\\/image\\\/\"},\"sameAs\":[\"https:\\\/\\\/www.facebook.com\\\/OrganisatorFachmagazin\",\"https:\\\/\\\/www.linkedin.com\\\/showcase\\\/organisator-das-magazin-fr-kmu\",\"https:\\\/\\\/www.xing.com\\\/news\\\/pages\\\/organisator-ch-695\",\"https:\\\/\\\/www.youtube.com\\\/channel\\\/UCGP2Sq0iWaZwT3BdIAQFYpw\"]},{\"@type\":\"Person\",\"@id\":\"https:\\\/\\\/www.organisator.ch\\\/#\\\/schema\\\/person\\\/6f650f90b2842cd4c0cc334b4e36f67e\",\"name\":\"thomas.berner\",\"image\":{\"@type\":\"ImageObject\",\"inLanguage\":\"fr-FR\",\"@id\":\"https:\\\/\\\/secure.gravatar.com\\\/avatar\\\/ac5001d2a36cb6c6cd3e50789007ffca834b477b74a2144564522e944eabff61?s=96&d=mm&r=g\",\"url\":\"https:\\\/\\\/secure.gravatar.com\\\/avatar\\\/ac5001d2a36cb6c6cd3e50789007ffca834b477b74a2144564522e944eabff61?s=96&d=mm&r=g\",\"contentUrl\":\"https:\\\/\\\/secure.gravatar.com\\\/avatar\\\/ac5001d2a36cb6c6cd3e50789007ffca834b477b74a2144564522e944eabff61?s=96&d=mm&r=g\",\"caption\":\"thomas.berner\"},\"url\":\"https:\\\/\\\/www.organisator.ch\\\/fr\\\/author\\\/thomas-berner\\\/\"}]}<\/script>\n<!-- \/ Yoast SEO plugin. -->","yoast_head_json":{"title":"Changement de direction au Swiss Venture Club SVC - Organisateur","description":"Le Swiss Venture Club (SVC) a un nouveau pr\u00e9sident. En la personne d'Andreas Gerber, c'est \u00e0 nouveau un fin connaisseur du paysage des PME qui se met \u00e0 disposition.","robots":{"index":"index","follow":"follow","max-snippet":"max-snippet:-1","max-image-preview":"max-image-preview:large","max-video-preview":"max-video-preview:-1"},"canonical":"https:\/\/www.organisator.ch\/fr\/general\/2017-06-14\/fuehrungswechsel-beim-swiss-venture-club-svc\/","og_locale":"fr_FR","og_type":"article","og_title":"F\u00fchrungswechsel beim Swiss Venture Club SVC","og_description":"Der Swiss Venture Club (#SVC) bekommt einen neuen Pr\u00e4sidenten. Mit Andreas Gerber stellt sich wiederum ein Kader der Credit Suisse und ein profunder Kenner der KMU-Landschaft zur Verf\u00fcgung.","og_url":"https:\/\/www.organisator.ch\/fr\/general\/2017-06-14\/fuehrungswechsel-beim-swiss-venture-club-svc\/","og_site_name":"Organisator","article_publisher":"https:\/\/www.facebook.com\/OrganisatorFachmagazin","article_published_time":"2017-06-14T08:30:55+00:00","og_image":[{"width":336,"height":343,"url":"https:\/\/www.organisator.ch\/wp-content\/uploads\/2017\/06\/Fuehrungswechsel-beim-Swiss-Venture-Club-SVC-2_Organisator.jpg","type":"image\/jpeg"}],"author":"thomas.berner","twitter_card":"summary_large_image","twitter_title":"#F\u00fchrungswechsel beim Swiss Venture Club #SVC","twitter_description":"Der Swiss Venture Club (#SVC) bekommt einen neuen Pr\u00e4sidenten. Mit Andreas Gerber stellt sich wiederum ein Kader der Credit Suisse und ein profunder Kenner der KMU-Landschaft zur Verf\u00fcgung.","twitter_image":"https:\/\/www.organisator.ch\/wp-content\/uploads\/2017\/06\/F\u00fchrungswechsel-beim-Swiss-Venture-Club-SVC-2_Organisator.jpg","schema":{"@context":"https:\/\/schema.org","@graph":[{"@type":"Article","@id":"https:\/\/www.organisator.ch\/de\/allgemein\/2017-06-14\/fuehrungswechsel-beim-swiss-venture-club-svc\/#article","isPartOf":{"@id":"https:\/\/www.organisator.ch\/de\/allgemein\/2017-06-14\/fuehrungswechsel-beim-swiss-venture-club-svc\/"},"author":{"name":"thomas.berner","@id":"https:\/\/www.organisator.ch\/#\/schema\/person\/6f650f90b2842cd4c0cc334b4e36f67e"},"headline":"F\u00fchrungswechsel beim Swiss Venture Club SVC","datePublished":"2017-06-14T08:30:55+00:00","mainEntityOfPage":{"@id":"https:\/\/www.organisator.ch\/de\/allgemein\/2017-06-14\/fuehrungswechsel-beim-swiss-venture-club-svc\/"},"wordCount":580,"commentCount":0,"publisher":{"@id":"https:\/\/www.organisator.ch\/#organization"},"image":{"@id":"https:\/\/www.organisator.ch\/de\/allgemein\/2017-06-14\/fuehrungswechsel-beim-swiss-venture-club-svc\/#primaryimage"},"thumbnailUrl":"https:\/\/www.organisator.ch\/wp-content\/uploads\/2017\/06\/Fuehrungswechsel-beim-Swiss-Venture-Club-SVC_Organisator.jpg","keywords":["Institutionen","Personalia","Unternehmen","Verb\u00e4nde"],"articleSection":["Allgemein"],"inLanguage":"fr-FR"},{"@type":"WebPage","@id":"https:\/\/www.organisator.ch\/de\/allgemein\/2017-06-14\/fuehrungswechsel-beim-swiss-venture-club-svc\/","url":"https:\/\/www.organisator.ch\/de\/allgemein\/2017-06-14\/fuehrungswechsel-beim-swiss-venture-club-svc\/","name":"Changement de direction au Swiss Venture Club SVC - Organisateur","isPartOf":{"@id":"https:\/\/www.organisator.ch\/#website"},"primaryImageOfPage":{"@id":"https:\/\/www.organisator.ch\/de\/allgemein\/2017-06-14\/fuehrungswechsel-beim-swiss-venture-club-svc\/#primaryimage"},"image":{"@id":"https:\/\/www.organisator.ch\/de\/allgemein\/2017-06-14\/fuehrungswechsel-beim-swiss-venture-club-svc\/#primaryimage"},"thumbnailUrl":"https:\/\/www.organisator.ch\/wp-content\/uploads\/2017\/06\/Fuehrungswechsel-beim-Swiss-Venture-Club-SVC_Organisator.jpg","datePublished":"2017-06-14T08:30:55+00:00","description":"Le Swiss Venture Club (SVC) a un nouveau pr\u00e9sident. En la personne d'Andreas Gerber, c'est \u00e0 nouveau un fin connaisseur du paysage des PME qui se met \u00e0 disposition.","breadcrumb":{"@id":"https:\/\/www.organisator.ch\/de\/allgemein\/2017-06-14\/fuehrungswechsel-beim-swiss-venture-club-svc\/#breadcrumb"},"inLanguage":"fr-FR","potentialAction":[{"@type":"ReadAction","target":["https:\/\/www.organisator.ch\/de\/allgemein\/2017-06-14\/fuehrungswechsel-beim-swiss-venture-club-svc\/"]}]},{"@type":"ImageObject","inLanguage":"fr-FR","@id":"https:\/\/www.organisator.ch\/de\/allgemein\/2017-06-14\/fuehrungswechsel-beim-swiss-venture-club-svc\/#primaryimage","url":"https:\/\/www.organisator.ch\/wp-content\/uploads\/2017\/06\/Fuehrungswechsel-beim-Swiss-Venture-Club-SVC_Organisator.jpg","contentUrl":"https:\/\/www.organisator.ch\/wp-content\/uploads\/2017\/06\/Fuehrungswechsel-beim-Swiss-Venture-Club-SVC_Organisator.jpg","width":640,"height":427,"caption":"Andreas Gerber (links) stellt sich als Nachfolger von Hans-Ulrich M\u00fcller als neuer Pr\u00e4sident des SVC zur Verf\u00fcgung. (Bild: Pressedienst SVC)"},{"@type":"BreadcrumbList","@id":"https:\/\/www.organisator.ch\/de\/allgemein\/2017-06-14\/fuehrungswechsel-beim-swiss-venture-club-svc\/#breadcrumb","itemListElement":[{"@type":"ListItem","position":1,"name":"Home","item":"https:\/\/www.organisator.ch\/"},{"@type":"ListItem","position":2,"name":"F\u00fchrungswechsel beim Swiss Venture Club SVC"}]},{"@type":"WebSite","@id":"https:\/\/www.organisator.ch\/#website","url":"https:\/\/www.organisator.ch\/","name":"Organisateur","description":"Comp\u00e9tence et comp\u00e9tence. Proches de la pratique. L'ORGANISATEUR pr\u00e9pare 10 num\u00e9ros par an sur les th\u00e8mes essentiels pour les dirigeants de PME.","publisher":{"@id":"https:\/\/www.organisator.ch\/#organization"},"potentialAction":[{"@type":"SearchAction","target":{"@type":"EntryPoint","urlTemplate":"https:\/\/www.organisator.ch\/?s={search_term_string}"},"query-input":{"@type":"PropertyValueSpecification","valueRequired":true,"valueName":"search_term_string"}}],"inLanguage":"fr-FR"},{"@type":"Organization","@id":"https:\/\/www.organisator.ch\/#organization","name":"Organisateur","url":"https:\/\/www.organisator.ch\/","logo":{"@type":"ImageObject","inLanguage":"fr-FR","@id":"https:\/\/www.organisator.ch\/#\/schema\/logo\/image\/","url":"https:\/\/www.organisator.ch\/wp-content\/uploads\/2022\/01\/Logo_Organisator_Website.png","contentUrl":"https:\/\/www.organisator.ch\/wp-content\/uploads\/2022\/01\/Logo_Organisator_Website.png","width":800,"height":77,"caption":"Organisator"},"image":{"@id":"https:\/\/www.organisator.ch\/#\/schema\/logo\/image\/"},"sameAs":["https:\/\/www.facebook.com\/OrganisatorFachmagazin","https:\/\/www.linkedin.com\/showcase\/organisator-das-magazin-fr-kmu","https:\/\/www.xing.com\/news\/pages\/organisator-ch-695","https:\/\/www.youtube.com\/channel\/UCGP2Sq0iWaZwT3BdIAQFYpw"]},{"@type":"Person","@id":"https:\/\/www.organisator.ch\/#\/schema\/person\/6f650f90b2842cd4c0cc334b4e36f67e","name":"thomas.berner","image":{"@type":"ImageObject","inLanguage":"fr-FR","@id":"https:\/\/secure.gravatar.com\/avatar\/ac5001d2a36cb6c6cd3e50789007ffca834b477b74a2144564522e944eabff61?s=96&d=mm&r=g","url":"https:\/\/secure.gravatar.com\/avatar\/ac5001d2a36cb6c6cd3e50789007ffca834b477b74a2144564522e944eabff61?s=96&d=mm&r=g","contentUrl":"https:\/\/secure.gravatar.com\/avatar\/ac5001d2a36cb6c6cd3e50789007ffca834b477b74a2144564522e944eabff61?s=96&d=mm&r=g","caption":"thomas.berner"},"url":"https:\/\/www.organisator.ch\/fr\/author\/thomas-berner\/"}]}},"_links":{"self":[{"href":"https:\/\/www.organisator.ch\/fr\/wp-json\/wp\/v2\/posts\/2051","targetHints":{"allow":["GET"]}}],"collection":[{"href":"https:\/\/www.organisator.ch\/fr\/wp-json\/wp\/v2\/posts"}],"about":[{"href":"https:\/\/www.organisator.ch\/fr\/wp-json\/wp\/v2\/types\/post"}],"author":[{"embeddable":true,"href":"https:\/\/www.organisator.ch\/fr\/wp-json\/wp\/v2\/users\/4"}],"replies":[{"embeddable":true,"href":"https:\/\/www.organisator.ch\/fr\/wp-json\/wp\/v2\/comments?post=2051"}],"version-history":[{"count":0,"href":"https:\/\/www.organisator.ch\/fr\/wp-json\/wp\/v2\/posts\/2051\/revisions"}],"wp:featuredmedia":[{"embeddable":true,"href":"https:\/\/www.organisator.ch\/fr\/wp-json\/wp\/v2\/media\/2052"}],"wp:attachment":[{"href":"https:\/\/www.organisator.ch\/fr\/wp-json\/wp\/v2\/media?parent=2051"}],"wp:term":[{"taxonomy":"category","embeddable":true,"href":"https:\/\/www.organisator.ch\/fr\/wp-json\/wp\/v2\/categories?post=2051"},{"taxonomy":"post_tag","embeddable":true,"href":"https:\/\/www.organisator.ch\/fr\/wp-json\/wp\/v2\/tags?post=2051"}],"curies":[{"name":"wp","href":"https:\/\/api.w.org\/{rel}","templated":true}]}}