{"id":20517,"date":"2023-05-31T08:51:22","date_gmt":"2023-05-31T06:51:22","guid":{"rendered":"https:\/\/www.organisator.ch\/?p=20517"},"modified":"2023-05-31T08:51:22","modified_gmt":"2023-05-31T06:51:22","slug":"crowdfunding-volumen-erstmals-ruecklaeufig","status":"publish","type":"post","link":"https:\/\/www.organisator.ch\/fr\/management\/2023-05-31\/crowdfunding-volumen-erstmals-ruecklaeufig\/","title":{"rendered":"Volume de crowdfunding en baisse pour la premi\u00e8re fois"},"content":{"rendered":"<figure id=\"attachment_20518\" aria-describedby=\"caption-attachment-20518\" style=\"width: 680px\" class=\"wp-caption alignnone\"><img loading=\"lazy\" decoding=\"async\" class=\"size-full wp-image-20518\" src=\"https:\/\/www.organisator.ch\/wp-content\/uploads\/2023\/05\/Crowdfunding-Volumen-erstmals-ruecklaeufig_Organisator.png\" alt=\"\" width=\"680\" height=\"350\" srcset=\"https:\/\/www.organisator.ch\/wp-content\/uploads\/2023\/05\/Crowdfunding-Volumen-erstmals-ruecklaeufig_Organisator.png 680w, https:\/\/www.organisator.ch\/wp-content\/uploads\/2023\/05\/Crowdfunding-Volumen-erstmals-ruecklaeufig_Organisator-18x9.png 18w, https:\/\/www.organisator.ch\/wp-content\/uploads\/2023\/05\/Crowdfunding-Volumen-erstmals-ruecklaeufig_Organisator-375x193.png 375w\" sizes=\"auto, (max-width: 680px) 100vw, 680px\" \/><figcaption id=\"caption-attachment-20518\" class=\"wp-caption-text\">Evolution du crowdfunding en Suisse par volume de 2008 \u00e0 2022. (Graphique : Haute \u00e9cole de Lucerne)<\/figcaption><\/figure>\n<p>Avec un volume de 662,4 millions de francs, le march\u00e9 du crowdfunding est rest\u00e9 en de\u00e7\u00e0 du record de 791,8 millions de francs \u00e9tabli l'ann\u00e9e derni\u00e8re. Depuis la cr\u00e9ation de la premi\u00e8re plateforme de crowdfunding il y a 15 ans, environ 3,7 milliards de francs ont \u00e9t\u00e9 n\u00e9goci\u00e9s par voie num\u00e9rique en Suisse. C'est ce que montre le dernier \"Crowdfunding Monitor Schweiz\". Cette \u00e9tude est r\u00e9alis\u00e9e chaque ann\u00e9e par l'Institut f\u00fcr Finanzdienstleistungen IFZ de la Haute \u00e9cole de Lucerne - Wirtschaft avec le soutien des plateformes de crowdfunding suisses.<\/p>\n<h3>Pause ou changement d'\u00e9poque ?<\/h3>\n<p>Pour la premi\u00e8re fois dans l'histoire du crowdfunding en Suisse, le volume du march\u00e9 n'a plus enregistr\u00e9 de hausse en 2022. Par rapport \u00e0 la valeur record de 2021, le volume a baiss\u00e9 de 16 %. Selon les auteurs de l'\u00e9tude, la hausse des taux d'int\u00e9r\u00eat a \u00e9galement influenc\u00e9 quelque peu la croissance du march\u00e9. Des taux d'int\u00e9r\u00eat plus \u00e9lev\u00e9s ont plut\u00f4t un effet inhibiteur sur la demande de capitaux, par exemple dans le domaine du crowdlending. Lors du placement de capitaux, les investisseurs comparent de plus en plus les risques et les rendements de cette classe d'actifs avec les profils de risque des possibilit\u00e9s de placement alternatives. Les auteurs de l'\u00e9tude pr\u00e9voient pour 2023 un volume similaire \u00e0 celui de 2022 en raison des incertitudes macro\u00e9conomiques (\u00e9volution \u00e9conomique, niveau des taux d'int\u00e9r\u00eat).<\/p>\n<h3>Le march\u00e9 du cr\u00e9dit en ligne pour les PME est en pleine croissance<\/h3>\n<p>A l'exception du financement de la dette des entreprises, les volumes de tous les segments de crowdfunding ont diminu\u00e9. Le crowdlending des PME a augment\u00e9 de 28 % en 2022 pour atteindre 141,9 millions de francs. Andreas Dietrich, co-auteur du moniteur de crowdfunding, d\u00e9clare \u00e0 ce sujet : \"Les cr\u00e9dits via des plateformes aux PME connaissent une croissance continue depuis des ann\u00e9es d\u00e9j\u00e0. Le d\u00e9veloppement du march\u00e9 de ce segment a toutefois \u00e9t\u00e9 interrompu par la crise Covid et les cr\u00e9dits Covid correspondants en 2020. Dans cette mesure, le financement des PME se trouve maintenant de nouveau sur le chemin de la croissance ant\u00e9rieure\".<\/p>\n<h3>Des leviers pour la croissance future<\/h3>\n<p>Les auteurs de l'\u00e9tude de la HSLU identifient deux domaines qui constituent des conditions importantes pour la croissance future du march\u00e9. Tout d'abord, l'implication des investisseurs institutionnels sera essentielle pour garantir une offre de capital plus importante. Jusqu'\u00e0 pr\u00e9sent, il n'a pas encore \u00e9t\u00e9 possible d'attirer des investisseurs institutionnels dans une mesure significative. Andreas Dietrich estime \u00e0 ce sujet : \"Il faut encore beaucoup d'explications pour que les institutions financi\u00e8res traditionnelles, les soci\u00e9t\u00e9s de capital-risque et les business angels ainsi que les investisseurs institutionnels classiques reconnaissent le potentiel du crowdfunding en tant que possibilit\u00e9 d'investissement\".<\/p>\n<p>Un autre facteur d\u00e9cisif pour la croissance de la demande de capital est la notori\u00e9t\u00e9 du crowdfunding en tant que source de financement. En particulier dans le domaine du financement de capitaux \u00e9trangers (cr\u00e9dits aux entreprises, cr\u00e9dits \u00e0 la consommation), une plus grande notori\u00e9t\u00e9 et une meilleure connaissance de la part des emprunteurs potentiels pourraient stimuler la croissance. De nombreuses entreprises renoncent \u00e0 demander un cr\u00e9dit \u00e0 une banque malgr\u00e9 leur besoin de financement, par exemple parce qu'elles craignent que les frais d'int\u00e9r\u00eat soient trop \u00e9lev\u00e9s ou qu'elles n'obtiennent pas de cr\u00e9dit. L'utilisation du crowdlending comme source alternative de cr\u00e9dit pourrait contribuer \u00e0 dissiper ces inqui\u00e9tudes. Dans le domaine des cr\u00e9dits \u00e0 la consommation, de nombreux particuliers n'ont peut-\u00eatre pas encore r\u00e9alis\u00e9 que le crowdlending offre des conditions d'int\u00e9r\u00eat int\u00e9ressantes par rapport \u00e0 d'autres options.<\/p>\n<p><em>Source : <a href=\"http:\/\/www.hslu.ch\">Haute \u00e9cole de Lucerne<\/a><\/em><\/p>\n<blockquote>\n<h3>Crowdfunding : ces formes existent<\/h3>\n<ul>\n<li>Crowdsupporting : le plus souvent, projets et campagnes cr\u00e9atifs et culturels dans le domaine du sport. L'investisseur re\u00e7oit un produit, une \u0153uvre artistique ou un service en \u00e9change de sa contribution. Celui qui finance un livre, par exemple, en re\u00e7oit un exemplaire gratuitement.<\/li>\n<li>Crowddonating : majoritairement des dons pour des projets sociaux, caritatifs et culturels, qui ne sont li\u00e9s \u00e0 aucune contrepartie.<\/li>\n<li>Crowdinvesting : investissements de fonds propres ou de fonds \u00e9trangers dans des entreprises (start-ups) ou des biens immobiliers. En contrepartie, les investisseurs re\u00e7oivent une participation aux b\u00e9n\u00e9fices.<\/li>\n<li>Crowdlending : mise \u00e0 disposition de cr\u00e9dits \u00e0 des entreprises ou \u00e0 des particuliers. En contrepartie, les donateurs re\u00e7oivent des paiements d'int\u00e9r\u00eats dont le montant d\u00e9pend du risque de l'emprunteur.<\/li>\n<\/ul>\n<\/blockquote>","protected":false},"excerpt":{"rendered":"<p>Les financements via Internet, appel\u00e9s crowdfunding, ont enregistr\u00e9 en 2022 une baisse de volume de 16 pour cent pour un total de 662 millions de francs. En revanche, le secteur du financement par cr\u00e9dit des PME a augment\u00e9. C'est ce que montre le Crowdfunding-Monitor 2023 de la Haute \u00e9cole de Lucerne.<\/p>","protected":false},"author":4,"featured_media":20518,"comment_status":"closed","ping_status":"closed","sticky":false,"template":"","format":"standard","meta":{"_acf_changed":false,"_yoast_wpseo_focuskw":"Crowdfunding","_yoast_wpseo_metadesc":"Das Crowdfunding verzeichnete im Jahr 2022 einen Volumenr\u00fcckgang von 16 Prozent auf insgesamt 662 Millionen Franken.","articlekey":"","footnotes":""},"categories":[28],"tags":[137,202,3799,459],"class_list":["post-20517","post","type-post","status-publish","format-standard","has-post-thumbnail","hentry","category-management","tag-crowdfunding","tag-finanzenrecht","tag-firmenfinanzierung","tag-studie"],"acf":[],"yoast_head":"<!-- This site is optimized with the Yoast SEO plugin v27.5 - https:\/\/yoast.com\/product\/yoast-seo-wordpress\/ -->\n<title>Crowdfunding-Volumen erstmals r\u00fcckl\u00e4ufig - Organisator<\/title>\n<meta name=\"description\" content=\"Das Crowdfunding verzeichnete im Jahr 2022 einen Volumenr\u00fcckgang von 16 Prozent auf insgesamt 662 Millionen Franken.\" \/>\n<meta name=\"robots\" content=\"index, follow, max-snippet:-1, max-image-preview:large, max-video-preview:-1\" \/>\n<link rel=\"canonical\" href=\"https:\/\/www.organisator.ch\/fr\/gestion-2\/2023-05-31\/crowdfunding-volumen-erstmals-ruecklaeufig\/\" \/>\n<meta property=\"og:locale\" content=\"fr_FR\" \/>\n<meta property=\"og:type\" content=\"article\" \/>\n<meta property=\"og:title\" content=\"Crowdfunding-Volumen erstmals r\u00fcckl\u00e4ufig\" \/>\n<meta property=\"og:description\" content=\"Das Crowdfunding verzeichnete im Jahr 2022 einen Volumenr\u00fcckgang von 16 Prozent auf insgesamt 662 Millionen Franken.\" \/>\n<meta property=\"og:url\" content=\"https:\/\/www.organisator.ch\/fr\/gestion-2\/2023-05-31\/crowdfunding-volumen-erstmals-ruecklaeufig\/\" \/>\n<meta property=\"og:site_name\" content=\"Organisator\" \/>\n<meta property=\"article:publisher\" content=\"https:\/\/www.facebook.com\/OrganisatorFachmagazin\" \/>\n<meta property=\"article:published_time\" content=\"2023-05-31T06:51:22+00:00\" \/>\n<meta property=\"og:image\" content=\"https:\/\/www.organisator.ch\/wp-content\/uploads\/2023\/05\/Crowdfunding-Volumen-erstmals-ruecklaeufig_Organisator.png\" \/>\n\t<meta property=\"og:image:width\" content=\"680\" \/>\n\t<meta property=\"og:image:height\" content=\"350\" \/>\n\t<meta property=\"og:image:type\" content=\"image\/png\" \/>\n<meta name=\"author\" content=\"thomas.berner\" \/>\n<meta name=\"twitter:card\" content=\"summary_large_image\" \/>\n<meta name=\"twitter:title\" content=\"#Crowdfunding-Volumen erstmals r\u00fcckl\u00e4ufig\" \/>\n<meta name=\"twitter:description\" content=\"Das #Crowdfunding verzeichnete im Jahr 2022 einen #Volumenr\u00fcckgang von 16 Prozent auf insgesamt 662 Millionen Franken.\" \/>\n<meta name=\"twitter:image\" content=\"https:\/\/www.organisator.ch\/wp-content\/uploads\/2023\/05\/Crowdfunding-Volumen-erstmals-ruecklaeufig_Organisator.png\" \/>\n<script type=\"application\/ld+json\" class=\"yoast-schema-graph\">{\"@context\":\"https:\\\/\\\/schema.org\",\"@graph\":[{\"@type\":\"Article\",\"@id\":\"https:\\\/\\\/www.organisator.ch\\\/management\\\/2023-05-31\\\/crowdfunding-volumen-erstmals-ruecklaeufig\\\/#article\",\"isPartOf\":{\"@id\":\"https:\\\/\\\/www.organisator.ch\\\/management\\\/2023-05-31\\\/crowdfunding-volumen-erstmals-ruecklaeufig\\\/\"},\"author\":{\"name\":\"thomas.berner\",\"@id\":\"https:\\\/\\\/www.organisator.ch\\\/#\\\/schema\\\/person\\\/6f650f90b2842cd4c0cc334b4e36f67e\"},\"headline\":\"Crowdfunding-Volumen erstmals r\u00fcckl\u00e4ufig\",\"datePublished\":\"2023-05-31T06:51:22+00:00\",\"mainEntityOfPage\":{\"@id\":\"https:\\\/\\\/www.organisator.ch\\\/management\\\/2023-05-31\\\/crowdfunding-volumen-erstmals-ruecklaeufig\\\/\"},\"wordCount\":587,\"publisher\":{\"@id\":\"https:\\\/\\\/www.organisator.ch\\\/#organization\"},\"image\":{\"@id\":\"https:\\\/\\\/www.organisator.ch\\\/management\\\/2023-05-31\\\/crowdfunding-volumen-erstmals-ruecklaeufig\\\/#primaryimage\"},\"thumbnailUrl\":\"https:\\\/\\\/www.organisator.ch\\\/wp-content\\\/uploads\\\/2023\\\/05\\\/Crowdfunding-Volumen-erstmals-ruecklaeufig_Organisator.png\",\"keywords\":[\"Crowdfunding\",\"Finanzen\\\/Recht\",\"Firmenfinanzierung\",\"Studie\"],\"articleSection\":[\"MANAGEMENT\"],\"inLanguage\":\"fr-FR\"},{\"@type\":\"WebPage\",\"@id\":\"https:\\\/\\\/www.organisator.ch\\\/management\\\/2023-05-31\\\/crowdfunding-volumen-erstmals-ruecklaeufig\\\/\",\"url\":\"https:\\\/\\\/www.organisator.ch\\\/management\\\/2023-05-31\\\/crowdfunding-volumen-erstmals-ruecklaeufig\\\/\",\"name\":\"Crowdfunding-Volumen erstmals r\u00fcckl\u00e4ufig - Organisator\",\"isPartOf\":{\"@id\":\"https:\\\/\\\/www.organisator.ch\\\/#website\"},\"primaryImageOfPage\":{\"@id\":\"https:\\\/\\\/www.organisator.ch\\\/management\\\/2023-05-31\\\/crowdfunding-volumen-erstmals-ruecklaeufig\\\/#primaryimage\"},\"image\":{\"@id\":\"https:\\\/\\\/www.organisator.ch\\\/management\\\/2023-05-31\\\/crowdfunding-volumen-erstmals-ruecklaeufig\\\/#primaryimage\"},\"thumbnailUrl\":\"https:\\\/\\\/www.organisator.ch\\\/wp-content\\\/uploads\\\/2023\\\/05\\\/Crowdfunding-Volumen-erstmals-ruecklaeufig_Organisator.png\",\"datePublished\":\"2023-05-31T06:51:22+00:00\",\"description\":\"Das Crowdfunding verzeichnete im Jahr 2022 einen Volumenr\u00fcckgang von 16 Prozent auf insgesamt 662 Millionen Franken.\",\"breadcrumb\":{\"@id\":\"https:\\\/\\\/www.organisator.ch\\\/management\\\/2023-05-31\\\/crowdfunding-volumen-erstmals-ruecklaeufig\\\/#breadcrumb\"},\"inLanguage\":\"fr-FR\",\"potentialAction\":[{\"@type\":\"ReadAction\",\"target\":[\"https:\\\/\\\/www.organisator.ch\\\/management\\\/2023-05-31\\\/crowdfunding-volumen-erstmals-ruecklaeufig\\\/\"]}]},{\"@type\":\"ImageObject\",\"inLanguage\":\"fr-FR\",\"@id\":\"https:\\\/\\\/www.organisator.ch\\\/management\\\/2023-05-31\\\/crowdfunding-volumen-erstmals-ruecklaeufig\\\/#primaryimage\",\"url\":\"https:\\\/\\\/www.organisator.ch\\\/wp-content\\\/uploads\\\/2023\\\/05\\\/Crowdfunding-Volumen-erstmals-ruecklaeufig_Organisator.png\",\"contentUrl\":\"https:\\\/\\\/www.organisator.ch\\\/wp-content\\\/uploads\\\/2023\\\/05\\\/Crowdfunding-Volumen-erstmals-ruecklaeufig_Organisator.png\",\"width\":680,\"height\":350,\"caption\":\"Entwicklung Crowdfunding in der Schweiz nach Volumen von 2008 bis 2022. (Grafik: Hochschule Luzern)\"},{\"@type\":\"BreadcrumbList\",\"@id\":\"https:\\\/\\\/www.organisator.ch\\\/management\\\/2023-05-31\\\/crowdfunding-volumen-erstmals-ruecklaeufig\\\/#breadcrumb\",\"itemListElement\":[{\"@type\":\"ListItem\",\"position\":1,\"name\":\"Home\",\"item\":\"https:\\\/\\\/www.organisator.ch\\\/\"},{\"@type\":\"ListItem\",\"position\":2,\"name\":\"Crowdfunding-Volumen erstmals r\u00fcckl\u00e4ufig\"}]},{\"@type\":\"WebSite\",\"@id\":\"https:\\\/\\\/www.organisator.ch\\\/#website\",\"url\":\"https:\\\/\\\/www.organisator.ch\\\/\",\"name\":\"Organisator\",\"description\":\"Kompetent. Praxisnah. Der ORGANISATOR bereitet in 10 Ausgaben pro Jahr die wesentlichen Themen f\u00fcr F\u00fchrungskr\u00e4fte von KMU auf.\",\"publisher\":{\"@id\":\"https:\\\/\\\/www.organisator.ch\\\/#organization\"},\"potentialAction\":[{\"@type\":\"SearchAction\",\"target\":{\"@type\":\"EntryPoint\",\"urlTemplate\":\"https:\\\/\\\/www.organisator.ch\\\/?s={search_term_string}\"},\"query-input\":{\"@type\":\"PropertyValueSpecification\",\"valueRequired\":true,\"valueName\":\"search_term_string\"}}],\"inLanguage\":\"fr-FR\"},{\"@type\":\"Organization\",\"@id\":\"https:\\\/\\\/www.organisator.ch\\\/#organization\",\"name\":\"Organisator\",\"url\":\"https:\\\/\\\/www.organisator.ch\\\/\",\"logo\":{\"@type\":\"ImageObject\",\"inLanguage\":\"fr-FR\",\"@id\":\"https:\\\/\\\/www.organisator.ch\\\/#\\\/schema\\\/logo\\\/image\\\/\",\"url\":\"https:\\\/\\\/www.organisator.ch\\\/wp-content\\\/uploads\\\/2022\\\/01\\\/Logo_Organisator_Website.png\",\"contentUrl\":\"https:\\\/\\\/www.organisator.ch\\\/wp-content\\\/uploads\\\/2022\\\/01\\\/Logo_Organisator_Website.png\",\"width\":800,\"height\":77,\"caption\":\"Organisator\"},\"image\":{\"@id\":\"https:\\\/\\\/www.organisator.ch\\\/#\\\/schema\\\/logo\\\/image\\\/\"},\"sameAs\":[\"https:\\\/\\\/www.facebook.com\\\/OrganisatorFachmagazin\",\"https:\\\/\\\/www.linkedin.com\\\/showcase\\\/organisator-das-magazin-fr-kmu\",\"https:\\\/\\\/www.xing.com\\\/news\\\/pages\\\/organisator-ch-695\",\"https:\\\/\\\/www.youtube.com\\\/channel\\\/UCGP2Sq0iWaZwT3BdIAQFYpw\"]},{\"@type\":\"Person\",\"@id\":\"https:\\\/\\\/www.organisator.ch\\\/#\\\/schema\\\/person\\\/6f650f90b2842cd4c0cc334b4e36f67e\",\"name\":\"thomas.berner\",\"image\":{\"@type\":\"ImageObject\",\"inLanguage\":\"fr-FR\",\"@id\":\"https:\\\/\\\/secure.gravatar.com\\\/avatar\\\/ac5001d2a36cb6c6cd3e50789007ffca834b477b74a2144564522e944eabff61?s=96&d=mm&r=g\",\"url\":\"https:\\\/\\\/secure.gravatar.com\\\/avatar\\\/ac5001d2a36cb6c6cd3e50789007ffca834b477b74a2144564522e944eabff61?s=96&d=mm&r=g\",\"contentUrl\":\"https:\\\/\\\/secure.gravatar.com\\\/avatar\\\/ac5001d2a36cb6c6cd3e50789007ffca834b477b74a2144564522e944eabff61?s=96&d=mm&r=g\",\"caption\":\"thomas.berner\"},\"url\":\"https:\\\/\\\/www.organisator.ch\\\/fr\\\/author\\\/thomas-berner\\\/\"}]}<\/script>\n<!-- \/ Yoast SEO plugin. -->","yoast_head_json":{"title":"Volume de crowdfunding en baisse pour la premi\u00e8re fois - Organisateur","description":"En 2022, le crowdfunding a enregistr\u00e9 une baisse de volume de 16% pour un total de 662 millions de francs.","robots":{"index":"index","follow":"follow","max-snippet":"max-snippet:-1","max-image-preview":"max-image-preview:large","max-video-preview":"max-video-preview:-1"},"canonical":"https:\/\/www.organisator.ch\/fr\/gestion-2\/2023-05-31\/crowdfunding-volumen-erstmals-ruecklaeufig\/","og_locale":"fr_FR","og_type":"article","og_title":"Crowdfunding-Volumen erstmals r\u00fcckl\u00e4ufig","og_description":"Das Crowdfunding verzeichnete im Jahr 2022 einen Volumenr\u00fcckgang von 16 Prozent auf insgesamt 662 Millionen Franken.","og_url":"https:\/\/www.organisator.ch\/fr\/gestion-2\/2023-05-31\/crowdfunding-volumen-erstmals-ruecklaeufig\/","og_site_name":"Organisator","article_publisher":"https:\/\/www.facebook.com\/OrganisatorFachmagazin","article_published_time":"2023-05-31T06:51:22+00:00","og_image":[{"width":680,"height":350,"url":"https:\/\/www.organisator.ch\/wp-content\/uploads\/2023\/05\/Crowdfunding-Volumen-erstmals-ruecklaeufig_Organisator.png","type":"image\/png"}],"author":"thomas.berner","twitter_card":"summary_large_image","twitter_title":"#Crowdfunding-Volumen erstmals r\u00fcckl\u00e4ufig","twitter_description":"Das #Crowdfunding verzeichnete im Jahr 2022 einen #Volumenr\u00fcckgang von 16 Prozent auf insgesamt 662 Millionen Franken.","twitter_image":"https:\/\/www.organisator.ch\/wp-content\/uploads\/2023\/05\/Crowdfunding-Volumen-erstmals-ruecklaeufig_Organisator.png","schema":{"@context":"https:\/\/schema.org","@graph":[{"@type":"Article","@id":"https:\/\/www.organisator.ch\/management\/2023-05-31\/crowdfunding-volumen-erstmals-ruecklaeufig\/#article","isPartOf":{"@id":"https:\/\/www.organisator.ch\/management\/2023-05-31\/crowdfunding-volumen-erstmals-ruecklaeufig\/"},"author":{"name":"thomas.berner","@id":"https:\/\/www.organisator.ch\/#\/schema\/person\/6f650f90b2842cd4c0cc334b4e36f67e"},"headline":"Crowdfunding-Volumen erstmals r\u00fcckl\u00e4ufig","datePublished":"2023-05-31T06:51:22+00:00","mainEntityOfPage":{"@id":"https:\/\/www.organisator.ch\/management\/2023-05-31\/crowdfunding-volumen-erstmals-ruecklaeufig\/"},"wordCount":587,"publisher":{"@id":"https:\/\/www.organisator.ch\/#organization"},"image":{"@id":"https:\/\/www.organisator.ch\/management\/2023-05-31\/crowdfunding-volumen-erstmals-ruecklaeufig\/#primaryimage"},"thumbnailUrl":"https:\/\/www.organisator.ch\/wp-content\/uploads\/2023\/05\/Crowdfunding-Volumen-erstmals-ruecklaeufig_Organisator.png","keywords":["Crowdfunding","Finanzen\/Recht","Firmenfinanzierung","Studie"],"articleSection":["MANAGEMENT"],"inLanguage":"fr-FR"},{"@type":"WebPage","@id":"https:\/\/www.organisator.ch\/management\/2023-05-31\/crowdfunding-volumen-erstmals-ruecklaeufig\/","url":"https:\/\/www.organisator.ch\/management\/2023-05-31\/crowdfunding-volumen-erstmals-ruecklaeufig\/","name":"Volume de crowdfunding en baisse pour la premi\u00e8re fois - Organisateur","isPartOf":{"@id":"https:\/\/www.organisator.ch\/#website"},"primaryImageOfPage":{"@id":"https:\/\/www.organisator.ch\/management\/2023-05-31\/crowdfunding-volumen-erstmals-ruecklaeufig\/#primaryimage"},"image":{"@id":"https:\/\/www.organisator.ch\/management\/2023-05-31\/crowdfunding-volumen-erstmals-ruecklaeufig\/#primaryimage"},"thumbnailUrl":"https:\/\/www.organisator.ch\/wp-content\/uploads\/2023\/05\/Crowdfunding-Volumen-erstmals-ruecklaeufig_Organisator.png","datePublished":"2023-05-31T06:51:22+00:00","description":"En 2022, le crowdfunding a enregistr\u00e9 une baisse de volume de 16% pour un total de 662 millions de francs.","breadcrumb":{"@id":"https:\/\/www.organisator.ch\/management\/2023-05-31\/crowdfunding-volumen-erstmals-ruecklaeufig\/#breadcrumb"},"inLanguage":"fr-FR","potentialAction":[{"@type":"ReadAction","target":["https:\/\/www.organisator.ch\/management\/2023-05-31\/crowdfunding-volumen-erstmals-ruecklaeufig\/"]}]},{"@type":"ImageObject","inLanguage":"fr-FR","@id":"https:\/\/www.organisator.ch\/management\/2023-05-31\/crowdfunding-volumen-erstmals-ruecklaeufig\/#primaryimage","url":"https:\/\/www.organisator.ch\/wp-content\/uploads\/2023\/05\/Crowdfunding-Volumen-erstmals-ruecklaeufig_Organisator.png","contentUrl":"https:\/\/www.organisator.ch\/wp-content\/uploads\/2023\/05\/Crowdfunding-Volumen-erstmals-ruecklaeufig_Organisator.png","width":680,"height":350,"caption":"Entwicklung Crowdfunding in der Schweiz nach Volumen von 2008 bis 2022. (Grafik: Hochschule Luzern)"},{"@type":"BreadcrumbList","@id":"https:\/\/www.organisator.ch\/management\/2023-05-31\/crowdfunding-volumen-erstmals-ruecklaeufig\/#breadcrumb","itemListElement":[{"@type":"ListItem","position":1,"name":"Home","item":"https:\/\/www.organisator.ch\/"},{"@type":"ListItem","position":2,"name":"Crowdfunding-Volumen erstmals r\u00fcckl\u00e4ufig"}]},{"@type":"WebSite","@id":"https:\/\/www.organisator.ch\/#website","url":"https:\/\/www.organisator.ch\/","name":"Organisateur","description":"Comp\u00e9tence et comp\u00e9tence. Proches de la pratique. L'ORGANISATEUR pr\u00e9pare 10 num\u00e9ros par an sur les th\u00e8mes essentiels pour les dirigeants de PME.","publisher":{"@id":"https:\/\/www.organisator.ch\/#organization"},"potentialAction":[{"@type":"SearchAction","target":{"@type":"EntryPoint","urlTemplate":"https:\/\/www.organisator.ch\/?s={search_term_string}"},"query-input":{"@type":"PropertyValueSpecification","valueRequired":true,"valueName":"search_term_string"}}],"inLanguage":"fr-FR"},{"@type":"Organization","@id":"https:\/\/www.organisator.ch\/#organization","name":"Organisateur","url":"https:\/\/www.organisator.ch\/","logo":{"@type":"ImageObject","inLanguage":"fr-FR","@id":"https:\/\/www.organisator.ch\/#\/schema\/logo\/image\/","url":"https:\/\/www.organisator.ch\/wp-content\/uploads\/2022\/01\/Logo_Organisator_Website.png","contentUrl":"https:\/\/www.organisator.ch\/wp-content\/uploads\/2022\/01\/Logo_Organisator_Website.png","width":800,"height":77,"caption":"Organisator"},"image":{"@id":"https:\/\/www.organisator.ch\/#\/schema\/logo\/image\/"},"sameAs":["https:\/\/www.facebook.com\/OrganisatorFachmagazin","https:\/\/www.linkedin.com\/showcase\/organisator-das-magazin-fr-kmu","https:\/\/www.xing.com\/news\/pages\/organisator-ch-695","https:\/\/www.youtube.com\/channel\/UCGP2Sq0iWaZwT3BdIAQFYpw"]},{"@type":"Person","@id":"https:\/\/www.organisator.ch\/#\/schema\/person\/6f650f90b2842cd4c0cc334b4e36f67e","name":"thomas.berner","image":{"@type":"ImageObject","inLanguage":"fr-FR","@id":"https:\/\/secure.gravatar.com\/avatar\/ac5001d2a36cb6c6cd3e50789007ffca834b477b74a2144564522e944eabff61?s=96&d=mm&r=g","url":"https:\/\/secure.gravatar.com\/avatar\/ac5001d2a36cb6c6cd3e50789007ffca834b477b74a2144564522e944eabff61?s=96&d=mm&r=g","contentUrl":"https:\/\/secure.gravatar.com\/avatar\/ac5001d2a36cb6c6cd3e50789007ffca834b477b74a2144564522e944eabff61?s=96&d=mm&r=g","caption":"thomas.berner"},"url":"https:\/\/www.organisator.ch\/fr\/author\/thomas-berner\/"}]}},"_links":{"self":[{"href":"https:\/\/www.organisator.ch\/fr\/wp-json\/wp\/v2\/posts\/20517","targetHints":{"allow":["GET"]}}],"collection":[{"href":"https:\/\/www.organisator.ch\/fr\/wp-json\/wp\/v2\/posts"}],"about":[{"href":"https:\/\/www.organisator.ch\/fr\/wp-json\/wp\/v2\/types\/post"}],"author":[{"embeddable":true,"href":"https:\/\/www.organisator.ch\/fr\/wp-json\/wp\/v2\/users\/4"}],"replies":[{"embeddable":true,"href":"https:\/\/www.organisator.ch\/fr\/wp-json\/wp\/v2\/comments?post=20517"}],"version-history":[{"count":1,"href":"https:\/\/www.organisator.ch\/fr\/wp-json\/wp\/v2\/posts\/20517\/revisions"}],"predecessor-version":[{"id":20519,"href":"https:\/\/www.organisator.ch\/fr\/wp-json\/wp\/v2\/posts\/20517\/revisions\/20519"}],"wp:featuredmedia":[{"embeddable":true,"href":"https:\/\/www.organisator.ch\/fr\/wp-json\/wp\/v2\/media\/20518"}],"wp:attachment":[{"href":"https:\/\/www.organisator.ch\/fr\/wp-json\/wp\/v2\/media?parent=20517"}],"wp:term":[{"taxonomy":"category","embeddable":true,"href":"https:\/\/www.organisator.ch\/fr\/wp-json\/wp\/v2\/categories?post=20517"},{"taxonomy":"post_tag","embeddable":true,"href":"https:\/\/www.organisator.ch\/fr\/wp-json\/wp\/v2\/tags?post=20517"}],"curies":[{"name":"wp","href":"https:\/\/api.w.org\/{rel}","templated":true}]}}