{"id":20534,"date":"2023-05-31T16:39:57","date_gmt":"2023-05-31T14:39:57","guid":{"rendered":"https:\/\/www.organisator.ch\/?p=20534"},"modified":"2023-05-31T16:39:57","modified_gmt":"2023-05-31T14:39:57","slug":"reto-egloff-neu-im-verwaltungsrat-der-helsana-gruppe","status":"publish","type":"post","link":"https:\/\/www.organisator.ch\/fr\/management\/2023-05-31\/reto-egloff-neu-im-verwaltungsrat-der-helsana-gruppe\/","title":{"rendered":"Reto Egloff, nouveau membre du Conseil d'administration du Groupe Helsana"},"content":{"rendered":"<figure id=\"attachment_20535\" aria-describedby=\"caption-attachment-20535\" style=\"width: 680px\" class=\"wp-caption alignnone\"><img loading=\"lazy\" decoding=\"async\" class=\"size-full wp-image-20535\" src=\"https:\/\/www.organisator.ch\/wp-content\/uploads\/2023\/05\/Reto-Egloff-neu-im-Verwaltungsrat-der-Helsana-Gruppe_Organisator.jpg\" alt=\"\" width=\"680\" height=\"453\" srcset=\"https:\/\/www.organisator.ch\/wp-content\/uploads\/2023\/05\/Reto-Egloff-neu-im-Verwaltungsrat-der-Helsana-Gruppe_Organisator.jpg 680w, https:\/\/www.organisator.ch\/wp-content\/uploads\/2023\/05\/Reto-Egloff-neu-im-Verwaltungsrat-der-Helsana-Gruppe_Organisator-18x12.jpg 18w, https:\/\/www.organisator.ch\/wp-content\/uploads\/2023\/05\/Reto-Egloff-neu-im-Verwaltungsrat-der-Helsana-Gruppe_Organisator-375x250.jpg 375w, https:\/\/www.organisator.ch\/wp-content\/uploads\/2023\/05\/Reto-Egloff-neu-im-Verwaltungsrat-der-Helsana-Gruppe_Organisator-525x350.jpg 525w\" sizes=\"auto, (max-width: 680px) 100vw, 680px\" \/><figcaption id=\"caption-attachment-20535\" class=\"wp-caption-text\">Reto Egloff, nouveau membre du Conseil d'administration du Groupe Helsana. (Image : Helsana)<\/figcaption><\/figure>\n<p>Le 26 mai 2023, lors de l'assembl\u00e9e g\u00e9n\u00e9rale ordinaire du Groupe Helsana, les actionnaires ont \u00e9lu Reto Egloff (54 ans) au Conseil d'administration. Il succ\u00e8de \u00e0 Severin Moser (60 ans). Ce dernier \u00e9tait membre du Conseil d'administration du Groupe Helsana depuis 2007 et, dans le cadre de cette fonction, il \u00e9tait derni\u00e8rement pr\u00e9sident du comit\u00e9 de num\u00e9risation et membre du comit\u00e9 de placement. Avec Reto Egloff, l'organe de direction strat\u00e9gique d'Helsana s'adjoint, selon ses propres dires, les services d'un fin connaisseur de l'assurance-maladie, disposant \u00e9galement d'un excellent r\u00e9seau en dehors de la branche.<\/p>\n<p>Thomas D. Szucs, pr\u00e9sident du conseil d'administration, se r\u00e9jouit de cette \u00e9lection : \"L'augmentation des co\u00fbts de la sant\u00e9, le manque de personnel qualifi\u00e9 et la num\u00e9risation croissante - le syst\u00e8me de sant\u00e9 suisse se transforme de plus en plus rapidement. Reto Egloff conna\u00eet le secteur de l'assurance maladie du point de vue de la surveillance, de l'association et du march\u00e9. Gr\u00e2ce \u00e0 son vaste savoir-faire et \u00e0 son excellent r\u00e9seau au sein de la branche et de la politique, il r\u00e9unit les conditions id\u00e9ales pour positionner encore davantage Helsana en tant qu'acteur actif du syst\u00e8me de sant\u00e9 suisse\". Reto Egloff a travaill\u00e9 de 2007 \u00e0 2021 pour la CPT Assurance-maladie, o\u00f9 il a occup\u00e9 la fonction de CEO d\u00e8s 2013. De 2013 \u00e0 2021, il a \u00e9galement \u00e9t\u00e9 membre du comit\u00e9 de l'association de branche curafutura. Auparavant, ce juriste a \u00e9t\u00e9 chef de la section Surveillance de l'assurance-maladie \u00e0 l'Office f\u00e9d\u00e9ral de la sant\u00e9 publique (OFSP) et a occup\u00e9 des postes de direction dans l'h\u00f4tellerie.<\/p>\n<p>Gr\u00e2ce \u00e0 une large offre dans les domaines de l'assurance de base, compl\u00e9mentaire et accidents ainsi que des indemnit\u00e9s journali\u00e8res maladie, Helsana prot\u00e8ge pr\u00e8s de 2,2 millions de personnes contre les cons\u00e9quences financi\u00e8res de la maladie, de l'accident, de la maternit\u00e9 et de la n\u00e9cessit\u00e9 de soins \u00e0 la retraite. L'entreprise d\u00e9veloppe en outre des solutions d'assurance pour plus de 60'000 entreprises et associations afin d'att\u00e9nuer les cons\u00e9quences \u00e9conomiques des absences pour cause de maladie ou d'accident.<\/p>\n<p><em>Source et informations compl\u00e9mentaires : <a href=\"http:\/\/www.helsana.ch\">Helsana<\/a><\/em><\/p>","protected":false},"excerpt":{"rendered":"<p>Lors de l'assembl\u00e9e g\u00e9n\u00e9rale du Groupe Helsana du 26 mai 2023, Reto Egloff a \u00e9t\u00e9 \u00e9lu au Conseil d'administration. Avec ce nouveau membre, Helsana s'adjoint les services d'un fin connaisseur de la branche de l'assurance-maladie.<\/p>","protected":false},"author":4,"featured_media":0,"comment_status":"closed","ping_status":"closed","sticky":false,"template":"","format":"standard","meta":{"_acf_changed":false,"_yoast_wpseo_focuskw":"Reto Egloff","_yoast_wpseo_metadesc":"An der Generalversammlung der Helsana-Gruppe vom 26. Mai 2023 wurde Reto Egloff in den Verwaltungsrat gew\u00e4hlt.","articlekey":"","footnotes":""},"categories":[28],"tags":[1264,381,492,513],"class_list":["post-20534","post","type-post","status-publish","format-standard","hentry","category-management","tag-generalversammlung","tag-personalia","tag-unternehmen","tag-verwaltungsraete"],"acf":[],"yoast_head":"<!-- This site is optimized with the Yoast SEO plugin v27.5 - https:\/\/yoast.com\/product\/yoast-seo-wordpress\/ -->\n<title>Reto Egloff neu im Verwaltungsrat der Helsana-Gruppe - Organisator<\/title>\n<meta name=\"description\" content=\"An der Generalversammlung der Helsana-Gruppe vom 26. Mai 2023 wurde Reto Egloff in den Verwaltungsrat gew\u00e4hlt.\" \/>\n<meta name=\"robots\" content=\"index, follow, max-snippet:-1, max-image-preview:large, max-video-preview:-1\" \/>\n<link rel=\"canonical\" href=\"https:\/\/www.organisator.ch\/fr\/gestion-2\/2023-05-31\/reto-egloff-neu-im-verwaltungsrat-der-helsana-gruppe\/\" \/>\n<meta property=\"og:locale\" content=\"fr_FR\" \/>\n<meta property=\"og:type\" content=\"article\" \/>\n<meta property=\"og:title\" content=\"Reto Egloff neu im Verwaltungsrat der Helsana-Gruppe\" \/>\n<meta property=\"og:description\" content=\"An der Generalversammlung der Helsana-Gruppe vom 26. Mai 2023 wurde Reto Egloff in den Verwaltungsrat gew\u00e4hlt.\" \/>\n<meta property=\"og:url\" content=\"https:\/\/www.organisator.ch\/fr\/gestion-2\/2023-05-31\/reto-egloff-neu-im-verwaltungsrat-der-helsana-gruppe\/\" \/>\n<meta property=\"og:site_name\" content=\"Organisator\" \/>\n<meta property=\"article:publisher\" content=\"https:\/\/www.facebook.com\/OrganisatorFachmagazin\" \/>\n<meta property=\"article:published_time\" content=\"2023-05-31T14:39:57+00:00\" \/>\n<meta property=\"og:image\" content=\"https:\/\/www.organisator.ch\/wp-content\/uploads\/2023\/05\/Reto-Egloff-neu-im-Verwaltungsrat-der-Helsana-Gruppe_Organisator.jpg\" \/>\n\t<meta property=\"og:image:width\" content=\"680\" \/>\n\t<meta property=\"og:image:height\" content=\"453\" \/>\n\t<meta property=\"og:image:type\" content=\"image\/jpeg\" \/>\n<meta name=\"author\" content=\"thomas.berner\" \/>\n<meta name=\"twitter:card\" content=\"summary_large_image\" \/>\n<meta name=\"twitter:title\" content=\"Reto #Egloff neu im #Verwaltungsrat der #Helsana-Gruppe\" \/>\n<meta name=\"twitter:description\" content=\"An der Generalversammlung der #Helsana-Gruppe vom 26. Mai 2023 wurde Reto #Egloff in den #Verwaltungsrat gew\u00e4hlt.\" \/>\n<meta name=\"twitter:image\" content=\"https:\/\/www.organisator.ch\/wp-content\/uploads\/2023\/05\/Reto-Egloff-neu-im-Verwaltungsrat-der-Helsana-Gruppe_Organisator.jpg\" \/>\n<script type=\"application\/ld+json\" class=\"yoast-schema-graph\">{\"@context\":\"https:\\\/\\\/schema.org\",\"@graph\":[{\"@type\":\"Article\",\"@id\":\"https:\\\/\\\/www.organisator.ch\\\/management\\\/2023-05-31\\\/reto-egloff-neu-im-verwaltungsrat-der-helsana-gruppe\\\/#article\",\"isPartOf\":{\"@id\":\"https:\\\/\\\/www.organisator.ch\\\/management\\\/2023-05-31\\\/reto-egloff-neu-im-verwaltungsrat-der-helsana-gruppe\\\/\"},\"author\":{\"name\":\"thomas.berner\",\"@id\":\"https:\\\/\\\/www.organisator.ch\\\/#\\\/schema\\\/person\\\/6f650f90b2842cd4c0cc334b4e36f67e\"},\"headline\":\"Reto Egloff neu im Verwaltungsrat der Helsana-Gruppe\",\"datePublished\":\"2023-05-31T14:39:57+00:00\",\"mainEntityOfPage\":{\"@id\":\"https:\\\/\\\/www.organisator.ch\\\/management\\\/2023-05-31\\\/reto-egloff-neu-im-verwaltungsrat-der-helsana-gruppe\\\/\"},\"wordCount\":272,\"publisher\":{\"@id\":\"https:\\\/\\\/www.organisator.ch\\\/#organization\"},\"image\":{\"@id\":\"https:\\\/\\\/www.organisator.ch\\\/management\\\/2023-05-31\\\/reto-egloff-neu-im-verwaltungsrat-der-helsana-gruppe\\\/#primaryimage\"},\"thumbnailUrl\":\"https:\\\/\\\/www.organisator.ch\\\/wp-content\\\/uploads\\\/2023\\\/05\\\/Reto-Egloff-neu-im-Verwaltungsrat-der-Helsana-Gruppe_Organisator.jpg\",\"keywords\":[\"Generalversammlung\",\"Personalia\",\"Unternehmen\",\"Verwaltungsr\u00e4te\"],\"articleSection\":[\"MANAGEMENT\"],\"inLanguage\":\"fr-FR\"},{\"@type\":\"WebPage\",\"@id\":\"https:\\\/\\\/www.organisator.ch\\\/management\\\/2023-05-31\\\/reto-egloff-neu-im-verwaltungsrat-der-helsana-gruppe\\\/\",\"url\":\"https:\\\/\\\/www.organisator.ch\\\/management\\\/2023-05-31\\\/reto-egloff-neu-im-verwaltungsrat-der-helsana-gruppe\\\/\",\"name\":\"Reto Egloff neu im Verwaltungsrat der Helsana-Gruppe - Organisator\",\"isPartOf\":{\"@id\":\"https:\\\/\\\/www.organisator.ch\\\/#website\"},\"primaryImageOfPage\":{\"@id\":\"https:\\\/\\\/www.organisator.ch\\\/management\\\/2023-05-31\\\/reto-egloff-neu-im-verwaltungsrat-der-helsana-gruppe\\\/#primaryimage\"},\"image\":{\"@id\":\"https:\\\/\\\/www.organisator.ch\\\/management\\\/2023-05-31\\\/reto-egloff-neu-im-verwaltungsrat-der-helsana-gruppe\\\/#primaryimage\"},\"thumbnailUrl\":\"https:\\\/\\\/www.organisator.ch\\\/wp-content\\\/uploads\\\/2023\\\/05\\\/Reto-Egloff-neu-im-Verwaltungsrat-der-Helsana-Gruppe_Organisator.jpg\",\"datePublished\":\"2023-05-31T14:39:57+00:00\",\"description\":\"An der Generalversammlung der Helsana-Gruppe vom 26. Mai 2023 wurde Reto Egloff in den Verwaltungsrat gew\u00e4hlt.\",\"breadcrumb\":{\"@id\":\"https:\\\/\\\/www.organisator.ch\\\/management\\\/2023-05-31\\\/reto-egloff-neu-im-verwaltungsrat-der-helsana-gruppe\\\/#breadcrumb\"},\"inLanguage\":\"fr-FR\",\"potentialAction\":[{\"@type\":\"ReadAction\",\"target\":[\"https:\\\/\\\/www.organisator.ch\\\/management\\\/2023-05-31\\\/reto-egloff-neu-im-verwaltungsrat-der-helsana-gruppe\\\/\"]}]},{\"@type\":\"ImageObject\",\"inLanguage\":\"fr-FR\",\"@id\":\"https:\\\/\\\/www.organisator.ch\\\/management\\\/2023-05-31\\\/reto-egloff-neu-im-verwaltungsrat-der-helsana-gruppe\\\/#primaryimage\",\"url\":\"https:\\\/\\\/www.organisator.ch\\\/wp-content\\\/uploads\\\/2023\\\/05\\\/Reto-Egloff-neu-im-Verwaltungsrat-der-Helsana-Gruppe_Organisator.jpg\",\"contentUrl\":\"https:\\\/\\\/www.organisator.ch\\\/wp-content\\\/uploads\\\/2023\\\/05\\\/Reto-Egloff-neu-im-Verwaltungsrat-der-Helsana-Gruppe_Organisator.jpg\"},{\"@type\":\"BreadcrumbList\",\"@id\":\"https:\\\/\\\/www.organisator.ch\\\/management\\\/2023-05-31\\\/reto-egloff-neu-im-verwaltungsrat-der-helsana-gruppe\\\/#breadcrumb\",\"itemListElement\":[{\"@type\":\"ListItem\",\"position\":1,\"name\":\"Home\",\"item\":\"https:\\\/\\\/www.organisator.ch\\\/\"},{\"@type\":\"ListItem\",\"position\":2,\"name\":\"Reto Egloff neu im Verwaltungsrat der Helsana-Gruppe\"}]},{\"@type\":\"WebSite\",\"@id\":\"https:\\\/\\\/www.organisator.ch\\\/#website\",\"url\":\"https:\\\/\\\/www.organisator.ch\\\/\",\"name\":\"Organisator\",\"description\":\"Kompetent. Praxisnah. Der ORGANISATOR bereitet in 10 Ausgaben pro Jahr die wesentlichen Themen f\u00fcr F\u00fchrungskr\u00e4fte von KMU auf.\",\"publisher\":{\"@id\":\"https:\\\/\\\/www.organisator.ch\\\/#organization\"},\"potentialAction\":[{\"@type\":\"SearchAction\",\"target\":{\"@type\":\"EntryPoint\",\"urlTemplate\":\"https:\\\/\\\/www.organisator.ch\\\/?s={search_term_string}\"},\"query-input\":{\"@type\":\"PropertyValueSpecification\",\"valueRequired\":true,\"valueName\":\"search_term_string\"}}],\"inLanguage\":\"fr-FR\"},{\"@type\":\"Organization\",\"@id\":\"https:\\\/\\\/www.organisator.ch\\\/#organization\",\"name\":\"Organisator\",\"url\":\"https:\\\/\\\/www.organisator.ch\\\/\",\"logo\":{\"@type\":\"ImageObject\",\"inLanguage\":\"fr-FR\",\"@id\":\"https:\\\/\\\/www.organisator.ch\\\/#\\\/schema\\\/logo\\\/image\\\/\",\"url\":\"https:\\\/\\\/www.organisator.ch\\\/wp-content\\\/uploads\\\/2022\\\/01\\\/Logo_Organisator_Website.png\",\"contentUrl\":\"https:\\\/\\\/www.organisator.ch\\\/wp-content\\\/uploads\\\/2022\\\/01\\\/Logo_Organisator_Website.png\",\"width\":800,\"height\":77,\"caption\":\"Organisator\"},\"image\":{\"@id\":\"https:\\\/\\\/www.organisator.ch\\\/#\\\/schema\\\/logo\\\/image\\\/\"},\"sameAs\":[\"https:\\\/\\\/www.facebook.com\\\/OrganisatorFachmagazin\",\"https:\\\/\\\/www.linkedin.com\\\/showcase\\\/organisator-das-magazin-fr-kmu\",\"https:\\\/\\\/www.xing.com\\\/news\\\/pages\\\/organisator-ch-695\",\"https:\\\/\\\/www.youtube.com\\\/channel\\\/UCGP2Sq0iWaZwT3BdIAQFYpw\"]},{\"@type\":\"Person\",\"@id\":\"https:\\\/\\\/www.organisator.ch\\\/#\\\/schema\\\/person\\\/6f650f90b2842cd4c0cc334b4e36f67e\",\"name\":\"thomas.berner\",\"image\":{\"@type\":\"ImageObject\",\"inLanguage\":\"fr-FR\",\"@id\":\"https:\\\/\\\/secure.gravatar.com\\\/avatar\\\/ac5001d2a36cb6c6cd3e50789007ffca834b477b74a2144564522e944eabff61?s=96&d=mm&r=g\",\"url\":\"https:\\\/\\\/secure.gravatar.com\\\/avatar\\\/ac5001d2a36cb6c6cd3e50789007ffca834b477b74a2144564522e944eabff61?s=96&d=mm&r=g\",\"contentUrl\":\"https:\\\/\\\/secure.gravatar.com\\\/avatar\\\/ac5001d2a36cb6c6cd3e50789007ffca834b477b74a2144564522e944eabff61?s=96&d=mm&r=g\",\"caption\":\"thomas.berner\"},\"url\":\"https:\\\/\\\/www.organisator.ch\\\/fr\\\/author\\\/thomas-berner\\\/\"}]}<\/script>\n<!-- \/ Yoast SEO plugin. -->","yoast_head_json":{"title":"Reto Egloff, nouveau membre du Conseil d'administration du Groupe Helsana - Organisateur","description":"Lors de l'assembl\u00e9e g\u00e9n\u00e9rale du Groupe Helsana du 26 mai 2023, Reto Egloff a \u00e9t\u00e9 \u00e9lu au Conseil d'administration.","robots":{"index":"index","follow":"follow","max-snippet":"max-snippet:-1","max-image-preview":"max-image-preview:large","max-video-preview":"max-video-preview:-1"},"canonical":"https:\/\/www.organisator.ch\/fr\/gestion-2\/2023-05-31\/reto-egloff-neu-im-verwaltungsrat-der-helsana-gruppe\/","og_locale":"fr_FR","og_type":"article","og_title":"Reto Egloff neu im Verwaltungsrat der Helsana-Gruppe","og_description":"An der Generalversammlung der Helsana-Gruppe vom 26. Mai 2023 wurde Reto Egloff in den Verwaltungsrat gew\u00e4hlt.","og_url":"https:\/\/www.organisator.ch\/fr\/gestion-2\/2023-05-31\/reto-egloff-neu-im-verwaltungsrat-der-helsana-gruppe\/","og_site_name":"Organisator","article_publisher":"https:\/\/www.facebook.com\/OrganisatorFachmagazin","article_published_time":"2023-05-31T14:39:57+00:00","og_image":[{"width":680,"height":453,"url":"https:\/\/www.organisator.ch\/wp-content\/uploads\/2023\/05\/Reto-Egloff-neu-im-Verwaltungsrat-der-Helsana-Gruppe_Organisator.jpg","type":"image\/jpeg"}],"author":"thomas.berner","twitter_card":"summary_large_image","twitter_title":"Reto #Egloff neu im #Verwaltungsrat der #Helsana-Gruppe","twitter_description":"An der Generalversammlung der #Helsana-Gruppe vom 26. Mai 2023 wurde Reto #Egloff in den #Verwaltungsrat gew\u00e4hlt.","twitter_image":"https:\/\/www.organisator.ch\/wp-content\/uploads\/2023\/05\/Reto-Egloff-neu-im-Verwaltungsrat-der-Helsana-Gruppe_Organisator.jpg","schema":{"@context":"https:\/\/schema.org","@graph":[{"@type":"Article","@id":"https:\/\/www.organisator.ch\/management\/2023-05-31\/reto-egloff-neu-im-verwaltungsrat-der-helsana-gruppe\/#article","isPartOf":{"@id":"https:\/\/www.organisator.ch\/management\/2023-05-31\/reto-egloff-neu-im-verwaltungsrat-der-helsana-gruppe\/"},"author":{"name":"thomas.berner","@id":"https:\/\/www.organisator.ch\/#\/schema\/person\/6f650f90b2842cd4c0cc334b4e36f67e"},"headline":"Reto Egloff neu im Verwaltungsrat der Helsana-Gruppe","datePublished":"2023-05-31T14:39:57+00:00","mainEntityOfPage":{"@id":"https:\/\/www.organisator.ch\/management\/2023-05-31\/reto-egloff-neu-im-verwaltungsrat-der-helsana-gruppe\/"},"wordCount":272,"publisher":{"@id":"https:\/\/www.organisator.ch\/#organization"},"image":{"@id":"https:\/\/www.organisator.ch\/management\/2023-05-31\/reto-egloff-neu-im-verwaltungsrat-der-helsana-gruppe\/#primaryimage"},"thumbnailUrl":"https:\/\/www.organisator.ch\/wp-content\/uploads\/2023\/05\/Reto-Egloff-neu-im-Verwaltungsrat-der-Helsana-Gruppe_Organisator.jpg","keywords":["Generalversammlung","Personalia","Unternehmen","Verwaltungsr\u00e4te"],"articleSection":["MANAGEMENT"],"inLanguage":"fr-FR"},{"@type":"WebPage","@id":"https:\/\/www.organisator.ch\/management\/2023-05-31\/reto-egloff-neu-im-verwaltungsrat-der-helsana-gruppe\/","url":"https:\/\/www.organisator.ch\/management\/2023-05-31\/reto-egloff-neu-im-verwaltungsrat-der-helsana-gruppe\/","name":"Reto Egloff, nouveau membre du Conseil d'administration du Groupe Helsana - Organisateur","isPartOf":{"@id":"https:\/\/www.organisator.ch\/#website"},"primaryImageOfPage":{"@id":"https:\/\/www.organisator.ch\/management\/2023-05-31\/reto-egloff-neu-im-verwaltungsrat-der-helsana-gruppe\/#primaryimage"},"image":{"@id":"https:\/\/www.organisator.ch\/management\/2023-05-31\/reto-egloff-neu-im-verwaltungsrat-der-helsana-gruppe\/#primaryimage"},"thumbnailUrl":"https:\/\/www.organisator.ch\/wp-content\/uploads\/2023\/05\/Reto-Egloff-neu-im-Verwaltungsrat-der-Helsana-Gruppe_Organisator.jpg","datePublished":"2023-05-31T14:39:57+00:00","description":"Lors de l'assembl\u00e9e g\u00e9n\u00e9rale du Groupe Helsana du 26 mai 2023, Reto Egloff a \u00e9t\u00e9 \u00e9lu au Conseil d'administration.","breadcrumb":{"@id":"https:\/\/www.organisator.ch\/management\/2023-05-31\/reto-egloff-neu-im-verwaltungsrat-der-helsana-gruppe\/#breadcrumb"},"inLanguage":"fr-FR","potentialAction":[{"@type":"ReadAction","target":["https:\/\/www.organisator.ch\/management\/2023-05-31\/reto-egloff-neu-im-verwaltungsrat-der-helsana-gruppe\/"]}]},{"@type":"ImageObject","inLanguage":"fr-FR","@id":"https:\/\/www.organisator.ch\/management\/2023-05-31\/reto-egloff-neu-im-verwaltungsrat-der-helsana-gruppe\/#primaryimage","url":"https:\/\/www.organisator.ch\/wp-content\/uploads\/2023\/05\/Reto-Egloff-neu-im-Verwaltungsrat-der-Helsana-Gruppe_Organisator.jpg","contentUrl":"https:\/\/www.organisator.ch\/wp-content\/uploads\/2023\/05\/Reto-Egloff-neu-im-Verwaltungsrat-der-Helsana-Gruppe_Organisator.jpg"},{"@type":"BreadcrumbList","@id":"https:\/\/www.organisator.ch\/management\/2023-05-31\/reto-egloff-neu-im-verwaltungsrat-der-helsana-gruppe\/#breadcrumb","itemListElement":[{"@type":"ListItem","position":1,"name":"Home","item":"https:\/\/www.organisator.ch\/"},{"@type":"ListItem","position":2,"name":"Reto Egloff neu im Verwaltungsrat der Helsana-Gruppe"}]},{"@type":"WebSite","@id":"https:\/\/www.organisator.ch\/#website","url":"https:\/\/www.organisator.ch\/","name":"Organisateur","description":"Comp\u00e9tence et comp\u00e9tence. Proches de la pratique. L'ORGANISATEUR pr\u00e9pare 10 num\u00e9ros par an sur les th\u00e8mes essentiels pour les dirigeants de PME.","publisher":{"@id":"https:\/\/www.organisator.ch\/#organization"},"potentialAction":[{"@type":"SearchAction","target":{"@type":"EntryPoint","urlTemplate":"https:\/\/www.organisator.ch\/?s={search_term_string}"},"query-input":{"@type":"PropertyValueSpecification","valueRequired":true,"valueName":"search_term_string"}}],"inLanguage":"fr-FR"},{"@type":"Organization","@id":"https:\/\/www.organisator.ch\/#organization","name":"Organisateur","url":"https:\/\/www.organisator.ch\/","logo":{"@type":"ImageObject","inLanguage":"fr-FR","@id":"https:\/\/www.organisator.ch\/#\/schema\/logo\/image\/","url":"https:\/\/www.organisator.ch\/wp-content\/uploads\/2022\/01\/Logo_Organisator_Website.png","contentUrl":"https:\/\/www.organisator.ch\/wp-content\/uploads\/2022\/01\/Logo_Organisator_Website.png","width":800,"height":77,"caption":"Organisator"},"image":{"@id":"https:\/\/www.organisator.ch\/#\/schema\/logo\/image\/"},"sameAs":["https:\/\/www.facebook.com\/OrganisatorFachmagazin","https:\/\/www.linkedin.com\/showcase\/organisator-das-magazin-fr-kmu","https:\/\/www.xing.com\/news\/pages\/organisator-ch-695","https:\/\/www.youtube.com\/channel\/UCGP2Sq0iWaZwT3BdIAQFYpw"]},{"@type":"Person","@id":"https:\/\/www.organisator.ch\/#\/schema\/person\/6f650f90b2842cd4c0cc334b4e36f67e","name":"thomas.berner","image":{"@type":"ImageObject","inLanguage":"fr-FR","@id":"https:\/\/secure.gravatar.com\/avatar\/ac5001d2a36cb6c6cd3e50789007ffca834b477b74a2144564522e944eabff61?s=96&d=mm&r=g","url":"https:\/\/secure.gravatar.com\/avatar\/ac5001d2a36cb6c6cd3e50789007ffca834b477b74a2144564522e944eabff61?s=96&d=mm&r=g","contentUrl":"https:\/\/secure.gravatar.com\/avatar\/ac5001d2a36cb6c6cd3e50789007ffca834b477b74a2144564522e944eabff61?s=96&d=mm&r=g","caption":"thomas.berner"},"url":"https:\/\/www.organisator.ch\/fr\/author\/thomas-berner\/"}]}},"_links":{"self":[{"href":"https:\/\/www.organisator.ch\/fr\/wp-json\/wp\/v2\/posts\/20534","targetHints":{"allow":["GET"]}}],"collection":[{"href":"https:\/\/www.organisator.ch\/fr\/wp-json\/wp\/v2\/posts"}],"about":[{"href":"https:\/\/www.organisator.ch\/fr\/wp-json\/wp\/v2\/types\/post"}],"author":[{"embeddable":true,"href":"https:\/\/www.organisator.ch\/fr\/wp-json\/wp\/v2\/users\/4"}],"replies":[{"embeddable":true,"href":"https:\/\/www.organisator.ch\/fr\/wp-json\/wp\/v2\/comments?post=20534"}],"version-history":[{"count":1,"href":"https:\/\/www.organisator.ch\/fr\/wp-json\/wp\/v2\/posts\/20534\/revisions"}],"predecessor-version":[{"id":20536,"href":"https:\/\/www.organisator.ch\/fr\/wp-json\/wp\/v2\/posts\/20534\/revisions\/20536"}],"wp:attachment":[{"href":"https:\/\/www.organisator.ch\/fr\/wp-json\/wp\/v2\/media?parent=20534"}],"wp:term":[{"taxonomy":"category","embeddable":true,"href":"https:\/\/www.organisator.ch\/fr\/wp-json\/wp\/v2\/categories?post=20534"},{"taxonomy":"post_tag","embeddable":true,"href":"https:\/\/www.organisator.ch\/fr\/wp-json\/wp\/v2\/tags?post=20534"}],"curies":[{"name":"wp","href":"https:\/\/api.w.org\/{rel}","templated":true}]}}