{"id":20537,"date":"2023-06-01T09:21:12","date_gmt":"2023-06-01T07:21:12","guid":{"rendered":"https:\/\/www.organisator.ch\/?p=20537"},"modified":"2023-06-01T09:21:12","modified_gmt":"2023-06-01T07:21:12","slug":"axa-sammelstiftungen-weiterhin-erfolgreich-unterwegs","status":"publish","type":"post","link":"https:\/\/www.organisator.ch\/fr\/management\/2023-06-01\/axa-sammelstiftungen-weiterhin-erfolgreich-unterwegs\/","title":{"rendered":"Les fondations collectives AXA poursuivent sur leur lanc\u00e9e"},"content":{"rendered":"<figure id=\"attachment_20538\" aria-describedby=\"caption-attachment-20538\" style=\"width: 680px\" class=\"wp-caption alignnone\"><img loading=\"lazy\" decoding=\"async\" class=\"size-full wp-image-20538\" src=\"https:\/\/www.organisator.ch\/wp-content\/uploads\/2023\/06\/AXA-Sammelstiftungen-weiterhin-erfolgreich-unterwegs_Organisator.jpg\" alt=\"\" width=\"680\" height=\"432\" srcset=\"https:\/\/www.organisator.ch\/wp-content\/uploads\/2023\/06\/AXA-Sammelstiftungen-weiterhin-erfolgreich-unterwegs_Organisator.jpg 680w, https:\/\/www.organisator.ch\/wp-content\/uploads\/2023\/06\/AXA-Sammelstiftungen-weiterhin-erfolgreich-unterwegs_Organisator-18x12.jpg 18w, https:\/\/www.organisator.ch\/wp-content\/uploads\/2023\/06\/AXA-Sammelstiftungen-weiterhin-erfolgreich-unterwegs_Organisator-375x238.jpg 375w, https:\/\/www.organisator.ch\/wp-content\/uploads\/2023\/06\/AXA-Sammelstiftungen-weiterhin-erfolgreich-unterwegs_Organisator-551x350.jpg 551w\" sizes=\"auto, (max-width: 680px) 100vw, 680px\" \/><figcaption id=\"caption-attachment-20538\" class=\"wp-caption-text\">AXA peut se targuer d'une bonne ann\u00e9e 2022 dans le domaine de la LPP. (Image : AXA)<\/figcaption><\/figure>\n<p>Selon le compte d'exploitation actuel, AXA Suisse a de nouveau r\u00e9alis\u00e9 un exercice r\u00e9ussi dans le domaine de la pr\u00e9voyance professionnelle : le nombre de clients affili\u00e9s aux fondations collectives semi-autonomes a de nouveau augment\u00e9 de 5,5 pour cent l'ann\u00e9e derni\u00e8re, le nombre d'assur\u00e9s actifs a m\u00eame progress\u00e9 de 11,1 pour cent pour atteindre plus de 331'000. La croissance durable des fondations collectives d'AXA se poursuit ainsi, \u00e9crit l'assurance. Si l'on ajoute les affaires autonomes des caisses de pension, le nombre d'assur\u00e9s actifs chez AXA d\u00e9passe les 400 000. Thomas Gerber, responsable de la pr\u00e9voyance, constate donc : \"Les solutions LPP semi-autonomes d'AXA continuent de susciter une forte demande sur le march\u00e9 et soutiennent la croissance saine des fondations collectives. En 2022, nous avons r\u00e9alis\u00e9 le deuxi\u00e8me meilleur r\u00e9sultat de notre histoire en mati\u00e8re de nouvelles affaires et donc, pour la troisi\u00e8me fois cons\u00e9cutive, un excellent r\u00e9sultat. Le mod\u00e8le semi-autonome est convaincant m\u00eame en p\u00e9riode \u00e9conomiquement exigeante et, face \u00e0 la hausse des taux d'int\u00e9r\u00eat, il est \u00e9galement plus juste et plus attrayant pour les assur\u00e9s\".<\/p>\n<h3>2 milliards de francs d'int\u00e9r\u00eats suppl\u00e9mentaires en faveur des assur\u00e9s<\/h3>\n<p>Au cours des quatre derni\u00e8res ann\u00e9es (2019 - 2022), les avoirs de vieillesse des assur\u00e9s ont \u00e9t\u00e9 r\u00e9mun\u00e9r\u00e9s en moyenne, selon les fondations, entre 2,04 et 2,69 pour cent dans le r\u00e9gime obligatoire et entre 2,68 et 4,6 pour cent dans le r\u00e9gime surobligatoire, soit nettement plus que le taux d'int\u00e9r\u00eat minimal LPP de 1 pour cent. Depuis le passage \u00e0 l'autonomie partielle d\u00e9but 2019, les assur\u00e9s des fondations collectives ont ainsi per\u00e7u au total plus de 2 milliards de francs d'int\u00e9r\u00eats cr\u00e9diteurs de plus que ce qui aurait \u00e9t\u00e9 possible dans le corset \u00e9troit de l'assurance compl\u00e8te.<\/p>\n<p>J\u00fcrgen Scharfetter, responsable de la pr\u00e9voyance professionnelle : \"Gr\u00e2ce \u00e0 la r\u00e9mun\u00e9ration plus \u00e9lev\u00e9e, les assur\u00e9s ont \u00e0 long terme de bien meilleures perspectives de disposer \u00e0 la retraite d'une rente suffisante pour maintenir leur niveau de vie habituel. De plus, gr\u00e2ce \u00e0 nos plans de pr\u00e9voyance flexibles, nous offrons aux PME suisses et \u00e0 leurs collaborateurs la possibilit\u00e9 d'adapter la pr\u00e9voyance professionnelle aux mod\u00e8les d'emploi et de vie actuels, comme le temps partiel. A cela s'ajoutent des services compl\u00e9mentaires diff\u00e9renci\u00e9s qui vont bien au-del\u00e0 de la simple pr\u00e9voyance et cr\u00e9ent une v\u00e9ritable valeur ajout\u00e9e\".<\/p>\n<h3>De nombreux services suppl\u00e9mentaires pour les PME et leurs collaborateurs<\/h3>\n<p>Un service suppl\u00e9mentaire est par exemple la plateforme d'avantages extral\u00e9gaux \"Swibeco\", qui permet \u00e9galement aux tr\u00e8s petites entreprises d'offrir \u00e0 leurs collaborateurs des avantages salariaux attrayants, comme seules les grandes entreprises peuvent le faire habituellement. Entre-temps, plus de 6000 entreprises utilisent la plateforme d'avantages, le nombre a donc doubl\u00e9 en un an. AXA propose d'autres services compl\u00e9mentaires avec \"WeCare\", qui propose aux PME une offre compl\u00e8te pour promouvoir la sant\u00e9 des collaborateurs, du conseil en sant\u00e9 en entreprise aux mesures de pr\u00e9vention et \u00e0 la r\u00e9insertion professionnelle des collaborateurs malades gr\u00e2ce \u00e0 des solutions de care et de case management.<\/p>\n<h3>Tr\u00e8s bien positionn\u00e9 sur le plan financier et structurel<\/h3>\n<p>Les fondations collectives semi-autonomes d'AXA sont tr\u00e8s bien positionn\u00e9es, poursuit l'assurance. Elles pr\u00e9sentent une structure d'\u00e2ge saine, disposent d'une part \u00e9lev\u00e9e de fortune de pr\u00e9voyance surobligatoire et d'engagements de rentes faibles par rapport au march\u00e9, est-il pr\u00e9cis\u00e9.<\/p>\n<p>Et d'ajouter : \"Dans sa gestion d'actifs, AXA suit une approche de placement consciente des risques et mise syst\u00e9matiquement sur un principe ind\u00e9pendant de \"best in class\" afin d'obtenir \u00e0 long terme les meilleures opportunit\u00e9s de rendement possibles pour les assur\u00e9s. Les actifs g\u00e9r\u00e9s pour des clients tiers ont pu \u00eatre augment\u00e9s de 7 pour cent l'ann\u00e9e derni\u00e8re pour atteindre 41 milliards de francs, selon les indications d'AXA. Daniel Gussmann, Chief Investment Officer : \"Comme les fondations collectives d'AXA sont tr\u00e8s bien plac\u00e9es, tant sur le plan financier que structurel, elles peuvent m\u00eame supporter des ann\u00e9es boursi\u00e8res exigeantes. Dans la pr\u00e9voyance professionnelle, on \u00e9pargne pendant des d\u00e9cennies, et les strat\u00e9gies de placement sont \u00e9galement con\u00e7ues dans cette optique. Les portefeuilles sont en outre largement diversifi\u00e9s, ce qui contribue \u00e0 la stabilit\u00e9\".<\/p>\n<h3>Solide r\u00e9sultat d'exploitation 2022 dans les affaires LPP<\/h3>\n<p>Depuis 2019, AXA se concentre enti\u00e8rement sur les solutions semi-autonomes. Entre-temps, la grande majorit\u00e9 des personnes assur\u00e9es chez AXA sont dans le mod\u00e8le semi-autonome. Les recettes de primes ont augment\u00e9 de 4,8% \u00e0 738 millions de francs (2021 : 704 millions de francs) en raison des nouvelles affaires. Les revenus des capitaux ont diminu\u00e9, passant de 519 millions de francs l'ann\u00e9e pr\u00e9c\u00e9dente \u00e0 160 millions de francs, en raison d'un recul des revenus directs des capitaux et d'amortissements plus \u00e9lev\u00e9s sur les titres \u00e0 revenu fixe et les actions. Le r\u00e9sultat d'exploitation avant imp\u00f4ts s'est r\u00e9duit \u00e0 74 millions de francs en 2022 (2021 : 110 millions de francs), ce qui s'explique notamment par le recul du r\u00e9sultat des placements.<\/p>\n<p>Dans les affaires soumises \u00e0 la quote-part minimum, 715 millions de francs sont revenus aux assur\u00e9s sous forme de prestations d'assurance, de renforcement des r\u00e9serves et d'attributions au fonds d'exc\u00e9dents. La quote-part de distribution s'est ainsi \u00e9lev\u00e9e \u00e0 90,7 pour cent. Gr\u00e2ce \u00e0 des efforts d'efficacit\u00e9 cons\u00e9quents et \u00e0 l'augmentation de la base d'assur\u00e9s, les co\u00fbts par assur\u00e9 actif se sont am\u00e9lior\u00e9s de 6 pour cent pour atteindre 422 francs.<\/p>\n<p><a href=\"https:\/\/www.axa.ch\/de\/unternehmenskunden.html\"><em>Source et informations compl\u00e9mentaires<\/em><\/a><\/p>","protected":false},"excerpt":{"rendered":"<p>Selon le dernier rapport annuel, les fondations collectives semi-autonomes d'AXA poursuivent leur croissance avec succ\u00e8s. Les assur\u00e9s b\u00e9n\u00e9ficient d'une r\u00e9mun\u00e9ration attrayante \u00e0 long terme ainsi que de services compl\u00e9mentaires innovants, comme le communique l'assureur de pr\u00e9voyance. <\/p>","protected":false},"author":4,"featured_media":20538,"comment_status":"closed","ping_status":"closed","sticky":false,"template":"","format":"standard","meta":{"_acf_changed":false,"_yoast_wpseo_focuskw":"AXA Sammelstiftungen","_yoast_wpseo_metadesc":"Die teilautonomen AXA Sammelstiftungen setzen gem\u00e4ss aktuellem Gesch\u00e4ftsbericht 2022 ihren erfolgreichen Wachstumskurs fort.","articlekey":"","footnotes":""},"categories":[28],"tags":[2921,236,377,3801],"class_list":["post-20537","post","type-post","status-publish","format-standard","has-post-thumbnail","hentry","category-management","tag-berufliche-vorsorge","tag-geschaeftsbericht","tag-pensionskassen","tag-sammelstiftungen"],"acf":[],"yoast_head":"<!-- This site is optimized with the Yoast SEO plugin v27.4 - https:\/\/yoast.com\/product\/yoast-seo-wordpress\/ -->\n<title>AXA Sammelstiftungen weiterhin erfolgreich unterwegs - Organisator<\/title>\n<meta name=\"description\" content=\"Die teilautonomen AXA Sammelstiftungen setzen gem\u00e4ss aktuellem Gesch\u00e4ftsbericht 2022 ihren erfolgreichen Wachstumskurs fort.\" \/>\n<meta name=\"robots\" content=\"index, follow, max-snippet:-1, max-image-preview:large, max-video-preview:-1\" \/>\n<link rel=\"canonical\" href=\"https:\/\/www.organisator.ch\/fr\/gestion-2\/2023-06-01\/axa-sammelstiftungen-weiterhin-erfolgreich-unterwegs\/\" \/>\n<meta property=\"og:locale\" content=\"fr_FR\" \/>\n<meta property=\"og:type\" content=\"article\" \/>\n<meta property=\"og:title\" content=\"AXA Sammelstiftungen weiterhin erfolgreich unterwegs\" \/>\n<meta property=\"og:description\" content=\"Die teilautonomen AXA Sammelstiftungen setzen gem\u00e4ss aktuellem Gesch\u00e4ftsbericht 2022 ihren erfolgreichen Wachstumskurs fort.\" \/>\n<meta property=\"og:url\" content=\"https:\/\/www.organisator.ch\/fr\/gestion-2\/2023-06-01\/axa-sammelstiftungen-weiterhin-erfolgreich-unterwegs\/\" \/>\n<meta property=\"og:site_name\" content=\"Organisator\" \/>\n<meta property=\"article:publisher\" content=\"https:\/\/www.facebook.com\/OrganisatorFachmagazin\" \/>\n<meta property=\"article:published_time\" content=\"2023-06-01T07:21:12+00:00\" \/>\n<meta property=\"og:image\" content=\"https:\/\/www.organisator.ch\/wp-content\/uploads\/2023\/06\/AXA-Sammelstiftungen-weiterhin-erfolgreich-unterwegs_Organisator.jpg\" \/>\n\t<meta property=\"og:image:width\" content=\"680\" \/>\n\t<meta property=\"og:image:height\" content=\"432\" \/>\n\t<meta property=\"og:image:type\" content=\"image\/jpeg\" \/>\n<meta name=\"author\" content=\"thomas.berner\" \/>\n<meta name=\"twitter:card\" content=\"summary_large_image\" \/>\n<meta name=\"twitter:title\" content=\"#AXA #Sammelstiftungen weiterhin erfolgreich unterwegs\" \/>\n<meta name=\"twitter:description\" content=\"Die teilautonomen #AXA #Sammelstiftungen setzen gem\u00e4ss aktuellem Gesch\u00e4ftsbericht 2022 ihren erfolgreichen #Wachstumskurs fort.\" \/>\n<meta name=\"twitter:image\" content=\"https:\/\/www.organisator.ch\/wp-content\/uploads\/2023\/06\/AXA-Sammelstiftungen-weiterhin-erfolgreich-unterwegs_Organisator.jpg\" \/>\n<script type=\"application\/ld+json\" class=\"yoast-schema-graph\">{\"@context\":\"https:\\\/\\\/schema.org\",\"@graph\":[{\"@type\":\"Article\",\"@id\":\"https:\\\/\\\/www.organisator.ch\\\/management\\\/2023-06-01\\\/axa-sammelstiftungen-weiterhin-erfolgreich-unterwegs\\\/#article\",\"isPartOf\":{\"@id\":\"https:\\\/\\\/www.organisator.ch\\\/management\\\/2023-06-01\\\/axa-sammelstiftungen-weiterhin-erfolgreich-unterwegs\\\/\"},\"author\":{\"name\":\"thomas.berner\",\"@id\":\"https:\\\/\\\/www.organisator.ch\\\/#\\\/schema\\\/person\\\/6f650f90b2842cd4c0cc334b4e36f67e\"},\"headline\":\"AXA Sammelstiftungen weiterhin erfolgreich unterwegs\",\"datePublished\":\"2023-06-01T07:21:12+00:00\",\"mainEntityOfPage\":{\"@id\":\"https:\\\/\\\/www.organisator.ch\\\/management\\\/2023-06-01\\\/axa-sammelstiftungen-weiterhin-erfolgreich-unterwegs\\\/\"},\"wordCount\":736,\"publisher\":{\"@id\":\"https:\\\/\\\/www.organisator.ch\\\/#organization\"},\"image\":{\"@id\":\"https:\\\/\\\/www.organisator.ch\\\/management\\\/2023-06-01\\\/axa-sammelstiftungen-weiterhin-erfolgreich-unterwegs\\\/#primaryimage\"},\"thumbnailUrl\":\"https:\\\/\\\/www.organisator.ch\\\/wp-content\\\/uploads\\\/2023\\\/06\\\/AXA-Sammelstiftungen-weiterhin-erfolgreich-unterwegs_Organisator.jpg\",\"keywords\":[\"Berufliche Vorsorge\",\"Gesch\u00e4ftsbericht\",\"Pensionskassen\",\"Sammelstiftungen\"],\"articleSection\":[\"MANAGEMENT\"],\"inLanguage\":\"fr-FR\"},{\"@type\":\"WebPage\",\"@id\":\"https:\\\/\\\/www.organisator.ch\\\/management\\\/2023-06-01\\\/axa-sammelstiftungen-weiterhin-erfolgreich-unterwegs\\\/\",\"url\":\"https:\\\/\\\/www.organisator.ch\\\/management\\\/2023-06-01\\\/axa-sammelstiftungen-weiterhin-erfolgreich-unterwegs\\\/\",\"name\":\"AXA Sammelstiftungen weiterhin erfolgreich unterwegs - Organisator\",\"isPartOf\":{\"@id\":\"https:\\\/\\\/www.organisator.ch\\\/#website\"},\"primaryImageOfPage\":{\"@id\":\"https:\\\/\\\/www.organisator.ch\\\/management\\\/2023-06-01\\\/axa-sammelstiftungen-weiterhin-erfolgreich-unterwegs\\\/#primaryimage\"},\"image\":{\"@id\":\"https:\\\/\\\/www.organisator.ch\\\/management\\\/2023-06-01\\\/axa-sammelstiftungen-weiterhin-erfolgreich-unterwegs\\\/#primaryimage\"},\"thumbnailUrl\":\"https:\\\/\\\/www.organisator.ch\\\/wp-content\\\/uploads\\\/2023\\\/06\\\/AXA-Sammelstiftungen-weiterhin-erfolgreich-unterwegs_Organisator.jpg\",\"datePublished\":\"2023-06-01T07:21:12+00:00\",\"description\":\"Die teilautonomen AXA Sammelstiftungen setzen gem\u00e4ss aktuellem Gesch\u00e4ftsbericht 2022 ihren erfolgreichen Wachstumskurs fort.\",\"breadcrumb\":{\"@id\":\"https:\\\/\\\/www.organisator.ch\\\/management\\\/2023-06-01\\\/axa-sammelstiftungen-weiterhin-erfolgreich-unterwegs\\\/#breadcrumb\"},\"inLanguage\":\"fr-FR\",\"potentialAction\":[{\"@type\":\"ReadAction\",\"target\":[\"https:\\\/\\\/www.organisator.ch\\\/management\\\/2023-06-01\\\/axa-sammelstiftungen-weiterhin-erfolgreich-unterwegs\\\/\"]}]},{\"@type\":\"ImageObject\",\"inLanguage\":\"fr-FR\",\"@id\":\"https:\\\/\\\/www.organisator.ch\\\/management\\\/2023-06-01\\\/axa-sammelstiftungen-weiterhin-erfolgreich-unterwegs\\\/#primaryimage\",\"url\":\"https:\\\/\\\/www.organisator.ch\\\/wp-content\\\/uploads\\\/2023\\\/06\\\/AXA-Sammelstiftungen-weiterhin-erfolgreich-unterwegs_Organisator.jpg\",\"contentUrl\":\"https:\\\/\\\/www.organisator.ch\\\/wp-content\\\/uploads\\\/2023\\\/06\\\/AXA-Sammelstiftungen-weiterhin-erfolgreich-unterwegs_Organisator.jpg\",\"width\":680,\"height\":432,\"caption\":\"Die AXA blickt im BVG-Gesch\u00e4ft auf ein gutes Jahr 2022 zur\u00fcck. (Bild: AXA)\"},{\"@type\":\"BreadcrumbList\",\"@id\":\"https:\\\/\\\/www.organisator.ch\\\/management\\\/2023-06-01\\\/axa-sammelstiftungen-weiterhin-erfolgreich-unterwegs\\\/#breadcrumb\",\"itemListElement\":[{\"@type\":\"ListItem\",\"position\":1,\"name\":\"Home\",\"item\":\"https:\\\/\\\/www.organisator.ch\\\/\"},{\"@type\":\"ListItem\",\"position\":2,\"name\":\"AXA Sammelstiftungen weiterhin erfolgreich unterwegs\"}]},{\"@type\":\"WebSite\",\"@id\":\"https:\\\/\\\/www.organisator.ch\\\/#website\",\"url\":\"https:\\\/\\\/www.organisator.ch\\\/\",\"name\":\"Organisator\",\"description\":\"Kompetent. Praxisnah. Der ORGANISATOR bereitet in 10 Ausgaben pro Jahr die wesentlichen Themen f\u00fcr F\u00fchrungskr\u00e4fte von KMU auf.\",\"publisher\":{\"@id\":\"https:\\\/\\\/www.organisator.ch\\\/#organization\"},\"potentialAction\":[{\"@type\":\"SearchAction\",\"target\":{\"@type\":\"EntryPoint\",\"urlTemplate\":\"https:\\\/\\\/www.organisator.ch\\\/?s={search_term_string}\"},\"query-input\":{\"@type\":\"PropertyValueSpecification\",\"valueRequired\":true,\"valueName\":\"search_term_string\"}}],\"inLanguage\":\"fr-FR\"},{\"@type\":\"Organization\",\"@id\":\"https:\\\/\\\/www.organisator.ch\\\/#organization\",\"name\":\"Organisator\",\"url\":\"https:\\\/\\\/www.organisator.ch\\\/\",\"logo\":{\"@type\":\"ImageObject\",\"inLanguage\":\"fr-FR\",\"@id\":\"https:\\\/\\\/www.organisator.ch\\\/#\\\/schema\\\/logo\\\/image\\\/\",\"url\":\"https:\\\/\\\/www.organisator.ch\\\/wp-content\\\/uploads\\\/2022\\\/01\\\/Logo_Organisator_Website.png\",\"contentUrl\":\"https:\\\/\\\/www.organisator.ch\\\/wp-content\\\/uploads\\\/2022\\\/01\\\/Logo_Organisator_Website.png\",\"width\":800,\"height\":77,\"caption\":\"Organisator\"},\"image\":{\"@id\":\"https:\\\/\\\/www.organisator.ch\\\/#\\\/schema\\\/logo\\\/image\\\/\"},\"sameAs\":[\"https:\\\/\\\/www.facebook.com\\\/OrganisatorFachmagazin\",\"https:\\\/\\\/www.linkedin.com\\\/showcase\\\/organisator-das-magazin-fr-kmu\",\"https:\\\/\\\/www.xing.com\\\/news\\\/pages\\\/organisator-ch-695\",\"https:\\\/\\\/www.youtube.com\\\/channel\\\/UCGP2Sq0iWaZwT3BdIAQFYpw\"]},{\"@type\":\"Person\",\"@id\":\"https:\\\/\\\/www.organisator.ch\\\/#\\\/schema\\\/person\\\/6f650f90b2842cd4c0cc334b4e36f67e\",\"name\":\"thomas.berner\",\"image\":{\"@type\":\"ImageObject\",\"inLanguage\":\"fr-FR\",\"@id\":\"https:\\\/\\\/secure.gravatar.com\\\/avatar\\\/ac5001d2a36cb6c6cd3e50789007ffca834b477b74a2144564522e944eabff61?s=96&d=mm&r=g\",\"url\":\"https:\\\/\\\/secure.gravatar.com\\\/avatar\\\/ac5001d2a36cb6c6cd3e50789007ffca834b477b74a2144564522e944eabff61?s=96&d=mm&r=g\",\"contentUrl\":\"https:\\\/\\\/secure.gravatar.com\\\/avatar\\\/ac5001d2a36cb6c6cd3e50789007ffca834b477b74a2144564522e944eabff61?s=96&d=mm&r=g\",\"caption\":\"thomas.berner\"},\"url\":\"https:\\\/\\\/www.organisator.ch\\\/fr\\\/author\\\/thomas-berner\\\/\"}]}<\/script>\n<!-- \/ Yoast SEO plugin. -->","yoast_head_json":{"title":"Les fondations collectives AXA poursuivent sur leur lanc\u00e9e - Organisateur","description":"Selon le dernier rapport annuel 2022, les fondations collectives semi-autonomes d'AXA poursuivent leur croissance avec succ\u00e8s.","robots":{"index":"index","follow":"follow","max-snippet":"max-snippet:-1","max-image-preview":"max-image-preview:large","max-video-preview":"max-video-preview:-1"},"canonical":"https:\/\/www.organisator.ch\/fr\/gestion-2\/2023-06-01\/axa-sammelstiftungen-weiterhin-erfolgreich-unterwegs\/","og_locale":"fr_FR","og_type":"article","og_title":"AXA Sammelstiftungen weiterhin erfolgreich unterwegs","og_description":"Die teilautonomen AXA Sammelstiftungen setzen gem\u00e4ss aktuellem Gesch\u00e4ftsbericht 2022 ihren erfolgreichen Wachstumskurs fort.","og_url":"https:\/\/www.organisator.ch\/fr\/gestion-2\/2023-06-01\/axa-sammelstiftungen-weiterhin-erfolgreich-unterwegs\/","og_site_name":"Organisator","article_publisher":"https:\/\/www.facebook.com\/OrganisatorFachmagazin","article_published_time":"2023-06-01T07:21:12+00:00","og_image":[{"width":680,"height":432,"url":"https:\/\/www.organisator.ch\/wp-content\/uploads\/2023\/06\/AXA-Sammelstiftungen-weiterhin-erfolgreich-unterwegs_Organisator.jpg","type":"image\/jpeg"}],"author":"thomas.berner","twitter_card":"summary_large_image","twitter_title":"#AXA #Sammelstiftungen weiterhin erfolgreich unterwegs","twitter_description":"Die teilautonomen #AXA #Sammelstiftungen setzen gem\u00e4ss aktuellem Gesch\u00e4ftsbericht 2022 ihren erfolgreichen #Wachstumskurs fort.","twitter_image":"https:\/\/www.organisator.ch\/wp-content\/uploads\/2023\/06\/AXA-Sammelstiftungen-weiterhin-erfolgreich-unterwegs_Organisator.jpg","schema":{"@context":"https:\/\/schema.org","@graph":[{"@type":"Article","@id":"https:\/\/www.organisator.ch\/management\/2023-06-01\/axa-sammelstiftungen-weiterhin-erfolgreich-unterwegs\/#article","isPartOf":{"@id":"https:\/\/www.organisator.ch\/management\/2023-06-01\/axa-sammelstiftungen-weiterhin-erfolgreich-unterwegs\/"},"author":{"name":"thomas.berner","@id":"https:\/\/www.organisator.ch\/#\/schema\/person\/6f650f90b2842cd4c0cc334b4e36f67e"},"headline":"AXA Sammelstiftungen weiterhin erfolgreich unterwegs","datePublished":"2023-06-01T07:21:12+00:00","mainEntityOfPage":{"@id":"https:\/\/www.organisator.ch\/management\/2023-06-01\/axa-sammelstiftungen-weiterhin-erfolgreich-unterwegs\/"},"wordCount":736,"publisher":{"@id":"https:\/\/www.organisator.ch\/#organization"},"image":{"@id":"https:\/\/www.organisator.ch\/management\/2023-06-01\/axa-sammelstiftungen-weiterhin-erfolgreich-unterwegs\/#primaryimage"},"thumbnailUrl":"https:\/\/www.organisator.ch\/wp-content\/uploads\/2023\/06\/AXA-Sammelstiftungen-weiterhin-erfolgreich-unterwegs_Organisator.jpg","keywords":["Berufliche Vorsorge","Gesch\u00e4ftsbericht","Pensionskassen","Sammelstiftungen"],"articleSection":["MANAGEMENT"],"inLanguage":"fr-FR"},{"@type":"WebPage","@id":"https:\/\/www.organisator.ch\/management\/2023-06-01\/axa-sammelstiftungen-weiterhin-erfolgreich-unterwegs\/","url":"https:\/\/www.organisator.ch\/management\/2023-06-01\/axa-sammelstiftungen-weiterhin-erfolgreich-unterwegs\/","name":"Les fondations collectives AXA poursuivent sur leur lanc\u00e9e - Organisateur","isPartOf":{"@id":"https:\/\/www.organisator.ch\/#website"},"primaryImageOfPage":{"@id":"https:\/\/www.organisator.ch\/management\/2023-06-01\/axa-sammelstiftungen-weiterhin-erfolgreich-unterwegs\/#primaryimage"},"image":{"@id":"https:\/\/www.organisator.ch\/management\/2023-06-01\/axa-sammelstiftungen-weiterhin-erfolgreich-unterwegs\/#primaryimage"},"thumbnailUrl":"https:\/\/www.organisator.ch\/wp-content\/uploads\/2023\/06\/AXA-Sammelstiftungen-weiterhin-erfolgreich-unterwegs_Organisator.jpg","datePublished":"2023-06-01T07:21:12+00:00","description":"Selon le dernier rapport annuel 2022, les fondations collectives semi-autonomes d'AXA poursuivent leur croissance avec succ\u00e8s.","breadcrumb":{"@id":"https:\/\/www.organisator.ch\/management\/2023-06-01\/axa-sammelstiftungen-weiterhin-erfolgreich-unterwegs\/#breadcrumb"},"inLanguage":"fr-FR","potentialAction":[{"@type":"ReadAction","target":["https:\/\/www.organisator.ch\/management\/2023-06-01\/axa-sammelstiftungen-weiterhin-erfolgreich-unterwegs\/"]}]},{"@type":"ImageObject","inLanguage":"fr-FR","@id":"https:\/\/www.organisator.ch\/management\/2023-06-01\/axa-sammelstiftungen-weiterhin-erfolgreich-unterwegs\/#primaryimage","url":"https:\/\/www.organisator.ch\/wp-content\/uploads\/2023\/06\/AXA-Sammelstiftungen-weiterhin-erfolgreich-unterwegs_Organisator.jpg","contentUrl":"https:\/\/www.organisator.ch\/wp-content\/uploads\/2023\/06\/AXA-Sammelstiftungen-weiterhin-erfolgreich-unterwegs_Organisator.jpg","width":680,"height":432,"caption":"Die AXA blickt im BVG-Gesch\u00e4ft auf ein gutes Jahr 2022 zur\u00fcck. (Bild: AXA)"},{"@type":"BreadcrumbList","@id":"https:\/\/www.organisator.ch\/management\/2023-06-01\/axa-sammelstiftungen-weiterhin-erfolgreich-unterwegs\/#breadcrumb","itemListElement":[{"@type":"ListItem","position":1,"name":"Home","item":"https:\/\/www.organisator.ch\/"},{"@type":"ListItem","position":2,"name":"AXA Sammelstiftungen weiterhin erfolgreich unterwegs"}]},{"@type":"WebSite","@id":"https:\/\/www.organisator.ch\/#website","url":"https:\/\/www.organisator.ch\/","name":"Organisateur","description":"Comp\u00e9tence et comp\u00e9tence. Proches de la pratique. L'ORGANISATEUR pr\u00e9pare 10 num\u00e9ros par an sur les th\u00e8mes essentiels pour les dirigeants de PME.","publisher":{"@id":"https:\/\/www.organisator.ch\/#organization"},"potentialAction":[{"@type":"SearchAction","target":{"@type":"EntryPoint","urlTemplate":"https:\/\/www.organisator.ch\/?s={search_term_string}"},"query-input":{"@type":"PropertyValueSpecification","valueRequired":true,"valueName":"search_term_string"}}],"inLanguage":"fr-FR"},{"@type":"Organization","@id":"https:\/\/www.organisator.ch\/#organization","name":"Organisateur","url":"https:\/\/www.organisator.ch\/","logo":{"@type":"ImageObject","inLanguage":"fr-FR","@id":"https:\/\/www.organisator.ch\/#\/schema\/logo\/image\/","url":"https:\/\/www.organisator.ch\/wp-content\/uploads\/2022\/01\/Logo_Organisator_Website.png","contentUrl":"https:\/\/www.organisator.ch\/wp-content\/uploads\/2022\/01\/Logo_Organisator_Website.png","width":800,"height":77,"caption":"Organisator"},"image":{"@id":"https:\/\/www.organisator.ch\/#\/schema\/logo\/image\/"},"sameAs":["https:\/\/www.facebook.com\/OrganisatorFachmagazin","https:\/\/www.linkedin.com\/showcase\/organisator-das-magazin-fr-kmu","https:\/\/www.xing.com\/news\/pages\/organisator-ch-695","https:\/\/www.youtube.com\/channel\/UCGP2Sq0iWaZwT3BdIAQFYpw"]},{"@type":"Person","@id":"https:\/\/www.organisator.ch\/#\/schema\/person\/6f650f90b2842cd4c0cc334b4e36f67e","name":"thomas.berner","image":{"@type":"ImageObject","inLanguage":"fr-FR","@id":"https:\/\/secure.gravatar.com\/avatar\/ac5001d2a36cb6c6cd3e50789007ffca834b477b74a2144564522e944eabff61?s=96&d=mm&r=g","url":"https:\/\/secure.gravatar.com\/avatar\/ac5001d2a36cb6c6cd3e50789007ffca834b477b74a2144564522e944eabff61?s=96&d=mm&r=g","contentUrl":"https:\/\/secure.gravatar.com\/avatar\/ac5001d2a36cb6c6cd3e50789007ffca834b477b74a2144564522e944eabff61?s=96&d=mm&r=g","caption":"thomas.berner"},"url":"https:\/\/www.organisator.ch\/fr\/author\/thomas-berner\/"}]}},"_links":{"self":[{"href":"https:\/\/www.organisator.ch\/fr\/wp-json\/wp\/v2\/posts\/20537","targetHints":{"allow":["GET"]}}],"collection":[{"href":"https:\/\/www.organisator.ch\/fr\/wp-json\/wp\/v2\/posts"}],"about":[{"href":"https:\/\/www.organisator.ch\/fr\/wp-json\/wp\/v2\/types\/post"}],"author":[{"embeddable":true,"href":"https:\/\/www.organisator.ch\/fr\/wp-json\/wp\/v2\/users\/4"}],"replies":[{"embeddable":true,"href":"https:\/\/www.organisator.ch\/fr\/wp-json\/wp\/v2\/comments?post=20537"}],"version-history":[{"count":1,"href":"https:\/\/www.organisator.ch\/fr\/wp-json\/wp\/v2\/posts\/20537\/revisions"}],"predecessor-version":[{"id":20539,"href":"https:\/\/www.organisator.ch\/fr\/wp-json\/wp\/v2\/posts\/20537\/revisions\/20539"}],"wp:featuredmedia":[{"embeddable":true,"href":"https:\/\/www.organisator.ch\/fr\/wp-json\/wp\/v2\/media\/20538"}],"wp:attachment":[{"href":"https:\/\/www.organisator.ch\/fr\/wp-json\/wp\/v2\/media?parent=20537"}],"wp:term":[{"taxonomy":"category","embeddable":true,"href":"https:\/\/www.organisator.ch\/fr\/wp-json\/wp\/v2\/categories?post=20537"},{"taxonomy":"post_tag","embeddable":true,"href":"https:\/\/www.organisator.ch\/fr\/wp-json\/wp\/v2\/tags?post=20537"}],"curies":[{"name":"wp","href":"https:\/\/api.w.org\/{rel}","templated":true}]}}