{"id":20592,"date":"2023-06-05T15:39:54","date_gmt":"2023-06-05T13:39:54","guid":{"rendered":"https:\/\/www.organisator.ch\/?p=20592"},"modified":"2023-06-05T15:39:54","modified_gmt":"2023-06-05T13:39:54","slug":"stiftung-zerowaterloss-anna-brand-ist-neue-praesidentin","status":"publish","type":"post","link":"https:\/\/www.organisator.ch\/fr\/sustainability\/2023-06-05\/stiftung-zerowaterloss-anna-brand-ist-neue-praesidentin\/","title":{"rendered":"Fondation Zerowaterloss : Anna Brand est la nouvelle pr\u00e9sidente"},"content":{"rendered":"<figure id=\"attachment_20593\" aria-describedby=\"caption-attachment-20593\" style=\"width: 680px\" class=\"wp-caption alignnone\"><img loading=\"lazy\" decoding=\"async\" class=\"size-full wp-image-20593\" src=\"https:\/\/www.organisator.ch\/wp-content\/uploads\/2023\/06\/Stiftung-Zerowaterloss-Anna-Brand-ist-neue-Praesidentin_Organisator.jpg\" alt=\"\" width=\"680\" height=\"427\" srcset=\"https:\/\/www.organisator.ch\/wp-content\/uploads\/2023\/06\/Stiftung-Zerowaterloss-Anna-Brand-ist-neue-Praesidentin_Organisator.jpg 680w, https:\/\/www.organisator.ch\/wp-content\/uploads\/2023\/06\/Stiftung-Zerowaterloss-Anna-Brand-ist-neue-Praesidentin_Organisator-18x12.jpg 18w, https:\/\/www.organisator.ch\/wp-content\/uploads\/2023\/06\/Stiftung-Zerowaterloss-Anna-Brand-ist-neue-Praesidentin_Organisator-375x235.jpg 375w, https:\/\/www.organisator.ch\/wp-content\/uploads\/2023\/06\/Stiftung-Zerowaterloss-Anna-Brand-ist-neue-Praesidentin_Organisator-557x350.jpg 557w\" sizes=\"auto, (max-width: 680px) 100vw, 680px\" \/><figcaption id=\"caption-attachment-20593\" class=\"wp-caption-text\">Nouvelle pr\u00e9sidente de la fondation Zerowaterloss : Anna Brand. (Image : zVg)<\/figcaption><\/figure>\n<p>L'eau n'est pas une ressource enviable, comme l'a soulign\u00e9 le Dr. <a href=\"https:\/\/www.organisator.ch\/de\/sustainability\/2023-03-17\/wasserkrise-uebertrifft-energiekrise-bei-weitem\/\">Anna Brand en mars d\u00e9j\u00e0 pour la Journ\u00e9e mondiale de l'eau de l'ONU<\/a> a fait savoir. La \"crise de l'eau\" est plus grave que la crise \u00e9nerg\u00e9tique, avait-elle alors d\u00e9clar\u00e9 en tant que pr\u00e9sidente d\u00e9sign\u00e9e de la fondation Zerowaterloss, cr\u00e9\u00e9e par la famille d'industriels suisses Brand. Elle soutient des projets de recherche et des manifestations qui contribuent \u00e0 faire face \u00e0 la nouvelle crise mondiale gr\u00e2ce \u00e0 une gestion innovante de l'eau.<\/p>\n<p>Anna Brand est d\u00e9sormais d\u00e9finitivement la nouvelle pr\u00e9sidente de la fondation. \"La pr\u00e9servation du ch\u00e2teau d'eau suisse me tient \u00e0 c\u0153ur\", d\u00e9clare-t-elle aujourd'hui apr\u00e8s avoir pris ses fonctions le 1er mai 2023. Dans sa fonction dirigeante, Anna Brand sera responsable de tous les aspects du travail de la fondation, y compris la coop\u00e9ration en mati\u00e8re de recherche et la repr\u00e9sentation des int\u00e9r\u00eats d'une grande partie de la population suisse qui a besoin d'un approvisionnement en eau s\u00fbr. Elle soutiendra des strat\u00e9gies innovantes et les mettra en \u0153uvre avec des partenaires afin d'atteindre les objectifs de la fondation. Il s'agit avant tout de limiter les pertes d'eau, qui sont encore fr\u00e9quentes aujourd'hui dans l'approvisionnement en eau potable, et de garantir l'acc\u00e8s \u00e0 un approvisionnement en eau potable \u00e0 un prix abordable.<\/p>\n<p>Comme nous l'avons mentionn\u00e9, le monde est confront\u00e9 \u00e0 une crise de l'eau sans pr\u00e9c\u00e9dent, qui prend un caract\u00e8re chronique : Plus de deux milliards de personnes n'ont pas acc\u00e8s \u00e0 l'eau potable, \u00e9crit la fondation \u00e0 ce sujet. Cette crise sera plus importante que la crise \u00e9nerg\u00e9tique actuelle, qui nous submerge de probl\u00e8mes, ajoute-t-elle. Anna Brand d\u00e9clare : \"L'acc\u00e8s \u00e0 une quantit\u00e9 suffisante d'eau propre est un droit humain. Aujourd'hui, en Suisse et dans le monde, l'eau potable est gaspill\u00e9e parce qu'elle est beaucoup trop bon march\u00e9 pour de nombreuses utilisations et, \u00e0 l'avenir, elle sera \u00e0 peine abordable comme eau de survie pour de nombreuses personnes\". La fondation Zerowaterloss, qu'elle dirige en tant que nouvelle pr\u00e9sidente, appelle donc \u00e0 \"comprendre la valeur de l'eau dans sa globalit\u00e9, car une crise aigu\u00eb de l'eau peut devenir une crise de l'humanit\u00e9\".<\/p>\n<p><em>Q<a href=\"https:\/\/www.stiftungzerowaterloss.ch\/\">uelle et plus d'informations<\/a><\/em><\/p>","protected":false},"excerpt":{"rendered":"<p>Anna Brand a \u00e9t\u00e9 nomm\u00e9e nouvelle pr\u00e9sidente de la fondation Zerowaterloss \u00e0 Berne \u00e0 compter du 1er mai 2023. Cette fondation, cr\u00e9\u00e9e en 2020, s'engage \u00e0 promouvoir des solutions durables pour assurer l'approvisionnement en eau potable et en eau de base en Suisse.<\/p>","protected":false},"author":4,"featured_media":20593,"comment_status":"closed","ping_status":"closed","sticky":false,"template":"","format":"standard","meta":{"_acf_changed":false,"_yoast_wpseo_focuskw":"Stiftung Zerowaterloss","_yoast_wpseo_metadesc":"Anna Brand wurde per 1. Mai 2023 zur neuen Pr\u00e4sidentin der Stiftung Zerowaterloss, die die Trinkwasserverschwendung bek\u00e4mpfen will, ernannt.","articlekey":"","footnotes":""},"categories":[580],"tags":[381,3803,2530],"class_list":["post-20592","post","type-post","status-publish","format-standard","has-post-thumbnail","hentry","category-sustainability","tag-personalia","tag-stiftungen","tag-wasserwirtschaft"],"acf":[],"yoast_head":"<!-- This site is optimized with the Yoast SEO plugin v27.4 - https:\/\/yoast.com\/product\/yoast-seo-wordpress\/ -->\n<title>Stiftung Zerowaterloss: Anna Brand ist neue Pr\u00e4sidentin - Organisator<\/title>\n<meta name=\"description\" content=\"Anna Brand wurde per 1. Mai 2023 zur neuen Pr\u00e4sidentin der Stiftung Zerowaterloss, die die Trinkwasserverschwendung bek\u00e4mpfen will, ernannt.\" \/>\n<meta name=\"robots\" content=\"index, follow, max-snippet:-1, max-image-preview:large, max-video-preview:-1\" \/>\n<link rel=\"canonical\" href=\"https:\/\/www.organisator.ch\/fr\/sustainability\/2023-06-05\/stiftung-zerowaterloss-anna-brand-ist-neue-praesidentin\/\" \/>\n<meta property=\"og:locale\" content=\"fr_FR\" \/>\n<meta property=\"og:type\" content=\"article\" \/>\n<meta property=\"og:title\" content=\"Stiftung Zerowaterloss: Anna Brand ist neue Pr\u00e4sidentin\" \/>\n<meta property=\"og:description\" content=\"Anna Brand wurde per 1. Mai 2023 zur neuen Pr\u00e4sidentin der Stiftung Zerowaterloss, die die Trinkwasserverschwendung bek\u00e4mpfen will, ernannt.\" \/>\n<meta property=\"og:url\" content=\"https:\/\/www.organisator.ch\/fr\/sustainability\/2023-06-05\/stiftung-zerowaterloss-anna-brand-ist-neue-praesidentin\/\" \/>\n<meta property=\"og:site_name\" content=\"Organisator\" \/>\n<meta property=\"article:publisher\" content=\"https:\/\/www.facebook.com\/OrganisatorFachmagazin\" \/>\n<meta property=\"article:published_time\" content=\"2023-06-05T13:39:54+00:00\" \/>\n<meta property=\"og:image\" content=\"https:\/\/www.organisator.ch\/wp-content\/uploads\/2023\/06\/Stiftung-Zerowaterloss-Anna-Brand-ist-neue-Praesidentin_Organisator.jpg\" \/>\n\t<meta property=\"og:image:width\" content=\"680\" \/>\n\t<meta property=\"og:image:height\" content=\"427\" \/>\n\t<meta property=\"og:image:type\" content=\"image\/jpeg\" \/>\n<meta name=\"author\" content=\"thomas.berner\" \/>\n<meta name=\"twitter:card\" content=\"summary_large_image\" \/>\n<meta name=\"twitter:title\" content=\"Stiftung #Zerowaterloss: Anna Brand ist neue #Pr\u00e4sidentin\" \/>\n<meta name=\"twitter:description\" content=\"Anna Brand wurde per 1. Mai 2023 zur neuen Pr\u00e4sidentin der Stiftung #Zerowaterloss, die die #Trinkwasserverschwendung bek\u00e4mpfen will, ernannt.\" \/>\n<meta name=\"twitter:image\" content=\"https:\/\/www.organisator.ch\/wp-content\/uploads\/2023\/06\/Stiftung-Zerowaterloss-Anna-Brand-ist-neue-Praesidentin_Organisator.jpg\" \/>\n<script type=\"application\/ld+json\" class=\"yoast-schema-graph\">{\"@context\":\"https:\\\/\\\/schema.org\",\"@graph\":[{\"@type\":\"Article\",\"@id\":\"https:\\\/\\\/www.organisator.ch\\\/sustainability\\\/2023-06-05\\\/stiftung-zerowaterloss-anna-brand-ist-neue-praesidentin\\\/#article\",\"isPartOf\":{\"@id\":\"https:\\\/\\\/www.organisator.ch\\\/sustainability\\\/2023-06-05\\\/stiftung-zerowaterloss-anna-brand-ist-neue-praesidentin\\\/\"},\"author\":{\"name\":\"thomas.berner\",\"@id\":\"https:\\\/\\\/www.organisator.ch\\\/#\\\/schema\\\/person\\\/6f650f90b2842cd4c0cc334b4e36f67e\"},\"headline\":\"Stiftung Zerowaterloss: Anna Brand ist neue Pr\u00e4sidentin\",\"datePublished\":\"2023-06-05T13:39:54+00:00\",\"mainEntityOfPage\":{\"@id\":\"https:\\\/\\\/www.organisator.ch\\\/sustainability\\\/2023-06-05\\\/stiftung-zerowaterloss-anna-brand-ist-neue-praesidentin\\\/\"},\"wordCount\":320,\"publisher\":{\"@id\":\"https:\\\/\\\/www.organisator.ch\\\/#organization\"},\"image\":{\"@id\":\"https:\\\/\\\/www.organisator.ch\\\/sustainability\\\/2023-06-05\\\/stiftung-zerowaterloss-anna-brand-ist-neue-praesidentin\\\/#primaryimage\"},\"thumbnailUrl\":\"https:\\\/\\\/www.organisator.ch\\\/wp-content\\\/uploads\\\/2023\\\/06\\\/Stiftung-Zerowaterloss-Anna-Brand-ist-neue-Praesidentin_Organisator.jpg\",\"keywords\":[\"Personalia\",\"Stiftungen\",\"Wasserwirtschaft\"],\"articleSection\":[\"SUSTAINABILITY\"],\"inLanguage\":\"fr-FR\"},{\"@type\":\"WebPage\",\"@id\":\"https:\\\/\\\/www.organisator.ch\\\/sustainability\\\/2023-06-05\\\/stiftung-zerowaterloss-anna-brand-ist-neue-praesidentin\\\/\",\"url\":\"https:\\\/\\\/www.organisator.ch\\\/sustainability\\\/2023-06-05\\\/stiftung-zerowaterloss-anna-brand-ist-neue-praesidentin\\\/\",\"name\":\"Stiftung Zerowaterloss: Anna Brand ist neue Pr\u00e4sidentin - Organisator\",\"isPartOf\":{\"@id\":\"https:\\\/\\\/www.organisator.ch\\\/#website\"},\"primaryImageOfPage\":{\"@id\":\"https:\\\/\\\/www.organisator.ch\\\/sustainability\\\/2023-06-05\\\/stiftung-zerowaterloss-anna-brand-ist-neue-praesidentin\\\/#primaryimage\"},\"image\":{\"@id\":\"https:\\\/\\\/www.organisator.ch\\\/sustainability\\\/2023-06-05\\\/stiftung-zerowaterloss-anna-brand-ist-neue-praesidentin\\\/#primaryimage\"},\"thumbnailUrl\":\"https:\\\/\\\/www.organisator.ch\\\/wp-content\\\/uploads\\\/2023\\\/06\\\/Stiftung-Zerowaterloss-Anna-Brand-ist-neue-Praesidentin_Organisator.jpg\",\"datePublished\":\"2023-06-05T13:39:54+00:00\",\"description\":\"Anna Brand wurde per 1. Mai 2023 zur neuen Pr\u00e4sidentin der Stiftung Zerowaterloss, die die Trinkwasserverschwendung bek\u00e4mpfen will, ernannt.\",\"breadcrumb\":{\"@id\":\"https:\\\/\\\/www.organisator.ch\\\/sustainability\\\/2023-06-05\\\/stiftung-zerowaterloss-anna-brand-ist-neue-praesidentin\\\/#breadcrumb\"},\"inLanguage\":\"fr-FR\",\"potentialAction\":[{\"@type\":\"ReadAction\",\"target\":[\"https:\\\/\\\/www.organisator.ch\\\/sustainability\\\/2023-06-05\\\/stiftung-zerowaterloss-anna-brand-ist-neue-praesidentin\\\/\"]}]},{\"@type\":\"ImageObject\",\"inLanguage\":\"fr-FR\",\"@id\":\"https:\\\/\\\/www.organisator.ch\\\/sustainability\\\/2023-06-05\\\/stiftung-zerowaterloss-anna-brand-ist-neue-praesidentin\\\/#primaryimage\",\"url\":\"https:\\\/\\\/www.organisator.ch\\\/wp-content\\\/uploads\\\/2023\\\/06\\\/Stiftung-Zerowaterloss-Anna-Brand-ist-neue-Praesidentin_Organisator.jpg\",\"contentUrl\":\"https:\\\/\\\/www.organisator.ch\\\/wp-content\\\/uploads\\\/2023\\\/06\\\/Stiftung-Zerowaterloss-Anna-Brand-ist-neue-Praesidentin_Organisator.jpg\",\"width\":680,\"height\":427,\"caption\":\"Neue Pr\u00e4sidentin der Stiftung Zerowaterloss: Anna Brand. (Bild: zVg)\"},{\"@type\":\"BreadcrumbList\",\"@id\":\"https:\\\/\\\/www.organisator.ch\\\/sustainability\\\/2023-06-05\\\/stiftung-zerowaterloss-anna-brand-ist-neue-praesidentin\\\/#breadcrumb\",\"itemListElement\":[{\"@type\":\"ListItem\",\"position\":1,\"name\":\"Home\",\"item\":\"https:\\\/\\\/www.organisator.ch\\\/\"},{\"@type\":\"ListItem\",\"position\":2,\"name\":\"Stiftung Zerowaterloss: Anna Brand ist neue Pr\u00e4sidentin\"}]},{\"@type\":\"WebSite\",\"@id\":\"https:\\\/\\\/www.organisator.ch\\\/#website\",\"url\":\"https:\\\/\\\/www.organisator.ch\\\/\",\"name\":\"Organisator\",\"description\":\"Kompetent. Praxisnah. Der ORGANISATOR bereitet in 10 Ausgaben pro Jahr die wesentlichen Themen f\u00fcr F\u00fchrungskr\u00e4fte von KMU auf.\",\"publisher\":{\"@id\":\"https:\\\/\\\/www.organisator.ch\\\/#organization\"},\"potentialAction\":[{\"@type\":\"SearchAction\",\"target\":{\"@type\":\"EntryPoint\",\"urlTemplate\":\"https:\\\/\\\/www.organisator.ch\\\/?s={search_term_string}\"},\"query-input\":{\"@type\":\"PropertyValueSpecification\",\"valueRequired\":true,\"valueName\":\"search_term_string\"}}],\"inLanguage\":\"fr-FR\"},{\"@type\":\"Organization\",\"@id\":\"https:\\\/\\\/www.organisator.ch\\\/#organization\",\"name\":\"Organisator\",\"url\":\"https:\\\/\\\/www.organisator.ch\\\/\",\"logo\":{\"@type\":\"ImageObject\",\"inLanguage\":\"fr-FR\",\"@id\":\"https:\\\/\\\/www.organisator.ch\\\/#\\\/schema\\\/logo\\\/image\\\/\",\"url\":\"https:\\\/\\\/www.organisator.ch\\\/wp-content\\\/uploads\\\/2022\\\/01\\\/Logo_Organisator_Website.png\",\"contentUrl\":\"https:\\\/\\\/www.organisator.ch\\\/wp-content\\\/uploads\\\/2022\\\/01\\\/Logo_Organisator_Website.png\",\"width\":800,\"height\":77,\"caption\":\"Organisator\"},\"image\":{\"@id\":\"https:\\\/\\\/www.organisator.ch\\\/#\\\/schema\\\/logo\\\/image\\\/\"},\"sameAs\":[\"https:\\\/\\\/www.facebook.com\\\/OrganisatorFachmagazin\",\"https:\\\/\\\/www.linkedin.com\\\/showcase\\\/organisator-das-magazin-fr-kmu\",\"https:\\\/\\\/www.xing.com\\\/news\\\/pages\\\/organisator-ch-695\",\"https:\\\/\\\/www.youtube.com\\\/channel\\\/UCGP2Sq0iWaZwT3BdIAQFYpw\"]},{\"@type\":\"Person\",\"@id\":\"https:\\\/\\\/www.organisator.ch\\\/#\\\/schema\\\/person\\\/6f650f90b2842cd4c0cc334b4e36f67e\",\"name\":\"thomas.berner\",\"image\":{\"@type\":\"ImageObject\",\"inLanguage\":\"fr-FR\",\"@id\":\"https:\\\/\\\/secure.gravatar.com\\\/avatar\\\/ac5001d2a36cb6c6cd3e50789007ffca834b477b74a2144564522e944eabff61?s=96&d=mm&r=g\",\"url\":\"https:\\\/\\\/secure.gravatar.com\\\/avatar\\\/ac5001d2a36cb6c6cd3e50789007ffca834b477b74a2144564522e944eabff61?s=96&d=mm&r=g\",\"contentUrl\":\"https:\\\/\\\/secure.gravatar.com\\\/avatar\\\/ac5001d2a36cb6c6cd3e50789007ffca834b477b74a2144564522e944eabff61?s=96&d=mm&r=g\",\"caption\":\"thomas.berner\"},\"url\":\"https:\\\/\\\/www.organisator.ch\\\/fr\\\/author\\\/thomas-berner\\\/\"}]}<\/script>\n<!-- \/ Yoast SEO plugin. -->","yoast_head_json":{"title":"Fondation Zerowaterloss : Anna Brand est la nouvelle pr\u00e9sidente - Organisateur","description":"Anna Brand a \u00e9t\u00e9 nomm\u00e9e pr\u00e9sidente de la fondation Zerowaterloss, qui vise \u00e0 lutter contre le gaspillage de l'eau potable, \u00e0 compter du 1er mai 2023.","robots":{"index":"index","follow":"follow","max-snippet":"max-snippet:-1","max-image-preview":"max-image-preview:large","max-video-preview":"max-video-preview:-1"},"canonical":"https:\/\/www.organisator.ch\/fr\/sustainability\/2023-06-05\/stiftung-zerowaterloss-anna-brand-ist-neue-praesidentin\/","og_locale":"fr_FR","og_type":"article","og_title":"Stiftung Zerowaterloss: Anna Brand ist neue Pr\u00e4sidentin","og_description":"Anna Brand wurde per 1. Mai 2023 zur neuen Pr\u00e4sidentin der Stiftung Zerowaterloss, die die Trinkwasserverschwendung bek\u00e4mpfen will, ernannt.","og_url":"https:\/\/www.organisator.ch\/fr\/sustainability\/2023-06-05\/stiftung-zerowaterloss-anna-brand-ist-neue-praesidentin\/","og_site_name":"Organisator","article_publisher":"https:\/\/www.facebook.com\/OrganisatorFachmagazin","article_published_time":"2023-06-05T13:39:54+00:00","og_image":[{"width":680,"height":427,"url":"https:\/\/www.organisator.ch\/wp-content\/uploads\/2023\/06\/Stiftung-Zerowaterloss-Anna-Brand-ist-neue-Praesidentin_Organisator.jpg","type":"image\/jpeg"}],"author":"thomas.berner","twitter_card":"summary_large_image","twitter_title":"Stiftung #Zerowaterloss: Anna Brand ist neue #Pr\u00e4sidentin","twitter_description":"Anna Brand wurde per 1. Mai 2023 zur neuen Pr\u00e4sidentin der Stiftung #Zerowaterloss, die die #Trinkwasserverschwendung bek\u00e4mpfen will, ernannt.","twitter_image":"https:\/\/www.organisator.ch\/wp-content\/uploads\/2023\/06\/Stiftung-Zerowaterloss-Anna-Brand-ist-neue-Praesidentin_Organisator.jpg","schema":{"@context":"https:\/\/schema.org","@graph":[{"@type":"Article","@id":"https:\/\/www.organisator.ch\/sustainability\/2023-06-05\/stiftung-zerowaterloss-anna-brand-ist-neue-praesidentin\/#article","isPartOf":{"@id":"https:\/\/www.organisator.ch\/sustainability\/2023-06-05\/stiftung-zerowaterloss-anna-brand-ist-neue-praesidentin\/"},"author":{"name":"thomas.berner","@id":"https:\/\/www.organisator.ch\/#\/schema\/person\/6f650f90b2842cd4c0cc334b4e36f67e"},"headline":"Stiftung Zerowaterloss: Anna Brand ist neue Pr\u00e4sidentin","datePublished":"2023-06-05T13:39:54+00:00","mainEntityOfPage":{"@id":"https:\/\/www.organisator.ch\/sustainability\/2023-06-05\/stiftung-zerowaterloss-anna-brand-ist-neue-praesidentin\/"},"wordCount":320,"publisher":{"@id":"https:\/\/www.organisator.ch\/#organization"},"image":{"@id":"https:\/\/www.organisator.ch\/sustainability\/2023-06-05\/stiftung-zerowaterloss-anna-brand-ist-neue-praesidentin\/#primaryimage"},"thumbnailUrl":"https:\/\/www.organisator.ch\/wp-content\/uploads\/2023\/06\/Stiftung-Zerowaterloss-Anna-Brand-ist-neue-Praesidentin_Organisator.jpg","keywords":["Personalia","Stiftungen","Wasserwirtschaft"],"articleSection":["SUSTAINABILITY"],"inLanguage":"fr-FR"},{"@type":"WebPage","@id":"https:\/\/www.organisator.ch\/sustainability\/2023-06-05\/stiftung-zerowaterloss-anna-brand-ist-neue-praesidentin\/","url":"https:\/\/www.organisator.ch\/sustainability\/2023-06-05\/stiftung-zerowaterloss-anna-brand-ist-neue-praesidentin\/","name":"Fondation Zerowaterloss : Anna Brand est la nouvelle pr\u00e9sidente - Organisateur","isPartOf":{"@id":"https:\/\/www.organisator.ch\/#website"},"primaryImageOfPage":{"@id":"https:\/\/www.organisator.ch\/sustainability\/2023-06-05\/stiftung-zerowaterloss-anna-brand-ist-neue-praesidentin\/#primaryimage"},"image":{"@id":"https:\/\/www.organisator.ch\/sustainability\/2023-06-05\/stiftung-zerowaterloss-anna-brand-ist-neue-praesidentin\/#primaryimage"},"thumbnailUrl":"https:\/\/www.organisator.ch\/wp-content\/uploads\/2023\/06\/Stiftung-Zerowaterloss-Anna-Brand-ist-neue-Praesidentin_Organisator.jpg","datePublished":"2023-06-05T13:39:54+00:00","description":"Anna Brand a \u00e9t\u00e9 nomm\u00e9e pr\u00e9sidente de la fondation Zerowaterloss, qui vise \u00e0 lutter contre le gaspillage de l'eau potable, \u00e0 compter du 1er mai 2023.","breadcrumb":{"@id":"https:\/\/www.organisator.ch\/sustainability\/2023-06-05\/stiftung-zerowaterloss-anna-brand-ist-neue-praesidentin\/#breadcrumb"},"inLanguage":"fr-FR","potentialAction":[{"@type":"ReadAction","target":["https:\/\/www.organisator.ch\/sustainability\/2023-06-05\/stiftung-zerowaterloss-anna-brand-ist-neue-praesidentin\/"]}]},{"@type":"ImageObject","inLanguage":"fr-FR","@id":"https:\/\/www.organisator.ch\/sustainability\/2023-06-05\/stiftung-zerowaterloss-anna-brand-ist-neue-praesidentin\/#primaryimage","url":"https:\/\/www.organisator.ch\/wp-content\/uploads\/2023\/06\/Stiftung-Zerowaterloss-Anna-Brand-ist-neue-Praesidentin_Organisator.jpg","contentUrl":"https:\/\/www.organisator.ch\/wp-content\/uploads\/2023\/06\/Stiftung-Zerowaterloss-Anna-Brand-ist-neue-Praesidentin_Organisator.jpg","width":680,"height":427,"caption":"Neue Pr\u00e4sidentin der Stiftung Zerowaterloss: Anna Brand. (Bild: zVg)"},{"@type":"BreadcrumbList","@id":"https:\/\/www.organisator.ch\/sustainability\/2023-06-05\/stiftung-zerowaterloss-anna-brand-ist-neue-praesidentin\/#breadcrumb","itemListElement":[{"@type":"ListItem","position":1,"name":"Home","item":"https:\/\/www.organisator.ch\/"},{"@type":"ListItem","position":2,"name":"Stiftung Zerowaterloss: Anna Brand ist neue Pr\u00e4sidentin"}]},{"@type":"WebSite","@id":"https:\/\/www.organisator.ch\/#website","url":"https:\/\/www.organisator.ch\/","name":"Organisateur","description":"Comp\u00e9tence et comp\u00e9tence. Proches de la pratique. L'ORGANISATEUR pr\u00e9pare 10 num\u00e9ros par an sur les th\u00e8mes essentiels pour les dirigeants de PME.","publisher":{"@id":"https:\/\/www.organisator.ch\/#organization"},"potentialAction":[{"@type":"SearchAction","target":{"@type":"EntryPoint","urlTemplate":"https:\/\/www.organisator.ch\/?s={search_term_string}"},"query-input":{"@type":"PropertyValueSpecification","valueRequired":true,"valueName":"search_term_string"}}],"inLanguage":"fr-FR"},{"@type":"Organization","@id":"https:\/\/www.organisator.ch\/#organization","name":"Organisateur","url":"https:\/\/www.organisator.ch\/","logo":{"@type":"ImageObject","inLanguage":"fr-FR","@id":"https:\/\/www.organisator.ch\/#\/schema\/logo\/image\/","url":"https:\/\/www.organisator.ch\/wp-content\/uploads\/2022\/01\/Logo_Organisator_Website.png","contentUrl":"https:\/\/www.organisator.ch\/wp-content\/uploads\/2022\/01\/Logo_Organisator_Website.png","width":800,"height":77,"caption":"Organisator"},"image":{"@id":"https:\/\/www.organisator.ch\/#\/schema\/logo\/image\/"},"sameAs":["https:\/\/www.facebook.com\/OrganisatorFachmagazin","https:\/\/www.linkedin.com\/showcase\/organisator-das-magazin-fr-kmu","https:\/\/www.xing.com\/news\/pages\/organisator-ch-695","https:\/\/www.youtube.com\/channel\/UCGP2Sq0iWaZwT3BdIAQFYpw"]},{"@type":"Person","@id":"https:\/\/www.organisator.ch\/#\/schema\/person\/6f650f90b2842cd4c0cc334b4e36f67e","name":"thomas.berner","image":{"@type":"ImageObject","inLanguage":"fr-FR","@id":"https:\/\/secure.gravatar.com\/avatar\/ac5001d2a36cb6c6cd3e50789007ffca834b477b74a2144564522e944eabff61?s=96&d=mm&r=g","url":"https:\/\/secure.gravatar.com\/avatar\/ac5001d2a36cb6c6cd3e50789007ffca834b477b74a2144564522e944eabff61?s=96&d=mm&r=g","contentUrl":"https:\/\/secure.gravatar.com\/avatar\/ac5001d2a36cb6c6cd3e50789007ffca834b477b74a2144564522e944eabff61?s=96&d=mm&r=g","caption":"thomas.berner"},"url":"https:\/\/www.organisator.ch\/fr\/author\/thomas-berner\/"}]}},"_links":{"self":[{"href":"https:\/\/www.organisator.ch\/fr\/wp-json\/wp\/v2\/posts\/20592","targetHints":{"allow":["GET"]}}],"collection":[{"href":"https:\/\/www.organisator.ch\/fr\/wp-json\/wp\/v2\/posts"}],"about":[{"href":"https:\/\/www.organisator.ch\/fr\/wp-json\/wp\/v2\/types\/post"}],"author":[{"embeddable":true,"href":"https:\/\/www.organisator.ch\/fr\/wp-json\/wp\/v2\/users\/4"}],"replies":[{"embeddable":true,"href":"https:\/\/www.organisator.ch\/fr\/wp-json\/wp\/v2\/comments?post=20592"}],"version-history":[{"count":3,"href":"https:\/\/www.organisator.ch\/fr\/wp-json\/wp\/v2\/posts\/20592\/revisions"}],"predecessor-version":[{"id":20611,"href":"https:\/\/www.organisator.ch\/fr\/wp-json\/wp\/v2\/posts\/20592\/revisions\/20611"}],"wp:featuredmedia":[{"embeddable":true,"href":"https:\/\/www.organisator.ch\/fr\/wp-json\/wp\/v2\/media\/20593"}],"wp:attachment":[{"href":"https:\/\/www.organisator.ch\/fr\/wp-json\/wp\/v2\/media?parent=20592"}],"wp:term":[{"taxonomy":"category","embeddable":true,"href":"https:\/\/www.organisator.ch\/fr\/wp-json\/wp\/v2\/categories?post=20592"},{"taxonomy":"post_tag","embeddable":true,"href":"https:\/\/www.organisator.ch\/fr\/wp-json\/wp\/v2\/tags?post=20592"}],"curies":[{"name":"wp","href":"https:\/\/api.w.org\/{rel}","templated":true}]}}