{"id":20603,"date":"2023-06-06T09:47:08","date_gmt":"2023-06-06T07:47:08","guid":{"rendered":"https:\/\/www.organisator.ch\/?p=20603"},"modified":"2023-06-06T09:47:08","modified_gmt":"2023-06-06T07:47:08","slug":"bank-wir-marc-reimann-zum-neuen-vr-praesidenten-gewaehlt","status":"publish","type":"post","link":"https:\/\/www.organisator.ch\/fr\/management\/2023-06-06\/bank-wir-marc-reimann-zum-neuen-vr-praesidenten-gewaehlt\/","title":{"rendered":"Banque WIR : Marc Reimann \u00e9lu nouveau pr\u00e9sident du CA"},"content":{"rendered":"<figure id=\"attachment_20604\" aria-describedby=\"caption-attachment-20604\" style=\"width: 680px\" class=\"wp-caption alignnone\"><img loading=\"lazy\" decoding=\"async\" class=\"size-full wp-image-20604\" src=\"https:\/\/www.organisator.ch\/wp-content\/uploads\/2023\/06\/Bank-WIR-Marc-Reimann-zum-neuen-VR-Praesidenten-gewaehlt_Organisator.jpg\" alt=\"\" width=\"680\" height=\"533\" srcset=\"https:\/\/www.organisator.ch\/wp-content\/uploads\/2023\/06\/Bank-WIR-Marc-Reimann-zum-neuen-VR-Praesidenten-gewaehlt_Organisator.jpg 680w, https:\/\/www.organisator.ch\/wp-content\/uploads\/2023\/06\/Bank-WIR-Marc-Reimann-zum-neuen-VR-Praesidenten-gewaehlt_Organisator-15x12.jpg 15w, https:\/\/www.organisator.ch\/wp-content\/uploads\/2023\/06\/Bank-WIR-Marc-Reimann-zum-neuen-VR-Praesidenten-gewaehlt_Organisator-375x294.jpg 375w, https:\/\/www.organisator.ch\/wp-content\/uploads\/2023\/06\/Bank-WIR-Marc-Reimann-zum-neuen-VR-Praesidenten-gewaehlt_Organisator-447x350.jpg 447w\" sizes=\"auto, (max-width: 680px) 100vw, 680px\" \/><figcaption id=\"caption-attachment-20604\" class=\"wp-caption-text\">Nouveau VRP de la Banque WIR : Marc Reimann. (Image : Banque WIR)<\/figcaption><\/figure>\n<p>Pour la premi\u00e8re fois depuis 2019, l'assembl\u00e9e g\u00e9n\u00e9rale de la banque WIR a eu lieu physiquement \u00e0 la Foire de B\u00e2le. En f\u00e9vrier d\u00e9j\u00e0, la banque coop\u00e9rative purement suisse avait pr\u00e9sent\u00e9 pour l'exercice 2022 une augmentation du b\u00e9n\u00e9fice \u00e0 15,7 millions de francs, une forte croissance des cr\u00e9dits et un total du bilan \u00e0 un nouveau niveau record (6,05 milliards de francs). \"C'est pr\u00e9cis\u00e9ment dans ce contexte de d\u00e9fi, marqu\u00e9 par de nombreux bouleversements politiques et \u00e9conomiques, que nous sommes particuli\u00e8rement fiers que notre force op\u00e9rationnelle porte une fois de plus ses fruits\", avait d\u00e9clar\u00e9 le CEO Bruno Stiegeler en commentant le r\u00e9sultat.<\/p>\n<p>Sur la base des r\u00e9sultats solides obtenus depuis des ann\u00e9es, l'assembl\u00e9e g\u00e9n\u00e9rale a approuv\u00e9 le dividende de 10,75 francs propos\u00e9 par le conseil d'administration. Comme les ann\u00e9es pr\u00e9c\u00e9dentes, la distribution se fait sous forme de dividende optionnel (\"dividende avec r\u00e9investissement\" ou dividende en esp\u00e8ces) et correspond - calcul\u00e9 sur la base de la variante dividende en esp\u00e8ces - \u00e0 un rendement de 2,2 pour cent. La distribution sur les titres de participation dans le patrimoine priv\u00e9 est en outre exon\u00e9r\u00e9e d'imp\u00f4t. Au cours des douze derniers mois, la valeur boursi\u00e8re de ces titres a augment\u00e9 de 9,3 pour cent.<\/p>\n<h3>Marc Reimann succ\u00e8de \u00e0 Karin Zahnd Cadoux<\/h3>\n<p>En mars 2022 d\u00e9j\u00e0, l'actuelle pr\u00e9sidente du conseil d'administration, Karin Zahnd Cadoux, avait annonc\u00e9 qu'elle ne se repr\u00e9senterait pas \u00e0 l'AG 2023 pour des raisons personnelles. Les votants ont suivi la proposition du conseil d'administration et ont \u00e9lu Marc Reimann comme nouveau pr\u00e9sident \u00e0 une large majorit\u00e9. Reimann, 42 ans, est d\u00e9j\u00e0 membre du conseil d'administration de la banque WIR depuis 2013 et en est le vice-pr\u00e9sident depuis 2021. Entrepreneur et directeur de Zirkumflex AG \u00e0 Cham, il conna\u00eet parfaitement les d\u00e9fis de la base de clients de la Banque WIR et soutient les PME de divers secteurs en tant que conseiller d'entreprise depuis 2018.<\/p>\n<p>En raison de la limitation de la dur\u00e9e du mandat des membres du conseil d'administration, il a \u00e9galement fallu trouver un successeur \u00e0 Kornel Tinguely. Chantal Lutz et Michael Benes ont \u00e9t\u00e9 nouvellement \u00e9lus au conseil d'administration de la Banque WIR. Chantal Lutz (32 ans) est avocate chez Domenig &amp; Partner Rechtsanw\u00e4lte AG \u00e0 Berne, sp\u00e9cialis\u00e9e dans le droit des technologies et responsable de l'\u00e9quipe juridique IT. Michael Benes (47 ans) est \u00e9conomiste d'entreprise dipl\u00f4m\u00e9 et expert comptable et de r\u00e9vision dipl\u00f4m\u00e9. La r\u00e9\u00e9lection des membres actuels du conseil d'administration Germann Wiggli (depuis 2019), Heinz Fuchs, Christoph Lenz (tous deux depuis 2021) et Philipp Berger (depuis 2022) n'a pas \u00e9t\u00e9 contest\u00e9e.<\/p>\n<h3>Modification des statuts<\/h3>\n<p>En outre, l'assembl\u00e9e g\u00e9n\u00e9rale a approuv\u00e9 une modification des statuts qui permettra \u00e0 la Banque WIR de proposer \u00e0 l'avenir les variantes du vote par correspondance et de l'assembl\u00e9e g\u00e9n\u00e9rale virtuelle. \"Cette mesure moderne et tourn\u00e9e vers l'avenir facilite la participation si importante des membres de la coop\u00e9rative aux d\u00e9cisions\", a comment\u00e9 la pr\u00e9sidente sortante Zahnd Cadoux.<\/p>\n<p><em>Source : <a href=\"https:\/\/www.wir.ch\/de\/\">Banque WIR<\/a><\/em><\/p>","protected":false},"excerpt":{"rendered":"<p>Lors de l'assembl\u00e9e g\u00e9n\u00e9rale de la Banque WIR, les \u00e9lections au conseil d'administration ont \u00e9t\u00e9 au centre des d\u00e9bats : Marc Reimann est le nouveau pr\u00e9sident et succ\u00e8de ainsi \u00e0 Karin Zahnd Cadoux. Chantal Lutz et Michael Benes ont \u00e9t\u00e9 nouvellement \u00e9lus. <\/p>","protected":false},"author":4,"featured_media":20604,"comment_status":"closed","ping_status":"closed","sticky":false,"template":"","format":"standard","meta":{"_acf_changed":false,"_yoast_wpseo_focuskw":"Marc Reimann","_yoast_wpseo_metadesc":"An der GV der Bank WIR standen Verwaltungsratswahlen im Zentrum: Neuer Pr\u00e4sident und damit Nachfolger von Karin Zahnd Cadoux ist Marc Reimann.","articlekey":"","footnotes":""},"categories":[28],"tags":[1264,381,513],"class_list":["post-20603","post","type-post","status-publish","format-standard","has-post-thumbnail","hentry","category-management","tag-generalversammlung","tag-personalia","tag-verwaltungsraete"],"acf":[],"yoast_head":"<!-- This site is optimized with the Yoast SEO plugin v27.5 - https:\/\/yoast.com\/product\/yoast-seo-wordpress\/ -->\n<title>Bank WIR: Marc Reimann zum neuen VR-Pr\u00e4sidenten gew\u00e4hlt - Organisator<\/title>\n<meta name=\"description\" content=\"An der GV der Bank WIR standen Verwaltungsratswahlen im Zentrum: Neuer Pr\u00e4sident und damit Nachfolger von Karin Zahnd Cadoux ist Marc Reimann.\" \/>\n<meta name=\"robots\" content=\"index, follow, max-snippet:-1, max-image-preview:large, max-video-preview:-1\" \/>\n<link rel=\"canonical\" href=\"https:\/\/www.organisator.ch\/fr\/gestion-2\/2023-06-06\/bank-wir-marc-reimann-zum-neuen-vr-praesidenten-gewaehlt\/\" \/>\n<meta property=\"og:locale\" content=\"fr_FR\" \/>\n<meta property=\"og:type\" content=\"article\" \/>\n<meta property=\"og:title\" content=\"Bank WIR: Marc Reimann zum neuen VR-Pr\u00e4sidenten gew\u00e4hlt\" \/>\n<meta property=\"og:description\" content=\"An der GV der Bank WIR standen Verwaltungsratswahlen im Zentrum: Neuer Pr\u00e4sident und damit Nachfolger von Karin Zahnd Cadoux ist Marc Reimann.\" \/>\n<meta property=\"og:url\" content=\"https:\/\/www.organisator.ch\/fr\/gestion-2\/2023-06-06\/bank-wir-marc-reimann-zum-neuen-vr-praesidenten-gewaehlt\/\" \/>\n<meta property=\"og:site_name\" content=\"Organisator\" \/>\n<meta property=\"article:publisher\" content=\"https:\/\/www.facebook.com\/OrganisatorFachmagazin\" \/>\n<meta property=\"article:published_time\" content=\"2023-06-06T07:47:08+00:00\" \/>\n<meta property=\"og:image\" content=\"https:\/\/www.organisator.ch\/wp-content\/uploads\/2023\/06\/Bank-WIR-Marc-Reimann-zum-neuen-VR-Praesidenten-gewaehlt_Organisator.jpg\" \/>\n\t<meta property=\"og:image:width\" content=\"680\" \/>\n\t<meta property=\"og:image:height\" content=\"533\" \/>\n\t<meta property=\"og:image:type\" content=\"image\/jpeg\" \/>\n<meta name=\"author\" content=\"thomas.berner\" \/>\n<meta name=\"twitter:card\" content=\"summary_large_image\" \/>\n<meta name=\"twitter:title\" content=\"Bank WIR: Marc #Reimann zum neuen #VR-Pr\u00e4sidenten gew\u00e4hlt\" \/>\n<meta name=\"twitter:description\" content=\"An der GV der Bank WIR standen #Verwaltungsratswahlen im Zentrum: Neuer Pr\u00e4sident und damit Nachfolger von Karin Zahnd Cadoux ist Marc #Reimann.\" \/>\n<meta name=\"twitter:image\" content=\"https:\/\/www.organisator.ch\/wp-content\/uploads\/2023\/06\/Bank-WIR-Marc-Reimann-zum-neuen-VR-Praesidenten-gewaehlt_Organisator.jpg\" \/>\n<script type=\"application\/ld+json\" class=\"yoast-schema-graph\">{\"@context\":\"https:\\\/\\\/schema.org\",\"@graph\":[{\"@type\":\"Article\",\"@id\":\"https:\\\/\\\/www.organisator.ch\\\/management\\\/2023-06-06\\\/bank-wir-marc-reimann-zum-neuen-vr-praesidenten-gewaehlt\\\/#article\",\"isPartOf\":{\"@id\":\"https:\\\/\\\/www.organisator.ch\\\/management\\\/2023-06-06\\\/bank-wir-marc-reimann-zum-neuen-vr-praesidenten-gewaehlt\\\/\"},\"author\":{\"name\":\"thomas.berner\",\"@id\":\"https:\\\/\\\/www.organisator.ch\\\/#\\\/schema\\\/person\\\/6f650f90b2842cd4c0cc334b4e36f67e\"},\"headline\":\"Bank WIR: Marc Reimann zum neuen VR-Pr\u00e4sidenten gew\u00e4hlt\",\"datePublished\":\"2023-06-06T07:47:08+00:00\",\"mainEntityOfPage\":{\"@id\":\"https:\\\/\\\/www.organisator.ch\\\/management\\\/2023-06-06\\\/bank-wir-marc-reimann-zum-neuen-vr-praesidenten-gewaehlt\\\/\"},\"wordCount\":428,\"publisher\":{\"@id\":\"https:\\\/\\\/www.organisator.ch\\\/#organization\"},\"image\":{\"@id\":\"https:\\\/\\\/www.organisator.ch\\\/management\\\/2023-06-06\\\/bank-wir-marc-reimann-zum-neuen-vr-praesidenten-gewaehlt\\\/#primaryimage\"},\"thumbnailUrl\":\"https:\\\/\\\/www.organisator.ch\\\/wp-content\\\/uploads\\\/2023\\\/06\\\/Bank-WIR-Marc-Reimann-zum-neuen-VR-Praesidenten-gewaehlt_Organisator.jpg\",\"keywords\":[\"Generalversammlung\",\"Personalia\",\"Verwaltungsr\u00e4te\"],\"articleSection\":[\"MANAGEMENT\"],\"inLanguage\":\"fr-FR\"},{\"@type\":\"WebPage\",\"@id\":\"https:\\\/\\\/www.organisator.ch\\\/management\\\/2023-06-06\\\/bank-wir-marc-reimann-zum-neuen-vr-praesidenten-gewaehlt\\\/\",\"url\":\"https:\\\/\\\/www.organisator.ch\\\/management\\\/2023-06-06\\\/bank-wir-marc-reimann-zum-neuen-vr-praesidenten-gewaehlt\\\/\",\"name\":\"Bank WIR: Marc Reimann zum neuen VR-Pr\u00e4sidenten gew\u00e4hlt - Organisator\",\"isPartOf\":{\"@id\":\"https:\\\/\\\/www.organisator.ch\\\/#website\"},\"primaryImageOfPage\":{\"@id\":\"https:\\\/\\\/www.organisator.ch\\\/management\\\/2023-06-06\\\/bank-wir-marc-reimann-zum-neuen-vr-praesidenten-gewaehlt\\\/#primaryimage\"},\"image\":{\"@id\":\"https:\\\/\\\/www.organisator.ch\\\/management\\\/2023-06-06\\\/bank-wir-marc-reimann-zum-neuen-vr-praesidenten-gewaehlt\\\/#primaryimage\"},\"thumbnailUrl\":\"https:\\\/\\\/www.organisator.ch\\\/wp-content\\\/uploads\\\/2023\\\/06\\\/Bank-WIR-Marc-Reimann-zum-neuen-VR-Praesidenten-gewaehlt_Organisator.jpg\",\"datePublished\":\"2023-06-06T07:47:08+00:00\",\"description\":\"An der GV der Bank WIR standen Verwaltungsratswahlen im Zentrum: Neuer Pr\u00e4sident und damit Nachfolger von Karin Zahnd Cadoux ist Marc Reimann.\",\"breadcrumb\":{\"@id\":\"https:\\\/\\\/www.organisator.ch\\\/management\\\/2023-06-06\\\/bank-wir-marc-reimann-zum-neuen-vr-praesidenten-gewaehlt\\\/#breadcrumb\"},\"inLanguage\":\"fr-FR\",\"potentialAction\":[{\"@type\":\"ReadAction\",\"target\":[\"https:\\\/\\\/www.organisator.ch\\\/management\\\/2023-06-06\\\/bank-wir-marc-reimann-zum-neuen-vr-praesidenten-gewaehlt\\\/\"]}]},{\"@type\":\"ImageObject\",\"inLanguage\":\"fr-FR\",\"@id\":\"https:\\\/\\\/www.organisator.ch\\\/management\\\/2023-06-06\\\/bank-wir-marc-reimann-zum-neuen-vr-praesidenten-gewaehlt\\\/#primaryimage\",\"url\":\"https:\\\/\\\/www.organisator.ch\\\/wp-content\\\/uploads\\\/2023\\\/06\\\/Bank-WIR-Marc-Reimann-zum-neuen-VR-Praesidenten-gewaehlt_Organisator.jpg\",\"contentUrl\":\"https:\\\/\\\/www.organisator.ch\\\/wp-content\\\/uploads\\\/2023\\\/06\\\/Bank-WIR-Marc-Reimann-zum-neuen-VR-Praesidenten-gewaehlt_Organisator.jpg\",\"width\":680,\"height\":533,\"caption\":\"Neuer VRP der Bank WIR: Marc Reimann. (Bild: Bank WIR)\"},{\"@type\":\"BreadcrumbList\",\"@id\":\"https:\\\/\\\/www.organisator.ch\\\/management\\\/2023-06-06\\\/bank-wir-marc-reimann-zum-neuen-vr-praesidenten-gewaehlt\\\/#breadcrumb\",\"itemListElement\":[{\"@type\":\"ListItem\",\"position\":1,\"name\":\"Home\",\"item\":\"https:\\\/\\\/www.organisator.ch\\\/\"},{\"@type\":\"ListItem\",\"position\":2,\"name\":\"Bank WIR: Marc Reimann zum neuen VR-Pr\u00e4sidenten gew\u00e4hlt\"}]},{\"@type\":\"WebSite\",\"@id\":\"https:\\\/\\\/www.organisator.ch\\\/#website\",\"url\":\"https:\\\/\\\/www.organisator.ch\\\/\",\"name\":\"Organisator\",\"description\":\"Kompetent. Praxisnah. Der ORGANISATOR bereitet in 10 Ausgaben pro Jahr die wesentlichen Themen f\u00fcr F\u00fchrungskr\u00e4fte von KMU auf.\",\"publisher\":{\"@id\":\"https:\\\/\\\/www.organisator.ch\\\/#organization\"},\"potentialAction\":[{\"@type\":\"SearchAction\",\"target\":{\"@type\":\"EntryPoint\",\"urlTemplate\":\"https:\\\/\\\/www.organisator.ch\\\/?s={search_term_string}\"},\"query-input\":{\"@type\":\"PropertyValueSpecification\",\"valueRequired\":true,\"valueName\":\"search_term_string\"}}],\"inLanguage\":\"fr-FR\"},{\"@type\":\"Organization\",\"@id\":\"https:\\\/\\\/www.organisator.ch\\\/#organization\",\"name\":\"Organisator\",\"url\":\"https:\\\/\\\/www.organisator.ch\\\/\",\"logo\":{\"@type\":\"ImageObject\",\"inLanguage\":\"fr-FR\",\"@id\":\"https:\\\/\\\/www.organisator.ch\\\/#\\\/schema\\\/logo\\\/image\\\/\",\"url\":\"https:\\\/\\\/www.organisator.ch\\\/wp-content\\\/uploads\\\/2022\\\/01\\\/Logo_Organisator_Website.png\",\"contentUrl\":\"https:\\\/\\\/www.organisator.ch\\\/wp-content\\\/uploads\\\/2022\\\/01\\\/Logo_Organisator_Website.png\",\"width\":800,\"height\":77,\"caption\":\"Organisator\"},\"image\":{\"@id\":\"https:\\\/\\\/www.organisator.ch\\\/#\\\/schema\\\/logo\\\/image\\\/\"},\"sameAs\":[\"https:\\\/\\\/www.facebook.com\\\/OrganisatorFachmagazin\",\"https:\\\/\\\/www.linkedin.com\\\/showcase\\\/organisator-das-magazin-fr-kmu\",\"https:\\\/\\\/www.xing.com\\\/news\\\/pages\\\/organisator-ch-695\",\"https:\\\/\\\/www.youtube.com\\\/channel\\\/UCGP2Sq0iWaZwT3BdIAQFYpw\"]},{\"@type\":\"Person\",\"@id\":\"https:\\\/\\\/www.organisator.ch\\\/#\\\/schema\\\/person\\\/6f650f90b2842cd4c0cc334b4e36f67e\",\"name\":\"thomas.berner\",\"image\":{\"@type\":\"ImageObject\",\"inLanguage\":\"fr-FR\",\"@id\":\"https:\\\/\\\/secure.gravatar.com\\\/avatar\\\/ac5001d2a36cb6c6cd3e50789007ffca834b477b74a2144564522e944eabff61?s=96&d=mm&r=g\",\"url\":\"https:\\\/\\\/secure.gravatar.com\\\/avatar\\\/ac5001d2a36cb6c6cd3e50789007ffca834b477b74a2144564522e944eabff61?s=96&d=mm&r=g\",\"contentUrl\":\"https:\\\/\\\/secure.gravatar.com\\\/avatar\\\/ac5001d2a36cb6c6cd3e50789007ffca834b477b74a2144564522e944eabff61?s=96&d=mm&r=g\",\"caption\":\"thomas.berner\"},\"url\":\"https:\\\/\\\/www.organisator.ch\\\/fr\\\/author\\\/thomas-berner\\\/\"}]}<\/script>\n<!-- \/ Yoast SEO plugin. -->","yoast_head_json":{"title":"Banque WIR : Marc Reimann \u00e9lu nouveau pr\u00e9sident du CA - Organisateur","description":"Lors de l'AG de la Banque WIR, les \u00e9lections au conseil d'administration ont \u00e9t\u00e9 au centre des d\u00e9bats : Marc Reimann est le nouveau pr\u00e9sident et succ\u00e8de ainsi \u00e0 Karin Zahnd Cadoux.","robots":{"index":"index","follow":"follow","max-snippet":"max-snippet:-1","max-image-preview":"max-image-preview:large","max-video-preview":"max-video-preview:-1"},"canonical":"https:\/\/www.organisator.ch\/fr\/gestion-2\/2023-06-06\/bank-wir-marc-reimann-zum-neuen-vr-praesidenten-gewaehlt\/","og_locale":"fr_FR","og_type":"article","og_title":"Bank WIR: Marc Reimann zum neuen VR-Pr\u00e4sidenten gew\u00e4hlt","og_description":"An der GV der Bank WIR standen Verwaltungsratswahlen im Zentrum: Neuer Pr\u00e4sident und damit Nachfolger von Karin Zahnd Cadoux ist Marc Reimann.","og_url":"https:\/\/www.organisator.ch\/fr\/gestion-2\/2023-06-06\/bank-wir-marc-reimann-zum-neuen-vr-praesidenten-gewaehlt\/","og_site_name":"Organisator","article_publisher":"https:\/\/www.facebook.com\/OrganisatorFachmagazin","article_published_time":"2023-06-06T07:47:08+00:00","og_image":[{"width":680,"height":533,"url":"https:\/\/www.organisator.ch\/wp-content\/uploads\/2023\/06\/Bank-WIR-Marc-Reimann-zum-neuen-VR-Praesidenten-gewaehlt_Organisator.jpg","type":"image\/jpeg"}],"author":"thomas.berner","twitter_card":"summary_large_image","twitter_title":"Bank WIR: Marc #Reimann zum neuen #VR-Pr\u00e4sidenten gew\u00e4hlt","twitter_description":"An der GV der Bank WIR standen #Verwaltungsratswahlen im Zentrum: Neuer Pr\u00e4sident und damit Nachfolger von Karin Zahnd Cadoux ist Marc #Reimann.","twitter_image":"https:\/\/www.organisator.ch\/wp-content\/uploads\/2023\/06\/Bank-WIR-Marc-Reimann-zum-neuen-VR-Praesidenten-gewaehlt_Organisator.jpg","schema":{"@context":"https:\/\/schema.org","@graph":[{"@type":"Article","@id":"https:\/\/www.organisator.ch\/management\/2023-06-06\/bank-wir-marc-reimann-zum-neuen-vr-praesidenten-gewaehlt\/#article","isPartOf":{"@id":"https:\/\/www.organisator.ch\/management\/2023-06-06\/bank-wir-marc-reimann-zum-neuen-vr-praesidenten-gewaehlt\/"},"author":{"name":"thomas.berner","@id":"https:\/\/www.organisator.ch\/#\/schema\/person\/6f650f90b2842cd4c0cc334b4e36f67e"},"headline":"Bank WIR: Marc Reimann zum neuen VR-Pr\u00e4sidenten gew\u00e4hlt","datePublished":"2023-06-06T07:47:08+00:00","mainEntityOfPage":{"@id":"https:\/\/www.organisator.ch\/management\/2023-06-06\/bank-wir-marc-reimann-zum-neuen-vr-praesidenten-gewaehlt\/"},"wordCount":428,"publisher":{"@id":"https:\/\/www.organisator.ch\/#organization"},"image":{"@id":"https:\/\/www.organisator.ch\/management\/2023-06-06\/bank-wir-marc-reimann-zum-neuen-vr-praesidenten-gewaehlt\/#primaryimage"},"thumbnailUrl":"https:\/\/www.organisator.ch\/wp-content\/uploads\/2023\/06\/Bank-WIR-Marc-Reimann-zum-neuen-VR-Praesidenten-gewaehlt_Organisator.jpg","keywords":["Generalversammlung","Personalia","Verwaltungsr\u00e4te"],"articleSection":["MANAGEMENT"],"inLanguage":"fr-FR"},{"@type":"WebPage","@id":"https:\/\/www.organisator.ch\/management\/2023-06-06\/bank-wir-marc-reimann-zum-neuen-vr-praesidenten-gewaehlt\/","url":"https:\/\/www.organisator.ch\/management\/2023-06-06\/bank-wir-marc-reimann-zum-neuen-vr-praesidenten-gewaehlt\/","name":"Banque WIR : Marc Reimann \u00e9lu nouveau pr\u00e9sident du CA - Organisateur","isPartOf":{"@id":"https:\/\/www.organisator.ch\/#website"},"primaryImageOfPage":{"@id":"https:\/\/www.organisator.ch\/management\/2023-06-06\/bank-wir-marc-reimann-zum-neuen-vr-praesidenten-gewaehlt\/#primaryimage"},"image":{"@id":"https:\/\/www.organisator.ch\/management\/2023-06-06\/bank-wir-marc-reimann-zum-neuen-vr-praesidenten-gewaehlt\/#primaryimage"},"thumbnailUrl":"https:\/\/www.organisator.ch\/wp-content\/uploads\/2023\/06\/Bank-WIR-Marc-Reimann-zum-neuen-VR-Praesidenten-gewaehlt_Organisator.jpg","datePublished":"2023-06-06T07:47:08+00:00","description":"Lors de l'AG de la Banque WIR, les \u00e9lections au conseil d'administration ont \u00e9t\u00e9 au centre des d\u00e9bats : Marc Reimann est le nouveau pr\u00e9sident et succ\u00e8de ainsi \u00e0 Karin Zahnd Cadoux.","breadcrumb":{"@id":"https:\/\/www.organisator.ch\/management\/2023-06-06\/bank-wir-marc-reimann-zum-neuen-vr-praesidenten-gewaehlt\/#breadcrumb"},"inLanguage":"fr-FR","potentialAction":[{"@type":"ReadAction","target":["https:\/\/www.organisator.ch\/management\/2023-06-06\/bank-wir-marc-reimann-zum-neuen-vr-praesidenten-gewaehlt\/"]}]},{"@type":"ImageObject","inLanguage":"fr-FR","@id":"https:\/\/www.organisator.ch\/management\/2023-06-06\/bank-wir-marc-reimann-zum-neuen-vr-praesidenten-gewaehlt\/#primaryimage","url":"https:\/\/www.organisator.ch\/wp-content\/uploads\/2023\/06\/Bank-WIR-Marc-Reimann-zum-neuen-VR-Praesidenten-gewaehlt_Organisator.jpg","contentUrl":"https:\/\/www.organisator.ch\/wp-content\/uploads\/2023\/06\/Bank-WIR-Marc-Reimann-zum-neuen-VR-Praesidenten-gewaehlt_Organisator.jpg","width":680,"height":533,"caption":"Neuer VRP der Bank WIR: Marc Reimann. (Bild: Bank WIR)"},{"@type":"BreadcrumbList","@id":"https:\/\/www.organisator.ch\/management\/2023-06-06\/bank-wir-marc-reimann-zum-neuen-vr-praesidenten-gewaehlt\/#breadcrumb","itemListElement":[{"@type":"ListItem","position":1,"name":"Home","item":"https:\/\/www.organisator.ch\/"},{"@type":"ListItem","position":2,"name":"Bank WIR: Marc Reimann zum neuen VR-Pr\u00e4sidenten gew\u00e4hlt"}]},{"@type":"WebSite","@id":"https:\/\/www.organisator.ch\/#website","url":"https:\/\/www.organisator.ch\/","name":"Organisateur","description":"Comp\u00e9tence et comp\u00e9tence. Proches de la pratique. L'ORGANISATEUR pr\u00e9pare 10 num\u00e9ros par an sur les th\u00e8mes essentiels pour les dirigeants de PME.","publisher":{"@id":"https:\/\/www.organisator.ch\/#organization"},"potentialAction":[{"@type":"SearchAction","target":{"@type":"EntryPoint","urlTemplate":"https:\/\/www.organisator.ch\/?s={search_term_string}"},"query-input":{"@type":"PropertyValueSpecification","valueRequired":true,"valueName":"search_term_string"}}],"inLanguage":"fr-FR"},{"@type":"Organization","@id":"https:\/\/www.organisator.ch\/#organization","name":"Organisateur","url":"https:\/\/www.organisator.ch\/","logo":{"@type":"ImageObject","inLanguage":"fr-FR","@id":"https:\/\/www.organisator.ch\/#\/schema\/logo\/image\/","url":"https:\/\/www.organisator.ch\/wp-content\/uploads\/2022\/01\/Logo_Organisator_Website.png","contentUrl":"https:\/\/www.organisator.ch\/wp-content\/uploads\/2022\/01\/Logo_Organisator_Website.png","width":800,"height":77,"caption":"Organisator"},"image":{"@id":"https:\/\/www.organisator.ch\/#\/schema\/logo\/image\/"},"sameAs":["https:\/\/www.facebook.com\/OrganisatorFachmagazin","https:\/\/www.linkedin.com\/showcase\/organisator-das-magazin-fr-kmu","https:\/\/www.xing.com\/news\/pages\/organisator-ch-695","https:\/\/www.youtube.com\/channel\/UCGP2Sq0iWaZwT3BdIAQFYpw"]},{"@type":"Person","@id":"https:\/\/www.organisator.ch\/#\/schema\/person\/6f650f90b2842cd4c0cc334b4e36f67e","name":"thomas.berner","image":{"@type":"ImageObject","inLanguage":"fr-FR","@id":"https:\/\/secure.gravatar.com\/avatar\/ac5001d2a36cb6c6cd3e50789007ffca834b477b74a2144564522e944eabff61?s=96&d=mm&r=g","url":"https:\/\/secure.gravatar.com\/avatar\/ac5001d2a36cb6c6cd3e50789007ffca834b477b74a2144564522e944eabff61?s=96&d=mm&r=g","contentUrl":"https:\/\/secure.gravatar.com\/avatar\/ac5001d2a36cb6c6cd3e50789007ffca834b477b74a2144564522e944eabff61?s=96&d=mm&r=g","caption":"thomas.berner"},"url":"https:\/\/www.organisator.ch\/fr\/author\/thomas-berner\/"}]}},"_links":{"self":[{"href":"https:\/\/www.organisator.ch\/fr\/wp-json\/wp\/v2\/posts\/20603","targetHints":{"allow":["GET"]}}],"collection":[{"href":"https:\/\/www.organisator.ch\/fr\/wp-json\/wp\/v2\/posts"}],"about":[{"href":"https:\/\/www.organisator.ch\/fr\/wp-json\/wp\/v2\/types\/post"}],"author":[{"embeddable":true,"href":"https:\/\/www.organisator.ch\/fr\/wp-json\/wp\/v2\/users\/4"}],"replies":[{"embeddable":true,"href":"https:\/\/www.organisator.ch\/fr\/wp-json\/wp\/v2\/comments?post=20603"}],"version-history":[{"count":1,"href":"https:\/\/www.organisator.ch\/fr\/wp-json\/wp\/v2\/posts\/20603\/revisions"}],"predecessor-version":[{"id":20605,"href":"https:\/\/www.organisator.ch\/fr\/wp-json\/wp\/v2\/posts\/20603\/revisions\/20605"}],"wp:featuredmedia":[{"embeddable":true,"href":"https:\/\/www.organisator.ch\/fr\/wp-json\/wp\/v2\/media\/20604"}],"wp:attachment":[{"href":"https:\/\/www.organisator.ch\/fr\/wp-json\/wp\/v2\/media?parent=20603"}],"wp:term":[{"taxonomy":"category","embeddable":true,"href":"https:\/\/www.organisator.ch\/fr\/wp-json\/wp\/v2\/categories?post=20603"},{"taxonomy":"post_tag","embeddable":true,"href":"https:\/\/www.organisator.ch\/fr\/wp-json\/wp\/v2\/tags?post=20603"}],"curies":[{"name":"wp","href":"https:\/\/api.w.org\/{rel}","templated":true}]}}