{"id":20612,"date":"2023-06-07T08:40:53","date_gmt":"2023-06-07T06:40:53","guid":{"rendered":"https:\/\/www.organisator.ch\/?p=20612"},"modified":"2023-06-07T08:40:53","modified_gmt":"2023-06-07T06:40:53","slug":"buehler-eroeffnet-energy-center","status":"publish","type":"post","link":"https:\/\/www.organisator.ch\/fr\/sustainability\/2023-06-07\/buehler-eroeffnet-energy-center\/","title":{"rendered":"B\u00fchler ouvre un Energy Center"},"content":{"rendered":"<figure id=\"attachment_20613\" aria-describedby=\"caption-attachment-20613\" style=\"width: 680px\" class=\"wp-caption alignnone\"><img loading=\"lazy\" decoding=\"async\" class=\"size-full wp-image-20613\" src=\"https:\/\/www.organisator.ch\/wp-content\/uploads\/2023\/06\/Buehler-eroeffnet-Energy-Center-1_Organisator.jpg\" alt=\"\" width=\"680\" height=\"453\" srcset=\"https:\/\/www.organisator.ch\/wp-content\/uploads\/2023\/06\/Buehler-eroeffnet-Energy-Center-1_Organisator.jpg 680w, https:\/\/www.organisator.ch\/wp-content\/uploads\/2023\/06\/Buehler-eroeffnet-Energy-Center-1_Organisator-18x12.jpg 18w, https:\/\/www.organisator.ch\/wp-content\/uploads\/2023\/06\/Buehler-eroeffnet-Energy-Center-1_Organisator-375x250.jpg 375w, https:\/\/www.organisator.ch\/wp-content\/uploads\/2023\/06\/Buehler-eroeffnet-Energy-Center-1_Organisator-525x350.jpg 525w\" sizes=\"auto, (max-width: 680px) 100vw, 680px\" \/><figcaption id=\"caption-attachment-20613\" class=\"wp-caption-text\">Le nouvel Energy Center de B\u00fchler \u00e0 Uzwil : vue frontale avec l'entr\u00e9e. (Image : B\u00fchler)<\/figcaption><\/figure>\n<p>Le groupe technologique B\u00fchler a toujours accord\u00e9 une grande importance \u00e0 l'attention port\u00e9e \u00e0 ses collaborateurs. L'Energy Center s'inscrit dans cette tradition. En effet, ces derni\u00e8res ann\u00e9es, les exigences envers les entreprises et leurs collaborateurs ont nettement augment\u00e9 \u00e0 de nombreux \u00e9gards. Tout le monde est d'accord sur ce point, et sans doute aussi sur le fait que l'\u00e9nergie positive et le savoir sont des ressources d\u00e9cisives et constituent la base du bien-\u00eatre, de la performance et de la r\u00e9silience. Ces facteurs influencent consid\u00e9rablement la cr\u00e9ativit\u00e9 et la force d'innovation et sont en outre importants pour le maintien de la continuit\u00e9 des affaires, notamment dans des conditions difficiles ou changeantes. L'intention de B\u00fchler est donc d'investir dans un \"cycle sain\", car il est convaincu que si les collaborateurs vont bien, l'entreprise va bien aussi. La gestion de la pand\u00e9mie Corona n'\u00e9tait que la pointe de l'iceberg dans un environnement de plus en plus volatile. Des th\u00e8mes comme la responsabilit\u00e9 individuelle, la formation et le perfectionnement, la gestion de la sant\u00e9 ainsi que l'innovation ont pris une importance encore plus grande.<\/p>\n<h3><strong>Trois piliers porteurs<\/strong><\/h3>\n<p>Avec l'Energy Center et ses trois domaines Health &amp; Lifestyle (gestion de la sant\u00e9), Lifelong Learning (formation professionnelle et formation des adultes) et Prototyping &amp; Production, B\u00fchler investit de mani\u00e8re cibl\u00e9e dans des champs d'avenir importants. Les traditions de longue date de l'entreprise seraient r\u00e9interpr\u00e9t\u00e9es afin de cr\u00e9er des perspectives positives - aussi bien pour les collaborateurs que pour l'entreprise.<\/p>\n<p>Outre les premiers soins et les soins m\u00e9dicaux pour les voyages, le Health Port offre aux collaborateurs diff\u00e9rentes possibilit\u00e9s de prendre soin de leur sant\u00e9 et de leur bien-\u00eatre. Outre les check-up de style de vie ou les conseils nutritionnels, il existe \u00e9galement des offres qui couvrent les domaines des comp\u00e9tences en mati\u00e8re de sant\u00e9, du fitness, de la physioth\u00e9rapie, de la sant\u00e9 mentale et de la d\u00e9tente.<\/p>\n<figure id=\"attachment_20614\" aria-describedby=\"caption-attachment-20614\" style=\"width: 680px\" class=\"wp-caption alignnone\"><img loading=\"lazy\" decoding=\"async\" class=\"size-full wp-image-20614\" src=\"https:\/\/www.organisator.ch\/wp-content\/uploads\/2023\/06\/Buehler-eroeffnet-Energy-Center-2_Organisator.jpg\" alt=\"\" width=\"680\" height=\"453\" srcset=\"https:\/\/www.organisator.ch\/wp-content\/uploads\/2023\/06\/Buehler-eroeffnet-Energy-Center-2_Organisator.jpg 680w, https:\/\/www.organisator.ch\/wp-content\/uploads\/2023\/06\/Buehler-eroeffnet-Energy-Center-2_Organisator-18x12.jpg 18w, https:\/\/www.organisator.ch\/wp-content\/uploads\/2023\/06\/Buehler-eroeffnet-Energy-Center-2_Organisator-375x250.jpg 375w, https:\/\/www.organisator.ch\/wp-content\/uploads\/2023\/06\/Buehler-eroeffnet-Energy-Center-2_Organisator-525x350.jpg 525w\" sizes=\"auto, (max-width: 680px) 100vw, 680px\" \/><figcaption id=\"caption-attachment-20614\" class=\"wp-caption-text\">Cage d'escalier dans le b\u00e2timent de t\u00eate du BEC avec vue sur la halle de prototypage et de production. (Image : B\u00fchler)<\/figcaption><\/figure>\n<p>La formation professionnelle et la formation des adultes refl\u00e8tent d'autres \u00e9l\u00e9ments importants de la culture d'entreprise de B\u00fchler. Dans les nouveaux locaux et gr\u00e2ce aux m\u00e9thodes les plus modernes, elles sont port\u00e9es \u00e0 un niveau sup\u00e9rieur. Les apprentis sont pr\u00e9par\u00e9s au monde professionnel de demain et d'apr\u00e8s-demain. De plus, tous les collaborateurs ont acc\u00e8s \u00e0 des modules sur mesure pour l'apprentissage tout au long de la vie, afin de d\u00e9velopper de mani\u00e8re cibl\u00e9e leurs capacit\u00e9s dans leur vie professionnelle active.<\/p>\n<p>Le secteur Prototypage &amp; Production assure la collaboration professionnelle entre les d\u00e9partements de d\u00e9veloppement et fait le lien avec les centres d'application et de formation et la production. Les apprentis des m\u00e9tiers orient\u00e9s vers la production et la fabrication profitent ainsi nettement plus d'une grande proximit\u00e9 avec la pratique et de l'\u00e9norme savoir de plusieurs g\u00e9n\u00e9rations d'experts qui collaborent directement et apprennent les uns des autres.<\/p>\n<h3><strong>Construire l'avenir\u00a0<\/strong><\/h3>\n<p>\"Dans un monde de plus en plus complexe et dynamique, les exigences envers les collaborateurs sont tr\u00e8s \u00e9lev\u00e9es, nous en sommes conscients\", d\u00e9clare Stefan Scheiber, CEO du groupe B\u00fchler. \"Il est donc d'autant plus important pour nous de promouvoir les comp\u00e9tences ainsi que la responsabilit\u00e9 personnelle de nos collaborateurs. L'\u00eatre humain est ici au centre. L'Energy Center est fait pour nos collaborateurs - jeunes ou moins jeunes - ainsi que pour les collaborateurs de nos partenaires et de nos clients\". \"Avec l'Energy Center, nous aidons nos collaborateurs \u00e0 mieux ma\u00eetriser leurs d\u00e9fis professionnels et priv\u00e9s tout au long de leurs phases de vie, actuellement et \u00e0 l'avenir - c'est pourquoi nous les encourageons : Mach di fit !\", ajoute Christof Oswald, chef de projet B\u00fchler Energy Center et Head of Human Resources Switzerland.<\/p>\n<p>Le b\u00e2timent, dont la construction a d\u00e9but\u00e9 en novembre 2021, se trouve \u00e0 l'intersection des centres d'application et de formation, du CUBIC et de la production de B\u00fchler et fait ainsi partie du B\u00fchler Innovation Campus. Il respire l'ouverture et allie \u00e0 la fois durabilit\u00e9, modernit\u00e9 et vision ; les espaces int\u00e9rieurs peuvent \u00eatre am\u00e9nag\u00e9s de mani\u00e8re flexible, pour les besoins actuels et futurs. \"La mise en \u0153uvre la plus respectueuse des ressources et la plus durable possible a impliqu\u00e9, par exemple, la r\u00e9utilisation du b\u00e9ton du b\u00e2timent pr\u00e9c\u00e9dent et l'utilisation de ciment \u00e0 faible \u00e9mission de CO2, ainsi que la r\u00e9alisation de la structure porteuse de la partie bureaux enti\u00e8rement en bois\", explique Elvis Pidic, architecte et responsable du Corporate Real Estate Management chez B\u00fchler.<\/p>\n<p><em>Source et informations compl\u00e9mentaires : <a href=\"http:\/\/www.buhlergroup.com\">B\u00fchler AG<\/a><\/em><\/p>","protected":false},"excerpt":{"rendered":"<p>Sous la devise \"Mach di fit !\", le groupe technologique suisse B\u00fchler ouvre son B\u00fchler Energy Center sur le campus d'Uzwil. Avec l'Energy Center, B\u00fchler compl\u00e8te le campus et le CUBIC qui ouvrira en 2019. Le nouveau b\u00e2timent est construit selon les normes les plus r\u00e9centes et les plus modernes en mati\u00e8re de durabilit\u00e9. <\/p>","protected":false},"author":4,"featured_media":20613,"comment_status":"closed","ping_status":"closed","sticky":false,"template":"","format":"standard","meta":{"_acf_changed":false,"_yoast_wpseo_focuskw":"Energy Center","_yoast_wpseo_metadesc":"Unter dem Motto \u00abMach di fit!\u00bb er\u00f6ffnet der Schweizer Technologiekonzern B\u00fchler sein B\u00fchler Energy Center auf dem Campus in Uzwil.","articlekey":"","footnotes":""},"categories":[580],"tags":[62,358,492,508],"class_list":["post-20612","post","type-post","status-publish","format-standard","has-post-thumbnail","hentry","category-sustainability","tag-aus-weiterbildung","tag-nachhaltige-wirtschaft","tag-unternehmen","tag-vermischtes"],"acf":[],"yoast_head":"<!-- This site is optimized with the Yoast SEO plugin v27.4 - https:\/\/yoast.com\/product\/yoast-seo-wordpress\/ -->\n<title>B\u00fchler er\u00f6ffnet Energy Center - Organisator<\/title>\n<meta name=\"description\" content=\"Unter dem Motto \u00abMach di fit!\u00bb er\u00f6ffnet der Schweizer Technologiekonzern B\u00fchler sein B\u00fchler Energy Center auf dem Campus in Uzwil.\" \/>\n<meta name=\"robots\" content=\"index, follow, max-snippet:-1, max-image-preview:large, max-video-preview:-1\" \/>\n<link rel=\"canonical\" href=\"https:\/\/www.organisator.ch\/fr\/sustainability\/2023-06-07\/buehler-eroeffnet-energy-center\/\" \/>\n<meta property=\"og:locale\" content=\"fr_FR\" \/>\n<meta property=\"og:type\" content=\"article\" \/>\n<meta property=\"og:title\" content=\"B\u00fchler er\u00f6ffnet Energy Center\" \/>\n<meta property=\"og:description\" content=\"Unter dem Motto \u00abMach di fit!\u00bb er\u00f6ffnet der Schweizer Technologiekonzern B\u00fchler sein B\u00fchler Energy Center auf dem Campus in Uzwil.\" \/>\n<meta property=\"og:url\" content=\"https:\/\/www.organisator.ch\/fr\/sustainability\/2023-06-07\/buehler-eroeffnet-energy-center\/\" \/>\n<meta property=\"og:site_name\" content=\"Organisator\" \/>\n<meta property=\"article:publisher\" content=\"https:\/\/www.facebook.com\/OrganisatorFachmagazin\" \/>\n<meta property=\"article:published_time\" content=\"2023-06-07T06:40:53+00:00\" \/>\n<meta property=\"og:image\" content=\"https:\/\/www.organisator.ch\/wp-content\/uploads\/2023\/06\/Buehler-eroeffnet-Energy-Center-1_Organisator.jpg\" \/>\n\t<meta property=\"og:image:width\" content=\"680\" \/>\n\t<meta property=\"og:image:height\" content=\"453\" \/>\n\t<meta property=\"og:image:type\" content=\"image\/jpeg\" \/>\n<meta name=\"author\" content=\"thomas.berner\" \/>\n<meta name=\"twitter:card\" content=\"summary_large_image\" \/>\n<meta name=\"twitter:title\" content=\"#B\u00fchler er\u00f6ffnet Energy Center\" \/>\n<meta name=\"twitter:description\" content=\"Unter dem Motto \u00abMach di fit!\u00bb er\u00f6ffnet der Schweizer Technologiekonzern #B\u00fchler sein B\u00fchler Energy Center auf dem Campus in #Uzwil.\" \/>\n<meta name=\"twitter:image\" content=\"https:\/\/www.organisator.ch\/wp-content\/uploads\/2023\/06\/Buehler-eroeffnet-Energy-Center-1_Organisator.jpg\" \/>\n<script type=\"application\/ld+json\" class=\"yoast-schema-graph\">{\"@context\":\"https:\\\/\\\/schema.org\",\"@graph\":[{\"@type\":\"Article\",\"@id\":\"https:\\\/\\\/www.organisator.ch\\\/sustainability\\\/2023-06-07\\\/buehler-eroeffnet-energy-center\\\/#article\",\"isPartOf\":{\"@id\":\"https:\\\/\\\/www.organisator.ch\\\/sustainability\\\/2023-06-07\\\/buehler-eroeffnet-energy-center\\\/\"},\"author\":{\"name\":\"thomas.berner\",\"@id\":\"https:\\\/\\\/www.organisator.ch\\\/#\\\/schema\\\/person\\\/6f650f90b2842cd4c0cc334b4e36f67e\"},\"headline\":\"B\u00fchler er\u00f6ffnet Energy Center\",\"datePublished\":\"2023-06-07T06:40:53+00:00\",\"mainEntityOfPage\":{\"@id\":\"https:\\\/\\\/www.organisator.ch\\\/sustainability\\\/2023-06-07\\\/buehler-eroeffnet-energy-center\\\/\"},\"wordCount\":685,\"publisher\":{\"@id\":\"https:\\\/\\\/www.organisator.ch\\\/#organization\"},\"image\":{\"@id\":\"https:\\\/\\\/www.organisator.ch\\\/sustainability\\\/2023-06-07\\\/buehler-eroeffnet-energy-center\\\/#primaryimage\"},\"thumbnailUrl\":\"https:\\\/\\\/www.organisator.ch\\\/wp-content\\\/uploads\\\/2023\\\/06\\\/Buehler-eroeffnet-Energy-Center-1_Organisator.jpg\",\"keywords\":[\"Aus-\\\/Weiterbildung\",\"Nachhaltige Wirtschaft\",\"Unternehmen\",\"Vermischtes\"],\"articleSection\":[\"SUSTAINABILITY\"],\"inLanguage\":\"fr-FR\"},{\"@type\":\"WebPage\",\"@id\":\"https:\\\/\\\/www.organisator.ch\\\/sustainability\\\/2023-06-07\\\/buehler-eroeffnet-energy-center\\\/\",\"url\":\"https:\\\/\\\/www.organisator.ch\\\/sustainability\\\/2023-06-07\\\/buehler-eroeffnet-energy-center\\\/\",\"name\":\"B\u00fchler er\u00f6ffnet Energy Center - Organisator\",\"isPartOf\":{\"@id\":\"https:\\\/\\\/www.organisator.ch\\\/#website\"},\"primaryImageOfPage\":{\"@id\":\"https:\\\/\\\/www.organisator.ch\\\/sustainability\\\/2023-06-07\\\/buehler-eroeffnet-energy-center\\\/#primaryimage\"},\"image\":{\"@id\":\"https:\\\/\\\/www.organisator.ch\\\/sustainability\\\/2023-06-07\\\/buehler-eroeffnet-energy-center\\\/#primaryimage\"},\"thumbnailUrl\":\"https:\\\/\\\/www.organisator.ch\\\/wp-content\\\/uploads\\\/2023\\\/06\\\/Buehler-eroeffnet-Energy-Center-1_Organisator.jpg\",\"datePublished\":\"2023-06-07T06:40:53+00:00\",\"description\":\"Unter dem Motto \u00abMach di fit!\u00bb er\u00f6ffnet der Schweizer Technologiekonzern B\u00fchler sein B\u00fchler Energy Center auf dem Campus in Uzwil.\",\"breadcrumb\":{\"@id\":\"https:\\\/\\\/www.organisator.ch\\\/sustainability\\\/2023-06-07\\\/buehler-eroeffnet-energy-center\\\/#breadcrumb\"},\"inLanguage\":\"fr-FR\",\"potentialAction\":[{\"@type\":\"ReadAction\",\"target\":[\"https:\\\/\\\/www.organisator.ch\\\/sustainability\\\/2023-06-07\\\/buehler-eroeffnet-energy-center\\\/\"]}]},{\"@type\":\"ImageObject\",\"inLanguage\":\"fr-FR\",\"@id\":\"https:\\\/\\\/www.organisator.ch\\\/sustainability\\\/2023-06-07\\\/buehler-eroeffnet-energy-center\\\/#primaryimage\",\"url\":\"https:\\\/\\\/www.organisator.ch\\\/wp-content\\\/uploads\\\/2023\\\/06\\\/Buehler-eroeffnet-Energy-Center-1_Organisator.jpg\",\"contentUrl\":\"https:\\\/\\\/www.organisator.ch\\\/wp-content\\\/uploads\\\/2023\\\/06\\\/Buehler-eroeffnet-Energy-Center-1_Organisator.jpg\",\"width\":680,\"height\":453,\"caption\":\"Das neue Energy Center von B\u00fchler in Uzwil: Frontansicht mit Eingang. (Bild: B\u00fchler)\"},{\"@type\":\"BreadcrumbList\",\"@id\":\"https:\\\/\\\/www.organisator.ch\\\/sustainability\\\/2023-06-07\\\/buehler-eroeffnet-energy-center\\\/#breadcrumb\",\"itemListElement\":[{\"@type\":\"ListItem\",\"position\":1,\"name\":\"Home\",\"item\":\"https:\\\/\\\/www.organisator.ch\\\/\"},{\"@type\":\"ListItem\",\"position\":2,\"name\":\"B\u00fchler er\u00f6ffnet Energy Center\"}]},{\"@type\":\"WebSite\",\"@id\":\"https:\\\/\\\/www.organisator.ch\\\/#website\",\"url\":\"https:\\\/\\\/www.organisator.ch\\\/\",\"name\":\"Organisator\",\"description\":\"Kompetent. Praxisnah. Der ORGANISATOR bereitet in 10 Ausgaben pro Jahr die wesentlichen Themen f\u00fcr F\u00fchrungskr\u00e4fte von KMU auf.\",\"publisher\":{\"@id\":\"https:\\\/\\\/www.organisator.ch\\\/#organization\"},\"potentialAction\":[{\"@type\":\"SearchAction\",\"target\":{\"@type\":\"EntryPoint\",\"urlTemplate\":\"https:\\\/\\\/www.organisator.ch\\\/?s={search_term_string}\"},\"query-input\":{\"@type\":\"PropertyValueSpecification\",\"valueRequired\":true,\"valueName\":\"search_term_string\"}}],\"inLanguage\":\"fr-FR\"},{\"@type\":\"Organization\",\"@id\":\"https:\\\/\\\/www.organisator.ch\\\/#organization\",\"name\":\"Organisator\",\"url\":\"https:\\\/\\\/www.organisator.ch\\\/\",\"logo\":{\"@type\":\"ImageObject\",\"inLanguage\":\"fr-FR\",\"@id\":\"https:\\\/\\\/www.organisator.ch\\\/#\\\/schema\\\/logo\\\/image\\\/\",\"url\":\"https:\\\/\\\/www.organisator.ch\\\/wp-content\\\/uploads\\\/2022\\\/01\\\/Logo_Organisator_Website.png\",\"contentUrl\":\"https:\\\/\\\/www.organisator.ch\\\/wp-content\\\/uploads\\\/2022\\\/01\\\/Logo_Organisator_Website.png\",\"width\":800,\"height\":77,\"caption\":\"Organisator\"},\"image\":{\"@id\":\"https:\\\/\\\/www.organisator.ch\\\/#\\\/schema\\\/logo\\\/image\\\/\"},\"sameAs\":[\"https:\\\/\\\/www.facebook.com\\\/OrganisatorFachmagazin\",\"https:\\\/\\\/www.linkedin.com\\\/showcase\\\/organisator-das-magazin-fr-kmu\",\"https:\\\/\\\/www.xing.com\\\/news\\\/pages\\\/organisator-ch-695\",\"https:\\\/\\\/www.youtube.com\\\/channel\\\/UCGP2Sq0iWaZwT3BdIAQFYpw\"]},{\"@type\":\"Person\",\"@id\":\"https:\\\/\\\/www.organisator.ch\\\/#\\\/schema\\\/person\\\/6f650f90b2842cd4c0cc334b4e36f67e\",\"name\":\"thomas.berner\",\"image\":{\"@type\":\"ImageObject\",\"inLanguage\":\"fr-FR\",\"@id\":\"https:\\\/\\\/secure.gravatar.com\\\/avatar\\\/ac5001d2a36cb6c6cd3e50789007ffca834b477b74a2144564522e944eabff61?s=96&d=mm&r=g\",\"url\":\"https:\\\/\\\/secure.gravatar.com\\\/avatar\\\/ac5001d2a36cb6c6cd3e50789007ffca834b477b74a2144564522e944eabff61?s=96&d=mm&r=g\",\"contentUrl\":\"https:\\\/\\\/secure.gravatar.com\\\/avatar\\\/ac5001d2a36cb6c6cd3e50789007ffca834b477b74a2144564522e944eabff61?s=96&d=mm&r=g\",\"caption\":\"thomas.berner\"},\"url\":\"https:\\\/\\\/www.organisator.ch\\\/fr\\\/author\\\/thomas-berner\\\/\"}]}<\/script>\n<!-- \/ Yoast SEO plugin. -->","yoast_head_json":{"title":"B\u00fchler ouvre un Energy Center - Organisateur","description":"Sous la devise \"Mach di fit !\", le groupe technologique suisse B\u00fchler ouvre son B\u00fchler Energy Center sur le campus d'Uzwil.","robots":{"index":"index","follow":"follow","max-snippet":"max-snippet:-1","max-image-preview":"max-image-preview:large","max-video-preview":"max-video-preview:-1"},"canonical":"https:\/\/www.organisator.ch\/fr\/sustainability\/2023-06-07\/buehler-eroeffnet-energy-center\/","og_locale":"fr_FR","og_type":"article","og_title":"B\u00fchler er\u00f6ffnet Energy Center","og_description":"Unter dem Motto \u00abMach di fit!\u00bb er\u00f6ffnet der Schweizer Technologiekonzern B\u00fchler sein B\u00fchler Energy Center auf dem Campus in Uzwil.","og_url":"https:\/\/www.organisator.ch\/fr\/sustainability\/2023-06-07\/buehler-eroeffnet-energy-center\/","og_site_name":"Organisator","article_publisher":"https:\/\/www.facebook.com\/OrganisatorFachmagazin","article_published_time":"2023-06-07T06:40:53+00:00","og_image":[{"width":680,"height":453,"url":"https:\/\/www.organisator.ch\/wp-content\/uploads\/2023\/06\/Buehler-eroeffnet-Energy-Center-1_Organisator.jpg","type":"image\/jpeg"}],"author":"thomas.berner","twitter_card":"summary_large_image","twitter_title":"#B\u00fchler er\u00f6ffnet Energy Center","twitter_description":"Unter dem Motto \u00abMach di fit!\u00bb er\u00f6ffnet der Schweizer Technologiekonzern #B\u00fchler sein B\u00fchler Energy Center auf dem Campus in #Uzwil.","twitter_image":"https:\/\/www.organisator.ch\/wp-content\/uploads\/2023\/06\/Buehler-eroeffnet-Energy-Center-1_Organisator.jpg","schema":{"@context":"https:\/\/schema.org","@graph":[{"@type":"Article","@id":"https:\/\/www.organisator.ch\/sustainability\/2023-06-07\/buehler-eroeffnet-energy-center\/#article","isPartOf":{"@id":"https:\/\/www.organisator.ch\/sustainability\/2023-06-07\/buehler-eroeffnet-energy-center\/"},"author":{"name":"thomas.berner","@id":"https:\/\/www.organisator.ch\/#\/schema\/person\/6f650f90b2842cd4c0cc334b4e36f67e"},"headline":"B\u00fchler er\u00f6ffnet Energy Center","datePublished":"2023-06-07T06:40:53+00:00","mainEntityOfPage":{"@id":"https:\/\/www.organisator.ch\/sustainability\/2023-06-07\/buehler-eroeffnet-energy-center\/"},"wordCount":685,"publisher":{"@id":"https:\/\/www.organisator.ch\/#organization"},"image":{"@id":"https:\/\/www.organisator.ch\/sustainability\/2023-06-07\/buehler-eroeffnet-energy-center\/#primaryimage"},"thumbnailUrl":"https:\/\/www.organisator.ch\/wp-content\/uploads\/2023\/06\/Buehler-eroeffnet-Energy-Center-1_Organisator.jpg","keywords":["Aus-\/Weiterbildung","Nachhaltige Wirtschaft","Unternehmen","Vermischtes"],"articleSection":["SUSTAINABILITY"],"inLanguage":"fr-FR"},{"@type":"WebPage","@id":"https:\/\/www.organisator.ch\/sustainability\/2023-06-07\/buehler-eroeffnet-energy-center\/","url":"https:\/\/www.organisator.ch\/sustainability\/2023-06-07\/buehler-eroeffnet-energy-center\/","name":"B\u00fchler ouvre un Energy Center - Organisateur","isPartOf":{"@id":"https:\/\/www.organisator.ch\/#website"},"primaryImageOfPage":{"@id":"https:\/\/www.organisator.ch\/sustainability\/2023-06-07\/buehler-eroeffnet-energy-center\/#primaryimage"},"image":{"@id":"https:\/\/www.organisator.ch\/sustainability\/2023-06-07\/buehler-eroeffnet-energy-center\/#primaryimage"},"thumbnailUrl":"https:\/\/www.organisator.ch\/wp-content\/uploads\/2023\/06\/Buehler-eroeffnet-Energy-Center-1_Organisator.jpg","datePublished":"2023-06-07T06:40:53+00:00","description":"Sous la devise \"Mach di fit !\", le groupe technologique suisse B\u00fchler ouvre son B\u00fchler Energy Center sur le campus d'Uzwil.","breadcrumb":{"@id":"https:\/\/www.organisator.ch\/sustainability\/2023-06-07\/buehler-eroeffnet-energy-center\/#breadcrumb"},"inLanguage":"fr-FR","potentialAction":[{"@type":"ReadAction","target":["https:\/\/www.organisator.ch\/sustainability\/2023-06-07\/buehler-eroeffnet-energy-center\/"]}]},{"@type":"ImageObject","inLanguage":"fr-FR","@id":"https:\/\/www.organisator.ch\/sustainability\/2023-06-07\/buehler-eroeffnet-energy-center\/#primaryimage","url":"https:\/\/www.organisator.ch\/wp-content\/uploads\/2023\/06\/Buehler-eroeffnet-Energy-Center-1_Organisator.jpg","contentUrl":"https:\/\/www.organisator.ch\/wp-content\/uploads\/2023\/06\/Buehler-eroeffnet-Energy-Center-1_Organisator.jpg","width":680,"height":453,"caption":"Das neue Energy Center von B\u00fchler in Uzwil: Frontansicht mit Eingang. (Bild: B\u00fchler)"},{"@type":"BreadcrumbList","@id":"https:\/\/www.organisator.ch\/sustainability\/2023-06-07\/buehler-eroeffnet-energy-center\/#breadcrumb","itemListElement":[{"@type":"ListItem","position":1,"name":"Home","item":"https:\/\/www.organisator.ch\/"},{"@type":"ListItem","position":2,"name":"B\u00fchler er\u00f6ffnet Energy Center"}]},{"@type":"WebSite","@id":"https:\/\/www.organisator.ch\/#website","url":"https:\/\/www.organisator.ch\/","name":"Organisateur","description":"Comp\u00e9tence et comp\u00e9tence. Proches de la pratique. L'ORGANISATEUR pr\u00e9pare 10 num\u00e9ros par an sur les th\u00e8mes essentiels pour les dirigeants de PME.","publisher":{"@id":"https:\/\/www.organisator.ch\/#organization"},"potentialAction":[{"@type":"SearchAction","target":{"@type":"EntryPoint","urlTemplate":"https:\/\/www.organisator.ch\/?s={search_term_string}"},"query-input":{"@type":"PropertyValueSpecification","valueRequired":true,"valueName":"search_term_string"}}],"inLanguage":"fr-FR"},{"@type":"Organization","@id":"https:\/\/www.organisator.ch\/#organization","name":"Organisateur","url":"https:\/\/www.organisator.ch\/","logo":{"@type":"ImageObject","inLanguage":"fr-FR","@id":"https:\/\/www.organisator.ch\/#\/schema\/logo\/image\/","url":"https:\/\/www.organisator.ch\/wp-content\/uploads\/2022\/01\/Logo_Organisator_Website.png","contentUrl":"https:\/\/www.organisator.ch\/wp-content\/uploads\/2022\/01\/Logo_Organisator_Website.png","width":800,"height":77,"caption":"Organisator"},"image":{"@id":"https:\/\/www.organisator.ch\/#\/schema\/logo\/image\/"},"sameAs":["https:\/\/www.facebook.com\/OrganisatorFachmagazin","https:\/\/www.linkedin.com\/showcase\/organisator-das-magazin-fr-kmu","https:\/\/www.xing.com\/news\/pages\/organisator-ch-695","https:\/\/www.youtube.com\/channel\/UCGP2Sq0iWaZwT3BdIAQFYpw"]},{"@type":"Person","@id":"https:\/\/www.organisator.ch\/#\/schema\/person\/6f650f90b2842cd4c0cc334b4e36f67e","name":"thomas.berner","image":{"@type":"ImageObject","inLanguage":"fr-FR","@id":"https:\/\/secure.gravatar.com\/avatar\/ac5001d2a36cb6c6cd3e50789007ffca834b477b74a2144564522e944eabff61?s=96&d=mm&r=g","url":"https:\/\/secure.gravatar.com\/avatar\/ac5001d2a36cb6c6cd3e50789007ffca834b477b74a2144564522e944eabff61?s=96&d=mm&r=g","contentUrl":"https:\/\/secure.gravatar.com\/avatar\/ac5001d2a36cb6c6cd3e50789007ffca834b477b74a2144564522e944eabff61?s=96&d=mm&r=g","caption":"thomas.berner"},"url":"https:\/\/www.organisator.ch\/fr\/author\/thomas-berner\/"}]}},"_links":{"self":[{"href":"https:\/\/www.organisator.ch\/fr\/wp-json\/wp\/v2\/posts\/20612","targetHints":{"allow":["GET"]}}],"collection":[{"href":"https:\/\/www.organisator.ch\/fr\/wp-json\/wp\/v2\/posts"}],"about":[{"href":"https:\/\/www.organisator.ch\/fr\/wp-json\/wp\/v2\/types\/post"}],"author":[{"embeddable":true,"href":"https:\/\/www.organisator.ch\/fr\/wp-json\/wp\/v2\/users\/4"}],"replies":[{"embeddable":true,"href":"https:\/\/www.organisator.ch\/fr\/wp-json\/wp\/v2\/comments?post=20612"}],"version-history":[{"count":2,"href":"https:\/\/www.organisator.ch\/fr\/wp-json\/wp\/v2\/posts\/20612\/revisions"}],"predecessor-version":[{"id":20623,"href":"https:\/\/www.organisator.ch\/fr\/wp-json\/wp\/v2\/posts\/20612\/revisions\/20623"}],"wp:featuredmedia":[{"embeddable":true,"href":"https:\/\/www.organisator.ch\/fr\/wp-json\/wp\/v2\/media\/20613"}],"wp:attachment":[{"href":"https:\/\/www.organisator.ch\/fr\/wp-json\/wp\/v2\/media?parent=20612"}],"wp:term":[{"taxonomy":"category","embeddable":true,"href":"https:\/\/www.organisator.ch\/fr\/wp-json\/wp\/v2\/categories?post=20612"},{"taxonomy":"post_tag","embeddable":true,"href":"https:\/\/www.organisator.ch\/fr\/wp-json\/wp\/v2\/tags?post=20612"}],"curies":[{"name":"wp","href":"https:\/\/api.w.org\/{rel}","templated":true}]}}