{"id":20653,"date":"2023-06-09T13:35:29","date_gmt":"2023-06-09T11:35:29","guid":{"rendered":"https:\/\/www.organisator.ch\/?p=20653"},"modified":"2023-06-09T13:35:29","modified_gmt":"2023-06-09T11:35:29","slug":"hr-szene-aus-dem-dach-raum-trifft-sich-in-hamburg","status":"publish","type":"post","link":"https:\/\/www.organisator.ch\/fr\/human-resources\/2023-06-09\/hr-szene-aus-dem-dach-raum-trifft-sich-in-hamburg\/","title":{"rendered":"La sc\u00e8ne RH de la r\u00e9gion DACH se r\u00e9unit \u00e0 Hambourg"},"content":{"rendered":"<figure id=\"attachment_20654\" aria-describedby=\"caption-attachment-20654\" style=\"width: 680px\" class=\"wp-caption alignnone\"><img loading=\"lazy\" decoding=\"async\" class=\"size-full wp-image-20654\" src=\"https:\/\/www.organisator.ch\/wp-content\/uploads\/2023\/06\/HR-Szene-aus-dem-DACH-Raum-trifft-sich-in-Hamburg_Organisator.jpg\" alt=\"\" width=\"680\" height=\"453\" srcset=\"https:\/\/www.organisator.ch\/wp-content\/uploads\/2023\/06\/HR-Szene-aus-dem-DACH-Raum-trifft-sich-in-Hamburg_Organisator.jpg 680w, https:\/\/www.organisator.ch\/wp-content\/uploads\/2023\/06\/HR-Szene-aus-dem-DACH-Raum-trifft-sich-in-Hamburg_Organisator-18x12.jpg 18w, https:\/\/www.organisator.ch\/wp-content\/uploads\/2023\/06\/HR-Szene-aus-dem-DACH-Raum-trifft-sich-in-Hamburg_Organisator-375x250.jpg 375w, https:\/\/www.organisator.ch\/wp-content\/uploads\/2023\/06\/HR-Szene-aus-dem-DACH-Raum-trifft-sich-in-Hamburg_Organisator-525x350.jpg 525w\" sizes=\"auto, (max-width: 680px) 100vw, 680px\" \/><figcaption id=\"caption-attachment-20654\" class=\"wp-caption-text\">Le 14 juin 2023, l'Elbphilharmonie de Hambourg, entre autres, sera \u00e0 nouveau le point de rencontre de la sc\u00e8ne RH de toute la r\u00e9gion DACH. (Image : NEW WORK SE)<\/figcaption><\/figure>\n<p>Le mercredi 14 juin 2023, l'Elbphilharmonie ouvrira \u00e0 nouveau ses portes pour la New Work Experience (NWX23), le plus grand \u00e9v\u00e9nement sur l'avenir du travail dans l'espace germanophone, selon ses propres dires. Pour la sixi\u00e8me fois, la NWX se d\u00e9roulera ici et, pour la premi\u00e8re fois, dans d'autres lieux s\u00e9lectionn\u00e9s de la HafenCity de Hambourg. L'organisateur de la NWX23 est New Work SE en collaboration avec ses marques XING, onlyfy by XING et kununu. Sous le slogan \"Work Forward\", le festival du travail et de l'avenir a beaucoup \u00e0 offrir : Avec pr\u00e8s de 9 heures de programme r\u00e9parties sur 18 sc\u00e8nes, ainsi que plus de 150 conf\u00e9renciers et artistes nationaux et internationaux de renom, le line-up est color\u00e9, diversifi\u00e9 et comp\u00e9tent.<\/p>\n<h3>R\u00e9unir les employeurs et les employ\u00e9s<\/h3>\n<p>Comment une collaboration fructueuse entre g\u00e9n\u00e9rations peut-elle fonctionner ? Comment attirer les talents malgr\u00e9 la p\u00e9nurie de main-d'\u0153uvre qualifi\u00e9e ? Quel sera l'impact de l'intelligence artificielle sur le march\u00e9 du travail de demain ? C'est autour de ces questions et de bien d'autres que s'articule le NWX23, dont l'objectif est de r\u00e9unir \u00e0 Hambourg des d\u00e9butants et des travailleurs exp\u00e9riment\u00e9s, des hommes d'action et des penseurs, ainsi que des strat\u00e8ges et des experts du monde \u00e9conomique et politique, des ressources humaines, du recrutement, du conseil et de la formation d'opinion. Un m\u00e9lange vari\u00e9 d'impulsions tourn\u00e9es vers l'avenir, de d\u00e9bats d'opinion, d'ateliers approfondis et de masterclasses doit ainsi offrir inspiration et information.<\/p>\n<p>Eliza Filby, expert en g\u00e9n\u00e9ration, le plus jeune professeur de philosophie d'Allemagne, Markus Gabriel, le pr\u00e9sident de longue date de la Chambre des Communes britannique John Bercow, l'ancienne footballeuse professionnelle et entra\u00eeneuse de la DFB Steffi Jones, l'expert num\u00e9rique et auteur Sascha Lobo, le podcasteur Matze Hielscher ainsi que l'expert en IA Christian Piechnick et bien d'autres. La bonne humeur sera \u00e9galement assur\u00e9e par des artistes musicaux tels que le duo norv\u00e9gien de pop-rap Madcon.<\/p>\n<h3><strong>Le monde de l'emploi XING : nouveau festival de l'emploi autour de l'entr\u00e9e dans la vie professionnelle<\/strong><\/h3>\n<p>Pour la premi\u00e8re fois, le NWX23 sera compl\u00e9t\u00e9 par un festival de l'emploi pour les \u00e9tudiants et les dipl\u00f4m\u00e9s : le monde de l'emploi XING, qui se tiendra dans le New Work Harbour \u00e0 HafenCity, le si\u00e8ge de New Work SE. Ici, les \u00e9tudiants, les dipl\u00f4m\u00e9s et les recruteurs peuvent \u00e9changer sur des th\u00e8mes li\u00e9s \u00e0 l'emploi tels que l'orientation professionnelle, la candidature ou la n\u00e9gociation salariale et assister \u00e0 un festival de l'emploi o\u00f9 des entreprises comme Audi, Otto ou Hapag-Lloyd cherchent \u00e0 attirer des talents. En outre, le monde du travail XING propose des masterclasses et des ateliers de haut niveau avec des coachs de carri\u00e8re et de candidature renomm\u00e9s comme Bernd Slaghuis et Nane Nebel. Le programme vari\u00e9 sera compl\u00e9t\u00e9 par des conf\u00e9rences et des d\u00e9bats en panel, par exemple avec les deux anciens footballeurs professionnels Neven Subotic et Marcell Jansen ou l'experte GenZ Ronja Ebeling. Dans le format \"Grill den Personalchef\", le chef du personnel de SAP, Cawa Younosi, et la responsable du personnel de Beiersdorf, Nicola Lafrentz, r\u00e9pondront \u00e9galement aux questions du public. Pour les \u00e9tudiantes et \u00e9tudiants immatricul\u00e9s, la visite du monde du travail XING est gratuite, y compris une s\u00e9ance de photos de candidature.<\/p>\n<p><strong>onlyfy by XING facilite le recrutement<\/strong><\/p>\n<p>Autre nouveaut\u00e9 : les contenus du programme, con\u00e7us pour les recruteurs et les responsables RH, seront pr\u00e9sent\u00e9s par la marque de recrutement onlyfy by XING. Des masterclasses, des panels de discussion et des ateliers sont \u00e9galement pr\u00e9vus au si\u00e8ge de New Work SE et sur d'autres sc\u00e8nes dans la HafenCity de Hambourg. Parmi les conf\u00e9renciers de renom, on trouve entre autres le professeur Dr Alexander Spermann, la professeure Dr Heike Bruch ou Gazelle Vollhase, responsable du recrutement, de la diversit\u00e9 et de l'inclusion chez idealo. Les conf\u00e9renciers et conf\u00e9renci\u00e8res ne jetteront pas seulement un regard sur le march\u00e9 du travail actuel, mais aussi sur les tendances du recrutement de demain.<\/p>\n<h3><strong>Le NEW WORK Award 2023 : Remise des prix le soir du NWX23\u00a0<\/strong><strong>\u00a0<\/strong><\/h3>\n<p>Dans le cadre de la NWX, le NEW WORK Award, le prix leader pour le travail orient\u00e9 vers l'avenir dans l'espace germanophone, sera en outre d\u00e9cern\u00e9 pour la 10e fois. Depuis 2013, NEW WORK SE r\u00e9compense avec ce prix des id\u00e9es et des projets novateurs sur l'avenir du travail.La remise du prix aura lieu \u00e0 l'issue de NWX23, le soir du 14 juin \u00e0 Hambourg. Le jury de haut niveau a \u00e9tabli une shortlist \u00e0 partir des candidatures re\u00e7ues. Le vote public en ligne est clos depuis le 4 juin.<\/p>\n<p><em>Le programme de streaming en direct accompagnant certains contenus de la NWX est d\u00e9sormais en ligne et peut \u00eatre consult\u00e9 sur la <a href=\"https:\/\/nwx.new-work.se\/xing-jobwelt\">Site web<\/a> dans le menu d\u00e9roulant \"Le monde de l'emploi XING - aper\u00e7u du livestream\".\u00a0<\/em><\/p>","protected":false},"excerpt":{"rendered":"<p>Plus de 150 intervenants discuteront le 14 juin \u00e0 Hambourg lors du festival pour le travail et l'avenir NWX23. Plus de 2000 visiteurs d'Allemagne, d'Autriche et de Suisse sont attendus. <\/p>","protected":false},"author":4,"featured_media":20654,"comment_status":"closed","ping_status":"closed","sticky":false,"template":"","format":"standard","meta":{"_acf_changed":false,"_yoast_wpseo_focuskw":"HR-Szene","_yoast_wpseo_metadesc":"Am 14. Juni werden f\u00fcr die NWX23 \u00fcber 2000 Besucherinnen und Besucher aus der HR-Szene Deutschlands, \u00d6sterreichs und der Schweiz erwartet.","articlekey":"","footnotes":""},"categories":[579],"tags":[193,254,3810],"class_list":["post-20653","post","type-post","status-publish","format-standard","has-post-thumbnail","hentry","category-human-resources","tag-fachkongressfachmesse","tag-hrm","tag-nwx23"],"acf":[],"yoast_head":"<!-- This site is optimized with the Yoast SEO plugin v27.5 - https:\/\/yoast.com\/product\/yoast-seo-wordpress\/ -->\n<title>HR-Szene aus dem DACH-Raum trifft sich in Hamburg - Organisator<\/title>\n<meta name=\"description\" content=\"Am 14. Juni werden f\u00fcr die NWX23 \u00fcber 2000 Besucherinnen und Besucher aus der HR-Szene Deutschlands, \u00d6sterreichs und der Schweiz erwartet.\" \/>\n<meta name=\"robots\" content=\"index, follow, max-snippet:-1, max-image-preview:large, max-video-preview:-1\" \/>\n<link rel=\"canonical\" href=\"https:\/\/www.organisator.ch\/fr\/ressources-humaines\/2023-06-09\/hr-szene-aus-dem-dach-raum-trifft-sich-in-hamburg\/\" \/>\n<meta property=\"og:locale\" content=\"fr_FR\" \/>\n<meta property=\"og:type\" content=\"article\" \/>\n<meta property=\"og:title\" content=\"HR-Szene aus dem DACH-Raum trifft sich in Hamburg\" \/>\n<meta property=\"og:description\" content=\"Am 14. Juni werden f\u00fcr die NWX23 \u00fcber 2000 Besucherinnen und Besucher aus der HR-Szene Deutschlands, \u00d6sterreichs und der Schweiz erwartet.\" \/>\n<meta property=\"og:url\" content=\"https:\/\/www.organisator.ch\/fr\/ressources-humaines\/2023-06-09\/hr-szene-aus-dem-dach-raum-trifft-sich-in-hamburg\/\" \/>\n<meta property=\"og:site_name\" content=\"Organisator\" \/>\n<meta property=\"article:publisher\" content=\"https:\/\/www.facebook.com\/OrganisatorFachmagazin\" \/>\n<meta property=\"article:published_time\" content=\"2023-06-09T11:35:29+00:00\" \/>\n<meta property=\"og:image\" content=\"https:\/\/www.organisator.ch\/wp-content\/uploads\/2023\/06\/HR-Szene-aus-dem-DACH-Raum-trifft-sich-in-Hamburg_Organisator.jpg\" \/>\n\t<meta property=\"og:image:width\" content=\"680\" \/>\n\t<meta property=\"og:image:height\" content=\"453\" \/>\n\t<meta property=\"og:image:type\" content=\"image\/jpeg\" \/>\n<meta name=\"author\" content=\"thomas.berner\" \/>\n<meta name=\"twitter:card\" content=\"summary_large_image\" \/>\n<meta name=\"twitter:title\" content=\"#HR-Szene aus dem #DACH-Raum trifft sich in Hamburg\" \/>\n<meta name=\"twitter:description\" content=\"Am 14. Juni werden f\u00fcr die #NWX23 \u00fcber 2000 Besucherinnen und Besucher aus der #HR-Szene Deutschlands, \u00d6sterreichs und der Schweiz erwartet.\" \/>\n<meta name=\"twitter:image\" content=\"https:\/\/www.organisator.ch\/wp-content\/uploads\/2023\/06\/HR-Szene-aus-dem-DACH-Raum-trifft-sich-in-Hamburg_Organisator.jpg\" \/>\n<script type=\"application\/ld+json\" class=\"yoast-schema-graph\">{\"@context\":\"https:\\\/\\\/schema.org\",\"@graph\":[{\"@type\":\"Article\",\"@id\":\"https:\\\/\\\/www.organisator.ch\\\/human-resources\\\/2023-06-09\\\/hr-szene-aus-dem-dach-raum-trifft-sich-in-hamburg\\\/#article\",\"isPartOf\":{\"@id\":\"https:\\\/\\\/www.organisator.ch\\\/human-resources\\\/2023-06-09\\\/hr-szene-aus-dem-dach-raum-trifft-sich-in-hamburg\\\/\"},\"author\":{\"name\":\"thomas.berner\",\"@id\":\"https:\\\/\\\/www.organisator.ch\\\/#\\\/schema\\\/person\\\/6f650f90b2842cd4c0cc334b4e36f67e\"},\"headline\":\"HR-Szene aus dem DACH-Raum trifft sich in Hamburg\",\"datePublished\":\"2023-06-09T11:35:29+00:00\",\"mainEntityOfPage\":{\"@id\":\"https:\\\/\\\/www.organisator.ch\\\/human-resources\\\/2023-06-09\\\/hr-szene-aus-dem-dach-raum-trifft-sich-in-hamburg\\\/\"},\"wordCount\":690,\"publisher\":{\"@id\":\"https:\\\/\\\/www.organisator.ch\\\/#organization\"},\"image\":{\"@id\":\"https:\\\/\\\/www.organisator.ch\\\/human-resources\\\/2023-06-09\\\/hr-szene-aus-dem-dach-raum-trifft-sich-in-hamburg\\\/#primaryimage\"},\"thumbnailUrl\":\"https:\\\/\\\/www.organisator.ch\\\/wp-content\\\/uploads\\\/2023\\\/06\\\/HR-Szene-aus-dem-DACH-Raum-trifft-sich-in-Hamburg_Organisator.jpg\",\"keywords\":[\"Fachkongress\\\/Fachmesse\",\"HRM\",\"NWX23\"],\"articleSection\":[\"HUMAN RESOURCES\"],\"inLanguage\":\"fr-FR\"},{\"@type\":\"WebPage\",\"@id\":\"https:\\\/\\\/www.organisator.ch\\\/human-resources\\\/2023-06-09\\\/hr-szene-aus-dem-dach-raum-trifft-sich-in-hamburg\\\/\",\"url\":\"https:\\\/\\\/www.organisator.ch\\\/human-resources\\\/2023-06-09\\\/hr-szene-aus-dem-dach-raum-trifft-sich-in-hamburg\\\/\",\"name\":\"HR-Szene aus dem DACH-Raum trifft sich in Hamburg - Organisator\",\"isPartOf\":{\"@id\":\"https:\\\/\\\/www.organisator.ch\\\/#website\"},\"primaryImageOfPage\":{\"@id\":\"https:\\\/\\\/www.organisator.ch\\\/human-resources\\\/2023-06-09\\\/hr-szene-aus-dem-dach-raum-trifft-sich-in-hamburg\\\/#primaryimage\"},\"image\":{\"@id\":\"https:\\\/\\\/www.organisator.ch\\\/human-resources\\\/2023-06-09\\\/hr-szene-aus-dem-dach-raum-trifft-sich-in-hamburg\\\/#primaryimage\"},\"thumbnailUrl\":\"https:\\\/\\\/www.organisator.ch\\\/wp-content\\\/uploads\\\/2023\\\/06\\\/HR-Szene-aus-dem-DACH-Raum-trifft-sich-in-Hamburg_Organisator.jpg\",\"datePublished\":\"2023-06-09T11:35:29+00:00\",\"description\":\"Am 14. Juni werden f\u00fcr die NWX23 \u00fcber 2000 Besucherinnen und Besucher aus der HR-Szene Deutschlands, \u00d6sterreichs und der Schweiz erwartet.\",\"breadcrumb\":{\"@id\":\"https:\\\/\\\/www.organisator.ch\\\/human-resources\\\/2023-06-09\\\/hr-szene-aus-dem-dach-raum-trifft-sich-in-hamburg\\\/#breadcrumb\"},\"inLanguage\":\"fr-FR\",\"potentialAction\":[{\"@type\":\"ReadAction\",\"target\":[\"https:\\\/\\\/www.organisator.ch\\\/human-resources\\\/2023-06-09\\\/hr-szene-aus-dem-dach-raum-trifft-sich-in-hamburg\\\/\"]}]},{\"@type\":\"ImageObject\",\"inLanguage\":\"fr-FR\",\"@id\":\"https:\\\/\\\/www.organisator.ch\\\/human-resources\\\/2023-06-09\\\/hr-szene-aus-dem-dach-raum-trifft-sich-in-hamburg\\\/#primaryimage\",\"url\":\"https:\\\/\\\/www.organisator.ch\\\/wp-content\\\/uploads\\\/2023\\\/06\\\/HR-Szene-aus-dem-DACH-Raum-trifft-sich-in-Hamburg_Organisator.jpg\",\"contentUrl\":\"https:\\\/\\\/www.organisator.ch\\\/wp-content\\\/uploads\\\/2023\\\/06\\\/HR-Szene-aus-dem-DACH-Raum-trifft-sich-in-Hamburg_Organisator.jpg\",\"width\":680,\"height\":453,\"caption\":\"Am 14. Juni 2023 ist u.a. die Hamburger Elbphilharmonie wieder Treffpunkt f\u00fcr die HR-Szene aus dem gesamten DACH-Raum. (Bild: NEW WORK SE)\"},{\"@type\":\"BreadcrumbList\",\"@id\":\"https:\\\/\\\/www.organisator.ch\\\/human-resources\\\/2023-06-09\\\/hr-szene-aus-dem-dach-raum-trifft-sich-in-hamburg\\\/#breadcrumb\",\"itemListElement\":[{\"@type\":\"ListItem\",\"position\":1,\"name\":\"Home\",\"item\":\"https:\\\/\\\/www.organisator.ch\\\/\"},{\"@type\":\"ListItem\",\"position\":2,\"name\":\"HR-Szene aus dem DACH-Raum trifft sich in Hamburg\"}]},{\"@type\":\"WebSite\",\"@id\":\"https:\\\/\\\/www.organisator.ch\\\/#website\",\"url\":\"https:\\\/\\\/www.organisator.ch\\\/\",\"name\":\"Organisator\",\"description\":\"Kompetent. Praxisnah. Der ORGANISATOR bereitet in 10 Ausgaben pro Jahr die wesentlichen Themen f\u00fcr F\u00fchrungskr\u00e4fte von KMU auf.\",\"publisher\":{\"@id\":\"https:\\\/\\\/www.organisator.ch\\\/#organization\"},\"potentialAction\":[{\"@type\":\"SearchAction\",\"target\":{\"@type\":\"EntryPoint\",\"urlTemplate\":\"https:\\\/\\\/www.organisator.ch\\\/?s={search_term_string}\"},\"query-input\":{\"@type\":\"PropertyValueSpecification\",\"valueRequired\":true,\"valueName\":\"search_term_string\"}}],\"inLanguage\":\"fr-FR\"},{\"@type\":\"Organization\",\"@id\":\"https:\\\/\\\/www.organisator.ch\\\/#organization\",\"name\":\"Organisator\",\"url\":\"https:\\\/\\\/www.organisator.ch\\\/\",\"logo\":{\"@type\":\"ImageObject\",\"inLanguage\":\"fr-FR\",\"@id\":\"https:\\\/\\\/www.organisator.ch\\\/#\\\/schema\\\/logo\\\/image\\\/\",\"url\":\"https:\\\/\\\/www.organisator.ch\\\/wp-content\\\/uploads\\\/2022\\\/01\\\/Logo_Organisator_Website.png\",\"contentUrl\":\"https:\\\/\\\/www.organisator.ch\\\/wp-content\\\/uploads\\\/2022\\\/01\\\/Logo_Organisator_Website.png\",\"width\":800,\"height\":77,\"caption\":\"Organisator\"},\"image\":{\"@id\":\"https:\\\/\\\/www.organisator.ch\\\/#\\\/schema\\\/logo\\\/image\\\/\"},\"sameAs\":[\"https:\\\/\\\/www.facebook.com\\\/OrganisatorFachmagazin\",\"https:\\\/\\\/www.linkedin.com\\\/showcase\\\/organisator-das-magazin-fr-kmu\",\"https:\\\/\\\/www.xing.com\\\/news\\\/pages\\\/organisator-ch-695\",\"https:\\\/\\\/www.youtube.com\\\/channel\\\/UCGP2Sq0iWaZwT3BdIAQFYpw\"]},{\"@type\":\"Person\",\"@id\":\"https:\\\/\\\/www.organisator.ch\\\/#\\\/schema\\\/person\\\/6f650f90b2842cd4c0cc334b4e36f67e\",\"name\":\"thomas.berner\",\"image\":{\"@type\":\"ImageObject\",\"inLanguage\":\"fr-FR\",\"@id\":\"https:\\\/\\\/secure.gravatar.com\\\/avatar\\\/ac5001d2a36cb6c6cd3e50789007ffca834b477b74a2144564522e944eabff61?s=96&d=mm&r=g\",\"url\":\"https:\\\/\\\/secure.gravatar.com\\\/avatar\\\/ac5001d2a36cb6c6cd3e50789007ffca834b477b74a2144564522e944eabff61?s=96&d=mm&r=g\",\"contentUrl\":\"https:\\\/\\\/secure.gravatar.com\\\/avatar\\\/ac5001d2a36cb6c6cd3e50789007ffca834b477b74a2144564522e944eabff61?s=96&d=mm&r=g\",\"caption\":\"thomas.berner\"},\"url\":\"https:\\\/\\\/www.organisator.ch\\\/fr\\\/author\\\/thomas-berner\\\/\"}]}<\/script>\n<!-- \/ Yoast SEO plugin. -->","yoast_head_json":{"title":"La sc\u00e8ne RH de la r\u00e9gion DACH se r\u00e9unit \u00e0 Hambourg - Organisateur","description":"Le 14 juin, plus de 2000 visiteurs de la sc\u00e8ne RH d'Allemagne, d'Autriche et de Suisse sont attendus pour la NWX23.","robots":{"index":"index","follow":"follow","max-snippet":"max-snippet:-1","max-image-preview":"max-image-preview:large","max-video-preview":"max-video-preview:-1"},"canonical":"https:\/\/www.organisator.ch\/fr\/ressources-humaines\/2023-06-09\/hr-szene-aus-dem-dach-raum-trifft-sich-in-hamburg\/","og_locale":"fr_FR","og_type":"article","og_title":"HR-Szene aus dem DACH-Raum trifft sich in Hamburg","og_description":"Am 14. Juni werden f\u00fcr die NWX23 \u00fcber 2000 Besucherinnen und Besucher aus der HR-Szene Deutschlands, \u00d6sterreichs und der Schweiz erwartet.","og_url":"https:\/\/www.organisator.ch\/fr\/ressources-humaines\/2023-06-09\/hr-szene-aus-dem-dach-raum-trifft-sich-in-hamburg\/","og_site_name":"Organisator","article_publisher":"https:\/\/www.facebook.com\/OrganisatorFachmagazin","article_published_time":"2023-06-09T11:35:29+00:00","og_image":[{"width":680,"height":453,"url":"https:\/\/www.organisator.ch\/wp-content\/uploads\/2023\/06\/HR-Szene-aus-dem-DACH-Raum-trifft-sich-in-Hamburg_Organisator.jpg","type":"image\/jpeg"}],"author":"thomas.berner","twitter_card":"summary_large_image","twitter_title":"#HR-Szene aus dem #DACH-Raum trifft sich in Hamburg","twitter_description":"Am 14. Juni werden f\u00fcr die #NWX23 \u00fcber 2000 Besucherinnen und Besucher aus der #HR-Szene Deutschlands, \u00d6sterreichs und der Schweiz erwartet.","twitter_image":"https:\/\/www.organisator.ch\/wp-content\/uploads\/2023\/06\/HR-Szene-aus-dem-DACH-Raum-trifft-sich-in-Hamburg_Organisator.jpg","schema":{"@context":"https:\/\/schema.org","@graph":[{"@type":"Article","@id":"https:\/\/www.organisator.ch\/human-resources\/2023-06-09\/hr-szene-aus-dem-dach-raum-trifft-sich-in-hamburg\/#article","isPartOf":{"@id":"https:\/\/www.organisator.ch\/human-resources\/2023-06-09\/hr-szene-aus-dem-dach-raum-trifft-sich-in-hamburg\/"},"author":{"name":"thomas.berner","@id":"https:\/\/www.organisator.ch\/#\/schema\/person\/6f650f90b2842cd4c0cc334b4e36f67e"},"headline":"HR-Szene aus dem DACH-Raum trifft sich in Hamburg","datePublished":"2023-06-09T11:35:29+00:00","mainEntityOfPage":{"@id":"https:\/\/www.organisator.ch\/human-resources\/2023-06-09\/hr-szene-aus-dem-dach-raum-trifft-sich-in-hamburg\/"},"wordCount":690,"publisher":{"@id":"https:\/\/www.organisator.ch\/#organization"},"image":{"@id":"https:\/\/www.organisator.ch\/human-resources\/2023-06-09\/hr-szene-aus-dem-dach-raum-trifft-sich-in-hamburg\/#primaryimage"},"thumbnailUrl":"https:\/\/www.organisator.ch\/wp-content\/uploads\/2023\/06\/HR-Szene-aus-dem-DACH-Raum-trifft-sich-in-Hamburg_Organisator.jpg","keywords":["Fachkongress\/Fachmesse","HRM","NWX23"],"articleSection":["HUMAN RESOURCES"],"inLanguage":"fr-FR"},{"@type":"WebPage","@id":"https:\/\/www.organisator.ch\/human-resources\/2023-06-09\/hr-szene-aus-dem-dach-raum-trifft-sich-in-hamburg\/","url":"https:\/\/www.organisator.ch\/human-resources\/2023-06-09\/hr-szene-aus-dem-dach-raum-trifft-sich-in-hamburg\/","name":"La sc\u00e8ne RH de la r\u00e9gion DACH se r\u00e9unit \u00e0 Hambourg - Organisateur","isPartOf":{"@id":"https:\/\/www.organisator.ch\/#website"},"primaryImageOfPage":{"@id":"https:\/\/www.organisator.ch\/human-resources\/2023-06-09\/hr-szene-aus-dem-dach-raum-trifft-sich-in-hamburg\/#primaryimage"},"image":{"@id":"https:\/\/www.organisator.ch\/human-resources\/2023-06-09\/hr-szene-aus-dem-dach-raum-trifft-sich-in-hamburg\/#primaryimage"},"thumbnailUrl":"https:\/\/www.organisator.ch\/wp-content\/uploads\/2023\/06\/HR-Szene-aus-dem-DACH-Raum-trifft-sich-in-Hamburg_Organisator.jpg","datePublished":"2023-06-09T11:35:29+00:00","description":"Le 14 juin, plus de 2000 visiteurs de la sc\u00e8ne RH d'Allemagne, d'Autriche et de Suisse sont attendus pour la NWX23.","breadcrumb":{"@id":"https:\/\/www.organisator.ch\/human-resources\/2023-06-09\/hr-szene-aus-dem-dach-raum-trifft-sich-in-hamburg\/#breadcrumb"},"inLanguage":"fr-FR","potentialAction":[{"@type":"ReadAction","target":["https:\/\/www.organisator.ch\/human-resources\/2023-06-09\/hr-szene-aus-dem-dach-raum-trifft-sich-in-hamburg\/"]}]},{"@type":"ImageObject","inLanguage":"fr-FR","@id":"https:\/\/www.organisator.ch\/human-resources\/2023-06-09\/hr-szene-aus-dem-dach-raum-trifft-sich-in-hamburg\/#primaryimage","url":"https:\/\/www.organisator.ch\/wp-content\/uploads\/2023\/06\/HR-Szene-aus-dem-DACH-Raum-trifft-sich-in-Hamburg_Organisator.jpg","contentUrl":"https:\/\/www.organisator.ch\/wp-content\/uploads\/2023\/06\/HR-Szene-aus-dem-DACH-Raum-trifft-sich-in-Hamburg_Organisator.jpg","width":680,"height":453,"caption":"Am 14. Juni 2023 ist u.a. die Hamburger Elbphilharmonie wieder Treffpunkt f\u00fcr die HR-Szene aus dem gesamten DACH-Raum. (Bild: NEW WORK SE)"},{"@type":"BreadcrumbList","@id":"https:\/\/www.organisator.ch\/human-resources\/2023-06-09\/hr-szene-aus-dem-dach-raum-trifft-sich-in-hamburg\/#breadcrumb","itemListElement":[{"@type":"ListItem","position":1,"name":"Home","item":"https:\/\/www.organisator.ch\/"},{"@type":"ListItem","position":2,"name":"HR-Szene aus dem DACH-Raum trifft sich in Hamburg"}]},{"@type":"WebSite","@id":"https:\/\/www.organisator.ch\/#website","url":"https:\/\/www.organisator.ch\/","name":"Organisateur","description":"Comp\u00e9tence et comp\u00e9tence. Proches de la pratique. L'ORGANISATEUR pr\u00e9pare 10 num\u00e9ros par an sur les th\u00e8mes essentiels pour les dirigeants de PME.","publisher":{"@id":"https:\/\/www.organisator.ch\/#organization"},"potentialAction":[{"@type":"SearchAction","target":{"@type":"EntryPoint","urlTemplate":"https:\/\/www.organisator.ch\/?s={search_term_string}"},"query-input":{"@type":"PropertyValueSpecification","valueRequired":true,"valueName":"search_term_string"}}],"inLanguage":"fr-FR"},{"@type":"Organization","@id":"https:\/\/www.organisator.ch\/#organization","name":"Organisateur","url":"https:\/\/www.organisator.ch\/","logo":{"@type":"ImageObject","inLanguage":"fr-FR","@id":"https:\/\/www.organisator.ch\/#\/schema\/logo\/image\/","url":"https:\/\/www.organisator.ch\/wp-content\/uploads\/2022\/01\/Logo_Organisator_Website.png","contentUrl":"https:\/\/www.organisator.ch\/wp-content\/uploads\/2022\/01\/Logo_Organisator_Website.png","width":800,"height":77,"caption":"Organisator"},"image":{"@id":"https:\/\/www.organisator.ch\/#\/schema\/logo\/image\/"},"sameAs":["https:\/\/www.facebook.com\/OrganisatorFachmagazin","https:\/\/www.linkedin.com\/showcase\/organisator-das-magazin-fr-kmu","https:\/\/www.xing.com\/news\/pages\/organisator-ch-695","https:\/\/www.youtube.com\/channel\/UCGP2Sq0iWaZwT3BdIAQFYpw"]},{"@type":"Person","@id":"https:\/\/www.organisator.ch\/#\/schema\/person\/6f650f90b2842cd4c0cc334b4e36f67e","name":"thomas.berner","image":{"@type":"ImageObject","inLanguage":"fr-FR","@id":"https:\/\/secure.gravatar.com\/avatar\/ac5001d2a36cb6c6cd3e50789007ffca834b477b74a2144564522e944eabff61?s=96&d=mm&r=g","url":"https:\/\/secure.gravatar.com\/avatar\/ac5001d2a36cb6c6cd3e50789007ffca834b477b74a2144564522e944eabff61?s=96&d=mm&r=g","contentUrl":"https:\/\/secure.gravatar.com\/avatar\/ac5001d2a36cb6c6cd3e50789007ffca834b477b74a2144564522e944eabff61?s=96&d=mm&r=g","caption":"thomas.berner"},"url":"https:\/\/www.organisator.ch\/fr\/author\/thomas-berner\/"}]}},"_links":{"self":[{"href":"https:\/\/www.organisator.ch\/fr\/wp-json\/wp\/v2\/posts\/20653","targetHints":{"allow":["GET"]}}],"collection":[{"href":"https:\/\/www.organisator.ch\/fr\/wp-json\/wp\/v2\/posts"}],"about":[{"href":"https:\/\/www.organisator.ch\/fr\/wp-json\/wp\/v2\/types\/post"}],"author":[{"embeddable":true,"href":"https:\/\/www.organisator.ch\/fr\/wp-json\/wp\/v2\/users\/4"}],"replies":[{"embeddable":true,"href":"https:\/\/www.organisator.ch\/fr\/wp-json\/wp\/v2\/comments?post=20653"}],"version-history":[{"count":1,"href":"https:\/\/www.organisator.ch\/fr\/wp-json\/wp\/v2\/posts\/20653\/revisions"}],"predecessor-version":[{"id":20655,"href":"https:\/\/www.organisator.ch\/fr\/wp-json\/wp\/v2\/posts\/20653\/revisions\/20655"}],"wp:featuredmedia":[{"embeddable":true,"href":"https:\/\/www.organisator.ch\/fr\/wp-json\/wp\/v2\/media\/20654"}],"wp:attachment":[{"href":"https:\/\/www.organisator.ch\/fr\/wp-json\/wp\/v2\/media?parent=20653"}],"wp:term":[{"taxonomy":"category","embeddable":true,"href":"https:\/\/www.organisator.ch\/fr\/wp-json\/wp\/v2\/categories?post=20653"},{"taxonomy":"post_tag","embeddable":true,"href":"https:\/\/www.organisator.ch\/fr\/wp-json\/wp\/v2\/tags?post=20653"}],"curies":[{"name":"wp","href":"https:\/\/api.w.org\/{rel}","templated":true}]}}