{"id":20657,"date":"2023-06-12T08:13:32","date_gmt":"2023-06-12T06:13:32","guid":{"rendered":"https:\/\/www.organisator.ch\/?p=20657"},"modified":"2023-06-12T08:44:30","modified_gmt":"2023-06-12T06:44:30","slug":"25-swiss-economic-forum-2023-abgeschlossen","status":"publish","type":"post","link":"https:\/\/www.organisator.ch\/fr\/management\/2023-06-12\/25-swiss-economic-forum-2023-abgeschlossen\/","title":{"rendered":"25e Swiss Economic Forum 2023 termin\u00e9"},"content":{"rendered":"<figure id=\"attachment_20658\" aria-describedby=\"caption-attachment-20658\" style=\"width: 680px\" class=\"wp-caption alignnone\"><img loading=\"lazy\" decoding=\"async\" class=\"wp-image-20658 size-full\" src=\"https:\/\/www.organisator.ch\/wp-content\/uploads\/2023\/06\/25.-Swiss-Economic-Forum-2023-abgeschlossen_Organisator.jpg\" alt=\"\" width=\"680\" height=\"453\" srcset=\"https:\/\/www.organisator.ch\/wp-content\/uploads\/2023\/06\/25.-Swiss-Economic-Forum-2023-abgeschlossen_Organisator.jpg 680w, https:\/\/www.organisator.ch\/wp-content\/uploads\/2023\/06\/25.-Swiss-Economic-Forum-2023-abgeschlossen_Organisator-18x12.jpg 18w, https:\/\/www.organisator.ch\/wp-content\/uploads\/2023\/06\/25.-Swiss-Economic-Forum-2023-abgeschlossen_Organisator-375x250.jpg 375w, https:\/\/www.organisator.ch\/wp-content\/uploads\/2023\/06\/25.-Swiss-Economic-Forum-2023-abgeschlossen_Organisator-525x350.jpg 525w\" sizes=\"auto, (max-width: 680px) 100vw, 680px\" \/><figcaption id=\"caption-attachment-20658\" class=\"wp-caption-text\">Les SEF.Awards ont \u00e0 nouveau \u00e9t\u00e9 d\u00e9cern\u00e9s lors du Swiss Economic Forum 2023. L'entreprise Boostbar a remport\u00e9 le premier prix dans la cat\u00e9gorie \"Production\/commerce\". (Image : SEF 2023)<\/figcaption><\/figure>\n<p>Les 8 et 9 juin, le 25e Swiss Economic Forum (SEF) a pu se d\u00e9rouler avec succ\u00e8s \u00e0 Interlaken, avec quelque 70 intervenants de Suisse et de l'\u00e9tranger et 1350 participants. Corine Blesi, directrice du SEF, s'est d\u00e9clar\u00e9e tr\u00e8s satisfaite de l'\u00e9dition anniversaire du SEF : \"Les entreprises ont les capacit\u00e9s de s'adapter en permanence aux nouvelles circonstances et les valeurs que sont la responsabilit\u00e9 personnelle, l'esprit d'entreprise, le principe de direction et la modestie sont des facteurs gr\u00e2ce auxquels l'\u00e9conomie suisse fait aujourd'hui partie de l'\u00e9lite mondiale. Le SEF s'est toujours fix\u00e9 pour objectif de renforcer la conscience de ces valeurs\".<\/p>\n<h3>Politique et intelligence artificielle au Swiss Economic Forum 2023<\/h3>\n<p>Le SEF anniversaire a \u00e9t\u00e9 ouvert par le pr\u00e9sident de la Conf\u00e9d\u00e9ration Alain Berset. Dans son allocution d'ouverture, il a plaid\u00e9 pour que la confiance<br \/>\nentre l'\u00e9conomie, la politique et la soci\u00e9t\u00e9 en Suisse doit absolument \u00eatre consolid\u00e9e. La coop\u00e9ration est la plus grande force de notre pays. Elle produit des institutions stables qui favorisent nos valeurs centrales telles que l'\u00e9quit\u00e9, l'\u00e9change et la libert\u00e9 et qui font de la Suisse un pays hautement performant.<\/p>\n<p>Outre la politique, le th\u00e8me de l'intelligence artificielle \u00e9tait \u00e9galement au centre de la conf\u00e9rence. Garry Kasparov, qui a \u00e9t\u00e9 le premier champion du monde d'\u00e9checs en titre \u00e0 s'incliner devant le superordinateur Deep Blue d'IBM en 1997, a ainsi d\u00e9clar\u00e9 que l'IA peut et va nous aider dans de tr\u00e8s nombreux domaines. Mais en fin de compte, chaque probl\u00e8me est toujours r\u00e9solu par l'homme. Les machines peuvent simplement le faire plus rapidement et avec moins d'erreurs si on leur montre comment faire. L'informaticien de B\u00e2le-Campagne Urs H\u00f6lzle, qui n'\u00e9tait \u00e0 l'\u00e9poque que le huiti\u00e8me collaborateur de Google et qui est devenu entre-temps Senior Vice President pour l'infrastructure technique de cette entreprise, a mis en garde contre un exc\u00e8s d'euphorie. L'\u00e9tat actuel de l'intelligence artificielle, notamment en ce qui concerne les logiciels linguistiques pr\u00e9tendument r\u00e9volutionnaires comme ChatGPT, est surestim\u00e9, a-t-il d\u00e9clar\u00e9 au SEF. Il l'a compar\u00e9e \u00e0 une calculatrice de poche qui peut certes r\u00e9soudre des t\u00e2ches difficiles en quelques secondes, mais qui n'a pas r\u00e9volutionn\u00e9 les math\u00e9matiques.<\/p>\n<h3>Sur la conjoncture et la place financi\u00e8re suisse<\/h3>\n<p>L'\u00e9conomie suisse se porte toujours relativement bien, ont r\u00e9sum\u00e9 Thomas Jordan, pr\u00e9sident de la Banque nationale suisse, et Pierre-Olivier Gourinchas, du Fonds mon\u00e9taire international (FMI). <a href=\"https:\/\/www.organisator.ch\/de\/management\/2023-06-09\/sef-23-die-kmu-elite-in-interlaken\/\">le premier jour de la manifestation<\/a> r\u00e9sume la situation. L'inflation en Suisse doit en tout cas \u00eatre maintenue en dessous de deux pour cent et la stabilit\u00e9 des prix doit \u00eatre assur\u00e9e. Il s'agit de prot\u00e9ger le march\u00e9 suisse de l'inflation internationale.<\/p>\n<p>Sergio P. Ermotti, CEO de la grande banque UBS, a \u00e9galement fait une apparition. Il a parl\u00e9 de l'avenir de la banque et de la place financi\u00e8re suisse. 61 % des participants au SEF estiment que la reprise du Credit Suisse par l'UBS est la bonne solution dans les circonstances actuelles. Sergio P. Ermotti s'en est visiblement r\u00e9joui et a ajout\u00e9 que cette reprise \u00e9tait un moment tr\u00e8s important pour l'UBS, mais aussi pour la place financi\u00e8re suisse et pour la Suisse elle-m\u00eame. Le management ressent cette responsabilit\u00e9 et les prochains mois seront mouvement\u00e9s, mais ils sont tr\u00e8s concentr\u00e9s. Il ne faut pas se laisser guider par la nostalgie et les sentiments lors de la r\u00e9organisation, mais s'appuyer sur les faits.<\/p>\n<h3>Le d\u00e9fi des entreprises familiales<\/h3>\n<p>En Suisse, les entreprises familiales sont elles aussi confront\u00e9es \u00e0 la p\u00e9nurie de main-d'\u0153uvre qualifi\u00e9e. C'est ce qu'ont soulign\u00e9 Rudi Bindella senior et Rudi Bindella junior lors de leur intervention commune. La fiert\u00e9 professionnelle est centrale et ils sont s\u00fbrs d'exercer le plus beau m\u00e9tier du monde. Rudi sr. voit d'un \u0153il critique la tendance fondamentale au travail \u00e0 temps partiel. Lorsqu'on leur demande comment la succession est bien r\u00e9gl\u00e9e dans l'entreprise familiale, ils sont tous deux d'accord : la comp\u00e9tence professionnelle est importante lors du choix d'un successeur, mais l'aspect humain et la passion sont encore plus importants.<\/p>\n<p>Les startups ont encore peu \u00e0 se soucier de la succession. Pour elles, il s'agit plut\u00f4t de savoir comment devenir unicorn. Young Sohn, Managing Partner chez Walden Catalyst et ancien pr\u00e9sident et CSO de Samsung Electronics, estime qu'un lien \u00e9troit entre la sc\u00e8ne des start-ups et les meilleures universit\u00e9s est d\u00e9cisif pour la cr\u00e9ation de bonnes entreprises. L'investisseur de la Silicon Valley a en outre d\u00e9clar\u00e9 qu'il fallait faire attention aux pays dans lesquels on investit encore, en Chine par exemple, il faut se montrer tr\u00e8s prudent. Les puces sont en effet devenues une sorte de nouvelle monnaie pour le pouvoir intellectuel - et ce march\u00e9 est pour l'instant absolument domin\u00e9 par l'Asie du Sud-Est.<\/p>\n<h3>Prix de l'\u00e9conomie suisse 2023<\/h3>\n<p>Le Swiss Economic Award, qui a \u00e9t\u00e9 d\u00e9cern\u00e9 dans le cadre de la conf\u00e9rence, a \u00e9t\u00e9 gagn\u00e9 par<\/p>\n<ul>\n<li>Dans la cat\u00e9gorie \"service\" : Neho, qui est actuellement en train de secouer le secteur des agences immobili\u00e8res en proposant un service r\u00e9volutionnaire pour l'achat et la vente de biens immobiliers.<\/li>\n<li>Cat\u00e9gorie \"Production\/commerce\" : Boostbar AG, exploitant de distributeurs automatiques de snacks enti\u00e8rement num\u00e9ris\u00e9s. La solution de Boostbar transforme chaque distributeur en une petite boutique de commerce \u00e9lectronique, gr\u00e2ce \u00e0 une interface utilisateur unique permettant de num\u00e9riser chaque point de vente.<\/li>\n<li>Cat\u00e9gorie \"Deeptech\/Life Science\" : Daphne Technology SA, qui se concentre sur la r\u00e9solution du probl\u00e8me des gaz \u00e0 effet de serre dans les secteurs difficiles \u00e0 d\u00e9carboniser.<\/li>\n<\/ul>\n<p>Les gagnants recevront chacun un prix de 25 000 francs suisses, un feed-back approfondi d'experts et un acc\u00e8s simplifi\u00e9 \u00e0 l'initiative de croissance. <a href=\"https:\/\/sef-growth.ch\/\">SEF.Growth<\/a>. Il est certain que l'on retrouvera \u00e0 l'avenir certains des laur\u00e9ats des Awards lors d'un Swiss Economic Forum. La prochaine occasion se pr\u00e9sentera en 2024, \u00e0 savoir les 6 et 7 juin 2024, \u00e0 nouveau \u00e0 Interlaken.<\/p>\n<p><em>Source et informations compl\u00e9mentaires : <a href=\"https:\/\/www.swisseconomic.ch\/\">www.swisseconomic.ch<\/a><\/em><\/p>","protected":false},"excerpt":{"rendered":"<p>Le 25e Swiss Economic Forum s'est termin\u00e9 le 9 juin 2023 par la remise du SEF.Award. Les trois gagnants sont Neho, Boostbar AG et Daphne Technology SA. Pendant les deux jours de conf\u00e9rence, 1350 cadres ont discut\u00e9 \u00e0 Interlaken sous la devise \"Make it happen.\" sur la mani\u00e8re d'aborder les d\u00e9fis politiques et \u00e9conomiques.<\/p>","protected":false},"author":4,"featured_media":20658,"comment_status":"closed","ping_status":"closed","sticky":false,"template":"","format":"standard","meta":{"_acf_changed":false,"_yoast_wpseo_focuskw":"Swiss Economic Forum 2023","_yoast_wpseo_metadesc":"Das Swiss Economic Forum 2023 endete am 9. Juni 2023 in Interlaken mit der Verleihung des SEF.Award. Drei Startups wurden pr\u00e4miert.","articlekey":"","footnotes":""},"categories":[28],"tags":[66,193,335,451,2255],"class_list":["post-20657","post","type-post","status-publish","format-standard","has-post-thumbnail","hentry","category-management","tag-awards","tag-fachkongressfachmesse","tag-management-und-unternehmensfuehrung","tag-startups","tag-swiss-economic-forum"],"acf":[],"yoast_head":"<!-- This site is optimized with the Yoast SEO plugin v27.5 - https:\/\/yoast.com\/product\/yoast-seo-wordpress\/ -->\n<title>25. Swiss Economic Forum 2023 abgeschlossen - Organisator<\/title>\n<meta name=\"description\" content=\"Das Swiss Economic Forum 2023 endete am 9. Juni 2023 in Interlaken mit der Verleihung des SEF.Award. Drei Startups wurden pr\u00e4miert.\" \/>\n<meta name=\"robots\" content=\"index, follow, max-snippet:-1, max-image-preview:large, max-video-preview:-1\" \/>\n<link rel=\"canonical\" href=\"https:\/\/www.organisator.ch\/fr\/gestion-2\/2023-06-12\/25-swiss-economic-forum-2023-abgeschlossen\/\" \/>\n<meta property=\"og:locale\" content=\"fr_FR\" \/>\n<meta property=\"og:type\" content=\"article\" \/>\n<meta property=\"og:title\" content=\"25. Swiss Economic Forum 2023 abgeschlossen\" \/>\n<meta property=\"og:description\" content=\"Das Swiss Economic Forum 2023 endete am 9. Juni 2023 in Interlaken mit der Verleihung des SEF.Award. Drei Startups wurden pr\u00e4miert.\" \/>\n<meta property=\"og:url\" content=\"https:\/\/www.organisator.ch\/fr\/gestion-2\/2023-06-12\/25-swiss-economic-forum-2023-abgeschlossen\/\" \/>\n<meta property=\"og:site_name\" content=\"Organisator\" \/>\n<meta property=\"article:publisher\" content=\"https:\/\/www.facebook.com\/OrganisatorFachmagazin\" \/>\n<meta property=\"article:published_time\" content=\"2023-06-12T06:13:32+00:00\" \/>\n<meta property=\"article:modified_time\" content=\"2023-06-12T06:44:30+00:00\" \/>\n<meta property=\"og:image\" content=\"https:\/\/www.organisator.ch\/wp-content\/uploads\/2023\/06\/25.-Swiss-Economic-Forum-2023-abgeschlossen_Organisator.jpg\" \/>\n\t<meta property=\"og:image:width\" content=\"680\" \/>\n\t<meta property=\"og:image:height\" content=\"453\" \/>\n\t<meta property=\"og:image:type\" content=\"image\/jpeg\" \/>\n<meta name=\"author\" content=\"thomas.berner\" \/>\n<meta name=\"twitter:card\" content=\"summary_large_image\" \/>\n<meta name=\"twitter:title\" content=\"25. Swiss Economic Forum 2023 #SEF.23 abgeschlossen\" \/>\n<meta name=\"twitter:description\" content=\"Das Swiss Economic Forum 2023 #SEF.23 endete am 9. Juni 2023 in Interlaken mit der Verleihung des #SEF.Award. Drei Startups wurden pr\u00e4miert.\" \/>\n<meta name=\"twitter:image\" content=\"https:\/\/www.organisator.ch\/wp-content\/uploads\/2023\/06\/25.-Swiss-Economic-Forum-2023-abgeschlossen_Organisator.jpg\" \/>\n<script type=\"application\/ld+json\" class=\"yoast-schema-graph\">{\"@context\":\"https:\\\/\\\/schema.org\",\"@graph\":[{\"@type\":\"Article\",\"@id\":\"https:\\\/\\\/www.organisator.ch\\\/management\\\/2023-06-12\\\/25-swiss-economic-forum-2023-abgeschlossen\\\/#article\",\"isPartOf\":{\"@id\":\"https:\\\/\\\/www.organisator.ch\\\/management\\\/2023-06-12\\\/25-swiss-economic-forum-2023-abgeschlossen\\\/\"},\"author\":{\"name\":\"thomas.berner\",\"@id\":\"https:\\\/\\\/www.organisator.ch\\\/#\\\/schema\\\/person\\\/6f650f90b2842cd4c0cc334b4e36f67e\"},\"headline\":\"25. Swiss Economic Forum 2023 abgeschlossen\",\"datePublished\":\"2023-06-12T06:13:32+00:00\",\"dateModified\":\"2023-06-12T06:44:30+00:00\",\"mainEntityOfPage\":{\"@id\":\"https:\\\/\\\/www.organisator.ch\\\/management\\\/2023-06-12\\\/25-swiss-economic-forum-2023-abgeschlossen\\\/\"},\"wordCount\":899,\"publisher\":{\"@id\":\"https:\\\/\\\/www.organisator.ch\\\/#organization\"},\"image\":{\"@id\":\"https:\\\/\\\/www.organisator.ch\\\/management\\\/2023-06-12\\\/25-swiss-economic-forum-2023-abgeschlossen\\\/#primaryimage\"},\"thumbnailUrl\":\"https:\\\/\\\/www.organisator.ch\\\/wp-content\\\/uploads\\\/2023\\\/06\\\/25.-Swiss-Economic-Forum-2023-abgeschlossen_Organisator.jpg\",\"keywords\":[\"Awards\",\"Fachkongress\\\/Fachmesse\",\"Management und Unternehmensf\u00fchrung\",\"Startups\",\"Swiss Economic Forum\"],\"articleSection\":[\"MANAGEMENT\"],\"inLanguage\":\"fr-FR\"},{\"@type\":\"WebPage\",\"@id\":\"https:\\\/\\\/www.organisator.ch\\\/management\\\/2023-06-12\\\/25-swiss-economic-forum-2023-abgeschlossen\\\/\",\"url\":\"https:\\\/\\\/www.organisator.ch\\\/management\\\/2023-06-12\\\/25-swiss-economic-forum-2023-abgeschlossen\\\/\",\"name\":\"25. Swiss Economic Forum 2023 abgeschlossen - Organisator\",\"isPartOf\":{\"@id\":\"https:\\\/\\\/www.organisator.ch\\\/#website\"},\"primaryImageOfPage\":{\"@id\":\"https:\\\/\\\/www.organisator.ch\\\/management\\\/2023-06-12\\\/25-swiss-economic-forum-2023-abgeschlossen\\\/#primaryimage\"},\"image\":{\"@id\":\"https:\\\/\\\/www.organisator.ch\\\/management\\\/2023-06-12\\\/25-swiss-economic-forum-2023-abgeschlossen\\\/#primaryimage\"},\"thumbnailUrl\":\"https:\\\/\\\/www.organisator.ch\\\/wp-content\\\/uploads\\\/2023\\\/06\\\/25.-Swiss-Economic-Forum-2023-abgeschlossen_Organisator.jpg\",\"datePublished\":\"2023-06-12T06:13:32+00:00\",\"dateModified\":\"2023-06-12T06:44:30+00:00\",\"description\":\"Das Swiss Economic Forum 2023 endete am 9. Juni 2023 in Interlaken mit der Verleihung des SEF.Award. Drei Startups wurden pr\u00e4miert.\",\"breadcrumb\":{\"@id\":\"https:\\\/\\\/www.organisator.ch\\\/management\\\/2023-06-12\\\/25-swiss-economic-forum-2023-abgeschlossen\\\/#breadcrumb\"},\"inLanguage\":\"fr-FR\",\"potentialAction\":[{\"@type\":\"ReadAction\",\"target\":[\"https:\\\/\\\/www.organisator.ch\\\/management\\\/2023-06-12\\\/25-swiss-economic-forum-2023-abgeschlossen\\\/\"]}]},{\"@type\":\"ImageObject\",\"inLanguage\":\"fr-FR\",\"@id\":\"https:\\\/\\\/www.organisator.ch\\\/management\\\/2023-06-12\\\/25-swiss-economic-forum-2023-abgeschlossen\\\/#primaryimage\",\"url\":\"https:\\\/\\\/www.organisator.ch\\\/wp-content\\\/uploads\\\/2023\\\/06\\\/25.-Swiss-Economic-Forum-2023-abgeschlossen_Organisator.jpg\",\"contentUrl\":\"https:\\\/\\\/www.organisator.ch\\\/wp-content\\\/uploads\\\/2023\\\/06\\\/25.-Swiss-Economic-Forum-2023-abgeschlossen_Organisator.jpg\",\"width\":680,\"height\":453,\"caption\":\"Am Swiss Economic Forum 2023 wurde wiederum die SEF.Awards vergeben. Das Unternehmen Boostbar gewann in der Kategorie \\\"Dienstleistung\\\/Gewerbe\\\" den ersten Preis. (Bild: SEF 2023)\"},{\"@type\":\"BreadcrumbList\",\"@id\":\"https:\\\/\\\/www.organisator.ch\\\/management\\\/2023-06-12\\\/25-swiss-economic-forum-2023-abgeschlossen\\\/#breadcrumb\",\"itemListElement\":[{\"@type\":\"ListItem\",\"position\":1,\"name\":\"Home\",\"item\":\"https:\\\/\\\/www.organisator.ch\\\/\"},{\"@type\":\"ListItem\",\"position\":2,\"name\":\"25. Swiss Economic Forum 2023 abgeschlossen\"}]},{\"@type\":\"WebSite\",\"@id\":\"https:\\\/\\\/www.organisator.ch\\\/#website\",\"url\":\"https:\\\/\\\/www.organisator.ch\\\/\",\"name\":\"Organisator\",\"description\":\"Kompetent. Praxisnah. Der ORGANISATOR bereitet in 10 Ausgaben pro Jahr die wesentlichen Themen f\u00fcr F\u00fchrungskr\u00e4fte von KMU auf.\",\"publisher\":{\"@id\":\"https:\\\/\\\/www.organisator.ch\\\/#organization\"},\"potentialAction\":[{\"@type\":\"SearchAction\",\"target\":{\"@type\":\"EntryPoint\",\"urlTemplate\":\"https:\\\/\\\/www.organisator.ch\\\/?s={search_term_string}\"},\"query-input\":{\"@type\":\"PropertyValueSpecification\",\"valueRequired\":true,\"valueName\":\"search_term_string\"}}],\"inLanguage\":\"fr-FR\"},{\"@type\":\"Organization\",\"@id\":\"https:\\\/\\\/www.organisator.ch\\\/#organization\",\"name\":\"Organisator\",\"url\":\"https:\\\/\\\/www.organisator.ch\\\/\",\"logo\":{\"@type\":\"ImageObject\",\"inLanguage\":\"fr-FR\",\"@id\":\"https:\\\/\\\/www.organisator.ch\\\/#\\\/schema\\\/logo\\\/image\\\/\",\"url\":\"https:\\\/\\\/www.organisator.ch\\\/wp-content\\\/uploads\\\/2022\\\/01\\\/Logo_Organisator_Website.png\",\"contentUrl\":\"https:\\\/\\\/www.organisator.ch\\\/wp-content\\\/uploads\\\/2022\\\/01\\\/Logo_Organisator_Website.png\",\"width\":800,\"height\":77,\"caption\":\"Organisator\"},\"image\":{\"@id\":\"https:\\\/\\\/www.organisator.ch\\\/#\\\/schema\\\/logo\\\/image\\\/\"},\"sameAs\":[\"https:\\\/\\\/www.facebook.com\\\/OrganisatorFachmagazin\",\"https:\\\/\\\/www.linkedin.com\\\/showcase\\\/organisator-das-magazin-fr-kmu\",\"https:\\\/\\\/www.xing.com\\\/news\\\/pages\\\/organisator-ch-695\",\"https:\\\/\\\/www.youtube.com\\\/channel\\\/UCGP2Sq0iWaZwT3BdIAQFYpw\"]},{\"@type\":\"Person\",\"@id\":\"https:\\\/\\\/www.organisator.ch\\\/#\\\/schema\\\/person\\\/6f650f90b2842cd4c0cc334b4e36f67e\",\"name\":\"thomas.berner\",\"image\":{\"@type\":\"ImageObject\",\"inLanguage\":\"fr-FR\",\"@id\":\"https:\\\/\\\/secure.gravatar.com\\\/avatar\\\/ac5001d2a36cb6c6cd3e50789007ffca834b477b74a2144564522e944eabff61?s=96&d=mm&r=g\",\"url\":\"https:\\\/\\\/secure.gravatar.com\\\/avatar\\\/ac5001d2a36cb6c6cd3e50789007ffca834b477b74a2144564522e944eabff61?s=96&d=mm&r=g\",\"contentUrl\":\"https:\\\/\\\/secure.gravatar.com\\\/avatar\\\/ac5001d2a36cb6c6cd3e50789007ffca834b477b74a2144564522e944eabff61?s=96&d=mm&r=g\",\"caption\":\"thomas.berner\"},\"url\":\"https:\\\/\\\/www.organisator.ch\\\/fr\\\/author\\\/thomas-berner\\\/\"}]}<\/script>\n<!-- \/ Yoast SEO plugin. -->","yoast_head_json":{"title":"25e Swiss Economic Forum 2023 termin\u00e9 - Organisateur","description":"Le Swiss Economic Forum 2023 s'est termin\u00e9 le 9 juin 2023 \u00e0 Interlaken par la remise du SEF.Award. Trois startups ont \u00e9t\u00e9 r\u00e9compens\u00e9es.","robots":{"index":"index","follow":"follow","max-snippet":"max-snippet:-1","max-image-preview":"max-image-preview:large","max-video-preview":"max-video-preview:-1"},"canonical":"https:\/\/www.organisator.ch\/fr\/gestion-2\/2023-06-12\/25-swiss-economic-forum-2023-abgeschlossen\/","og_locale":"fr_FR","og_type":"article","og_title":"25. Swiss Economic Forum 2023 abgeschlossen","og_description":"Das Swiss Economic Forum 2023 endete am 9. Juni 2023 in Interlaken mit der Verleihung des SEF.Award. Drei Startups wurden pr\u00e4miert.","og_url":"https:\/\/www.organisator.ch\/fr\/gestion-2\/2023-06-12\/25-swiss-economic-forum-2023-abgeschlossen\/","og_site_name":"Organisator","article_publisher":"https:\/\/www.facebook.com\/OrganisatorFachmagazin","article_published_time":"2023-06-12T06:13:32+00:00","article_modified_time":"2023-06-12T06:44:30+00:00","og_image":[{"width":680,"height":453,"url":"https:\/\/www.organisator.ch\/wp-content\/uploads\/2023\/06\/25.-Swiss-Economic-Forum-2023-abgeschlossen_Organisator.jpg","type":"image\/jpeg"}],"author":"thomas.berner","twitter_card":"summary_large_image","twitter_title":"25. Swiss Economic Forum 2023 #SEF.23 abgeschlossen","twitter_description":"Das Swiss Economic Forum 2023 #SEF.23 endete am 9. Juni 2023 in Interlaken mit der Verleihung des #SEF.Award. Drei Startups wurden pr\u00e4miert.","twitter_image":"https:\/\/www.organisator.ch\/wp-content\/uploads\/2023\/06\/25.-Swiss-Economic-Forum-2023-abgeschlossen_Organisator.jpg","schema":{"@context":"https:\/\/schema.org","@graph":[{"@type":"Article","@id":"https:\/\/www.organisator.ch\/management\/2023-06-12\/25-swiss-economic-forum-2023-abgeschlossen\/#article","isPartOf":{"@id":"https:\/\/www.organisator.ch\/management\/2023-06-12\/25-swiss-economic-forum-2023-abgeschlossen\/"},"author":{"name":"thomas.berner","@id":"https:\/\/www.organisator.ch\/#\/schema\/person\/6f650f90b2842cd4c0cc334b4e36f67e"},"headline":"25. Swiss Economic Forum 2023 abgeschlossen","datePublished":"2023-06-12T06:13:32+00:00","dateModified":"2023-06-12T06:44:30+00:00","mainEntityOfPage":{"@id":"https:\/\/www.organisator.ch\/management\/2023-06-12\/25-swiss-economic-forum-2023-abgeschlossen\/"},"wordCount":899,"publisher":{"@id":"https:\/\/www.organisator.ch\/#organization"},"image":{"@id":"https:\/\/www.organisator.ch\/management\/2023-06-12\/25-swiss-economic-forum-2023-abgeschlossen\/#primaryimage"},"thumbnailUrl":"https:\/\/www.organisator.ch\/wp-content\/uploads\/2023\/06\/25.-Swiss-Economic-Forum-2023-abgeschlossen_Organisator.jpg","keywords":["Awards","Fachkongress\/Fachmesse","Management und Unternehmensf\u00fchrung","Startups","Swiss Economic Forum"],"articleSection":["MANAGEMENT"],"inLanguage":"fr-FR"},{"@type":"WebPage","@id":"https:\/\/www.organisator.ch\/management\/2023-06-12\/25-swiss-economic-forum-2023-abgeschlossen\/","url":"https:\/\/www.organisator.ch\/management\/2023-06-12\/25-swiss-economic-forum-2023-abgeschlossen\/","name":"25e Swiss Economic Forum 2023 termin\u00e9 - Organisateur","isPartOf":{"@id":"https:\/\/www.organisator.ch\/#website"},"primaryImageOfPage":{"@id":"https:\/\/www.organisator.ch\/management\/2023-06-12\/25-swiss-economic-forum-2023-abgeschlossen\/#primaryimage"},"image":{"@id":"https:\/\/www.organisator.ch\/management\/2023-06-12\/25-swiss-economic-forum-2023-abgeschlossen\/#primaryimage"},"thumbnailUrl":"https:\/\/www.organisator.ch\/wp-content\/uploads\/2023\/06\/25.-Swiss-Economic-Forum-2023-abgeschlossen_Organisator.jpg","datePublished":"2023-06-12T06:13:32+00:00","dateModified":"2023-06-12T06:44:30+00:00","description":"Le Swiss Economic Forum 2023 s'est termin\u00e9 le 9 juin 2023 \u00e0 Interlaken par la remise du SEF.Award. Trois startups ont \u00e9t\u00e9 r\u00e9compens\u00e9es.","breadcrumb":{"@id":"https:\/\/www.organisator.ch\/management\/2023-06-12\/25-swiss-economic-forum-2023-abgeschlossen\/#breadcrumb"},"inLanguage":"fr-FR","potentialAction":[{"@type":"ReadAction","target":["https:\/\/www.organisator.ch\/management\/2023-06-12\/25-swiss-economic-forum-2023-abgeschlossen\/"]}]},{"@type":"ImageObject","inLanguage":"fr-FR","@id":"https:\/\/www.organisator.ch\/management\/2023-06-12\/25-swiss-economic-forum-2023-abgeschlossen\/#primaryimage","url":"https:\/\/www.organisator.ch\/wp-content\/uploads\/2023\/06\/25.-Swiss-Economic-Forum-2023-abgeschlossen_Organisator.jpg","contentUrl":"https:\/\/www.organisator.ch\/wp-content\/uploads\/2023\/06\/25.-Swiss-Economic-Forum-2023-abgeschlossen_Organisator.jpg","width":680,"height":453,"caption":"Am Swiss Economic Forum 2023 wurde wiederum die SEF.Awards vergeben. Das Unternehmen Boostbar gewann in der Kategorie \"Dienstleistung\/Gewerbe\" den ersten Preis. (Bild: SEF 2023)"},{"@type":"BreadcrumbList","@id":"https:\/\/www.organisator.ch\/management\/2023-06-12\/25-swiss-economic-forum-2023-abgeschlossen\/#breadcrumb","itemListElement":[{"@type":"ListItem","position":1,"name":"Home","item":"https:\/\/www.organisator.ch\/"},{"@type":"ListItem","position":2,"name":"25. Swiss Economic Forum 2023 abgeschlossen"}]},{"@type":"WebSite","@id":"https:\/\/www.organisator.ch\/#website","url":"https:\/\/www.organisator.ch\/","name":"Organisateur","description":"Comp\u00e9tence et comp\u00e9tence. Proches de la pratique. L'ORGANISATEUR pr\u00e9pare 10 num\u00e9ros par an sur les th\u00e8mes essentiels pour les dirigeants de PME.","publisher":{"@id":"https:\/\/www.organisator.ch\/#organization"},"potentialAction":[{"@type":"SearchAction","target":{"@type":"EntryPoint","urlTemplate":"https:\/\/www.organisator.ch\/?s={search_term_string}"},"query-input":{"@type":"PropertyValueSpecification","valueRequired":true,"valueName":"search_term_string"}}],"inLanguage":"fr-FR"},{"@type":"Organization","@id":"https:\/\/www.organisator.ch\/#organization","name":"Organisateur","url":"https:\/\/www.organisator.ch\/","logo":{"@type":"ImageObject","inLanguage":"fr-FR","@id":"https:\/\/www.organisator.ch\/#\/schema\/logo\/image\/","url":"https:\/\/www.organisator.ch\/wp-content\/uploads\/2022\/01\/Logo_Organisator_Website.png","contentUrl":"https:\/\/www.organisator.ch\/wp-content\/uploads\/2022\/01\/Logo_Organisator_Website.png","width":800,"height":77,"caption":"Organisator"},"image":{"@id":"https:\/\/www.organisator.ch\/#\/schema\/logo\/image\/"},"sameAs":["https:\/\/www.facebook.com\/OrganisatorFachmagazin","https:\/\/www.linkedin.com\/showcase\/organisator-das-magazin-fr-kmu","https:\/\/www.xing.com\/news\/pages\/organisator-ch-695","https:\/\/www.youtube.com\/channel\/UCGP2Sq0iWaZwT3BdIAQFYpw"]},{"@type":"Person","@id":"https:\/\/www.organisator.ch\/#\/schema\/person\/6f650f90b2842cd4c0cc334b4e36f67e","name":"thomas.berner","image":{"@type":"ImageObject","inLanguage":"fr-FR","@id":"https:\/\/secure.gravatar.com\/avatar\/ac5001d2a36cb6c6cd3e50789007ffca834b477b74a2144564522e944eabff61?s=96&d=mm&r=g","url":"https:\/\/secure.gravatar.com\/avatar\/ac5001d2a36cb6c6cd3e50789007ffca834b477b74a2144564522e944eabff61?s=96&d=mm&r=g","contentUrl":"https:\/\/secure.gravatar.com\/avatar\/ac5001d2a36cb6c6cd3e50789007ffca834b477b74a2144564522e944eabff61?s=96&d=mm&r=g","caption":"thomas.berner"},"url":"https:\/\/www.organisator.ch\/fr\/author\/thomas-berner\/"}]}},"_links":{"self":[{"href":"https:\/\/www.organisator.ch\/fr\/wp-json\/wp\/v2\/posts\/20657","targetHints":{"allow":["GET"]}}],"collection":[{"href":"https:\/\/www.organisator.ch\/fr\/wp-json\/wp\/v2\/posts"}],"about":[{"href":"https:\/\/www.organisator.ch\/fr\/wp-json\/wp\/v2\/types\/post"}],"author":[{"embeddable":true,"href":"https:\/\/www.organisator.ch\/fr\/wp-json\/wp\/v2\/users\/4"}],"replies":[{"embeddable":true,"href":"https:\/\/www.organisator.ch\/fr\/wp-json\/wp\/v2\/comments?post=20657"}],"version-history":[{"count":3,"href":"https:\/\/www.organisator.ch\/fr\/wp-json\/wp\/v2\/posts\/20657\/revisions"}],"predecessor-version":[{"id":20661,"href":"https:\/\/www.organisator.ch\/fr\/wp-json\/wp\/v2\/posts\/20657\/revisions\/20661"}],"wp:featuredmedia":[{"embeddable":true,"href":"https:\/\/www.organisator.ch\/fr\/wp-json\/wp\/v2\/media\/20658"}],"wp:attachment":[{"href":"https:\/\/www.organisator.ch\/fr\/wp-json\/wp\/v2\/media?parent=20657"}],"wp:term":[{"taxonomy":"category","embeddable":true,"href":"https:\/\/www.organisator.ch\/fr\/wp-json\/wp\/v2\/categories?post=20657"},{"taxonomy":"post_tag","embeddable":true,"href":"https:\/\/www.organisator.ch\/fr\/wp-json\/wp\/v2\/tags?post=20657"}],"curies":[{"name":"wp","href":"https:\/\/api.w.org\/{rel}","templated":true}]}}