{"id":20665,"date":"2023-06-12T13:21:54","date_gmt":"2023-06-12T11:21:54","guid":{"rendered":"https:\/\/www.organisator.ch\/?p=20665"},"modified":"2023-06-12T13:21:54","modified_gmt":"2023-06-12T11:21:54","slug":"gemini-sammelstiftung-bruno-marroni-uebernimmt-geschaeftsfuehrung","status":"publish","type":"post","link":"https:\/\/www.organisator.ch\/fr\/management\/2023-06-12\/gemini-sammelstiftung-bruno-marroni-uebernimmt-geschaeftsfuehrung\/","title":{"rendered":"Fondation collective Gemini : Bruno Marroni prend la direction de la soci\u00e9t\u00e9"},"content":{"rendered":"<figure id=\"attachment_20666\" aria-describedby=\"caption-attachment-20666\" style=\"width: 680px\" class=\"wp-caption alignnone\"><img loading=\"lazy\" decoding=\"async\" class=\"size-full wp-image-20666\" src=\"https:\/\/www.organisator.ch\/wp-content\/uploads\/2023\/06\/Gemini-Sammelstiftung-Bruno-Marroni-uebernimmt-Geschaeftsfuehrung_Organisator.jpg\" alt=\"\" width=\"680\" height=\"533\" srcset=\"https:\/\/www.organisator.ch\/wp-content\/uploads\/2023\/06\/Gemini-Sammelstiftung-Bruno-Marroni-uebernimmt-Geschaeftsfuehrung_Organisator.jpg 680w, https:\/\/www.organisator.ch\/wp-content\/uploads\/2023\/06\/Gemini-Sammelstiftung-Bruno-Marroni-uebernimmt-Geschaeftsfuehrung_Organisator-15x12.jpg 15w, https:\/\/www.organisator.ch\/wp-content\/uploads\/2023\/06\/Gemini-Sammelstiftung-Bruno-Marroni-uebernimmt-Geschaeftsfuehrung_Organisator-375x294.jpg 375w, https:\/\/www.organisator.ch\/wp-content\/uploads\/2023\/06\/Gemini-Sammelstiftung-Bruno-Marroni-uebernimmt-Geschaeftsfuehrung_Organisator-447x350.jpg 447w\" sizes=\"auto, (max-width: 680px) 100vw, 680px\" \/><figcaption id=\"caption-attachment-20666\" class=\"wp-caption-text\">Bruno Marroni reprend la direction de la fondation collective Gemini \u00e0 partir du 1er juillet 2023. (Image : zVg \/ Gemini)<\/figcaption><\/figure>\n<p>Bruno Marroni (57 ans) est le nouveau directeur de la fondation collective Gemini. Il est titulaire d'un dipl\u00f4me f\u00e9d\u00e9ral de responsable de caisse de pension et d'un dipl\u00f4me f\u00e9d\u00e9ral d'expert en assurances sociales. Il travaille depuis 1989 dans le domaine de la pr\u00e9voyance professionnelle, principalement dans le secteur des fondations collectives. De 2004 \u00e0 2008, il a d\u00e9j\u00e0 dirig\u00e9 les activit\u00e9s de distribution de la fondation collective Gemini. Par la suite, il a repris avec succ\u00e8s la gestion et le d\u00e9veloppement d'une nouvelle fondation collective. \"Bruno Marroni est un sp\u00e9cialiste chevronn\u00e9 et un profond connaisseur du paysage suisse de la pr\u00e9voyance\", d\u00e9clare Vital G. Stutz, pr\u00e9sident du conseil de fondation. \"Nous sommes tr\u00e8s heureux d'avoir pu convaincre Monsieur Marroni de prendre la direction de la fondation collective Gemini\".<\/p>\n<p>Avec la reprise de la direction par Bruno Marroni, tous les autres services tels que la distribution, la gestion des assur\u00e9s, la comptabilit\u00e9, etc. restent inchang\u00e9s chez le prestataire de longue date, Avadis Vorsorge AG \u00e0 Zurich. Par cette mesure, le conseil de fondation souhaite renforcer encore la fondation collective Gemini. Depuis sa cr\u00e9ation en 1977, celle-ci s'est d\u00e9velopp\u00e9e pour devenir l'une des principales institutions de pr\u00e9voyance ind\u00e9pendantes de Suisse. Elle assure aujourd'hui environ 33 000 destinataires avec un volume de placement de 5,9 milliards de francs. Le nouveau directeur g\u00e9n\u00e9ral se laisse citer comme suit : \"En raison de mes activit\u00e9s ant\u00e9rieures chez Gemini et chez des concurrents, je connais tr\u00e8s bien le march\u00e9 et l'\"ADN\" de Gemini. Je me r\u00e9jouis \u00e9norm\u00e9ment de participer \u00e0 la poursuite de leur d\u00e9veloppement r\u00e9ussi\".<\/p>\n<p><em>Source : <a href=\"http:\/\/www.gemini.ch\">Fondation collective Gemini \/ Avadis Pr\u00e9voyance SA<\/a><\/em><\/p>","protected":false},"excerpt":{"rendered":"<p>Le conseil de fondation de la fondation collective Gemini a d\u00e9cid\u00e9 d'internaliser la gestion. A partir du 1er juillet 2023, Bruno Marroni sera responsable de la gestion de cette institution de pr\u00e9voyance. Il rapportera directement \u00e0 l'organe supr\u00eame, le conseil de fondation de Gemini Sammelstiftung.<\/p>","protected":false},"author":4,"featured_media":20666,"comment_status":"closed","ping_status":"closed","sticky":false,"template":"","format":"standard","meta":{"_acf_changed":false,"_yoast_wpseo_focuskw":"Bruno Marroni","_yoast_wpseo_metadesc":"Insourcing der Gesch\u00e4ftsf\u00fchrung: Per 1. Juli 2023 ist Bruno Marroni f\u00fcr die Gesch\u00e4ftsf\u00fchrung der Gemini Sammelstiftung verantwortlich.","articlekey":"","footnotes":""},"categories":[28],"tags":[335,381,3801],"class_list":["post-20665","post","type-post","status-publish","format-standard","has-post-thumbnail","hentry","category-management","tag-management-und-unternehmensfuehrung","tag-personalia","tag-sammelstiftungen"],"acf":[],"yoast_head":"<!-- This site is optimized with the Yoast SEO plugin v27.5 - https:\/\/yoast.com\/product\/yoast-seo-wordpress\/ -->\n<title>Gemini Sammelstiftung: Bruno Marroni \u00fcbernimmt Gesch\u00e4ftsf\u00fchrung - Organisator<\/title>\n<meta name=\"description\" content=\"Insourcing der Gesch\u00e4ftsf\u00fchrung: Per 1. Juli 2023 ist Bruno Marroni f\u00fcr die Gesch\u00e4ftsf\u00fchrung der Gemini Sammelstiftung verantwortlich.\" \/>\n<meta name=\"robots\" content=\"index, follow, max-snippet:-1, max-image-preview:large, max-video-preview:-1\" \/>\n<link rel=\"canonical\" href=\"https:\/\/www.organisator.ch\/fr\/gestion-2\/2023-06-12\/gemini-sammelstiftung-bruno-marroni-uebernimmt-geschaeftsfuehrung\/\" \/>\n<meta property=\"og:locale\" content=\"fr_FR\" \/>\n<meta property=\"og:type\" content=\"article\" \/>\n<meta property=\"og:title\" content=\"Gemini Sammelstiftung: Bruno Marroni \u00fcbernimmt Gesch\u00e4ftsf\u00fchrung\" \/>\n<meta property=\"og:description\" content=\"Insourcing der Gesch\u00e4ftsf\u00fchrung: Per 1. Juli 2023 ist Bruno Marroni f\u00fcr die Gesch\u00e4ftsf\u00fchrung der Gemini Sammelstiftung verantwortlich.\" \/>\n<meta property=\"og:url\" content=\"https:\/\/www.organisator.ch\/fr\/gestion-2\/2023-06-12\/gemini-sammelstiftung-bruno-marroni-uebernimmt-geschaeftsfuehrung\/\" \/>\n<meta property=\"og:site_name\" content=\"Organisator\" \/>\n<meta property=\"article:publisher\" content=\"https:\/\/www.facebook.com\/OrganisatorFachmagazin\" \/>\n<meta property=\"article:published_time\" content=\"2023-06-12T11:21:54+00:00\" \/>\n<meta property=\"og:image\" content=\"https:\/\/www.organisator.ch\/wp-content\/uploads\/2023\/06\/Gemini-Sammelstiftung-Bruno-Marroni-uebernimmt-Geschaeftsfuehrung_Organisator.jpg\" \/>\n\t<meta property=\"og:image:width\" content=\"680\" \/>\n\t<meta property=\"og:image:height\" content=\"533\" \/>\n\t<meta property=\"og:image:type\" content=\"image\/jpeg\" \/>\n<meta name=\"author\" content=\"thomas.berner\" \/>\n<meta name=\"twitter:card\" content=\"summary_large_image\" \/>\n<meta name=\"twitter:title\" content=\"#Gemini Sammelstiftung: Bruno #Marroni \u00fcbernimmt #Gesch\u00e4ftsf\u00fchrung\" \/>\n<meta name=\"twitter:description\" content=\"#Insourcing der Gesch\u00e4ftsf\u00fchrung: Per 1. Juli 2023 ist Bruno #Marroni f\u00fcr die Gesch\u00e4ftsf\u00fchrung der #Gemini Sammelstiftung verantwortlich.\" \/>\n<meta name=\"twitter:image\" content=\"https:\/\/www.organisator.ch\/wp-content\/uploads\/2023\/06\/Gemini-Sammelstiftung-Bruno-Marroni-uebernimmt-Geschaeftsfuehrung_Organisator.jpg\" \/>\n<script type=\"application\/ld+json\" class=\"yoast-schema-graph\">{\"@context\":\"https:\\\/\\\/schema.org\",\"@graph\":[{\"@type\":\"Article\",\"@id\":\"https:\\\/\\\/www.organisator.ch\\\/management\\\/2023-06-12\\\/gemini-sammelstiftung-bruno-marroni-uebernimmt-geschaeftsfuehrung\\\/#article\",\"isPartOf\":{\"@id\":\"https:\\\/\\\/www.organisator.ch\\\/management\\\/2023-06-12\\\/gemini-sammelstiftung-bruno-marroni-uebernimmt-geschaeftsfuehrung\\\/\"},\"author\":{\"name\":\"thomas.berner\",\"@id\":\"https:\\\/\\\/www.organisator.ch\\\/#\\\/schema\\\/person\\\/6f650f90b2842cd4c0cc334b4e36f67e\"},\"headline\":\"Gemini Sammelstiftung: Bruno Marroni \u00fcbernimmt Gesch\u00e4ftsf\u00fchrung\",\"datePublished\":\"2023-06-12T11:21:54+00:00\",\"mainEntityOfPage\":{\"@id\":\"https:\\\/\\\/www.organisator.ch\\\/management\\\/2023-06-12\\\/gemini-sammelstiftung-bruno-marroni-uebernimmt-geschaeftsfuehrung\\\/\"},\"wordCount\":253,\"publisher\":{\"@id\":\"https:\\\/\\\/www.organisator.ch\\\/#organization\"},\"image\":{\"@id\":\"https:\\\/\\\/www.organisator.ch\\\/management\\\/2023-06-12\\\/gemini-sammelstiftung-bruno-marroni-uebernimmt-geschaeftsfuehrung\\\/#primaryimage\"},\"thumbnailUrl\":\"https:\\\/\\\/www.organisator.ch\\\/wp-content\\\/uploads\\\/2023\\\/06\\\/Gemini-Sammelstiftung-Bruno-Marroni-uebernimmt-Geschaeftsfuehrung_Organisator.jpg\",\"keywords\":[\"Management und Unternehmensf\u00fchrung\",\"Personalia\",\"Sammelstiftungen\"],\"articleSection\":[\"MANAGEMENT\"],\"inLanguage\":\"fr-FR\"},{\"@type\":\"WebPage\",\"@id\":\"https:\\\/\\\/www.organisator.ch\\\/management\\\/2023-06-12\\\/gemini-sammelstiftung-bruno-marroni-uebernimmt-geschaeftsfuehrung\\\/\",\"url\":\"https:\\\/\\\/www.organisator.ch\\\/management\\\/2023-06-12\\\/gemini-sammelstiftung-bruno-marroni-uebernimmt-geschaeftsfuehrung\\\/\",\"name\":\"Gemini Sammelstiftung: Bruno Marroni \u00fcbernimmt Gesch\u00e4ftsf\u00fchrung - Organisator\",\"isPartOf\":{\"@id\":\"https:\\\/\\\/www.organisator.ch\\\/#website\"},\"primaryImageOfPage\":{\"@id\":\"https:\\\/\\\/www.organisator.ch\\\/management\\\/2023-06-12\\\/gemini-sammelstiftung-bruno-marroni-uebernimmt-geschaeftsfuehrung\\\/#primaryimage\"},\"image\":{\"@id\":\"https:\\\/\\\/www.organisator.ch\\\/management\\\/2023-06-12\\\/gemini-sammelstiftung-bruno-marroni-uebernimmt-geschaeftsfuehrung\\\/#primaryimage\"},\"thumbnailUrl\":\"https:\\\/\\\/www.organisator.ch\\\/wp-content\\\/uploads\\\/2023\\\/06\\\/Gemini-Sammelstiftung-Bruno-Marroni-uebernimmt-Geschaeftsfuehrung_Organisator.jpg\",\"datePublished\":\"2023-06-12T11:21:54+00:00\",\"description\":\"Insourcing der Gesch\u00e4ftsf\u00fchrung: Per 1. Juli 2023 ist Bruno Marroni f\u00fcr die Gesch\u00e4ftsf\u00fchrung der Gemini Sammelstiftung verantwortlich.\",\"breadcrumb\":{\"@id\":\"https:\\\/\\\/www.organisator.ch\\\/management\\\/2023-06-12\\\/gemini-sammelstiftung-bruno-marroni-uebernimmt-geschaeftsfuehrung\\\/#breadcrumb\"},\"inLanguage\":\"fr-FR\",\"potentialAction\":[{\"@type\":\"ReadAction\",\"target\":[\"https:\\\/\\\/www.organisator.ch\\\/management\\\/2023-06-12\\\/gemini-sammelstiftung-bruno-marroni-uebernimmt-geschaeftsfuehrung\\\/\"]}]},{\"@type\":\"ImageObject\",\"inLanguage\":\"fr-FR\",\"@id\":\"https:\\\/\\\/www.organisator.ch\\\/management\\\/2023-06-12\\\/gemini-sammelstiftung-bruno-marroni-uebernimmt-geschaeftsfuehrung\\\/#primaryimage\",\"url\":\"https:\\\/\\\/www.organisator.ch\\\/wp-content\\\/uploads\\\/2023\\\/06\\\/Gemini-Sammelstiftung-Bruno-Marroni-uebernimmt-Geschaeftsfuehrung_Organisator.jpg\",\"contentUrl\":\"https:\\\/\\\/www.organisator.ch\\\/wp-content\\\/uploads\\\/2023\\\/06\\\/Gemini-Sammelstiftung-Bruno-Marroni-uebernimmt-Geschaeftsfuehrung_Organisator.jpg\",\"width\":680,\"height\":533,\"caption\":\"Bruno Marroni \u00fcbernimmt ab 1. Juli 2023 die Gesch\u00e4ftsf\u00fchrung bei der Gemini Sammelstiftung. (Bild: zVg \\\/ Gemini)\"},{\"@type\":\"BreadcrumbList\",\"@id\":\"https:\\\/\\\/www.organisator.ch\\\/management\\\/2023-06-12\\\/gemini-sammelstiftung-bruno-marroni-uebernimmt-geschaeftsfuehrung\\\/#breadcrumb\",\"itemListElement\":[{\"@type\":\"ListItem\",\"position\":1,\"name\":\"Home\",\"item\":\"https:\\\/\\\/www.organisator.ch\\\/\"},{\"@type\":\"ListItem\",\"position\":2,\"name\":\"Gemini Sammelstiftung: Bruno Marroni \u00fcbernimmt Gesch\u00e4ftsf\u00fchrung\"}]},{\"@type\":\"WebSite\",\"@id\":\"https:\\\/\\\/www.organisator.ch\\\/#website\",\"url\":\"https:\\\/\\\/www.organisator.ch\\\/\",\"name\":\"Organisator\",\"description\":\"Kompetent. Praxisnah. Der ORGANISATOR bereitet in 10 Ausgaben pro Jahr die wesentlichen Themen f\u00fcr F\u00fchrungskr\u00e4fte von KMU auf.\",\"publisher\":{\"@id\":\"https:\\\/\\\/www.organisator.ch\\\/#organization\"},\"potentialAction\":[{\"@type\":\"SearchAction\",\"target\":{\"@type\":\"EntryPoint\",\"urlTemplate\":\"https:\\\/\\\/www.organisator.ch\\\/?s={search_term_string}\"},\"query-input\":{\"@type\":\"PropertyValueSpecification\",\"valueRequired\":true,\"valueName\":\"search_term_string\"}}],\"inLanguage\":\"fr-FR\"},{\"@type\":\"Organization\",\"@id\":\"https:\\\/\\\/www.organisator.ch\\\/#organization\",\"name\":\"Organisator\",\"url\":\"https:\\\/\\\/www.organisator.ch\\\/\",\"logo\":{\"@type\":\"ImageObject\",\"inLanguage\":\"fr-FR\",\"@id\":\"https:\\\/\\\/www.organisator.ch\\\/#\\\/schema\\\/logo\\\/image\\\/\",\"url\":\"https:\\\/\\\/www.organisator.ch\\\/wp-content\\\/uploads\\\/2022\\\/01\\\/Logo_Organisator_Website.png\",\"contentUrl\":\"https:\\\/\\\/www.organisator.ch\\\/wp-content\\\/uploads\\\/2022\\\/01\\\/Logo_Organisator_Website.png\",\"width\":800,\"height\":77,\"caption\":\"Organisator\"},\"image\":{\"@id\":\"https:\\\/\\\/www.organisator.ch\\\/#\\\/schema\\\/logo\\\/image\\\/\"},\"sameAs\":[\"https:\\\/\\\/www.facebook.com\\\/OrganisatorFachmagazin\",\"https:\\\/\\\/www.linkedin.com\\\/showcase\\\/organisator-das-magazin-fr-kmu\",\"https:\\\/\\\/www.xing.com\\\/news\\\/pages\\\/organisator-ch-695\",\"https:\\\/\\\/www.youtube.com\\\/channel\\\/UCGP2Sq0iWaZwT3BdIAQFYpw\"]},{\"@type\":\"Person\",\"@id\":\"https:\\\/\\\/www.organisator.ch\\\/#\\\/schema\\\/person\\\/6f650f90b2842cd4c0cc334b4e36f67e\",\"name\":\"thomas.berner\",\"image\":{\"@type\":\"ImageObject\",\"inLanguage\":\"fr-FR\",\"@id\":\"https:\\\/\\\/secure.gravatar.com\\\/avatar\\\/ac5001d2a36cb6c6cd3e50789007ffca834b477b74a2144564522e944eabff61?s=96&d=mm&r=g\",\"url\":\"https:\\\/\\\/secure.gravatar.com\\\/avatar\\\/ac5001d2a36cb6c6cd3e50789007ffca834b477b74a2144564522e944eabff61?s=96&d=mm&r=g\",\"contentUrl\":\"https:\\\/\\\/secure.gravatar.com\\\/avatar\\\/ac5001d2a36cb6c6cd3e50789007ffca834b477b74a2144564522e944eabff61?s=96&d=mm&r=g\",\"caption\":\"thomas.berner\"},\"url\":\"https:\\\/\\\/www.organisator.ch\\\/fr\\\/author\\\/thomas-berner\\\/\"}]}<\/script>\n<!-- \/ Yoast SEO plugin. -->","yoast_head_json":{"title":"Fondation collective Gemini : Bruno Marroni reprend la direction - Organisateur","description":"Insourcing de la direction : Au 1er juillet 2023, Bruno Marroni sera responsable de la direction de la fondation collective Gemini.","robots":{"index":"index","follow":"follow","max-snippet":"max-snippet:-1","max-image-preview":"max-image-preview:large","max-video-preview":"max-video-preview:-1"},"canonical":"https:\/\/www.organisator.ch\/fr\/gestion-2\/2023-06-12\/gemini-sammelstiftung-bruno-marroni-uebernimmt-geschaeftsfuehrung\/","og_locale":"fr_FR","og_type":"article","og_title":"Gemini Sammelstiftung: Bruno Marroni \u00fcbernimmt Gesch\u00e4ftsf\u00fchrung","og_description":"Insourcing der Gesch\u00e4ftsf\u00fchrung: Per 1. Juli 2023 ist Bruno Marroni f\u00fcr die Gesch\u00e4ftsf\u00fchrung der Gemini Sammelstiftung verantwortlich.","og_url":"https:\/\/www.organisator.ch\/fr\/gestion-2\/2023-06-12\/gemini-sammelstiftung-bruno-marroni-uebernimmt-geschaeftsfuehrung\/","og_site_name":"Organisator","article_publisher":"https:\/\/www.facebook.com\/OrganisatorFachmagazin","article_published_time":"2023-06-12T11:21:54+00:00","og_image":[{"width":680,"height":533,"url":"https:\/\/www.organisator.ch\/wp-content\/uploads\/2023\/06\/Gemini-Sammelstiftung-Bruno-Marroni-uebernimmt-Geschaeftsfuehrung_Organisator.jpg","type":"image\/jpeg"}],"author":"thomas.berner","twitter_card":"summary_large_image","twitter_title":"#Gemini Sammelstiftung: Bruno #Marroni \u00fcbernimmt #Gesch\u00e4ftsf\u00fchrung","twitter_description":"#Insourcing der Gesch\u00e4ftsf\u00fchrung: Per 1. Juli 2023 ist Bruno #Marroni f\u00fcr die Gesch\u00e4ftsf\u00fchrung der #Gemini Sammelstiftung verantwortlich.","twitter_image":"https:\/\/www.organisator.ch\/wp-content\/uploads\/2023\/06\/Gemini-Sammelstiftung-Bruno-Marroni-uebernimmt-Geschaeftsfuehrung_Organisator.jpg","schema":{"@context":"https:\/\/schema.org","@graph":[{"@type":"Article","@id":"https:\/\/www.organisator.ch\/management\/2023-06-12\/gemini-sammelstiftung-bruno-marroni-uebernimmt-geschaeftsfuehrung\/#article","isPartOf":{"@id":"https:\/\/www.organisator.ch\/management\/2023-06-12\/gemini-sammelstiftung-bruno-marroni-uebernimmt-geschaeftsfuehrung\/"},"author":{"name":"thomas.berner","@id":"https:\/\/www.organisator.ch\/#\/schema\/person\/6f650f90b2842cd4c0cc334b4e36f67e"},"headline":"Gemini Sammelstiftung: Bruno Marroni \u00fcbernimmt Gesch\u00e4ftsf\u00fchrung","datePublished":"2023-06-12T11:21:54+00:00","mainEntityOfPage":{"@id":"https:\/\/www.organisator.ch\/management\/2023-06-12\/gemini-sammelstiftung-bruno-marroni-uebernimmt-geschaeftsfuehrung\/"},"wordCount":253,"publisher":{"@id":"https:\/\/www.organisator.ch\/#organization"},"image":{"@id":"https:\/\/www.organisator.ch\/management\/2023-06-12\/gemini-sammelstiftung-bruno-marroni-uebernimmt-geschaeftsfuehrung\/#primaryimage"},"thumbnailUrl":"https:\/\/www.organisator.ch\/wp-content\/uploads\/2023\/06\/Gemini-Sammelstiftung-Bruno-Marroni-uebernimmt-Geschaeftsfuehrung_Organisator.jpg","keywords":["Management und Unternehmensf\u00fchrung","Personalia","Sammelstiftungen"],"articleSection":["MANAGEMENT"],"inLanguage":"fr-FR"},{"@type":"WebPage","@id":"https:\/\/www.organisator.ch\/management\/2023-06-12\/gemini-sammelstiftung-bruno-marroni-uebernimmt-geschaeftsfuehrung\/","url":"https:\/\/www.organisator.ch\/management\/2023-06-12\/gemini-sammelstiftung-bruno-marroni-uebernimmt-geschaeftsfuehrung\/","name":"Fondation collective Gemini : Bruno Marroni reprend la direction - Organisateur","isPartOf":{"@id":"https:\/\/www.organisator.ch\/#website"},"primaryImageOfPage":{"@id":"https:\/\/www.organisator.ch\/management\/2023-06-12\/gemini-sammelstiftung-bruno-marroni-uebernimmt-geschaeftsfuehrung\/#primaryimage"},"image":{"@id":"https:\/\/www.organisator.ch\/management\/2023-06-12\/gemini-sammelstiftung-bruno-marroni-uebernimmt-geschaeftsfuehrung\/#primaryimage"},"thumbnailUrl":"https:\/\/www.organisator.ch\/wp-content\/uploads\/2023\/06\/Gemini-Sammelstiftung-Bruno-Marroni-uebernimmt-Geschaeftsfuehrung_Organisator.jpg","datePublished":"2023-06-12T11:21:54+00:00","description":"Insourcing de la direction : Au 1er juillet 2023, Bruno Marroni sera responsable de la direction de la fondation collective Gemini.","breadcrumb":{"@id":"https:\/\/www.organisator.ch\/management\/2023-06-12\/gemini-sammelstiftung-bruno-marroni-uebernimmt-geschaeftsfuehrung\/#breadcrumb"},"inLanguage":"fr-FR","potentialAction":[{"@type":"ReadAction","target":["https:\/\/www.organisator.ch\/management\/2023-06-12\/gemini-sammelstiftung-bruno-marroni-uebernimmt-geschaeftsfuehrung\/"]}]},{"@type":"ImageObject","inLanguage":"fr-FR","@id":"https:\/\/www.organisator.ch\/management\/2023-06-12\/gemini-sammelstiftung-bruno-marroni-uebernimmt-geschaeftsfuehrung\/#primaryimage","url":"https:\/\/www.organisator.ch\/wp-content\/uploads\/2023\/06\/Gemini-Sammelstiftung-Bruno-Marroni-uebernimmt-Geschaeftsfuehrung_Organisator.jpg","contentUrl":"https:\/\/www.organisator.ch\/wp-content\/uploads\/2023\/06\/Gemini-Sammelstiftung-Bruno-Marroni-uebernimmt-Geschaeftsfuehrung_Organisator.jpg","width":680,"height":533,"caption":"Bruno Marroni \u00fcbernimmt ab 1. Juli 2023 die Gesch\u00e4ftsf\u00fchrung bei der Gemini Sammelstiftung. (Bild: zVg \/ Gemini)"},{"@type":"BreadcrumbList","@id":"https:\/\/www.organisator.ch\/management\/2023-06-12\/gemini-sammelstiftung-bruno-marroni-uebernimmt-geschaeftsfuehrung\/#breadcrumb","itemListElement":[{"@type":"ListItem","position":1,"name":"Home","item":"https:\/\/www.organisator.ch\/"},{"@type":"ListItem","position":2,"name":"Gemini Sammelstiftung: Bruno Marroni \u00fcbernimmt Gesch\u00e4ftsf\u00fchrung"}]},{"@type":"WebSite","@id":"https:\/\/www.organisator.ch\/#website","url":"https:\/\/www.organisator.ch\/","name":"Organisateur","description":"Comp\u00e9tence et comp\u00e9tence. Proches de la pratique. L'ORGANISATEUR pr\u00e9pare 10 num\u00e9ros par an sur les th\u00e8mes essentiels pour les dirigeants de PME.","publisher":{"@id":"https:\/\/www.organisator.ch\/#organization"},"potentialAction":[{"@type":"SearchAction","target":{"@type":"EntryPoint","urlTemplate":"https:\/\/www.organisator.ch\/?s={search_term_string}"},"query-input":{"@type":"PropertyValueSpecification","valueRequired":true,"valueName":"search_term_string"}}],"inLanguage":"fr-FR"},{"@type":"Organization","@id":"https:\/\/www.organisator.ch\/#organization","name":"Organisateur","url":"https:\/\/www.organisator.ch\/","logo":{"@type":"ImageObject","inLanguage":"fr-FR","@id":"https:\/\/www.organisator.ch\/#\/schema\/logo\/image\/","url":"https:\/\/www.organisator.ch\/wp-content\/uploads\/2022\/01\/Logo_Organisator_Website.png","contentUrl":"https:\/\/www.organisator.ch\/wp-content\/uploads\/2022\/01\/Logo_Organisator_Website.png","width":800,"height":77,"caption":"Organisator"},"image":{"@id":"https:\/\/www.organisator.ch\/#\/schema\/logo\/image\/"},"sameAs":["https:\/\/www.facebook.com\/OrganisatorFachmagazin","https:\/\/www.linkedin.com\/showcase\/organisator-das-magazin-fr-kmu","https:\/\/www.xing.com\/news\/pages\/organisator-ch-695","https:\/\/www.youtube.com\/channel\/UCGP2Sq0iWaZwT3BdIAQFYpw"]},{"@type":"Person","@id":"https:\/\/www.organisator.ch\/#\/schema\/person\/6f650f90b2842cd4c0cc334b4e36f67e","name":"thomas.berner","image":{"@type":"ImageObject","inLanguage":"fr-FR","@id":"https:\/\/secure.gravatar.com\/avatar\/ac5001d2a36cb6c6cd3e50789007ffca834b477b74a2144564522e944eabff61?s=96&d=mm&r=g","url":"https:\/\/secure.gravatar.com\/avatar\/ac5001d2a36cb6c6cd3e50789007ffca834b477b74a2144564522e944eabff61?s=96&d=mm&r=g","contentUrl":"https:\/\/secure.gravatar.com\/avatar\/ac5001d2a36cb6c6cd3e50789007ffca834b477b74a2144564522e944eabff61?s=96&d=mm&r=g","caption":"thomas.berner"},"url":"https:\/\/www.organisator.ch\/fr\/author\/thomas-berner\/"}]}},"_links":{"self":[{"href":"https:\/\/www.organisator.ch\/fr\/wp-json\/wp\/v2\/posts\/20665","targetHints":{"allow":["GET"]}}],"collection":[{"href":"https:\/\/www.organisator.ch\/fr\/wp-json\/wp\/v2\/posts"}],"about":[{"href":"https:\/\/www.organisator.ch\/fr\/wp-json\/wp\/v2\/types\/post"}],"author":[{"embeddable":true,"href":"https:\/\/www.organisator.ch\/fr\/wp-json\/wp\/v2\/users\/4"}],"replies":[{"embeddable":true,"href":"https:\/\/www.organisator.ch\/fr\/wp-json\/wp\/v2\/comments?post=20665"}],"version-history":[{"count":1,"href":"https:\/\/www.organisator.ch\/fr\/wp-json\/wp\/v2\/posts\/20665\/revisions"}],"predecessor-version":[{"id":20667,"href":"https:\/\/www.organisator.ch\/fr\/wp-json\/wp\/v2\/posts\/20665\/revisions\/20667"}],"wp:featuredmedia":[{"embeddable":true,"href":"https:\/\/www.organisator.ch\/fr\/wp-json\/wp\/v2\/media\/20666"}],"wp:attachment":[{"href":"https:\/\/www.organisator.ch\/fr\/wp-json\/wp\/v2\/media?parent=20665"}],"wp:term":[{"taxonomy":"category","embeddable":true,"href":"https:\/\/www.organisator.ch\/fr\/wp-json\/wp\/v2\/categories?post=20665"},{"taxonomy":"post_tag","embeddable":true,"href":"https:\/\/www.organisator.ch\/fr\/wp-json\/wp\/v2\/tags?post=20665"}],"curies":[{"name":"wp","href":"https:\/\/api.w.org\/{rel}","templated":true}]}}