{"id":20718,"date":"2023-06-15T11:01:44","date_gmt":"2023-06-15T09:01:44","guid":{"rendered":"https:\/\/www.organisator.ch\/?p=20718"},"modified":"2023-06-28T09:53:45","modified_gmt":"2023-06-28T07:53:45","slug":"rueckblick-nwx23-arbeitsmarkt-im-banne-von-fachkraeftemangel-generationenkonflikten-und-ki","status":"publish","type":"post","link":"https:\/\/www.organisator.ch\/fr\/human-resources\/2023-06-15\/rueckblick-nwx23-arbeitsmarkt-im-banne-von-fachkraeftemangel-generationenkonflikten-und-ki\/","title":{"rendered":"R\u00e9trospective NWX23 : le march\u00e9 du travail sous l'emprise de la p\u00e9nurie de main-d'\u0153uvre qualifi\u00e9e, des conflits de g\u00e9n\u00e9rations et de l'IA"},"content":{"rendered":"<figure id=\"attachment_20720\" aria-describedby=\"caption-attachment-20720\" style=\"width: 680px\" class=\"wp-caption alignnone\"><img loading=\"lazy\" decoding=\"async\" class=\"size-full wp-image-20720\" src=\"https:\/\/www.organisator.ch\/wp-content\/uploads\/2023\/06\/Rueckblick-NWX23-Arbeitsmarkt-im-Banne-von-Fachkraeftemangel-Generationenkonflikten-und-KI-1_Organisator.jpg\" alt=\"\" width=\"680\" height=\"453\" srcset=\"https:\/\/www.organisator.ch\/wp-content\/uploads\/2023\/06\/Rueckblick-NWX23-Arbeitsmarkt-im-Banne-von-Fachkraeftemangel-Generationenkonflikten-und-KI-1_Organisator.jpg 680w, https:\/\/www.organisator.ch\/wp-content\/uploads\/2023\/06\/Rueckblick-NWX23-Arbeitsmarkt-im-Banne-von-Fachkraeftemangel-Generationenkonflikten-und-KI-1_Organisator-18x12.jpg 18w, https:\/\/www.organisator.ch\/wp-content\/uploads\/2023\/06\/Rueckblick-NWX23-Arbeitsmarkt-im-Banne-von-Fachkraeftemangel-Generationenkonflikten-und-KI-1_Organisator-375x250.jpg 375w, https:\/\/www.organisator.ch\/wp-content\/uploads\/2023\/06\/Rueckblick-NWX23-Arbeitsmarkt-im-Banne-von-Fachkraeftemangel-Generationenkonflikten-und-KI-1_Organisator-525x350.jpg 525w\" sizes=\"auto, (max-width: 680px) 100vw, 680px\" \/><figcaption id=\"caption-attachment-20720\" class=\"wp-caption-text\">Un \"conteneur\" rempli de d\u00e9fis du monde du travail : le NWX23 \u00e0 Hambourg. (Photo : Nils Hasenau)<\/figcaption><\/figure>\n<p>En Suisse, la journ\u00e9e de gr\u00e8ve des femmes a eu lieu le 14 juin 2023 - \u00e0 Hambourg, c'est avec la <a href=\"https:\/\/nwx.new-work.se\/events\/nwx23\">NWX23<\/a> le plus grand festival RH de l'espace germanophone. Quel est le lien entre ces deux \u00e9v\u00e9nements ? Plus que ce que l'on pourrait penser. En effet, les questions de genre, l'\u00e9galit\u00e9 de traitement entre les g\u00e9n\u00e9rations et les cultures font d\u00e9sormais partie d'un ensemble de facteurs qui pr\u00e9occupent le monde du travail. Gazelle Vollhase, partenaire Recruiting, Diversity &amp; Inclusion du portail de comparaison de prix en ligne idealo et qui, en tant que femme trans, fait elle-m\u00eame partie de la communaut\u00e9 LGBTQ, a mis le doigt sur quelques points sensibles du recrutement. \"Le recrutement moderne est un recrutement inclusif\", a-t-elle d\u00e9clar\u00e9 dans son discours d'ouverture. Et il ne s'agit pas simplement de quotas de femmes, car l\u00e0 aussi, on ne pense en premier lieu qu'au type \"femme blanche\". Si des quotas doivent \u00eatre fix\u00e9s, ils doivent l'\u00eatre pour les \"groupes sous-repr\u00e9sent\u00e9s\", a-t-elle demand\u00e9. La g\u00e9n\u00e9ration Z veille en outre \u00e0 un langage inclusif, ce qui commence d\u00e9j\u00e0 par l'utilisation syst\u00e9matique du genre sur les sites Internet des entreprises. Les entreprises peuvent tirer profit d'un recrutement diversifi\u00e9 et inclusif, mais doivent pour cela repenser bon nombre de leurs param\u00e8tres d'embauche poussi\u00e9reux.<\/p>\n<h3>Promouvoir le dialogue entre les g\u00e9n\u00e9rations<\/h3>\n<p>Gazelle Vollhase n'\u00e9tait que l'une des 150 voix connues et moins connues de la politique, de l'\u00e9conomie, des ressources humaines, de la science et de la culture. Parmi les intervenants, on trouvait Sascha Lobo et John Bercow (ancien pr\u00e9sident de la Chambre des Communes britannique), mais aussi des personnalit\u00e9s du football allemand en la personne de Steffi Jones, Neven Subotic et Manuel Gr\u00e4fe. Sous le titre \"Welcome to New Challenges\", Petra von Strombeck, CEO de New Work SE, et Marc-Sven Kopka, Vice President External Affairs de la m\u00eame entreprise, ont pr\u00e9sent\u00e9 \u00e0 la NWX23 les conflits de g\u00e9n\u00e9rations, la p\u00e9nurie de main-d'\u0153uvre qualifi\u00e9e et l'intelligence artificielle comme trois des plus grands d\u00e9fis pour le march\u00e9 du travail. \"Le bouleversement du march\u00e9 du travail est \u00e9galement synonyme de renouveau - et c'est pr\u00e9cis\u00e9ment l\u00e0 que nous intervenons avec la NWX23\", a d\u00e9clar\u00e9 von Strombeck lors de l'ouverture de l'\u00e9v\u00e9nement. \"Pour rester pr\u00eats pour l'avenir, nous devons saisir les opportunit\u00e9s que nous offre la num\u00e9risation, encourager le dialogue entre les g\u00e9n\u00e9rations et mettre l'accent sur les besoins des professionnels\".<\/p>\n<figure id=\"attachment_20721\" aria-describedby=\"caption-attachment-20721\" style=\"width: 680px\" class=\"wp-caption alignnone\"><img loading=\"lazy\" decoding=\"async\" class=\"size-full wp-image-20721\" src=\"https:\/\/www.organisator.ch\/wp-content\/uploads\/2023\/06\/Rueckblick-NWX23-Arbeitsmarkt-im-Banne-von-Fachkraeftemangel-Generationenkonflikten-und-KI-2_Organisator.jpg\" alt=\"\" width=\"680\" height=\"463\" srcset=\"https:\/\/www.organisator.ch\/wp-content\/uploads\/2023\/06\/Rueckblick-NWX23-Arbeitsmarkt-im-Banne-von-Fachkraeftemangel-Generationenkonflikten-und-KI-2_Organisator.jpg 680w, https:\/\/www.organisator.ch\/wp-content\/uploads\/2023\/06\/Rueckblick-NWX23-Arbeitsmarkt-im-Banne-von-Fachkraeftemangel-Generationenkonflikten-und-KI-2_Organisator-18x12.jpg 18w, https:\/\/www.organisator.ch\/wp-content\/uploads\/2023\/06\/Rueckblick-NWX23-Arbeitsmarkt-im-Banne-von-Fachkraeftemangel-Generationenkonflikten-und-KI-2_Organisator-375x255.jpg 375w, https:\/\/www.organisator.ch\/wp-content\/uploads\/2023\/06\/Rueckblick-NWX23-Arbeitsmarkt-im-Banne-von-Fachkraeftemangel-Generationenkonflikten-und-KI-2_Organisator-514x350.jpg 514w\" sizes=\"auto, (max-width: 680px) 100vw, 680px\" \/><figcaption id=\"caption-attachment-20721\" class=\"wp-caption-text\">Le recrutement moderne est un recrutement inclusif, c'est ce que demande Gazelle Vollhase. (Image : \u00a9 Gordon Welters)<\/figcaption><\/figure>\n<h3>P\u00e9nurie de main-d'\u0153uvre, pas \"seulement\" de main-d'\u0153uvre qualifi\u00e9e<\/h3>\n<p>Le programme vari\u00e9 s'est poursuivi toute la journ\u00e9e avec de nombreux masterclasses, panels, ateliers et keynotes.  Le th\u00e8me de la collaboration interg\u00e9n\u00e9rationnelle a \u00e9galement \u00e9t\u00e9 abord\u00e9 lors de la conf\u00e9rence de la chercheuse Eliza Filby, qui a expliqu\u00e9 comment la diversit\u00e9 des perspectives de diff\u00e9rents groupes d'\u00e2ge peut \u00eatre r\u00e9unie sous un m\u00eame toit. Sa conclusion : cela fonctionne, mais il faut y travailler.<\/p>\n<p>Cawa Younosi, directeur des ressources humaines et membre du conseil d'administration de SAP, Kerstin Wagner, directrice du recrutement chez Deutsche Bahn, Katharina Herrmann, directrice des ressources humaines et de la conformit\u00e9 chez Hubert Burda Media, ainsi que Katrin Schwerdtner, directrice de People &amp; Culture chez Tomorrow, ont discut\u00e9 dans l'un des panels les plus fr\u00e9quent\u00e9s sur le th\u00e8me \"New Talent : comprenons-nous bien la p\u00e9nurie de main-d'\u0153uvre qualifi\u00e9e ?\" Les intervenants ont \u00e9t\u00e9 unanimes \u00e0 dire que le c\u0153ur du probl\u00e8me n'est pas la p\u00e9nurie de personnel qualifi\u00e9, mais la p\u00e9nurie de main-d'\u0153uvre. Et ce que nous vivons aujourd'hui n'est que le d\u00e9but d'un tsunami imminent, comme l'a mis en garde le professeur Heike Bruch de l'universit\u00e9 de Saint-Gall, \u00e9galement keynote speaker \u00e0 Hambourg, lors d'un entretien avec notre m\u00e9dia. Si nous ne nous attaquons pas aujourd'hui aux cons\u00e9quences du changement d\u00e9mographique, il sera \"vraiment difficile\" de trouver suffisamment de main-d'\u0153uvre \u00e0 partir de 2025 au plus tard.<\/p>\n<h3>\"Reverse Recruiting\" dans le monde du travail XING<\/h3>\n<p>Bien entendu, la NWX23 \u00e9tait aussi un \u00e9v\u00e9nement de relations publiques pour New Work SE et ses trois marques XING, onlyfy by XING et kununu. Le fait que l'entreprise propose des outils utiles pour le recrutement a \u00e9t\u00e9 soulign\u00e9 \u00e0 plusieurs reprises. Ainsi, pour la premi\u00e8re fois, le monde de l'emploi de XING, o\u00f9 une vingtaine d'entreprises ont pu postuler directement sur place aupr\u00e8s de plus de 800 jeunes talents, \u00e9tait au programme. Selon New Work SE, l'offre, qui \u00e9tait gratuite pour les \u00e9tudiants, a \u00e9t\u00e9 accueillie de mani\u00e8re plus que positive et a fait ses preuves en tant que nouveau format. Les masterclasses et les ateliers tr\u00e8s fr\u00e9quent\u00e9s et anim\u00e9s par des coachs renomm\u00e9s en mati\u00e8re de carri\u00e8re et de candidature, comme le Dr Bernd Slaghuis ou Nane Nebel, y auraient \u00e9galement contribu\u00e9.<\/p>\n<figure id=\"attachment_20722\" aria-describedby=\"caption-attachment-20722\" style=\"width: 680px\" class=\"wp-caption alignnone\"><img loading=\"lazy\" decoding=\"async\" class=\"size-full wp-image-20722\" src=\"https:\/\/www.organisator.ch\/wp-content\/uploads\/2023\/06\/Rueckblick-NWX23-Arbeitsmarkt-im-Banne-von-Fachkraeftemangel-Generationenkonflikten-und-KI-3_Organisator.jpg\" alt=\"\" width=\"680\" height=\"634\" srcset=\"https:\/\/www.organisator.ch\/wp-content\/uploads\/2023\/06\/Rueckblick-NWX23-Arbeitsmarkt-im-Banne-von-Fachkraeftemangel-Generationenkonflikten-und-KI-3_Organisator.jpg 680w, https:\/\/www.organisator.ch\/wp-content\/uploads\/2023\/06\/Rueckblick-NWX23-Arbeitsmarkt-im-Banne-von-Fachkraeftemangel-Generationenkonflikten-und-KI-3_Organisator-13x12.jpg 13w, https:\/\/www.organisator.ch\/wp-content\/uploads\/2023\/06\/Rueckblick-NWX23-Arbeitsmarkt-im-Banne-von-Fachkraeftemangel-Generationenkonflikten-und-KI-3_Organisator-322x300.jpg 322w, https:\/\/www.organisator.ch\/wp-content\/uploads\/2023\/06\/Rueckblick-NWX23-Arbeitsmarkt-im-Banne-von-Fachkraeftemangel-Generationenkonflikten-und-KI-3_Organisator-375x350.jpg 375w\" sizes=\"auto, (max-width: 680px) 100vw, 680px\" \/><figcaption id=\"caption-attachment-20722\" class=\"wp-caption-text\">R\u00e9trospective NWX23 in a nutshell : \"Le bouleversement du march\u00e9 du travail est aussi synonyme de renouveau - et c'est pr\u00e9cis\u00e9ment l\u00e0 que nous intervenons avec NWX23\", explique Petra von Strombeck, directrice de New Work SE. \"Pour rester p\u00e9rennes, nous devons saisir les opportunit\u00e9s que nous offre la num\u00e9risation, encourager le dialogue entre les g\u00e9n\u00e9rations et mettre l'accent sur les besoins des professionnels\". (Photo : Nils Hasenau)<\/figcaption><\/figure>\n<p>Recruter de mani\u00e8re inclusive, positionner une marque employeur et placer les personnes au centre et pas seulement leur force de travail : ces recettes ont \u00e9t\u00e9 tr\u00e8s entendues \u00e0 Hambourg. Des exemples de bonnes pratiques ont \u00e9galement \u00e9t\u00e9 mentionn\u00e9s : Heike Wenzel, associ\u00e9e g\u00e9rante de WENZEL Group GmbH &amp; Co. KG, a fait part d'exp\u00e9riences positives avec la semaine de quatre jours dans son entreprise familiale. Cela permet de marquer des points, et pas seulement aupr\u00e8s de la g\u00e9n\u00e9ration Z, dont on dit qu'elle veut certes gagner de l'argent, mais moins - ou plut\u00f4t : travailler autrement.<\/p>\n<h3>R\u00e9trospective NWX23 : encore beaucoup \u00e0 faire - alors \"Word Forward<\/h3>\n<p>En r\u00e9sum\u00e9, la NWX23 s'est r\u00e9v\u00e9l\u00e9e \u00eatre un panorama des d\u00e9fis actuels dans le monde du travail. Ceux-ci ne sont certes pas nouveaux, mais ils sont d\u00e9sormais concentr\u00e9s et apparaissent \u00e0 grande vitesse. Les moyens du pass\u00e9 ne sont plus adapt\u00e9s pour les surmonter. De nombreuses entreprises se voient contraintes d'adopter de nouvelles solutions, qui peuvent parfois susciter des r\u00e9sistances. Et force est de constater qu'il reste encore beaucoup \u00e0 faire et que de nombreux \u00e9tats d'esprit existants doivent \u00eatre modifi\u00e9s. Dans ce contexte, des mouvements de protestation comme la gr\u00e8ve des femmes en Suisse devraient rester n\u00e9cessaires encore longtemps, tant que les employeurs, par exemple <a href=\"https:\/\/www.organisator.ch\/de\/human-resources\/2023-06-13\/erhebung-zeigt-lohngleichheit-ist-vielerorts-realitaet\/\">\u00e0 l'aide de quelques statistiques<\/a>Les femmes qui travaillent dans le secteur de l'h\u00f4tellerie et de la restauration sont souvent accus\u00e9es de ne pas respecter le principe de l'\u00e9galit\u00e9 salariale...<\/p>","protected":false},"excerpt":{"rendered":"<p>Le 14 juin 2023, la NWX23 a eu lieu dans la HafenCity de Hambourg sous le slogan \"Work Forward\". Dans quatre lieux, dont la c\u00e9l\u00e8bre Elbphilharmonie, et sur 16 sc\u00e8nes, de nombreux speakers internationaux ont suscit\u00e9 un grand int\u00e9r\u00eat aupr\u00e8s des 2 500 visiteurs. Le bilan : le manque de personnel qualifi\u00e9, les conflits de g\u00e9n\u00e9rations et l'intelligence artificielle sont les moteurs des bouleversements du march\u00e9 du travail. <\/p>","protected":false},"author":4,"featured_media":20720,"comment_status":"closed","ping_status":"closed","sticky":false,"template":"","format":"standard","meta":{"_acf_changed":false,"_yoast_wpseo_focuskw":"R\u00fcckblick NWX23","_yoast_wpseo_metadesc":"R\u00fcckblick NWX23 in Hamburg: Fachkr\u00e4ftemangel, Generationenkonflikte und K\u00fcnstliche Intelligenz treiben den Umbruch des Arbeitsmarktes voran.","articlekey":"","footnotes":""},"categories":[579],"tags":[193,254,294,335],"class_list":["post-20718","post","type-post","status-publish","format-standard","has-post-thumbnail","hentry","category-human-resources","tag-fachkongressfachmesse","tag-hrm","tag-karriere","tag-management-und-unternehmensfuehrung"],"acf":[],"yoast_head":"<!-- This site is optimized with the Yoast SEO plugin v27.5 - https:\/\/yoast.com\/product\/yoast-seo-wordpress\/ -->\n<title>R\u00fcckblick NWX23: Arbeitsmarkt im Banne von Fachkr\u00e4ftemangel, Generationenkonflikten und KI - Organisator<\/title>\n<meta name=\"description\" content=\"R\u00fcckblick NWX23 in Hamburg: Fachkr\u00e4ftemangel, Generationenkonflikte und K\u00fcnstliche Intelligenz treiben den Umbruch des Arbeitsmarktes voran.\" \/>\n<meta name=\"robots\" content=\"index, follow, max-snippet:-1, max-image-preview:large, max-video-preview:-1\" \/>\n<link rel=\"canonical\" href=\"https:\/\/www.organisator.ch\/fr\/ressources-humaines\/2023-06-15\/rueckblick-nwx23-arbeitsmarkt-im-banne-von-fachkraeftemangel-generationenkonflikten-und-ki\/\" \/>\n<meta property=\"og:locale\" content=\"fr_FR\" \/>\n<meta property=\"og:type\" content=\"article\" \/>\n<meta property=\"og:title\" content=\"R\u00fcckblick NWX23: Arbeitsmarkt im Banne von Fachkr\u00e4ftemangel, Generationenkonflikten und KI\" \/>\n<meta property=\"og:description\" content=\"R\u00fcckblick NWX23 in Hamburg: Fachkr\u00e4ftemangel, Generationenkonflikte und K\u00fcnstliche Intelligenz treiben den Umbruch des Arbeitsmarktes voran.\" \/>\n<meta property=\"og:url\" content=\"https:\/\/www.organisator.ch\/fr\/ressources-humaines\/2023-06-15\/rueckblick-nwx23-arbeitsmarkt-im-banne-von-fachkraeftemangel-generationenkonflikten-und-ki\/\" \/>\n<meta property=\"og:site_name\" content=\"Organisator\" \/>\n<meta property=\"article:publisher\" content=\"https:\/\/www.facebook.com\/OrganisatorFachmagazin\" \/>\n<meta property=\"article:published_time\" content=\"2023-06-15T09:01:44+00:00\" \/>\n<meta property=\"article:modified_time\" content=\"2023-06-28T07:53:45+00:00\" \/>\n<meta property=\"og:image\" content=\"https:\/\/www.organisator.ch\/wp-content\/uploads\/2023\/06\/Rueckblick-NWX23-Arbeitsmarkt-im-Banne-von-Fachkraeftemangel-Generationenkonflikten-und-KI-1_Organisator.jpg\" \/>\n\t<meta property=\"og:image:width\" content=\"680\" \/>\n\t<meta property=\"og:image:height\" content=\"453\" \/>\n\t<meta property=\"og:image:type\" content=\"image\/jpeg\" \/>\n<meta name=\"author\" content=\"thomas.berner\" \/>\n<meta name=\"twitter:card\" content=\"summary_large_image\" \/>\n<meta name=\"twitter:title\" content=\"R\u00fcckblick #NWX23: Arbeitsmarkt im Banne von #Fachkr\u00e4ftemangel, #Generationenkonflikten und KI\" \/>\n<meta name=\"twitter:description\" content=\"R\u00fcckblick #NWX23 in Hamburg: #Fachkr\u00e4ftemangel, #Generationenkonflikte und K\u00fcnstliche Intelligenz treiben den Umbruch des #Arbeitsmarktes voran.\" \/>\n<meta name=\"twitter:image\" content=\"https:\/\/www.organisator.ch\/wp-content\/uploads\/2023\/06\/Rueckblick-NWX23-Arbeitsmarkt-im-Banne-von-Fachkraeftemangel-Generationenkonflikten-und-KI-1_Organisator.jpg\" \/>\n<script type=\"application\/ld+json\" class=\"yoast-schema-graph\">{\"@context\":\"https:\\\/\\\/schema.org\",\"@graph\":[{\"@type\":\"Article\",\"@id\":\"https:\\\/\\\/www.organisator.ch\\\/human-resources\\\/2023-06-15\\\/rueckblick-nwx23-arbeitsmarkt-im-banne-von-fachkraeftemangel-generationenkonflikten-und-ki\\\/#article\",\"isPartOf\":{\"@id\":\"https:\\\/\\\/www.organisator.ch\\\/human-resources\\\/2023-06-15\\\/rueckblick-nwx23-arbeitsmarkt-im-banne-von-fachkraeftemangel-generationenkonflikten-und-ki\\\/\"},\"author\":{\"name\":\"thomas.berner\",\"@id\":\"https:\\\/\\\/www.organisator.ch\\\/#\\\/schema\\\/person\\\/6f650f90b2842cd4c0cc334b4e36f67e\"},\"headline\":\"R\u00fcckblick NWX23: Arbeitsmarkt im Banne von Fachkr\u00e4ftemangel, Generationenkonflikten und KI\",\"datePublished\":\"2023-06-15T09:01:44+00:00\",\"dateModified\":\"2023-06-28T07:53:45+00:00\",\"mainEntityOfPage\":{\"@id\":\"https:\\\/\\\/www.organisator.ch\\\/human-resources\\\/2023-06-15\\\/rueckblick-nwx23-arbeitsmarkt-im-banne-von-fachkraeftemangel-generationenkonflikten-und-ki\\\/\"},\"wordCount\":1007,\"publisher\":{\"@id\":\"https:\\\/\\\/www.organisator.ch\\\/#organization\"},\"image\":{\"@id\":\"https:\\\/\\\/www.organisator.ch\\\/human-resources\\\/2023-06-15\\\/rueckblick-nwx23-arbeitsmarkt-im-banne-von-fachkraeftemangel-generationenkonflikten-und-ki\\\/#primaryimage\"},\"thumbnailUrl\":\"https:\\\/\\\/www.organisator.ch\\\/wp-content\\\/uploads\\\/2023\\\/06\\\/Rueckblick-NWX23-Arbeitsmarkt-im-Banne-von-Fachkraeftemangel-Generationenkonflikten-und-KI-1_Organisator.jpg\",\"keywords\":[\"Fachkongress\\\/Fachmesse\",\"HRM\",\"Karriere\",\"Management und Unternehmensf\u00fchrung\"],\"articleSection\":[\"HUMAN RESOURCES\"],\"inLanguage\":\"fr-FR\"},{\"@type\":\"WebPage\",\"@id\":\"https:\\\/\\\/www.organisator.ch\\\/human-resources\\\/2023-06-15\\\/rueckblick-nwx23-arbeitsmarkt-im-banne-von-fachkraeftemangel-generationenkonflikten-und-ki\\\/\",\"url\":\"https:\\\/\\\/www.organisator.ch\\\/human-resources\\\/2023-06-15\\\/rueckblick-nwx23-arbeitsmarkt-im-banne-von-fachkraeftemangel-generationenkonflikten-und-ki\\\/\",\"name\":\"R\u00fcckblick NWX23: Arbeitsmarkt im Banne von Fachkr\u00e4ftemangel, Generationenkonflikten und KI - Organisator\",\"isPartOf\":{\"@id\":\"https:\\\/\\\/www.organisator.ch\\\/#website\"},\"primaryImageOfPage\":{\"@id\":\"https:\\\/\\\/www.organisator.ch\\\/human-resources\\\/2023-06-15\\\/rueckblick-nwx23-arbeitsmarkt-im-banne-von-fachkraeftemangel-generationenkonflikten-und-ki\\\/#primaryimage\"},\"image\":{\"@id\":\"https:\\\/\\\/www.organisator.ch\\\/human-resources\\\/2023-06-15\\\/rueckblick-nwx23-arbeitsmarkt-im-banne-von-fachkraeftemangel-generationenkonflikten-und-ki\\\/#primaryimage\"},\"thumbnailUrl\":\"https:\\\/\\\/www.organisator.ch\\\/wp-content\\\/uploads\\\/2023\\\/06\\\/Rueckblick-NWX23-Arbeitsmarkt-im-Banne-von-Fachkraeftemangel-Generationenkonflikten-und-KI-1_Organisator.jpg\",\"datePublished\":\"2023-06-15T09:01:44+00:00\",\"dateModified\":\"2023-06-28T07:53:45+00:00\",\"description\":\"R\u00fcckblick NWX23 in Hamburg: Fachkr\u00e4ftemangel, Generationenkonflikte und K\u00fcnstliche Intelligenz treiben den Umbruch des Arbeitsmarktes voran.\",\"breadcrumb\":{\"@id\":\"https:\\\/\\\/www.organisator.ch\\\/human-resources\\\/2023-06-15\\\/rueckblick-nwx23-arbeitsmarkt-im-banne-von-fachkraeftemangel-generationenkonflikten-und-ki\\\/#breadcrumb\"},\"inLanguage\":\"fr-FR\",\"potentialAction\":[{\"@type\":\"ReadAction\",\"target\":[\"https:\\\/\\\/www.organisator.ch\\\/human-resources\\\/2023-06-15\\\/rueckblick-nwx23-arbeitsmarkt-im-banne-von-fachkraeftemangel-generationenkonflikten-und-ki\\\/\"]}]},{\"@type\":\"ImageObject\",\"inLanguage\":\"fr-FR\",\"@id\":\"https:\\\/\\\/www.organisator.ch\\\/human-resources\\\/2023-06-15\\\/rueckblick-nwx23-arbeitsmarkt-im-banne-von-fachkraeftemangel-generationenkonflikten-und-ki\\\/#primaryimage\",\"url\":\"https:\\\/\\\/www.organisator.ch\\\/wp-content\\\/uploads\\\/2023\\\/06\\\/Rueckblick-NWX23-Arbeitsmarkt-im-Banne-von-Fachkraeftemangel-Generationenkonflikten-und-KI-1_Organisator.jpg\",\"contentUrl\":\"https:\\\/\\\/www.organisator.ch\\\/wp-content\\\/uploads\\\/2023\\\/06\\\/Rueckblick-NWX23-Arbeitsmarkt-im-Banne-von-Fachkraeftemangel-Generationenkonflikten-und-KI-1_Organisator.jpg\",\"width\":680,\"height\":453,\"caption\":\"Einen \\\"Container\\\" voller Herausforderungen der Arbeitswelt: Die NWX23 in Hamburg. (Bild: Nils Hasenau)\"},{\"@type\":\"BreadcrumbList\",\"@id\":\"https:\\\/\\\/www.organisator.ch\\\/human-resources\\\/2023-06-15\\\/rueckblick-nwx23-arbeitsmarkt-im-banne-von-fachkraeftemangel-generationenkonflikten-und-ki\\\/#breadcrumb\",\"itemListElement\":[{\"@type\":\"ListItem\",\"position\":1,\"name\":\"Home\",\"item\":\"https:\\\/\\\/www.organisator.ch\\\/\"},{\"@type\":\"ListItem\",\"position\":2,\"name\":\"R\u00fcckblick NWX23: Arbeitsmarkt im Banne von Fachkr\u00e4ftemangel, Generationenkonflikten und KI\"}]},{\"@type\":\"WebSite\",\"@id\":\"https:\\\/\\\/www.organisator.ch\\\/#website\",\"url\":\"https:\\\/\\\/www.organisator.ch\\\/\",\"name\":\"Organisator\",\"description\":\"Kompetent. Praxisnah. Der ORGANISATOR bereitet in 10 Ausgaben pro Jahr die wesentlichen Themen f\u00fcr F\u00fchrungskr\u00e4fte von KMU auf.\",\"publisher\":{\"@id\":\"https:\\\/\\\/www.organisator.ch\\\/#organization\"},\"potentialAction\":[{\"@type\":\"SearchAction\",\"target\":{\"@type\":\"EntryPoint\",\"urlTemplate\":\"https:\\\/\\\/www.organisator.ch\\\/?s={search_term_string}\"},\"query-input\":{\"@type\":\"PropertyValueSpecification\",\"valueRequired\":true,\"valueName\":\"search_term_string\"}}],\"inLanguage\":\"fr-FR\"},{\"@type\":\"Organization\",\"@id\":\"https:\\\/\\\/www.organisator.ch\\\/#organization\",\"name\":\"Organisator\",\"url\":\"https:\\\/\\\/www.organisator.ch\\\/\",\"logo\":{\"@type\":\"ImageObject\",\"inLanguage\":\"fr-FR\",\"@id\":\"https:\\\/\\\/www.organisator.ch\\\/#\\\/schema\\\/logo\\\/image\\\/\",\"url\":\"https:\\\/\\\/www.organisator.ch\\\/wp-content\\\/uploads\\\/2022\\\/01\\\/Logo_Organisator_Website.png\",\"contentUrl\":\"https:\\\/\\\/www.organisator.ch\\\/wp-content\\\/uploads\\\/2022\\\/01\\\/Logo_Organisator_Website.png\",\"width\":800,\"height\":77,\"caption\":\"Organisator\"},\"image\":{\"@id\":\"https:\\\/\\\/www.organisator.ch\\\/#\\\/schema\\\/logo\\\/image\\\/\"},\"sameAs\":[\"https:\\\/\\\/www.facebook.com\\\/OrganisatorFachmagazin\",\"https:\\\/\\\/www.linkedin.com\\\/showcase\\\/organisator-das-magazin-fr-kmu\",\"https:\\\/\\\/www.xing.com\\\/news\\\/pages\\\/organisator-ch-695\",\"https:\\\/\\\/www.youtube.com\\\/channel\\\/UCGP2Sq0iWaZwT3BdIAQFYpw\"]},{\"@type\":\"Person\",\"@id\":\"https:\\\/\\\/www.organisator.ch\\\/#\\\/schema\\\/person\\\/6f650f90b2842cd4c0cc334b4e36f67e\",\"name\":\"thomas.berner\",\"image\":{\"@type\":\"ImageObject\",\"inLanguage\":\"fr-FR\",\"@id\":\"https:\\\/\\\/secure.gravatar.com\\\/avatar\\\/ac5001d2a36cb6c6cd3e50789007ffca834b477b74a2144564522e944eabff61?s=96&d=mm&r=g\",\"url\":\"https:\\\/\\\/secure.gravatar.com\\\/avatar\\\/ac5001d2a36cb6c6cd3e50789007ffca834b477b74a2144564522e944eabff61?s=96&d=mm&r=g\",\"contentUrl\":\"https:\\\/\\\/secure.gravatar.com\\\/avatar\\\/ac5001d2a36cb6c6cd3e50789007ffca834b477b74a2144564522e944eabff61?s=96&d=mm&r=g\",\"caption\":\"thomas.berner\"},\"url\":\"https:\\\/\\\/www.organisator.ch\\\/fr\\\/author\\\/thomas-berner\\\/\"}]}<\/script>\n<!-- \/ Yoast SEO plugin. -->","yoast_head_json":{"title":"R\u00e9trospective NWX23 : Le march\u00e9 du travail sous l'emprise de la p\u00e9nurie de main-d'\u0153uvre qualifi\u00e9e, des conflits de g\u00e9n\u00e9rations et de l'IA - Organisateur","description":"R\u00e9trospective NWX23 \u00e0 Hambourg : la p\u00e9nurie de main-d'\u0153uvre qualifi\u00e9e, les conflits de g\u00e9n\u00e9rations et l'intelligence artificielle font avancer les bouleversements du march\u00e9 du travail.","robots":{"index":"index","follow":"follow","max-snippet":"max-snippet:-1","max-image-preview":"max-image-preview:large","max-video-preview":"max-video-preview:-1"},"canonical":"https:\/\/www.organisator.ch\/fr\/ressources-humaines\/2023-06-15\/rueckblick-nwx23-arbeitsmarkt-im-banne-von-fachkraeftemangel-generationenkonflikten-und-ki\/","og_locale":"fr_FR","og_type":"article","og_title":"R\u00fcckblick NWX23: Arbeitsmarkt im Banne von Fachkr\u00e4ftemangel, Generationenkonflikten und KI","og_description":"R\u00fcckblick NWX23 in Hamburg: Fachkr\u00e4ftemangel, Generationenkonflikte und K\u00fcnstliche Intelligenz treiben den Umbruch des Arbeitsmarktes voran.","og_url":"https:\/\/www.organisator.ch\/fr\/ressources-humaines\/2023-06-15\/rueckblick-nwx23-arbeitsmarkt-im-banne-von-fachkraeftemangel-generationenkonflikten-und-ki\/","og_site_name":"Organisator","article_publisher":"https:\/\/www.facebook.com\/OrganisatorFachmagazin","article_published_time":"2023-06-15T09:01:44+00:00","article_modified_time":"2023-06-28T07:53:45+00:00","og_image":[{"width":680,"height":453,"url":"https:\/\/www.organisator.ch\/wp-content\/uploads\/2023\/06\/Rueckblick-NWX23-Arbeitsmarkt-im-Banne-von-Fachkraeftemangel-Generationenkonflikten-und-KI-1_Organisator.jpg","type":"image\/jpeg"}],"author":"thomas.berner","twitter_card":"summary_large_image","twitter_title":"R\u00fcckblick #NWX23: Arbeitsmarkt im Banne von #Fachkr\u00e4ftemangel, #Generationenkonflikten und KI","twitter_description":"R\u00fcckblick #NWX23 in Hamburg: #Fachkr\u00e4ftemangel, #Generationenkonflikte und K\u00fcnstliche Intelligenz treiben den Umbruch des #Arbeitsmarktes voran.","twitter_image":"https:\/\/www.organisator.ch\/wp-content\/uploads\/2023\/06\/Rueckblick-NWX23-Arbeitsmarkt-im-Banne-von-Fachkraeftemangel-Generationenkonflikten-und-KI-1_Organisator.jpg","schema":{"@context":"https:\/\/schema.org","@graph":[{"@type":"Article","@id":"https:\/\/www.organisator.ch\/human-resources\/2023-06-15\/rueckblick-nwx23-arbeitsmarkt-im-banne-von-fachkraeftemangel-generationenkonflikten-und-ki\/#article","isPartOf":{"@id":"https:\/\/www.organisator.ch\/human-resources\/2023-06-15\/rueckblick-nwx23-arbeitsmarkt-im-banne-von-fachkraeftemangel-generationenkonflikten-und-ki\/"},"author":{"name":"thomas.berner","@id":"https:\/\/www.organisator.ch\/#\/schema\/person\/6f650f90b2842cd4c0cc334b4e36f67e"},"headline":"R\u00fcckblick NWX23: Arbeitsmarkt im Banne von Fachkr\u00e4ftemangel, Generationenkonflikten und KI","datePublished":"2023-06-15T09:01:44+00:00","dateModified":"2023-06-28T07:53:45+00:00","mainEntityOfPage":{"@id":"https:\/\/www.organisator.ch\/human-resources\/2023-06-15\/rueckblick-nwx23-arbeitsmarkt-im-banne-von-fachkraeftemangel-generationenkonflikten-und-ki\/"},"wordCount":1007,"publisher":{"@id":"https:\/\/www.organisator.ch\/#organization"},"image":{"@id":"https:\/\/www.organisator.ch\/human-resources\/2023-06-15\/rueckblick-nwx23-arbeitsmarkt-im-banne-von-fachkraeftemangel-generationenkonflikten-und-ki\/#primaryimage"},"thumbnailUrl":"https:\/\/www.organisator.ch\/wp-content\/uploads\/2023\/06\/Rueckblick-NWX23-Arbeitsmarkt-im-Banne-von-Fachkraeftemangel-Generationenkonflikten-und-KI-1_Organisator.jpg","keywords":["Fachkongress\/Fachmesse","HRM","Karriere","Management und Unternehmensf\u00fchrung"],"articleSection":["HUMAN RESOURCES"],"inLanguage":"fr-FR"},{"@type":"WebPage","@id":"https:\/\/www.organisator.ch\/human-resources\/2023-06-15\/rueckblick-nwx23-arbeitsmarkt-im-banne-von-fachkraeftemangel-generationenkonflikten-und-ki\/","url":"https:\/\/www.organisator.ch\/human-resources\/2023-06-15\/rueckblick-nwx23-arbeitsmarkt-im-banne-von-fachkraeftemangel-generationenkonflikten-und-ki\/","name":"R\u00e9trospective NWX23 : Le march\u00e9 du travail sous l'emprise de la p\u00e9nurie de main-d'\u0153uvre qualifi\u00e9e, des conflits de g\u00e9n\u00e9rations et de l'IA - Organisateur","isPartOf":{"@id":"https:\/\/www.organisator.ch\/#website"},"primaryImageOfPage":{"@id":"https:\/\/www.organisator.ch\/human-resources\/2023-06-15\/rueckblick-nwx23-arbeitsmarkt-im-banne-von-fachkraeftemangel-generationenkonflikten-und-ki\/#primaryimage"},"image":{"@id":"https:\/\/www.organisator.ch\/human-resources\/2023-06-15\/rueckblick-nwx23-arbeitsmarkt-im-banne-von-fachkraeftemangel-generationenkonflikten-und-ki\/#primaryimage"},"thumbnailUrl":"https:\/\/www.organisator.ch\/wp-content\/uploads\/2023\/06\/Rueckblick-NWX23-Arbeitsmarkt-im-Banne-von-Fachkraeftemangel-Generationenkonflikten-und-KI-1_Organisator.jpg","datePublished":"2023-06-15T09:01:44+00:00","dateModified":"2023-06-28T07:53:45+00:00","description":"R\u00e9trospective NWX23 \u00e0 Hambourg : la p\u00e9nurie de main-d'\u0153uvre qualifi\u00e9e, les conflits de g\u00e9n\u00e9rations et l'intelligence artificielle font avancer les bouleversements du march\u00e9 du travail.","breadcrumb":{"@id":"https:\/\/www.organisator.ch\/human-resources\/2023-06-15\/rueckblick-nwx23-arbeitsmarkt-im-banne-von-fachkraeftemangel-generationenkonflikten-und-ki\/#breadcrumb"},"inLanguage":"fr-FR","potentialAction":[{"@type":"ReadAction","target":["https:\/\/www.organisator.ch\/human-resources\/2023-06-15\/rueckblick-nwx23-arbeitsmarkt-im-banne-von-fachkraeftemangel-generationenkonflikten-und-ki\/"]}]},{"@type":"ImageObject","inLanguage":"fr-FR","@id":"https:\/\/www.organisator.ch\/human-resources\/2023-06-15\/rueckblick-nwx23-arbeitsmarkt-im-banne-von-fachkraeftemangel-generationenkonflikten-und-ki\/#primaryimage","url":"https:\/\/www.organisator.ch\/wp-content\/uploads\/2023\/06\/Rueckblick-NWX23-Arbeitsmarkt-im-Banne-von-Fachkraeftemangel-Generationenkonflikten-und-KI-1_Organisator.jpg","contentUrl":"https:\/\/www.organisator.ch\/wp-content\/uploads\/2023\/06\/Rueckblick-NWX23-Arbeitsmarkt-im-Banne-von-Fachkraeftemangel-Generationenkonflikten-und-KI-1_Organisator.jpg","width":680,"height":453,"caption":"Einen \"Container\" voller Herausforderungen der Arbeitswelt: Die NWX23 in Hamburg. (Bild: Nils Hasenau)"},{"@type":"BreadcrumbList","@id":"https:\/\/www.organisator.ch\/human-resources\/2023-06-15\/rueckblick-nwx23-arbeitsmarkt-im-banne-von-fachkraeftemangel-generationenkonflikten-und-ki\/#breadcrumb","itemListElement":[{"@type":"ListItem","position":1,"name":"Home","item":"https:\/\/www.organisator.ch\/"},{"@type":"ListItem","position":2,"name":"R\u00fcckblick NWX23: Arbeitsmarkt im Banne von Fachkr\u00e4ftemangel, Generationenkonflikten und KI"}]},{"@type":"WebSite","@id":"https:\/\/www.organisator.ch\/#website","url":"https:\/\/www.organisator.ch\/","name":"Organisateur","description":"Comp\u00e9tence et comp\u00e9tence. Proches de la pratique. L'ORGANISATEUR pr\u00e9pare 10 num\u00e9ros par an sur les th\u00e8mes essentiels pour les dirigeants de PME.","publisher":{"@id":"https:\/\/www.organisator.ch\/#organization"},"potentialAction":[{"@type":"SearchAction","target":{"@type":"EntryPoint","urlTemplate":"https:\/\/www.organisator.ch\/?s={search_term_string}"},"query-input":{"@type":"PropertyValueSpecification","valueRequired":true,"valueName":"search_term_string"}}],"inLanguage":"fr-FR"},{"@type":"Organization","@id":"https:\/\/www.organisator.ch\/#organization","name":"Organisateur","url":"https:\/\/www.organisator.ch\/","logo":{"@type":"ImageObject","inLanguage":"fr-FR","@id":"https:\/\/www.organisator.ch\/#\/schema\/logo\/image\/","url":"https:\/\/www.organisator.ch\/wp-content\/uploads\/2022\/01\/Logo_Organisator_Website.png","contentUrl":"https:\/\/www.organisator.ch\/wp-content\/uploads\/2022\/01\/Logo_Organisator_Website.png","width":800,"height":77,"caption":"Organisator"},"image":{"@id":"https:\/\/www.organisator.ch\/#\/schema\/logo\/image\/"},"sameAs":["https:\/\/www.facebook.com\/OrganisatorFachmagazin","https:\/\/www.linkedin.com\/showcase\/organisator-das-magazin-fr-kmu","https:\/\/www.xing.com\/news\/pages\/organisator-ch-695","https:\/\/www.youtube.com\/channel\/UCGP2Sq0iWaZwT3BdIAQFYpw"]},{"@type":"Person","@id":"https:\/\/www.organisator.ch\/#\/schema\/person\/6f650f90b2842cd4c0cc334b4e36f67e","name":"thomas.berner","image":{"@type":"ImageObject","inLanguage":"fr-FR","@id":"https:\/\/secure.gravatar.com\/avatar\/ac5001d2a36cb6c6cd3e50789007ffca834b477b74a2144564522e944eabff61?s=96&d=mm&r=g","url":"https:\/\/secure.gravatar.com\/avatar\/ac5001d2a36cb6c6cd3e50789007ffca834b477b74a2144564522e944eabff61?s=96&d=mm&r=g","contentUrl":"https:\/\/secure.gravatar.com\/avatar\/ac5001d2a36cb6c6cd3e50789007ffca834b477b74a2144564522e944eabff61?s=96&d=mm&r=g","caption":"thomas.berner"},"url":"https:\/\/www.organisator.ch\/fr\/author\/thomas-berner\/"}]}},"_links":{"self":[{"href":"https:\/\/www.organisator.ch\/fr\/wp-json\/wp\/v2\/posts\/20718","targetHints":{"allow":["GET"]}}],"collection":[{"href":"https:\/\/www.organisator.ch\/fr\/wp-json\/wp\/v2\/posts"}],"about":[{"href":"https:\/\/www.organisator.ch\/fr\/wp-json\/wp\/v2\/types\/post"}],"author":[{"embeddable":true,"href":"https:\/\/www.organisator.ch\/fr\/wp-json\/wp\/v2\/users\/4"}],"replies":[{"embeddable":true,"href":"https:\/\/www.organisator.ch\/fr\/wp-json\/wp\/v2\/comments?post=20718"}],"version-history":[{"count":1,"href":"https:\/\/www.organisator.ch\/fr\/wp-json\/wp\/v2\/posts\/20718\/revisions"}],"predecessor-version":[{"id":20723,"href":"https:\/\/www.organisator.ch\/fr\/wp-json\/wp\/v2\/posts\/20718\/revisions\/20723"}],"wp:featuredmedia":[{"embeddable":true,"href":"https:\/\/www.organisator.ch\/fr\/wp-json\/wp\/v2\/media\/20720"}],"wp:attachment":[{"href":"https:\/\/www.organisator.ch\/fr\/wp-json\/wp\/v2\/media?parent=20718"}],"wp:term":[{"taxonomy":"category","embeddable":true,"href":"https:\/\/www.organisator.ch\/fr\/wp-json\/wp\/v2\/categories?post=20718"},{"taxonomy":"post_tag","embeddable":true,"href":"https:\/\/www.organisator.ch\/fr\/wp-json\/wp\/v2\/tags?post=20718"}],"curies":[{"name":"wp","href":"https:\/\/api.w.org\/{rel}","templated":true}]}}