{"id":2074,"date":"2019-03-19T11:18:39","date_gmt":"2019-03-19T10:18:39","guid":{"rendered":"https:\/\/www.umweltperspektiven.ch\/?p=2074"},"modified":"2024-11-07T07:08:21","modified_gmt":"2024-11-07T06:08:21","slug":"16-schweizer-sonderabfalltag","status":"publish","type":"post","link":"https:\/\/www.organisator.ch\/fr\/allgemein\/2019-03-19\/16-schweizer-sonderabfalltag\/","title":{"rendered":"16e Journ\u00e9e suisse des d\u00e9chets sp\u00e9ciaux"},"content":{"rendered":"<p>&nbsp;<\/p>\n<figure id=\"attachment_2075\" aria-describedby=\"caption-attachment-2075\" style=\"width: 680px\" class=\"wp-caption alignnone\"><img loading=\"lazy\" decoding=\"async\" class=\"wp-image-2075 size-medium\" src=\"\/\/www.umweltperspektiven.ch\/wp-content\/uploads\/2019\/03\/Sonderabfalltag-2019-UP-Umweltperspektive.jpg\" alt=\"Journ\u00e9e suisse des d\u00e9chets sp\u00e9ciaux\" width=\"680\" height=\"450\" \/><figcaption id=\"caption-attachment-2075\" class=\"wp-caption-text\">Les d\u00e9chets sont une priorit\u00e9. Des th\u00e8mes \u00e0 ce sujet seront discut\u00e9s lors de la journ\u00e9e des d\u00e9chets sp\u00e9ciaux 2019. (Image symbolique : Unsplash)<\/figcaption><\/figure>\n<p class=\"bodytext\">La journ\u00e9e des d\u00e9chets sp\u00e9ciaux attire toujours plus de 180 sp\u00e9cialistes.  Cette ann\u00e9e encore, de nombreuses interventions seront organis\u00e9es autour du th\u00e8me omnipr\u00e9sent des d\u00e9chets.<\/p>\n<p class=\"bodytext\">Une fois de plus, des intervenants issus des autorit\u00e9s, des associations et de l'industrie se r\u00e9unissent \u00e0 Olten. Les th\u00e8mes de cette ann\u00e9e comprennent entre autres<\/p>\n<ul>\n<li>\u00c9limination des piles au lithiumNouveau<\/li>\n<li>Initiative de recyclage des emballages plastiques<\/li>\n<li>Gestion des d\u00e9chets \u00e0 la cimenterie<\/li>\n<li>Probl\u00e9matiques et solutions pour la mise en d\u00e9charge des d\u00e9chets<\/li>\n<li>Exigences pos\u00e9es aux entreprises de gestion des d\u00e9chets pour l'obtention d'une autorisation d'exploitation<\/li>\n<li>Exigences relatives \u00e0 l'organisation et \u00e0 l'exploitation des centres de collecte de d\u00e9chets sp\u00e9ciaux<\/li>\n<\/ul>\n<p class=\"bodytext\">De plus amples informations sur les th\u00e8mes, le programme et nos partenaires seront communiqu\u00e9es prochainement.<\/p>\n<p class=\"bodytext\"><a class=\"external-link-new-window\" href=\"\/\/www.ecoserve.ch\/kursangebot\/kurse-workshops-ausbildungen\/detail\/?tx_seminars_pi1%5BshowUid%5D=517\" target=\"_blank\" rel=\"noopener\">Inscription \u00e0 la Journ\u00e9e suisse des d\u00e9chets sp\u00e9ciaux 2019<\/a><\/p>\n<p class=\"bodytext\">La date de la journ\u00e9e des d\u00e9chets sp\u00e9ciaux 2019 est fix\u00e9e : mardi 4 juin 2019 \u00e0 l'h\u00f4tel Arte \u00e0 Olten.<\/p>\n<p>EcoServe remercie ici chaleureusement tous les participants, les exposants, les partenaires m\u00e9dias et de patronage, les conf\u00e9renciers et le photographe pour leur contribution au succ\u00e8s de la Journ\u00e9e des d\u00e9chets sp\u00e9ciaux 2018.<\/p>\n<p>Vous trouverez tous les expos\u00e9s du SAT 2018 et une br\u00e8ve r\u00e9trospective sur notre site Internet sous <a class=\"external-link-new-window\" href=\"\/\/www.ecoserve.ch\/aktuelles\/sonderabfalltag\/15-sonderabfalltag-2018\/\" target=\"_blank\" rel=\"noopener\">\"Journ\u00e9e suisse des d\u00e9chets sp\u00e9ciaux 2018\"<\/a><\/p>\n<p>&nbsp;<\/p>","protected":false},"excerpt":{"rendered":"<p>&nbsp; Der Sonderabfalltag zieht immer weit \u00fcber 180 Fachpersonen an.\u00a0 Auch dieses Jahr werden vielseitige Beitr\u00e4ge ums omnipr\u00e4sente Thema &#8222;Abfall&#8220; abgehalten. Einmal mehr treffen sich Referenten aus Beh\u00f6rden, Verb\u00e4nden und der Industrie in Olten. Die diesj\u00e4hrigen Themen beinhalten unter anderem: Entsorgung von LithiumbatterienNeue Recycling Initiative Kunststoff-Verpackungen Abfallentsorgung im Zementwerk Problematiken und L\u00f6sungen bei der Deponierung [&hellip;]<\/p>\n","protected":false},"author":5,"featured_media":9595,"comment_status":"closed","ping_status":"closed","sticky":false,"template":"","format":"standard","meta":{"_acf_changed":false,"_yoast_wpseo_focuskw":"Schweizer Sonderabfalltag","_yoast_wpseo_metadesc":"Der Schweizer Sonderabfalltag 2019 zieht \u00fcber 180 Fachpersonen an und bietet vielf\u00e4ltige Beitr\u00e4ge zum Thema Abfall.","articlekey":"","footnotes":""},"categories":[1],"tags":[654,424,468],"class_list":["post-2074","post","type-post","status-publish","format-standard","has-post-thumbnail","hentry","category-allgemein","tag-abfall","tag-schweiz","tag-tagung"],"acf":[],"yoast_head":"<!-- This site is optimized with the Yoast SEO plugin v27.5 - https:\/\/yoast.com\/product\/yoast-seo-wordpress\/ -->\n<title>16. Schweizer Sonderabfalltag - Organisator<\/title>\n<meta name=\"description\" content=\"Der Schweizer Sonderabfalltag 2019 zieht \u00fcber 180 Fachpersonen an und bietet vielf\u00e4ltige Beitr\u00e4ge zum Thema Abfall.\" \/>\n<meta name=\"robots\" content=\"index, follow, max-snippet:-1, max-image-preview:large, max-video-preview:-1\" \/>\n<link rel=\"canonical\" href=\"https:\/\/www.organisator.ch\/fr\/general\/2019-03-19\/16-schweizer-sonderabfalltag\/\" \/>\n<meta property=\"og:locale\" content=\"fr_FR\" \/>\n<meta property=\"og:type\" content=\"article\" \/>\n<meta property=\"og:title\" content=\"16. Schweizer Sonderabfalltag - Organisator\" \/>\n<meta property=\"og:description\" content=\"Der Schweizer Sonderabfalltag 2019 zieht \u00fcber 180 Fachpersonen an und bietet vielf\u00e4ltige Beitr\u00e4ge zum Thema Abfall.\" \/>\n<meta property=\"og:url\" content=\"https:\/\/www.organisator.ch\/fr\/general\/2019-03-19\/16-schweizer-sonderabfalltag\/\" \/>\n<meta property=\"og:site_name\" content=\"Organisator\" \/>\n<meta property=\"article:publisher\" content=\"https:\/\/www.facebook.com\/OrganisatorFachmagazin\" \/>\n<meta property=\"article:published_time\" content=\"2019-03-19T10:18:39+00:00\" \/>\n<meta property=\"article:modified_time\" content=\"2024-11-07T06:08:21+00:00\" \/>\n<meta property=\"og:image\" content=\"https:\/\/www.organisator.ch\/wp-content\/uploads\/2019\/03\/Sonderabfalltag-2019-UP-Umweltperspektive-scaled.jpg\" \/>\n\t<meta property=\"og:image:width\" content=\"2560\" \/>\n\t<meta property=\"og:image:height\" content=\"1695\" \/>\n\t<meta property=\"og:image:type\" content=\"image\/jpeg\" \/>\n<meta name=\"author\" content=\"michael.merz\" \/>\n<meta name=\"twitter:card\" content=\"summary_large_image\" \/>\n<script type=\"application\/ld+json\" class=\"yoast-schema-graph\">{\"@context\":\"https:\\\/\\\/schema.org\",\"@graph\":[{\"@type\":\"Article\",\"@id\":\"https:\\\/\\\/www.organisator.ch\\\/allgemein\\\/2019-03-19\\\/16-schweizer-sonderabfalltag\\\/#article\",\"isPartOf\":{\"@id\":\"https:\\\/\\\/www.organisator.ch\\\/allgemein\\\/2019-03-19\\\/16-schweizer-sonderabfalltag\\\/\"},\"author\":{\"name\":\"michael.merz\",\"@id\":\"https:\\\/\\\/www.organisator.ch\\\/#\\\/schema\\\/person\\\/134708ca9321c57b0362cceb7948ffbd\"},\"headline\":\"16. Schweizer Sonderabfalltag\",\"datePublished\":\"2019-03-19T10:18:39+00:00\",\"dateModified\":\"2024-11-07T06:08:21+00:00\",\"mainEntityOfPage\":{\"@id\":\"https:\\\/\\\/www.organisator.ch\\\/allgemein\\\/2019-03-19\\\/16-schweizer-sonderabfalltag\\\/\"},\"wordCount\":182,\"publisher\":{\"@id\":\"https:\\\/\\\/www.organisator.ch\\\/#organization\"},\"image\":{\"@id\":\"https:\\\/\\\/www.organisator.ch\\\/allgemein\\\/2019-03-19\\\/16-schweizer-sonderabfalltag\\\/#primaryimage\"},\"thumbnailUrl\":\"https:\\\/\\\/www.organisator.ch\\\/wp-content\\\/uploads\\\/2019\\\/03\\\/Sonderabfalltag-2019-UP-Umweltperspektive-scaled.jpg\",\"keywords\":[\"Abfall\",\"Schweiz\",\"Tagung\"],\"articleSection\":[\"Allgemein\"],\"inLanguage\":\"fr-FR\"},{\"@type\":\"WebPage\",\"@id\":\"https:\\\/\\\/www.organisator.ch\\\/allgemein\\\/2019-03-19\\\/16-schweizer-sonderabfalltag\\\/\",\"url\":\"https:\\\/\\\/www.organisator.ch\\\/allgemein\\\/2019-03-19\\\/16-schweizer-sonderabfalltag\\\/\",\"name\":\"16. Schweizer Sonderabfalltag - Organisator\",\"isPartOf\":{\"@id\":\"https:\\\/\\\/www.organisator.ch\\\/#website\"},\"primaryImageOfPage\":{\"@id\":\"https:\\\/\\\/www.organisator.ch\\\/allgemein\\\/2019-03-19\\\/16-schweizer-sonderabfalltag\\\/#primaryimage\"},\"image\":{\"@id\":\"https:\\\/\\\/www.organisator.ch\\\/allgemein\\\/2019-03-19\\\/16-schweizer-sonderabfalltag\\\/#primaryimage\"},\"thumbnailUrl\":\"https:\\\/\\\/www.organisator.ch\\\/wp-content\\\/uploads\\\/2019\\\/03\\\/Sonderabfalltag-2019-UP-Umweltperspektive-scaled.jpg\",\"datePublished\":\"2019-03-19T10:18:39+00:00\",\"dateModified\":\"2024-11-07T06:08:21+00:00\",\"description\":\"Der Schweizer Sonderabfalltag 2019 zieht \u00fcber 180 Fachpersonen an und bietet vielf\u00e4ltige Beitr\u00e4ge zum Thema Abfall.\",\"breadcrumb\":{\"@id\":\"https:\\\/\\\/www.organisator.ch\\\/allgemein\\\/2019-03-19\\\/16-schweizer-sonderabfalltag\\\/#breadcrumb\"},\"inLanguage\":\"fr-FR\",\"potentialAction\":[{\"@type\":\"ReadAction\",\"target\":[\"https:\\\/\\\/www.organisator.ch\\\/allgemein\\\/2019-03-19\\\/16-schweizer-sonderabfalltag\\\/\"]}]},{\"@type\":\"ImageObject\",\"inLanguage\":\"fr-FR\",\"@id\":\"https:\\\/\\\/www.organisator.ch\\\/allgemein\\\/2019-03-19\\\/16-schweizer-sonderabfalltag\\\/#primaryimage\",\"url\":\"https:\\\/\\\/www.organisator.ch\\\/wp-content\\\/uploads\\\/2019\\\/03\\\/Sonderabfalltag-2019-UP-Umweltperspektive-scaled.jpg\",\"contentUrl\":\"https:\\\/\\\/www.organisator.ch\\\/wp-content\\\/uploads\\\/2019\\\/03\\\/Sonderabfalltag-2019-UP-Umweltperspektive-scaled.jpg\",\"width\":2560,\"height\":1695,\"caption\":\"Abfall hat Priorit\u00e4t. Themen dazu werden am Sonderabfalltag 2019 diskutiert. (Symbolbild: Unsplash)\"},{\"@type\":\"BreadcrumbList\",\"@id\":\"https:\\\/\\\/www.organisator.ch\\\/allgemein\\\/2019-03-19\\\/16-schweizer-sonderabfalltag\\\/#breadcrumb\",\"itemListElement\":[{\"@type\":\"ListItem\",\"position\":1,\"name\":\"Home\",\"item\":\"https:\\\/\\\/www.organisator.ch\\\/\"},{\"@type\":\"ListItem\",\"position\":2,\"name\":\"16. Schweizer Sonderabfalltag\"}]},{\"@type\":\"WebSite\",\"@id\":\"https:\\\/\\\/www.organisator.ch\\\/#website\",\"url\":\"https:\\\/\\\/www.organisator.ch\\\/\",\"name\":\"Organisator\",\"description\":\"Kompetent. Praxisnah. Der ORGANISATOR bereitet in 10 Ausgaben pro Jahr die wesentlichen Themen f\u00fcr F\u00fchrungskr\u00e4fte von KMU auf.\",\"publisher\":{\"@id\":\"https:\\\/\\\/www.organisator.ch\\\/#organization\"},\"potentialAction\":[{\"@type\":\"SearchAction\",\"target\":{\"@type\":\"EntryPoint\",\"urlTemplate\":\"https:\\\/\\\/www.organisator.ch\\\/?s={search_term_string}\"},\"query-input\":{\"@type\":\"PropertyValueSpecification\",\"valueRequired\":true,\"valueName\":\"search_term_string\"}}],\"inLanguage\":\"fr-FR\"},{\"@type\":\"Organization\",\"@id\":\"https:\\\/\\\/www.organisator.ch\\\/#organization\",\"name\":\"Organisator\",\"url\":\"https:\\\/\\\/www.organisator.ch\\\/\",\"logo\":{\"@type\":\"ImageObject\",\"inLanguage\":\"fr-FR\",\"@id\":\"https:\\\/\\\/www.organisator.ch\\\/#\\\/schema\\\/logo\\\/image\\\/\",\"url\":\"https:\\\/\\\/www.organisator.ch\\\/wp-content\\\/uploads\\\/2022\\\/01\\\/Logo_Organisator_Website.png\",\"contentUrl\":\"https:\\\/\\\/www.organisator.ch\\\/wp-content\\\/uploads\\\/2022\\\/01\\\/Logo_Organisator_Website.png\",\"width\":800,\"height\":77,\"caption\":\"Organisator\"},\"image\":{\"@id\":\"https:\\\/\\\/www.organisator.ch\\\/#\\\/schema\\\/logo\\\/image\\\/\"},\"sameAs\":[\"https:\\\/\\\/www.facebook.com\\\/OrganisatorFachmagazin\",\"https:\\\/\\\/www.linkedin.com\\\/showcase\\\/organisator-das-magazin-fr-kmu\",\"https:\\\/\\\/www.xing.com\\\/news\\\/pages\\\/organisator-ch-695\",\"https:\\\/\\\/www.youtube.com\\\/channel\\\/UCGP2Sq0iWaZwT3BdIAQFYpw\"]},{\"@type\":\"Person\",\"@id\":\"https:\\\/\\\/www.organisator.ch\\\/#\\\/schema\\\/person\\\/134708ca9321c57b0362cceb7948ffbd\",\"name\":\"michael.merz\",\"image\":{\"@type\":\"ImageObject\",\"inLanguage\":\"fr-FR\",\"@id\":\"https:\\\/\\\/secure.gravatar.com\\\/avatar\\\/?s=96&d=mm&r=g\",\"url\":\"https:\\\/\\\/secure.gravatar.com\\\/avatar\\\/?s=96&d=mm&r=g\",\"contentUrl\":\"https:\\\/\\\/secure.gravatar.com\\\/avatar\\\/?s=96&d=mm&r=g\",\"caption\":\"michael.merz\"},\"url\":\"https:\\\/\\\/www.organisator.ch\\\/fr\\\/author\\\/michael-merz\\\/\"}]}<\/script>\n<!-- \/ Yoast SEO plugin. -->","yoast_head_json":{"title":"16e Journ\u00e9e suisse des d\u00e9chets sp\u00e9ciaux - Organisateur","description":"La Journ\u00e9e suisse des d\u00e9chets sp\u00e9ciaux 2019 attire plus de 180 sp\u00e9cialistes et propose des contributions vari\u00e9es sur le th\u00e8me des d\u00e9chets.","robots":{"index":"index","follow":"follow","max-snippet":"max-snippet:-1","max-image-preview":"max-image-preview:large","max-video-preview":"max-video-preview:-1"},"canonical":"https:\/\/www.organisator.ch\/fr\/general\/2019-03-19\/16-schweizer-sonderabfalltag\/","og_locale":"fr_FR","og_type":"article","og_title":"16. Schweizer Sonderabfalltag - Organisator","og_description":"Der Schweizer Sonderabfalltag 2019 zieht \u00fcber 180 Fachpersonen an und bietet vielf\u00e4ltige Beitr\u00e4ge zum Thema Abfall.","og_url":"https:\/\/www.organisator.ch\/fr\/general\/2019-03-19\/16-schweizer-sonderabfalltag\/","og_site_name":"Organisator","article_publisher":"https:\/\/www.facebook.com\/OrganisatorFachmagazin","article_published_time":"2019-03-19T10:18:39+00:00","article_modified_time":"2024-11-07T06:08:21+00:00","og_image":[{"width":2560,"height":1695,"url":"https:\/\/www.organisator.ch\/wp-content\/uploads\/2019\/03\/Sonderabfalltag-2019-UP-Umweltperspektive-scaled.jpg","type":"image\/jpeg"}],"author":"michael.merz","twitter_card":"summary_large_image","schema":{"@context":"https:\/\/schema.org","@graph":[{"@type":"Article","@id":"https:\/\/www.organisator.ch\/allgemein\/2019-03-19\/16-schweizer-sonderabfalltag\/#article","isPartOf":{"@id":"https:\/\/www.organisator.ch\/allgemein\/2019-03-19\/16-schweizer-sonderabfalltag\/"},"author":{"name":"michael.merz","@id":"https:\/\/www.organisator.ch\/#\/schema\/person\/134708ca9321c57b0362cceb7948ffbd"},"headline":"16. Schweizer Sonderabfalltag","datePublished":"2019-03-19T10:18:39+00:00","dateModified":"2024-11-07T06:08:21+00:00","mainEntityOfPage":{"@id":"https:\/\/www.organisator.ch\/allgemein\/2019-03-19\/16-schweizer-sonderabfalltag\/"},"wordCount":182,"publisher":{"@id":"https:\/\/www.organisator.ch\/#organization"},"image":{"@id":"https:\/\/www.organisator.ch\/allgemein\/2019-03-19\/16-schweizer-sonderabfalltag\/#primaryimage"},"thumbnailUrl":"https:\/\/www.organisator.ch\/wp-content\/uploads\/2019\/03\/Sonderabfalltag-2019-UP-Umweltperspektive-scaled.jpg","keywords":["Abfall","Schweiz","Tagung"],"articleSection":["Allgemein"],"inLanguage":"fr-FR"},{"@type":"WebPage","@id":"https:\/\/www.organisator.ch\/allgemein\/2019-03-19\/16-schweizer-sonderabfalltag\/","url":"https:\/\/www.organisator.ch\/allgemein\/2019-03-19\/16-schweizer-sonderabfalltag\/","name":"16e Journ\u00e9e suisse des d\u00e9chets sp\u00e9ciaux - Organisateur","isPartOf":{"@id":"https:\/\/www.organisator.ch\/#website"},"primaryImageOfPage":{"@id":"https:\/\/www.organisator.ch\/allgemein\/2019-03-19\/16-schweizer-sonderabfalltag\/#primaryimage"},"image":{"@id":"https:\/\/www.organisator.ch\/allgemein\/2019-03-19\/16-schweizer-sonderabfalltag\/#primaryimage"},"thumbnailUrl":"https:\/\/www.organisator.ch\/wp-content\/uploads\/2019\/03\/Sonderabfalltag-2019-UP-Umweltperspektive-scaled.jpg","datePublished":"2019-03-19T10:18:39+00:00","dateModified":"2024-11-07T06:08:21+00:00","description":"La Journ\u00e9e suisse des d\u00e9chets sp\u00e9ciaux 2019 attire plus de 180 sp\u00e9cialistes et propose des contributions vari\u00e9es sur le th\u00e8me des d\u00e9chets.","breadcrumb":{"@id":"https:\/\/www.organisator.ch\/allgemein\/2019-03-19\/16-schweizer-sonderabfalltag\/#breadcrumb"},"inLanguage":"fr-FR","potentialAction":[{"@type":"ReadAction","target":["https:\/\/www.organisator.ch\/allgemein\/2019-03-19\/16-schweizer-sonderabfalltag\/"]}]},{"@type":"ImageObject","inLanguage":"fr-FR","@id":"https:\/\/www.organisator.ch\/allgemein\/2019-03-19\/16-schweizer-sonderabfalltag\/#primaryimage","url":"https:\/\/www.organisator.ch\/wp-content\/uploads\/2019\/03\/Sonderabfalltag-2019-UP-Umweltperspektive-scaled.jpg","contentUrl":"https:\/\/www.organisator.ch\/wp-content\/uploads\/2019\/03\/Sonderabfalltag-2019-UP-Umweltperspektive-scaled.jpg","width":2560,"height":1695,"caption":"Abfall hat Priorit\u00e4t. Themen dazu werden am Sonderabfalltag 2019 diskutiert. (Symbolbild: Unsplash)"},{"@type":"BreadcrumbList","@id":"https:\/\/www.organisator.ch\/allgemein\/2019-03-19\/16-schweizer-sonderabfalltag\/#breadcrumb","itemListElement":[{"@type":"ListItem","position":1,"name":"Home","item":"https:\/\/www.organisator.ch\/"},{"@type":"ListItem","position":2,"name":"16. Schweizer Sonderabfalltag"}]},{"@type":"WebSite","@id":"https:\/\/www.organisator.ch\/#website","url":"https:\/\/www.organisator.ch\/","name":"Organisateur","description":"Comp\u00e9tence et comp\u00e9tence. Proches de la pratique. L'ORGANISATEUR pr\u00e9pare 10 num\u00e9ros par an sur les th\u00e8mes essentiels pour les dirigeants de PME.","publisher":{"@id":"https:\/\/www.organisator.ch\/#organization"},"potentialAction":[{"@type":"SearchAction","target":{"@type":"EntryPoint","urlTemplate":"https:\/\/www.organisator.ch\/?s={search_term_string}"},"query-input":{"@type":"PropertyValueSpecification","valueRequired":true,"valueName":"search_term_string"}}],"inLanguage":"fr-FR"},{"@type":"Organization","@id":"https:\/\/www.organisator.ch\/#organization","name":"Organisateur","url":"https:\/\/www.organisator.ch\/","logo":{"@type":"ImageObject","inLanguage":"fr-FR","@id":"https:\/\/www.organisator.ch\/#\/schema\/logo\/image\/","url":"https:\/\/www.organisator.ch\/wp-content\/uploads\/2022\/01\/Logo_Organisator_Website.png","contentUrl":"https:\/\/www.organisator.ch\/wp-content\/uploads\/2022\/01\/Logo_Organisator_Website.png","width":800,"height":77,"caption":"Organisator"},"image":{"@id":"https:\/\/www.organisator.ch\/#\/schema\/logo\/image\/"},"sameAs":["https:\/\/www.facebook.com\/OrganisatorFachmagazin","https:\/\/www.linkedin.com\/showcase\/organisator-das-magazin-fr-kmu","https:\/\/www.xing.com\/news\/pages\/organisator-ch-695","https:\/\/www.youtube.com\/channel\/UCGP2Sq0iWaZwT3BdIAQFYpw"]},{"@type":"Person","@id":"https:\/\/www.organisator.ch\/#\/schema\/person\/134708ca9321c57b0362cceb7948ffbd","name":"michael.merz","image":{"@type":"ImageObject","inLanguage":"fr-FR","@id":"https:\/\/secure.gravatar.com\/avatar\/?s=96&d=mm&r=g","url":"https:\/\/secure.gravatar.com\/avatar\/?s=96&d=mm&r=g","contentUrl":"https:\/\/secure.gravatar.com\/avatar\/?s=96&d=mm&r=g","caption":"michael.merz"},"url":"https:\/\/www.organisator.ch\/fr\/author\/michael-merz\/"}]}},"_links":{"self":[{"href":"https:\/\/www.organisator.ch\/fr\/wp-json\/wp\/v2\/posts\/2074","targetHints":{"allow":["GET"]}}],"collection":[{"href":"https:\/\/www.organisator.ch\/fr\/wp-json\/wp\/v2\/posts"}],"about":[{"href":"https:\/\/www.organisator.ch\/fr\/wp-json\/wp\/v2\/types\/post"}],"author":[{"embeddable":true,"href":"https:\/\/www.organisator.ch\/fr\/wp-json\/wp\/v2\/users\/5"}],"replies":[{"embeddable":true,"href":"https:\/\/www.organisator.ch\/fr\/wp-json\/wp\/v2\/comments?post=2074"}],"version-history":[{"count":2,"href":"https:\/\/www.organisator.ch\/fr\/wp-json\/wp\/v2\/posts\/2074\/revisions"}],"predecessor-version":[{"id":31641,"href":"https:\/\/www.organisator.ch\/fr\/wp-json\/wp\/v2\/posts\/2074\/revisions\/31641"}],"wp:featuredmedia":[{"embeddable":true,"href":"https:\/\/www.organisator.ch\/fr\/wp-json\/wp\/v2\/media\/9595"}],"wp:attachment":[{"href":"https:\/\/www.organisator.ch\/fr\/wp-json\/wp\/v2\/media?parent=2074"}],"wp:term":[{"taxonomy":"category","embeddable":true,"href":"https:\/\/www.organisator.ch\/fr\/wp-json\/wp\/v2\/categories?post=2074"},{"taxonomy":"post_tag","embeddable":true,"href":"https:\/\/www.organisator.ch\/fr\/wp-json\/wp\/v2\/tags?post=2074"}],"curies":[{"name":"wp","href":"https:\/\/api.w.org\/{rel}","templated":true}]}}