{"id":20755,"date":"2023-06-19T07:55:53","date_gmt":"2023-06-19T05:55:53","guid":{"rendered":"https:\/\/www.m-q.ch\/?p=18192"},"modified":"2024-11-15T13:47:04","modified_gmt":"2024-11-15T12:47:04","slug":"bechtle-schweiz-ag-erlangt-iso-27001-zertifizierung","status":"publish","type":"post","link":"https:\/\/www.organisator.ch\/fr\/operational-excellence\/2023-06-19\/bechtle-schweiz-ag-erlangt-iso-27001-zertifizierung\/","title":{"rendered":"Bechtle Schweiz AG obtient la certification ISO 27001"},"content":{"rendered":"<figure id=\"attachment_18194\" class=\"wp-caption alignnone\" style=\"width: 680px\" aria-describedby=\"caption-attachment-18194\"><img class=\"alignnone wp-image-18194 size-full\" src=\"https:\/\/www.m-q.ch\/wp-content\/uploads\/2023\/06\/Bechtle-Schweiz-AG-erlangt-ISO-27001-Zertifizierung_MQ.jpg\" alt=\"Bechtle Suisse ISO\" width=\"680\" height=\"512\" \/>\r\n<figcaption id=\"caption-attachment-18194\" class=\"wp-caption-text\">Le g\u00e9rant Christian Speck se r\u00e9jouit de la certification ISO\/IEC 27001 obtenue par son entreprise. (Image : Bechtle Suisse)<\/figcaption>\r\n<\/figure>\r\n<p>En mai 2023, deux auditeurs externes ont contr\u00f4l\u00e9 le syst\u00e8me de gestion de la s\u00e9curit\u00e9 de l'information de Bechtle Schweiz AG selon la norme internationale ISO\/IEC 27001 et l'ont jug\u00e9 tr\u00e8s bon. L'entreprise, qui compte plus de 600 collaborateurs r\u00e9partis sur dix sites, est l'un des principaux prestataires de services informatiques de Suisse et, selon sa propre pr\u00e9sentation, un partenaire de premier choix pour les PME, les grandes entreprises et le secteur public en mati\u00e8re de conseil, d'infrastructure informatique, de solutions cloud, de services informatiques et de logiciels. L'offre couvre l'ensemble du cycle de vie informatique, du conseil \u00e0 l'exploitation en passant par la mise en \u0153uvre.<\/p>\r\n<h3>Traitement responsable des donn\u00e9es confidentielles<\/h3>\r\n<p>La s\u00e9curit\u00e9 des informations confidentielles est une exigence centrale de la norme ISO 27001, que les auditeurs ont jug\u00e9e tr\u00e8s bonne chez Bechtle Schweiz AG. Les auditeurs confirment ainsi que Bechtle Schweiz AG prot\u00e8ge de mani\u00e8re id\u00e9ale et strat\u00e9gique les donn\u00e9es confidentielles - en particulier celles des clients et des partenaires - contre les abus, les attaques, la perte et la divulgation et qu'elle les conserve en toute s\u00e9curit\u00e9. La certification est consid\u00e9r\u00e9e comme un \u00e9l\u00e9ment porteur pour la gestion des services informatiques de Bechtle et donc aussi pour les Managed Services fournis par l'entreprise.<\/p>\r\n<h3><strong>Investissements continus dans le niveau de s\u00e9curit\u00e9<\/strong><\/h3>\r\n<p>Christian Speck, directeur de Bechtle Schweiz AG : \"En tant que partenaire informatique de confiance, nous manipulons quotidiennement des donn\u00e9es hautement sensibles et nous nous sentons oblig\u00e9s, vis-\u00e0-vis de nos clients, de r\u00e9pondre aux exigences de s\u00e9curit\u00e9 les plus \u00e9lev\u00e9es. La protection des donn\u00e9es est pour nous une priorit\u00e9 absolue, c'est pourquoi nous travaillons r\u00e9guli\u00e8rement \u00e0 l'optimisation de nos processus et investissons dans la s\u00e9curit\u00e9. Je suis heureux que les auditeurs aient reconnu notre engagement et l'aient document\u00e9 par cette certification\".<\/p>\r\n<p><em><a href=\"http:\/\/www.bechtle.ch\/\">Source<\/a><\/em><\/p>\n<p class=\"syndicated-attribution\">Cet article est paru initialement sur m-q.ch - <a href=\"https:\/\/www.m-q.ch\/de\/bechtle-schweiz-ag-erlangt-iso-27001-zertifizierung\/\" target=\"_blank\">https:\/\/www.m-q.ch\/de\/bechtle-schweiz-ag-erlangt-iso-27001-zertifizierung\/<\/a><\/p>","protected":false},"excerpt":{"rendered":"<p>Le prestataire de services informatiques Bechtle Schweiz AG vient d'obtenir la certification ISO\/IEC 27001. L'un des points forts de cette certification r\u00e9ussie est la prestation de services fournie par Bechtle Schweiz AG.<\/p>","protected":false},"author":8,"featured_media":0,"comment_status":"closed","ping_status":"closed","sticky":false,"template":"","format":"standard","meta":{"_acf_changed":false,"_yoast_wpseo_focuskw":"Bechtle Schweiz ISO","_yoast_wpseo_metadesc":"Bechtle Schweiz erh\u00e4lt ISO\/IEC 27001-Zertifizierung f\u00fcr vorbildlichen Datenschutz und hohe Sicherheitsstandards.","articlekey":"","footnotes":""},"categories":[582],"tags":[],"class_list":["post-20755","post","type-post","status-publish","format-standard","hentry","category-operational-excellence"],"acf":[],"yoast_head":"<!-- This site is optimized with the Yoast SEO plugin v27.5 - https:\/\/yoast.com\/product\/yoast-seo-wordpress\/ -->\n<title>Bechtle Schweiz AG erlangt ISO 27001-Zertifizierung - Organisator<\/title>\n<meta name=\"description\" content=\"Bechtle Schweiz erh\u00e4lt ISO\/IEC 27001-Zertifizierung f\u00fcr vorbildlichen Datenschutz und hohe Sicherheitsstandards.\" \/>\n<meta name=\"robots\" content=\"index, follow, max-snippet:-1, max-image-preview:large, max-video-preview:-1\" \/>\n<link rel=\"canonical\" href=\"https:\/\/www.organisator.ch\/fr\/excellence-operationnelle\/2023-06-19\/bechtle-schweiz-ag-erlangt-iso-27001-zertifizierung\/\" \/>\n<meta property=\"og:locale\" content=\"fr_FR\" \/>\n<meta property=\"og:type\" content=\"article\" \/>\n<meta property=\"og:title\" content=\"Bechtle Schweiz AG erlangt ISO 27001-Zertifizierung - Organisator\" \/>\n<meta property=\"og:description\" content=\"Bechtle Schweiz erh\u00e4lt ISO\/IEC 27001-Zertifizierung f\u00fcr vorbildlichen Datenschutz und hohe Sicherheitsstandards.\" \/>\n<meta property=\"og:url\" content=\"https:\/\/www.organisator.ch\/fr\/excellence-operationnelle\/2023-06-19\/bechtle-schweiz-ag-erlangt-iso-27001-zertifizierung\/\" \/>\n<meta property=\"og:site_name\" content=\"Organisator\" \/>\n<meta property=\"article:publisher\" content=\"https:\/\/www.facebook.com\/OrganisatorFachmagazin\" \/>\n<meta property=\"article:published_time\" content=\"2023-06-19T05:55:53+00:00\" \/>\n<meta property=\"article:modified_time\" content=\"2024-11-15T12:47:04+00:00\" \/>\n<meta name=\"author\" content=\"galledia\" \/>\n<meta name=\"twitter:card\" content=\"summary_large_image\" \/>\n<meta name=\"twitter:creator\" content=\"@admin\" \/>\n<script type=\"application\/ld+json\" class=\"yoast-schema-graph\">{\"@context\":\"https:\\\/\\\/schema.org\",\"@graph\":[{\"@type\":\"Article\",\"@id\":\"https:\\\/\\\/www.organisator.ch\\\/operational-excellence\\\/2023-06-19\\\/bechtle-schweiz-ag-erlangt-iso-27001-zertifizierung\\\/#article\",\"isPartOf\":{\"@id\":\"https:\\\/\\\/www.organisator.ch\\\/operational-excellence\\\/2023-06-19\\\/bechtle-schweiz-ag-erlangt-iso-27001-zertifizierung\\\/\"},\"author\":{\"name\":\"galledia\",\"@id\":\"https:\\\/\\\/www.organisator.ch\\\/#\\\/schema\\\/person\\\/4e51799071cd2dd1232ac003643ef5f0\"},\"headline\":\"Bechtle Schweiz AG erlangt ISO 27001-Zertifizierung\",\"datePublished\":\"2023-06-19T05:55:53+00:00\",\"dateModified\":\"2024-11-15T12:47:04+00:00\",\"mainEntityOfPage\":{\"@id\":\"https:\\\/\\\/www.organisator.ch\\\/operational-excellence\\\/2023-06-19\\\/bechtle-schweiz-ag-erlangt-iso-27001-zertifizierung\\\/\"},\"wordCount\":273,\"publisher\":{\"@id\":\"https:\\\/\\\/www.organisator.ch\\\/#organization\"},\"image\":{\"@id\":\"https:\\\/\\\/www.organisator.ch\\\/operational-excellence\\\/2023-06-19\\\/bechtle-schweiz-ag-erlangt-iso-27001-zertifizierung\\\/#primaryimage\"},\"thumbnailUrl\":\"https:\\\/\\\/www.m-q.ch\\\/wp-content\\\/uploads\\\/2023\\\/06\\\/Bechtle-Schweiz-AG-erlangt-ISO-27001-Zertifizierung_MQ.jpg\",\"articleSection\":[\"OPERATIONAL EXCELLENCE\"],\"inLanguage\":\"fr-FR\"},{\"@type\":\"WebPage\",\"@id\":\"https:\\\/\\\/www.organisator.ch\\\/operational-excellence\\\/2023-06-19\\\/bechtle-schweiz-ag-erlangt-iso-27001-zertifizierung\\\/\",\"url\":\"https:\\\/\\\/www.organisator.ch\\\/operational-excellence\\\/2023-06-19\\\/bechtle-schweiz-ag-erlangt-iso-27001-zertifizierung\\\/\",\"name\":\"Bechtle Schweiz AG erlangt ISO 27001-Zertifizierung - Organisator\",\"isPartOf\":{\"@id\":\"https:\\\/\\\/www.organisator.ch\\\/#website\"},\"primaryImageOfPage\":{\"@id\":\"https:\\\/\\\/www.organisator.ch\\\/operational-excellence\\\/2023-06-19\\\/bechtle-schweiz-ag-erlangt-iso-27001-zertifizierung\\\/#primaryimage\"},\"image\":{\"@id\":\"https:\\\/\\\/www.organisator.ch\\\/operational-excellence\\\/2023-06-19\\\/bechtle-schweiz-ag-erlangt-iso-27001-zertifizierung\\\/#primaryimage\"},\"thumbnailUrl\":\"https:\\\/\\\/www.m-q.ch\\\/wp-content\\\/uploads\\\/2023\\\/06\\\/Bechtle-Schweiz-AG-erlangt-ISO-27001-Zertifizierung_MQ.jpg\",\"datePublished\":\"2023-06-19T05:55:53+00:00\",\"dateModified\":\"2024-11-15T12:47:04+00:00\",\"description\":\"Bechtle Schweiz erh\u00e4lt ISO\\\/IEC 27001-Zertifizierung f\u00fcr vorbildlichen Datenschutz und hohe Sicherheitsstandards.\",\"breadcrumb\":{\"@id\":\"https:\\\/\\\/www.organisator.ch\\\/operational-excellence\\\/2023-06-19\\\/bechtle-schweiz-ag-erlangt-iso-27001-zertifizierung\\\/#breadcrumb\"},\"inLanguage\":\"fr-FR\",\"potentialAction\":[{\"@type\":\"ReadAction\",\"target\":[\"https:\\\/\\\/www.organisator.ch\\\/operational-excellence\\\/2023-06-19\\\/bechtle-schweiz-ag-erlangt-iso-27001-zertifizierung\\\/\"]}]},{\"@type\":\"ImageObject\",\"inLanguage\":\"fr-FR\",\"@id\":\"https:\\\/\\\/www.organisator.ch\\\/operational-excellence\\\/2023-06-19\\\/bechtle-schweiz-ag-erlangt-iso-27001-zertifizierung\\\/#primaryimage\",\"url\":\"https:\\\/\\\/www.m-q.ch\\\/wp-content\\\/uploads\\\/2023\\\/06\\\/Bechtle-Schweiz-AG-erlangt-ISO-27001-Zertifizierung_MQ.jpg\",\"contentUrl\":\"https:\\\/\\\/www.m-q.ch\\\/wp-content\\\/uploads\\\/2023\\\/06\\\/Bechtle-Schweiz-AG-erlangt-ISO-27001-Zertifizierung_MQ.jpg\"},{\"@type\":\"BreadcrumbList\",\"@id\":\"https:\\\/\\\/www.organisator.ch\\\/operational-excellence\\\/2023-06-19\\\/bechtle-schweiz-ag-erlangt-iso-27001-zertifizierung\\\/#breadcrumb\",\"itemListElement\":[{\"@type\":\"ListItem\",\"position\":1,\"name\":\"Home\",\"item\":\"https:\\\/\\\/www.organisator.ch\\\/\"},{\"@type\":\"ListItem\",\"position\":2,\"name\":\"Bechtle Schweiz AG erlangt ISO 27001-Zertifizierung\"}]},{\"@type\":\"WebSite\",\"@id\":\"https:\\\/\\\/www.organisator.ch\\\/#website\",\"url\":\"https:\\\/\\\/www.organisator.ch\\\/\",\"name\":\"Organisator\",\"description\":\"Kompetent. Praxisnah. Der ORGANISATOR bereitet in 10 Ausgaben pro Jahr die wesentlichen Themen f\u00fcr F\u00fchrungskr\u00e4fte von KMU auf.\",\"publisher\":{\"@id\":\"https:\\\/\\\/www.organisator.ch\\\/#organization\"},\"potentialAction\":[{\"@type\":\"SearchAction\",\"target\":{\"@type\":\"EntryPoint\",\"urlTemplate\":\"https:\\\/\\\/www.organisator.ch\\\/?s={search_term_string}\"},\"query-input\":{\"@type\":\"PropertyValueSpecification\",\"valueRequired\":true,\"valueName\":\"search_term_string\"}}],\"inLanguage\":\"fr-FR\"},{\"@type\":\"Organization\",\"@id\":\"https:\\\/\\\/www.organisator.ch\\\/#organization\",\"name\":\"Organisator\",\"url\":\"https:\\\/\\\/www.organisator.ch\\\/\",\"logo\":{\"@type\":\"ImageObject\",\"inLanguage\":\"fr-FR\",\"@id\":\"https:\\\/\\\/www.organisator.ch\\\/#\\\/schema\\\/logo\\\/image\\\/\",\"url\":\"https:\\\/\\\/www.organisator.ch\\\/wp-content\\\/uploads\\\/2022\\\/01\\\/Logo_Organisator_Website.png\",\"contentUrl\":\"https:\\\/\\\/www.organisator.ch\\\/wp-content\\\/uploads\\\/2022\\\/01\\\/Logo_Organisator_Website.png\",\"width\":800,\"height\":77,\"caption\":\"Organisator\"},\"image\":{\"@id\":\"https:\\\/\\\/www.organisator.ch\\\/#\\\/schema\\\/logo\\\/image\\\/\"},\"sameAs\":[\"https:\\\/\\\/www.facebook.com\\\/OrganisatorFachmagazin\",\"https:\\\/\\\/www.linkedin.com\\\/showcase\\\/organisator-das-magazin-fr-kmu\",\"https:\\\/\\\/www.xing.com\\\/news\\\/pages\\\/organisator-ch-695\",\"https:\\\/\\\/www.youtube.com\\\/channel\\\/UCGP2Sq0iWaZwT3BdIAQFYpw\"]},{\"@type\":\"Person\",\"@id\":\"https:\\\/\\\/www.organisator.ch\\\/#\\\/schema\\\/person\\\/4e51799071cd2dd1232ac003643ef5f0\",\"name\":\"galledia\",\"image\":{\"@type\":\"ImageObject\",\"inLanguage\":\"fr-FR\",\"@id\":\"https:\\\/\\\/secure.gravatar.com\\\/avatar\\\/78a7f90c01fc2bfc875782a0d4922b37cde2cf184ce347b91316d23cd7f69a36?s=96&d=mm&r=g\",\"url\":\"https:\\\/\\\/secure.gravatar.com\\\/avatar\\\/78a7f90c01fc2bfc875782a0d4922b37cde2cf184ce347b91316d23cd7f69a36?s=96&d=mm&r=g\",\"contentUrl\":\"https:\\\/\\\/secure.gravatar.com\\\/avatar\\\/78a7f90c01fc2bfc875782a0d4922b37cde2cf184ce347b91316d23cd7f69a36?s=96&d=mm&r=g\",\"caption\":\"galledia\"},\"sameAs\":[\"https:\\\/\\\/x.com\\\/admin\"],\"url\":\"https:\\\/\\\/www.organisator.ch\\\/fr\\\/author\\\/galledia\\\/\"}]}<\/script>\n<!-- \/ Yoast SEO plugin. -->","yoast_head_json":{"title":"Bechtle Schweiz AG obtient la certification ISO 27001 - Organisateur","description":"Bechtle Suisse obtient la certification ISO\/IEC 27001 pour une protection des donn\u00e9es exemplaire et des normes de s\u00e9curit\u00e9 \u00e9lev\u00e9es.","robots":{"index":"index","follow":"follow","max-snippet":"max-snippet:-1","max-image-preview":"max-image-preview:large","max-video-preview":"max-video-preview:-1"},"canonical":"https:\/\/www.organisator.ch\/fr\/excellence-operationnelle\/2023-06-19\/bechtle-schweiz-ag-erlangt-iso-27001-zertifizierung\/","og_locale":"fr_FR","og_type":"article","og_title":"Bechtle Schweiz AG erlangt ISO 27001-Zertifizierung - Organisator","og_description":"Bechtle Schweiz erh\u00e4lt ISO\/IEC 27001-Zertifizierung f\u00fcr vorbildlichen Datenschutz und hohe Sicherheitsstandards.","og_url":"https:\/\/www.organisator.ch\/fr\/excellence-operationnelle\/2023-06-19\/bechtle-schweiz-ag-erlangt-iso-27001-zertifizierung\/","og_site_name":"Organisator","article_publisher":"https:\/\/www.facebook.com\/OrganisatorFachmagazin","article_published_time":"2023-06-19T05:55:53+00:00","article_modified_time":"2024-11-15T12:47:04+00:00","author":"galledia","twitter_card":"summary_large_image","twitter_creator":"@admin","schema":{"@context":"https:\/\/schema.org","@graph":[{"@type":"Article","@id":"https:\/\/www.organisator.ch\/operational-excellence\/2023-06-19\/bechtle-schweiz-ag-erlangt-iso-27001-zertifizierung\/#article","isPartOf":{"@id":"https:\/\/www.organisator.ch\/operational-excellence\/2023-06-19\/bechtle-schweiz-ag-erlangt-iso-27001-zertifizierung\/"},"author":{"name":"galledia","@id":"https:\/\/www.organisator.ch\/#\/schema\/person\/4e51799071cd2dd1232ac003643ef5f0"},"headline":"Bechtle Schweiz AG erlangt ISO 27001-Zertifizierung","datePublished":"2023-06-19T05:55:53+00:00","dateModified":"2024-11-15T12:47:04+00:00","mainEntityOfPage":{"@id":"https:\/\/www.organisator.ch\/operational-excellence\/2023-06-19\/bechtle-schweiz-ag-erlangt-iso-27001-zertifizierung\/"},"wordCount":273,"publisher":{"@id":"https:\/\/www.organisator.ch\/#organization"},"image":{"@id":"https:\/\/www.organisator.ch\/operational-excellence\/2023-06-19\/bechtle-schweiz-ag-erlangt-iso-27001-zertifizierung\/#primaryimage"},"thumbnailUrl":"https:\/\/www.m-q.ch\/wp-content\/uploads\/2023\/06\/Bechtle-Schweiz-AG-erlangt-ISO-27001-Zertifizierung_MQ.jpg","articleSection":["OPERATIONAL EXCELLENCE"],"inLanguage":"fr-FR"},{"@type":"WebPage","@id":"https:\/\/www.organisator.ch\/operational-excellence\/2023-06-19\/bechtle-schweiz-ag-erlangt-iso-27001-zertifizierung\/","url":"https:\/\/www.organisator.ch\/operational-excellence\/2023-06-19\/bechtle-schweiz-ag-erlangt-iso-27001-zertifizierung\/","name":"Bechtle Schweiz AG obtient la certification ISO 27001 - Organisateur","isPartOf":{"@id":"https:\/\/www.organisator.ch\/#website"},"primaryImageOfPage":{"@id":"https:\/\/www.organisator.ch\/operational-excellence\/2023-06-19\/bechtle-schweiz-ag-erlangt-iso-27001-zertifizierung\/#primaryimage"},"image":{"@id":"https:\/\/www.organisator.ch\/operational-excellence\/2023-06-19\/bechtle-schweiz-ag-erlangt-iso-27001-zertifizierung\/#primaryimage"},"thumbnailUrl":"https:\/\/www.m-q.ch\/wp-content\/uploads\/2023\/06\/Bechtle-Schweiz-AG-erlangt-ISO-27001-Zertifizierung_MQ.jpg","datePublished":"2023-06-19T05:55:53+00:00","dateModified":"2024-11-15T12:47:04+00:00","description":"Bechtle Suisse obtient la certification ISO\/IEC 27001 pour une protection des donn\u00e9es exemplaire et des normes de s\u00e9curit\u00e9 \u00e9lev\u00e9es.","breadcrumb":{"@id":"https:\/\/www.organisator.ch\/operational-excellence\/2023-06-19\/bechtle-schweiz-ag-erlangt-iso-27001-zertifizierung\/#breadcrumb"},"inLanguage":"fr-FR","potentialAction":[{"@type":"ReadAction","target":["https:\/\/www.organisator.ch\/operational-excellence\/2023-06-19\/bechtle-schweiz-ag-erlangt-iso-27001-zertifizierung\/"]}]},{"@type":"ImageObject","inLanguage":"fr-FR","@id":"https:\/\/www.organisator.ch\/operational-excellence\/2023-06-19\/bechtle-schweiz-ag-erlangt-iso-27001-zertifizierung\/#primaryimage","url":"https:\/\/www.m-q.ch\/wp-content\/uploads\/2023\/06\/Bechtle-Schweiz-AG-erlangt-ISO-27001-Zertifizierung_MQ.jpg","contentUrl":"https:\/\/www.m-q.ch\/wp-content\/uploads\/2023\/06\/Bechtle-Schweiz-AG-erlangt-ISO-27001-Zertifizierung_MQ.jpg"},{"@type":"BreadcrumbList","@id":"https:\/\/www.organisator.ch\/operational-excellence\/2023-06-19\/bechtle-schweiz-ag-erlangt-iso-27001-zertifizierung\/#breadcrumb","itemListElement":[{"@type":"ListItem","position":1,"name":"Home","item":"https:\/\/www.organisator.ch\/"},{"@type":"ListItem","position":2,"name":"Bechtle Schweiz AG erlangt ISO 27001-Zertifizierung"}]},{"@type":"WebSite","@id":"https:\/\/www.organisator.ch\/#website","url":"https:\/\/www.organisator.ch\/","name":"Organisateur","description":"Comp\u00e9tence et comp\u00e9tence. Proches de la pratique. L'ORGANISATEUR pr\u00e9pare 10 num\u00e9ros par an sur les th\u00e8mes essentiels pour les dirigeants de PME.","publisher":{"@id":"https:\/\/www.organisator.ch\/#organization"},"potentialAction":[{"@type":"SearchAction","target":{"@type":"EntryPoint","urlTemplate":"https:\/\/www.organisator.ch\/?s={search_term_string}"},"query-input":{"@type":"PropertyValueSpecification","valueRequired":true,"valueName":"search_term_string"}}],"inLanguage":"fr-FR"},{"@type":"Organization","@id":"https:\/\/www.organisator.ch\/#organization","name":"Organisateur","url":"https:\/\/www.organisator.ch\/","logo":{"@type":"ImageObject","inLanguage":"fr-FR","@id":"https:\/\/www.organisator.ch\/#\/schema\/logo\/image\/","url":"https:\/\/www.organisator.ch\/wp-content\/uploads\/2022\/01\/Logo_Organisator_Website.png","contentUrl":"https:\/\/www.organisator.ch\/wp-content\/uploads\/2022\/01\/Logo_Organisator_Website.png","width":800,"height":77,"caption":"Organisator"},"image":{"@id":"https:\/\/www.organisator.ch\/#\/schema\/logo\/image\/"},"sameAs":["https:\/\/www.facebook.com\/OrganisatorFachmagazin","https:\/\/www.linkedin.com\/showcase\/organisator-das-magazin-fr-kmu","https:\/\/www.xing.com\/news\/pages\/organisator-ch-695","https:\/\/www.youtube.com\/channel\/UCGP2Sq0iWaZwT3BdIAQFYpw"]},{"@type":"Person","@id":"https:\/\/www.organisator.ch\/#\/schema\/person\/4e51799071cd2dd1232ac003643ef5f0","name":"galledia","image":{"@type":"ImageObject","inLanguage":"fr-FR","@id":"https:\/\/secure.gravatar.com\/avatar\/78a7f90c01fc2bfc875782a0d4922b37cde2cf184ce347b91316d23cd7f69a36?s=96&d=mm&r=g","url":"https:\/\/secure.gravatar.com\/avatar\/78a7f90c01fc2bfc875782a0d4922b37cde2cf184ce347b91316d23cd7f69a36?s=96&d=mm&r=g","contentUrl":"https:\/\/secure.gravatar.com\/avatar\/78a7f90c01fc2bfc875782a0d4922b37cde2cf184ce347b91316d23cd7f69a36?s=96&d=mm&r=g","caption":"galledia"},"sameAs":["https:\/\/x.com\/admin"],"url":"https:\/\/www.organisator.ch\/fr\/author\/galledia\/"}]}},"_links":{"self":[{"href":"https:\/\/www.organisator.ch\/fr\/wp-json\/wp\/v2\/posts\/20755","targetHints":{"allow":["GET"]}}],"collection":[{"href":"https:\/\/www.organisator.ch\/fr\/wp-json\/wp\/v2\/posts"}],"about":[{"href":"https:\/\/www.organisator.ch\/fr\/wp-json\/wp\/v2\/types\/post"}],"author":[{"embeddable":true,"href":"https:\/\/www.organisator.ch\/fr\/wp-json\/wp\/v2\/users\/8"}],"replies":[{"embeddable":true,"href":"https:\/\/www.organisator.ch\/fr\/wp-json\/wp\/v2\/comments?post=20755"}],"version-history":[{"count":3,"href":"https:\/\/www.organisator.ch\/fr\/wp-json\/wp\/v2\/posts\/20755\/revisions"}],"predecessor-version":[{"id":33083,"href":"https:\/\/www.organisator.ch\/fr\/wp-json\/wp\/v2\/posts\/20755\/revisions\/33083"}],"wp:attachment":[{"href":"https:\/\/www.organisator.ch\/fr\/wp-json\/wp\/v2\/media?parent=20755"}],"wp:term":[{"taxonomy":"category","embeddable":true,"href":"https:\/\/www.organisator.ch\/fr\/wp-json\/wp\/v2\/categories?post=20755"},{"taxonomy":"post_tag","embeddable":true,"href":"https:\/\/www.organisator.ch\/fr\/wp-json\/wp\/v2\/tags?post=20755"}],"curies":[{"name":"wp","href":"https:\/\/api.w.org\/{rel}","templated":true}]}}