{"id":20779,"date":"2023-06-21T08:54:01","date_gmt":"2023-06-21T06:54:01","guid":{"rendered":"https:\/\/www.organisator.ch\/?p=20779"},"modified":"2023-06-21T08:54:01","modified_gmt":"2023-06-21T06:54:01","slug":"howden-gruppe-erwirbt-rva-versicherungsbroker-ag","status":"publish","type":"post","link":"https:\/\/www.organisator.ch\/fr\/management\/2023-06-21\/howden-gruppe-erwirbt-rva-versicherungsbroker-ag\/","title":{"rendered":"Le groupe Howden acquiert RVA Versicherungsbroker AG"},"content":{"rendered":"<figure id=\"attachment_20780\" aria-describedby=\"caption-attachment-20780\" style=\"width: 680px\" class=\"wp-caption alignnone\"><img loading=\"lazy\" decoding=\"async\" class=\"size-full wp-image-20780\" src=\"https:\/\/www.organisator.ch\/wp-content\/uploads\/2023\/06\/Howden-Gruppe-erwirbt-RVA-Versicherungsbroker-AG_Organisator.jpg\" alt=\"\" width=\"680\" height=\"458\" srcset=\"https:\/\/www.organisator.ch\/wp-content\/uploads\/2023\/06\/Howden-Gruppe-erwirbt-RVA-Versicherungsbroker-AG_Organisator.jpg 680w, https:\/\/www.organisator.ch\/wp-content\/uploads\/2023\/06\/Howden-Gruppe-erwirbt-RVA-Versicherungsbroker-AG_Organisator-18x12.jpg 18w, https:\/\/www.organisator.ch\/wp-content\/uploads\/2023\/06\/Howden-Gruppe-erwirbt-RVA-Versicherungsbroker-AG_Organisator-375x253.jpg 375w, https:\/\/www.organisator.ch\/wp-content\/uploads\/2023\/06\/Howden-Gruppe-erwirbt-RVA-Versicherungsbroker-AG_Organisator-520x350.jpg 520w\" sizes=\"auto, (max-width: 680px) 100vw, 680px\" \/><figcaption id=\"caption-attachment-20780\" class=\"wp-caption-text\">Transmet la soci\u00e9t\u00e9 RVA Versicherungsbroker AG au groupe Howden : le propri\u00e9taire Martin Stuber. (Photo : zVg)<\/figcaption><\/figure>\n<p>L'actuelle RVA Versicherungsbroker AG a \u00e9t\u00e9 fond\u00e9e en 1988 sous le nom de Leuenberger &amp; Partner. En tant que courtier en assurances suisse ayant son si\u00e8ge \u00e0 Ittigen dans le canton de Berne, RVA conseille les entreprises sur toutes les questions d'assurance et de risque. Sa sp\u00e9cialit\u00e9 dans le domaine des prestations de courtage est l'orientation vers les institutions sociales. RVA Versicherungsbroker AG est membre de la SIBA et est enregistr\u00e9e aupr\u00e8s de la FINMA en tant qu'interm\u00e9diaire d'assurance non li\u00e9. La reprise par Born Consulting, qui appartient au groupe Howden, assure la succession de l'entreprise RVA.<\/p>\n<h3>Solution de succession<\/h3>\n<p>Martin Stuber, propri\u00e9taire et directeur de RVA Versicherungsbroker AG, commente cette acquisition comme suit : \"Avec Born Consulting, membre du groupe international Howden, nous aurons \u00e0 l'avenir une grande entreprise de conseil \u00e0 nos c\u00f4t\u00e9s. Cette fusion est la cons\u00e9quence de notre int\u00e9r\u00eat \u00e0 long terme \u00e0 mettre en place une solution de succession dans laquelle nous pouvons participer activement et de mani\u00e8re entrepreneuriale \u00e0 la conception et au d\u00e9veloppement. Rejoindre Born Consulting AG signifie \u00e9galement que nous pouvons continuer \u00e0 d\u00e9velopper notre activit\u00e9 et nous concentrer sur la fourniture d'un service de proximit\u00e9 exceptionnel \u00e0 nos clients, dans le cadre d'une entreprise qui valorise l'ind\u00e9pendance et une culture propre \u00e0 ses collaborateurs. Notre \u00e9quipe bien connue et \u00e9prouv\u00e9e continuera \u00e0 fournir le service et l'assistance professionnels auxquels nous sommes habitu\u00e9s. Je travaillerai moi-m\u00eame en \u00e9troite collaboration avec Massimo Contino \u00e0 l'avenir\".<\/p>\n<h3>Une partie de la strat\u00e9gie de croissance continue<\/h3>\n<p>Ce m\u00eame Massimo Contino est pr\u00e9sident du conseil d'administration de Born Consulting AG et membre du conseil d'administration de Howden Suisse. Il d\u00e9clare \u00e0 ce sujet : \"La reprise de RVA Versicherungsbroker AG est un atout pour nous. En nous orientant vers les clients entreprises et en particulier les entreprises socialement actives telles que les fondations, les coop\u00e9ratives et les centres de formation, nous compl\u00e9tons id\u00e9alement notre portefeuille de services sur le march\u00e9 suisse du courtage\". Et Felix C. Jenny, CEO de Howden Suisse, Autriche et Liechtenstein, d\u00e9clare : \"Cette acquisition est une nouvelle pi\u00e8ce de la mosa\u00efque de notre strat\u00e9gie de croissance sur le march\u00e9 suisse du courtage. Nous la mettons en \u0153uvre de mani\u00e8re coh\u00e9rente et constante gr\u00e2ce \u00e0 une forte croissance organique, \u00e0 l'acquisition de talents et \u00e0 des partenariats strat\u00e9giques\".<\/p>\n<p><a href=\"https:\/\/www.howdengroup.com\/ch-de?geoLocationActioned=yes\"><em>Source et informations compl\u00e9mentaires<\/em><\/a><\/p>","protected":false},"excerpt":{"rendered":"<p>Howden rach\u00e8te le courtier en assurances RVA Versicherungsbroker AG, dont le si\u00e8ge est \u00e0 Ittigen pr\u00e8s de Berne. L'acqu\u00e9reur est Born Consulting AG, qui fait partie de Howden Suisse depuis 2022. Avec cette nouvelle acquisition par Howden sur le march\u00e9 suisse, le groupe de courtage renforce sa pr\u00e9sence, en particulier dans la r\u00e9gion de Berne.<\/p>","protected":false},"author":4,"featured_media":20780,"comment_status":"closed","ping_status":"closed","sticky":false,"template":"","format":"standard","meta":{"_acf_changed":false,"_yoast_wpseo_focuskw":"Howden Gruppe","_yoast_wpseo_metadesc":"Die Howden Gruppe \u00fcbernimmt den Versicherungsmakler RVA Versicherungsbroker AG mit Sitz in Ittigen bei Bern.","articlekey":"","footnotes":""},"categories":[28],"tags":[35,492,3683],"class_list":["post-20779","post","type-post","status-publish","format-standard","has-post-thumbnail","hentry","category-management","tag-akquisition","tag-unternehmen","tag-versicherungsbroker"],"acf":[],"yoast_head":"<!-- This site is optimized with the Yoast SEO plugin v27.5 - https:\/\/yoast.com\/product\/yoast-seo-wordpress\/ -->\n<title>Howden Gruppe erwirbt RVA Versicherungsbroker AG - Organisator<\/title>\n<meta name=\"description\" content=\"Die Howden Gruppe \u00fcbernimmt den Versicherungsmakler RVA Versicherungsbroker AG mit Sitz in Ittigen bei Bern.\" \/>\n<meta name=\"robots\" content=\"index, follow, max-snippet:-1, max-image-preview:large, max-video-preview:-1\" \/>\n<link rel=\"canonical\" href=\"https:\/\/www.organisator.ch\/fr\/gestion-2\/2023-06-21\/howden-gruppe-erwirbt-rva-versicherungsbroker-ag\/\" \/>\n<meta property=\"og:locale\" content=\"fr_FR\" \/>\n<meta property=\"og:type\" content=\"article\" \/>\n<meta property=\"og:title\" content=\"Howden Gruppe erwirbt RVA Versicherungsbroker AG\" \/>\n<meta property=\"og:description\" content=\"Die Howden Gruppe \u00fcbernimmt den Versicherungsmakler RVA Versicherungsbroker AG mit Sitz in Ittigen bei Bern.\" \/>\n<meta property=\"og:url\" content=\"https:\/\/www.organisator.ch\/fr\/gestion-2\/2023-06-21\/howden-gruppe-erwirbt-rva-versicherungsbroker-ag\/\" \/>\n<meta property=\"og:site_name\" content=\"Organisator\" \/>\n<meta property=\"article:publisher\" content=\"https:\/\/www.facebook.com\/OrganisatorFachmagazin\" \/>\n<meta property=\"article:published_time\" content=\"2023-06-21T06:54:01+00:00\" \/>\n<meta property=\"og:image\" content=\"https:\/\/www.organisator.ch\/wp-content\/uploads\/2023\/06\/Howden-Gruppe-erwirbt-RVA-Versicherungsbroker-AG_Organisator.jpg\" \/>\n\t<meta property=\"og:image:width\" content=\"680\" \/>\n\t<meta property=\"og:image:height\" content=\"458\" \/>\n\t<meta property=\"og:image:type\" content=\"image\/jpeg\" \/>\n<meta name=\"author\" content=\"thomas.berner\" \/>\n<meta name=\"twitter:card\" content=\"summary_large_image\" \/>\n<meta name=\"twitter:title\" content=\"#Howden Gruppe erwirbt RVA #Versicherungsbroker AG\" \/>\n<meta name=\"twitter:description\" content=\"Die #Howden Gruppe \u00fcbernimmt den #Versicherungsmakler RVA #Versicherungsbroker AG mit Sitz in Ittigen bei Bern.\" \/>\n<meta name=\"twitter:image\" content=\"https:\/\/www.organisator.ch\/wp-content\/uploads\/2023\/06\/Howden-Gruppe-erwirbt-RVA-Versicherungsbroker-AG_Organisator.jpg\" \/>\n<script type=\"application\/ld+json\" class=\"yoast-schema-graph\">{\"@context\":\"https:\\\/\\\/schema.org\",\"@graph\":[{\"@type\":\"Article\",\"@id\":\"https:\\\/\\\/www.organisator.ch\\\/management\\\/2023-06-21\\\/howden-gruppe-erwirbt-rva-versicherungsbroker-ag\\\/#article\",\"isPartOf\":{\"@id\":\"https:\\\/\\\/www.organisator.ch\\\/management\\\/2023-06-21\\\/howden-gruppe-erwirbt-rva-versicherungsbroker-ag\\\/\"},\"author\":{\"name\":\"thomas.berner\",\"@id\":\"https:\\\/\\\/www.organisator.ch\\\/#\\\/schema\\\/person\\\/6f650f90b2842cd4c0cc334b4e36f67e\"},\"headline\":\"Howden Gruppe erwirbt RVA Versicherungsbroker AG\",\"datePublished\":\"2023-06-21T06:54:01+00:00\",\"mainEntityOfPage\":{\"@id\":\"https:\\\/\\\/www.organisator.ch\\\/management\\\/2023-06-21\\\/howden-gruppe-erwirbt-rva-versicherungsbroker-ag\\\/\"},\"wordCount\":335,\"publisher\":{\"@id\":\"https:\\\/\\\/www.organisator.ch\\\/#organization\"},\"image\":{\"@id\":\"https:\\\/\\\/www.organisator.ch\\\/management\\\/2023-06-21\\\/howden-gruppe-erwirbt-rva-versicherungsbroker-ag\\\/#primaryimage\"},\"thumbnailUrl\":\"https:\\\/\\\/www.organisator.ch\\\/wp-content\\\/uploads\\\/2023\\\/06\\\/Howden-Gruppe-erwirbt-RVA-Versicherungsbroker-AG_Organisator.jpg\",\"keywords\":[\"Akquisition\",\"Unternehmen\",\"Versicherungsbroker\"],\"articleSection\":[\"MANAGEMENT\"],\"inLanguage\":\"fr-FR\"},{\"@type\":\"WebPage\",\"@id\":\"https:\\\/\\\/www.organisator.ch\\\/management\\\/2023-06-21\\\/howden-gruppe-erwirbt-rva-versicherungsbroker-ag\\\/\",\"url\":\"https:\\\/\\\/www.organisator.ch\\\/management\\\/2023-06-21\\\/howden-gruppe-erwirbt-rva-versicherungsbroker-ag\\\/\",\"name\":\"Howden Gruppe erwirbt RVA Versicherungsbroker AG - Organisator\",\"isPartOf\":{\"@id\":\"https:\\\/\\\/www.organisator.ch\\\/#website\"},\"primaryImageOfPage\":{\"@id\":\"https:\\\/\\\/www.organisator.ch\\\/management\\\/2023-06-21\\\/howden-gruppe-erwirbt-rva-versicherungsbroker-ag\\\/#primaryimage\"},\"image\":{\"@id\":\"https:\\\/\\\/www.organisator.ch\\\/management\\\/2023-06-21\\\/howden-gruppe-erwirbt-rva-versicherungsbroker-ag\\\/#primaryimage\"},\"thumbnailUrl\":\"https:\\\/\\\/www.organisator.ch\\\/wp-content\\\/uploads\\\/2023\\\/06\\\/Howden-Gruppe-erwirbt-RVA-Versicherungsbroker-AG_Organisator.jpg\",\"datePublished\":\"2023-06-21T06:54:01+00:00\",\"description\":\"Die Howden Gruppe \u00fcbernimmt den Versicherungsmakler RVA Versicherungsbroker AG mit Sitz in Ittigen bei Bern.\",\"breadcrumb\":{\"@id\":\"https:\\\/\\\/www.organisator.ch\\\/management\\\/2023-06-21\\\/howden-gruppe-erwirbt-rva-versicherungsbroker-ag\\\/#breadcrumb\"},\"inLanguage\":\"fr-FR\",\"potentialAction\":[{\"@type\":\"ReadAction\",\"target\":[\"https:\\\/\\\/www.organisator.ch\\\/management\\\/2023-06-21\\\/howden-gruppe-erwirbt-rva-versicherungsbroker-ag\\\/\"]}]},{\"@type\":\"ImageObject\",\"inLanguage\":\"fr-FR\",\"@id\":\"https:\\\/\\\/www.organisator.ch\\\/management\\\/2023-06-21\\\/howden-gruppe-erwirbt-rva-versicherungsbroker-ag\\\/#primaryimage\",\"url\":\"https:\\\/\\\/www.organisator.ch\\\/wp-content\\\/uploads\\\/2023\\\/06\\\/Howden-Gruppe-erwirbt-RVA-Versicherungsbroker-AG_Organisator.jpg\",\"contentUrl\":\"https:\\\/\\\/www.organisator.ch\\\/wp-content\\\/uploads\\\/2023\\\/06\\\/Howden-Gruppe-erwirbt-RVA-Versicherungsbroker-AG_Organisator.jpg\",\"width\":680,\"height\":458,\"caption\":\"\u00dcbergibt die RVA Versicherungsbroker AG an die Howden Gruppe: Inhaber Martin Stuber. (Bild: zVg)\"},{\"@type\":\"BreadcrumbList\",\"@id\":\"https:\\\/\\\/www.organisator.ch\\\/management\\\/2023-06-21\\\/howden-gruppe-erwirbt-rva-versicherungsbroker-ag\\\/#breadcrumb\",\"itemListElement\":[{\"@type\":\"ListItem\",\"position\":1,\"name\":\"Home\",\"item\":\"https:\\\/\\\/www.organisator.ch\\\/\"},{\"@type\":\"ListItem\",\"position\":2,\"name\":\"Howden Gruppe erwirbt RVA Versicherungsbroker AG\"}]},{\"@type\":\"WebSite\",\"@id\":\"https:\\\/\\\/www.organisator.ch\\\/#website\",\"url\":\"https:\\\/\\\/www.organisator.ch\\\/\",\"name\":\"Organisator\",\"description\":\"Kompetent. Praxisnah. Der ORGANISATOR bereitet in 10 Ausgaben pro Jahr die wesentlichen Themen f\u00fcr F\u00fchrungskr\u00e4fte von KMU auf.\",\"publisher\":{\"@id\":\"https:\\\/\\\/www.organisator.ch\\\/#organization\"},\"potentialAction\":[{\"@type\":\"SearchAction\",\"target\":{\"@type\":\"EntryPoint\",\"urlTemplate\":\"https:\\\/\\\/www.organisator.ch\\\/?s={search_term_string}\"},\"query-input\":{\"@type\":\"PropertyValueSpecification\",\"valueRequired\":true,\"valueName\":\"search_term_string\"}}],\"inLanguage\":\"fr-FR\"},{\"@type\":\"Organization\",\"@id\":\"https:\\\/\\\/www.organisator.ch\\\/#organization\",\"name\":\"Organisator\",\"url\":\"https:\\\/\\\/www.organisator.ch\\\/\",\"logo\":{\"@type\":\"ImageObject\",\"inLanguage\":\"fr-FR\",\"@id\":\"https:\\\/\\\/www.organisator.ch\\\/#\\\/schema\\\/logo\\\/image\\\/\",\"url\":\"https:\\\/\\\/www.organisator.ch\\\/wp-content\\\/uploads\\\/2022\\\/01\\\/Logo_Organisator_Website.png\",\"contentUrl\":\"https:\\\/\\\/www.organisator.ch\\\/wp-content\\\/uploads\\\/2022\\\/01\\\/Logo_Organisator_Website.png\",\"width\":800,\"height\":77,\"caption\":\"Organisator\"},\"image\":{\"@id\":\"https:\\\/\\\/www.organisator.ch\\\/#\\\/schema\\\/logo\\\/image\\\/\"},\"sameAs\":[\"https:\\\/\\\/www.facebook.com\\\/OrganisatorFachmagazin\",\"https:\\\/\\\/www.linkedin.com\\\/showcase\\\/organisator-das-magazin-fr-kmu\",\"https:\\\/\\\/www.xing.com\\\/news\\\/pages\\\/organisator-ch-695\",\"https:\\\/\\\/www.youtube.com\\\/channel\\\/UCGP2Sq0iWaZwT3BdIAQFYpw\"]},{\"@type\":\"Person\",\"@id\":\"https:\\\/\\\/www.organisator.ch\\\/#\\\/schema\\\/person\\\/6f650f90b2842cd4c0cc334b4e36f67e\",\"name\":\"thomas.berner\",\"image\":{\"@type\":\"ImageObject\",\"inLanguage\":\"fr-FR\",\"@id\":\"https:\\\/\\\/secure.gravatar.com\\\/avatar\\\/ac5001d2a36cb6c6cd3e50789007ffca834b477b74a2144564522e944eabff61?s=96&d=mm&r=g\",\"url\":\"https:\\\/\\\/secure.gravatar.com\\\/avatar\\\/ac5001d2a36cb6c6cd3e50789007ffca834b477b74a2144564522e944eabff61?s=96&d=mm&r=g\",\"contentUrl\":\"https:\\\/\\\/secure.gravatar.com\\\/avatar\\\/ac5001d2a36cb6c6cd3e50789007ffca834b477b74a2144564522e944eabff61?s=96&d=mm&r=g\",\"caption\":\"thomas.berner\"},\"url\":\"https:\\\/\\\/www.organisator.ch\\\/fr\\\/author\\\/thomas-berner\\\/\"}]}<\/script>\n<!-- \/ Yoast SEO plugin. -->","yoast_head_json":{"title":"Le groupe Howden acquiert RVA Versicherungsbroker AG - Organisateur","description":"Le groupe Howden reprend le courtier en assurances RVA Versicherungsbroker AG, dont le si\u00e8ge est \u00e0 Ittigen pr\u00e8s de Berne.","robots":{"index":"index","follow":"follow","max-snippet":"max-snippet:-1","max-image-preview":"max-image-preview:large","max-video-preview":"max-video-preview:-1"},"canonical":"https:\/\/www.organisator.ch\/fr\/gestion-2\/2023-06-21\/howden-gruppe-erwirbt-rva-versicherungsbroker-ag\/","og_locale":"fr_FR","og_type":"article","og_title":"Howden Gruppe erwirbt RVA Versicherungsbroker AG","og_description":"Die Howden Gruppe \u00fcbernimmt den Versicherungsmakler RVA Versicherungsbroker AG mit Sitz in Ittigen bei Bern.","og_url":"https:\/\/www.organisator.ch\/fr\/gestion-2\/2023-06-21\/howden-gruppe-erwirbt-rva-versicherungsbroker-ag\/","og_site_name":"Organisator","article_publisher":"https:\/\/www.facebook.com\/OrganisatorFachmagazin","article_published_time":"2023-06-21T06:54:01+00:00","og_image":[{"width":680,"height":458,"url":"https:\/\/www.organisator.ch\/wp-content\/uploads\/2023\/06\/Howden-Gruppe-erwirbt-RVA-Versicherungsbroker-AG_Organisator.jpg","type":"image\/jpeg"}],"author":"thomas.berner","twitter_card":"summary_large_image","twitter_title":"#Howden Gruppe erwirbt RVA #Versicherungsbroker AG","twitter_description":"Die #Howden Gruppe \u00fcbernimmt den #Versicherungsmakler RVA #Versicherungsbroker AG mit Sitz in Ittigen bei Bern.","twitter_image":"https:\/\/www.organisator.ch\/wp-content\/uploads\/2023\/06\/Howden-Gruppe-erwirbt-RVA-Versicherungsbroker-AG_Organisator.jpg","schema":{"@context":"https:\/\/schema.org","@graph":[{"@type":"Article","@id":"https:\/\/www.organisator.ch\/management\/2023-06-21\/howden-gruppe-erwirbt-rva-versicherungsbroker-ag\/#article","isPartOf":{"@id":"https:\/\/www.organisator.ch\/management\/2023-06-21\/howden-gruppe-erwirbt-rva-versicherungsbroker-ag\/"},"author":{"name":"thomas.berner","@id":"https:\/\/www.organisator.ch\/#\/schema\/person\/6f650f90b2842cd4c0cc334b4e36f67e"},"headline":"Howden Gruppe erwirbt RVA Versicherungsbroker AG","datePublished":"2023-06-21T06:54:01+00:00","mainEntityOfPage":{"@id":"https:\/\/www.organisator.ch\/management\/2023-06-21\/howden-gruppe-erwirbt-rva-versicherungsbroker-ag\/"},"wordCount":335,"publisher":{"@id":"https:\/\/www.organisator.ch\/#organization"},"image":{"@id":"https:\/\/www.organisator.ch\/management\/2023-06-21\/howden-gruppe-erwirbt-rva-versicherungsbroker-ag\/#primaryimage"},"thumbnailUrl":"https:\/\/www.organisator.ch\/wp-content\/uploads\/2023\/06\/Howden-Gruppe-erwirbt-RVA-Versicherungsbroker-AG_Organisator.jpg","keywords":["Akquisition","Unternehmen","Versicherungsbroker"],"articleSection":["MANAGEMENT"],"inLanguage":"fr-FR"},{"@type":"WebPage","@id":"https:\/\/www.organisator.ch\/management\/2023-06-21\/howden-gruppe-erwirbt-rva-versicherungsbroker-ag\/","url":"https:\/\/www.organisator.ch\/management\/2023-06-21\/howden-gruppe-erwirbt-rva-versicherungsbroker-ag\/","name":"Le groupe Howden acquiert RVA Versicherungsbroker AG - Organisateur","isPartOf":{"@id":"https:\/\/www.organisator.ch\/#website"},"primaryImageOfPage":{"@id":"https:\/\/www.organisator.ch\/management\/2023-06-21\/howden-gruppe-erwirbt-rva-versicherungsbroker-ag\/#primaryimage"},"image":{"@id":"https:\/\/www.organisator.ch\/management\/2023-06-21\/howden-gruppe-erwirbt-rva-versicherungsbroker-ag\/#primaryimage"},"thumbnailUrl":"https:\/\/www.organisator.ch\/wp-content\/uploads\/2023\/06\/Howden-Gruppe-erwirbt-RVA-Versicherungsbroker-AG_Organisator.jpg","datePublished":"2023-06-21T06:54:01+00:00","description":"Le groupe Howden reprend le courtier en assurances RVA Versicherungsbroker AG, dont le si\u00e8ge est \u00e0 Ittigen pr\u00e8s de Berne.","breadcrumb":{"@id":"https:\/\/www.organisator.ch\/management\/2023-06-21\/howden-gruppe-erwirbt-rva-versicherungsbroker-ag\/#breadcrumb"},"inLanguage":"fr-FR","potentialAction":[{"@type":"ReadAction","target":["https:\/\/www.organisator.ch\/management\/2023-06-21\/howden-gruppe-erwirbt-rva-versicherungsbroker-ag\/"]}]},{"@type":"ImageObject","inLanguage":"fr-FR","@id":"https:\/\/www.organisator.ch\/management\/2023-06-21\/howden-gruppe-erwirbt-rva-versicherungsbroker-ag\/#primaryimage","url":"https:\/\/www.organisator.ch\/wp-content\/uploads\/2023\/06\/Howden-Gruppe-erwirbt-RVA-Versicherungsbroker-AG_Organisator.jpg","contentUrl":"https:\/\/www.organisator.ch\/wp-content\/uploads\/2023\/06\/Howden-Gruppe-erwirbt-RVA-Versicherungsbroker-AG_Organisator.jpg","width":680,"height":458,"caption":"\u00dcbergibt die RVA Versicherungsbroker AG an die Howden Gruppe: Inhaber Martin Stuber. (Bild: zVg)"},{"@type":"BreadcrumbList","@id":"https:\/\/www.organisator.ch\/management\/2023-06-21\/howden-gruppe-erwirbt-rva-versicherungsbroker-ag\/#breadcrumb","itemListElement":[{"@type":"ListItem","position":1,"name":"Home","item":"https:\/\/www.organisator.ch\/"},{"@type":"ListItem","position":2,"name":"Howden Gruppe erwirbt RVA Versicherungsbroker AG"}]},{"@type":"WebSite","@id":"https:\/\/www.organisator.ch\/#website","url":"https:\/\/www.organisator.ch\/","name":"Organisateur","description":"Comp\u00e9tence et comp\u00e9tence. Proches de la pratique. L'ORGANISATEUR pr\u00e9pare 10 num\u00e9ros par an sur les th\u00e8mes essentiels pour les dirigeants de PME.","publisher":{"@id":"https:\/\/www.organisator.ch\/#organization"},"potentialAction":[{"@type":"SearchAction","target":{"@type":"EntryPoint","urlTemplate":"https:\/\/www.organisator.ch\/?s={search_term_string}"},"query-input":{"@type":"PropertyValueSpecification","valueRequired":true,"valueName":"search_term_string"}}],"inLanguage":"fr-FR"},{"@type":"Organization","@id":"https:\/\/www.organisator.ch\/#organization","name":"Organisateur","url":"https:\/\/www.organisator.ch\/","logo":{"@type":"ImageObject","inLanguage":"fr-FR","@id":"https:\/\/www.organisator.ch\/#\/schema\/logo\/image\/","url":"https:\/\/www.organisator.ch\/wp-content\/uploads\/2022\/01\/Logo_Organisator_Website.png","contentUrl":"https:\/\/www.organisator.ch\/wp-content\/uploads\/2022\/01\/Logo_Organisator_Website.png","width":800,"height":77,"caption":"Organisator"},"image":{"@id":"https:\/\/www.organisator.ch\/#\/schema\/logo\/image\/"},"sameAs":["https:\/\/www.facebook.com\/OrganisatorFachmagazin","https:\/\/www.linkedin.com\/showcase\/organisator-das-magazin-fr-kmu","https:\/\/www.xing.com\/news\/pages\/organisator-ch-695","https:\/\/www.youtube.com\/channel\/UCGP2Sq0iWaZwT3BdIAQFYpw"]},{"@type":"Person","@id":"https:\/\/www.organisator.ch\/#\/schema\/person\/6f650f90b2842cd4c0cc334b4e36f67e","name":"thomas.berner","image":{"@type":"ImageObject","inLanguage":"fr-FR","@id":"https:\/\/secure.gravatar.com\/avatar\/ac5001d2a36cb6c6cd3e50789007ffca834b477b74a2144564522e944eabff61?s=96&d=mm&r=g","url":"https:\/\/secure.gravatar.com\/avatar\/ac5001d2a36cb6c6cd3e50789007ffca834b477b74a2144564522e944eabff61?s=96&d=mm&r=g","contentUrl":"https:\/\/secure.gravatar.com\/avatar\/ac5001d2a36cb6c6cd3e50789007ffca834b477b74a2144564522e944eabff61?s=96&d=mm&r=g","caption":"thomas.berner"},"url":"https:\/\/www.organisator.ch\/fr\/author\/thomas-berner\/"}]}},"_links":{"self":[{"href":"https:\/\/www.organisator.ch\/fr\/wp-json\/wp\/v2\/posts\/20779","targetHints":{"allow":["GET"]}}],"collection":[{"href":"https:\/\/www.organisator.ch\/fr\/wp-json\/wp\/v2\/posts"}],"about":[{"href":"https:\/\/www.organisator.ch\/fr\/wp-json\/wp\/v2\/types\/post"}],"author":[{"embeddable":true,"href":"https:\/\/www.organisator.ch\/fr\/wp-json\/wp\/v2\/users\/4"}],"replies":[{"embeddable":true,"href":"https:\/\/www.organisator.ch\/fr\/wp-json\/wp\/v2\/comments?post=20779"}],"version-history":[{"count":1,"href":"https:\/\/www.organisator.ch\/fr\/wp-json\/wp\/v2\/posts\/20779\/revisions"}],"predecessor-version":[{"id":20781,"href":"https:\/\/www.organisator.ch\/fr\/wp-json\/wp\/v2\/posts\/20779\/revisions\/20781"}],"wp:featuredmedia":[{"embeddable":true,"href":"https:\/\/www.organisator.ch\/fr\/wp-json\/wp\/v2\/media\/20780"}],"wp:attachment":[{"href":"https:\/\/www.organisator.ch\/fr\/wp-json\/wp\/v2\/media?parent=20779"}],"wp:term":[{"taxonomy":"category","embeddable":true,"href":"https:\/\/www.organisator.ch\/fr\/wp-json\/wp\/v2\/categories?post=20779"},{"taxonomy":"post_tag","embeddable":true,"href":"https:\/\/www.organisator.ch\/fr\/wp-json\/wp\/v2\/tags?post=20779"}],"curies":[{"name":"wp","href":"https:\/\/api.w.org\/{rel}","templated":true}]}}