{"id":20785,"date":"2023-06-21T08:00:39","date_gmt":"2023-06-21T06:00:39","guid":{"rendered":"https:\/\/www.m-q.ch\/?p=18200"},"modified":"2024-11-15T08:42:56","modified_gmt":"2024-11-15T07:42:56","slug":"cybersicherheit-orange-business-und-palo-alto-networks-bieten-verwaltete-sase-loesung","status":"publish","type":"post","link":"https:\/\/www.organisator.ch\/fr\/operational-excellence\/2023-06-21\/cybersicherheit-orange-business-und-palo-alto-networks-bieten-verwaltete-sase-loesung\/","title":{"rendered":"Cybers\u00e9curit\u00e9 : Orange Business et Palo Alto Networks proposent une solution SASE g\u00e9r\u00e9e"},"content":{"rendered":"<figure id=\"attachment_18201\" class=\"wp-caption alignnone\" style=\"width: 680px\" aria-describedby=\"caption-attachment-18201\"><img class=\"alignnone wp-image-18201 size-full\" src=\"https:\/\/www.m-q.ch\/wp-content\/uploads\/2023\/06\/Cybersicherheit-Orange-Business-und-Palo-Alto-Networks-bieten-verwaltete-SASE-Loesung_MQ.jpg\" alt=\"Solutions SASE\" width=\"680\" height=\"383\" \/>\r\n<figcaption id=\"caption-attachment-18201\" class=\"wp-caption-text\">En mati\u00e8re de cybers\u00e9curit\u00e9 \u00e9galement, de plus en plus d'entreprises misent sur le cloud, par exemple via une solution SASE g\u00e9r\u00e9e. (Image : Pixabay.com)<\/figcaption>\r\n<\/figure>\r\n<p>Le passage au travail en tout lieu, aux r\u00e9seaux d\u00e9finis par logiciel et \u00e0 l'adoption rapide de la connectivit\u00e9 en nuage permet aux entreprises internationales d'atteindre de nouveaux niveaux de productivit\u00e9 et d'efficacit\u00e9. Toutefois, \u00e0 mesure qu'elles r\u00e9organisent leur infrastructure r\u00e9seau distribu\u00e9e pour r\u00e9pondre aux exigences du travail hybride et de l'informatique en nuage, la surface d'attaque s'\u00e9largit \u00e9galement et elles deviennent de plus en plus vuln\u00e9rables aux cyberattaques. Les deux fournisseurs veulent maintenant relever ce d\u00e9fi en proposant la solution Prisma<sup>\u00ae<\/sup> SASE (Prisma Access + Prisma SD-WAN) de Palo Alto Networks avec les capacit\u00e9s de connectivit\u00e9 et d'int\u00e9gration num\u00e9rique d'Orange Business et le service Managed Secure Access d'Orange Cyberdefense. En effet, la solution SASE g\u00e9r\u00e9e par le fournisseur constitue une base s\u00fbre pour les organisations agiles bas\u00e9es sur le cloud, est-il pr\u00e9cis\u00e9.<\/p>\r\n<h3>Solution SASE enti\u00e8rement assist\u00e9e par IA<\/h3>\r\n<p>S'appuyant sur les solutions de connectivit\u00e9 modernes existantes, Orange Business orchestre les r\u00e9seaux, le cloud et les composants de cybers\u00e9curit\u00e9 afin de relier la strat\u00e9gie commerciale et la strat\u00e9gie d'infrastructure des clients. Pour ce faire, Evolution Platform est la base d'un \u00e9cosyst\u00e8me s\u00e9curis\u00e9, flexible et virtualis\u00e9. Le backbone d'intelligence des menaces d'Orange Cyberdefense, unique selon ses propres termes, compl\u00e9t\u00e9 par des fonctionnalit\u00e9s et une expertise de pointe, y compris la d\u00e9tection et la r\u00e9ponse, vise \u00e0 aider les entreprises \u00e0 obtenir de meilleurs r\u00e9sultats en mati\u00e8re de s\u00e9curit\u00e9. La solution SASE, enti\u00e8rement bas\u00e9e sur l'IA, combine la s\u00e9curit\u00e9 du r\u00e9seau, le SD-WAN et la gestion autonome de l'exp\u00e9rience utilisateur num\u00e9rique (ADEM) en un seul service cloud. Cela renforce la s\u00e9curit\u00e9 et r\u00e9duit la complexit\u00e9.<\/p>\r\n<h3><strong>Repenser l'architecture du r\u00e9seau et de la s\u00e9curit\u00e9<\/strong><\/h3>\r\n<p>Une entreprise qui a d\u00e9j\u00e0 opt\u00e9 pour cette solution est Imerys, une entreprise mini\u00e8re leader mondial dans l'extraction de min\u00e9raux. Imerys voulait acc\u00e9l\u00e9rer sa transformation en cloud et transformer son infrastructure informatique avec une infrastructure agile pour soutenir la croissance de son activit\u00e9. Parall\u00e8lement, la solution SASE g\u00e9r\u00e9e d'Orange et de Palo Alto Networks devait garantir un niveau de s\u00e9curit\u00e9 global maximal. En outre, l'entreprise souhaitait r\u00e9duire ses co\u00fbts en diminuant le nombre de ses fournisseurs et en facilitant ses activit\u00e9s de fusion et d'acquisition. Imerys s'appuie d\u00e9sormais sur la solution SASE d'Orange, bas\u00e9e sur les fonctionnalit\u00e9s d'Orange Business et d'Orange Cyberdefense, pour cr\u00e9er un r\u00e9seau mondial s\u00e9curis\u00e9 et compatible avec le cloud, et migrer en douceur son infrastructure actuelle. Pour une protection maximale, Palo Alto Networks Prisma SASE assure d\u00e9sormais une approche \"zero trust\", que l'utilisateur final se trouve \u00e0 l'int\u00e9rieur ou \u00e0 l'ext\u00e9rieur du r\u00e9seau de l'entreprise.<\/p>\r\n<h3>De plus en plus d'entreprises optent pour des solutions de cloud computing, y compris en mati\u00e8re de cybers\u00e9curit\u00e9<\/h3>\r\n<p>\"Les entreprises adoptent les nouvelles technologies bas\u00e9es sur le cloud pour augmenter leur productivit\u00e9, am\u00e9liorer leur efficacit\u00e9 et offrir de nouveaux services. Mais cela entra\u00eene \u00e9galement une augmentation de leur surface d'attaque num\u00e9rique\", r\u00e9sume Helmut Reisinger, CEO EMEA et LATAM, Palo Alto Networks. \"Le d\u00e9fi d'am\u00e9liorer la cyber-r\u00e9silience n'a jamais \u00e9t\u00e9 aussi grand qu'aujourd'hui. En combinant notre solution SASE avec les services et les fonctionnalit\u00e9s de gestion d'Orange, nous parvenons \u00e0 offrir \u00e0 nos clients des solutions de r\u00e9seau et de s\u00e9curit\u00e9 \u00e0 la pointe de l'industrie dans une plateforme unique. Elle est facile \u00e0 d\u00e9ployer, \u00e0 faire \u00e9voluer et \u00e0 g\u00e9rer et offre les meilleures performances du secteur\". Et Aliette Mousnier-Lompre, CEO d'Orange Business, d'ajouter : \"Comme de plus en plus d'entreprises transf\u00e8rent leurs op\u00e9rations vers le cloud et adoptent une approche \"Digital First\", nos clients doivent adopter une s\u00e9curit\u00e9 \"Zero Trust\". Ils demandent une solution qui r\u00e9unit le r\u00e9seau et la s\u00e9curit\u00e9 de mani\u00e8re flexible, simple et rentable. En collaboration avec Palo Alto Networks et Orange Cyberdefense, nous proposons une offre SASE enti\u00e8rement convergente et g\u00e9r\u00e9e qui aura un impact positif sur nos clients internationaux\".<\/p>\r\n<p><em>Source : <a href=\"http:\/\/www.orange-business.com\/\">www.orange-business.com<\/a><\/em><\/p>\n<p class=\"syndicated-attribution\">Cet article est paru initialement sur m-q.ch - <a href=\"https:\/\/www.m-q.ch\/de\/cybersicherheit-orange-business-und-palo-alto-networks-bieten-verwaltete-sase-loesung\/\" target=\"_blank\">https:\/\/www.m-q.ch\/de\/cybersicherheit-orange-business-und-palo-alto-networks-bieten-verwaltete-sase-loesung\/<\/a><\/p>","protected":false},"excerpt":{"rendered":"<p>Orange Business, Orange Cyberdefense et Palo Alto Networks, soci\u00e9t\u00e9 cot\u00e9e au Nasdaq, ont uni leurs forces pour fournir une solution SASE (Secure Access Service Edge) g\u00e9r\u00e9e. Gr\u00e2ce \u00e0 ses hautes performances, sa simplicit\u00e9 et son acc\u00e8s r\u00e9seau Zero Trust 2.0, celle-ci entend r\u00e9pondre aux besoins les plus exigeants des entreprises clientes en mati\u00e8re de r\u00e9seau et de s\u00e9curit\u00e9.<\/p>","protected":false},"author":8,"featured_media":0,"comment_status":"closed","ping_status":"closed","sticky":false,"template":"","format":"standard","meta":{"_acf_changed":false,"_yoast_wpseo_focuskw":"SASE-L\u00f6sungen","_yoast_wpseo_metadesc":"SASE-L\u00f6sungen: Orange und Palo Alto Networks bieten sichere Cloud-basiertes Netzwerk f\u00fcr globalen Schutz und Effizienz.","articlekey":"","footnotes":""},"categories":[582],"tags":[],"class_list":["post-20785","post","type-post","status-publish","format-standard","hentry","category-operational-excellence"],"acf":[],"yoast_head":"<!-- This site is optimized with the Yoast SEO plugin v27.5 - https:\/\/yoast.com\/product\/yoast-seo-wordpress\/ -->\n<title>Cybersicherheit: Orange Business und Palo Alto Networks bieten verwaltete SASE-L\u00f6sung - Organisator<\/title>\n<meta name=\"description\" content=\"SASE-L\u00f6sungen: Orange und Palo Alto Networks bieten sichere Cloud-basiertes Netzwerk f\u00fcr globalen Schutz und Effizienz.\" \/>\n<meta name=\"robots\" content=\"index, follow, max-snippet:-1, max-image-preview:large, max-video-preview:-1\" \/>\n<link rel=\"canonical\" href=\"https:\/\/www.organisator.ch\/fr\/excellence-operationnelle\/2023-06-21\/cybersicherheit-orange-business-und-palo-alto-networks-bieten-verwaltete-sase-loesung\/\" \/>\n<meta property=\"og:locale\" content=\"fr_FR\" \/>\n<meta property=\"og:type\" content=\"article\" \/>\n<meta property=\"og:title\" content=\"Cybersicherheit: Orange Business und Palo Alto Networks bieten verwaltete SASE-L\u00f6sung - Organisator\" \/>\n<meta property=\"og:description\" content=\"SASE-L\u00f6sungen: Orange und Palo Alto Networks bieten sichere Cloud-basiertes Netzwerk f\u00fcr globalen Schutz und Effizienz.\" \/>\n<meta property=\"og:url\" content=\"https:\/\/www.organisator.ch\/fr\/excellence-operationnelle\/2023-06-21\/cybersicherheit-orange-business-und-palo-alto-networks-bieten-verwaltete-sase-loesung\/\" \/>\n<meta property=\"og:site_name\" content=\"Organisator\" \/>\n<meta property=\"article:publisher\" content=\"https:\/\/www.facebook.com\/OrganisatorFachmagazin\" \/>\n<meta property=\"article:published_time\" content=\"2023-06-21T06:00:39+00:00\" \/>\n<meta property=\"article:modified_time\" content=\"2024-11-15T07:42:56+00:00\" \/>\n<meta name=\"author\" content=\"galledia\" \/>\n<meta name=\"twitter:card\" content=\"summary_large_image\" \/>\n<meta name=\"twitter:creator\" content=\"@admin\" \/>\n<script type=\"application\/ld+json\" class=\"yoast-schema-graph\">{\"@context\":\"https:\\\/\\\/schema.org\",\"@graph\":[{\"@type\":\"Article\",\"@id\":\"https:\\\/\\\/www.organisator.ch\\\/operational-excellence\\\/2023-06-21\\\/cybersicherheit-orange-business-und-palo-alto-networks-bieten-verwaltete-sase-loesung\\\/#article\",\"isPartOf\":{\"@id\":\"https:\\\/\\\/www.organisator.ch\\\/operational-excellence\\\/2023-06-21\\\/cybersicherheit-orange-business-und-palo-alto-networks-bieten-verwaltete-sase-loesung\\\/\"},\"author\":{\"name\":\"galledia\",\"@id\":\"https:\\\/\\\/www.organisator.ch\\\/#\\\/schema\\\/person\\\/4e51799071cd2dd1232ac003643ef5f0\"},\"headline\":\"Cybersicherheit: Orange Business und Palo Alto Networks bieten verwaltete SASE-L\u00f6sung\",\"datePublished\":\"2023-06-21T06:00:39+00:00\",\"dateModified\":\"2024-11-15T07:42:56+00:00\",\"mainEntityOfPage\":{\"@id\":\"https:\\\/\\\/www.organisator.ch\\\/operational-excellence\\\/2023-06-21\\\/cybersicherheit-orange-business-und-palo-alto-networks-bieten-verwaltete-sase-loesung\\\/\"},\"wordCount\":615,\"publisher\":{\"@id\":\"https:\\\/\\\/www.organisator.ch\\\/#organization\"},\"image\":{\"@id\":\"https:\\\/\\\/www.organisator.ch\\\/operational-excellence\\\/2023-06-21\\\/cybersicherheit-orange-business-und-palo-alto-networks-bieten-verwaltete-sase-loesung\\\/#primaryimage\"},\"thumbnailUrl\":\"https:\\\/\\\/www.m-q.ch\\\/wp-content\\\/uploads\\\/2023\\\/06\\\/Cybersicherheit-Orange-Business-und-Palo-Alto-Networks-bieten-verwaltete-SASE-Loesung_MQ.jpg\",\"articleSection\":[\"OPERATIONAL EXCELLENCE\"],\"inLanguage\":\"fr-FR\"},{\"@type\":\"WebPage\",\"@id\":\"https:\\\/\\\/www.organisator.ch\\\/operational-excellence\\\/2023-06-21\\\/cybersicherheit-orange-business-und-palo-alto-networks-bieten-verwaltete-sase-loesung\\\/\",\"url\":\"https:\\\/\\\/www.organisator.ch\\\/operational-excellence\\\/2023-06-21\\\/cybersicherheit-orange-business-und-palo-alto-networks-bieten-verwaltete-sase-loesung\\\/\",\"name\":\"Cybersicherheit: Orange Business und Palo Alto Networks bieten verwaltete SASE-L\u00f6sung - Organisator\",\"isPartOf\":{\"@id\":\"https:\\\/\\\/www.organisator.ch\\\/#website\"},\"primaryImageOfPage\":{\"@id\":\"https:\\\/\\\/www.organisator.ch\\\/operational-excellence\\\/2023-06-21\\\/cybersicherheit-orange-business-und-palo-alto-networks-bieten-verwaltete-sase-loesung\\\/#primaryimage\"},\"image\":{\"@id\":\"https:\\\/\\\/www.organisator.ch\\\/operational-excellence\\\/2023-06-21\\\/cybersicherheit-orange-business-und-palo-alto-networks-bieten-verwaltete-sase-loesung\\\/#primaryimage\"},\"thumbnailUrl\":\"https:\\\/\\\/www.m-q.ch\\\/wp-content\\\/uploads\\\/2023\\\/06\\\/Cybersicherheit-Orange-Business-und-Palo-Alto-Networks-bieten-verwaltete-SASE-Loesung_MQ.jpg\",\"datePublished\":\"2023-06-21T06:00:39+00:00\",\"dateModified\":\"2024-11-15T07:42:56+00:00\",\"description\":\"SASE-L\u00f6sungen: Orange und Palo Alto Networks bieten sichere Cloud-basiertes Netzwerk f\u00fcr globalen Schutz und Effizienz.\",\"breadcrumb\":{\"@id\":\"https:\\\/\\\/www.organisator.ch\\\/operational-excellence\\\/2023-06-21\\\/cybersicherheit-orange-business-und-palo-alto-networks-bieten-verwaltete-sase-loesung\\\/#breadcrumb\"},\"inLanguage\":\"fr-FR\",\"potentialAction\":[{\"@type\":\"ReadAction\",\"target\":[\"https:\\\/\\\/www.organisator.ch\\\/operational-excellence\\\/2023-06-21\\\/cybersicherheit-orange-business-und-palo-alto-networks-bieten-verwaltete-sase-loesung\\\/\"]}]},{\"@type\":\"ImageObject\",\"inLanguage\":\"fr-FR\",\"@id\":\"https:\\\/\\\/www.organisator.ch\\\/operational-excellence\\\/2023-06-21\\\/cybersicherheit-orange-business-und-palo-alto-networks-bieten-verwaltete-sase-loesung\\\/#primaryimage\",\"url\":\"https:\\\/\\\/www.m-q.ch\\\/wp-content\\\/uploads\\\/2023\\\/06\\\/Cybersicherheit-Orange-Business-und-Palo-Alto-Networks-bieten-verwaltete-SASE-Loesung_MQ.jpg\",\"contentUrl\":\"https:\\\/\\\/www.m-q.ch\\\/wp-content\\\/uploads\\\/2023\\\/06\\\/Cybersicherheit-Orange-Business-und-Palo-Alto-Networks-bieten-verwaltete-SASE-Loesung_MQ.jpg\"},{\"@type\":\"BreadcrumbList\",\"@id\":\"https:\\\/\\\/www.organisator.ch\\\/operational-excellence\\\/2023-06-21\\\/cybersicherheit-orange-business-und-palo-alto-networks-bieten-verwaltete-sase-loesung\\\/#breadcrumb\",\"itemListElement\":[{\"@type\":\"ListItem\",\"position\":1,\"name\":\"Home\",\"item\":\"https:\\\/\\\/www.organisator.ch\\\/\"},{\"@type\":\"ListItem\",\"position\":2,\"name\":\"Cybersicherheit: Orange Business und Palo Alto Networks bieten verwaltete SASE-L\u00f6sung\"}]},{\"@type\":\"WebSite\",\"@id\":\"https:\\\/\\\/www.organisator.ch\\\/#website\",\"url\":\"https:\\\/\\\/www.organisator.ch\\\/\",\"name\":\"Organisator\",\"description\":\"Kompetent. Praxisnah. Der ORGANISATOR bereitet in 10 Ausgaben pro Jahr die wesentlichen Themen f\u00fcr F\u00fchrungskr\u00e4fte von KMU auf.\",\"publisher\":{\"@id\":\"https:\\\/\\\/www.organisator.ch\\\/#organization\"},\"potentialAction\":[{\"@type\":\"SearchAction\",\"target\":{\"@type\":\"EntryPoint\",\"urlTemplate\":\"https:\\\/\\\/www.organisator.ch\\\/?s={search_term_string}\"},\"query-input\":{\"@type\":\"PropertyValueSpecification\",\"valueRequired\":true,\"valueName\":\"search_term_string\"}}],\"inLanguage\":\"fr-FR\"},{\"@type\":\"Organization\",\"@id\":\"https:\\\/\\\/www.organisator.ch\\\/#organization\",\"name\":\"Organisator\",\"url\":\"https:\\\/\\\/www.organisator.ch\\\/\",\"logo\":{\"@type\":\"ImageObject\",\"inLanguage\":\"fr-FR\",\"@id\":\"https:\\\/\\\/www.organisator.ch\\\/#\\\/schema\\\/logo\\\/image\\\/\",\"url\":\"https:\\\/\\\/www.organisator.ch\\\/wp-content\\\/uploads\\\/2022\\\/01\\\/Logo_Organisator_Website.png\",\"contentUrl\":\"https:\\\/\\\/www.organisator.ch\\\/wp-content\\\/uploads\\\/2022\\\/01\\\/Logo_Organisator_Website.png\",\"width\":800,\"height\":77,\"caption\":\"Organisator\"},\"image\":{\"@id\":\"https:\\\/\\\/www.organisator.ch\\\/#\\\/schema\\\/logo\\\/image\\\/\"},\"sameAs\":[\"https:\\\/\\\/www.facebook.com\\\/OrganisatorFachmagazin\",\"https:\\\/\\\/www.linkedin.com\\\/showcase\\\/organisator-das-magazin-fr-kmu\",\"https:\\\/\\\/www.xing.com\\\/news\\\/pages\\\/organisator-ch-695\",\"https:\\\/\\\/www.youtube.com\\\/channel\\\/UCGP2Sq0iWaZwT3BdIAQFYpw\"]},{\"@type\":\"Person\",\"@id\":\"https:\\\/\\\/www.organisator.ch\\\/#\\\/schema\\\/person\\\/4e51799071cd2dd1232ac003643ef5f0\",\"name\":\"galledia\",\"image\":{\"@type\":\"ImageObject\",\"inLanguage\":\"fr-FR\",\"@id\":\"https:\\\/\\\/secure.gravatar.com\\\/avatar\\\/78a7f90c01fc2bfc875782a0d4922b37cde2cf184ce347b91316d23cd7f69a36?s=96&d=mm&r=g\",\"url\":\"https:\\\/\\\/secure.gravatar.com\\\/avatar\\\/78a7f90c01fc2bfc875782a0d4922b37cde2cf184ce347b91316d23cd7f69a36?s=96&d=mm&r=g\",\"contentUrl\":\"https:\\\/\\\/secure.gravatar.com\\\/avatar\\\/78a7f90c01fc2bfc875782a0d4922b37cde2cf184ce347b91316d23cd7f69a36?s=96&d=mm&r=g\",\"caption\":\"galledia\"},\"sameAs\":[\"https:\\\/\\\/x.com\\\/admin\"],\"url\":\"https:\\\/\\\/www.organisator.ch\\\/fr\\\/author\\\/galledia\\\/\"}]}<\/script>\n<!-- \/ Yoast SEO plugin. -->","yoast_head_json":{"title":"Cybers\u00e9curit\u00e9 : Orange Business et Palo Alto Networks proposent une solution SASE g\u00e9r\u00e9e - Organisateur","description":"Les solutions SASE : Orange et Palo Alto Networks proposent un r\u00e9seau s\u00e9curis\u00e9 bas\u00e9 sur le cloud pour une protection et une efficacit\u00e9 globales.","robots":{"index":"index","follow":"follow","max-snippet":"max-snippet:-1","max-image-preview":"max-image-preview:large","max-video-preview":"max-video-preview:-1"},"canonical":"https:\/\/www.organisator.ch\/fr\/excellence-operationnelle\/2023-06-21\/cybersicherheit-orange-business-und-palo-alto-networks-bieten-verwaltete-sase-loesung\/","og_locale":"fr_FR","og_type":"article","og_title":"Cybersicherheit: Orange Business und Palo Alto Networks bieten verwaltete SASE-L\u00f6sung - Organisator","og_description":"SASE-L\u00f6sungen: Orange und Palo Alto Networks bieten sichere Cloud-basiertes Netzwerk f\u00fcr globalen Schutz und Effizienz.","og_url":"https:\/\/www.organisator.ch\/fr\/excellence-operationnelle\/2023-06-21\/cybersicherheit-orange-business-und-palo-alto-networks-bieten-verwaltete-sase-loesung\/","og_site_name":"Organisator","article_publisher":"https:\/\/www.facebook.com\/OrganisatorFachmagazin","article_published_time":"2023-06-21T06:00:39+00:00","article_modified_time":"2024-11-15T07:42:56+00:00","author":"galledia","twitter_card":"summary_large_image","twitter_creator":"@admin","schema":{"@context":"https:\/\/schema.org","@graph":[{"@type":"Article","@id":"https:\/\/www.organisator.ch\/operational-excellence\/2023-06-21\/cybersicherheit-orange-business-und-palo-alto-networks-bieten-verwaltete-sase-loesung\/#article","isPartOf":{"@id":"https:\/\/www.organisator.ch\/operational-excellence\/2023-06-21\/cybersicherheit-orange-business-und-palo-alto-networks-bieten-verwaltete-sase-loesung\/"},"author":{"name":"galledia","@id":"https:\/\/www.organisator.ch\/#\/schema\/person\/4e51799071cd2dd1232ac003643ef5f0"},"headline":"Cybersicherheit: Orange Business und Palo Alto Networks bieten verwaltete SASE-L\u00f6sung","datePublished":"2023-06-21T06:00:39+00:00","dateModified":"2024-11-15T07:42:56+00:00","mainEntityOfPage":{"@id":"https:\/\/www.organisator.ch\/operational-excellence\/2023-06-21\/cybersicherheit-orange-business-und-palo-alto-networks-bieten-verwaltete-sase-loesung\/"},"wordCount":615,"publisher":{"@id":"https:\/\/www.organisator.ch\/#organization"},"image":{"@id":"https:\/\/www.organisator.ch\/operational-excellence\/2023-06-21\/cybersicherheit-orange-business-und-palo-alto-networks-bieten-verwaltete-sase-loesung\/#primaryimage"},"thumbnailUrl":"https:\/\/www.m-q.ch\/wp-content\/uploads\/2023\/06\/Cybersicherheit-Orange-Business-und-Palo-Alto-Networks-bieten-verwaltete-SASE-Loesung_MQ.jpg","articleSection":["OPERATIONAL EXCELLENCE"],"inLanguage":"fr-FR"},{"@type":"WebPage","@id":"https:\/\/www.organisator.ch\/operational-excellence\/2023-06-21\/cybersicherheit-orange-business-und-palo-alto-networks-bieten-verwaltete-sase-loesung\/","url":"https:\/\/www.organisator.ch\/operational-excellence\/2023-06-21\/cybersicherheit-orange-business-und-palo-alto-networks-bieten-verwaltete-sase-loesung\/","name":"Cybers\u00e9curit\u00e9 : Orange Business et Palo Alto Networks proposent une solution SASE g\u00e9r\u00e9e - Organisateur","isPartOf":{"@id":"https:\/\/www.organisator.ch\/#website"},"primaryImageOfPage":{"@id":"https:\/\/www.organisator.ch\/operational-excellence\/2023-06-21\/cybersicherheit-orange-business-und-palo-alto-networks-bieten-verwaltete-sase-loesung\/#primaryimage"},"image":{"@id":"https:\/\/www.organisator.ch\/operational-excellence\/2023-06-21\/cybersicherheit-orange-business-und-palo-alto-networks-bieten-verwaltete-sase-loesung\/#primaryimage"},"thumbnailUrl":"https:\/\/www.m-q.ch\/wp-content\/uploads\/2023\/06\/Cybersicherheit-Orange-Business-und-Palo-Alto-Networks-bieten-verwaltete-SASE-Loesung_MQ.jpg","datePublished":"2023-06-21T06:00:39+00:00","dateModified":"2024-11-15T07:42:56+00:00","description":"Les solutions SASE : Orange et Palo Alto Networks proposent un r\u00e9seau s\u00e9curis\u00e9 bas\u00e9 sur le cloud pour une protection et une efficacit\u00e9 globales.","breadcrumb":{"@id":"https:\/\/www.organisator.ch\/operational-excellence\/2023-06-21\/cybersicherheit-orange-business-und-palo-alto-networks-bieten-verwaltete-sase-loesung\/#breadcrumb"},"inLanguage":"fr-FR","potentialAction":[{"@type":"ReadAction","target":["https:\/\/www.organisator.ch\/operational-excellence\/2023-06-21\/cybersicherheit-orange-business-und-palo-alto-networks-bieten-verwaltete-sase-loesung\/"]}]},{"@type":"ImageObject","inLanguage":"fr-FR","@id":"https:\/\/www.organisator.ch\/operational-excellence\/2023-06-21\/cybersicherheit-orange-business-und-palo-alto-networks-bieten-verwaltete-sase-loesung\/#primaryimage","url":"https:\/\/www.m-q.ch\/wp-content\/uploads\/2023\/06\/Cybersicherheit-Orange-Business-und-Palo-Alto-Networks-bieten-verwaltete-SASE-Loesung_MQ.jpg","contentUrl":"https:\/\/www.m-q.ch\/wp-content\/uploads\/2023\/06\/Cybersicherheit-Orange-Business-und-Palo-Alto-Networks-bieten-verwaltete-SASE-Loesung_MQ.jpg"},{"@type":"BreadcrumbList","@id":"https:\/\/www.organisator.ch\/operational-excellence\/2023-06-21\/cybersicherheit-orange-business-und-palo-alto-networks-bieten-verwaltete-sase-loesung\/#breadcrumb","itemListElement":[{"@type":"ListItem","position":1,"name":"Home","item":"https:\/\/www.organisator.ch\/"},{"@type":"ListItem","position":2,"name":"Cybersicherheit: Orange Business und Palo Alto Networks bieten verwaltete SASE-L\u00f6sung"}]},{"@type":"WebSite","@id":"https:\/\/www.organisator.ch\/#website","url":"https:\/\/www.organisator.ch\/","name":"Organisateur","description":"Comp\u00e9tence et comp\u00e9tence. Proches de la pratique. L'ORGANISATEUR pr\u00e9pare 10 num\u00e9ros par an sur les th\u00e8mes essentiels pour les dirigeants de PME.","publisher":{"@id":"https:\/\/www.organisator.ch\/#organization"},"potentialAction":[{"@type":"SearchAction","target":{"@type":"EntryPoint","urlTemplate":"https:\/\/www.organisator.ch\/?s={search_term_string}"},"query-input":{"@type":"PropertyValueSpecification","valueRequired":true,"valueName":"search_term_string"}}],"inLanguage":"fr-FR"},{"@type":"Organization","@id":"https:\/\/www.organisator.ch\/#organization","name":"Organisateur","url":"https:\/\/www.organisator.ch\/","logo":{"@type":"ImageObject","inLanguage":"fr-FR","@id":"https:\/\/www.organisator.ch\/#\/schema\/logo\/image\/","url":"https:\/\/www.organisator.ch\/wp-content\/uploads\/2022\/01\/Logo_Organisator_Website.png","contentUrl":"https:\/\/www.organisator.ch\/wp-content\/uploads\/2022\/01\/Logo_Organisator_Website.png","width":800,"height":77,"caption":"Organisator"},"image":{"@id":"https:\/\/www.organisator.ch\/#\/schema\/logo\/image\/"},"sameAs":["https:\/\/www.facebook.com\/OrganisatorFachmagazin","https:\/\/www.linkedin.com\/showcase\/organisator-das-magazin-fr-kmu","https:\/\/www.xing.com\/news\/pages\/organisator-ch-695","https:\/\/www.youtube.com\/channel\/UCGP2Sq0iWaZwT3BdIAQFYpw"]},{"@type":"Person","@id":"https:\/\/www.organisator.ch\/#\/schema\/person\/4e51799071cd2dd1232ac003643ef5f0","name":"galledia","image":{"@type":"ImageObject","inLanguage":"fr-FR","@id":"https:\/\/secure.gravatar.com\/avatar\/78a7f90c01fc2bfc875782a0d4922b37cde2cf184ce347b91316d23cd7f69a36?s=96&d=mm&r=g","url":"https:\/\/secure.gravatar.com\/avatar\/78a7f90c01fc2bfc875782a0d4922b37cde2cf184ce347b91316d23cd7f69a36?s=96&d=mm&r=g","contentUrl":"https:\/\/secure.gravatar.com\/avatar\/78a7f90c01fc2bfc875782a0d4922b37cde2cf184ce347b91316d23cd7f69a36?s=96&d=mm&r=g","caption":"galledia"},"sameAs":["https:\/\/x.com\/admin"],"url":"https:\/\/www.organisator.ch\/fr\/author\/galledia\/"}]}},"_links":{"self":[{"href":"https:\/\/www.organisator.ch\/fr\/wp-json\/wp\/v2\/posts\/20785","targetHints":{"allow":["GET"]}}],"collection":[{"href":"https:\/\/www.organisator.ch\/fr\/wp-json\/wp\/v2\/posts"}],"about":[{"href":"https:\/\/www.organisator.ch\/fr\/wp-json\/wp\/v2\/types\/post"}],"author":[{"embeddable":true,"href":"https:\/\/www.organisator.ch\/fr\/wp-json\/wp\/v2\/users\/8"}],"replies":[{"embeddable":true,"href":"https:\/\/www.organisator.ch\/fr\/wp-json\/wp\/v2\/comments?post=20785"}],"version-history":[{"count":3,"href":"https:\/\/www.organisator.ch\/fr\/wp-json\/wp\/v2\/posts\/20785\/revisions"}],"predecessor-version":[{"id":33068,"href":"https:\/\/www.organisator.ch\/fr\/wp-json\/wp\/v2\/posts\/20785\/revisions\/33068"}],"wp:attachment":[{"href":"https:\/\/www.organisator.ch\/fr\/wp-json\/wp\/v2\/media?parent=20785"}],"wp:term":[{"taxonomy":"category","embeddable":true,"href":"https:\/\/www.organisator.ch\/fr\/wp-json\/wp\/v2\/categories?post=20785"},{"taxonomy":"post_tag","embeddable":true,"href":"https:\/\/www.organisator.ch\/fr\/wp-json\/wp\/v2\/tags?post=20785"}],"curies":[{"name":"wp","href":"https:\/\/api.w.org\/{rel}","templated":true}]}}