{"id":20794,"date":"2023-06-22T08:04:06","date_gmt":"2023-06-22T06:04:06","guid":{"rendered":"https:\/\/www.organisator.ch\/?p=20794"},"modified":"2023-06-22T08:04:06","modified_gmt":"2023-06-22T06:04:06","slug":"neue-arbeitsmodelle-rheintaler-gartenbau-unternehmen-macht-es-vor","status":"publish","type":"post","link":"https:\/\/www.organisator.ch\/fr\/human-resources\/2023-06-22\/neue-arbeitsmodelle-rheintaler-gartenbau-unternehmen-macht-es-vor\/","title":{"rendered":"Nouveaux mod\u00e8les de travail : une entreprise horticole de la vall\u00e9e du Rhin montre l'exemple"},"content":{"rendered":"<figure id=\"attachment_20795\" aria-describedby=\"caption-attachment-20795\" style=\"width: 680px\" class=\"wp-caption alignnone\"><img loading=\"lazy\" decoding=\"async\" class=\"size-full wp-image-20795\" src=\"https:\/\/www.organisator.ch\/wp-content\/uploads\/2023\/06\/Neue-Arbeitsmodelle-Rheintaler-Gartenbau-Unternehmen-macht-es-vor_Organisator.jpg\" alt=\"\" width=\"680\" height=\"454\" srcset=\"https:\/\/www.organisator.ch\/wp-content\/uploads\/2023\/06\/Neue-Arbeitsmodelle-Rheintaler-Gartenbau-Unternehmen-macht-es-vor_Organisator.jpg 680w, https:\/\/www.organisator.ch\/wp-content\/uploads\/2023\/06\/Neue-Arbeitsmodelle-Rheintaler-Gartenbau-Unternehmen-macht-es-vor_Organisator-18x12.jpg 18w, https:\/\/www.organisator.ch\/wp-content\/uploads\/2023\/06\/Neue-Arbeitsmodelle-Rheintaler-Gartenbau-Unternehmen-macht-es-vor_Organisator-375x250.jpg 375w, https:\/\/www.organisator.ch\/wp-content\/uploads\/2023\/06\/Neue-Arbeitsmodelle-Rheintaler-Gartenbau-Unternehmen-macht-es-vor_Organisator-524x350.jpg 524w\" sizes=\"auto, (max-width: 680px) 100vw, 680px\" \/><figcaption id=\"caption-attachment-20795\" class=\"wp-caption-text\">De gauche \u00e0 droite : Daniel Federer, Claudio K\u00f6ppel, Roman Gschwend lors de la remise du certificat d'entreprise formatrice TOP niveau 2 (photo : Bucher Gartenbau).<\/figcaption><\/figure>\n<p>La direction de Bucher Gartenbau AG accorde une grande importance au bien-\u00eatre et \u00e0 l'\u00e9quilibre entre vie professionnelle et vie priv\u00e9e de ses collaborateurs, notamment en accordant d\u00e9sormais six semaines de cong\u00e9s pay\u00e9s \u00e0 tous. \"Avec cette \u00e9tape importante, nous nous assurons\", d\u00e9clare Claudio K\u00f6ppel, directeur de Bucher Gartenbau AG, \"que nos collaborateurs puissent encore mieux se reposer et profiter de leur pr\u00e9cieux temps libre\". Pour Claudio K\u00f6ppel, un bon \u00e9quilibre entre vie professionnelle et vie priv\u00e9e n'est pas seulement b\u00e9n\u00e9fique pour les collaborateurs, il est \u00e9galement important pour la productivit\u00e9 et le succ\u00e8s de l'entreprise.<\/p>\n<h3><strong>Mod\u00e8les de travail \u00e0 temps partiel et plus<\/strong><\/h3>\n<p>Gr\u00e2ce \u00e0 la culture d'entreprise ouverte, familiale et amicale, les collaborateurs de Bucher Gartenbau ont de tr\u00e8s bonnes relations entre eux, ce dont K\u00f6ppel est tr\u00e8s fier. Pour la direction, il est important de s'occuper des collaborateurs et de leur donner la possibilit\u00e9 d'atteindre leurs objectifs personnels et professionnels. Les diff\u00e9rents mod\u00e8les de temps partiel, les prestations d'assurance sup\u00e9rieures \u00e0 la moyenne et les possibilit\u00e9s de formation continue contribuent \u00e9galement \u00e0 accro\u00eetre la motivation. Ces derni\u00e8res sont discut\u00e9es avec chaque collaborateur et d\u00e9termin\u00e9es en commun. De plus, la Bucher Gartenbau AG a obtenu cette ann\u00e9e le certificat TOP Entreprise de formation de niveau 2.<\/p>\n<h3><strong>Projets et parc de machines<\/strong><\/h3>\n<p>K\u00f6ppel est convaincu que les nouvelles conditions d'emploi modernes contribueront \u00e0 ce que les collaborateurs restent motiv\u00e9s et engag\u00e9s. Mais ce sont surtout les projets horticoles int\u00e9ressants, le parc de machines modernes et donc l'excellente infrastructure qui y contribuent. C'est ainsi, selon K\u00f6ppel, que la Bucher Gartenbau AG continuera \u00e0 avoir du succ\u00e8s \u00e0 l'avenir.<\/p>\n<p><em>Source : <a href=\"http:\/\/www.bucher-widnau.ch\">Bucher Gartenbau AG<\/a><\/em><\/p>","protected":false},"excerpt":{"rendered":"<p>Sur l'initiative de la direction et des collaborateurs, la Bucher Gartenbau AG de Widnau, dans le canton de St-Gall, a introduit de nouveaux mod\u00e8les de temps de travail dans l'entreprise. Il s'agit notamment de six semaines de vacances et de diff\u00e9rents mod\u00e8les de travail \u00e0 temps partiel.<\/p>","protected":false},"author":4,"featured_media":20795,"comment_status":"closed","ping_status":"closed","sticky":false,"template":"","format":"standard","meta":{"_acf_changed":false,"_yoast_wpseo_focuskw":"Neue Arbeitsmodelle","_yoast_wpseo_metadesc":"Auf Initiative von Gesch\u00e4ftsleitung und Mitarbeitenden hat die Bucher Gartenbau AG neue Arbeitsmodelle in der Unternehmung eingef\u00fchrt.","articlekey":"","footnotes":""},"categories":[579],"tags":[3825,363,492],"class_list":["post-20794","post","type-post","status-publish","format-standard","has-post-thumbnail","hentry","category-human-resources","tag-arbeitszeitmodelle","tag-new-work","tag-unternehmen"],"acf":[],"yoast_head":"<!-- This site is optimized with the Yoast SEO plugin v27.5 - https:\/\/yoast.com\/product\/yoast-seo-wordpress\/ -->\n<title>Neue Arbeitsmodelle: Rheintaler Gartenbau-Unternehmen macht es vor - Organisator<\/title>\n<meta name=\"description\" content=\"Auf Initiative von Gesch\u00e4ftsleitung und Mitarbeitenden hat die Bucher Gartenbau AG neue Arbeitsmodelle in der Unternehmung eingef\u00fchrt.\" \/>\n<meta name=\"robots\" content=\"index, follow, max-snippet:-1, max-image-preview:large, max-video-preview:-1\" \/>\n<link rel=\"canonical\" href=\"https:\/\/www.organisator.ch\/fr\/ressources-humaines\/2023-06-22\/neue-arbeitsmodelle-rheintaler-gartenbau-unternehmen-macht-es-vor\/\" \/>\n<meta property=\"og:locale\" content=\"fr_FR\" \/>\n<meta property=\"og:type\" content=\"article\" \/>\n<meta property=\"og:title\" content=\"Neue Arbeitsmodelle: Rheintaler Gartenbau-Unternehmen macht es vor\" \/>\n<meta property=\"og:description\" content=\"Auf Initiative von Gesch\u00e4ftsleitung und Mitarbeitenden hat die Bucher Gartenbau AG neue Arbeitsmodelle in der Unternehmung eingef\u00fchrt.\" \/>\n<meta property=\"og:url\" content=\"https:\/\/www.organisator.ch\/fr\/ressources-humaines\/2023-06-22\/neue-arbeitsmodelle-rheintaler-gartenbau-unternehmen-macht-es-vor\/\" \/>\n<meta property=\"og:site_name\" content=\"Organisator\" \/>\n<meta property=\"article:publisher\" content=\"https:\/\/www.facebook.com\/OrganisatorFachmagazin\" \/>\n<meta property=\"article:published_time\" content=\"2023-06-22T06:04:06+00:00\" \/>\n<meta property=\"og:image\" content=\"https:\/\/www.organisator.ch\/wp-content\/uploads\/2023\/06\/Neue-Arbeitsmodelle-Rheintaler-Gartenbau-Unternehmen-macht-es-vor_Organisator.jpg\" \/>\n\t<meta property=\"og:image:width\" content=\"680\" \/>\n\t<meta property=\"og:image:height\" content=\"454\" \/>\n\t<meta property=\"og:image:type\" content=\"image\/jpeg\" \/>\n<meta name=\"author\" content=\"thomas.berner\" \/>\n<meta name=\"twitter:card\" content=\"summary_large_image\" \/>\n<meta name=\"twitter:title\" content=\"Neue #Arbeitsmodelle: Rheintaler #Gartenbau-Unternehmen macht es vor\" \/>\n<meta name=\"twitter:description\" content=\"Auf Initiative von #Gesch\u00e4ftsleitung und Mitarbeitenden hat die #Bucher Gartenbau AG neue #Arbeitsmodelle in der Unternehmung eingef\u00fchrt.\" \/>\n<meta name=\"twitter:image\" content=\"https:\/\/www.organisator.ch\/wp-content\/uploads\/2023\/06\/Neue-Arbeitsmodelle-Rheintaler-Gartenbau-Unternehmen-macht-es-vor_Organisator.jpg\" \/>\n<script type=\"application\/ld+json\" class=\"yoast-schema-graph\">{\"@context\":\"https:\\\/\\\/schema.org\",\"@graph\":[{\"@type\":\"Article\",\"@id\":\"https:\\\/\\\/www.organisator.ch\\\/human-resources\\\/2023-06-22\\\/neue-arbeitsmodelle-rheintaler-gartenbau-unternehmen-macht-es-vor\\\/#article\",\"isPartOf\":{\"@id\":\"https:\\\/\\\/www.organisator.ch\\\/human-resources\\\/2023-06-22\\\/neue-arbeitsmodelle-rheintaler-gartenbau-unternehmen-macht-es-vor\\\/\"},\"author\":{\"name\":\"thomas.berner\",\"@id\":\"https:\\\/\\\/www.organisator.ch\\\/#\\\/schema\\\/person\\\/6f650f90b2842cd4c0cc334b4e36f67e\"},\"headline\":\"Neue Arbeitsmodelle: Rheintaler Gartenbau-Unternehmen macht es vor\",\"datePublished\":\"2023-06-22T06:04:06+00:00\",\"mainEntityOfPage\":{\"@id\":\"https:\\\/\\\/www.organisator.ch\\\/human-resources\\\/2023-06-22\\\/neue-arbeitsmodelle-rheintaler-gartenbau-unternehmen-macht-es-vor\\\/\"},\"wordCount\":283,\"publisher\":{\"@id\":\"https:\\\/\\\/www.organisator.ch\\\/#organization\"},\"image\":{\"@id\":\"https:\\\/\\\/www.organisator.ch\\\/human-resources\\\/2023-06-22\\\/neue-arbeitsmodelle-rheintaler-gartenbau-unternehmen-macht-es-vor\\\/#primaryimage\"},\"thumbnailUrl\":\"https:\\\/\\\/www.organisator.ch\\\/wp-content\\\/uploads\\\/2023\\\/06\\\/Neue-Arbeitsmodelle-Rheintaler-Gartenbau-Unternehmen-macht-es-vor_Organisator.jpg\",\"keywords\":[\"Arbeitszeitmodelle\",\"New Work\",\"Unternehmen\"],\"articleSection\":[\"HUMAN RESOURCES\"],\"inLanguage\":\"fr-FR\"},{\"@type\":\"WebPage\",\"@id\":\"https:\\\/\\\/www.organisator.ch\\\/human-resources\\\/2023-06-22\\\/neue-arbeitsmodelle-rheintaler-gartenbau-unternehmen-macht-es-vor\\\/\",\"url\":\"https:\\\/\\\/www.organisator.ch\\\/human-resources\\\/2023-06-22\\\/neue-arbeitsmodelle-rheintaler-gartenbau-unternehmen-macht-es-vor\\\/\",\"name\":\"Neue Arbeitsmodelle: Rheintaler Gartenbau-Unternehmen macht es vor - Organisator\",\"isPartOf\":{\"@id\":\"https:\\\/\\\/www.organisator.ch\\\/#website\"},\"primaryImageOfPage\":{\"@id\":\"https:\\\/\\\/www.organisator.ch\\\/human-resources\\\/2023-06-22\\\/neue-arbeitsmodelle-rheintaler-gartenbau-unternehmen-macht-es-vor\\\/#primaryimage\"},\"image\":{\"@id\":\"https:\\\/\\\/www.organisator.ch\\\/human-resources\\\/2023-06-22\\\/neue-arbeitsmodelle-rheintaler-gartenbau-unternehmen-macht-es-vor\\\/#primaryimage\"},\"thumbnailUrl\":\"https:\\\/\\\/www.organisator.ch\\\/wp-content\\\/uploads\\\/2023\\\/06\\\/Neue-Arbeitsmodelle-Rheintaler-Gartenbau-Unternehmen-macht-es-vor_Organisator.jpg\",\"datePublished\":\"2023-06-22T06:04:06+00:00\",\"description\":\"Auf Initiative von Gesch\u00e4ftsleitung und Mitarbeitenden hat die Bucher Gartenbau AG neue Arbeitsmodelle in der Unternehmung eingef\u00fchrt.\",\"breadcrumb\":{\"@id\":\"https:\\\/\\\/www.organisator.ch\\\/human-resources\\\/2023-06-22\\\/neue-arbeitsmodelle-rheintaler-gartenbau-unternehmen-macht-es-vor\\\/#breadcrumb\"},\"inLanguage\":\"fr-FR\",\"potentialAction\":[{\"@type\":\"ReadAction\",\"target\":[\"https:\\\/\\\/www.organisator.ch\\\/human-resources\\\/2023-06-22\\\/neue-arbeitsmodelle-rheintaler-gartenbau-unternehmen-macht-es-vor\\\/\"]}]},{\"@type\":\"ImageObject\",\"inLanguage\":\"fr-FR\",\"@id\":\"https:\\\/\\\/www.organisator.ch\\\/human-resources\\\/2023-06-22\\\/neue-arbeitsmodelle-rheintaler-gartenbau-unternehmen-macht-es-vor\\\/#primaryimage\",\"url\":\"https:\\\/\\\/www.organisator.ch\\\/wp-content\\\/uploads\\\/2023\\\/06\\\/Neue-Arbeitsmodelle-Rheintaler-Gartenbau-Unternehmen-macht-es-vor_Organisator.jpg\",\"contentUrl\":\"https:\\\/\\\/www.organisator.ch\\\/wp-content\\\/uploads\\\/2023\\\/06\\\/Neue-Arbeitsmodelle-Rheintaler-Gartenbau-Unternehmen-macht-es-vor_Organisator.jpg\",\"width\":680,\"height\":454,\"caption\":\"V.l.n.r.: Daniel Federer, Claudio K\u00f6ppel, Roman Gschwend beim Erhalt des Zertifikates zum TOP Aus-bildungsbetrieb Stufe 2. (Bild: Bucher Gartenbau)\"},{\"@type\":\"BreadcrumbList\",\"@id\":\"https:\\\/\\\/www.organisator.ch\\\/human-resources\\\/2023-06-22\\\/neue-arbeitsmodelle-rheintaler-gartenbau-unternehmen-macht-es-vor\\\/#breadcrumb\",\"itemListElement\":[{\"@type\":\"ListItem\",\"position\":1,\"name\":\"Home\",\"item\":\"https:\\\/\\\/www.organisator.ch\\\/\"},{\"@type\":\"ListItem\",\"position\":2,\"name\":\"Neue Arbeitsmodelle: Rheintaler Gartenbau-Unternehmen macht es vor\"}]},{\"@type\":\"WebSite\",\"@id\":\"https:\\\/\\\/www.organisator.ch\\\/#website\",\"url\":\"https:\\\/\\\/www.organisator.ch\\\/\",\"name\":\"Organisator\",\"description\":\"Kompetent. Praxisnah. Der ORGANISATOR bereitet in 10 Ausgaben pro Jahr die wesentlichen Themen f\u00fcr F\u00fchrungskr\u00e4fte von KMU auf.\",\"publisher\":{\"@id\":\"https:\\\/\\\/www.organisator.ch\\\/#organization\"},\"potentialAction\":[{\"@type\":\"SearchAction\",\"target\":{\"@type\":\"EntryPoint\",\"urlTemplate\":\"https:\\\/\\\/www.organisator.ch\\\/?s={search_term_string}\"},\"query-input\":{\"@type\":\"PropertyValueSpecification\",\"valueRequired\":true,\"valueName\":\"search_term_string\"}}],\"inLanguage\":\"fr-FR\"},{\"@type\":\"Organization\",\"@id\":\"https:\\\/\\\/www.organisator.ch\\\/#organization\",\"name\":\"Organisator\",\"url\":\"https:\\\/\\\/www.organisator.ch\\\/\",\"logo\":{\"@type\":\"ImageObject\",\"inLanguage\":\"fr-FR\",\"@id\":\"https:\\\/\\\/www.organisator.ch\\\/#\\\/schema\\\/logo\\\/image\\\/\",\"url\":\"https:\\\/\\\/www.organisator.ch\\\/wp-content\\\/uploads\\\/2022\\\/01\\\/Logo_Organisator_Website.png\",\"contentUrl\":\"https:\\\/\\\/www.organisator.ch\\\/wp-content\\\/uploads\\\/2022\\\/01\\\/Logo_Organisator_Website.png\",\"width\":800,\"height\":77,\"caption\":\"Organisator\"},\"image\":{\"@id\":\"https:\\\/\\\/www.organisator.ch\\\/#\\\/schema\\\/logo\\\/image\\\/\"},\"sameAs\":[\"https:\\\/\\\/www.facebook.com\\\/OrganisatorFachmagazin\",\"https:\\\/\\\/www.linkedin.com\\\/showcase\\\/organisator-das-magazin-fr-kmu\",\"https:\\\/\\\/www.xing.com\\\/news\\\/pages\\\/organisator-ch-695\",\"https:\\\/\\\/www.youtube.com\\\/channel\\\/UCGP2Sq0iWaZwT3BdIAQFYpw\"]},{\"@type\":\"Person\",\"@id\":\"https:\\\/\\\/www.organisator.ch\\\/#\\\/schema\\\/person\\\/6f650f90b2842cd4c0cc334b4e36f67e\",\"name\":\"thomas.berner\",\"image\":{\"@type\":\"ImageObject\",\"inLanguage\":\"fr-FR\",\"@id\":\"https:\\\/\\\/secure.gravatar.com\\\/avatar\\\/ac5001d2a36cb6c6cd3e50789007ffca834b477b74a2144564522e944eabff61?s=96&d=mm&r=g\",\"url\":\"https:\\\/\\\/secure.gravatar.com\\\/avatar\\\/ac5001d2a36cb6c6cd3e50789007ffca834b477b74a2144564522e944eabff61?s=96&d=mm&r=g\",\"contentUrl\":\"https:\\\/\\\/secure.gravatar.com\\\/avatar\\\/ac5001d2a36cb6c6cd3e50789007ffca834b477b74a2144564522e944eabff61?s=96&d=mm&r=g\",\"caption\":\"thomas.berner\"},\"url\":\"https:\\\/\\\/www.organisator.ch\\\/fr\\\/author\\\/thomas-berner\\\/\"}]}<\/script>\n<!-- \/ Yoast SEO plugin. -->","yoast_head_json":{"title":"Nouveaux mod\u00e8les de travail : une entreprise horticole de la vall\u00e9e du Rhin montre l'exemple - Organisateur","description":"Sur l'initiative de la direction et des collaborateurs, Bucher Gartenbau AG a introduit de nouveaux mod\u00e8les de travail dans l'entreprise.","robots":{"index":"index","follow":"follow","max-snippet":"max-snippet:-1","max-image-preview":"max-image-preview:large","max-video-preview":"max-video-preview:-1"},"canonical":"https:\/\/www.organisator.ch\/fr\/ressources-humaines\/2023-06-22\/neue-arbeitsmodelle-rheintaler-gartenbau-unternehmen-macht-es-vor\/","og_locale":"fr_FR","og_type":"article","og_title":"Neue Arbeitsmodelle: Rheintaler Gartenbau-Unternehmen macht es vor","og_description":"Auf Initiative von Gesch\u00e4ftsleitung und Mitarbeitenden hat die Bucher Gartenbau AG neue Arbeitsmodelle in der Unternehmung eingef\u00fchrt.","og_url":"https:\/\/www.organisator.ch\/fr\/ressources-humaines\/2023-06-22\/neue-arbeitsmodelle-rheintaler-gartenbau-unternehmen-macht-es-vor\/","og_site_name":"Organisator","article_publisher":"https:\/\/www.facebook.com\/OrganisatorFachmagazin","article_published_time":"2023-06-22T06:04:06+00:00","og_image":[{"width":680,"height":454,"url":"https:\/\/www.organisator.ch\/wp-content\/uploads\/2023\/06\/Neue-Arbeitsmodelle-Rheintaler-Gartenbau-Unternehmen-macht-es-vor_Organisator.jpg","type":"image\/jpeg"}],"author":"thomas.berner","twitter_card":"summary_large_image","twitter_title":"Neue #Arbeitsmodelle: Rheintaler #Gartenbau-Unternehmen macht es vor","twitter_description":"Auf Initiative von #Gesch\u00e4ftsleitung und Mitarbeitenden hat die #Bucher Gartenbau AG neue #Arbeitsmodelle in der Unternehmung eingef\u00fchrt.","twitter_image":"https:\/\/www.organisator.ch\/wp-content\/uploads\/2023\/06\/Neue-Arbeitsmodelle-Rheintaler-Gartenbau-Unternehmen-macht-es-vor_Organisator.jpg","schema":{"@context":"https:\/\/schema.org","@graph":[{"@type":"Article","@id":"https:\/\/www.organisator.ch\/human-resources\/2023-06-22\/neue-arbeitsmodelle-rheintaler-gartenbau-unternehmen-macht-es-vor\/#article","isPartOf":{"@id":"https:\/\/www.organisator.ch\/human-resources\/2023-06-22\/neue-arbeitsmodelle-rheintaler-gartenbau-unternehmen-macht-es-vor\/"},"author":{"name":"thomas.berner","@id":"https:\/\/www.organisator.ch\/#\/schema\/person\/6f650f90b2842cd4c0cc334b4e36f67e"},"headline":"Neue Arbeitsmodelle: Rheintaler Gartenbau-Unternehmen macht es vor","datePublished":"2023-06-22T06:04:06+00:00","mainEntityOfPage":{"@id":"https:\/\/www.organisator.ch\/human-resources\/2023-06-22\/neue-arbeitsmodelle-rheintaler-gartenbau-unternehmen-macht-es-vor\/"},"wordCount":283,"publisher":{"@id":"https:\/\/www.organisator.ch\/#organization"},"image":{"@id":"https:\/\/www.organisator.ch\/human-resources\/2023-06-22\/neue-arbeitsmodelle-rheintaler-gartenbau-unternehmen-macht-es-vor\/#primaryimage"},"thumbnailUrl":"https:\/\/www.organisator.ch\/wp-content\/uploads\/2023\/06\/Neue-Arbeitsmodelle-Rheintaler-Gartenbau-Unternehmen-macht-es-vor_Organisator.jpg","keywords":["Arbeitszeitmodelle","New Work","Unternehmen"],"articleSection":["HUMAN RESOURCES"],"inLanguage":"fr-FR"},{"@type":"WebPage","@id":"https:\/\/www.organisator.ch\/human-resources\/2023-06-22\/neue-arbeitsmodelle-rheintaler-gartenbau-unternehmen-macht-es-vor\/","url":"https:\/\/www.organisator.ch\/human-resources\/2023-06-22\/neue-arbeitsmodelle-rheintaler-gartenbau-unternehmen-macht-es-vor\/","name":"Nouveaux mod\u00e8les de travail : une entreprise horticole de la vall\u00e9e du Rhin montre l'exemple - Organisateur","isPartOf":{"@id":"https:\/\/www.organisator.ch\/#website"},"primaryImageOfPage":{"@id":"https:\/\/www.organisator.ch\/human-resources\/2023-06-22\/neue-arbeitsmodelle-rheintaler-gartenbau-unternehmen-macht-es-vor\/#primaryimage"},"image":{"@id":"https:\/\/www.organisator.ch\/human-resources\/2023-06-22\/neue-arbeitsmodelle-rheintaler-gartenbau-unternehmen-macht-es-vor\/#primaryimage"},"thumbnailUrl":"https:\/\/www.organisator.ch\/wp-content\/uploads\/2023\/06\/Neue-Arbeitsmodelle-Rheintaler-Gartenbau-Unternehmen-macht-es-vor_Organisator.jpg","datePublished":"2023-06-22T06:04:06+00:00","description":"Sur l'initiative de la direction et des collaborateurs, Bucher Gartenbau AG a introduit de nouveaux mod\u00e8les de travail dans l'entreprise.","breadcrumb":{"@id":"https:\/\/www.organisator.ch\/human-resources\/2023-06-22\/neue-arbeitsmodelle-rheintaler-gartenbau-unternehmen-macht-es-vor\/#breadcrumb"},"inLanguage":"fr-FR","potentialAction":[{"@type":"ReadAction","target":["https:\/\/www.organisator.ch\/human-resources\/2023-06-22\/neue-arbeitsmodelle-rheintaler-gartenbau-unternehmen-macht-es-vor\/"]}]},{"@type":"ImageObject","inLanguage":"fr-FR","@id":"https:\/\/www.organisator.ch\/human-resources\/2023-06-22\/neue-arbeitsmodelle-rheintaler-gartenbau-unternehmen-macht-es-vor\/#primaryimage","url":"https:\/\/www.organisator.ch\/wp-content\/uploads\/2023\/06\/Neue-Arbeitsmodelle-Rheintaler-Gartenbau-Unternehmen-macht-es-vor_Organisator.jpg","contentUrl":"https:\/\/www.organisator.ch\/wp-content\/uploads\/2023\/06\/Neue-Arbeitsmodelle-Rheintaler-Gartenbau-Unternehmen-macht-es-vor_Organisator.jpg","width":680,"height":454,"caption":"V.l.n.r.: Daniel Federer, Claudio K\u00f6ppel, Roman Gschwend beim Erhalt des Zertifikates zum TOP Aus-bildungsbetrieb Stufe 2. (Bild: Bucher Gartenbau)"},{"@type":"BreadcrumbList","@id":"https:\/\/www.organisator.ch\/human-resources\/2023-06-22\/neue-arbeitsmodelle-rheintaler-gartenbau-unternehmen-macht-es-vor\/#breadcrumb","itemListElement":[{"@type":"ListItem","position":1,"name":"Home","item":"https:\/\/www.organisator.ch\/"},{"@type":"ListItem","position":2,"name":"Neue Arbeitsmodelle: Rheintaler Gartenbau-Unternehmen macht es vor"}]},{"@type":"WebSite","@id":"https:\/\/www.organisator.ch\/#website","url":"https:\/\/www.organisator.ch\/","name":"Organisateur","description":"Comp\u00e9tence et comp\u00e9tence. Proches de la pratique. L'ORGANISATEUR pr\u00e9pare 10 num\u00e9ros par an sur les th\u00e8mes essentiels pour les dirigeants de PME.","publisher":{"@id":"https:\/\/www.organisator.ch\/#organization"},"potentialAction":[{"@type":"SearchAction","target":{"@type":"EntryPoint","urlTemplate":"https:\/\/www.organisator.ch\/?s={search_term_string}"},"query-input":{"@type":"PropertyValueSpecification","valueRequired":true,"valueName":"search_term_string"}}],"inLanguage":"fr-FR"},{"@type":"Organization","@id":"https:\/\/www.organisator.ch\/#organization","name":"Organisateur","url":"https:\/\/www.organisator.ch\/","logo":{"@type":"ImageObject","inLanguage":"fr-FR","@id":"https:\/\/www.organisator.ch\/#\/schema\/logo\/image\/","url":"https:\/\/www.organisator.ch\/wp-content\/uploads\/2022\/01\/Logo_Organisator_Website.png","contentUrl":"https:\/\/www.organisator.ch\/wp-content\/uploads\/2022\/01\/Logo_Organisator_Website.png","width":800,"height":77,"caption":"Organisator"},"image":{"@id":"https:\/\/www.organisator.ch\/#\/schema\/logo\/image\/"},"sameAs":["https:\/\/www.facebook.com\/OrganisatorFachmagazin","https:\/\/www.linkedin.com\/showcase\/organisator-das-magazin-fr-kmu","https:\/\/www.xing.com\/news\/pages\/organisator-ch-695","https:\/\/www.youtube.com\/channel\/UCGP2Sq0iWaZwT3BdIAQFYpw"]},{"@type":"Person","@id":"https:\/\/www.organisator.ch\/#\/schema\/person\/6f650f90b2842cd4c0cc334b4e36f67e","name":"thomas.berner","image":{"@type":"ImageObject","inLanguage":"fr-FR","@id":"https:\/\/secure.gravatar.com\/avatar\/ac5001d2a36cb6c6cd3e50789007ffca834b477b74a2144564522e944eabff61?s=96&d=mm&r=g","url":"https:\/\/secure.gravatar.com\/avatar\/ac5001d2a36cb6c6cd3e50789007ffca834b477b74a2144564522e944eabff61?s=96&d=mm&r=g","contentUrl":"https:\/\/secure.gravatar.com\/avatar\/ac5001d2a36cb6c6cd3e50789007ffca834b477b74a2144564522e944eabff61?s=96&d=mm&r=g","caption":"thomas.berner"},"url":"https:\/\/www.organisator.ch\/fr\/author\/thomas-berner\/"}]}},"_links":{"self":[{"href":"https:\/\/www.organisator.ch\/fr\/wp-json\/wp\/v2\/posts\/20794","targetHints":{"allow":["GET"]}}],"collection":[{"href":"https:\/\/www.organisator.ch\/fr\/wp-json\/wp\/v2\/posts"}],"about":[{"href":"https:\/\/www.organisator.ch\/fr\/wp-json\/wp\/v2\/types\/post"}],"author":[{"embeddable":true,"href":"https:\/\/www.organisator.ch\/fr\/wp-json\/wp\/v2\/users\/4"}],"replies":[{"embeddable":true,"href":"https:\/\/www.organisator.ch\/fr\/wp-json\/wp\/v2\/comments?post=20794"}],"version-history":[{"count":1,"href":"https:\/\/www.organisator.ch\/fr\/wp-json\/wp\/v2\/posts\/20794\/revisions"}],"predecessor-version":[{"id":20796,"href":"https:\/\/www.organisator.ch\/fr\/wp-json\/wp\/v2\/posts\/20794\/revisions\/20796"}],"wp:featuredmedia":[{"embeddable":true,"href":"https:\/\/www.organisator.ch\/fr\/wp-json\/wp\/v2\/media\/20795"}],"wp:attachment":[{"href":"https:\/\/www.organisator.ch\/fr\/wp-json\/wp\/v2\/media?parent=20794"}],"wp:term":[{"taxonomy":"category","embeddable":true,"href":"https:\/\/www.organisator.ch\/fr\/wp-json\/wp\/v2\/categories?post=20794"},{"taxonomy":"post_tag","embeddable":true,"href":"https:\/\/www.organisator.ch\/fr\/wp-json\/wp\/v2\/tags?post=20794"}],"curies":[{"name":"wp","href":"https:\/\/api.w.org\/{rel}","templated":true}]}}