{"id":20800,"date":"2023-06-22T08:37:47","date_gmt":"2023-06-22T06:37:47","guid":{"rendered":"https:\/\/www.m-q.ch\/?p=18203"},"modified":"2024-11-15T08:41:09","modified_gmt":"2024-11-15T07:41:09","slug":"svti-praesentiert-an-vereinsversammlung-ein-gutes-finanzielles-ergebnis","status":"publish","type":"post","link":"https:\/\/www.organisator.ch\/fr\/operational-excellence\/2023-06-22\/svti-praesentiert-an-vereinsversammlung-ein-gutes-finanzielles-ergebnis\/","title":{"rendered":"L'ASIT pr\u00e9sente un bon r\u00e9sultat financier lors de l'assembl\u00e9e g\u00e9n\u00e9rale de l'association"},"content":{"rendered":"<figure id=\"attachment_18204\" class=\"wp-caption alignnone\" style=\"width: 680px\" aria-describedby=\"caption-attachment-18204\"><img class=\"alignnone wp-image-18204 size-full\" src=\"https:\/\/www.m-q.ch\/wp-content\/uploads\/2023\/06\/SVTI-praesentiert-an-Vereinsversammlung-ein-gutes-finanzielles-Ergebnis_MQ.jpg\" alt=\"154E ASIT\" width=\"680\" height=\"453\" \/>\r\n<figcaption id=\"caption-attachment-18204\" class=\"wp-caption-text\">Image de l'ambiance de la 154e assembl\u00e9e de l'ASIT Association suisse d'inspection technique. (Image : ASIT)<\/figcaption>\r\n<\/figure>\r\n<p>La 154e assembl\u00e9e g\u00e9n\u00e9rale de l'ASIT a r\u00e9uni membres, donateurs et invit\u00e9s en Suisse romande, \u00e0 Neuch\u00e2tel. Comme \u00e0 l'accoutum\u00e9e, la partie statutaire a \u00e9t\u00e9 br\u00e8ve, de sorte que le programme-cadre a offert aux participants davantage de temps et d'occasions de s'informer et de r\u00e9seauter.<\/p>\r\n<h3><strong>Nouveau membre du comit\u00e9 directeur et adaptation des statuts<\/strong><\/h3>\r\n<p>Apr\u00e8s 12 ans au sein du comit\u00e9 directeur de l'ASIT, Daniel Rebsamen, \u00e9galement vice-pr\u00e9sident, s'est retir\u00e9 pour raison d'\u00e2ge. Ren\u00e9 Kian Sarrafian, ing\u00e9nieur m\u00e9canicien dipl\u00f4m\u00e9 et chef du d\u00e9partement combustible nucl\u00e9aire \u00e0 la centrale nucl\u00e9aire de G\u00f6sgen-D\u00e4niken AG, a \u00e9t\u00e9 \u00e9lu \u00e0 l'unanimit\u00e9 pour lui succ\u00e9der directement.<\/p>\r\n<p>Dans un pass\u00e9 r\u00e9cent, l'ASIT a r\u00e9ussi \u00e0 plusieurs reprises \u00e0 participer \u00e0 des projets de recherche de la Conf\u00e9d\u00e9ration. Cela a n\u00e9cessit\u00e9 une extension ponctuelle correspondante du but dans les statuts, qui fait r\u00e9f\u00e9rence \u00e0 la r\u00e9alisation d'activit\u00e9s de recherche et au d\u00e9veloppement de technologies et de produits innovants, en particulier dans les domaines de la surveillance technique de la s\u00e9curit\u00e9 ainsi que de la fabrication et de l'exploitation d'installations techniques de tous types.<\/p>\r\n<h3><strong>R\u00e9trospective, perspectives, projets<\/strong><\/h3>\r\n<p>La situation g\u00e9opolitique, les cha\u00eenes d'approvisionnement perturb\u00e9es, l'explosion des prix de l'\u00e9nergie ou la p\u00e9nurie de main-d'\u0153uvre qualifi\u00e9e ne sont que quelques-uns des d\u00e9fis qu'il a fallu relever en 2022. Malgr\u00e9 cela, les activit\u00e9s op\u00e9rationnelles ont pu \u00eatre cl\u00f4tur\u00e9es avec un r\u00e9sultat tr\u00e8s solide. Les comptes consolid\u00e9s - \u00e9galement appel\u00e9s comptes du groupe - comprennent, outre l'association, les filiales et repr\u00e9sentent l'ensemble des activit\u00e9s du groupe ASIT. Le chiffre d'affaires total du groupe ASIT s'\u00e9l\u00e8ve \u00e0 CHF 47,5 millions. Cette somme est l\u00e9g\u00e8rement inf\u00e9rieure \u00e0 celle de l'ann\u00e9e pr\u00e9c\u00e9dente, mais correspond aux attentes. Diff\u00e9rents secteurs d'activit\u00e9 ont connu une \u00e9volution positive et l'ensemble de l'organisation s'est r\u00e9v\u00e9l\u00e9e robuste et bien positionn\u00e9e. La conf\u00e9rence internationale sur les NDT, organis\u00e9e en Suisse sous l'\u00e9gide de l'Inspection nucl\u00e9aire, a \u00e9t\u00e9 un moment fort qui a rayonn\u00e9 sur l'avenir. Cette manifestation a connu un grand succ\u00e8s et un rayonnement international. C'est \u00e9galement avec plaisir que l'on a appris que le groupe ASIT avait re\u00e7u le c\u00e9l\u00e8bre \"Swiss Arbeitgeber Award\" dans la cat\u00e9gorie \"100 - 249 collaborateurs\" sur la base d'une enqu\u00eate men\u00e9e aupr\u00e8s de ses collaborateurs. Le \"Swiss Arbeitgeber Award\" est le prix leader pour d\u00e9terminer l'attractivit\u00e9 d'un employeur et, en tant que distinction, il cr\u00e9e un avantage de confiance lors de la recherche de futurs collaborateurs.<\/p>\r\n<p>Dans le cadre du Fonds d'innovation, diff\u00e9rents projets ax\u00e9s sur la technologie ont \u00e9t\u00e9 initi\u00e9s et poursuivis pour d\u00e9velopper les services et les m\u00e9thodes d'inspection. Il s'agit par exemple de l'utilisation de drones pour des mesures sur des composants, d'inspections assist\u00e9es par des robots ou des crawlers ou de la recherche sur l'utilisation s\u00fbre de la technologie de l'hydrog\u00e8ne.<\/p>\r\n<h3><strong>Keynote \"L'arm\u00e9e, p\u00e9pini\u00e8re de cadres pour la Suisse\".<\/strong><\/h3>\r\n<p>Lors de l'assembl\u00e9e g\u00e9n\u00e9rale de l'association, le colonel EMG Mathias M\u00fcller a tenu un discours sur le th\u00e8me \"L'arm\u00e9e, p\u00e9pini\u00e8re de cadres pour la Suisse\". Mathias M\u00fcller, d\u00e9j\u00e0 qualifi\u00e9 de recruteur en chef de l'Arm\u00e9e suisse dans un pr\u00e9c\u00e9dent article de la NZZ, exerce aujourd'hui la fonction de chef de projet Top-Events de l'Arm\u00e9e suisse et est \u00e9galement l'auteur de plusieurs livres. Son expos\u00e9 a permis aux participants de se familiariser avec les questions pratiques de commandement et la philosophie de commandement militaire actuelle. Il a notamment expliqu\u00e9 que le leadership, avec ses multiples facettes, joue un r\u00f4le fondamental aussi bien dans le domaine militaire que civil.<\/p>\r\n<p><em>Source : <a href=\"http:\/\/www.svti.ch\/\">ASIT<\/a><\/em><\/p>\n<p class=\"syndicated-attribution\">Cet article est paru initialement sur m-q.ch - <a href=\"https:\/\/www.m-q.ch\/de\/svti-praesentiert-an-vereinsversammlung-ein-gutes-finanzielles-ergebnis\/\" target=\"_blank\">https:\/\/www.m-q.ch\/de\/svti-praesentiert-an-vereinsversammlung-ein-gutes-finanzielles-ergebnis\/<\/a><\/p>","protected":false},"excerpt":{"rendered":"<p>Les membres, les donateurs et les invit\u00e9s se sont r\u00e9unis \u00e0 Neuch\u00e2tel pour la 154e assembl\u00e9e g\u00e9n\u00e9rale de l'ASIT. Un r\u00e9sultat solide a t\u00e9moign\u00e9 du fait que les nombreux d\u00e9fis ont \u00e9t\u00e9 bien ma\u00eetris\u00e9s. Gr\u00e2ce \u00e0 une attractivit\u00e9 \u00e9lev\u00e9e des employeurs, un fonds d'innovation et un ancrage durable en tant qu'organisation professionnelle, le groupe ASIT se montre robuste et bien arm\u00e9 pour affronter l'avenir.<\/p>","protected":false},"author":8,"featured_media":0,"comment_status":"closed","ping_status":"closed","sticky":false,"template":"","format":"standard","meta":{"_acf_changed":false,"_yoast_wpseo_focuskw":"154. SVTI","_yoast_wpseo_metadesc":"154. SVTI Vereinsversammlung: Neues Vorstandsmitglied, Forschungsvorhaben und Projekte. Keynote zu F\u00fchrungsphilosophie.","articlekey":"","footnotes":""},"categories":[582],"tags":[],"class_list":["post-20800","post","type-post","status-publish","format-standard","hentry","category-operational-excellence"],"acf":[],"yoast_head":"<!-- This site is optimized with the Yoast SEO plugin v27.5 - https:\/\/yoast.com\/product\/yoast-seo-wordpress\/ -->\n<title>SVTI pr\u00e4sentiert an Vereinsversammlung ein gutes finanzielles Ergebnis - Organisator<\/title>\n<meta name=\"description\" content=\"154. SVTI Vereinsversammlung: Neues Vorstandsmitglied, Forschungsvorhaben und Projekte. Keynote zu F\u00fchrungsphilosophie.\" \/>\n<meta name=\"robots\" content=\"index, follow, max-snippet:-1, max-image-preview:large, max-video-preview:-1\" \/>\n<link rel=\"canonical\" href=\"https:\/\/www.organisator.ch\/fr\/excellence-operationnelle\/2023-06-22\/svti-praesentiert-an-vereinsversammlung-ein-gutes-finanzielles-ergebnis\/\" \/>\n<meta property=\"og:locale\" content=\"fr_FR\" \/>\n<meta property=\"og:type\" content=\"article\" \/>\n<meta property=\"og:title\" content=\"SVTI pr\u00e4sentiert an Vereinsversammlung ein gutes finanzielles Ergebnis - Organisator\" \/>\n<meta property=\"og:description\" content=\"154. SVTI Vereinsversammlung: Neues Vorstandsmitglied, Forschungsvorhaben und Projekte. Keynote zu F\u00fchrungsphilosophie.\" \/>\n<meta property=\"og:url\" content=\"https:\/\/www.organisator.ch\/fr\/excellence-operationnelle\/2023-06-22\/svti-praesentiert-an-vereinsversammlung-ein-gutes-finanzielles-ergebnis\/\" \/>\n<meta property=\"og:site_name\" content=\"Organisator\" \/>\n<meta property=\"article:publisher\" content=\"https:\/\/www.facebook.com\/OrganisatorFachmagazin\" \/>\n<meta property=\"article:published_time\" content=\"2023-06-22T06:37:47+00:00\" \/>\n<meta property=\"article:modified_time\" content=\"2024-11-15T07:41:09+00:00\" \/>\n<meta name=\"author\" content=\"galledia\" \/>\n<meta name=\"twitter:card\" content=\"summary_large_image\" \/>\n<meta name=\"twitter:creator\" content=\"@admin\" \/>\n<script type=\"application\/ld+json\" class=\"yoast-schema-graph\">{\"@context\":\"https:\\\/\\\/schema.org\",\"@graph\":[{\"@type\":\"Article\",\"@id\":\"https:\\\/\\\/www.organisator.ch\\\/operational-excellence\\\/2023-06-22\\\/svti-praesentiert-an-vereinsversammlung-ein-gutes-finanzielles-ergebnis\\\/#article\",\"isPartOf\":{\"@id\":\"https:\\\/\\\/www.organisator.ch\\\/operational-excellence\\\/2023-06-22\\\/svti-praesentiert-an-vereinsversammlung-ein-gutes-finanzielles-ergebnis\\\/\"},\"author\":{\"name\":\"galledia\",\"@id\":\"https:\\\/\\\/www.organisator.ch\\\/#\\\/schema\\\/person\\\/4e51799071cd2dd1232ac003643ef5f0\"},\"headline\":\"SVTI pr\u00e4sentiert an Vereinsversammlung ein gutes finanzielles Ergebnis\",\"datePublished\":\"2023-06-22T06:37:47+00:00\",\"dateModified\":\"2024-11-15T07:41:09+00:00\",\"mainEntityOfPage\":{\"@id\":\"https:\\\/\\\/www.organisator.ch\\\/operational-excellence\\\/2023-06-22\\\/svti-praesentiert-an-vereinsversammlung-ein-gutes-finanzielles-ergebnis\\\/\"},\"wordCount\":499,\"publisher\":{\"@id\":\"https:\\\/\\\/www.organisator.ch\\\/#organization\"},\"image\":{\"@id\":\"https:\\\/\\\/www.organisator.ch\\\/operational-excellence\\\/2023-06-22\\\/svti-praesentiert-an-vereinsversammlung-ein-gutes-finanzielles-ergebnis\\\/#primaryimage\"},\"thumbnailUrl\":\"https:\\\/\\\/www.m-q.ch\\\/wp-content\\\/uploads\\\/2023\\\/06\\\/SVTI-praesentiert-an-Vereinsversammlung-ein-gutes-finanzielles-Ergebnis_MQ.jpg\",\"articleSection\":[\"OPERATIONAL EXCELLENCE\"],\"inLanguage\":\"fr-FR\"},{\"@type\":\"WebPage\",\"@id\":\"https:\\\/\\\/www.organisator.ch\\\/operational-excellence\\\/2023-06-22\\\/svti-praesentiert-an-vereinsversammlung-ein-gutes-finanzielles-ergebnis\\\/\",\"url\":\"https:\\\/\\\/www.organisator.ch\\\/operational-excellence\\\/2023-06-22\\\/svti-praesentiert-an-vereinsversammlung-ein-gutes-finanzielles-ergebnis\\\/\",\"name\":\"SVTI pr\u00e4sentiert an Vereinsversammlung ein gutes finanzielles Ergebnis - Organisator\",\"isPartOf\":{\"@id\":\"https:\\\/\\\/www.organisator.ch\\\/#website\"},\"primaryImageOfPage\":{\"@id\":\"https:\\\/\\\/www.organisator.ch\\\/operational-excellence\\\/2023-06-22\\\/svti-praesentiert-an-vereinsversammlung-ein-gutes-finanzielles-ergebnis\\\/#primaryimage\"},\"image\":{\"@id\":\"https:\\\/\\\/www.organisator.ch\\\/operational-excellence\\\/2023-06-22\\\/svti-praesentiert-an-vereinsversammlung-ein-gutes-finanzielles-ergebnis\\\/#primaryimage\"},\"thumbnailUrl\":\"https:\\\/\\\/www.m-q.ch\\\/wp-content\\\/uploads\\\/2023\\\/06\\\/SVTI-praesentiert-an-Vereinsversammlung-ein-gutes-finanzielles-Ergebnis_MQ.jpg\",\"datePublished\":\"2023-06-22T06:37:47+00:00\",\"dateModified\":\"2024-11-15T07:41:09+00:00\",\"description\":\"154. SVTI Vereinsversammlung: Neues Vorstandsmitglied, Forschungsvorhaben und Projekte. Keynote zu F\u00fchrungsphilosophie.\",\"breadcrumb\":{\"@id\":\"https:\\\/\\\/www.organisator.ch\\\/operational-excellence\\\/2023-06-22\\\/svti-praesentiert-an-vereinsversammlung-ein-gutes-finanzielles-ergebnis\\\/#breadcrumb\"},\"inLanguage\":\"fr-FR\",\"potentialAction\":[{\"@type\":\"ReadAction\",\"target\":[\"https:\\\/\\\/www.organisator.ch\\\/operational-excellence\\\/2023-06-22\\\/svti-praesentiert-an-vereinsversammlung-ein-gutes-finanzielles-ergebnis\\\/\"]}]},{\"@type\":\"ImageObject\",\"inLanguage\":\"fr-FR\",\"@id\":\"https:\\\/\\\/www.organisator.ch\\\/operational-excellence\\\/2023-06-22\\\/svti-praesentiert-an-vereinsversammlung-ein-gutes-finanzielles-ergebnis\\\/#primaryimage\",\"url\":\"https:\\\/\\\/www.m-q.ch\\\/wp-content\\\/uploads\\\/2023\\\/06\\\/SVTI-praesentiert-an-Vereinsversammlung-ein-gutes-finanzielles-Ergebnis_MQ.jpg\",\"contentUrl\":\"https:\\\/\\\/www.m-q.ch\\\/wp-content\\\/uploads\\\/2023\\\/06\\\/SVTI-praesentiert-an-Vereinsversammlung-ein-gutes-finanzielles-Ergebnis_MQ.jpg\"},{\"@type\":\"BreadcrumbList\",\"@id\":\"https:\\\/\\\/www.organisator.ch\\\/operational-excellence\\\/2023-06-22\\\/svti-praesentiert-an-vereinsversammlung-ein-gutes-finanzielles-ergebnis\\\/#breadcrumb\",\"itemListElement\":[{\"@type\":\"ListItem\",\"position\":1,\"name\":\"Home\",\"item\":\"https:\\\/\\\/www.organisator.ch\\\/\"},{\"@type\":\"ListItem\",\"position\":2,\"name\":\"SVTI pr\u00e4sentiert an Vereinsversammlung ein gutes finanzielles Ergebnis\"}]},{\"@type\":\"WebSite\",\"@id\":\"https:\\\/\\\/www.organisator.ch\\\/#website\",\"url\":\"https:\\\/\\\/www.organisator.ch\\\/\",\"name\":\"Organisator\",\"description\":\"Kompetent. Praxisnah. Der ORGANISATOR bereitet in 10 Ausgaben pro Jahr die wesentlichen Themen f\u00fcr F\u00fchrungskr\u00e4fte von KMU auf.\",\"publisher\":{\"@id\":\"https:\\\/\\\/www.organisator.ch\\\/#organization\"},\"potentialAction\":[{\"@type\":\"SearchAction\",\"target\":{\"@type\":\"EntryPoint\",\"urlTemplate\":\"https:\\\/\\\/www.organisator.ch\\\/?s={search_term_string}\"},\"query-input\":{\"@type\":\"PropertyValueSpecification\",\"valueRequired\":true,\"valueName\":\"search_term_string\"}}],\"inLanguage\":\"fr-FR\"},{\"@type\":\"Organization\",\"@id\":\"https:\\\/\\\/www.organisator.ch\\\/#organization\",\"name\":\"Organisator\",\"url\":\"https:\\\/\\\/www.organisator.ch\\\/\",\"logo\":{\"@type\":\"ImageObject\",\"inLanguage\":\"fr-FR\",\"@id\":\"https:\\\/\\\/www.organisator.ch\\\/#\\\/schema\\\/logo\\\/image\\\/\",\"url\":\"https:\\\/\\\/www.organisator.ch\\\/wp-content\\\/uploads\\\/2022\\\/01\\\/Logo_Organisator_Website.png\",\"contentUrl\":\"https:\\\/\\\/www.organisator.ch\\\/wp-content\\\/uploads\\\/2022\\\/01\\\/Logo_Organisator_Website.png\",\"width\":800,\"height\":77,\"caption\":\"Organisator\"},\"image\":{\"@id\":\"https:\\\/\\\/www.organisator.ch\\\/#\\\/schema\\\/logo\\\/image\\\/\"},\"sameAs\":[\"https:\\\/\\\/www.facebook.com\\\/OrganisatorFachmagazin\",\"https:\\\/\\\/www.linkedin.com\\\/showcase\\\/organisator-das-magazin-fr-kmu\",\"https:\\\/\\\/www.xing.com\\\/news\\\/pages\\\/organisator-ch-695\",\"https:\\\/\\\/www.youtube.com\\\/channel\\\/UCGP2Sq0iWaZwT3BdIAQFYpw\"]},{\"@type\":\"Person\",\"@id\":\"https:\\\/\\\/www.organisator.ch\\\/#\\\/schema\\\/person\\\/4e51799071cd2dd1232ac003643ef5f0\",\"name\":\"galledia\",\"image\":{\"@type\":\"ImageObject\",\"inLanguage\":\"fr-FR\",\"@id\":\"https:\\\/\\\/secure.gravatar.com\\\/avatar\\\/78a7f90c01fc2bfc875782a0d4922b37cde2cf184ce347b91316d23cd7f69a36?s=96&d=mm&r=g\",\"url\":\"https:\\\/\\\/secure.gravatar.com\\\/avatar\\\/78a7f90c01fc2bfc875782a0d4922b37cde2cf184ce347b91316d23cd7f69a36?s=96&d=mm&r=g\",\"contentUrl\":\"https:\\\/\\\/secure.gravatar.com\\\/avatar\\\/78a7f90c01fc2bfc875782a0d4922b37cde2cf184ce347b91316d23cd7f69a36?s=96&d=mm&r=g\",\"caption\":\"galledia\"},\"sameAs\":[\"https:\\\/\\\/x.com\\\/admin\"],\"url\":\"https:\\\/\\\/www.organisator.ch\\\/fr\\\/author\\\/galledia\\\/\"}]}<\/script>\n<!-- \/ Yoast SEO plugin. -->","yoast_head_json":{"title":"L'ASIT pr\u00e9sente un bon r\u00e9sultat financier lors de l'assembl\u00e9e g\u00e9n\u00e9rale de l'association - Organisateur","description":"154e assembl\u00e9e de l'ASIT : nouveau membre du comit\u00e9 directeur, projets de recherche et projets. Keynote sur la philosophie de direction.","robots":{"index":"index","follow":"follow","max-snippet":"max-snippet:-1","max-image-preview":"max-image-preview:large","max-video-preview":"max-video-preview:-1"},"canonical":"https:\/\/www.organisator.ch\/fr\/excellence-operationnelle\/2023-06-22\/svti-praesentiert-an-vereinsversammlung-ein-gutes-finanzielles-ergebnis\/","og_locale":"fr_FR","og_type":"article","og_title":"SVTI pr\u00e4sentiert an Vereinsversammlung ein gutes finanzielles Ergebnis - Organisator","og_description":"154. SVTI Vereinsversammlung: Neues Vorstandsmitglied, Forschungsvorhaben und Projekte. Keynote zu F\u00fchrungsphilosophie.","og_url":"https:\/\/www.organisator.ch\/fr\/excellence-operationnelle\/2023-06-22\/svti-praesentiert-an-vereinsversammlung-ein-gutes-finanzielles-ergebnis\/","og_site_name":"Organisator","article_publisher":"https:\/\/www.facebook.com\/OrganisatorFachmagazin","article_published_time":"2023-06-22T06:37:47+00:00","article_modified_time":"2024-11-15T07:41:09+00:00","author":"galledia","twitter_card":"summary_large_image","twitter_creator":"@admin","schema":{"@context":"https:\/\/schema.org","@graph":[{"@type":"Article","@id":"https:\/\/www.organisator.ch\/operational-excellence\/2023-06-22\/svti-praesentiert-an-vereinsversammlung-ein-gutes-finanzielles-ergebnis\/#article","isPartOf":{"@id":"https:\/\/www.organisator.ch\/operational-excellence\/2023-06-22\/svti-praesentiert-an-vereinsversammlung-ein-gutes-finanzielles-ergebnis\/"},"author":{"name":"galledia","@id":"https:\/\/www.organisator.ch\/#\/schema\/person\/4e51799071cd2dd1232ac003643ef5f0"},"headline":"SVTI pr\u00e4sentiert an Vereinsversammlung ein gutes finanzielles Ergebnis","datePublished":"2023-06-22T06:37:47+00:00","dateModified":"2024-11-15T07:41:09+00:00","mainEntityOfPage":{"@id":"https:\/\/www.organisator.ch\/operational-excellence\/2023-06-22\/svti-praesentiert-an-vereinsversammlung-ein-gutes-finanzielles-ergebnis\/"},"wordCount":499,"publisher":{"@id":"https:\/\/www.organisator.ch\/#organization"},"image":{"@id":"https:\/\/www.organisator.ch\/operational-excellence\/2023-06-22\/svti-praesentiert-an-vereinsversammlung-ein-gutes-finanzielles-ergebnis\/#primaryimage"},"thumbnailUrl":"https:\/\/www.m-q.ch\/wp-content\/uploads\/2023\/06\/SVTI-praesentiert-an-Vereinsversammlung-ein-gutes-finanzielles-Ergebnis_MQ.jpg","articleSection":["OPERATIONAL EXCELLENCE"],"inLanguage":"fr-FR"},{"@type":"WebPage","@id":"https:\/\/www.organisator.ch\/operational-excellence\/2023-06-22\/svti-praesentiert-an-vereinsversammlung-ein-gutes-finanzielles-ergebnis\/","url":"https:\/\/www.organisator.ch\/operational-excellence\/2023-06-22\/svti-praesentiert-an-vereinsversammlung-ein-gutes-finanzielles-ergebnis\/","name":"L'ASIT pr\u00e9sente un bon r\u00e9sultat financier lors de l'assembl\u00e9e g\u00e9n\u00e9rale de l'association - Organisateur","isPartOf":{"@id":"https:\/\/www.organisator.ch\/#website"},"primaryImageOfPage":{"@id":"https:\/\/www.organisator.ch\/operational-excellence\/2023-06-22\/svti-praesentiert-an-vereinsversammlung-ein-gutes-finanzielles-ergebnis\/#primaryimage"},"image":{"@id":"https:\/\/www.organisator.ch\/operational-excellence\/2023-06-22\/svti-praesentiert-an-vereinsversammlung-ein-gutes-finanzielles-ergebnis\/#primaryimage"},"thumbnailUrl":"https:\/\/www.m-q.ch\/wp-content\/uploads\/2023\/06\/SVTI-praesentiert-an-Vereinsversammlung-ein-gutes-finanzielles-Ergebnis_MQ.jpg","datePublished":"2023-06-22T06:37:47+00:00","dateModified":"2024-11-15T07:41:09+00:00","description":"154e assembl\u00e9e de l'ASIT : nouveau membre du comit\u00e9 directeur, projets de recherche et projets. Keynote sur la philosophie de direction.","breadcrumb":{"@id":"https:\/\/www.organisator.ch\/operational-excellence\/2023-06-22\/svti-praesentiert-an-vereinsversammlung-ein-gutes-finanzielles-ergebnis\/#breadcrumb"},"inLanguage":"fr-FR","potentialAction":[{"@type":"ReadAction","target":["https:\/\/www.organisator.ch\/operational-excellence\/2023-06-22\/svti-praesentiert-an-vereinsversammlung-ein-gutes-finanzielles-ergebnis\/"]}]},{"@type":"ImageObject","inLanguage":"fr-FR","@id":"https:\/\/www.organisator.ch\/operational-excellence\/2023-06-22\/svti-praesentiert-an-vereinsversammlung-ein-gutes-finanzielles-ergebnis\/#primaryimage","url":"https:\/\/www.m-q.ch\/wp-content\/uploads\/2023\/06\/SVTI-praesentiert-an-Vereinsversammlung-ein-gutes-finanzielles-Ergebnis_MQ.jpg","contentUrl":"https:\/\/www.m-q.ch\/wp-content\/uploads\/2023\/06\/SVTI-praesentiert-an-Vereinsversammlung-ein-gutes-finanzielles-Ergebnis_MQ.jpg"},{"@type":"BreadcrumbList","@id":"https:\/\/www.organisator.ch\/operational-excellence\/2023-06-22\/svti-praesentiert-an-vereinsversammlung-ein-gutes-finanzielles-ergebnis\/#breadcrumb","itemListElement":[{"@type":"ListItem","position":1,"name":"Home","item":"https:\/\/www.organisator.ch\/"},{"@type":"ListItem","position":2,"name":"SVTI pr\u00e4sentiert an Vereinsversammlung ein gutes finanzielles Ergebnis"}]},{"@type":"WebSite","@id":"https:\/\/www.organisator.ch\/#website","url":"https:\/\/www.organisator.ch\/","name":"Organisateur","description":"Comp\u00e9tence et comp\u00e9tence. Proches de la pratique. L'ORGANISATEUR pr\u00e9pare 10 num\u00e9ros par an sur les th\u00e8mes essentiels pour les dirigeants de PME.","publisher":{"@id":"https:\/\/www.organisator.ch\/#organization"},"potentialAction":[{"@type":"SearchAction","target":{"@type":"EntryPoint","urlTemplate":"https:\/\/www.organisator.ch\/?s={search_term_string}"},"query-input":{"@type":"PropertyValueSpecification","valueRequired":true,"valueName":"search_term_string"}}],"inLanguage":"fr-FR"},{"@type":"Organization","@id":"https:\/\/www.organisator.ch\/#organization","name":"Organisateur","url":"https:\/\/www.organisator.ch\/","logo":{"@type":"ImageObject","inLanguage":"fr-FR","@id":"https:\/\/www.organisator.ch\/#\/schema\/logo\/image\/","url":"https:\/\/www.organisator.ch\/wp-content\/uploads\/2022\/01\/Logo_Organisator_Website.png","contentUrl":"https:\/\/www.organisator.ch\/wp-content\/uploads\/2022\/01\/Logo_Organisator_Website.png","width":800,"height":77,"caption":"Organisator"},"image":{"@id":"https:\/\/www.organisator.ch\/#\/schema\/logo\/image\/"},"sameAs":["https:\/\/www.facebook.com\/OrganisatorFachmagazin","https:\/\/www.linkedin.com\/showcase\/organisator-das-magazin-fr-kmu","https:\/\/www.xing.com\/news\/pages\/organisator-ch-695","https:\/\/www.youtube.com\/channel\/UCGP2Sq0iWaZwT3BdIAQFYpw"]},{"@type":"Person","@id":"https:\/\/www.organisator.ch\/#\/schema\/person\/4e51799071cd2dd1232ac003643ef5f0","name":"galledia","image":{"@type":"ImageObject","inLanguage":"fr-FR","@id":"https:\/\/secure.gravatar.com\/avatar\/78a7f90c01fc2bfc875782a0d4922b37cde2cf184ce347b91316d23cd7f69a36?s=96&d=mm&r=g","url":"https:\/\/secure.gravatar.com\/avatar\/78a7f90c01fc2bfc875782a0d4922b37cde2cf184ce347b91316d23cd7f69a36?s=96&d=mm&r=g","contentUrl":"https:\/\/secure.gravatar.com\/avatar\/78a7f90c01fc2bfc875782a0d4922b37cde2cf184ce347b91316d23cd7f69a36?s=96&d=mm&r=g","caption":"galledia"},"sameAs":["https:\/\/x.com\/admin"],"url":"https:\/\/www.organisator.ch\/fr\/author\/galledia\/"}]}},"_links":{"self":[{"href":"https:\/\/www.organisator.ch\/fr\/wp-json\/wp\/v2\/posts\/20800","targetHints":{"allow":["GET"]}}],"collection":[{"href":"https:\/\/www.organisator.ch\/fr\/wp-json\/wp\/v2\/posts"}],"about":[{"href":"https:\/\/www.organisator.ch\/fr\/wp-json\/wp\/v2\/types\/post"}],"author":[{"embeddable":true,"href":"https:\/\/www.organisator.ch\/fr\/wp-json\/wp\/v2\/users\/8"}],"replies":[{"embeddable":true,"href":"https:\/\/www.organisator.ch\/fr\/wp-json\/wp\/v2\/comments?post=20800"}],"version-history":[{"count":3,"href":"https:\/\/www.organisator.ch\/fr\/wp-json\/wp\/v2\/posts\/20800\/revisions"}],"predecessor-version":[{"id":33065,"href":"https:\/\/www.organisator.ch\/fr\/wp-json\/wp\/v2\/posts\/20800\/revisions\/33065"}],"wp:attachment":[{"href":"https:\/\/www.organisator.ch\/fr\/wp-json\/wp\/v2\/media?parent=20800"}],"wp:term":[{"taxonomy":"category","embeddable":true,"href":"https:\/\/www.organisator.ch\/fr\/wp-json\/wp\/v2\/categories?post=20800"},{"taxonomy":"post_tag","embeddable":true,"href":"https:\/\/www.organisator.ch\/fr\/wp-json\/wp\/v2\/tags?post=20800"}],"curies":[{"name":"wp","href":"https:\/\/api.w.org\/{rel}","templated":true}]}}