{"id":20835,"date":"2023-06-23T13:42:11","date_gmt":"2023-06-23T11:42:11","guid":{"rendered":"https:\/\/www.organisator.ch\/?p=20835"},"modified":"2023-06-23T13:42:11","modified_gmt":"2023-06-23T11:42:11","slug":"swisscom-uebernimmt-axept-und-verstaerkt-erp-angebot-fuer-kmu","status":"publish","type":"post","link":"https:\/\/www.organisator.ch\/fr\/management\/it\/2023-06-23\/swisscom-uebernimmt-axept-und-verstaerkt-erp-angebot-fuer-kmu\/","title":{"rendered":"Swisscom rach\u00e8te Axept et renforce son offre ERP pour les PME"},"content":{"rendered":"<figure id=\"attachment_20836\" aria-describedby=\"caption-attachment-20836\" style=\"width: 680px\" class=\"wp-caption alignnone\"><img loading=\"lazy\" decoding=\"async\" class=\"size-full wp-image-20836\" src=\"https:\/\/www.organisator.ch\/wp-content\/uploads\/2023\/06\/Swisscom-uebernimmt-Axept-und-verstaerkt-ERP-Angebot-fuer-KMU_Organisator.jpg\" alt=\"\" width=\"680\" height=\"451\" srcset=\"https:\/\/www.organisator.ch\/wp-content\/uploads\/2023\/06\/Swisscom-uebernimmt-Axept-und-verstaerkt-ERP-Angebot-fuer-KMU_Organisator.jpg 680w, https:\/\/www.organisator.ch\/wp-content\/uploads\/2023\/06\/Swisscom-uebernimmt-Axept-und-verstaerkt-ERP-Angebot-fuer-KMU_Organisator-18x12.jpg 18w, https:\/\/www.organisator.ch\/wp-content\/uploads\/2023\/06\/Swisscom-uebernimmt-Axept-und-verstaerkt-ERP-Angebot-fuer-KMU_Organisator-375x249.jpg 375w, https:\/\/www.organisator.ch\/wp-content\/uploads\/2023\/06\/Swisscom-uebernimmt-Axept-und-verstaerkt-ERP-Angebot-fuer-KMU_Organisator-528x350.jpg 528w\" sizes=\"auto, (max-width: 680px) 100vw, 680px\" \/><figcaption id=\"caption-attachment-20836\" class=\"wp-caption-text\">Logiciels de gestion pour PME : Swisscom \u00e9largit son offre ERP avec l'acquisition d'Axept. (Image symbolique ; Unsplash.com)<\/figcaption><\/figure>\n<p>En tant qu'\"Innovator of Trust\", Swisscom veut contribuer \u00e0 fa\u00e7onner l'avenir de l'\u00e9conomie suisse dans un monde de plus en plus num\u00e9ris\u00e9 et interconnect\u00e9. Avec l'acquisition de l'int\u00e9grateur Abacus Axept Business Software AG, Swisscom \u00e9largit son offre de solutions dans le domaine des applications commerciales pour les PME. Swisscom renforce ainsi en particulier le domaine des services ERP en Suisse al\u00e9manique, o\u00f9 elle est d\u00e9j\u00e0 pr\u00e9sente en tant que fournisseur de services SAP pour les grands clients. Selon Patrick Minder, Head Platforms &amp; Applications de Swisscom, l'acquisition d'Axept est \"une \u00e9tape importante pour soutenir de mani\u00e8re encore plus compl\u00e8te les PME suisses dans leur transformation informatique et commerciale\".<\/p>\n<p>En tant que Gold Partner, Axept est l'un des principaux partenaires d'int\u00e9gration et d'exploitation pour la solution ERP suisse Abacus, qui conna\u00eet un grand succ\u00e8s, et compte environ 1'500 petites et moyennes entreprises parmi ses clients, dans les secteurs les plus divers. De plus, Axept poss\u00e8de des comp\u00e9tences av\u00e9r\u00e9es dans l'impl\u00e9mentation de solutions de Business Intelligence et de gestion des donn\u00e9es et dispose, avec PROVIS, de sa propre solution de gestion de la construction. Axept emploie environ 180 collaborateurs sur les sites de Zurich, B\u00e2le, Berne et Saint-Gall et deviendra une filiale de Swisscom une fois le rachat r\u00e9alis\u00e9. Sous la direction actuelle du CEO Raphael Kohler, l'entreprise continuera \u00e0 \u00eatre pr\u00e9sente sur le march\u00e9 en tant que marque ind\u00e9pendante avec son offre ERP. Il est convaincu que cette \u00e9tape lib\u00e9rera des synergies pour les deux parties et renforcera encore le positionnement \u00e0 long terme d'Axept sur le march\u00e9.<\/p>\n<p>La cl\u00f4ture a eu lieu le 19 juin 2023. Les parties ont convenu de ne pas divulguer les d\u00e9tails financiers de la transaction.<\/p>\n<p><em>Source : <a href=\"http:\/\/www.swisscom.ch\">Swisscom<\/a>. Plus d'informations : <a href=\"http:\/\/www.axept.ch\">Axept Business Software AG<\/a><\/em><\/p>","protected":false},"excerpt":{"rendered":"<p>Swisscom rach\u00e8te Axept Business Software AG, un partenaire d'int\u00e9gration et d'exploitation pour le logiciel ERP suisse Abacus. Selon ses propres indications, Swisscom renforce ainsi ses comp\u00e9tences dans le domaine des Core Business Applications et soutient la comp\u00e9titivit\u00e9 des PME suisses en tant que partenaire global de num\u00e9risation.<\/p>","protected":false},"author":4,"featured_media":20836,"comment_status":"closed","ping_status":"closed","sticky":false,"template":"","format":"standard","meta":{"_acf_changed":false,"_yoast_wpseo_focuskw":"ERP-Angebot","_yoast_wpseo_metadesc":"Mit der \u00dcbernahme des Abacus-Systemintegrators Axept Business Software AG erweitert Swisscom das ERP-Angebot f\u00fcr KMU.","articlekey":"","footnotes":""},"categories":[27],"tags":[35,287,2962,492],"class_list":["post-20835","post","type-post","status-publish","format-standard","has-post-thumbnail","hentry","category-it","tag-akquisition","tag-itbusiness-software","tag-swisscom","tag-unternehmen"],"acf":[],"yoast_head":"<!-- This site is optimized with the Yoast SEO plugin v27.4 - https:\/\/yoast.com\/product\/yoast-seo-wordpress\/ -->\n<title>Swisscom \u00fcbernimmt Axept und verst\u00e4rkt ERP-Angebot f\u00fcr KMU - Organisator<\/title>\n<meta name=\"description\" content=\"Mit der \u00dcbernahme des Abacus-Systemintegrators Axept Business Software AG erweitert Swisscom das ERP-Angebot f\u00fcr KMU.\" \/>\n<meta name=\"robots\" content=\"index, follow, max-snippet:-1, max-image-preview:large, max-video-preview:-1\" \/>\n<link rel=\"canonical\" href=\"https:\/\/www.organisator.ch\/fr\/gestion-2\/it\/2023-06-23\/swisscom-uebernimmt-axept-und-verstaerkt-erp-angebot-fuer-kmu\/\" \/>\n<meta property=\"og:locale\" content=\"fr_FR\" \/>\n<meta property=\"og:type\" content=\"article\" \/>\n<meta property=\"og:title\" content=\"Swisscom \u00fcbernimmt Axept und verst\u00e4rkt ERP-Angebot f\u00fcr KMU\" \/>\n<meta property=\"og:description\" content=\"Mit der \u00dcbernahme des Abacus-Systemintegrators Axept Business Software AG erweitert Swisscom das ERP-Angebot f\u00fcr KMU.\" \/>\n<meta property=\"og:url\" content=\"https:\/\/www.organisator.ch\/fr\/gestion-2\/it\/2023-06-23\/swisscom-uebernimmt-axept-und-verstaerkt-erp-angebot-fuer-kmu\/\" \/>\n<meta property=\"og:site_name\" content=\"Organisator\" \/>\n<meta property=\"article:publisher\" content=\"https:\/\/www.facebook.com\/OrganisatorFachmagazin\" \/>\n<meta property=\"article:published_time\" content=\"2023-06-23T11:42:11+00:00\" \/>\n<meta property=\"og:image\" content=\"https:\/\/www.organisator.ch\/wp-content\/uploads\/2023\/06\/Swisscom-uebernimmt-Axept-und-verstaerkt-ERP-Angebot-fuer-KMU_Organisator.jpg\" \/>\n\t<meta property=\"og:image:width\" content=\"680\" \/>\n\t<meta property=\"og:image:height\" content=\"451\" \/>\n\t<meta property=\"og:image:type\" content=\"image\/jpeg\" \/>\n<meta name=\"author\" content=\"thomas.berner\" \/>\n<meta name=\"twitter:card\" content=\"summary_large_image\" \/>\n<meta name=\"twitter:title\" content=\"#Swisscom \u00fcbernimmt #Axept und verst\u00e4rkt #ERP-Angebot f\u00fcr KMU\" \/>\n<meta name=\"twitter:description\" content=\"Mit der \u00dcbernahme des #Abacus-Systemintegrators #Axept Business Software AG erweitert #Swisscom das #ERP-Angebot f\u00fcr KMU.\" \/>\n<meta name=\"twitter:image\" content=\"https:\/\/www.organisator.ch\/wp-content\/uploads\/2023\/06\/Swisscom-uebernimmt-Axept-und-verstaerkt-ERP-Angebot-fuer-KMU_Organisator.jpg\" \/>\n<script type=\"application\/ld+json\" class=\"yoast-schema-graph\">{\"@context\":\"https:\\\/\\\/schema.org\",\"@graph\":[{\"@type\":\"Article\",\"@id\":\"https:\\\/\\\/www.organisator.ch\\\/management\\\/it\\\/2023-06-23\\\/swisscom-uebernimmt-axept-und-verstaerkt-erp-angebot-fuer-kmu\\\/#article\",\"isPartOf\":{\"@id\":\"https:\\\/\\\/www.organisator.ch\\\/management\\\/it\\\/2023-06-23\\\/swisscom-uebernimmt-axept-und-verstaerkt-erp-angebot-fuer-kmu\\\/\"},\"author\":{\"name\":\"thomas.berner\",\"@id\":\"https:\\\/\\\/www.organisator.ch\\\/#\\\/schema\\\/person\\\/6f650f90b2842cd4c0cc334b4e36f67e\"},\"headline\":\"Swisscom \u00fcbernimmt Axept und verst\u00e4rkt ERP-Angebot f\u00fcr KMU\",\"datePublished\":\"2023-06-23T11:42:11+00:00\",\"mainEntityOfPage\":{\"@id\":\"https:\\\/\\\/www.organisator.ch\\\/management\\\/it\\\/2023-06-23\\\/swisscom-uebernimmt-axept-und-verstaerkt-erp-angebot-fuer-kmu\\\/\"},\"wordCount\":298,\"publisher\":{\"@id\":\"https:\\\/\\\/www.organisator.ch\\\/#organization\"},\"image\":{\"@id\":\"https:\\\/\\\/www.organisator.ch\\\/management\\\/it\\\/2023-06-23\\\/swisscom-uebernimmt-axept-und-verstaerkt-erp-angebot-fuer-kmu\\\/#primaryimage\"},\"thumbnailUrl\":\"https:\\\/\\\/www.organisator.ch\\\/wp-content\\\/uploads\\\/2023\\\/06\\\/Swisscom-uebernimmt-Axept-und-verstaerkt-ERP-Angebot-fuer-KMU_Organisator.jpg\",\"keywords\":[\"Akquisition\",\"IT\u2009&amp;\u2009Business Software\",\"Swisscom\",\"Unternehmen\"],\"articleSection\":[\"IT\"],\"inLanguage\":\"fr-FR\"},{\"@type\":\"WebPage\",\"@id\":\"https:\\\/\\\/www.organisator.ch\\\/management\\\/it\\\/2023-06-23\\\/swisscom-uebernimmt-axept-und-verstaerkt-erp-angebot-fuer-kmu\\\/\",\"url\":\"https:\\\/\\\/www.organisator.ch\\\/management\\\/it\\\/2023-06-23\\\/swisscom-uebernimmt-axept-und-verstaerkt-erp-angebot-fuer-kmu\\\/\",\"name\":\"Swisscom \u00fcbernimmt Axept und verst\u00e4rkt ERP-Angebot f\u00fcr KMU - Organisator\",\"isPartOf\":{\"@id\":\"https:\\\/\\\/www.organisator.ch\\\/#website\"},\"primaryImageOfPage\":{\"@id\":\"https:\\\/\\\/www.organisator.ch\\\/management\\\/it\\\/2023-06-23\\\/swisscom-uebernimmt-axept-und-verstaerkt-erp-angebot-fuer-kmu\\\/#primaryimage\"},\"image\":{\"@id\":\"https:\\\/\\\/www.organisator.ch\\\/management\\\/it\\\/2023-06-23\\\/swisscom-uebernimmt-axept-und-verstaerkt-erp-angebot-fuer-kmu\\\/#primaryimage\"},\"thumbnailUrl\":\"https:\\\/\\\/www.organisator.ch\\\/wp-content\\\/uploads\\\/2023\\\/06\\\/Swisscom-uebernimmt-Axept-und-verstaerkt-ERP-Angebot-fuer-KMU_Organisator.jpg\",\"datePublished\":\"2023-06-23T11:42:11+00:00\",\"description\":\"Mit der \u00dcbernahme des Abacus-Systemintegrators Axept Business Software AG erweitert Swisscom das ERP-Angebot f\u00fcr KMU.\",\"breadcrumb\":{\"@id\":\"https:\\\/\\\/www.organisator.ch\\\/management\\\/it\\\/2023-06-23\\\/swisscom-uebernimmt-axept-und-verstaerkt-erp-angebot-fuer-kmu\\\/#breadcrumb\"},\"inLanguage\":\"fr-FR\",\"potentialAction\":[{\"@type\":\"ReadAction\",\"target\":[\"https:\\\/\\\/www.organisator.ch\\\/management\\\/it\\\/2023-06-23\\\/swisscom-uebernimmt-axept-und-verstaerkt-erp-angebot-fuer-kmu\\\/\"]}]},{\"@type\":\"ImageObject\",\"inLanguage\":\"fr-FR\",\"@id\":\"https:\\\/\\\/www.organisator.ch\\\/management\\\/it\\\/2023-06-23\\\/swisscom-uebernimmt-axept-und-verstaerkt-erp-angebot-fuer-kmu\\\/#primaryimage\",\"url\":\"https:\\\/\\\/www.organisator.ch\\\/wp-content\\\/uploads\\\/2023\\\/06\\\/Swisscom-uebernimmt-Axept-und-verstaerkt-ERP-Angebot-fuer-KMU_Organisator.jpg\",\"contentUrl\":\"https:\\\/\\\/www.organisator.ch\\\/wp-content\\\/uploads\\\/2023\\\/06\\\/Swisscom-uebernimmt-Axept-und-verstaerkt-ERP-Angebot-fuer-KMU_Organisator.jpg\",\"width\":680,\"height\":451,\"caption\":\"Business Software f\u00fcr KMU: Die Swisscom baut mit der \u00dcbernahme von Axept ihre ERP-Dienstleistungskompetenz aus. (Symbolbild; Unsplash.com)\"},{\"@type\":\"BreadcrumbList\",\"@id\":\"https:\\\/\\\/www.organisator.ch\\\/management\\\/it\\\/2023-06-23\\\/swisscom-uebernimmt-axept-und-verstaerkt-erp-angebot-fuer-kmu\\\/#breadcrumb\",\"itemListElement\":[{\"@type\":\"ListItem\",\"position\":1,\"name\":\"Home\",\"item\":\"https:\\\/\\\/www.organisator.ch\\\/\"},{\"@type\":\"ListItem\",\"position\":2,\"name\":\"Swisscom \u00fcbernimmt Axept und verst\u00e4rkt ERP-Angebot f\u00fcr KMU\"}]},{\"@type\":\"WebSite\",\"@id\":\"https:\\\/\\\/www.organisator.ch\\\/#website\",\"url\":\"https:\\\/\\\/www.organisator.ch\\\/\",\"name\":\"Organisator\",\"description\":\"Kompetent. Praxisnah. Der ORGANISATOR bereitet in 10 Ausgaben pro Jahr die wesentlichen Themen f\u00fcr F\u00fchrungskr\u00e4fte von KMU auf.\",\"publisher\":{\"@id\":\"https:\\\/\\\/www.organisator.ch\\\/#organization\"},\"potentialAction\":[{\"@type\":\"SearchAction\",\"target\":{\"@type\":\"EntryPoint\",\"urlTemplate\":\"https:\\\/\\\/www.organisator.ch\\\/?s={search_term_string}\"},\"query-input\":{\"@type\":\"PropertyValueSpecification\",\"valueRequired\":true,\"valueName\":\"search_term_string\"}}],\"inLanguage\":\"fr-FR\"},{\"@type\":\"Organization\",\"@id\":\"https:\\\/\\\/www.organisator.ch\\\/#organization\",\"name\":\"Organisator\",\"url\":\"https:\\\/\\\/www.organisator.ch\\\/\",\"logo\":{\"@type\":\"ImageObject\",\"inLanguage\":\"fr-FR\",\"@id\":\"https:\\\/\\\/www.organisator.ch\\\/#\\\/schema\\\/logo\\\/image\\\/\",\"url\":\"https:\\\/\\\/www.organisator.ch\\\/wp-content\\\/uploads\\\/2022\\\/01\\\/Logo_Organisator_Website.png\",\"contentUrl\":\"https:\\\/\\\/www.organisator.ch\\\/wp-content\\\/uploads\\\/2022\\\/01\\\/Logo_Organisator_Website.png\",\"width\":800,\"height\":77,\"caption\":\"Organisator\"},\"image\":{\"@id\":\"https:\\\/\\\/www.organisator.ch\\\/#\\\/schema\\\/logo\\\/image\\\/\"},\"sameAs\":[\"https:\\\/\\\/www.facebook.com\\\/OrganisatorFachmagazin\",\"https:\\\/\\\/www.linkedin.com\\\/showcase\\\/organisator-das-magazin-fr-kmu\",\"https:\\\/\\\/www.xing.com\\\/news\\\/pages\\\/organisator-ch-695\",\"https:\\\/\\\/www.youtube.com\\\/channel\\\/UCGP2Sq0iWaZwT3BdIAQFYpw\"]},{\"@type\":\"Person\",\"@id\":\"https:\\\/\\\/www.organisator.ch\\\/#\\\/schema\\\/person\\\/6f650f90b2842cd4c0cc334b4e36f67e\",\"name\":\"thomas.berner\",\"image\":{\"@type\":\"ImageObject\",\"inLanguage\":\"fr-FR\",\"@id\":\"https:\\\/\\\/secure.gravatar.com\\\/avatar\\\/ac5001d2a36cb6c6cd3e50789007ffca834b477b74a2144564522e944eabff61?s=96&d=mm&r=g\",\"url\":\"https:\\\/\\\/secure.gravatar.com\\\/avatar\\\/ac5001d2a36cb6c6cd3e50789007ffca834b477b74a2144564522e944eabff61?s=96&d=mm&r=g\",\"contentUrl\":\"https:\\\/\\\/secure.gravatar.com\\\/avatar\\\/ac5001d2a36cb6c6cd3e50789007ffca834b477b74a2144564522e944eabff61?s=96&d=mm&r=g\",\"caption\":\"thomas.berner\"},\"url\":\"https:\\\/\\\/www.organisator.ch\\\/fr\\\/author\\\/thomas-berner\\\/\"}]}<\/script>\n<!-- \/ Yoast SEO plugin. -->","yoast_head_json":{"title":"Swisscom rach\u00e8te Axept et renforce son offre ERP pour les PME - Organisator","description":"Avec l'acquisition de l'int\u00e9grateur de syst\u00e8mes Abacus Axept Business Software SA, Swisscom \u00e9largit son offre ERP pour les PME.","robots":{"index":"index","follow":"follow","max-snippet":"max-snippet:-1","max-image-preview":"max-image-preview:large","max-video-preview":"max-video-preview:-1"},"canonical":"https:\/\/www.organisator.ch\/fr\/gestion-2\/it\/2023-06-23\/swisscom-uebernimmt-axept-und-verstaerkt-erp-angebot-fuer-kmu\/","og_locale":"fr_FR","og_type":"article","og_title":"Swisscom \u00fcbernimmt Axept und verst\u00e4rkt ERP-Angebot f\u00fcr KMU","og_description":"Mit der \u00dcbernahme des Abacus-Systemintegrators Axept Business Software AG erweitert Swisscom das ERP-Angebot f\u00fcr KMU.","og_url":"https:\/\/www.organisator.ch\/fr\/gestion-2\/it\/2023-06-23\/swisscom-uebernimmt-axept-und-verstaerkt-erp-angebot-fuer-kmu\/","og_site_name":"Organisator","article_publisher":"https:\/\/www.facebook.com\/OrganisatorFachmagazin","article_published_time":"2023-06-23T11:42:11+00:00","og_image":[{"width":680,"height":451,"url":"https:\/\/www.organisator.ch\/wp-content\/uploads\/2023\/06\/Swisscom-uebernimmt-Axept-und-verstaerkt-ERP-Angebot-fuer-KMU_Organisator.jpg","type":"image\/jpeg"}],"author":"thomas.berner","twitter_card":"summary_large_image","twitter_title":"#Swisscom \u00fcbernimmt #Axept und verst\u00e4rkt #ERP-Angebot f\u00fcr KMU","twitter_description":"Mit der \u00dcbernahme des #Abacus-Systemintegrators #Axept Business Software AG erweitert #Swisscom das #ERP-Angebot f\u00fcr KMU.","twitter_image":"https:\/\/www.organisator.ch\/wp-content\/uploads\/2023\/06\/Swisscom-uebernimmt-Axept-und-verstaerkt-ERP-Angebot-fuer-KMU_Organisator.jpg","schema":{"@context":"https:\/\/schema.org","@graph":[{"@type":"Article","@id":"https:\/\/www.organisator.ch\/management\/it\/2023-06-23\/swisscom-uebernimmt-axept-und-verstaerkt-erp-angebot-fuer-kmu\/#article","isPartOf":{"@id":"https:\/\/www.organisator.ch\/management\/it\/2023-06-23\/swisscom-uebernimmt-axept-und-verstaerkt-erp-angebot-fuer-kmu\/"},"author":{"name":"thomas.berner","@id":"https:\/\/www.organisator.ch\/#\/schema\/person\/6f650f90b2842cd4c0cc334b4e36f67e"},"headline":"Swisscom \u00fcbernimmt Axept und verst\u00e4rkt ERP-Angebot f\u00fcr KMU","datePublished":"2023-06-23T11:42:11+00:00","mainEntityOfPage":{"@id":"https:\/\/www.organisator.ch\/management\/it\/2023-06-23\/swisscom-uebernimmt-axept-und-verstaerkt-erp-angebot-fuer-kmu\/"},"wordCount":298,"publisher":{"@id":"https:\/\/www.organisator.ch\/#organization"},"image":{"@id":"https:\/\/www.organisator.ch\/management\/it\/2023-06-23\/swisscom-uebernimmt-axept-und-verstaerkt-erp-angebot-fuer-kmu\/#primaryimage"},"thumbnailUrl":"https:\/\/www.organisator.ch\/wp-content\/uploads\/2023\/06\/Swisscom-uebernimmt-Axept-und-verstaerkt-ERP-Angebot-fuer-KMU_Organisator.jpg","keywords":["Akquisition","IT\u2009&amp;\u2009Business Software","Swisscom","Unternehmen"],"articleSection":["IT"],"inLanguage":"fr-FR"},{"@type":"WebPage","@id":"https:\/\/www.organisator.ch\/management\/it\/2023-06-23\/swisscom-uebernimmt-axept-und-verstaerkt-erp-angebot-fuer-kmu\/","url":"https:\/\/www.organisator.ch\/management\/it\/2023-06-23\/swisscom-uebernimmt-axept-und-verstaerkt-erp-angebot-fuer-kmu\/","name":"Swisscom rach\u00e8te Axept et renforce son offre ERP pour les PME - Organisator","isPartOf":{"@id":"https:\/\/www.organisator.ch\/#website"},"primaryImageOfPage":{"@id":"https:\/\/www.organisator.ch\/management\/it\/2023-06-23\/swisscom-uebernimmt-axept-und-verstaerkt-erp-angebot-fuer-kmu\/#primaryimage"},"image":{"@id":"https:\/\/www.organisator.ch\/management\/it\/2023-06-23\/swisscom-uebernimmt-axept-und-verstaerkt-erp-angebot-fuer-kmu\/#primaryimage"},"thumbnailUrl":"https:\/\/www.organisator.ch\/wp-content\/uploads\/2023\/06\/Swisscom-uebernimmt-Axept-und-verstaerkt-ERP-Angebot-fuer-KMU_Organisator.jpg","datePublished":"2023-06-23T11:42:11+00:00","description":"Avec l'acquisition de l'int\u00e9grateur de syst\u00e8mes Abacus Axept Business Software SA, Swisscom \u00e9largit son offre ERP pour les PME.","breadcrumb":{"@id":"https:\/\/www.organisator.ch\/management\/it\/2023-06-23\/swisscom-uebernimmt-axept-und-verstaerkt-erp-angebot-fuer-kmu\/#breadcrumb"},"inLanguage":"fr-FR","potentialAction":[{"@type":"ReadAction","target":["https:\/\/www.organisator.ch\/management\/it\/2023-06-23\/swisscom-uebernimmt-axept-und-verstaerkt-erp-angebot-fuer-kmu\/"]}]},{"@type":"ImageObject","inLanguage":"fr-FR","@id":"https:\/\/www.organisator.ch\/management\/it\/2023-06-23\/swisscom-uebernimmt-axept-und-verstaerkt-erp-angebot-fuer-kmu\/#primaryimage","url":"https:\/\/www.organisator.ch\/wp-content\/uploads\/2023\/06\/Swisscom-uebernimmt-Axept-und-verstaerkt-ERP-Angebot-fuer-KMU_Organisator.jpg","contentUrl":"https:\/\/www.organisator.ch\/wp-content\/uploads\/2023\/06\/Swisscom-uebernimmt-Axept-und-verstaerkt-ERP-Angebot-fuer-KMU_Organisator.jpg","width":680,"height":451,"caption":"Business Software f\u00fcr KMU: Die Swisscom baut mit der \u00dcbernahme von Axept ihre ERP-Dienstleistungskompetenz aus. (Symbolbild; Unsplash.com)"},{"@type":"BreadcrumbList","@id":"https:\/\/www.organisator.ch\/management\/it\/2023-06-23\/swisscom-uebernimmt-axept-und-verstaerkt-erp-angebot-fuer-kmu\/#breadcrumb","itemListElement":[{"@type":"ListItem","position":1,"name":"Home","item":"https:\/\/www.organisator.ch\/"},{"@type":"ListItem","position":2,"name":"Swisscom \u00fcbernimmt Axept und verst\u00e4rkt ERP-Angebot f\u00fcr KMU"}]},{"@type":"WebSite","@id":"https:\/\/www.organisator.ch\/#website","url":"https:\/\/www.organisator.ch\/","name":"Organisateur","description":"Comp\u00e9tence et comp\u00e9tence. Proches de la pratique. L'ORGANISATEUR pr\u00e9pare 10 num\u00e9ros par an sur les th\u00e8mes essentiels pour les dirigeants de PME.","publisher":{"@id":"https:\/\/www.organisator.ch\/#organization"},"potentialAction":[{"@type":"SearchAction","target":{"@type":"EntryPoint","urlTemplate":"https:\/\/www.organisator.ch\/?s={search_term_string}"},"query-input":{"@type":"PropertyValueSpecification","valueRequired":true,"valueName":"search_term_string"}}],"inLanguage":"fr-FR"},{"@type":"Organization","@id":"https:\/\/www.organisator.ch\/#organization","name":"Organisateur","url":"https:\/\/www.organisator.ch\/","logo":{"@type":"ImageObject","inLanguage":"fr-FR","@id":"https:\/\/www.organisator.ch\/#\/schema\/logo\/image\/","url":"https:\/\/www.organisator.ch\/wp-content\/uploads\/2022\/01\/Logo_Organisator_Website.png","contentUrl":"https:\/\/www.organisator.ch\/wp-content\/uploads\/2022\/01\/Logo_Organisator_Website.png","width":800,"height":77,"caption":"Organisator"},"image":{"@id":"https:\/\/www.organisator.ch\/#\/schema\/logo\/image\/"},"sameAs":["https:\/\/www.facebook.com\/OrganisatorFachmagazin","https:\/\/www.linkedin.com\/showcase\/organisator-das-magazin-fr-kmu","https:\/\/www.xing.com\/news\/pages\/organisator-ch-695","https:\/\/www.youtube.com\/channel\/UCGP2Sq0iWaZwT3BdIAQFYpw"]},{"@type":"Person","@id":"https:\/\/www.organisator.ch\/#\/schema\/person\/6f650f90b2842cd4c0cc334b4e36f67e","name":"thomas.berner","image":{"@type":"ImageObject","inLanguage":"fr-FR","@id":"https:\/\/secure.gravatar.com\/avatar\/ac5001d2a36cb6c6cd3e50789007ffca834b477b74a2144564522e944eabff61?s=96&d=mm&r=g","url":"https:\/\/secure.gravatar.com\/avatar\/ac5001d2a36cb6c6cd3e50789007ffca834b477b74a2144564522e944eabff61?s=96&d=mm&r=g","contentUrl":"https:\/\/secure.gravatar.com\/avatar\/ac5001d2a36cb6c6cd3e50789007ffca834b477b74a2144564522e944eabff61?s=96&d=mm&r=g","caption":"thomas.berner"},"url":"https:\/\/www.organisator.ch\/fr\/author\/thomas-berner\/"}]}},"_links":{"self":[{"href":"https:\/\/www.organisator.ch\/fr\/wp-json\/wp\/v2\/posts\/20835","targetHints":{"allow":["GET"]}}],"collection":[{"href":"https:\/\/www.organisator.ch\/fr\/wp-json\/wp\/v2\/posts"}],"about":[{"href":"https:\/\/www.organisator.ch\/fr\/wp-json\/wp\/v2\/types\/post"}],"author":[{"embeddable":true,"href":"https:\/\/www.organisator.ch\/fr\/wp-json\/wp\/v2\/users\/4"}],"replies":[{"embeddable":true,"href":"https:\/\/www.organisator.ch\/fr\/wp-json\/wp\/v2\/comments?post=20835"}],"version-history":[{"count":1,"href":"https:\/\/www.organisator.ch\/fr\/wp-json\/wp\/v2\/posts\/20835\/revisions"}],"predecessor-version":[{"id":20837,"href":"https:\/\/www.organisator.ch\/fr\/wp-json\/wp\/v2\/posts\/20835\/revisions\/20837"}],"wp:featuredmedia":[{"embeddable":true,"href":"https:\/\/www.organisator.ch\/fr\/wp-json\/wp\/v2\/media\/20836"}],"wp:attachment":[{"href":"https:\/\/www.organisator.ch\/fr\/wp-json\/wp\/v2\/media?parent=20835"}],"wp:term":[{"taxonomy":"category","embeddable":true,"href":"https:\/\/www.organisator.ch\/fr\/wp-json\/wp\/v2\/categories?post=20835"},{"taxonomy":"post_tag","embeddable":true,"href":"https:\/\/www.organisator.ch\/fr\/wp-json\/wp\/v2\/tags?post=20835"}],"curies":[{"name":"wp","href":"https:\/\/api.w.org\/{rel}","templated":true}]}}