{"id":20860,"date":"2023-06-27T07:56:15","date_gmt":"2023-06-27T05:56:15","guid":{"rendered":"https:\/\/www.m-q.ch\/?p=18217"},"modified":"2024-11-15T07:08:09","modified_gmt":"2024-11-15T06:08:09","slug":"straffreiheit-von-ethical-hacking-rechtsgutachten-klaert-auf","status":"publish","type":"post","link":"https:\/\/www.organisator.ch\/fr\/operational-excellence\/2023-06-27\/straffreiheit-von-ethical-hacking-rechtsgutachten-klaert-auf\/","title":{"rendered":"Impunit\u00e9 du piratage \u00e9thique : un avis juridique clarifie la situation"},"content":{"rendered":"<figure id=\"attachment_18218\" class=\"wp-caption alignnone\" style=\"width: 680px\" aria-describedby=\"caption-attachment-18218\"><img class=\"alignnone wp-image-18218 size-full\" src=\"https:\/\/www.m-q.ch\/wp-content\/uploads\/2023\/06\/Straffreiheit-von-Ethical-Hacking-Rechtsgutachten-klaert-auf_MQ.jpg\" alt=\"Piratage \u00e9thique\" width=\"680\" height=\"555\" \/>\r\n<figcaption id=\"caption-attachment-18218\" class=\"wp-caption-text\">Le piratage \u00e9thique n'est pas a priori impuni. Certaines conditions doivent \u00eatre remplies pour qu'il ne tombe pas sous le coup du droit p\u00e9nal. Un avis de droit apporte d\u00e9sormais des \u00e9claircissements \u00e0 ce sujet. (Image symbolique ; Unsplash.com)<\/figcaption>\r\n<\/figure>\r\n<p>L'Institut national de test pour la cybers\u00e9curit\u00e9 NTC teste ce qui ne l'est pas habituellement. Il examine les produits et infrastructures num\u00e9riques pour y d\u00e9celer les vuln\u00e9rabilit\u00e9s qui ne sont pas ou pas suffisamment test\u00e9es, y compris \u00e0 son initiative. Le probl\u00e8me : la r\u00e9alisation d'analyses de vuln\u00e9rabilit\u00e9 - dans la mesure o\u00f9 elle implique une intrusion (tent\u00e9e ou r\u00e9ussie) dans un syst\u00e8me de traitement de donn\u00e9es tiers (tests d'intrusion) - entre potentiellement en conflit avec l'infraction de piratage informatique de l'article 143bis, alin\u00e9a 1 du Code p\u00e9nal. Selon ce dernier, est puni \"celui qui, par le biais d'installations de transmission de donn\u00e9es, s'introduit sans autorisation dans un syst\u00e8me de traitement de donn\u00e9es d'autrui sp\u00e9cialement prot\u00e9g\u00e9 contre son acc\u00e8s\". En bref : sans mandat explicite et sans consentement, la d\u00e9tection de failles de s\u00e9curit\u00e9 est punissable selon le droit suisse d\u00e8s que la s\u00e9curit\u00e9 d'acc\u00e8s d'un syst\u00e8me \u00e9tranger est franchie ou que l'on tente de le faire. En outre, le code p\u00e9nal punit la manipulation et la modification de donn\u00e9es.<\/p>\r\n<h3>\u00c9tat de n\u00e9cessit\u00e9 justifi\u00e9<\/h3>\r\n<p>Si des normes p\u00e9nales sont enfreintes dans le cadre d'analyses de vuln\u00e9rabilit\u00e9, il est possible, dans certaines circonstances, d'invoquer l'\u00e9tat de n\u00e9cessit\u00e9 justifi\u00e9 selon l'art. 17 CP. L'intrusion dans un syst\u00e8me n'est justifi\u00e9e que s'il existe des indices concrets qu'un syst\u00e8me est affect\u00e9 par des failles de s\u00e9curit\u00e9 potentielles. En outre, la d\u00e9couverte, la documentation et l'information sur ces failles de s\u00e9curit\u00e9 doivent avoir pour but d'\u00e9viter des acc\u00e8s malveillants. D'un point de vue subjectif, il est pr\u00e9suppos\u00e9 que le b\u00e9n\u00e9ficiaire de l'\u00e9tat d'urgence doit conna\u00eetre la situation d'urgence et agir pour sauver le bien juridique menac\u00e9.<\/p>\r\n<h3>Publication des r\u00e9sultats des analyses de vuln\u00e9rabilit\u00e9<\/h3>\r\n<p>Avant une publication d\u00e9taill\u00e9e, les failles de s\u00e9curit\u00e9 identifi\u00e9es et document\u00e9es devraient \u00eatre enti\u00e8rement corrig\u00e9es. Si ce n'est pas le cas, le niveau de d\u00e9tail d'une publication devrait \u00eatre r\u00e9duit aux informations n\u00e9cessaires. Cela permet d'avertir les utilisateurs du syst\u00e8me de mani\u00e8re appropri\u00e9e et de leur donner la possibilit\u00e9 de se prot\u00e9ger.<\/p>\r\n<p>En publiant cet avis de droit, le NTC contribue \u00e0 l'actuelle cyberstrat\u00e9gie nationale de la Conf\u00e9d\u00e9ration, qui vise \u00e0 institutionnaliser le piratage informatique \u00e9thique. Le laboratoire de test et de contr\u00f4le du canton de Zoug travaille en \u00e9troite collaboration avec des instituts de recherche, des entreprises priv\u00e9es de cybers\u00e9curit\u00e9 et des experts internationaux. Le NTC existe depuis d\u00e9cembre 2020.\u00a0<\/p>\r\n<p><em>Source et informations compl\u00e9mentaires : <a href=\"https:\/\/www.ntc.swiss\/\">www.ntc.swiss<\/a><\/em><\/p>\n<p class=\"syndicated-attribution\">Cet article est paru initialement sur m-q.ch - <a href=\"https:\/\/www.m-q.ch\/de\/straffreiheit-von-ethical-hacking-rechtsgutachten-klaert-auf\/\" target=\"_blank\">https:\/\/www.m-q.ch\/de\/straffreiheit-von-ethical-hacking-rechtsgutachten-klaert-auf\/<\/a><\/p>","protected":false},"excerpt":{"rendered":"<p>Sur mandat de l'Institut national de test de cybers\u00e9curit\u00e9 NTC, le cabinet d'avocats Walder Wyss a r\u00e9dig\u00e9 un avis de droit d\u00e9taill\u00e9 intitul\u00e9 \"Punissabilit\u00e9 du piratage \u00e9thique\". L'une des conclusions de cette expertise est que le piratage \u00e9thique n'est pas punissable si certaines conditions g\u00e9n\u00e9rales sont respect\u00e9es.<\/p>","protected":false},"author":8,"featured_media":0,"comment_status":"closed","ping_status":"closed","sticky":false,"template":"","format":"standard","meta":{"_acf_changed":false,"_yoast_wpseo_focuskw":"Ethical Hacking","_yoast_wpseo_metadesc":"Ethically hacking in Switzerland: Legal boundaries and conditions explained. NTC's contribution to national cyber strategy.","articlekey":"","footnotes":""},"categories":[582],"tags":[],"class_list":["post-20860","post","type-post","status-publish","format-standard","hentry","category-operational-excellence"],"acf":[],"yoast_head":"<!-- This site is optimized with the Yoast SEO plugin v27.5 - https:\/\/yoast.com\/product\/yoast-seo-wordpress\/ -->\n<title>Straffreiheit von Ethical Hacking: Rechtsgutachten kl\u00e4rt auf - Organisator<\/title>\n<meta name=\"description\" content=\"Ethically hacking in Switzerland: Legal boundaries and conditions explained. NTC&#039;s contribution to national cyber strategy.\" \/>\n<meta name=\"robots\" content=\"index, follow, max-snippet:-1, max-image-preview:large, max-video-preview:-1\" \/>\n<link rel=\"canonical\" href=\"https:\/\/www.organisator.ch\/fr\/excellence-operationnelle\/2023-06-27\/straffreiheit-von-ethical-hacking-rechtsgutachten-klaert-auf\/\" \/>\n<meta property=\"og:locale\" content=\"fr_FR\" \/>\n<meta property=\"og:type\" content=\"article\" \/>\n<meta property=\"og:title\" content=\"Straffreiheit von Ethical Hacking: Rechtsgutachten kl\u00e4rt auf - Organisator\" \/>\n<meta property=\"og:description\" content=\"Ethically hacking in Switzerland: Legal boundaries and conditions explained. NTC&#039;s contribution to national cyber strategy.\" \/>\n<meta property=\"og:url\" content=\"https:\/\/www.organisator.ch\/fr\/excellence-operationnelle\/2023-06-27\/straffreiheit-von-ethical-hacking-rechtsgutachten-klaert-auf\/\" \/>\n<meta property=\"og:site_name\" content=\"Organisator\" \/>\n<meta property=\"article:publisher\" content=\"https:\/\/www.facebook.com\/OrganisatorFachmagazin\" \/>\n<meta property=\"article:published_time\" content=\"2023-06-27T05:56:15+00:00\" \/>\n<meta property=\"article:modified_time\" content=\"2024-11-15T06:08:09+00:00\" \/>\n<meta name=\"author\" content=\"galledia\" \/>\n<meta name=\"twitter:card\" content=\"summary_large_image\" \/>\n<meta name=\"twitter:creator\" content=\"@admin\" \/>\n<script type=\"application\/ld+json\" class=\"yoast-schema-graph\">{\"@context\":\"https:\\\/\\\/schema.org\",\"@graph\":[{\"@type\":\"Article\",\"@id\":\"https:\\\/\\\/www.organisator.ch\\\/operational-excellence\\\/2023-06-27\\\/straffreiheit-von-ethical-hacking-rechtsgutachten-klaert-auf\\\/#article\",\"isPartOf\":{\"@id\":\"https:\\\/\\\/www.organisator.ch\\\/operational-excellence\\\/2023-06-27\\\/straffreiheit-von-ethical-hacking-rechtsgutachten-klaert-auf\\\/\"},\"author\":{\"name\":\"galledia\",\"@id\":\"https:\\\/\\\/www.organisator.ch\\\/#\\\/schema\\\/person\\\/4e51799071cd2dd1232ac003643ef5f0\"},\"headline\":\"Straffreiheit von Ethical Hacking: Rechtsgutachten kl\u00e4rt auf\",\"datePublished\":\"2023-06-27T05:56:15+00:00\",\"dateModified\":\"2024-11-15T06:08:09+00:00\",\"mainEntityOfPage\":{\"@id\":\"https:\\\/\\\/www.organisator.ch\\\/operational-excellence\\\/2023-06-27\\\/straffreiheit-von-ethical-hacking-rechtsgutachten-klaert-auf\\\/\"},\"wordCount\":368,\"publisher\":{\"@id\":\"https:\\\/\\\/www.organisator.ch\\\/#organization\"},\"image\":{\"@id\":\"https:\\\/\\\/www.organisator.ch\\\/operational-excellence\\\/2023-06-27\\\/straffreiheit-von-ethical-hacking-rechtsgutachten-klaert-auf\\\/#primaryimage\"},\"thumbnailUrl\":\"https:\\\/\\\/www.m-q.ch\\\/wp-content\\\/uploads\\\/2023\\\/06\\\/Straffreiheit-von-Ethical-Hacking-Rechtsgutachten-klaert-auf_MQ.jpg\",\"articleSection\":[\"OPERATIONAL EXCELLENCE\"],\"inLanguage\":\"fr-FR\"},{\"@type\":\"WebPage\",\"@id\":\"https:\\\/\\\/www.organisator.ch\\\/operational-excellence\\\/2023-06-27\\\/straffreiheit-von-ethical-hacking-rechtsgutachten-klaert-auf\\\/\",\"url\":\"https:\\\/\\\/www.organisator.ch\\\/operational-excellence\\\/2023-06-27\\\/straffreiheit-von-ethical-hacking-rechtsgutachten-klaert-auf\\\/\",\"name\":\"Straffreiheit von Ethical Hacking: Rechtsgutachten kl\u00e4rt auf - Organisator\",\"isPartOf\":{\"@id\":\"https:\\\/\\\/www.organisator.ch\\\/#website\"},\"primaryImageOfPage\":{\"@id\":\"https:\\\/\\\/www.organisator.ch\\\/operational-excellence\\\/2023-06-27\\\/straffreiheit-von-ethical-hacking-rechtsgutachten-klaert-auf\\\/#primaryimage\"},\"image\":{\"@id\":\"https:\\\/\\\/www.organisator.ch\\\/operational-excellence\\\/2023-06-27\\\/straffreiheit-von-ethical-hacking-rechtsgutachten-klaert-auf\\\/#primaryimage\"},\"thumbnailUrl\":\"https:\\\/\\\/www.m-q.ch\\\/wp-content\\\/uploads\\\/2023\\\/06\\\/Straffreiheit-von-Ethical-Hacking-Rechtsgutachten-klaert-auf_MQ.jpg\",\"datePublished\":\"2023-06-27T05:56:15+00:00\",\"dateModified\":\"2024-11-15T06:08:09+00:00\",\"description\":\"Ethically hacking in Switzerland: Legal boundaries and conditions explained. NTC's contribution to national cyber strategy.\",\"breadcrumb\":{\"@id\":\"https:\\\/\\\/www.organisator.ch\\\/operational-excellence\\\/2023-06-27\\\/straffreiheit-von-ethical-hacking-rechtsgutachten-klaert-auf\\\/#breadcrumb\"},\"inLanguage\":\"fr-FR\",\"potentialAction\":[{\"@type\":\"ReadAction\",\"target\":[\"https:\\\/\\\/www.organisator.ch\\\/operational-excellence\\\/2023-06-27\\\/straffreiheit-von-ethical-hacking-rechtsgutachten-klaert-auf\\\/\"]}]},{\"@type\":\"ImageObject\",\"inLanguage\":\"fr-FR\",\"@id\":\"https:\\\/\\\/www.organisator.ch\\\/operational-excellence\\\/2023-06-27\\\/straffreiheit-von-ethical-hacking-rechtsgutachten-klaert-auf\\\/#primaryimage\",\"url\":\"https:\\\/\\\/www.m-q.ch\\\/wp-content\\\/uploads\\\/2023\\\/06\\\/Straffreiheit-von-Ethical-Hacking-Rechtsgutachten-klaert-auf_MQ.jpg\",\"contentUrl\":\"https:\\\/\\\/www.m-q.ch\\\/wp-content\\\/uploads\\\/2023\\\/06\\\/Straffreiheit-von-Ethical-Hacking-Rechtsgutachten-klaert-auf_MQ.jpg\"},{\"@type\":\"BreadcrumbList\",\"@id\":\"https:\\\/\\\/www.organisator.ch\\\/operational-excellence\\\/2023-06-27\\\/straffreiheit-von-ethical-hacking-rechtsgutachten-klaert-auf\\\/#breadcrumb\",\"itemListElement\":[{\"@type\":\"ListItem\",\"position\":1,\"name\":\"Home\",\"item\":\"https:\\\/\\\/www.organisator.ch\\\/\"},{\"@type\":\"ListItem\",\"position\":2,\"name\":\"Straffreiheit von Ethical Hacking: Rechtsgutachten kl\u00e4rt auf\"}]},{\"@type\":\"WebSite\",\"@id\":\"https:\\\/\\\/www.organisator.ch\\\/#website\",\"url\":\"https:\\\/\\\/www.organisator.ch\\\/\",\"name\":\"Organisator\",\"description\":\"Kompetent. Praxisnah. Der ORGANISATOR bereitet in 10 Ausgaben pro Jahr die wesentlichen Themen f\u00fcr F\u00fchrungskr\u00e4fte von KMU auf.\",\"publisher\":{\"@id\":\"https:\\\/\\\/www.organisator.ch\\\/#organization\"},\"potentialAction\":[{\"@type\":\"SearchAction\",\"target\":{\"@type\":\"EntryPoint\",\"urlTemplate\":\"https:\\\/\\\/www.organisator.ch\\\/?s={search_term_string}\"},\"query-input\":{\"@type\":\"PropertyValueSpecification\",\"valueRequired\":true,\"valueName\":\"search_term_string\"}}],\"inLanguage\":\"fr-FR\"},{\"@type\":\"Organization\",\"@id\":\"https:\\\/\\\/www.organisator.ch\\\/#organization\",\"name\":\"Organisator\",\"url\":\"https:\\\/\\\/www.organisator.ch\\\/\",\"logo\":{\"@type\":\"ImageObject\",\"inLanguage\":\"fr-FR\",\"@id\":\"https:\\\/\\\/www.organisator.ch\\\/#\\\/schema\\\/logo\\\/image\\\/\",\"url\":\"https:\\\/\\\/www.organisator.ch\\\/wp-content\\\/uploads\\\/2022\\\/01\\\/Logo_Organisator_Website.png\",\"contentUrl\":\"https:\\\/\\\/www.organisator.ch\\\/wp-content\\\/uploads\\\/2022\\\/01\\\/Logo_Organisator_Website.png\",\"width\":800,\"height\":77,\"caption\":\"Organisator\"},\"image\":{\"@id\":\"https:\\\/\\\/www.organisator.ch\\\/#\\\/schema\\\/logo\\\/image\\\/\"},\"sameAs\":[\"https:\\\/\\\/www.facebook.com\\\/OrganisatorFachmagazin\",\"https:\\\/\\\/www.linkedin.com\\\/showcase\\\/organisator-das-magazin-fr-kmu\",\"https:\\\/\\\/www.xing.com\\\/news\\\/pages\\\/organisator-ch-695\",\"https:\\\/\\\/www.youtube.com\\\/channel\\\/UCGP2Sq0iWaZwT3BdIAQFYpw\"]},{\"@type\":\"Person\",\"@id\":\"https:\\\/\\\/www.organisator.ch\\\/#\\\/schema\\\/person\\\/4e51799071cd2dd1232ac003643ef5f0\",\"name\":\"galledia\",\"image\":{\"@type\":\"ImageObject\",\"inLanguage\":\"fr-FR\",\"@id\":\"https:\\\/\\\/secure.gravatar.com\\\/avatar\\\/78a7f90c01fc2bfc875782a0d4922b37cde2cf184ce347b91316d23cd7f69a36?s=96&d=mm&r=g\",\"url\":\"https:\\\/\\\/secure.gravatar.com\\\/avatar\\\/78a7f90c01fc2bfc875782a0d4922b37cde2cf184ce347b91316d23cd7f69a36?s=96&d=mm&r=g\",\"contentUrl\":\"https:\\\/\\\/secure.gravatar.com\\\/avatar\\\/78a7f90c01fc2bfc875782a0d4922b37cde2cf184ce347b91316d23cd7f69a36?s=96&d=mm&r=g\",\"caption\":\"galledia\"},\"sameAs\":[\"https:\\\/\\\/x.com\\\/admin\"],\"url\":\"https:\\\/\\\/www.organisator.ch\\\/fr\\\/author\\\/galledia\\\/\"}]}<\/script>\n<!-- \/ Yoast SEO plugin. -->","yoast_head_json":{"title":"Impunit\u00e9 du piratage \u00e9thique : un avis juridique clarifie la situation - Organisateur","description":"Le piratage \u00e9thique en Suisse : limites et conditions l\u00e9gales expliqu\u00e9es. La contribution du CTN \u00e0 la strat\u00e9gie cybern\u00e9tique nationale.","robots":{"index":"index","follow":"follow","max-snippet":"max-snippet:-1","max-image-preview":"max-image-preview:large","max-video-preview":"max-video-preview:-1"},"canonical":"https:\/\/www.organisator.ch\/fr\/excellence-operationnelle\/2023-06-27\/straffreiheit-von-ethical-hacking-rechtsgutachten-klaert-auf\/","og_locale":"fr_FR","og_type":"article","og_title":"Straffreiheit von Ethical Hacking: Rechtsgutachten kl\u00e4rt auf - Organisator","og_description":"Ethically hacking in Switzerland: Legal boundaries and conditions explained. NTC's contribution to national cyber strategy.","og_url":"https:\/\/www.organisator.ch\/fr\/excellence-operationnelle\/2023-06-27\/straffreiheit-von-ethical-hacking-rechtsgutachten-klaert-auf\/","og_site_name":"Organisator","article_publisher":"https:\/\/www.facebook.com\/OrganisatorFachmagazin","article_published_time":"2023-06-27T05:56:15+00:00","article_modified_time":"2024-11-15T06:08:09+00:00","author":"galledia","twitter_card":"summary_large_image","twitter_creator":"@admin","schema":{"@context":"https:\/\/schema.org","@graph":[{"@type":"Article","@id":"https:\/\/www.organisator.ch\/operational-excellence\/2023-06-27\/straffreiheit-von-ethical-hacking-rechtsgutachten-klaert-auf\/#article","isPartOf":{"@id":"https:\/\/www.organisator.ch\/operational-excellence\/2023-06-27\/straffreiheit-von-ethical-hacking-rechtsgutachten-klaert-auf\/"},"author":{"name":"galledia","@id":"https:\/\/www.organisator.ch\/#\/schema\/person\/4e51799071cd2dd1232ac003643ef5f0"},"headline":"Straffreiheit von Ethical Hacking: Rechtsgutachten kl\u00e4rt auf","datePublished":"2023-06-27T05:56:15+00:00","dateModified":"2024-11-15T06:08:09+00:00","mainEntityOfPage":{"@id":"https:\/\/www.organisator.ch\/operational-excellence\/2023-06-27\/straffreiheit-von-ethical-hacking-rechtsgutachten-klaert-auf\/"},"wordCount":368,"publisher":{"@id":"https:\/\/www.organisator.ch\/#organization"},"image":{"@id":"https:\/\/www.organisator.ch\/operational-excellence\/2023-06-27\/straffreiheit-von-ethical-hacking-rechtsgutachten-klaert-auf\/#primaryimage"},"thumbnailUrl":"https:\/\/www.m-q.ch\/wp-content\/uploads\/2023\/06\/Straffreiheit-von-Ethical-Hacking-Rechtsgutachten-klaert-auf_MQ.jpg","articleSection":["OPERATIONAL EXCELLENCE"],"inLanguage":"fr-FR"},{"@type":"WebPage","@id":"https:\/\/www.organisator.ch\/operational-excellence\/2023-06-27\/straffreiheit-von-ethical-hacking-rechtsgutachten-klaert-auf\/","url":"https:\/\/www.organisator.ch\/operational-excellence\/2023-06-27\/straffreiheit-von-ethical-hacking-rechtsgutachten-klaert-auf\/","name":"Impunit\u00e9 du piratage \u00e9thique : un avis juridique clarifie la situation - Organisateur","isPartOf":{"@id":"https:\/\/www.organisator.ch\/#website"},"primaryImageOfPage":{"@id":"https:\/\/www.organisator.ch\/operational-excellence\/2023-06-27\/straffreiheit-von-ethical-hacking-rechtsgutachten-klaert-auf\/#primaryimage"},"image":{"@id":"https:\/\/www.organisator.ch\/operational-excellence\/2023-06-27\/straffreiheit-von-ethical-hacking-rechtsgutachten-klaert-auf\/#primaryimage"},"thumbnailUrl":"https:\/\/www.m-q.ch\/wp-content\/uploads\/2023\/06\/Straffreiheit-von-Ethical-Hacking-Rechtsgutachten-klaert-auf_MQ.jpg","datePublished":"2023-06-27T05:56:15+00:00","dateModified":"2024-11-15T06:08:09+00:00","description":"Le piratage \u00e9thique en Suisse : limites et conditions l\u00e9gales expliqu\u00e9es. La contribution du CTN \u00e0 la strat\u00e9gie cybern\u00e9tique nationale.","breadcrumb":{"@id":"https:\/\/www.organisator.ch\/operational-excellence\/2023-06-27\/straffreiheit-von-ethical-hacking-rechtsgutachten-klaert-auf\/#breadcrumb"},"inLanguage":"fr-FR","potentialAction":[{"@type":"ReadAction","target":["https:\/\/www.organisator.ch\/operational-excellence\/2023-06-27\/straffreiheit-von-ethical-hacking-rechtsgutachten-klaert-auf\/"]}]},{"@type":"ImageObject","inLanguage":"fr-FR","@id":"https:\/\/www.organisator.ch\/operational-excellence\/2023-06-27\/straffreiheit-von-ethical-hacking-rechtsgutachten-klaert-auf\/#primaryimage","url":"https:\/\/www.m-q.ch\/wp-content\/uploads\/2023\/06\/Straffreiheit-von-Ethical-Hacking-Rechtsgutachten-klaert-auf_MQ.jpg","contentUrl":"https:\/\/www.m-q.ch\/wp-content\/uploads\/2023\/06\/Straffreiheit-von-Ethical-Hacking-Rechtsgutachten-klaert-auf_MQ.jpg"},{"@type":"BreadcrumbList","@id":"https:\/\/www.organisator.ch\/operational-excellence\/2023-06-27\/straffreiheit-von-ethical-hacking-rechtsgutachten-klaert-auf\/#breadcrumb","itemListElement":[{"@type":"ListItem","position":1,"name":"Home","item":"https:\/\/www.organisator.ch\/"},{"@type":"ListItem","position":2,"name":"Straffreiheit von Ethical Hacking: Rechtsgutachten kl\u00e4rt auf"}]},{"@type":"WebSite","@id":"https:\/\/www.organisator.ch\/#website","url":"https:\/\/www.organisator.ch\/","name":"Organisateur","description":"Comp\u00e9tence et comp\u00e9tence. Proches de la pratique. L'ORGANISATEUR pr\u00e9pare 10 num\u00e9ros par an sur les th\u00e8mes essentiels pour les dirigeants de PME.","publisher":{"@id":"https:\/\/www.organisator.ch\/#organization"},"potentialAction":[{"@type":"SearchAction","target":{"@type":"EntryPoint","urlTemplate":"https:\/\/www.organisator.ch\/?s={search_term_string}"},"query-input":{"@type":"PropertyValueSpecification","valueRequired":true,"valueName":"search_term_string"}}],"inLanguage":"fr-FR"},{"@type":"Organization","@id":"https:\/\/www.organisator.ch\/#organization","name":"Organisateur","url":"https:\/\/www.organisator.ch\/","logo":{"@type":"ImageObject","inLanguage":"fr-FR","@id":"https:\/\/www.organisator.ch\/#\/schema\/logo\/image\/","url":"https:\/\/www.organisator.ch\/wp-content\/uploads\/2022\/01\/Logo_Organisator_Website.png","contentUrl":"https:\/\/www.organisator.ch\/wp-content\/uploads\/2022\/01\/Logo_Organisator_Website.png","width":800,"height":77,"caption":"Organisator"},"image":{"@id":"https:\/\/www.organisator.ch\/#\/schema\/logo\/image\/"},"sameAs":["https:\/\/www.facebook.com\/OrganisatorFachmagazin","https:\/\/www.linkedin.com\/showcase\/organisator-das-magazin-fr-kmu","https:\/\/www.xing.com\/news\/pages\/organisator-ch-695","https:\/\/www.youtube.com\/channel\/UCGP2Sq0iWaZwT3BdIAQFYpw"]},{"@type":"Person","@id":"https:\/\/www.organisator.ch\/#\/schema\/person\/4e51799071cd2dd1232ac003643ef5f0","name":"galledia","image":{"@type":"ImageObject","inLanguage":"fr-FR","@id":"https:\/\/secure.gravatar.com\/avatar\/78a7f90c01fc2bfc875782a0d4922b37cde2cf184ce347b91316d23cd7f69a36?s=96&d=mm&r=g","url":"https:\/\/secure.gravatar.com\/avatar\/78a7f90c01fc2bfc875782a0d4922b37cde2cf184ce347b91316d23cd7f69a36?s=96&d=mm&r=g","contentUrl":"https:\/\/secure.gravatar.com\/avatar\/78a7f90c01fc2bfc875782a0d4922b37cde2cf184ce347b91316d23cd7f69a36?s=96&d=mm&r=g","caption":"galledia"},"sameAs":["https:\/\/x.com\/admin"],"url":"https:\/\/www.organisator.ch\/fr\/author\/galledia\/"}]}},"_links":{"self":[{"href":"https:\/\/www.organisator.ch\/fr\/wp-json\/wp\/v2\/posts\/20860","targetHints":{"allow":["GET"]}}],"collection":[{"href":"https:\/\/www.organisator.ch\/fr\/wp-json\/wp\/v2\/posts"}],"about":[{"href":"https:\/\/www.organisator.ch\/fr\/wp-json\/wp\/v2\/types\/post"}],"author":[{"embeddable":true,"href":"https:\/\/www.organisator.ch\/fr\/wp-json\/wp\/v2\/users\/8"}],"replies":[{"embeddable":true,"href":"https:\/\/www.organisator.ch\/fr\/wp-json\/wp\/v2\/comments?post=20860"}],"version-history":[{"count":3,"href":"https:\/\/www.organisator.ch\/fr\/wp-json\/wp\/v2\/posts\/20860\/revisions"}],"predecessor-version":[{"id":33053,"href":"https:\/\/www.organisator.ch\/fr\/wp-json\/wp\/v2\/posts\/20860\/revisions\/33053"}],"wp:attachment":[{"href":"https:\/\/www.organisator.ch\/fr\/wp-json\/wp\/v2\/media?parent=20860"}],"wp:term":[{"taxonomy":"category","embeddable":true,"href":"https:\/\/www.organisator.ch\/fr\/wp-json\/wp\/v2\/categories?post=20860"},{"taxonomy":"post_tag","embeddable":true,"href":"https:\/\/www.organisator.ch\/fr\/wp-json\/wp\/v2\/tags?post=20860"}],"curies":[{"name":"wp","href":"https:\/\/api.w.org\/{rel}","templated":true}]}}