{"id":20869,"date":"2023-06-28T01:17:34","date_gmt":"2023-06-27T23:17:34","guid":{"rendered":"https:\/\/www.organisator.ch\/?p=20869"},"modified":"2023-07-24T17:18:45","modified_gmt":"2023-07-24T15:18:45","slug":"haben-sie-zu-viele-entschuldigungen","status":"publish","type":"post","link":"https:\/\/www.organisator.ch\/fr\/management\/2023-06-28\/haben-sie-zu-viele-entschuldigungen\/","title":{"rendered":"Vous avez trop d'excuses ?"},"content":{"rendered":"<figure id=\"attachment_20870\" aria-describedby=\"caption-attachment-20870\" style=\"width: 680px\" class=\"wp-caption alignnone\"><img loading=\"lazy\" decoding=\"async\" class=\"size-full wp-image-20870\" src=\"https:\/\/www.organisator.ch\/wp-content\/uploads\/2023\/06\/Haben-Sie-zu-viele-Entschuldigungen_Organisator.jpg\" alt=\"\" width=\"680\" height=\"510\" srcset=\"https:\/\/www.organisator.ch\/wp-content\/uploads\/2023\/06\/Haben-Sie-zu-viele-Entschuldigungen_Organisator.jpg 680w, https:\/\/www.organisator.ch\/wp-content\/uploads\/2023\/06\/Haben-Sie-zu-viele-Entschuldigungen_Organisator-16x12.jpg 16w, https:\/\/www.organisator.ch\/wp-content\/uploads\/2023\/06\/Haben-Sie-zu-viele-Entschuldigungen_Organisator-375x281.jpg 375w, https:\/\/www.organisator.ch\/wp-content\/uploads\/2023\/06\/Haben-Sie-zu-viele-Entschuldigungen_Organisator-467x350.jpg 467w\" sizes=\"auto, (max-width: 680px) 100vw, 680px\" \/><figcaption id=\"caption-attachment-20870\" class=\"wp-caption-text\">Des r\u00e9sultats plut\u00f4t que des excuses : Une impulsion de r\u00e9ussite contre les excuses fr\u00e9quentes. (Image : Pixabay.com)<\/figcaption><\/figure>\n<p>J'entends trop souvent des managers de haut niveau me dire qu'ils sont incapables de mettre en \u0153uvre des changements. Nous oublions alors une chose : nous sommes tous incroyablement puissants. Dans la grande majorit\u00e9 des cas, nous ne sommes pas des victimes, mais des cr\u00e9ateurs de circonstances et de comportements.<\/p>\n<p>Bien s\u00fbr, il y a des positions de d\u00e9part diff\u00e9rentes (m\u00eame \"injustes\") dans la vie. Mais \u00e0 partir de l\u00e0, nous avons le contr\u00f4le - \u00e0 moins que nous ne pr\u00e9textions des excuses. Nous pouvons presque toujours d\u00e9terminer nos d\u00e9cisions et nos actions - et en tout cas toujours notre r\u00e9action. Quel est le rapport avec le leadership et le succ\u00e8s d'une \u00e9quipe ? Beaucoup de choses ! Car vous ne pouvez faire avancer les choses avec votre \u00e9quipe que si les gens concentrent leur \u00e9nergie sur la cr\u00e9ation plut\u00f4t que sur les excuses. Pour cela, nous devons bien s\u00fbr d'abord identifier les domaines o\u00f9 les excuses prennent le pas sur la volont\u00e9 de cr\u00e9er. Voici trois domaines typiques d'excuses qui vous emp\u00eachent, vous et votre \u00e9quipe, d'atteindre un plus grand succ\u00e8s :<\/p>\n<h3><strong>Excuse n\u00b0 1 : \"Je ne peux pas parce que ...<\/strong><strong>\u201e<\/strong><\/h3>\n<p>On entend cette affirmation dans toutes les variantes possibles. Les coupables sont typiquement d'autres personnes, d'autres d\u00e9partements, des outils, des r\u00e8gles, etc.<\/p>\n<p>Je l'ai constat\u00e9 \u00e0 maintes reprises : ceux qui obtiennent nettement plus que la moyenne, m\u00eame dans des circonstances difficiles, se posent une autre question : \"Qu'est-ce que je peux faire maintenant de l\u00e0 o\u00f9 je suis, avec ce que j'ai ?\"<\/p>\n<p>Il y a toujours quelque chose \u00e0 faire. La plupart des barri\u00e8res, nous nous les disons \u00e0 nous-m\u00eames. Et ces obstacles apparents deviennent alors une habitude.<\/p>\n<h3><strong>Excuse n\u00b0 2 : \"C'est diff\u00e9rent ici\".<\/strong><\/h3>\n<p>Cette excuse est \u00e9galement tr\u00e8s r\u00e9pandue. La plupart du temps, cette d\u00e9claration n'est pas formul\u00e9e. On se fait comprendre et on fait comprendre aux autres que les choses doivent se d\u00e9rouler selon un mod\u00e8le bien pr\u00e9cis. Ma question est alors toujours : \"Vraiment ? Qui dit cela ? Et pourquoi ?\"<\/p>\n<p>Car ce ne sont que des d\u00e9cisions que l'on peut changer. Une bonne question d'aide pour cela est : \"Que se passera-t-il si je le fais quand m\u00eame maintenant\" ? De nombreuses r\u00e8gles et habitudes valent la peine d'\u00eatre transgress\u00e9es ou du moins mises \u00e0 l'\u00e9preuve, si les choses n'avancent pas autrement.<\/p>\n<h3><strong>Excuse n\u00b0 3 : \"Je ne suis pas comme \u00e7a\" !<\/strong><\/h3>\n<p>C'est le classique qui nous emp\u00eache le plus d'avancer : \"Je suis comme \u00e7a\" n'est rien d'autre qu'une excuse devant moi-m\u00eame pour ne rien faire maintenant. Il s'agit g\u00e9n\u00e9ralement d'une habitude profond\u00e9ment ancr\u00e9e.<\/p>\n<p>Car : qui d\u00e9termine comment je suis ? Les autres ou moi ? Bien s\u00fbr : c'est vous qui d\u00e9cidez comment vous \u00eates. Personne d'autre ne le fait. Ce fait rend les choses d\u00e9sagr\u00e9ables pour beaucoup. Car j'ai maintenant l'enti\u00e8re responsabilit\u00e9 de moi-m\u00eame - avec tous les c\u00f4t\u00e9s sombres.<\/p>\n<p>Important : je peux changer mes croyances sur moi-m\u00eame \u00e0 tout moment, si je le souhaite. Ce n'est g\u00e9n\u00e9ralement pas facile - mais toujours possible.<\/p>\n<p><strong>Conclusion : <\/strong>Si vous parvenez \u00e0 d\u00e9masquer ces trois excuses typiques comme telles chez vous et dans votre \u00e9quipe, vous pourrez faire un grand pas en avant.<\/p>\n<p>&nbsp;<\/p>\n<p><i><strong>Vers l'auteur :<\/strong><br \/>\n<\/i><em>Volkmar V\u00f6lzke est un maximisateur de succ\u00e8s. Auteur de livres. Conseiller et consultant. Coach de formation. Orateur.\u00a0<a href=\"http:\/\/www.volkmarvoelzke.ch\/\">www.volkmarvoelzke.ch<\/a><\/em><\/p>","protected":false},"excerpt":{"rendered":"<p>Les gens ont des positions de d\u00e9part diff\u00e9rentes dans la vie. Mais ils ont le pouvoir d'en tirer le meilleur parti et de mettre en \u0153uvre des changements - s'ils ne se trouvaient pas toujours des excuses pour le faire...<\/p>","protected":false},"author":4,"featured_media":20870,"comment_status":"closed","ping_status":"closed","sticky":false,"template":"","format":"standard","meta":{"_acf_changed":false,"_yoast_wpseo_focuskw":"Entschuldigungen","_yoast_wpseo_metadesc":"Menschen haben es selbst in der Hand, Ver\u00e4nderungen umzusetzen - wenn sie daf\u00fcr nicht immer wieder Entschuldigungen vorschieben w\u00fcrden...","articlekey":"","footnotes":""},"categories":[28],"tags":[177,335,429],"class_list":["post-20869","post","type-post","status-publish","format-standard","has-post-thumbnail","hentry","category-management","tag-erfolgs-impuls","tag-management-und-unternehmensfuehrung","tag-selbstmanagement"],"acf":[],"yoast_head":"<!-- This site is optimized with the Yoast SEO plugin v27.5 - https:\/\/yoast.com\/product\/yoast-seo-wordpress\/ -->\n<title>Haben Sie zu viele Entschuldigungen? - Organisator<\/title>\n<meta name=\"description\" content=\"Menschen haben es selbst in der Hand, Ver\u00e4nderungen umzusetzen - wenn sie daf\u00fcr nicht immer wieder Entschuldigungen vorschieben w\u00fcrden...\" \/>\n<meta name=\"robots\" content=\"index, follow, max-snippet:-1, max-image-preview:large, max-video-preview:-1\" \/>\n<link rel=\"canonical\" href=\"https:\/\/www.organisator.ch\/fr\/gestion-2\/2023-06-28\/haben-sie-zu-viele-entschuldigungen\/\" \/>\n<meta property=\"og:locale\" content=\"fr_FR\" \/>\n<meta property=\"og:type\" content=\"article\" \/>\n<meta property=\"og:title\" content=\"Haben Sie zu viele Entschuldigungen?\" \/>\n<meta property=\"og:description\" content=\"Menschen haben es selbst in der Hand, Ver\u00e4nderungen umzusetzen - wenn sie daf\u00fcr nicht immer wieder Entschuldigungen vorschieben w\u00fcrden...\" \/>\n<meta property=\"og:url\" content=\"https:\/\/www.organisator.ch\/fr\/gestion-2\/2023-06-28\/haben-sie-zu-viele-entschuldigungen\/\" \/>\n<meta property=\"og:site_name\" content=\"Organisator\" \/>\n<meta property=\"article:publisher\" content=\"https:\/\/www.facebook.com\/OrganisatorFachmagazin\" \/>\n<meta property=\"article:published_time\" content=\"2023-06-27T23:17:34+00:00\" \/>\n<meta property=\"article:modified_time\" content=\"2023-07-24T15:18:45+00:00\" \/>\n<meta property=\"og:image\" content=\"https:\/\/www.organisator.ch\/wp-content\/uploads\/2023\/06\/Haben-Sie-zu-viele-Entschuldigungen_Organisator.jpg\" \/>\n\t<meta property=\"og:image:width\" content=\"680\" \/>\n\t<meta property=\"og:image:height\" content=\"510\" \/>\n\t<meta property=\"og:image:type\" content=\"image\/jpeg\" \/>\n<meta name=\"author\" content=\"thomas.berner\" \/>\n<meta name=\"twitter:card\" content=\"summary_large_image\" \/>\n<meta name=\"twitter:title\" content=\"Haben Sie zu viele #Entschuldigungen?\" \/>\n<meta name=\"twitter:description\" content=\"#Menschen haben es selbst in der Hand, #Ver\u00e4nderungen umzusetzen - wenn sie daf\u00fcr nicht immer wieder #Entschuldigungen vorschieben w\u00fcrden...\" \/>\n<meta name=\"twitter:image\" content=\"https:\/\/www.organisator.ch\/wp-content\/uploads\/2023\/06\/Haben-Sie-zu-viele-Entschuldigungen_Organisator.jpg\" \/>\n<script type=\"application\/ld+json\" class=\"yoast-schema-graph\">{\"@context\":\"https:\\\/\\\/schema.org\",\"@graph\":[{\"@type\":\"Article\",\"@id\":\"https:\\\/\\\/www.organisator.ch\\\/management\\\/2023-06-28\\\/haben-sie-zu-viele-entschuldigungen\\\/#article\",\"isPartOf\":{\"@id\":\"https:\\\/\\\/www.organisator.ch\\\/management\\\/2023-06-28\\\/haben-sie-zu-viele-entschuldigungen\\\/\"},\"author\":{\"name\":\"thomas.berner\",\"@id\":\"https:\\\/\\\/www.organisator.ch\\\/#\\\/schema\\\/person\\\/6f650f90b2842cd4c0cc334b4e36f67e\"},\"headline\":\"Haben Sie zu viele Entschuldigungen?\",\"datePublished\":\"2023-06-27T23:17:34+00:00\",\"dateModified\":\"2023-07-24T15:18:45+00:00\",\"mainEntityOfPage\":{\"@id\":\"https:\\\/\\\/www.organisator.ch\\\/management\\\/2023-06-28\\\/haben-sie-zu-viele-entschuldigungen\\\/\"},\"wordCount\":503,\"publisher\":{\"@id\":\"https:\\\/\\\/www.organisator.ch\\\/#organization\"},\"image\":{\"@id\":\"https:\\\/\\\/www.organisator.ch\\\/management\\\/2023-06-28\\\/haben-sie-zu-viele-entschuldigungen\\\/#primaryimage\"},\"thumbnailUrl\":\"https:\\\/\\\/www.organisator.ch\\\/wp-content\\\/uploads\\\/2023\\\/06\\\/Haben-Sie-zu-viele-Entschuldigungen_Organisator.jpg\",\"keywords\":[\"Erfolgs-Impuls\",\"Management und Unternehmensf\u00fchrung\",\"Selbstmanagement\"],\"articleSection\":[\"MANAGEMENT\"],\"inLanguage\":\"fr-FR\"},{\"@type\":\"WebPage\",\"@id\":\"https:\\\/\\\/www.organisator.ch\\\/management\\\/2023-06-28\\\/haben-sie-zu-viele-entschuldigungen\\\/\",\"url\":\"https:\\\/\\\/www.organisator.ch\\\/management\\\/2023-06-28\\\/haben-sie-zu-viele-entschuldigungen\\\/\",\"name\":\"Haben Sie zu viele Entschuldigungen? - Organisator\",\"isPartOf\":{\"@id\":\"https:\\\/\\\/www.organisator.ch\\\/#website\"},\"primaryImageOfPage\":{\"@id\":\"https:\\\/\\\/www.organisator.ch\\\/management\\\/2023-06-28\\\/haben-sie-zu-viele-entschuldigungen\\\/#primaryimage\"},\"image\":{\"@id\":\"https:\\\/\\\/www.organisator.ch\\\/management\\\/2023-06-28\\\/haben-sie-zu-viele-entschuldigungen\\\/#primaryimage\"},\"thumbnailUrl\":\"https:\\\/\\\/www.organisator.ch\\\/wp-content\\\/uploads\\\/2023\\\/06\\\/Haben-Sie-zu-viele-Entschuldigungen_Organisator.jpg\",\"datePublished\":\"2023-06-27T23:17:34+00:00\",\"dateModified\":\"2023-07-24T15:18:45+00:00\",\"description\":\"Menschen haben es selbst in der Hand, Ver\u00e4nderungen umzusetzen - wenn sie daf\u00fcr nicht immer wieder Entschuldigungen vorschieben w\u00fcrden...\",\"breadcrumb\":{\"@id\":\"https:\\\/\\\/www.organisator.ch\\\/management\\\/2023-06-28\\\/haben-sie-zu-viele-entschuldigungen\\\/#breadcrumb\"},\"inLanguage\":\"fr-FR\",\"potentialAction\":[{\"@type\":\"ReadAction\",\"target\":[\"https:\\\/\\\/www.organisator.ch\\\/management\\\/2023-06-28\\\/haben-sie-zu-viele-entschuldigungen\\\/\"]}]},{\"@type\":\"ImageObject\",\"inLanguage\":\"fr-FR\",\"@id\":\"https:\\\/\\\/www.organisator.ch\\\/management\\\/2023-06-28\\\/haben-sie-zu-viele-entschuldigungen\\\/#primaryimage\",\"url\":\"https:\\\/\\\/www.organisator.ch\\\/wp-content\\\/uploads\\\/2023\\\/06\\\/Haben-Sie-zu-viele-Entschuldigungen_Organisator.jpg\",\"contentUrl\":\"https:\\\/\\\/www.organisator.ch\\\/wp-content\\\/uploads\\\/2023\\\/06\\\/Haben-Sie-zu-viele-Entschuldigungen_Organisator.jpg\",\"width\":680,\"height\":510,\"caption\":\"Resultate statt Entschuldigungen: Ein Erfolgs-Impuls gegen h\u00e4ufige Ausreden. (Bild: Pixabay.com)\"},{\"@type\":\"BreadcrumbList\",\"@id\":\"https:\\\/\\\/www.organisator.ch\\\/management\\\/2023-06-28\\\/haben-sie-zu-viele-entschuldigungen\\\/#breadcrumb\",\"itemListElement\":[{\"@type\":\"ListItem\",\"position\":1,\"name\":\"Home\",\"item\":\"https:\\\/\\\/www.organisator.ch\\\/\"},{\"@type\":\"ListItem\",\"position\":2,\"name\":\"Haben Sie zu viele Entschuldigungen?\"}]},{\"@type\":\"WebSite\",\"@id\":\"https:\\\/\\\/www.organisator.ch\\\/#website\",\"url\":\"https:\\\/\\\/www.organisator.ch\\\/\",\"name\":\"Organisator\",\"description\":\"Kompetent. Praxisnah. Der ORGANISATOR bereitet in 10 Ausgaben pro Jahr die wesentlichen Themen f\u00fcr F\u00fchrungskr\u00e4fte von KMU auf.\",\"publisher\":{\"@id\":\"https:\\\/\\\/www.organisator.ch\\\/#organization\"},\"potentialAction\":[{\"@type\":\"SearchAction\",\"target\":{\"@type\":\"EntryPoint\",\"urlTemplate\":\"https:\\\/\\\/www.organisator.ch\\\/?s={search_term_string}\"},\"query-input\":{\"@type\":\"PropertyValueSpecification\",\"valueRequired\":true,\"valueName\":\"search_term_string\"}}],\"inLanguage\":\"fr-FR\"},{\"@type\":\"Organization\",\"@id\":\"https:\\\/\\\/www.organisator.ch\\\/#organization\",\"name\":\"Organisator\",\"url\":\"https:\\\/\\\/www.organisator.ch\\\/\",\"logo\":{\"@type\":\"ImageObject\",\"inLanguage\":\"fr-FR\",\"@id\":\"https:\\\/\\\/www.organisator.ch\\\/#\\\/schema\\\/logo\\\/image\\\/\",\"url\":\"https:\\\/\\\/www.organisator.ch\\\/wp-content\\\/uploads\\\/2022\\\/01\\\/Logo_Organisator_Website.png\",\"contentUrl\":\"https:\\\/\\\/www.organisator.ch\\\/wp-content\\\/uploads\\\/2022\\\/01\\\/Logo_Organisator_Website.png\",\"width\":800,\"height\":77,\"caption\":\"Organisator\"},\"image\":{\"@id\":\"https:\\\/\\\/www.organisator.ch\\\/#\\\/schema\\\/logo\\\/image\\\/\"},\"sameAs\":[\"https:\\\/\\\/www.facebook.com\\\/OrganisatorFachmagazin\",\"https:\\\/\\\/www.linkedin.com\\\/showcase\\\/organisator-das-magazin-fr-kmu\",\"https:\\\/\\\/www.xing.com\\\/news\\\/pages\\\/organisator-ch-695\",\"https:\\\/\\\/www.youtube.com\\\/channel\\\/UCGP2Sq0iWaZwT3BdIAQFYpw\"]},{\"@type\":\"Person\",\"@id\":\"https:\\\/\\\/www.organisator.ch\\\/#\\\/schema\\\/person\\\/6f650f90b2842cd4c0cc334b4e36f67e\",\"name\":\"thomas.berner\",\"image\":{\"@type\":\"ImageObject\",\"inLanguage\":\"fr-FR\",\"@id\":\"https:\\\/\\\/secure.gravatar.com\\\/avatar\\\/ac5001d2a36cb6c6cd3e50789007ffca834b477b74a2144564522e944eabff61?s=96&d=mm&r=g\",\"url\":\"https:\\\/\\\/secure.gravatar.com\\\/avatar\\\/ac5001d2a36cb6c6cd3e50789007ffca834b477b74a2144564522e944eabff61?s=96&d=mm&r=g\",\"contentUrl\":\"https:\\\/\\\/secure.gravatar.com\\\/avatar\\\/ac5001d2a36cb6c6cd3e50789007ffca834b477b74a2144564522e944eabff61?s=96&d=mm&r=g\",\"caption\":\"thomas.berner\"},\"url\":\"https:\\\/\\\/www.organisator.ch\\\/fr\\\/author\\\/thomas-berner\\\/\"}]}<\/script>\n<!-- \/ Yoast SEO plugin. -->","yoast_head_json":{"title":"Vous avez trop d'excuses ? - Organisateur","description":"Les gens ont le pouvoir de mettre en \u0153uvre des changements - s'ils ne pr\u00e9textaient pas toujours des excuses pour le faire...","robots":{"index":"index","follow":"follow","max-snippet":"max-snippet:-1","max-image-preview":"max-image-preview:large","max-video-preview":"max-video-preview:-1"},"canonical":"https:\/\/www.organisator.ch\/fr\/gestion-2\/2023-06-28\/haben-sie-zu-viele-entschuldigungen\/","og_locale":"fr_FR","og_type":"article","og_title":"Haben Sie zu viele Entschuldigungen?","og_description":"Menschen haben es selbst in der Hand, Ver\u00e4nderungen umzusetzen - wenn sie daf\u00fcr nicht immer wieder Entschuldigungen vorschieben w\u00fcrden...","og_url":"https:\/\/www.organisator.ch\/fr\/gestion-2\/2023-06-28\/haben-sie-zu-viele-entschuldigungen\/","og_site_name":"Organisator","article_publisher":"https:\/\/www.facebook.com\/OrganisatorFachmagazin","article_published_time":"2023-06-27T23:17:34+00:00","article_modified_time":"2023-07-24T15:18:45+00:00","og_image":[{"width":680,"height":510,"url":"https:\/\/www.organisator.ch\/wp-content\/uploads\/2023\/06\/Haben-Sie-zu-viele-Entschuldigungen_Organisator.jpg","type":"image\/jpeg"}],"author":"thomas.berner","twitter_card":"summary_large_image","twitter_title":"Haben Sie zu viele #Entschuldigungen?","twitter_description":"#Menschen haben es selbst in der Hand, #Ver\u00e4nderungen umzusetzen - wenn sie daf\u00fcr nicht immer wieder #Entschuldigungen vorschieben w\u00fcrden...","twitter_image":"https:\/\/www.organisator.ch\/wp-content\/uploads\/2023\/06\/Haben-Sie-zu-viele-Entschuldigungen_Organisator.jpg","schema":{"@context":"https:\/\/schema.org","@graph":[{"@type":"Article","@id":"https:\/\/www.organisator.ch\/management\/2023-06-28\/haben-sie-zu-viele-entschuldigungen\/#article","isPartOf":{"@id":"https:\/\/www.organisator.ch\/management\/2023-06-28\/haben-sie-zu-viele-entschuldigungen\/"},"author":{"name":"thomas.berner","@id":"https:\/\/www.organisator.ch\/#\/schema\/person\/6f650f90b2842cd4c0cc334b4e36f67e"},"headline":"Haben Sie zu viele Entschuldigungen?","datePublished":"2023-06-27T23:17:34+00:00","dateModified":"2023-07-24T15:18:45+00:00","mainEntityOfPage":{"@id":"https:\/\/www.organisator.ch\/management\/2023-06-28\/haben-sie-zu-viele-entschuldigungen\/"},"wordCount":503,"publisher":{"@id":"https:\/\/www.organisator.ch\/#organization"},"image":{"@id":"https:\/\/www.organisator.ch\/management\/2023-06-28\/haben-sie-zu-viele-entschuldigungen\/#primaryimage"},"thumbnailUrl":"https:\/\/www.organisator.ch\/wp-content\/uploads\/2023\/06\/Haben-Sie-zu-viele-Entschuldigungen_Organisator.jpg","keywords":["Erfolgs-Impuls","Management und Unternehmensf\u00fchrung","Selbstmanagement"],"articleSection":["MANAGEMENT"],"inLanguage":"fr-FR"},{"@type":"WebPage","@id":"https:\/\/www.organisator.ch\/management\/2023-06-28\/haben-sie-zu-viele-entschuldigungen\/","url":"https:\/\/www.organisator.ch\/management\/2023-06-28\/haben-sie-zu-viele-entschuldigungen\/","name":"Vous avez trop d'excuses ? - Organisateur","isPartOf":{"@id":"https:\/\/www.organisator.ch\/#website"},"primaryImageOfPage":{"@id":"https:\/\/www.organisator.ch\/management\/2023-06-28\/haben-sie-zu-viele-entschuldigungen\/#primaryimage"},"image":{"@id":"https:\/\/www.organisator.ch\/management\/2023-06-28\/haben-sie-zu-viele-entschuldigungen\/#primaryimage"},"thumbnailUrl":"https:\/\/www.organisator.ch\/wp-content\/uploads\/2023\/06\/Haben-Sie-zu-viele-Entschuldigungen_Organisator.jpg","datePublished":"2023-06-27T23:17:34+00:00","dateModified":"2023-07-24T15:18:45+00:00","description":"Les gens ont le pouvoir de mettre en \u0153uvre des changements - s'ils ne pr\u00e9textaient pas toujours des excuses pour le faire...","breadcrumb":{"@id":"https:\/\/www.organisator.ch\/management\/2023-06-28\/haben-sie-zu-viele-entschuldigungen\/#breadcrumb"},"inLanguage":"fr-FR","potentialAction":[{"@type":"ReadAction","target":["https:\/\/www.organisator.ch\/management\/2023-06-28\/haben-sie-zu-viele-entschuldigungen\/"]}]},{"@type":"ImageObject","inLanguage":"fr-FR","@id":"https:\/\/www.organisator.ch\/management\/2023-06-28\/haben-sie-zu-viele-entschuldigungen\/#primaryimage","url":"https:\/\/www.organisator.ch\/wp-content\/uploads\/2023\/06\/Haben-Sie-zu-viele-Entschuldigungen_Organisator.jpg","contentUrl":"https:\/\/www.organisator.ch\/wp-content\/uploads\/2023\/06\/Haben-Sie-zu-viele-Entschuldigungen_Organisator.jpg","width":680,"height":510,"caption":"Resultate statt Entschuldigungen: Ein Erfolgs-Impuls gegen h\u00e4ufige Ausreden. (Bild: Pixabay.com)"},{"@type":"BreadcrumbList","@id":"https:\/\/www.organisator.ch\/management\/2023-06-28\/haben-sie-zu-viele-entschuldigungen\/#breadcrumb","itemListElement":[{"@type":"ListItem","position":1,"name":"Home","item":"https:\/\/www.organisator.ch\/"},{"@type":"ListItem","position":2,"name":"Haben Sie zu viele Entschuldigungen?"}]},{"@type":"WebSite","@id":"https:\/\/www.organisator.ch\/#website","url":"https:\/\/www.organisator.ch\/","name":"Organisateur","description":"Comp\u00e9tence et comp\u00e9tence. Proches de la pratique. L'ORGANISATEUR pr\u00e9pare 10 num\u00e9ros par an sur les th\u00e8mes essentiels pour les dirigeants de PME.","publisher":{"@id":"https:\/\/www.organisator.ch\/#organization"},"potentialAction":[{"@type":"SearchAction","target":{"@type":"EntryPoint","urlTemplate":"https:\/\/www.organisator.ch\/?s={search_term_string}"},"query-input":{"@type":"PropertyValueSpecification","valueRequired":true,"valueName":"search_term_string"}}],"inLanguage":"fr-FR"},{"@type":"Organization","@id":"https:\/\/www.organisator.ch\/#organization","name":"Organisateur","url":"https:\/\/www.organisator.ch\/","logo":{"@type":"ImageObject","inLanguage":"fr-FR","@id":"https:\/\/www.organisator.ch\/#\/schema\/logo\/image\/","url":"https:\/\/www.organisator.ch\/wp-content\/uploads\/2022\/01\/Logo_Organisator_Website.png","contentUrl":"https:\/\/www.organisator.ch\/wp-content\/uploads\/2022\/01\/Logo_Organisator_Website.png","width":800,"height":77,"caption":"Organisator"},"image":{"@id":"https:\/\/www.organisator.ch\/#\/schema\/logo\/image\/"},"sameAs":["https:\/\/www.facebook.com\/OrganisatorFachmagazin","https:\/\/www.linkedin.com\/showcase\/organisator-das-magazin-fr-kmu","https:\/\/www.xing.com\/news\/pages\/organisator-ch-695","https:\/\/www.youtube.com\/channel\/UCGP2Sq0iWaZwT3BdIAQFYpw"]},{"@type":"Person","@id":"https:\/\/www.organisator.ch\/#\/schema\/person\/6f650f90b2842cd4c0cc334b4e36f67e","name":"thomas.berner","image":{"@type":"ImageObject","inLanguage":"fr-FR","@id":"https:\/\/secure.gravatar.com\/avatar\/ac5001d2a36cb6c6cd3e50789007ffca834b477b74a2144564522e944eabff61?s=96&d=mm&r=g","url":"https:\/\/secure.gravatar.com\/avatar\/ac5001d2a36cb6c6cd3e50789007ffca834b477b74a2144564522e944eabff61?s=96&d=mm&r=g","contentUrl":"https:\/\/secure.gravatar.com\/avatar\/ac5001d2a36cb6c6cd3e50789007ffca834b477b74a2144564522e944eabff61?s=96&d=mm&r=g","caption":"thomas.berner"},"url":"https:\/\/www.organisator.ch\/fr\/author\/thomas-berner\/"}]}},"_links":{"self":[{"href":"https:\/\/www.organisator.ch\/fr\/wp-json\/wp\/v2\/posts\/20869","targetHints":{"allow":["GET"]}}],"collection":[{"href":"https:\/\/www.organisator.ch\/fr\/wp-json\/wp\/v2\/posts"}],"about":[{"href":"https:\/\/www.organisator.ch\/fr\/wp-json\/wp\/v2\/types\/post"}],"author":[{"embeddable":true,"href":"https:\/\/www.organisator.ch\/fr\/wp-json\/wp\/v2\/users\/4"}],"replies":[{"embeddable":true,"href":"https:\/\/www.organisator.ch\/fr\/wp-json\/wp\/v2\/comments?post=20869"}],"version-history":[{"count":1,"href":"https:\/\/www.organisator.ch\/fr\/wp-json\/wp\/v2\/posts\/20869\/revisions"}],"predecessor-version":[{"id":20871,"href":"https:\/\/www.organisator.ch\/fr\/wp-json\/wp\/v2\/posts\/20869\/revisions\/20871"}],"wp:featuredmedia":[{"embeddable":true,"href":"https:\/\/www.organisator.ch\/fr\/wp-json\/wp\/v2\/media\/20870"}],"wp:attachment":[{"href":"https:\/\/www.organisator.ch\/fr\/wp-json\/wp\/v2\/media?parent=20869"}],"wp:term":[{"taxonomy":"category","embeddable":true,"href":"https:\/\/www.organisator.ch\/fr\/wp-json\/wp\/v2\/categories?post=20869"},{"taxonomy":"post_tag","embeddable":true,"href":"https:\/\/www.organisator.ch\/fr\/wp-json\/wp\/v2\/tags?post=20869"}],"curies":[{"name":"wp","href":"https:\/\/api.w.org\/{rel}","templated":true}]}}