{"id":20897,"date":"2023-06-30T07:34:53","date_gmt":"2023-06-30T05:34:53","guid":{"rendered":"https:\/\/www.organisator.ch\/?p=20897"},"modified":"2023-07-04T13:42:56","modified_gmt":"2023-07-04T11:42:56","slug":"kmu-tag-2023-kmu-und-momentum-was-unternehmertum-ausmacht","status":"publish","type":"post","link":"https:\/\/www.organisator.ch\/fr\/management\/2023-06-30\/kmu-tag-2023-kmu-und-momentum-was-unternehmertum-ausmacht\/","title":{"rendered":"Journ\u00e9e des PME 2023 : PME et momentum - ce qui fait l'esprit d'entreprise"},"content":{"rendered":"<figure id=\"attachment_20898\" aria-describedby=\"caption-attachment-20898\" style=\"width: 680px\" class=\"wp-caption alignnone\"><img loading=\"lazy\" decoding=\"async\" class=\"size-full wp-image-20898\" src=\"https:\/\/www.organisator.ch\/wp-content\/uploads\/2023\/06\/KMU-Tag-2023-KMU-und-Momentum---was-Unternehmertum-ausmacht_Organisator.jpg\" alt=\"\" width=\"680\" height=\"422\" srcset=\"\" sizes=\"auto, (max-width: 680px) 100vw, 680px\" data-srcset=\"\" \/><figcaption id=\"caption-attachment-20898\" class=\"wp-caption-text\">Ils donneront des conf\u00e9rences et discuteront lors de la Journ\u00e9e suisse des PME 2023 : (en haut de gauche \u00e0 droite) : Thomas Zurbuchen, Nicole B\u00fcttner, Tanja Zimmermann-Burgerstein, Til Zollinger, Tobias Wolf, Philomena Schwab, Bernhard Ehrenzeller, Katharina Lehmkuhl, Bernhard Heusler, Pascal Bieri, Claudio Minder, Arthur H. Honegger (mod\u00e9ration) et Melusine Bliesener. (Photo pd)<\/figcaption><\/figure>\n<p>Saint-Gall devient une fois par an le lieu de rencontre des PME suisses - cette ann\u00e9e pour la vingti\u00e8me fois d\u00e9j\u00e0. La Journ\u00e9e suisse des PME 2023 mettra \u00e0 nouveau l'accent sur les d\u00e9fis actuels des petites et moyennes entreprises (PME).<\/p>\n<h3><strong>Intelligence artificielle, Leadership, Pitches, Talk PME et NASA<\/strong><\/h3>\n<p>Apr\u00e8s l'introduction \u00e0 la Journ\u00e9e PME de cette ann\u00e9e par l'h\u00f4te Tobias Wolf, Bernhard Ehrenzeller, recteur de la HSG, salue les participants - car la HSG f\u00eate \u00e9galement un anniversaire, elle a \u00e9t\u00e9 fond\u00e9e il y a 125 ans. Ensuite, l'entrepreneuse Nicole B\u00fcttner commencera sa pr\u00e9sentation sur \"L'intelligence artificielle (IA) dans les PME - une mise en perspective\", suivie de Bernhard Heusler, ancien pr\u00e9sident du FC B\u00e2le et conseiller tr\u00e8s demand\u00e9, avec \"Le momentum d\u00e9cisif du leadership\". Apr\u00e8s le d\u00e9jeuner, des entrepreneurs en d\u00e9marrage (Philomena Schwab, Pascal Bieri, Melusine Bliesener et Katharina Lehmkuhl) pr\u00e9senteront leurs mod\u00e8les d'affaires dans le cadre de la \"session d'inspiration\", qui a d\u00e9sormais fait ses preuves. Cette ann\u00e9e, le \"Duo Lapsus\" se chargera de d\u00e9tendre l'atmosph\u00e8re, suivi imm\u00e9diatement du nouveau format \"KMU-Talk\" avec Claudio Minder, Tanja Zimmermann-Burgerstein et Til Zollinger. And last but not least, nous en apprendrons plus sur \"Que peuvent apprendre les PME de la NASA ?\" avec Thomas Zurbuchen, chef de recherche de la NASA depuis de nombreuses ann\u00e9es.<\/p>\n<h3><strong>Les PME suisses \u00e9changent leurs exp\u00e9riences<\/strong><\/h3>\n<p>La Journ\u00e9e suisse des PME est une plate-forme d'\u00e9change tr\u00e8s demand\u00e9e par les entrepreneurs et les cadres des PME suisses. D'importantes institutions ont pris en charge le patronage de la Journ\u00e9e suisse des PME : L'Union suisse des arts et m\u00e9tiers (USAM), economiesuisse, la Chambre de commerce et d'industrie de Saint-Gall-Appenzell et l'Union cantonale des arts et m\u00e9tiers de Saint-Gall. L'\u00e9v\u00e9nement est soutenu par une s\u00e9rie de co-sponsors et de sponsors principaux de longue date, pour lesquels les pr\u00e9occupations des PME sont tr\u00e8s importantes : Abacus, Helvetia, OBT, Raiffeisen et Swisscom ainsi que de nombreuses PME du secteur de l'industrie et des services.<\/p>\n<p>La Journ\u00e9e suisse des PME est organis\u00e9e par l'Institut suisse pour les PME et l'entrepreneuriat de l'Universit\u00e9 de Saint-Gall (KMU-HSG) et par l'agence alea iacta ag. L'inscription \u00e0 la journ\u00e9e est ouverte d\u00e8s maintenant via <a href=\"https:\/\/www.registration-kmu-tag.ch\/2023\">https:\/\/www.registration-kmu-tag.ch\/2023<\/a> possible.<\/p>\n<h3><strong>La Journ\u00e9e suisse des PME 2023 en bref<\/strong><\/h3>\n<table>\n<tbody>\n<tr>\n<td width=\"133\">th\u00e8me :<\/td>\n<td width=\"533\">PME et momentum - ce qui fait l'esprit d'entreprise<\/td>\n<\/tr>\n<tr>\n<td width=\"133\">Date<\/td>\n<td width=\"533\">Vendredi 27 octobre 2023, de 9h45 \u00e0 17h (ateliers \u00e0 partir de 9h)<\/td>\n<\/tr>\n<tr>\n<td width=\"133\">Lieu<\/td>\n<td width=\"533\">Halle de l'Olma 9, Saint-Gall<\/td>\n<\/tr>\n<tr>\n<td width=\"133\">Intervenant(e)s :<\/td>\n<td width=\"533\">Tobias Wolf, Bernhard Ehrenzeller, Nicole B\u00fcttner, Bernhard Heusler, Thomas Zurbuchen, Claudio Minder, Tanja Zimmermann-Burgerstein, Til Zollinger, ainsi que les personnalit\u00e9s des startups Philomena Schwab, Pascal Bieri, Melusine Bliesener et Katharina Lehmkuhl, et Arthur H. Honegger (mod\u00e9rateur)<\/td>\n<\/tr>\n<tr>\n<td width=\"133\">Co\u00fbts :<\/p>\n<p>&nbsp;<\/td>\n<td width=\"533\">450 CHF, 400 CHF pour les membres de l'Union cantonale des arts et m\u00e9tiers de Saint-Gall et de la Chambre de commerce et d'industrie de Saint-Gall-Appenzell, 350 CHF pour les membres de l'association de soutien PME-HSG.<\/td>\n<\/tr>\n<\/tbody>\n<\/table>","protected":false},"excerpt":{"rendered":"<p>Le 27 octobre 2023, la 20e Journ\u00e9e suisse des PME sera consacr\u00e9e au th\u00e8me \"PME et momentum - ce qui fait l'entrepreneuriat\". Le programme met en avant des conf\u00e9renciers inspirants et passionnants et propose pour cela de nouveaux formats comme le \"Talk PME\". La manifestation sera anim\u00e9e par le pr\u00e9sentateur de 10vor10 Arthur H. Honegger.<\/p>","protected":false},"author":4,"featured_media":20898,"comment_status":"closed","ping_status":"closed","sticky":false,"template":"","format":"standard","meta":{"_acf_changed":false,"_yoast_wpseo_focuskw":"KMU-Tag 2023","_yoast_wpseo_metadesc":"Am 27. Oktober geht es am Schweizer KMU-Tag 2023 um das Thema \u00abKMU und Momentum \u2013 was Unternehmertum ausmacht\u00bb.","articlekey":"","footnotes":""},"categories":[28],"tags":[193,305,335],"class_list":["post-20897","post","type-post","status-publish","format-standard","has-post-thumbnail","hentry","category-management","tag-fachkongressfachmesse","tag-kmu-tag","tag-management-und-unternehmensfuehrung"],"acf":[],"yoast_head":"<!-- This site is optimized with the Yoast SEO plugin v27.5 - https:\/\/yoast.com\/product\/yoast-seo-wordpress\/ -->\n<title>KMU-Tag 2023: KMU und Momentum \u2013 was Unternehmertum ausmacht - Organisator<\/title>\n<meta name=\"description\" content=\"Am 27. Oktober geht es am Schweizer KMU-Tag 2023 um das Thema \u00abKMU und Momentum \u2013 was Unternehmertum ausmacht\u00bb.\" \/>\n<meta name=\"robots\" content=\"index, follow, max-snippet:-1, max-image-preview:large, max-video-preview:-1\" \/>\n<link rel=\"canonical\" href=\"https:\/\/www.organisator.ch\/fr\/gestion-2\/2023-06-30\/kmu-tag-2023-kmu-und-momentum-was-unternehmertum-ausmacht\/\" \/>\n<meta property=\"og:locale\" content=\"fr_FR\" \/>\n<meta property=\"og:type\" content=\"article\" \/>\n<meta property=\"og:title\" content=\"KMU-Tag 2023: KMU und Momentum \u2013 was Unternehmertum ausmacht\" \/>\n<meta property=\"og:description\" content=\"Am 27. Oktober geht es am Schweizer KMU-Tag 2023 um das Thema \u00abKMU und Momentum \u2013 was Unternehmertum ausmacht\u00bb.\" \/>\n<meta property=\"og:url\" content=\"https:\/\/www.organisator.ch\/fr\/gestion-2\/2023-06-30\/kmu-tag-2023-kmu-und-momentum-was-unternehmertum-ausmacht\/\" \/>\n<meta property=\"og:site_name\" content=\"Organisator\" \/>\n<meta property=\"article:publisher\" content=\"https:\/\/www.facebook.com\/OrganisatorFachmagazin\" \/>\n<meta property=\"article:published_time\" content=\"2023-06-30T05:34:53+00:00\" \/>\n<meta property=\"article:modified_time\" content=\"2023-07-04T11:42:56+00:00\" \/>\n<meta property=\"og:image\" content=\"https:\/\/www.organisator.ch\/wp-content\/uploads\/2023\/06\/KMU-Tag-2023-KMU-und-Momentum-\u2013-was-Unternehmertum-ausmacht_Organisator.jpg\" \/>\n\t<meta property=\"og:image:width\" content=\"680\" \/>\n\t<meta property=\"og:image:height\" content=\"422\" \/>\n\t<meta property=\"og:image:type\" content=\"image\/jpeg\" \/>\n<meta name=\"author\" content=\"thomas.berner\" \/>\n<meta name=\"twitter:card\" content=\"summary_large_image\" \/>\n<meta name=\"twitter:title\" content=\"#KMU-Tag 2023: KMU und Momentum \u2013 was #Unternehmertum ausmacht\" \/>\n<meta name=\"twitter:description\" content=\"Am 27. Oktober geht es am Schweizer #KMU-Tag 2023 um das Thema \u00abKMU und Momentum \u2013 was #Unternehmertum ausmacht\u00bb.\" \/>\n<meta name=\"twitter:image\" content=\"https:\/\/www.organisator.ch\/wp-content\/uploads\/2023\/06\/KMU-Tag-2023-KMU-und-Momentum-\u2013-was-Unternehmertum-ausmacht_Organisator.jpg\" \/>\n<script type=\"application\/ld+json\" class=\"yoast-schema-graph\">{\"@context\":\"https:\\\/\\\/schema.org\",\"@graph\":[{\"@type\":\"Article\",\"@id\":\"https:\\\/\\\/www.organisator.ch\\\/management\\\/2023-06-30\\\/kmu-tag-2023-kmu-und-momentum-was-unternehmertum-ausmacht\\\/#article\",\"isPartOf\":{\"@id\":\"https:\\\/\\\/www.organisator.ch\\\/management\\\/2023-06-30\\\/kmu-tag-2023-kmu-und-momentum-was-unternehmertum-ausmacht\\\/\"},\"author\":{\"name\":\"thomas.berner\",\"@id\":\"https:\\\/\\\/www.organisator.ch\\\/#\\\/schema\\\/person\\\/6f650f90b2842cd4c0cc334b4e36f67e\"},\"headline\":\"KMU-Tag 2023: KMU und Momentum \u2013 was Unternehmertum ausmacht\",\"datePublished\":\"2023-06-30T05:34:53+00:00\",\"dateModified\":\"2023-07-04T11:42:56+00:00\",\"mainEntityOfPage\":{\"@id\":\"https:\\\/\\\/www.organisator.ch\\\/management\\\/2023-06-30\\\/kmu-tag-2023-kmu-und-momentum-was-unternehmertum-ausmacht\\\/\"},\"wordCount\":471,\"publisher\":{\"@id\":\"https:\\\/\\\/www.organisator.ch\\\/#organization\"},\"image\":{\"@id\":\"https:\\\/\\\/www.organisator.ch\\\/management\\\/2023-06-30\\\/kmu-tag-2023-kmu-und-momentum-was-unternehmertum-ausmacht\\\/#primaryimage\"},\"thumbnailUrl\":\"https:\\\/\\\/www.organisator.ch\\\/wp-content\\\/uploads\\\/2023\\\/06\\\/KMU-Tag-2023-KMU-und-Momentum-\u2013-was-Unternehmertum-ausmacht_Organisator.jpg\",\"keywords\":[\"Fachkongress\\\/Fachmesse\",\"KMU-Tag\",\"Management und Unternehmensf\u00fchrung\"],\"articleSection\":[\"MANAGEMENT\"],\"inLanguage\":\"fr-FR\"},{\"@type\":\"WebPage\",\"@id\":\"https:\\\/\\\/www.organisator.ch\\\/management\\\/2023-06-30\\\/kmu-tag-2023-kmu-und-momentum-was-unternehmertum-ausmacht\\\/\",\"url\":\"https:\\\/\\\/www.organisator.ch\\\/management\\\/2023-06-30\\\/kmu-tag-2023-kmu-und-momentum-was-unternehmertum-ausmacht\\\/\",\"name\":\"KMU-Tag 2023: KMU und Momentum \u2013 was Unternehmertum ausmacht - Organisator\",\"isPartOf\":{\"@id\":\"https:\\\/\\\/www.organisator.ch\\\/#website\"},\"primaryImageOfPage\":{\"@id\":\"https:\\\/\\\/www.organisator.ch\\\/management\\\/2023-06-30\\\/kmu-tag-2023-kmu-und-momentum-was-unternehmertum-ausmacht\\\/#primaryimage\"},\"image\":{\"@id\":\"https:\\\/\\\/www.organisator.ch\\\/management\\\/2023-06-30\\\/kmu-tag-2023-kmu-und-momentum-was-unternehmertum-ausmacht\\\/#primaryimage\"},\"thumbnailUrl\":\"https:\\\/\\\/www.organisator.ch\\\/wp-content\\\/uploads\\\/2023\\\/06\\\/KMU-Tag-2023-KMU-und-Momentum-\u2013-was-Unternehmertum-ausmacht_Organisator.jpg\",\"datePublished\":\"2023-06-30T05:34:53+00:00\",\"dateModified\":\"2023-07-04T11:42:56+00:00\",\"description\":\"Am 27. Oktober geht es am Schweizer KMU-Tag 2023 um das Thema \u00abKMU und Momentum \u2013 was Unternehmertum ausmacht\u00bb.\",\"breadcrumb\":{\"@id\":\"https:\\\/\\\/www.organisator.ch\\\/management\\\/2023-06-30\\\/kmu-tag-2023-kmu-und-momentum-was-unternehmertum-ausmacht\\\/#breadcrumb\"},\"inLanguage\":\"fr-FR\",\"potentialAction\":[{\"@type\":\"ReadAction\",\"target\":[\"https:\\\/\\\/www.organisator.ch\\\/management\\\/2023-06-30\\\/kmu-tag-2023-kmu-und-momentum-was-unternehmertum-ausmacht\\\/\"]}]},{\"@type\":\"ImageObject\",\"inLanguage\":\"fr-FR\",\"@id\":\"https:\\\/\\\/www.organisator.ch\\\/management\\\/2023-06-30\\\/kmu-tag-2023-kmu-und-momentum-was-unternehmertum-ausmacht\\\/#primaryimage\",\"url\":\"https:\\\/\\\/www.organisator.ch\\\/wp-content\\\/uploads\\\/2023\\\/06\\\/KMU-Tag-2023-KMU-und-Momentum-\u2013-was-Unternehmertum-ausmacht_Organisator.jpg\",\"contentUrl\":\"https:\\\/\\\/www.organisator.ch\\\/wp-content\\\/uploads\\\/2023\\\/06\\\/KMU-Tag-2023-KMU-und-Momentum-\u2013-was-Unternehmertum-ausmacht_Organisator.jpg\",\"width\":680,\"height\":422,\"caption\":\"Sie referieren und diskutieren am Schweizer KMU-Tag 2023: (oben von links nach rechts): Thomas Zurbuchen, Nicole B\u00fcttner, Tanja Zimmermann-Burgerstein, Til Zollinger, Tobias Wolf, Philomena Schwab, Bernhard Ehrenzeller, Katharina Lehmkuhl, Bernhard Heusler, Pascal Bieri, Claudio Minder, Arthur H. Honegger (Moderation) und Melusine Bliesener. (Foto pd)\"},{\"@type\":\"BreadcrumbList\",\"@id\":\"https:\\\/\\\/www.organisator.ch\\\/management\\\/2023-06-30\\\/kmu-tag-2023-kmu-und-momentum-was-unternehmertum-ausmacht\\\/#breadcrumb\",\"itemListElement\":[{\"@type\":\"ListItem\",\"position\":1,\"name\":\"Home\",\"item\":\"https:\\\/\\\/www.organisator.ch\\\/\"},{\"@type\":\"ListItem\",\"position\":2,\"name\":\"KMU-Tag 2023: KMU und Momentum \u2013 was Unternehmertum ausmacht\"}]},{\"@type\":\"WebSite\",\"@id\":\"https:\\\/\\\/www.organisator.ch\\\/#website\",\"url\":\"https:\\\/\\\/www.organisator.ch\\\/\",\"name\":\"Organisator\",\"description\":\"Kompetent. Praxisnah. Der ORGANISATOR bereitet in 10 Ausgaben pro Jahr die wesentlichen Themen f\u00fcr F\u00fchrungskr\u00e4fte von KMU auf.\",\"publisher\":{\"@id\":\"https:\\\/\\\/www.organisator.ch\\\/#organization\"},\"potentialAction\":[{\"@type\":\"SearchAction\",\"target\":{\"@type\":\"EntryPoint\",\"urlTemplate\":\"https:\\\/\\\/www.organisator.ch\\\/?s={search_term_string}\"},\"query-input\":{\"@type\":\"PropertyValueSpecification\",\"valueRequired\":true,\"valueName\":\"search_term_string\"}}],\"inLanguage\":\"fr-FR\"},{\"@type\":\"Organization\",\"@id\":\"https:\\\/\\\/www.organisator.ch\\\/#organization\",\"name\":\"Organisator\",\"url\":\"https:\\\/\\\/www.organisator.ch\\\/\",\"logo\":{\"@type\":\"ImageObject\",\"inLanguage\":\"fr-FR\",\"@id\":\"https:\\\/\\\/www.organisator.ch\\\/#\\\/schema\\\/logo\\\/image\\\/\",\"url\":\"https:\\\/\\\/www.organisator.ch\\\/wp-content\\\/uploads\\\/2022\\\/01\\\/Logo_Organisator_Website.png\",\"contentUrl\":\"https:\\\/\\\/www.organisator.ch\\\/wp-content\\\/uploads\\\/2022\\\/01\\\/Logo_Organisator_Website.png\",\"width\":800,\"height\":77,\"caption\":\"Organisator\"},\"image\":{\"@id\":\"https:\\\/\\\/www.organisator.ch\\\/#\\\/schema\\\/logo\\\/image\\\/\"},\"sameAs\":[\"https:\\\/\\\/www.facebook.com\\\/OrganisatorFachmagazin\",\"https:\\\/\\\/www.linkedin.com\\\/showcase\\\/organisator-das-magazin-fr-kmu\",\"https:\\\/\\\/www.xing.com\\\/news\\\/pages\\\/organisator-ch-695\",\"https:\\\/\\\/www.youtube.com\\\/channel\\\/UCGP2Sq0iWaZwT3BdIAQFYpw\"]},{\"@type\":\"Person\",\"@id\":\"https:\\\/\\\/www.organisator.ch\\\/#\\\/schema\\\/person\\\/6f650f90b2842cd4c0cc334b4e36f67e\",\"name\":\"thomas.berner\",\"image\":{\"@type\":\"ImageObject\",\"inLanguage\":\"fr-FR\",\"@id\":\"https:\\\/\\\/secure.gravatar.com\\\/avatar\\\/ac5001d2a36cb6c6cd3e50789007ffca834b477b74a2144564522e944eabff61?s=96&d=mm&r=g\",\"url\":\"https:\\\/\\\/secure.gravatar.com\\\/avatar\\\/ac5001d2a36cb6c6cd3e50789007ffca834b477b74a2144564522e944eabff61?s=96&d=mm&r=g\",\"contentUrl\":\"https:\\\/\\\/secure.gravatar.com\\\/avatar\\\/ac5001d2a36cb6c6cd3e50789007ffca834b477b74a2144564522e944eabff61?s=96&d=mm&r=g\",\"caption\":\"thomas.berner\"},\"url\":\"https:\\\/\\\/www.organisator.ch\\\/fr\\\/author\\\/thomas-berner\\\/\"}]}<\/script>\n<!-- \/ Yoast SEO plugin. -->","yoast_head_json":{"title":"Journ\u00e9e des PME 2023 : Les PME et le momentum - ce qui fait l'esprit d'entreprise - Organisateur","description":"Le 27 octobre, la Journ\u00e9e suisse des PME 2023 sera consacr\u00e9e au th\u00e8me \"PME et momentum - ce qui fait l'entrepreneuriat\".","robots":{"index":"index","follow":"follow","max-snippet":"max-snippet:-1","max-image-preview":"max-image-preview:large","max-video-preview":"max-video-preview:-1"},"canonical":"https:\/\/www.organisator.ch\/fr\/gestion-2\/2023-06-30\/kmu-tag-2023-kmu-und-momentum-was-unternehmertum-ausmacht\/","og_locale":"fr_FR","og_type":"article","og_title":"KMU-Tag 2023: KMU und Momentum \u2013 was Unternehmertum ausmacht","og_description":"Am 27. Oktober geht es am Schweizer KMU-Tag 2023 um das Thema \u00abKMU und Momentum \u2013 was Unternehmertum ausmacht\u00bb.","og_url":"https:\/\/www.organisator.ch\/fr\/gestion-2\/2023-06-30\/kmu-tag-2023-kmu-und-momentum-was-unternehmertum-ausmacht\/","og_site_name":"Organisator","article_publisher":"https:\/\/www.facebook.com\/OrganisatorFachmagazin","article_published_time":"2023-06-30T05:34:53+00:00","article_modified_time":"2023-07-04T11:42:56+00:00","og_image":[{"width":680,"height":422,"url":"https:\/\/www.organisator.ch\/wp-content\/uploads\/2023\/06\/KMU-Tag-2023-KMU-und-Momentum-\u2013-was-Unternehmertum-ausmacht_Organisator.jpg","type":"image\/jpeg"}],"author":"thomas.berner","twitter_card":"summary_large_image","twitter_title":"#KMU-Tag 2023: KMU und Momentum \u2013 was #Unternehmertum ausmacht","twitter_description":"Am 27. Oktober geht es am Schweizer #KMU-Tag 2023 um das Thema \u00abKMU und Momentum \u2013 was #Unternehmertum ausmacht\u00bb.","twitter_image":"https:\/\/www.organisator.ch\/wp-content\/uploads\/2023\/06\/KMU-Tag-2023-KMU-und-Momentum-\u2013-was-Unternehmertum-ausmacht_Organisator.jpg","schema":{"@context":"https:\/\/schema.org","@graph":[{"@type":"Article","@id":"https:\/\/www.organisator.ch\/management\/2023-06-30\/kmu-tag-2023-kmu-und-momentum-was-unternehmertum-ausmacht\/#article","isPartOf":{"@id":"https:\/\/www.organisator.ch\/management\/2023-06-30\/kmu-tag-2023-kmu-und-momentum-was-unternehmertum-ausmacht\/"},"author":{"name":"thomas.berner","@id":"https:\/\/www.organisator.ch\/#\/schema\/person\/6f650f90b2842cd4c0cc334b4e36f67e"},"headline":"KMU-Tag 2023: KMU und Momentum \u2013 was Unternehmertum ausmacht","datePublished":"2023-06-30T05:34:53+00:00","dateModified":"2023-07-04T11:42:56+00:00","mainEntityOfPage":{"@id":"https:\/\/www.organisator.ch\/management\/2023-06-30\/kmu-tag-2023-kmu-und-momentum-was-unternehmertum-ausmacht\/"},"wordCount":471,"publisher":{"@id":"https:\/\/www.organisator.ch\/#organization"},"image":{"@id":"https:\/\/www.organisator.ch\/management\/2023-06-30\/kmu-tag-2023-kmu-und-momentum-was-unternehmertum-ausmacht\/#primaryimage"},"thumbnailUrl":"https:\/\/www.organisator.ch\/wp-content\/uploads\/2023\/06\/KMU-Tag-2023-KMU-und-Momentum-\u2013-was-Unternehmertum-ausmacht_Organisator.jpg","keywords":["Fachkongress\/Fachmesse","KMU-Tag","Management und Unternehmensf\u00fchrung"],"articleSection":["MANAGEMENT"],"inLanguage":"fr-FR"},{"@type":"WebPage","@id":"https:\/\/www.organisator.ch\/management\/2023-06-30\/kmu-tag-2023-kmu-und-momentum-was-unternehmertum-ausmacht\/","url":"https:\/\/www.organisator.ch\/management\/2023-06-30\/kmu-tag-2023-kmu-und-momentum-was-unternehmertum-ausmacht\/","name":"Journ\u00e9e des PME 2023 : Les PME et le momentum - ce qui fait l'esprit d'entreprise - Organisateur","isPartOf":{"@id":"https:\/\/www.organisator.ch\/#website"},"primaryImageOfPage":{"@id":"https:\/\/www.organisator.ch\/management\/2023-06-30\/kmu-tag-2023-kmu-und-momentum-was-unternehmertum-ausmacht\/#primaryimage"},"image":{"@id":"https:\/\/www.organisator.ch\/management\/2023-06-30\/kmu-tag-2023-kmu-und-momentum-was-unternehmertum-ausmacht\/#primaryimage"},"thumbnailUrl":"https:\/\/www.organisator.ch\/wp-content\/uploads\/2023\/06\/KMU-Tag-2023-KMU-und-Momentum-\u2013-was-Unternehmertum-ausmacht_Organisator.jpg","datePublished":"2023-06-30T05:34:53+00:00","dateModified":"2023-07-04T11:42:56+00:00","description":"Le 27 octobre, la Journ\u00e9e suisse des PME 2023 sera consacr\u00e9e au th\u00e8me \"PME et momentum - ce qui fait l'entrepreneuriat\".","breadcrumb":{"@id":"https:\/\/www.organisator.ch\/management\/2023-06-30\/kmu-tag-2023-kmu-und-momentum-was-unternehmertum-ausmacht\/#breadcrumb"},"inLanguage":"fr-FR","potentialAction":[{"@type":"ReadAction","target":["https:\/\/www.organisator.ch\/management\/2023-06-30\/kmu-tag-2023-kmu-und-momentum-was-unternehmertum-ausmacht\/"]}]},{"@type":"ImageObject","inLanguage":"fr-FR","@id":"https:\/\/www.organisator.ch\/management\/2023-06-30\/kmu-tag-2023-kmu-und-momentum-was-unternehmertum-ausmacht\/#primaryimage","url":"https:\/\/www.organisator.ch\/wp-content\/uploads\/2023\/06\/KMU-Tag-2023-KMU-und-Momentum-\u2013-was-Unternehmertum-ausmacht_Organisator.jpg","contentUrl":"https:\/\/www.organisator.ch\/wp-content\/uploads\/2023\/06\/KMU-Tag-2023-KMU-und-Momentum-\u2013-was-Unternehmertum-ausmacht_Organisator.jpg","width":680,"height":422,"caption":"Sie referieren und diskutieren am Schweizer KMU-Tag 2023: (oben von links nach rechts): Thomas Zurbuchen, Nicole B\u00fcttner, Tanja Zimmermann-Burgerstein, Til Zollinger, Tobias Wolf, Philomena Schwab, Bernhard Ehrenzeller, Katharina Lehmkuhl, Bernhard Heusler, Pascal Bieri, Claudio Minder, Arthur H. Honegger (Moderation) und Melusine Bliesener. (Foto pd)"},{"@type":"BreadcrumbList","@id":"https:\/\/www.organisator.ch\/management\/2023-06-30\/kmu-tag-2023-kmu-und-momentum-was-unternehmertum-ausmacht\/#breadcrumb","itemListElement":[{"@type":"ListItem","position":1,"name":"Home","item":"https:\/\/www.organisator.ch\/"},{"@type":"ListItem","position":2,"name":"KMU-Tag 2023: KMU und Momentum \u2013 was Unternehmertum ausmacht"}]},{"@type":"WebSite","@id":"https:\/\/www.organisator.ch\/#website","url":"https:\/\/www.organisator.ch\/","name":"Organisateur","description":"Comp\u00e9tence et comp\u00e9tence. Proches de la pratique. L'ORGANISATEUR pr\u00e9pare 10 num\u00e9ros par an sur les th\u00e8mes essentiels pour les dirigeants de PME.","publisher":{"@id":"https:\/\/www.organisator.ch\/#organization"},"potentialAction":[{"@type":"SearchAction","target":{"@type":"EntryPoint","urlTemplate":"https:\/\/www.organisator.ch\/?s={search_term_string}"},"query-input":{"@type":"PropertyValueSpecification","valueRequired":true,"valueName":"search_term_string"}}],"inLanguage":"fr-FR"},{"@type":"Organization","@id":"https:\/\/www.organisator.ch\/#organization","name":"Organisateur","url":"https:\/\/www.organisator.ch\/","logo":{"@type":"ImageObject","inLanguage":"fr-FR","@id":"https:\/\/www.organisator.ch\/#\/schema\/logo\/image\/","url":"https:\/\/www.organisator.ch\/wp-content\/uploads\/2022\/01\/Logo_Organisator_Website.png","contentUrl":"https:\/\/www.organisator.ch\/wp-content\/uploads\/2022\/01\/Logo_Organisator_Website.png","width":800,"height":77,"caption":"Organisator"},"image":{"@id":"https:\/\/www.organisator.ch\/#\/schema\/logo\/image\/"},"sameAs":["https:\/\/www.facebook.com\/OrganisatorFachmagazin","https:\/\/www.linkedin.com\/showcase\/organisator-das-magazin-fr-kmu","https:\/\/www.xing.com\/news\/pages\/organisator-ch-695","https:\/\/www.youtube.com\/channel\/UCGP2Sq0iWaZwT3BdIAQFYpw"]},{"@type":"Person","@id":"https:\/\/www.organisator.ch\/#\/schema\/person\/6f650f90b2842cd4c0cc334b4e36f67e","name":"thomas.berner","image":{"@type":"ImageObject","inLanguage":"fr-FR","@id":"https:\/\/secure.gravatar.com\/avatar\/ac5001d2a36cb6c6cd3e50789007ffca834b477b74a2144564522e944eabff61?s=96&d=mm&r=g","url":"https:\/\/secure.gravatar.com\/avatar\/ac5001d2a36cb6c6cd3e50789007ffca834b477b74a2144564522e944eabff61?s=96&d=mm&r=g","contentUrl":"https:\/\/secure.gravatar.com\/avatar\/ac5001d2a36cb6c6cd3e50789007ffca834b477b74a2144564522e944eabff61?s=96&d=mm&r=g","caption":"thomas.berner"},"url":"https:\/\/www.organisator.ch\/fr\/author\/thomas-berner\/"}]}},"_links":{"self":[{"href":"https:\/\/www.organisator.ch\/fr\/wp-json\/wp\/v2\/posts\/20897","targetHints":{"allow":["GET"]}}],"collection":[{"href":"https:\/\/www.organisator.ch\/fr\/wp-json\/wp\/v2\/posts"}],"about":[{"href":"https:\/\/www.organisator.ch\/fr\/wp-json\/wp\/v2\/types\/post"}],"author":[{"embeddable":true,"href":"https:\/\/www.organisator.ch\/fr\/wp-json\/wp\/v2\/users\/4"}],"replies":[{"embeddable":true,"href":"https:\/\/www.organisator.ch\/fr\/wp-json\/wp\/v2\/comments?post=20897"}],"version-history":[{"count":1,"href":"https:\/\/www.organisator.ch\/fr\/wp-json\/wp\/v2\/posts\/20897\/revisions"}],"predecessor-version":[{"id":20899,"href":"https:\/\/www.organisator.ch\/fr\/wp-json\/wp\/v2\/posts\/20897\/revisions\/20899"}],"wp:featuredmedia":[{"embeddable":true,"href":"https:\/\/www.organisator.ch\/fr\/wp-json\/wp\/v2\/media\/20898"}],"wp:attachment":[{"href":"https:\/\/www.organisator.ch\/fr\/wp-json\/wp\/v2\/media?parent=20897"}],"wp:term":[{"taxonomy":"category","embeddable":true,"href":"https:\/\/www.organisator.ch\/fr\/wp-json\/wp\/v2\/categories?post=20897"},{"taxonomy":"post_tag","embeddable":true,"href":"https:\/\/www.organisator.ch\/fr\/wp-json\/wp\/v2\/tags?post=20897"}],"curies":[{"name":"wp","href":"https:\/\/api.w.org\/{rel}","templated":true}]}}