{"id":209,"date":"2016-02-09T14:34:42","date_gmt":"2016-02-09T13:34:42","guid":{"rendered":"https:\/\/dev.umweltperspektiven.ch\/?p=209"},"modified":"2022-02-09T11:06:59","modified_gmt":"2022-02-09T10:06:59","slug":"erster-emissionsstandard-fuer-flugzeuge","status":"publish","type":"post","link":"https:\/\/www.organisator.ch\/fr\/sustainability\/2016-02-09\/erster-emissionsstandard-fuer-flugzeuge\/","title":{"rendered":"Premi\u00e8re norme d'\u00e9mission pour les avions"},"content":{"rendered":"<figure id=\"attachment_210\" aria-describedby=\"caption-attachment-210\" style=\"width: 680px\" class=\"wp-caption alignnone\"><a href=\"\/\/dev.umweltperspektiven.ch\/wp-content\/uploads\/2016\/12\/Erster-Emissionsstandard-f\u00fcr-Flugzeuge-umweltperspektiven.jpg\"><img loading=\"lazy\" decoding=\"async\" class=\"wp-image-210 size-medium\" src=\"\/\/www.umweltperspektiven.ch\/wp-content\/uploads\/2016\/12\/Erster-Emissionsstandard-f\u00fcr-Flugzeuge-umweltperspektiven.jpg\" alt=\"Pour les nouveaux types d&#039;avions, la norme devrait d\u00e9j\u00e0 s&#039;appliquer \u00e0 partir de 2020.\" width=\"680\" height=\"454\" \/><\/a><figcaption id=\"caption-attachment-210\" class=\"wp-caption-text\">Pour les nouveaux types d'avions, la norme devrait d\u00e9j\u00e0 s'appliquer \u00e0 partir de 2020.<\/figcaption><\/figure>\n<p>Apr\u00e8s des ann\u00e9es de n\u00e9gociations, l'Organisation de l'aviation civile internationale (OACI) a fix\u00e9 pour la premi\u00e8re fois des valeurs limites d'\u00e9mission pour les avions. La nouvelle norme d'\u00e9mission doit s'appliquer aux nouveaux types d'avions d\u00e8s 2020, les nouvelles machines des types d'avions existants ont en revanche jusqu'\u00e0 2023 pour atteindre les valeurs limites. L'organisation recommande en outre d'arr\u00eater la production des types d'avions qui ne peuvent pas atteindre la valeur limite d'ici 2028.<\/p>\n<p>Les nouvelles limites ne s'appliquent toutefois pas aux avions d\u00e9j\u00e0 en service, ce que critiquent les organisations de protection de l'environnement. Les avis divergent \u00e9galement quant \u00e0 la quantit\u00e9 d'\u00e9missions qui pourra finalement \u00eatre \u00e9conomis\u00e9e.<\/p>\n<p>Les valeurs limites font partie d'une initiative globale de l'OACI visant \u00e0 atteindre une croissance neutre en carbone de l'aviation internationale d'ici 2020 ainsi qu'une am\u00e9lioration annuelle de l'efficacit\u00e9 des carburants de 2% d'ici 2050. La Suisse a \u00e9labor\u00e9 un plan d'action \u00e0 cet effet dans le cadre de sa strat\u00e9gie de d\u00e9veloppement durable.<\/p>","protected":false},"excerpt":{"rendered":"<p>Nach jahrelangen Verhandlungen hat die Internationale Zivilluftfahrt-Organisation ICAO erstmals Emissionsgrenzwerte f\u00fcr Flugzeuge festgelegt. Der neue Emissionsstandard soll f\u00fcr neue Flugzeugtypen bereits ab 2020 gelten, neue Maschinen bestehende Flugzeugtypen haben hingegen bis 2023 Zeit, die Grenzwerte zu erreichen. Die Organisation empfiehlt ausserdem, die Produktion von Flugzeugtypen, die den Grenzwert nicht erreichen k\u00f6nnen, bis 2028 einzustellen. F\u00fcr [&hellip;]<\/p>\n","protected":false},"author":1,"featured_media":9352,"comment_status":"open","ping_status":"open","sticky":false,"template":"","format":"standard","meta":{"_acf_changed":false,"_yoast_wpseo_focuskw":"Flugzeuge","_yoast_wpseo_metadesc":"Nach jahrelangen Verhandlungen hat die Internationale Zivilluftfahrt-Organisation ICAO erstmals Emissionsgrenzwerte f\u00fcr Flugzeuge festgelegt.","articlekey":"","footnotes":""},"categories":[580],"tags":[928,1047,300,1652,2189],"class_list":["post-209","post","type-post","status-publish","format-standard","has-post-thumbnail","hentry","category-sustainability","tag-co2","tag-emissionen","tag-klimaschutz","tag-luftverkehr","tag-standard"],"acf":[],"yoast_head":"<!-- This site is optimized with the Yoast SEO plugin v27.4 - https:\/\/yoast.com\/product\/yoast-seo-wordpress\/ -->\n<title>Erster Emissionsstandard f\u00fcr Flugzeuge - Organisator<\/title>\n<meta name=\"description\" content=\"Nach jahrelangen Verhandlungen hat die Internationale Zivilluftfahrt-Organisation ICAO erstmals Emissionsgrenzwerte f\u00fcr Flugzeuge festgelegt.\" \/>\n<meta name=\"robots\" content=\"index, follow, max-snippet:-1, max-image-preview:large, max-video-preview:-1\" \/>\n<link rel=\"canonical\" href=\"https:\/\/www.organisator.ch\/fr\/sustainability\/2016-02-09\/erster-emissionsstandard-fuer-flugzeuge\/\" \/>\n<meta property=\"og:locale\" content=\"fr_FR\" \/>\n<meta property=\"og:type\" content=\"article\" \/>\n<meta property=\"og:title\" content=\"Erster Emissionsstandard f\u00fcr Flugzeuge - Organisator\" \/>\n<meta property=\"og:description\" content=\"Nach jahrelangen Verhandlungen hat die Internationale Zivilluftfahrt-Organisation ICAO erstmals Emissionsgrenzwerte f\u00fcr Flugzeuge festgelegt.\" \/>\n<meta property=\"og:url\" content=\"https:\/\/www.organisator.ch\/fr\/sustainability\/2016-02-09\/erster-emissionsstandard-fuer-flugzeuge\/\" \/>\n<meta property=\"og:site_name\" content=\"Organisator\" \/>\n<meta property=\"article:publisher\" content=\"https:\/\/www.facebook.com\/OrganisatorFachmagazin\" \/>\n<meta property=\"article:published_time\" content=\"2016-02-09T13:34:42+00:00\" \/>\n<meta property=\"article:modified_time\" content=\"2022-02-09T10:06:59+00:00\" \/>\n<meta property=\"og:image\" content=\"https:\/\/www.organisator.ch\/wp-content\/uploads\/2016\/12\/Erster-Emissionsstandard-fuer-Flugzeuge-umweltperspektiven.jpg\" \/>\n\t<meta property=\"og:image:width\" content=\"1000\" \/>\n\t<meta property=\"og:image:height\" content=\"667\" \/>\n\t<meta property=\"og:image:type\" content=\"image\/jpeg\" \/>\n<meta name=\"author\" content=\"admin\" \/>\n<meta name=\"twitter:card\" content=\"summary_large_image\" \/>\n<script type=\"application\/ld+json\" class=\"yoast-schema-graph\">{\"@context\":\"https:\\\/\\\/schema.org\",\"@graph\":[{\"@type\":\"Article\",\"@id\":\"https:\\\/\\\/www.organisator.ch\\\/sustainability\\\/2016-02-09\\\/erster-emissionsstandard-fuer-flugzeuge\\\/#article\",\"isPartOf\":{\"@id\":\"https:\\\/\\\/www.organisator.ch\\\/sustainability\\\/2016-02-09\\\/erster-emissionsstandard-fuer-flugzeuge\\\/\"},\"author\":{\"name\":\"admin\",\"@id\":\"https:\\\/\\\/www.organisator.ch\\\/#\\\/schema\\\/person\\\/aa2bace6c5c5aad60102004a50c4eb1c\"},\"headline\":\"Erster Emissionsstandard f\u00fcr Flugzeuge\",\"datePublished\":\"2016-02-09T13:34:42+00:00\",\"dateModified\":\"2022-02-09T10:06:59+00:00\",\"mainEntityOfPage\":{\"@id\":\"https:\\\/\\\/www.organisator.ch\\\/sustainability\\\/2016-02-09\\\/erster-emissionsstandard-fuer-flugzeuge\\\/\"},\"wordCount\":149,\"commentCount\":0,\"publisher\":{\"@id\":\"https:\\\/\\\/www.organisator.ch\\\/#organization\"},\"image\":{\"@id\":\"https:\\\/\\\/www.organisator.ch\\\/sustainability\\\/2016-02-09\\\/erster-emissionsstandard-fuer-flugzeuge\\\/#primaryimage\"},\"thumbnailUrl\":\"https:\\\/\\\/www.organisator.ch\\\/wp-content\\\/uploads\\\/2016\\\/12\\\/Erster-Emissionsstandard-fuer-Flugzeuge-umweltperspektiven.jpg\",\"keywords\":[\"CO2\",\"Emissionen\",\"Klimaschutz\",\"Luftverkehr\",\"Standard\"],\"articleSection\":[\"SUSTAINABILITY\"],\"inLanguage\":\"fr-FR\"},{\"@type\":\"WebPage\",\"@id\":\"https:\\\/\\\/www.organisator.ch\\\/sustainability\\\/2016-02-09\\\/erster-emissionsstandard-fuer-flugzeuge\\\/\",\"url\":\"https:\\\/\\\/www.organisator.ch\\\/sustainability\\\/2016-02-09\\\/erster-emissionsstandard-fuer-flugzeuge\\\/\",\"name\":\"Erster Emissionsstandard f\u00fcr Flugzeuge - Organisator\",\"isPartOf\":{\"@id\":\"https:\\\/\\\/www.organisator.ch\\\/#website\"},\"primaryImageOfPage\":{\"@id\":\"https:\\\/\\\/www.organisator.ch\\\/sustainability\\\/2016-02-09\\\/erster-emissionsstandard-fuer-flugzeuge\\\/#primaryimage\"},\"image\":{\"@id\":\"https:\\\/\\\/www.organisator.ch\\\/sustainability\\\/2016-02-09\\\/erster-emissionsstandard-fuer-flugzeuge\\\/#primaryimage\"},\"thumbnailUrl\":\"https:\\\/\\\/www.organisator.ch\\\/wp-content\\\/uploads\\\/2016\\\/12\\\/Erster-Emissionsstandard-fuer-Flugzeuge-umweltperspektiven.jpg\",\"datePublished\":\"2016-02-09T13:34:42+00:00\",\"dateModified\":\"2022-02-09T10:06:59+00:00\",\"description\":\"Nach jahrelangen Verhandlungen hat die Internationale Zivilluftfahrt-Organisation ICAO erstmals Emissionsgrenzwerte f\u00fcr Flugzeuge festgelegt.\",\"breadcrumb\":{\"@id\":\"https:\\\/\\\/www.organisator.ch\\\/sustainability\\\/2016-02-09\\\/erster-emissionsstandard-fuer-flugzeuge\\\/#breadcrumb\"},\"inLanguage\":\"fr-FR\",\"potentialAction\":[{\"@type\":\"ReadAction\",\"target\":[\"https:\\\/\\\/www.organisator.ch\\\/sustainability\\\/2016-02-09\\\/erster-emissionsstandard-fuer-flugzeuge\\\/\"]}]},{\"@type\":\"ImageObject\",\"inLanguage\":\"fr-FR\",\"@id\":\"https:\\\/\\\/www.organisator.ch\\\/sustainability\\\/2016-02-09\\\/erster-emissionsstandard-fuer-flugzeuge\\\/#primaryimage\",\"url\":\"https:\\\/\\\/www.organisator.ch\\\/wp-content\\\/uploads\\\/2016\\\/12\\\/Erster-Emissionsstandard-fuer-Flugzeuge-umweltperspektiven.jpg\",\"contentUrl\":\"https:\\\/\\\/www.organisator.ch\\\/wp-content\\\/uploads\\\/2016\\\/12\\\/Erster-Emissionsstandard-fuer-Flugzeuge-umweltperspektiven.jpg\",\"width\":1000,\"height\":667,\"caption\":\"F\u00fcr neue Flugzeugtypen soll der Standard bereits ab dem Jahr 2020 gelten.\"},{\"@type\":\"BreadcrumbList\",\"@id\":\"https:\\\/\\\/www.organisator.ch\\\/sustainability\\\/2016-02-09\\\/erster-emissionsstandard-fuer-flugzeuge\\\/#breadcrumb\",\"itemListElement\":[{\"@type\":\"ListItem\",\"position\":1,\"name\":\"Home\",\"item\":\"https:\\\/\\\/www.organisator.ch\\\/\"},{\"@type\":\"ListItem\",\"position\":2,\"name\":\"Erster Emissionsstandard f\u00fcr Flugzeuge\"}]},{\"@type\":\"WebSite\",\"@id\":\"https:\\\/\\\/www.organisator.ch\\\/#website\",\"url\":\"https:\\\/\\\/www.organisator.ch\\\/\",\"name\":\"Organisator\",\"description\":\"Kompetent. Praxisnah. Der ORGANISATOR bereitet in 10 Ausgaben pro Jahr die wesentlichen Themen f\u00fcr F\u00fchrungskr\u00e4fte von KMU auf.\",\"publisher\":{\"@id\":\"https:\\\/\\\/www.organisator.ch\\\/#organization\"},\"potentialAction\":[{\"@type\":\"SearchAction\",\"target\":{\"@type\":\"EntryPoint\",\"urlTemplate\":\"https:\\\/\\\/www.organisator.ch\\\/?s={search_term_string}\"},\"query-input\":{\"@type\":\"PropertyValueSpecification\",\"valueRequired\":true,\"valueName\":\"search_term_string\"}}],\"inLanguage\":\"fr-FR\"},{\"@type\":\"Organization\",\"@id\":\"https:\\\/\\\/www.organisator.ch\\\/#organization\",\"name\":\"Organisator\",\"url\":\"https:\\\/\\\/www.organisator.ch\\\/\",\"logo\":{\"@type\":\"ImageObject\",\"inLanguage\":\"fr-FR\",\"@id\":\"https:\\\/\\\/www.organisator.ch\\\/#\\\/schema\\\/logo\\\/image\\\/\",\"url\":\"https:\\\/\\\/www.organisator.ch\\\/wp-content\\\/uploads\\\/2022\\\/01\\\/Logo_Organisator_Website.png\",\"contentUrl\":\"https:\\\/\\\/www.organisator.ch\\\/wp-content\\\/uploads\\\/2022\\\/01\\\/Logo_Organisator_Website.png\",\"width\":800,\"height\":77,\"caption\":\"Organisator\"},\"image\":{\"@id\":\"https:\\\/\\\/www.organisator.ch\\\/#\\\/schema\\\/logo\\\/image\\\/\"},\"sameAs\":[\"https:\\\/\\\/www.facebook.com\\\/OrganisatorFachmagazin\",\"https:\\\/\\\/www.linkedin.com\\\/showcase\\\/organisator-das-magazin-fr-kmu\",\"https:\\\/\\\/www.xing.com\\\/news\\\/pages\\\/organisator-ch-695\",\"https:\\\/\\\/www.youtube.com\\\/channel\\\/UCGP2Sq0iWaZwT3BdIAQFYpw\"]},{\"@type\":\"Person\",\"@id\":\"https:\\\/\\\/www.organisator.ch\\\/#\\\/schema\\\/person\\\/aa2bace6c5c5aad60102004a50c4eb1c\",\"name\":\"admin\",\"image\":{\"@type\":\"ImageObject\",\"inLanguage\":\"fr-FR\",\"@id\":\"https:\\\/\\\/secure.gravatar.com\\\/avatar\\\/ae2f4d718e6c49043e314ce431e7e645d646302a24a5ef5a8bc8e3f5a032e319?s=96&d=mm&r=g\",\"url\":\"https:\\\/\\\/secure.gravatar.com\\\/avatar\\\/ae2f4d718e6c49043e314ce431e7e645d646302a24a5ef5a8bc8e3f5a032e319?s=96&d=mm&r=g\",\"contentUrl\":\"https:\\\/\\\/secure.gravatar.com\\\/avatar\\\/ae2f4d718e6c49043e314ce431e7e645d646302a24a5ef5a8bc8e3f5a032e319?s=96&d=mm&r=g\",\"caption\":\"admin\"},\"sameAs\":[\"https:\\\/\\\/www.organisator.ch\"],\"url\":\"https:\\\/\\\/www.organisator.ch\\\/fr\\\/author\\\/admin\\\/\"}]}<\/script>\n<!-- \/ Yoast SEO plugin. -->","yoast_head_json":{"title":"Premi\u00e8re norme d'\u00e9mission pour les avions - Organisateur","description":"Apr\u00e8s des ann\u00e9es de n\u00e9gociations, l'Organisation de l'aviation civile internationale (OACI) a fix\u00e9 pour la premi\u00e8re fois des valeurs limites d'\u00e9mission pour les avions.","robots":{"index":"index","follow":"follow","max-snippet":"max-snippet:-1","max-image-preview":"max-image-preview:large","max-video-preview":"max-video-preview:-1"},"canonical":"https:\/\/www.organisator.ch\/fr\/sustainability\/2016-02-09\/erster-emissionsstandard-fuer-flugzeuge\/","og_locale":"fr_FR","og_type":"article","og_title":"Erster Emissionsstandard f\u00fcr Flugzeuge - Organisator","og_description":"Nach jahrelangen Verhandlungen hat die Internationale Zivilluftfahrt-Organisation ICAO erstmals Emissionsgrenzwerte f\u00fcr Flugzeuge festgelegt.","og_url":"https:\/\/www.organisator.ch\/fr\/sustainability\/2016-02-09\/erster-emissionsstandard-fuer-flugzeuge\/","og_site_name":"Organisator","article_publisher":"https:\/\/www.facebook.com\/OrganisatorFachmagazin","article_published_time":"2016-02-09T13:34:42+00:00","article_modified_time":"2022-02-09T10:06:59+00:00","og_image":[{"width":1000,"height":667,"url":"https:\/\/www.organisator.ch\/wp-content\/uploads\/2016\/12\/Erster-Emissionsstandard-fuer-Flugzeuge-umweltperspektiven.jpg","type":"image\/jpeg"}],"author":"admin","twitter_card":"summary_large_image","schema":{"@context":"https:\/\/schema.org","@graph":[{"@type":"Article","@id":"https:\/\/www.organisator.ch\/sustainability\/2016-02-09\/erster-emissionsstandard-fuer-flugzeuge\/#article","isPartOf":{"@id":"https:\/\/www.organisator.ch\/sustainability\/2016-02-09\/erster-emissionsstandard-fuer-flugzeuge\/"},"author":{"name":"admin","@id":"https:\/\/www.organisator.ch\/#\/schema\/person\/aa2bace6c5c5aad60102004a50c4eb1c"},"headline":"Erster Emissionsstandard f\u00fcr Flugzeuge","datePublished":"2016-02-09T13:34:42+00:00","dateModified":"2022-02-09T10:06:59+00:00","mainEntityOfPage":{"@id":"https:\/\/www.organisator.ch\/sustainability\/2016-02-09\/erster-emissionsstandard-fuer-flugzeuge\/"},"wordCount":149,"commentCount":0,"publisher":{"@id":"https:\/\/www.organisator.ch\/#organization"},"image":{"@id":"https:\/\/www.organisator.ch\/sustainability\/2016-02-09\/erster-emissionsstandard-fuer-flugzeuge\/#primaryimage"},"thumbnailUrl":"https:\/\/www.organisator.ch\/wp-content\/uploads\/2016\/12\/Erster-Emissionsstandard-fuer-Flugzeuge-umweltperspektiven.jpg","keywords":["CO2","Emissionen","Klimaschutz","Luftverkehr","Standard"],"articleSection":["SUSTAINABILITY"],"inLanguage":"fr-FR"},{"@type":"WebPage","@id":"https:\/\/www.organisator.ch\/sustainability\/2016-02-09\/erster-emissionsstandard-fuer-flugzeuge\/","url":"https:\/\/www.organisator.ch\/sustainability\/2016-02-09\/erster-emissionsstandard-fuer-flugzeuge\/","name":"Premi\u00e8re norme d'\u00e9mission pour les avions - Organisateur","isPartOf":{"@id":"https:\/\/www.organisator.ch\/#website"},"primaryImageOfPage":{"@id":"https:\/\/www.organisator.ch\/sustainability\/2016-02-09\/erster-emissionsstandard-fuer-flugzeuge\/#primaryimage"},"image":{"@id":"https:\/\/www.organisator.ch\/sustainability\/2016-02-09\/erster-emissionsstandard-fuer-flugzeuge\/#primaryimage"},"thumbnailUrl":"https:\/\/www.organisator.ch\/wp-content\/uploads\/2016\/12\/Erster-Emissionsstandard-fuer-Flugzeuge-umweltperspektiven.jpg","datePublished":"2016-02-09T13:34:42+00:00","dateModified":"2022-02-09T10:06:59+00:00","description":"Apr\u00e8s des ann\u00e9es de n\u00e9gociations, l'Organisation de l'aviation civile internationale (OACI) a fix\u00e9 pour la premi\u00e8re fois des valeurs limites d'\u00e9mission pour les avions.","breadcrumb":{"@id":"https:\/\/www.organisator.ch\/sustainability\/2016-02-09\/erster-emissionsstandard-fuer-flugzeuge\/#breadcrumb"},"inLanguage":"fr-FR","potentialAction":[{"@type":"ReadAction","target":["https:\/\/www.organisator.ch\/sustainability\/2016-02-09\/erster-emissionsstandard-fuer-flugzeuge\/"]}]},{"@type":"ImageObject","inLanguage":"fr-FR","@id":"https:\/\/www.organisator.ch\/sustainability\/2016-02-09\/erster-emissionsstandard-fuer-flugzeuge\/#primaryimage","url":"https:\/\/www.organisator.ch\/wp-content\/uploads\/2016\/12\/Erster-Emissionsstandard-fuer-Flugzeuge-umweltperspektiven.jpg","contentUrl":"https:\/\/www.organisator.ch\/wp-content\/uploads\/2016\/12\/Erster-Emissionsstandard-fuer-Flugzeuge-umweltperspektiven.jpg","width":1000,"height":667,"caption":"F\u00fcr neue Flugzeugtypen soll der Standard bereits ab dem Jahr 2020 gelten."},{"@type":"BreadcrumbList","@id":"https:\/\/www.organisator.ch\/sustainability\/2016-02-09\/erster-emissionsstandard-fuer-flugzeuge\/#breadcrumb","itemListElement":[{"@type":"ListItem","position":1,"name":"Home","item":"https:\/\/www.organisator.ch\/"},{"@type":"ListItem","position":2,"name":"Erster Emissionsstandard f\u00fcr Flugzeuge"}]},{"@type":"WebSite","@id":"https:\/\/www.organisator.ch\/#website","url":"https:\/\/www.organisator.ch\/","name":"Organisateur","description":"Comp\u00e9tence et comp\u00e9tence. Proches de la pratique. L'ORGANISATEUR pr\u00e9pare 10 num\u00e9ros par an sur les th\u00e8mes essentiels pour les dirigeants de PME.","publisher":{"@id":"https:\/\/www.organisator.ch\/#organization"},"potentialAction":[{"@type":"SearchAction","target":{"@type":"EntryPoint","urlTemplate":"https:\/\/www.organisator.ch\/?s={search_term_string}"},"query-input":{"@type":"PropertyValueSpecification","valueRequired":true,"valueName":"search_term_string"}}],"inLanguage":"fr-FR"},{"@type":"Organization","@id":"https:\/\/www.organisator.ch\/#organization","name":"Organisateur","url":"https:\/\/www.organisator.ch\/","logo":{"@type":"ImageObject","inLanguage":"fr-FR","@id":"https:\/\/www.organisator.ch\/#\/schema\/logo\/image\/","url":"https:\/\/www.organisator.ch\/wp-content\/uploads\/2022\/01\/Logo_Organisator_Website.png","contentUrl":"https:\/\/www.organisator.ch\/wp-content\/uploads\/2022\/01\/Logo_Organisator_Website.png","width":800,"height":77,"caption":"Organisator"},"image":{"@id":"https:\/\/www.organisator.ch\/#\/schema\/logo\/image\/"},"sameAs":["https:\/\/www.facebook.com\/OrganisatorFachmagazin","https:\/\/www.linkedin.com\/showcase\/organisator-das-magazin-fr-kmu","https:\/\/www.xing.com\/news\/pages\/organisator-ch-695","https:\/\/www.youtube.com\/channel\/UCGP2Sq0iWaZwT3BdIAQFYpw"]},{"@type":"Person","@id":"https:\/\/www.organisator.ch\/#\/schema\/person\/aa2bace6c5c5aad60102004a50c4eb1c","name":"admin","image":{"@type":"ImageObject","inLanguage":"fr-FR","@id":"https:\/\/secure.gravatar.com\/avatar\/ae2f4d718e6c49043e314ce431e7e645d646302a24a5ef5a8bc8e3f5a032e319?s=96&d=mm&r=g","url":"https:\/\/secure.gravatar.com\/avatar\/ae2f4d718e6c49043e314ce431e7e645d646302a24a5ef5a8bc8e3f5a032e319?s=96&d=mm&r=g","contentUrl":"https:\/\/secure.gravatar.com\/avatar\/ae2f4d718e6c49043e314ce431e7e645d646302a24a5ef5a8bc8e3f5a032e319?s=96&d=mm&r=g","caption":"admin"},"sameAs":["https:\/\/www.organisator.ch"],"url":"https:\/\/www.organisator.ch\/fr\/author\/admin\/"}]}},"_links":{"self":[{"href":"https:\/\/www.organisator.ch\/fr\/wp-json\/wp\/v2\/posts\/209","targetHints":{"allow":["GET"]}}],"collection":[{"href":"https:\/\/www.organisator.ch\/fr\/wp-json\/wp\/v2\/posts"}],"about":[{"href":"https:\/\/www.organisator.ch\/fr\/wp-json\/wp\/v2\/types\/post"}],"author":[{"embeddable":true,"href":"https:\/\/www.organisator.ch\/fr\/wp-json\/wp\/v2\/users\/1"}],"replies":[{"embeddable":true,"href":"https:\/\/www.organisator.ch\/fr\/wp-json\/wp\/v2\/comments?post=209"}],"version-history":[{"count":1,"href":"https:\/\/www.organisator.ch\/fr\/wp-json\/wp\/v2\/posts\/209\/revisions"}],"predecessor-version":[{"id":10762,"href":"https:\/\/www.organisator.ch\/fr\/wp-json\/wp\/v2\/posts\/209\/revisions\/10762"}],"wp:featuredmedia":[{"embeddable":true,"href":"https:\/\/www.organisator.ch\/fr\/wp-json\/wp\/v2\/media\/9352"}],"wp:attachment":[{"href":"https:\/\/www.organisator.ch\/fr\/wp-json\/wp\/v2\/media?parent=209"}],"wp:term":[{"taxonomy":"category","embeddable":true,"href":"https:\/\/www.organisator.ch\/fr\/wp-json\/wp\/v2\/categories?post=209"},{"taxonomy":"post_tag","embeddable":true,"href":"https:\/\/www.organisator.ch\/fr\/wp-json\/wp\/v2\/tags?post=209"}],"curies":[{"name":"wp","href":"https:\/\/api.w.org\/{rel}","templated":true}]}}