{"id":20900,"date":"2023-06-30T09:45:24","date_gmt":"2023-06-30T07:45:24","guid":{"rendered":"https:\/\/www.organisator.ch\/?p=20900"},"modified":"2023-06-30T09:45:24","modified_gmt":"2023-06-30T07:45:24","slug":"energiespeicher-und-die-rolle-von-wasserstoff","status":"publish","type":"post","link":"https:\/\/www.organisator.ch\/fr\/sustainability\/2023-06-30\/energiespeicher-und-die-rolle-von-wasserstoff\/","title":{"rendered":"Le stockage de l'\u00e9nergie et le r\u00f4le de l'hydrog\u00e8ne"},"content":{"rendered":"<figure id=\"attachment_20901\" aria-describedby=\"caption-attachment-20901\" style=\"width: 680px\" class=\"wp-caption alignnone\"><img loading=\"lazy\" decoding=\"async\" class=\"size-full wp-image-20901\" src=\"https:\/\/www.organisator.ch\/wp-content\/uploads\/2023\/06\/Energiespeicher-und-die-Rolle-von-Wasserstoff_Organisator.jpg\" alt=\"\" width=\"680\" height=\"434\" srcset=\"https:\/\/www.organisator.ch\/wp-content\/uploads\/2023\/06\/Energiespeicher-und-die-Rolle-von-Wasserstoff_Organisator.jpg 680w, https:\/\/www.organisator.ch\/wp-content\/uploads\/2023\/06\/Energiespeicher-und-die-Rolle-von-Wasserstoff_Organisator-18x12.jpg 18w, https:\/\/www.organisator.ch\/wp-content\/uploads\/2023\/06\/Energiespeicher-und-die-Rolle-von-Wasserstoff_Organisator-375x239.jpg 375w, https:\/\/www.organisator.ch\/wp-content\/uploads\/2023\/06\/Energiespeicher-und-die-Rolle-von-Wasserstoff_Organisator-548x350.jpg 548w\" sizes=\"auto, (max-width: 680px) 100vw, 680px\" \/><figcaption id=\"caption-attachment-20901\" class=\"wp-caption-text\">Installation de production de H2 directement \u00e0 c\u00f4t\u00e9 d'une centrale hydro\u00e9lectrique d'Alpiq. (Image : H2 Energy)<\/figcaption><\/figure>\n<p>\"Pour le tournant \u00e9nerg\u00e9tique, l'interaction entre les diff\u00e9rentes technologies et le stockage saisonnier de l'\u00e9nergie est centrale\", telle est la conclusion \u00e0 laquelle est parvenu le Dr Gianfranco Guidati, directeur adjoint de l'Energy Science Center de l'ETH Zurich, dans le cadre de la table ronde du Forum suisse pour le stockage de l'\u00e9nergie (FESS). Il faut toutefois \u00e9viter \u00e0 tout prix de trop se focaliser sur la Suisse : \"Une strat\u00e9gie nette z\u00e9ro optimale de la Suisse doit \u00e9galement tenir compte des \u00e9changes d'\u00e9nergie avec nos voisins\", explique Guidati.<\/p>\n<h3>Penser europ\u00e9en et pas seulement suisse<\/h3>\n<p>Philipp Dietrich, CTO chez H2 Energy AG, a lui aussi clairement exprim\u00e9 cette position. Selon lui, le syst\u00e8me \u00e9nerg\u00e9tique ne doit pas \u00eatre pens\u00e9 et planifi\u00e9 \u00e0 l'\u00e9chelle suisse, mais europ\u00e9enne. Et pour le transport de l'\u00e9nergie, l'hydrog\u00e8ne sera un \u00e9l\u00e9ment cl\u00e9 : \"L'hydrog\u00e8ne est une technologie cl\u00e9 pour la d\u00e9carbonisation\". Aujourd'hui d\u00e9j\u00e0, l'hydrog\u00e8ne contribue concr\u00e8tement \u00e0 la protection du climat en Suisse. Ainsi, les 47 camions \u00e0 hydrog\u00e8ne soutenus par H2 Energy AG en collaboration avec des partenaires ont permis d'\u00e9conomiser environ 4000 tonnes de CO2.<\/p>\n<p>Daniela Decurtins, directrice de l'Association suisse de l'industrie gazi\u00e8re (ASIG), a \u00e9galement soulign\u00e9 l'importance de la connexion au syst\u00e8me \u00e9nerg\u00e9tique europ\u00e9en : \"La relation institutionnelle non clarifi\u00e9e avec l'UE cr\u00e9e \u00e9galement des incertitudes dans le domaine du gaz\". Selon elle, la Suisse doit absolument s'assurer qu'elle reste connect\u00e9e \u00e0 l'infrastructure \u00e9nerg\u00e9tique europ\u00e9enne. De plus, le secteur du gaz - y compris l'hydrog\u00e8ne - est confront\u00e9 au d\u00e9fi que l'accent est trop fortement mis sur le secteur de l'\u00e9lectricit\u00e9, en particulier par les politiques. De mani\u00e8re g\u00e9n\u00e9rale, l'approvisionnement en gaz de la Suisse n'est que faiblement r\u00e9glement\u00e9, ce qui concerne \u00e9galement la promotion des gaz renouvelables. De m\u00eame, il manque toujours une strat\u00e9gie nationale pour l'hydrog\u00e8ne. Dans ces domaines, la directrice de l'ASIG estime que la politique doit agir.<\/p>\n<h3>L'hydrog\u00e8ne dans la logistique<\/h3>\n<p>Un autre point du programme de la table ronde FESS a \u00e9t\u00e9 les explications claires de Felix Felder, chef de flotte de Galliker Transport AG, \u00e0 l'aide d'un camion fonctionnant \u00e0 l'hydrog\u00e8ne. Galliker Transport AG utilise des camions \u00e0 hydrog\u00e8ne, qui fonctionnent \u00e0 l'hydrog\u00e8ne vert et ne rejettent que de la vapeur d'eau, ce qui leur permet de rouler de mani\u00e8re totalement neutre en termes de CO2.<\/p>\n<p>La table ronde a \u00e9t\u00e9 anim\u00e9e par Thomas Nordmann en sa qualit\u00e9 de porte-parole de la FESS pour l'\u00e9conomie. Le professeur Frank Krysiak de l'Universit\u00e9 de B\u00e2le a \u00e9galement apport\u00e9 son expertise et r\u00e9pondu aux questions pour une table ronde passionnante. Krysiak est le porte-parole de la FESS pour la science.<\/p>\n<p><em>Source : <a href=\"http:\/\/www.aeesuisse.ch\">aeesuisse<\/a><\/em><\/p>","protected":false},"excerpt":{"rendered":"<p>L'importance du stockage de l'\u00e9nergie pour un approvisionnement \u00e9nerg\u00e9tique renouvelable et \u00e9conomique n'est plus \u00e0 d\u00e9montrer. Des experts issus des milieux scientifiques et \u00e9conomiques ont discut\u00e9, dans le cadre de la table ronde du Forum suisse du stockage de l'\u00e9nergie, des technologies de stockage \u00e0 mettre en \u0153uvre et de leurs applications, ainsi que du r\u00f4le de l'hydrog\u00e8ne dans la transition \u00e9nerg\u00e9tique en g\u00e9n\u00e9ral et en tant que moyen de stockage de l'\u00e9nergie en particulier. <\/p>","protected":false},"author":4,"featured_media":0,"comment_status":"closed","ping_status":"closed","sticky":false,"template":"","format":"standard","meta":{"_acf_changed":false,"_yoast_wpseo_focuskw":"Energiespeicher","_yoast_wpseo_metadesc":"Welche Rolle Wasserstoff als Energiespeicher spielt, diskutierten Expertinnen und Experten im Rahmen eines Roundtables.","articlekey":"","footnotes":""},"categories":[580],"tags":[1083,358,2524],"class_list":["post-20900","post","type-post","status-publish","format-standard","hentry","category-sustainability","tag-energiespeicher","tag-nachhaltige-wirtschaft","tag-wasserstoff"],"acf":[],"yoast_head":"<!-- This site is optimized with the Yoast SEO plugin v27.5 - https:\/\/yoast.com\/product\/yoast-seo-wordpress\/ -->\n<title>Energiespeicher und die Rolle von Wasserstoff - Organisator<\/title>\n<meta name=\"description\" content=\"Welche Rolle Wasserstoff als Energiespeicher spielt, diskutierten Expertinnen und Experten im Rahmen eines Roundtables.\" \/>\n<meta name=\"robots\" content=\"index, follow, max-snippet:-1, max-image-preview:large, max-video-preview:-1\" \/>\n<link rel=\"canonical\" href=\"https:\/\/www.organisator.ch\/fr\/sustainability\/2023-06-30\/energiespeicher-und-die-rolle-von-wasserstoff\/\" \/>\n<meta property=\"og:locale\" content=\"fr_FR\" \/>\n<meta property=\"og:type\" content=\"article\" \/>\n<meta property=\"og:title\" content=\"Energiespeicher und die Rolle von Wasserstoff\" \/>\n<meta property=\"og:description\" content=\"Welche Rolle Wasserstoff als Energiespeicher spielt, diskutierten Expertinnen und Experten im Rahmen eines Roundtables.\" \/>\n<meta property=\"og:url\" content=\"https:\/\/www.organisator.ch\/fr\/sustainability\/2023-06-30\/energiespeicher-und-die-rolle-von-wasserstoff\/\" \/>\n<meta property=\"og:site_name\" content=\"Organisator\" \/>\n<meta property=\"article:publisher\" content=\"https:\/\/www.facebook.com\/OrganisatorFachmagazin\" \/>\n<meta property=\"article:published_time\" content=\"2023-06-30T07:45:24+00:00\" \/>\n<meta property=\"og:image\" content=\"https:\/\/www.organisator.ch\/wp-content\/uploads\/2023\/06\/Energiespeicher-und-die-Rolle-von-Wasserstoff_Organisator.jpg\" \/>\n\t<meta property=\"og:image:width\" content=\"680\" \/>\n\t<meta property=\"og:image:height\" content=\"434\" \/>\n\t<meta property=\"og:image:type\" content=\"image\/jpeg\" \/>\n<meta name=\"author\" content=\"thomas.berner\" \/>\n<meta name=\"twitter:card\" content=\"summary_large_image\" \/>\n<meta name=\"twitter:title\" content=\"#Energiespeicher und die Rolle von #Wasserstoff\" \/>\n<meta name=\"twitter:description\" content=\"Welche Rolle #Wasserstoff als #Energiespeicher spielt, diskutierten Expertinnen und Experten im Rahmen eines #Roundtables.\" \/>\n<meta name=\"twitter:image\" content=\"https:\/\/www.organisator.ch\/wp-content\/uploads\/2023\/06\/Energiespeicher-und-die-Rolle-von-Wasserstoff_Organisator.jpg\" \/>\n<script type=\"application\/ld+json\" class=\"yoast-schema-graph\">{\"@context\":\"https:\\\/\\\/schema.org\",\"@graph\":[{\"@type\":\"Article\",\"@id\":\"https:\\\/\\\/www.organisator.ch\\\/sustainability\\\/2023-06-30\\\/energiespeicher-und-die-rolle-von-wasserstoff\\\/#article\",\"isPartOf\":{\"@id\":\"https:\\\/\\\/www.organisator.ch\\\/sustainability\\\/2023-06-30\\\/energiespeicher-und-die-rolle-von-wasserstoff\\\/\"},\"author\":{\"name\":\"thomas.berner\",\"@id\":\"https:\\\/\\\/www.organisator.ch\\\/#\\\/schema\\\/person\\\/6f650f90b2842cd4c0cc334b4e36f67e\"},\"headline\":\"Energiespeicher und die Rolle von Wasserstoff\",\"datePublished\":\"2023-06-30T07:45:24+00:00\",\"mainEntityOfPage\":{\"@id\":\"https:\\\/\\\/www.organisator.ch\\\/sustainability\\\/2023-06-30\\\/energiespeicher-und-die-rolle-von-wasserstoff\\\/\"},\"wordCount\":384,\"publisher\":{\"@id\":\"https:\\\/\\\/www.organisator.ch\\\/#organization\"},\"image\":{\"@id\":\"https:\\\/\\\/www.organisator.ch\\\/sustainability\\\/2023-06-30\\\/energiespeicher-und-die-rolle-von-wasserstoff\\\/#primaryimage\"},\"thumbnailUrl\":\"https:\\\/\\\/www.organisator.ch\\\/wp-content\\\/uploads\\\/2023\\\/06\\\/Energiespeicher-und-die-Rolle-von-Wasserstoff_Organisator.jpg\",\"keywords\":[\"Energiespeicher\",\"Nachhaltige Wirtschaft\",\"Wasserstoff\"],\"articleSection\":[\"SUSTAINABILITY\"],\"inLanguage\":\"fr-FR\"},{\"@type\":\"WebPage\",\"@id\":\"https:\\\/\\\/www.organisator.ch\\\/sustainability\\\/2023-06-30\\\/energiespeicher-und-die-rolle-von-wasserstoff\\\/\",\"url\":\"https:\\\/\\\/www.organisator.ch\\\/sustainability\\\/2023-06-30\\\/energiespeicher-und-die-rolle-von-wasserstoff\\\/\",\"name\":\"Energiespeicher und die Rolle von Wasserstoff - Organisator\",\"isPartOf\":{\"@id\":\"https:\\\/\\\/www.organisator.ch\\\/#website\"},\"primaryImageOfPage\":{\"@id\":\"https:\\\/\\\/www.organisator.ch\\\/sustainability\\\/2023-06-30\\\/energiespeicher-und-die-rolle-von-wasserstoff\\\/#primaryimage\"},\"image\":{\"@id\":\"https:\\\/\\\/www.organisator.ch\\\/sustainability\\\/2023-06-30\\\/energiespeicher-und-die-rolle-von-wasserstoff\\\/#primaryimage\"},\"thumbnailUrl\":\"https:\\\/\\\/www.organisator.ch\\\/wp-content\\\/uploads\\\/2023\\\/06\\\/Energiespeicher-und-die-Rolle-von-Wasserstoff_Organisator.jpg\",\"datePublished\":\"2023-06-30T07:45:24+00:00\",\"description\":\"Welche Rolle Wasserstoff als Energiespeicher spielt, diskutierten Expertinnen und Experten im Rahmen eines Roundtables.\",\"breadcrumb\":{\"@id\":\"https:\\\/\\\/www.organisator.ch\\\/sustainability\\\/2023-06-30\\\/energiespeicher-und-die-rolle-von-wasserstoff\\\/#breadcrumb\"},\"inLanguage\":\"fr-FR\",\"potentialAction\":[{\"@type\":\"ReadAction\",\"target\":[\"https:\\\/\\\/www.organisator.ch\\\/sustainability\\\/2023-06-30\\\/energiespeicher-und-die-rolle-von-wasserstoff\\\/\"]}]},{\"@type\":\"ImageObject\",\"inLanguage\":\"fr-FR\",\"@id\":\"https:\\\/\\\/www.organisator.ch\\\/sustainability\\\/2023-06-30\\\/energiespeicher-und-die-rolle-von-wasserstoff\\\/#primaryimage\",\"url\":\"https:\\\/\\\/www.organisator.ch\\\/wp-content\\\/uploads\\\/2023\\\/06\\\/Energiespeicher-und-die-Rolle-von-Wasserstoff_Organisator.jpg\",\"contentUrl\":\"https:\\\/\\\/www.organisator.ch\\\/wp-content\\\/uploads\\\/2023\\\/06\\\/Energiespeicher-und-die-Rolle-von-Wasserstoff_Organisator.jpg\"},{\"@type\":\"BreadcrumbList\",\"@id\":\"https:\\\/\\\/www.organisator.ch\\\/sustainability\\\/2023-06-30\\\/energiespeicher-und-die-rolle-von-wasserstoff\\\/#breadcrumb\",\"itemListElement\":[{\"@type\":\"ListItem\",\"position\":1,\"name\":\"Home\",\"item\":\"https:\\\/\\\/www.organisator.ch\\\/\"},{\"@type\":\"ListItem\",\"position\":2,\"name\":\"Energiespeicher und die Rolle von Wasserstoff\"}]},{\"@type\":\"WebSite\",\"@id\":\"https:\\\/\\\/www.organisator.ch\\\/#website\",\"url\":\"https:\\\/\\\/www.organisator.ch\\\/\",\"name\":\"Organisator\",\"description\":\"Kompetent. Praxisnah. Der ORGANISATOR bereitet in 10 Ausgaben pro Jahr die wesentlichen Themen f\u00fcr F\u00fchrungskr\u00e4fte von KMU auf.\",\"publisher\":{\"@id\":\"https:\\\/\\\/www.organisator.ch\\\/#organization\"},\"potentialAction\":[{\"@type\":\"SearchAction\",\"target\":{\"@type\":\"EntryPoint\",\"urlTemplate\":\"https:\\\/\\\/www.organisator.ch\\\/?s={search_term_string}\"},\"query-input\":{\"@type\":\"PropertyValueSpecification\",\"valueRequired\":true,\"valueName\":\"search_term_string\"}}],\"inLanguage\":\"fr-FR\"},{\"@type\":\"Organization\",\"@id\":\"https:\\\/\\\/www.organisator.ch\\\/#organization\",\"name\":\"Organisator\",\"url\":\"https:\\\/\\\/www.organisator.ch\\\/\",\"logo\":{\"@type\":\"ImageObject\",\"inLanguage\":\"fr-FR\",\"@id\":\"https:\\\/\\\/www.organisator.ch\\\/#\\\/schema\\\/logo\\\/image\\\/\",\"url\":\"https:\\\/\\\/www.organisator.ch\\\/wp-content\\\/uploads\\\/2022\\\/01\\\/Logo_Organisator_Website.png\",\"contentUrl\":\"https:\\\/\\\/www.organisator.ch\\\/wp-content\\\/uploads\\\/2022\\\/01\\\/Logo_Organisator_Website.png\",\"width\":800,\"height\":77,\"caption\":\"Organisator\"},\"image\":{\"@id\":\"https:\\\/\\\/www.organisator.ch\\\/#\\\/schema\\\/logo\\\/image\\\/\"},\"sameAs\":[\"https:\\\/\\\/www.facebook.com\\\/OrganisatorFachmagazin\",\"https:\\\/\\\/www.linkedin.com\\\/showcase\\\/organisator-das-magazin-fr-kmu\",\"https:\\\/\\\/www.xing.com\\\/news\\\/pages\\\/organisator-ch-695\",\"https:\\\/\\\/www.youtube.com\\\/channel\\\/UCGP2Sq0iWaZwT3BdIAQFYpw\"]},{\"@type\":\"Person\",\"@id\":\"https:\\\/\\\/www.organisator.ch\\\/#\\\/schema\\\/person\\\/6f650f90b2842cd4c0cc334b4e36f67e\",\"name\":\"thomas.berner\",\"image\":{\"@type\":\"ImageObject\",\"inLanguage\":\"fr-FR\",\"@id\":\"https:\\\/\\\/secure.gravatar.com\\\/avatar\\\/ac5001d2a36cb6c6cd3e50789007ffca834b477b74a2144564522e944eabff61?s=96&d=mm&r=g\",\"url\":\"https:\\\/\\\/secure.gravatar.com\\\/avatar\\\/ac5001d2a36cb6c6cd3e50789007ffca834b477b74a2144564522e944eabff61?s=96&d=mm&r=g\",\"contentUrl\":\"https:\\\/\\\/secure.gravatar.com\\\/avatar\\\/ac5001d2a36cb6c6cd3e50789007ffca834b477b74a2144564522e944eabff61?s=96&d=mm&r=g\",\"caption\":\"thomas.berner\"},\"url\":\"https:\\\/\\\/www.organisator.ch\\\/fr\\\/author\\\/thomas-berner\\\/\"}]}<\/script>\n<!-- \/ Yoast SEO plugin. -->","yoast_head_json":{"title":"Le stockage de l'\u00e9nergie et le r\u00f4le de l'hydrog\u00e8ne - Organisateur","description":"Le r\u00f4le de l'hydrog\u00e8ne en tant que moyen de stockage de l'\u00e9nergie a \u00e9t\u00e9 discut\u00e9 par des experts dans le cadre d'une table ronde.","robots":{"index":"index","follow":"follow","max-snippet":"max-snippet:-1","max-image-preview":"max-image-preview:large","max-video-preview":"max-video-preview:-1"},"canonical":"https:\/\/www.organisator.ch\/fr\/sustainability\/2023-06-30\/energiespeicher-und-die-rolle-von-wasserstoff\/","og_locale":"fr_FR","og_type":"article","og_title":"Energiespeicher und die Rolle von Wasserstoff","og_description":"Welche Rolle Wasserstoff als Energiespeicher spielt, diskutierten Expertinnen und Experten im Rahmen eines Roundtables.","og_url":"https:\/\/www.organisator.ch\/fr\/sustainability\/2023-06-30\/energiespeicher-und-die-rolle-von-wasserstoff\/","og_site_name":"Organisator","article_publisher":"https:\/\/www.facebook.com\/OrganisatorFachmagazin","article_published_time":"2023-06-30T07:45:24+00:00","og_image":[{"width":680,"height":434,"url":"https:\/\/www.organisator.ch\/wp-content\/uploads\/2023\/06\/Energiespeicher-und-die-Rolle-von-Wasserstoff_Organisator.jpg","type":"image\/jpeg"}],"author":"thomas.berner","twitter_card":"summary_large_image","twitter_title":"#Energiespeicher und die Rolle von #Wasserstoff","twitter_description":"Welche Rolle #Wasserstoff als #Energiespeicher spielt, diskutierten Expertinnen und Experten im Rahmen eines #Roundtables.","twitter_image":"https:\/\/www.organisator.ch\/wp-content\/uploads\/2023\/06\/Energiespeicher-und-die-Rolle-von-Wasserstoff_Organisator.jpg","schema":{"@context":"https:\/\/schema.org","@graph":[{"@type":"Article","@id":"https:\/\/www.organisator.ch\/sustainability\/2023-06-30\/energiespeicher-und-die-rolle-von-wasserstoff\/#article","isPartOf":{"@id":"https:\/\/www.organisator.ch\/sustainability\/2023-06-30\/energiespeicher-und-die-rolle-von-wasserstoff\/"},"author":{"name":"thomas.berner","@id":"https:\/\/www.organisator.ch\/#\/schema\/person\/6f650f90b2842cd4c0cc334b4e36f67e"},"headline":"Energiespeicher und die Rolle von Wasserstoff","datePublished":"2023-06-30T07:45:24+00:00","mainEntityOfPage":{"@id":"https:\/\/www.organisator.ch\/sustainability\/2023-06-30\/energiespeicher-und-die-rolle-von-wasserstoff\/"},"wordCount":384,"publisher":{"@id":"https:\/\/www.organisator.ch\/#organization"},"image":{"@id":"https:\/\/www.organisator.ch\/sustainability\/2023-06-30\/energiespeicher-und-die-rolle-von-wasserstoff\/#primaryimage"},"thumbnailUrl":"https:\/\/www.organisator.ch\/wp-content\/uploads\/2023\/06\/Energiespeicher-und-die-Rolle-von-Wasserstoff_Organisator.jpg","keywords":["Energiespeicher","Nachhaltige Wirtschaft","Wasserstoff"],"articleSection":["SUSTAINABILITY"],"inLanguage":"fr-FR"},{"@type":"WebPage","@id":"https:\/\/www.organisator.ch\/sustainability\/2023-06-30\/energiespeicher-und-die-rolle-von-wasserstoff\/","url":"https:\/\/www.organisator.ch\/sustainability\/2023-06-30\/energiespeicher-und-die-rolle-von-wasserstoff\/","name":"Le stockage de l'\u00e9nergie et le r\u00f4le de l'hydrog\u00e8ne - Organisateur","isPartOf":{"@id":"https:\/\/www.organisator.ch\/#website"},"primaryImageOfPage":{"@id":"https:\/\/www.organisator.ch\/sustainability\/2023-06-30\/energiespeicher-und-die-rolle-von-wasserstoff\/#primaryimage"},"image":{"@id":"https:\/\/www.organisator.ch\/sustainability\/2023-06-30\/energiespeicher-und-die-rolle-von-wasserstoff\/#primaryimage"},"thumbnailUrl":"https:\/\/www.organisator.ch\/wp-content\/uploads\/2023\/06\/Energiespeicher-und-die-Rolle-von-Wasserstoff_Organisator.jpg","datePublished":"2023-06-30T07:45:24+00:00","description":"Le r\u00f4le de l'hydrog\u00e8ne en tant que moyen de stockage de l'\u00e9nergie a \u00e9t\u00e9 discut\u00e9 par des experts dans le cadre d'une table ronde.","breadcrumb":{"@id":"https:\/\/www.organisator.ch\/sustainability\/2023-06-30\/energiespeicher-und-die-rolle-von-wasserstoff\/#breadcrumb"},"inLanguage":"fr-FR","potentialAction":[{"@type":"ReadAction","target":["https:\/\/www.organisator.ch\/sustainability\/2023-06-30\/energiespeicher-und-die-rolle-von-wasserstoff\/"]}]},{"@type":"ImageObject","inLanguage":"fr-FR","@id":"https:\/\/www.organisator.ch\/sustainability\/2023-06-30\/energiespeicher-und-die-rolle-von-wasserstoff\/#primaryimage","url":"https:\/\/www.organisator.ch\/wp-content\/uploads\/2023\/06\/Energiespeicher-und-die-Rolle-von-Wasserstoff_Organisator.jpg","contentUrl":"https:\/\/www.organisator.ch\/wp-content\/uploads\/2023\/06\/Energiespeicher-und-die-Rolle-von-Wasserstoff_Organisator.jpg"},{"@type":"BreadcrumbList","@id":"https:\/\/www.organisator.ch\/sustainability\/2023-06-30\/energiespeicher-und-die-rolle-von-wasserstoff\/#breadcrumb","itemListElement":[{"@type":"ListItem","position":1,"name":"Home","item":"https:\/\/www.organisator.ch\/"},{"@type":"ListItem","position":2,"name":"Energiespeicher und die Rolle von Wasserstoff"}]},{"@type":"WebSite","@id":"https:\/\/www.organisator.ch\/#website","url":"https:\/\/www.organisator.ch\/","name":"Organisateur","description":"Comp\u00e9tence et comp\u00e9tence. Proches de la pratique. L'ORGANISATEUR pr\u00e9pare 10 num\u00e9ros par an sur les th\u00e8mes essentiels pour les dirigeants de PME.","publisher":{"@id":"https:\/\/www.organisator.ch\/#organization"},"potentialAction":[{"@type":"SearchAction","target":{"@type":"EntryPoint","urlTemplate":"https:\/\/www.organisator.ch\/?s={search_term_string}"},"query-input":{"@type":"PropertyValueSpecification","valueRequired":true,"valueName":"search_term_string"}}],"inLanguage":"fr-FR"},{"@type":"Organization","@id":"https:\/\/www.organisator.ch\/#organization","name":"Organisateur","url":"https:\/\/www.organisator.ch\/","logo":{"@type":"ImageObject","inLanguage":"fr-FR","@id":"https:\/\/www.organisator.ch\/#\/schema\/logo\/image\/","url":"https:\/\/www.organisator.ch\/wp-content\/uploads\/2022\/01\/Logo_Organisator_Website.png","contentUrl":"https:\/\/www.organisator.ch\/wp-content\/uploads\/2022\/01\/Logo_Organisator_Website.png","width":800,"height":77,"caption":"Organisator"},"image":{"@id":"https:\/\/www.organisator.ch\/#\/schema\/logo\/image\/"},"sameAs":["https:\/\/www.facebook.com\/OrganisatorFachmagazin","https:\/\/www.linkedin.com\/showcase\/organisator-das-magazin-fr-kmu","https:\/\/www.xing.com\/news\/pages\/organisator-ch-695","https:\/\/www.youtube.com\/channel\/UCGP2Sq0iWaZwT3BdIAQFYpw"]},{"@type":"Person","@id":"https:\/\/www.organisator.ch\/#\/schema\/person\/6f650f90b2842cd4c0cc334b4e36f67e","name":"thomas.berner","image":{"@type":"ImageObject","inLanguage":"fr-FR","@id":"https:\/\/secure.gravatar.com\/avatar\/ac5001d2a36cb6c6cd3e50789007ffca834b477b74a2144564522e944eabff61?s=96&d=mm&r=g","url":"https:\/\/secure.gravatar.com\/avatar\/ac5001d2a36cb6c6cd3e50789007ffca834b477b74a2144564522e944eabff61?s=96&d=mm&r=g","contentUrl":"https:\/\/secure.gravatar.com\/avatar\/ac5001d2a36cb6c6cd3e50789007ffca834b477b74a2144564522e944eabff61?s=96&d=mm&r=g","caption":"thomas.berner"},"url":"https:\/\/www.organisator.ch\/fr\/author\/thomas-berner\/"}]}},"_links":{"self":[{"href":"https:\/\/www.organisator.ch\/fr\/wp-json\/wp\/v2\/posts\/20900","targetHints":{"allow":["GET"]}}],"collection":[{"href":"https:\/\/www.organisator.ch\/fr\/wp-json\/wp\/v2\/posts"}],"about":[{"href":"https:\/\/www.organisator.ch\/fr\/wp-json\/wp\/v2\/types\/post"}],"author":[{"embeddable":true,"href":"https:\/\/www.organisator.ch\/fr\/wp-json\/wp\/v2\/users\/4"}],"replies":[{"embeddable":true,"href":"https:\/\/www.organisator.ch\/fr\/wp-json\/wp\/v2\/comments?post=20900"}],"version-history":[{"count":3,"href":"https:\/\/www.organisator.ch\/fr\/wp-json\/wp\/v2\/posts\/20900\/revisions"}],"predecessor-version":[{"id":20938,"href":"https:\/\/www.organisator.ch\/fr\/wp-json\/wp\/v2\/posts\/20900\/revisions\/20938"}],"wp:attachment":[{"href":"https:\/\/www.organisator.ch\/fr\/wp-json\/wp\/v2\/media?parent=20900"}],"wp:term":[{"taxonomy":"category","embeddable":true,"href":"https:\/\/www.organisator.ch\/fr\/wp-json\/wp\/v2\/categories?post=20900"},{"taxonomy":"post_tag","embeddable":true,"href":"https:\/\/www.organisator.ch\/fr\/wp-json\/wp\/v2\/tags?post=20900"}],"curies":[{"name":"wp","href":"https:\/\/api.w.org\/{rel}","templated":true}]}}