{"id":20911,"date":"2023-07-03T07:47:14","date_gmt":"2023-07-03T05:47:14","guid":{"rendered":"https:\/\/www.m-q.ch\/?p=18230"},"modified":"2024-11-15T06:44:21","modified_gmt":"2024-11-15T05:44:21","slug":"sechs-firmen-mit-dem-best-managed-companies-award-ausgezeichnet","status":"publish","type":"post","link":"https:\/\/www.organisator.ch\/fr\/operational-excellence\/2023-07-03\/sechs-firmen-mit-dem-best-managed-companies-award-ausgezeichnet\/","title":{"rendered":"Six entreprises r\u00e9compens\u00e9es par le Best Managed Companies Award"},"content":{"rendered":"<figure id=\"attachment_18238\" class=\"wp-caption alignnone\" style=\"width: 680px\" aria-describedby=\"caption-attachment-18238\"><img class=\"alignnone wp-image-18238 size-full\" src=\"https:\/\/www.m-q.ch\/wp-content\/uploads\/2023\/06\/Sechs-Firmen-mit-dem-Best-Managed-Companies-Award-ausgezeichnet_MQ.jpg\" alt=\"Les meilleures entreprises g\u00e9r\u00e9es\" width=\"680\" height=\"363\" \/>\r\n<figcaption id=\"caption-attachment-18238\" class=\"wp-caption-text\">Les gagnants du Best Managed Companies Award 2023, d\u00e9cern\u00e9 par Deloitte, avec le soutien de la Bourse suisse SIX et de la Banque Julius B\u00e4r. (Image : Deloitte)<\/figcaption>\r\n<\/figure>\r\n<p>Le Best Managed Companies Award de Deloitte Private, organis\u00e9 dans 46 pays, compare les entreprises dans le cadre d'une \u00e9valuation compl\u00e8te avec le benchmark de Deloitte, reconnu dans le monde entier. Celui-ci a \u00e9t\u00e9 continuellement d\u00e9velopp\u00e9 au cours des 30 ann\u00e9es qui ont suivi le lancement du programme. Les entreprises participantes re\u00e7oivent une \u00e9valuation ind\u00e9pendante et substantielle de leurs m\u00e9thodes de gouvernance et de leur performance globale ; cette \u00e9valuation leur montre o\u00f9 se situe actuellement leur entreprise dans quatre domaines cl\u00e9s de l'entreprise par rapport \u00e0 une communaut\u00e9 mondiale de plus de 1'300 entreprises g\u00e9r\u00e9es de mani\u00e8re exemplaire.<\/p>\r\n<h3>Proc\u00e9dure d'\u00e9valuation en plusieurs \u00e9tapes<\/h3>\r\n<p>Le prix est pr\u00e9c\u00e9d\u00e9 d'un processus intensif de coaching et d'\u00e9valuation en plusieurs \u00e9tapes que toutes les entreprises participantes doivent suivre. L'accent est mis sur l'\u00e9valuation des performances dans quatre domaines cl\u00e9s : strat\u00e9gie, productivit\u00e9 &amp; innovation, culture &amp; engagement ainsi que gouvernance &amp; finances. Les entreprises qui se distinguent dans les quatre cat\u00e9gories ont une chance de remporter le prix.<\/p>\r\n<p>\"D'un point de vue entrepreneurial, les douze derniers mois depuis le dernier prix n'ont pas \u00e9t\u00e9 faciles : la hausse rapide de l'inflation, les cha\u00eenes d'approvisionnement interrompues, les prix \u00e9lev\u00e9s de l'\u00e9nergie et la p\u00e9nurie de main-d'\u0153uvre qualifi\u00e9e repr\u00e9sentent un ensemble complexe de risques pour l'entreprise. Ce qui distingue les laur\u00e9ats de cette ann\u00e9e, c'est leur agilit\u00e9 et leur r\u00e9silience - la capacit\u00e9 et la volont\u00e9 de s'affirmer dans les p\u00e9riodes difficiles, de se positionner sur un march\u00e9 volatile et de r\u00e9agir efficacement aux changements\", explique Andreas Bodenmann, responsable du programme et directeur de Deloitte Private. \"Les six laur\u00e9ats sont \u00e0 la pointe de leur secteur. Ils ont fait preuve d'une cr\u00e9ativit\u00e9 et d'une capacit\u00e9 d'innovation impressionnantes. Et ils ont r\u00e9ussi \u00e0 cultiver leurs valeurs centrales tout en avan\u00e7ant vers l'avenir avec un objectif de croissance clair\".<\/p>\r\n<h3>Une gestion d'entreprise exemplaire : les Best Managed Companies 2023<\/h3>\r\n<p>Six entreprises priv\u00e9es ou familiales ont \u00e9t\u00e9 d\u00e9sign\u00e9es \"Best Managed Companies\" :<\/p>\r\n<ul>\r\n\t<li>L'entreprise ATP adhesive systems AG est sp\u00e9cialis\u00e9e dans le d\u00e9veloppement et la fabrication de solutions de rubans adh\u00e9sifs. Gr\u00e2ce \u00e0 des processus de fabrication modernes et \u00e0 un r\u00e9seau de distribution international, ATP fournit depuis plus de 35 ans un grand nombre de clients industriels dans le monde entier, notamment dans les secteurs de l'automobile, de l'\u00e9lectricit\u00e9 et de la sant\u00e9.<\/li>\r\n\t<li>Le groupe international ECSA, dirig\u00e9 par la quatri\u00e8me g\u00e9n\u00e9ration, a \u00e9t\u00e9 fond\u00e9 en 1913 et est aujourd'hui actif dans quatre branches principales : ECSA Chemicals AG dans le commerce international de mati\u00e8res premi\u00e8res et de produits chimiques, ECSA Energy SA dans la distribution de produits p\u00e9troliers et l'exploitation de stations-service, ECSA Maintenance AG dans la distribution de fournitures industrielles sp\u00e9cialis\u00e9es et Suncolor SA dans la distribution de peintures, vernis et mat\u00e9riaux d'isolation.<\/li>\r\n\t<li>La manufacture de chocolat familiale L\u00e4derach (Suisse) SA a \u00e9t\u00e9 fond\u00e9e dans les ann\u00e9es 1960 et est aujourd'hui pr\u00e9sente dans 16 pays, dont la Cor\u00e9e du Sud, les \u00c9tats-Unis et le Royaume-Uni. Aujourd'hui encore, de nombreux produits sont fabriqu\u00e9s \u00e0 la main, ce qui souligne la tradition du chocolatier et fait de l'entreprise un ma\u00eetre de son art. Le r\u00e9sultat est un chocolat suisse fabriqu\u00e9 \u00e0 partir des meilleures mati\u00e8res premi\u00e8res.<\/li>\r\n\t<li>Sp\u00e9cialis\u00e9e dans le d\u00e9veloppement de solutions \u00e0 base d'acide hyaluronique, la soci\u00e9t\u00e9 Teoxane Laboratories SA, forte de plus de 20 ans d'exp\u00e9rience, est aujourd'hui pionni\u00e8re dans la science de la beaut\u00e9 du visage. L'entreprise allie innovation, qualit\u00e9 et s\u00e9curit\u00e9 du consommateur pour d\u00e9velopper des produits de comblement dermique \u00e0 l'acide hyaluronique et des dermocosm\u00e9tiques hautement performants, bas\u00e9s sur des recherches scientifiques rigoureuses.<\/li>\r\n\t<li>Variosystems AG est un prestataire de services \u00e9lectroniques qui offre des solutions uniformes et compl\u00e8tes de bout en bout dans le monde entier. De la conception du produit jusqu'aux modules, appareils ou syst\u00e8mes \u00e9lectroniques finis, les produits sont propos\u00e9s avec un support \u00e0 long terme, y compris la logistique et les services de fin de vie.<\/li>\r\n\t<li>Le groupe Vista est l'un des principaux centres de comp\u00e9tence priv\u00e9s en Suisse dans le domaine de l'ophtalmologie. Fond\u00e9 il y a plus de 30 ans, Vista propose sur ses 31 sites des traitements et des interventions autour de l'\u0153il, ce qui permet un suivi tout au long de la vie. Avec son propre d\u00e9partement de recherche et son programme complet de formation et de perfectionnement, Vista est une clinique de formation reconnue depuis plus de dix ans.<\/li>\r\n<\/ul>\r\n<p>Le concours ne s'arr\u00eate pas au bout d'un an : toutes les entreprises peuvent se soumettre r\u00e9guli\u00e8rement au m\u00eame examen, participer \u00e0 des ateliers et se qualifier \u00e0 nouveau. Cette ann\u00e9e, six entreprises qui avaient d\u00e9j\u00e0 \u00e9t\u00e9 r\u00e9compens\u00e9es par le Best Managed Companies Award y sont parvenues. Parmi ce cercle illustre, on trouve notamment Capri Sun Group, MindMaze, le groupe Wipf, Groupe Acrotec SA, Suhner Group ou Precipart.<\/p>\r\n<h3>Engagement pour la place \u00e9conomique suisse<\/h3>\r\n<p>\"Le Best Managed Companies Award est une incitation pour toutes les entreprises \u00e0 construire leur avenir avec clairvoyance, sens de l'innovation et bonne culture de gestion. En tant que moteurs de l'innovation, les entreprises \u00e0 gestion priv\u00e9e sont importantes pour une place \u00e9conomique suisse diversifi\u00e9e et forte\", souligne Andreas Bodenmann. \"En tant que soci\u00e9t\u00e9 d'audit et de conseil, nous soutenons avec Deloitte Private de telles entreprises dans leurs d\u00e9fis en mati\u00e8re de croissance, de compliance, de reporting et d'audit, et nous adaptons pr\u00e9cis\u00e9ment \u00e0 leurs besoins sp\u00e9cifiques les multiples prestations de tout l'univers Deloitte, afin que ces entreprises puissent s'affirmer et se positionner avec succ\u00e8s pour l'avenir\".<\/p>\r\n<p>Cette ann\u00e9e, le jury \u00e9tait compos\u00e9 de Nadja Lang, CEO de la coop\u00e9rative ZFV-Unternehmungen, Jens Breu, CEO de SFS Group, Gilles Stuck, responsable du march\u00e9 suisse chez Julius B\u00e4r, Tanja Vainio, Country President de Schneider Electric Suisse et du professeur Thomas Straub, professeur associ\u00e9 \u00e0 l'Universit\u00e9 de Gen\u00e8ve en management strat\u00e9gique et strat\u00e9gie d'entreprise, qui ont \u00e9valu\u00e9 les entreprises participantes.<\/p>\r\n<p><em>Source : <a href=\"https:\/\/www2.deloitte.com\/ch\/de.html\">Deloitte<\/a><\/em><\/p>\n<p class=\"syndicated-attribution\">Cet article est paru initialement sur m-q.ch - <a href=\"https:\/\/www.m-q.ch\/de\/sechs-firmen-mit-dem-best-managed-companies-award-ausgezeichnet\/\" target=\"_blank\">https:\/\/www.m-q.ch\/de\/sechs-firmen-mit-dem-best-managed-companies-award-ausgezeichnet\/<\/a><\/p>","protected":false},"excerpt":{"rendered":"<p>Deloitte, soutenu par la Bourse suisse SIX et la Banque Julius Baer, a r\u00e9compens\u00e9 des entreprises suisses en mains priv\u00e9es dont la gestion est exemplaire dans quatre domaines cl\u00e9s de l'entreprise. L'\u00e9valuation par un jury ind\u00e9pendant a montr\u00e9 que ces entreprises remplissent tous les crit\u00e8res d'examen. Elles se distinguent par leur grande agilit\u00e9, leur r\u00e9silience en p\u00e9riode difficile et leur sens aigu de l'innovation.<\/p>","protected":false},"author":8,"featured_media":0,"comment_status":"closed","ping_status":"closed","sticky":false,"template":"","format":"standard","meta":{"_acf_changed":false,"_yoast_wpseo_focuskw":"Best Managed Companies","_yoast_wpseo_metadesc":"Deloitte zeichnet sechs Schweizer Unternehmen mit dem Best Managed Companies Award 2023 aus. Spitzenreiter ihrer Branchen.","articlekey":"","footnotes":""},"categories":[582],"tags":[],"class_list":["post-20911","post","type-post","status-publish","format-standard","hentry","category-operational-excellence"],"acf":[],"yoast_head":"<!-- This site is optimized with the Yoast SEO plugin v27.5 - https:\/\/yoast.com\/product\/yoast-seo-wordpress\/ -->\n<title>Sechs Firmen mit dem Best Managed Companies Award ausgezeichnet - Organisator<\/title>\n<meta name=\"description\" content=\"Deloitte zeichnet sechs Schweizer Unternehmen mit dem Best Managed Companies Award 2023 aus. Spitzenreiter ihrer Branchen.\" \/>\n<meta name=\"robots\" content=\"index, follow, max-snippet:-1, max-image-preview:large, max-video-preview:-1\" \/>\n<link rel=\"canonical\" href=\"https:\/\/www.organisator.ch\/fr\/excellence-operationnelle\/2023-07-03\/sechs-firmen-mit-dem-best-managed-companies-award-ausgezeichnet\/\" \/>\n<meta property=\"og:locale\" content=\"fr_FR\" \/>\n<meta property=\"og:type\" content=\"article\" \/>\n<meta property=\"og:title\" content=\"Sechs Firmen mit dem Best Managed Companies Award ausgezeichnet - Organisator\" \/>\n<meta property=\"og:description\" content=\"Deloitte zeichnet sechs Schweizer Unternehmen mit dem Best Managed Companies Award 2023 aus. Spitzenreiter ihrer Branchen.\" \/>\n<meta property=\"og:url\" content=\"https:\/\/www.organisator.ch\/fr\/excellence-operationnelle\/2023-07-03\/sechs-firmen-mit-dem-best-managed-companies-award-ausgezeichnet\/\" \/>\n<meta property=\"og:site_name\" content=\"Organisator\" \/>\n<meta property=\"article:publisher\" content=\"https:\/\/www.facebook.com\/OrganisatorFachmagazin\" \/>\n<meta property=\"article:published_time\" content=\"2023-07-03T05:47:14+00:00\" \/>\n<meta property=\"article:modified_time\" content=\"2024-11-15T05:44:21+00:00\" \/>\n<meta name=\"author\" content=\"galledia\" \/>\n<meta name=\"twitter:card\" content=\"summary_large_image\" \/>\n<meta name=\"twitter:creator\" content=\"@admin\" \/>\n<script type=\"application\/ld+json\" class=\"yoast-schema-graph\">{\"@context\":\"https:\\\/\\\/schema.org\",\"@graph\":[{\"@type\":\"Article\",\"@id\":\"https:\\\/\\\/www.organisator.ch\\\/operational-excellence\\\/2023-07-03\\\/sechs-firmen-mit-dem-best-managed-companies-award-ausgezeichnet\\\/#article\",\"isPartOf\":{\"@id\":\"https:\\\/\\\/www.organisator.ch\\\/operational-excellence\\\/2023-07-03\\\/sechs-firmen-mit-dem-best-managed-companies-award-ausgezeichnet\\\/\"},\"author\":{\"name\":\"galledia\",\"@id\":\"https:\\\/\\\/www.organisator.ch\\\/#\\\/schema\\\/person\\\/4e51799071cd2dd1232ac003643ef5f0\"},\"headline\":\"Sechs Firmen mit dem Best Managed Companies Award ausgezeichnet\",\"datePublished\":\"2023-07-03T05:47:14+00:00\",\"dateModified\":\"2024-11-15T05:44:21+00:00\",\"mainEntityOfPage\":{\"@id\":\"https:\\\/\\\/www.organisator.ch\\\/operational-excellence\\\/2023-07-03\\\/sechs-firmen-mit-dem-best-managed-companies-award-ausgezeichnet\\\/\"},\"wordCount\":865,\"publisher\":{\"@id\":\"https:\\\/\\\/www.organisator.ch\\\/#organization\"},\"image\":{\"@id\":\"https:\\\/\\\/www.organisator.ch\\\/operational-excellence\\\/2023-07-03\\\/sechs-firmen-mit-dem-best-managed-companies-award-ausgezeichnet\\\/#primaryimage\"},\"thumbnailUrl\":\"https:\\\/\\\/www.m-q.ch\\\/wp-content\\\/uploads\\\/2023\\\/06\\\/Sechs-Firmen-mit-dem-Best-Managed-Companies-Award-ausgezeichnet_MQ.jpg\",\"articleSection\":[\"OPERATIONAL EXCELLENCE\"],\"inLanguage\":\"fr-FR\"},{\"@type\":\"WebPage\",\"@id\":\"https:\\\/\\\/www.organisator.ch\\\/operational-excellence\\\/2023-07-03\\\/sechs-firmen-mit-dem-best-managed-companies-award-ausgezeichnet\\\/\",\"url\":\"https:\\\/\\\/www.organisator.ch\\\/operational-excellence\\\/2023-07-03\\\/sechs-firmen-mit-dem-best-managed-companies-award-ausgezeichnet\\\/\",\"name\":\"Sechs Firmen mit dem Best Managed Companies Award ausgezeichnet - Organisator\",\"isPartOf\":{\"@id\":\"https:\\\/\\\/www.organisator.ch\\\/#website\"},\"primaryImageOfPage\":{\"@id\":\"https:\\\/\\\/www.organisator.ch\\\/operational-excellence\\\/2023-07-03\\\/sechs-firmen-mit-dem-best-managed-companies-award-ausgezeichnet\\\/#primaryimage\"},\"image\":{\"@id\":\"https:\\\/\\\/www.organisator.ch\\\/operational-excellence\\\/2023-07-03\\\/sechs-firmen-mit-dem-best-managed-companies-award-ausgezeichnet\\\/#primaryimage\"},\"thumbnailUrl\":\"https:\\\/\\\/www.m-q.ch\\\/wp-content\\\/uploads\\\/2023\\\/06\\\/Sechs-Firmen-mit-dem-Best-Managed-Companies-Award-ausgezeichnet_MQ.jpg\",\"datePublished\":\"2023-07-03T05:47:14+00:00\",\"dateModified\":\"2024-11-15T05:44:21+00:00\",\"description\":\"Deloitte zeichnet sechs Schweizer Unternehmen mit dem Best Managed Companies Award 2023 aus. Spitzenreiter ihrer Branchen.\",\"breadcrumb\":{\"@id\":\"https:\\\/\\\/www.organisator.ch\\\/operational-excellence\\\/2023-07-03\\\/sechs-firmen-mit-dem-best-managed-companies-award-ausgezeichnet\\\/#breadcrumb\"},\"inLanguage\":\"fr-FR\",\"potentialAction\":[{\"@type\":\"ReadAction\",\"target\":[\"https:\\\/\\\/www.organisator.ch\\\/operational-excellence\\\/2023-07-03\\\/sechs-firmen-mit-dem-best-managed-companies-award-ausgezeichnet\\\/\"]}]},{\"@type\":\"ImageObject\",\"inLanguage\":\"fr-FR\",\"@id\":\"https:\\\/\\\/www.organisator.ch\\\/operational-excellence\\\/2023-07-03\\\/sechs-firmen-mit-dem-best-managed-companies-award-ausgezeichnet\\\/#primaryimage\",\"url\":\"https:\\\/\\\/www.m-q.ch\\\/wp-content\\\/uploads\\\/2023\\\/06\\\/Sechs-Firmen-mit-dem-Best-Managed-Companies-Award-ausgezeichnet_MQ.jpg\",\"contentUrl\":\"https:\\\/\\\/www.m-q.ch\\\/wp-content\\\/uploads\\\/2023\\\/06\\\/Sechs-Firmen-mit-dem-Best-Managed-Companies-Award-ausgezeichnet_MQ.jpg\"},{\"@type\":\"BreadcrumbList\",\"@id\":\"https:\\\/\\\/www.organisator.ch\\\/operational-excellence\\\/2023-07-03\\\/sechs-firmen-mit-dem-best-managed-companies-award-ausgezeichnet\\\/#breadcrumb\",\"itemListElement\":[{\"@type\":\"ListItem\",\"position\":1,\"name\":\"Home\",\"item\":\"https:\\\/\\\/www.organisator.ch\\\/\"},{\"@type\":\"ListItem\",\"position\":2,\"name\":\"Sechs Firmen mit dem Best Managed Companies Award ausgezeichnet\"}]},{\"@type\":\"WebSite\",\"@id\":\"https:\\\/\\\/www.organisator.ch\\\/#website\",\"url\":\"https:\\\/\\\/www.organisator.ch\\\/\",\"name\":\"Organisator\",\"description\":\"Kompetent. Praxisnah. Der ORGANISATOR bereitet in 10 Ausgaben pro Jahr die wesentlichen Themen f\u00fcr F\u00fchrungskr\u00e4fte von KMU auf.\",\"publisher\":{\"@id\":\"https:\\\/\\\/www.organisator.ch\\\/#organization\"},\"potentialAction\":[{\"@type\":\"SearchAction\",\"target\":{\"@type\":\"EntryPoint\",\"urlTemplate\":\"https:\\\/\\\/www.organisator.ch\\\/?s={search_term_string}\"},\"query-input\":{\"@type\":\"PropertyValueSpecification\",\"valueRequired\":true,\"valueName\":\"search_term_string\"}}],\"inLanguage\":\"fr-FR\"},{\"@type\":\"Organization\",\"@id\":\"https:\\\/\\\/www.organisator.ch\\\/#organization\",\"name\":\"Organisator\",\"url\":\"https:\\\/\\\/www.organisator.ch\\\/\",\"logo\":{\"@type\":\"ImageObject\",\"inLanguage\":\"fr-FR\",\"@id\":\"https:\\\/\\\/www.organisator.ch\\\/#\\\/schema\\\/logo\\\/image\\\/\",\"url\":\"https:\\\/\\\/www.organisator.ch\\\/wp-content\\\/uploads\\\/2022\\\/01\\\/Logo_Organisator_Website.png\",\"contentUrl\":\"https:\\\/\\\/www.organisator.ch\\\/wp-content\\\/uploads\\\/2022\\\/01\\\/Logo_Organisator_Website.png\",\"width\":800,\"height\":77,\"caption\":\"Organisator\"},\"image\":{\"@id\":\"https:\\\/\\\/www.organisator.ch\\\/#\\\/schema\\\/logo\\\/image\\\/\"},\"sameAs\":[\"https:\\\/\\\/www.facebook.com\\\/OrganisatorFachmagazin\",\"https:\\\/\\\/www.linkedin.com\\\/showcase\\\/organisator-das-magazin-fr-kmu\",\"https:\\\/\\\/www.xing.com\\\/news\\\/pages\\\/organisator-ch-695\",\"https:\\\/\\\/www.youtube.com\\\/channel\\\/UCGP2Sq0iWaZwT3BdIAQFYpw\"]},{\"@type\":\"Person\",\"@id\":\"https:\\\/\\\/www.organisator.ch\\\/#\\\/schema\\\/person\\\/4e51799071cd2dd1232ac003643ef5f0\",\"name\":\"galledia\",\"image\":{\"@type\":\"ImageObject\",\"inLanguage\":\"fr-FR\",\"@id\":\"https:\\\/\\\/secure.gravatar.com\\\/avatar\\\/78a7f90c01fc2bfc875782a0d4922b37cde2cf184ce347b91316d23cd7f69a36?s=96&d=mm&r=g\",\"url\":\"https:\\\/\\\/secure.gravatar.com\\\/avatar\\\/78a7f90c01fc2bfc875782a0d4922b37cde2cf184ce347b91316d23cd7f69a36?s=96&d=mm&r=g\",\"contentUrl\":\"https:\\\/\\\/secure.gravatar.com\\\/avatar\\\/78a7f90c01fc2bfc875782a0d4922b37cde2cf184ce347b91316d23cd7f69a36?s=96&d=mm&r=g\",\"caption\":\"galledia\"},\"sameAs\":[\"https:\\\/\\\/x.com\\\/admin\"],\"url\":\"https:\\\/\\\/www.organisator.ch\\\/fr\\\/author\\\/galledia\\\/\"}]}<\/script>\n<!-- \/ Yoast SEO plugin. -->","yoast_head_json":{"title":"Six entreprises r\u00e9compens\u00e9es par le Best Managed Companies Award - Organisateur","description":"Deloitte d\u00e9cerne le Best Managed Companies Award 2023 \u00e0 six entreprises suisses. En t\u00eate de leurs secteurs.","robots":{"index":"index","follow":"follow","max-snippet":"max-snippet:-1","max-image-preview":"max-image-preview:large","max-video-preview":"max-video-preview:-1"},"canonical":"https:\/\/www.organisator.ch\/fr\/excellence-operationnelle\/2023-07-03\/sechs-firmen-mit-dem-best-managed-companies-award-ausgezeichnet\/","og_locale":"fr_FR","og_type":"article","og_title":"Sechs Firmen mit dem Best Managed Companies Award ausgezeichnet - Organisator","og_description":"Deloitte zeichnet sechs Schweizer Unternehmen mit dem Best Managed Companies Award 2023 aus. Spitzenreiter ihrer Branchen.","og_url":"https:\/\/www.organisator.ch\/fr\/excellence-operationnelle\/2023-07-03\/sechs-firmen-mit-dem-best-managed-companies-award-ausgezeichnet\/","og_site_name":"Organisator","article_publisher":"https:\/\/www.facebook.com\/OrganisatorFachmagazin","article_published_time":"2023-07-03T05:47:14+00:00","article_modified_time":"2024-11-15T05:44:21+00:00","author":"galledia","twitter_card":"summary_large_image","twitter_creator":"@admin","schema":{"@context":"https:\/\/schema.org","@graph":[{"@type":"Article","@id":"https:\/\/www.organisator.ch\/operational-excellence\/2023-07-03\/sechs-firmen-mit-dem-best-managed-companies-award-ausgezeichnet\/#article","isPartOf":{"@id":"https:\/\/www.organisator.ch\/operational-excellence\/2023-07-03\/sechs-firmen-mit-dem-best-managed-companies-award-ausgezeichnet\/"},"author":{"name":"galledia","@id":"https:\/\/www.organisator.ch\/#\/schema\/person\/4e51799071cd2dd1232ac003643ef5f0"},"headline":"Sechs Firmen mit dem Best Managed Companies Award ausgezeichnet","datePublished":"2023-07-03T05:47:14+00:00","dateModified":"2024-11-15T05:44:21+00:00","mainEntityOfPage":{"@id":"https:\/\/www.organisator.ch\/operational-excellence\/2023-07-03\/sechs-firmen-mit-dem-best-managed-companies-award-ausgezeichnet\/"},"wordCount":865,"publisher":{"@id":"https:\/\/www.organisator.ch\/#organization"},"image":{"@id":"https:\/\/www.organisator.ch\/operational-excellence\/2023-07-03\/sechs-firmen-mit-dem-best-managed-companies-award-ausgezeichnet\/#primaryimage"},"thumbnailUrl":"https:\/\/www.m-q.ch\/wp-content\/uploads\/2023\/06\/Sechs-Firmen-mit-dem-Best-Managed-Companies-Award-ausgezeichnet_MQ.jpg","articleSection":["OPERATIONAL EXCELLENCE"],"inLanguage":"fr-FR"},{"@type":"WebPage","@id":"https:\/\/www.organisator.ch\/operational-excellence\/2023-07-03\/sechs-firmen-mit-dem-best-managed-companies-award-ausgezeichnet\/","url":"https:\/\/www.organisator.ch\/operational-excellence\/2023-07-03\/sechs-firmen-mit-dem-best-managed-companies-award-ausgezeichnet\/","name":"Six entreprises r\u00e9compens\u00e9es par le Best Managed Companies Award - Organisateur","isPartOf":{"@id":"https:\/\/www.organisator.ch\/#website"},"primaryImageOfPage":{"@id":"https:\/\/www.organisator.ch\/operational-excellence\/2023-07-03\/sechs-firmen-mit-dem-best-managed-companies-award-ausgezeichnet\/#primaryimage"},"image":{"@id":"https:\/\/www.organisator.ch\/operational-excellence\/2023-07-03\/sechs-firmen-mit-dem-best-managed-companies-award-ausgezeichnet\/#primaryimage"},"thumbnailUrl":"https:\/\/www.m-q.ch\/wp-content\/uploads\/2023\/06\/Sechs-Firmen-mit-dem-Best-Managed-Companies-Award-ausgezeichnet_MQ.jpg","datePublished":"2023-07-03T05:47:14+00:00","dateModified":"2024-11-15T05:44:21+00:00","description":"Deloitte d\u00e9cerne le Best Managed Companies Award 2023 \u00e0 six entreprises suisses. En t\u00eate de leurs secteurs.","breadcrumb":{"@id":"https:\/\/www.organisator.ch\/operational-excellence\/2023-07-03\/sechs-firmen-mit-dem-best-managed-companies-award-ausgezeichnet\/#breadcrumb"},"inLanguage":"fr-FR","potentialAction":[{"@type":"ReadAction","target":["https:\/\/www.organisator.ch\/operational-excellence\/2023-07-03\/sechs-firmen-mit-dem-best-managed-companies-award-ausgezeichnet\/"]}]},{"@type":"ImageObject","inLanguage":"fr-FR","@id":"https:\/\/www.organisator.ch\/operational-excellence\/2023-07-03\/sechs-firmen-mit-dem-best-managed-companies-award-ausgezeichnet\/#primaryimage","url":"https:\/\/www.m-q.ch\/wp-content\/uploads\/2023\/06\/Sechs-Firmen-mit-dem-Best-Managed-Companies-Award-ausgezeichnet_MQ.jpg","contentUrl":"https:\/\/www.m-q.ch\/wp-content\/uploads\/2023\/06\/Sechs-Firmen-mit-dem-Best-Managed-Companies-Award-ausgezeichnet_MQ.jpg"},{"@type":"BreadcrumbList","@id":"https:\/\/www.organisator.ch\/operational-excellence\/2023-07-03\/sechs-firmen-mit-dem-best-managed-companies-award-ausgezeichnet\/#breadcrumb","itemListElement":[{"@type":"ListItem","position":1,"name":"Home","item":"https:\/\/www.organisator.ch\/"},{"@type":"ListItem","position":2,"name":"Sechs Firmen mit dem Best Managed Companies Award ausgezeichnet"}]},{"@type":"WebSite","@id":"https:\/\/www.organisator.ch\/#website","url":"https:\/\/www.organisator.ch\/","name":"Organisateur","description":"Comp\u00e9tence et comp\u00e9tence. Proches de la pratique. L'ORGANISATEUR pr\u00e9pare 10 num\u00e9ros par an sur les th\u00e8mes essentiels pour les dirigeants de PME.","publisher":{"@id":"https:\/\/www.organisator.ch\/#organization"},"potentialAction":[{"@type":"SearchAction","target":{"@type":"EntryPoint","urlTemplate":"https:\/\/www.organisator.ch\/?s={search_term_string}"},"query-input":{"@type":"PropertyValueSpecification","valueRequired":true,"valueName":"search_term_string"}}],"inLanguage":"fr-FR"},{"@type":"Organization","@id":"https:\/\/www.organisator.ch\/#organization","name":"Organisateur","url":"https:\/\/www.organisator.ch\/","logo":{"@type":"ImageObject","inLanguage":"fr-FR","@id":"https:\/\/www.organisator.ch\/#\/schema\/logo\/image\/","url":"https:\/\/www.organisator.ch\/wp-content\/uploads\/2022\/01\/Logo_Organisator_Website.png","contentUrl":"https:\/\/www.organisator.ch\/wp-content\/uploads\/2022\/01\/Logo_Organisator_Website.png","width":800,"height":77,"caption":"Organisator"},"image":{"@id":"https:\/\/www.organisator.ch\/#\/schema\/logo\/image\/"},"sameAs":["https:\/\/www.facebook.com\/OrganisatorFachmagazin","https:\/\/www.linkedin.com\/showcase\/organisator-das-magazin-fr-kmu","https:\/\/www.xing.com\/news\/pages\/organisator-ch-695","https:\/\/www.youtube.com\/channel\/UCGP2Sq0iWaZwT3BdIAQFYpw"]},{"@type":"Person","@id":"https:\/\/www.organisator.ch\/#\/schema\/person\/4e51799071cd2dd1232ac003643ef5f0","name":"galledia","image":{"@type":"ImageObject","inLanguage":"fr-FR","@id":"https:\/\/secure.gravatar.com\/avatar\/78a7f90c01fc2bfc875782a0d4922b37cde2cf184ce347b91316d23cd7f69a36?s=96&d=mm&r=g","url":"https:\/\/secure.gravatar.com\/avatar\/78a7f90c01fc2bfc875782a0d4922b37cde2cf184ce347b91316d23cd7f69a36?s=96&d=mm&r=g","contentUrl":"https:\/\/secure.gravatar.com\/avatar\/78a7f90c01fc2bfc875782a0d4922b37cde2cf184ce347b91316d23cd7f69a36?s=96&d=mm&r=g","caption":"galledia"},"sameAs":["https:\/\/x.com\/admin"],"url":"https:\/\/www.organisator.ch\/fr\/author\/galledia\/"}]}},"_links":{"self":[{"href":"https:\/\/www.organisator.ch\/fr\/wp-json\/wp\/v2\/posts\/20911","targetHints":{"allow":["GET"]}}],"collection":[{"href":"https:\/\/www.organisator.ch\/fr\/wp-json\/wp\/v2\/posts"}],"about":[{"href":"https:\/\/www.organisator.ch\/fr\/wp-json\/wp\/v2\/types\/post"}],"author":[{"embeddable":true,"href":"https:\/\/www.organisator.ch\/fr\/wp-json\/wp\/v2\/users\/8"}],"replies":[{"embeddable":true,"href":"https:\/\/www.organisator.ch\/fr\/wp-json\/wp\/v2\/comments?post=20911"}],"version-history":[{"count":3,"href":"https:\/\/www.organisator.ch\/fr\/wp-json\/wp\/v2\/posts\/20911\/revisions"}],"predecessor-version":[{"id":33044,"href":"https:\/\/www.organisator.ch\/fr\/wp-json\/wp\/v2\/posts\/20911\/revisions\/33044"}],"wp:attachment":[{"href":"https:\/\/www.organisator.ch\/fr\/wp-json\/wp\/v2\/media?parent=20911"}],"wp:term":[{"taxonomy":"category","embeddable":true,"href":"https:\/\/www.organisator.ch\/fr\/wp-json\/wp\/v2\/categories?post=20911"},{"taxonomy":"post_tag","embeddable":true,"href":"https:\/\/www.organisator.ch\/fr\/wp-json\/wp\/v2\/tags?post=20911"}],"curies":[{"name":"wp","href":"https:\/\/api.w.org\/{rel}","templated":true}]}}