{"id":20920,"date":"2023-07-04T08:24:59","date_gmt":"2023-07-04T06:24:59","guid":{"rendered":"https:\/\/www.organisator.ch\/?p=20920"},"modified":"2023-07-04T08:24:59","modified_gmt":"2023-07-04T06:24:59","slug":"sbv-studie-fehlen-qualifizierte-handwerker-koennen-bauprojekte-nicht-realisiert-werden","status":"publish","type":"post","link":"https:\/\/www.organisator.ch\/fr\/human-resources\/2023-07-04\/sbv-studie-fehlen-qualifizierte-handwerker-koennen-bauprojekte-nicht-realisiert-werden\/","title":{"rendered":"Etude de la SSE : \"En l'absence d'artisans qualifi\u00e9s, les projets de construction ne peuvent pas \u00eatre r\u00e9alis\u00e9s\"."},"content":{"rendered":"<figure id=\"attachment_20921\" aria-describedby=\"caption-attachment-20921\" style=\"width: 680px\" class=\"wp-caption alignnone\"><img loading=\"lazy\" decoding=\"async\" class=\"size-full wp-image-20921\" src=\"https:\/\/www.organisator.ch\/wp-content\/uploads\/2023\/07\/SBV-Fehlen-qualifizierte-Handwerker-koennen-Bauprojekte-nicht-realisiert-werden_Organisator.jpg\" alt=\"\" width=\"680\" height=\"453\" srcset=\"https:\/\/www.organisator.ch\/wp-content\/uploads\/2023\/07\/SBV-Fehlen-qualifizierte-Handwerker-koennen-Bauprojekte-nicht-realisiert-werden_Organisator.jpg 680w, https:\/\/www.organisator.ch\/wp-content\/uploads\/2023\/07\/SBV-Fehlen-qualifizierte-Handwerker-koennen-Bauprojekte-nicht-realisiert-werden_Organisator-18x12.jpg 18w, https:\/\/www.organisator.ch\/wp-content\/uploads\/2023\/07\/SBV-Fehlen-qualifizierte-Handwerker-koennen-Bauprojekte-nicht-realisiert-werden_Organisator-375x250.jpg 375w, https:\/\/www.organisator.ch\/wp-content\/uploads\/2023\/07\/SBV-Fehlen-qualifizierte-Handwerker-koennen-Bauprojekte-nicht-realisiert-werden_Organisator-525x350.jpg 525w\" sizes=\"auto, (max-width: 680px) 100vw, 680px\" \/><figcaption id=\"caption-attachment-20921\" class=\"wp-caption-text\">Gian-Luca Lardi, pr\u00e9sident de la Soci\u00e9t\u00e9 Suisse des Entrepreneurs, a expliqu\u00e9 les r\u00e9sultats de l'\u00e9tude de la SSE sur la p\u00e9nurie de main-d'\u0153uvre qualifi\u00e9e. (Image : SSE)<\/figcaption><\/figure>\n<p>La p\u00e9nurie de main-d'\u0153uvre qualifi\u00e9e va \u00e9galement fortement pr\u00e9occuper le secteur de la construction dans les ann\u00e9es \u00e0 venir. Le pr\u00e9sident central Gian-Luca Lardi a pr\u00e9sent\u00e9 les r\u00e9sultats d'une nouvelle \u00e9tude de la Soci\u00e9t\u00e9 Suisse des Entrepreneurs (SSE) lors de la journ\u00e9e de la construction du vendredi 30 juin 2023. \"Notre branche se porte bien apr\u00e8s trois ans de crise permanente\", a d\u00e9clar\u00e9 le pr\u00e9sident central Gian-Luca Lardi en accueillant les plus de 550 invit\u00e9s. \"Les entrepreneurs ont appris \u00e0 g\u00e9rer les effets de la guerre en Ukraine, tout comme ils l'avaient fait auparavant avec les hausses de prix et les goulets d'\u00e9tranglement dans les livraisons suite \u00e0 la pand\u00e9mie de Corona\". Et selon Lardi, les perspectives d'avenir sont \u00e9galement assez positives \u00e0 moyen et long terme. L'activit\u00e9 de construction devrait continuer \u00e0 cro\u00eetre, \"m\u00eame si c'est un peu plus lentement\". Alors que l'on pr\u00e9voit une forte croissance pour la construction de logements jusqu'en 2040, il faut s'attendre \u00e0 une croissance mod\u00e9r\u00e9e, voire \u00e0 une stagnation, dans la construction \u00e9conomique, le b\u00e2timent public et le g\u00e9nie civil public. Parall\u00e8lement, les entrepreneurs peuvent se r\u00e9jouir du fait que les prix des mat\u00e9riaux de construction baissent \u00e0 nouveau progressivement.<\/p>\n<h3>Une \u00e9tude de l'USP montre que : La p\u00e9nurie de main-d'\u0153uvre qualifi\u00e9e menace les emplois<\/h3>\n<p>Cette ann\u00e9e, l'\u00e9v\u00e9nement de r\u00e9seautage s'est concentr\u00e9 sur la p\u00e9nurie de main-d'\u0153uvre qualifi\u00e9e et sur la combinaison de mesures permettant de la combattre. La recherche de collaborateurs ad\u00e9quats \u00e0 tous les niveaux pose aujourd'hui de grands d\u00e9fis \u00e0 de nombreux artisans, y compris aux entrepreneurs. Et il faut s'attendre \u00e0 ce que la situation s'aggrave encore. Avec des cons\u00e9quences de grande port\u00e9e. \"Sans suffisamment d'artisans qualifi\u00e9s, d'importants projets de construction ne pourront plus \u00eatre r\u00e9alis\u00e9s dans notre pays\", a expliqu\u00e9 Lardi. Afin d'\u00e9viter un tel sc\u00e9nario, la Soci\u00e9t\u00e9 Suisse des Entrepreneurs a confi\u00e9 au centre de comp\u00e9tences d\u00e9mographiques le soin de r\u00e9aliser une \"\u00e9tude sur l'\u00e9volution \u00e0 long terme de la conjoncture et de la main-d'\u0153uvre qualifi\u00e9e dans le secteur principal de la construction\". Les r\u00e9sultats de l'\u00e9tude sont d\u00e9sormais publics : alors que le besoin en sp\u00e9cialistes dans le secteur principal de la construction continue d'augmenter, l'offre diminue. D'ici 2040, la p\u00e9nurie de main-d'\u0153uvre qualifi\u00e9e dans les principales professions du secteur principal de la construction devrait atteindre 16%, mesur\u00e9e au volume de construction. Sans mesures correctives, il manquerait environ 30 pour cent des collaborateurs n\u00e9cessaires, soit environ 2500 professionnels, rien que chez les ma\u00e7ons. Cela se r\u00e9percute sur le chiffre d'affaires : Si aucune mesure n'est prise, le secteur principal de la construction perdrait jusqu'\u00e0 800 millions de francs par an en raison du manque de main-d'\u0153uvre qualifi\u00e9e, soit 13 milliards de francs au total sur les 20 prochaines ann\u00e9es, en tenant compte de l'\u00e9volution des prix.<\/p>\n<h3>La num\u00e9risation et le recrutement sont porteurs d'espoir<\/h3>\n<p>L'\u00e9tude pr\u00e9sente plusieurs solutions pour lutter contre la p\u00e9nurie de main-d'\u0153uvre qualifi\u00e9e. \"Si nous augmentons le chiffre d'affaires par personne de 0,5 pour cent par an, nous pouvons compenser 50 pour cent de la p\u00e9nurie de main-d'\u0153uvre qualifi\u00e9e\", a toutefois rassur\u00e9 Gian-Luca Lardi. Cette augmentation de la productivit\u00e9 doit se faire principalement gr\u00e2ce \u00e0 la num\u00e9risation et aux innovations. Parall\u00e8lement, le secteur doit tout mettre en \u0153uvre pour \"former davantage d'apprentis, garder les professionnels plus longtemps dans la profession et, en fin de compte, recruter davantage de personnes qui changent de m\u00e9tier\". De cette mani\u00e8re, l'autre moiti\u00e9 de la p\u00e9nurie de main-d'\u0153uvre qualifi\u00e9e pourrait \u00eatre combl\u00e9e. L'\u00e9tude met ici en \u00e9vidence plusieurs leviers. Pour les chefs de chantier, pour lesquels la p\u00e9nurie se d\u00e9veloppera de mani\u00e8re moins pr\u00e9caire que dans d'autres m\u00e9tiers de la construction, les personnes en reconversion professionnelle jouent d\u00e9j\u00e0 un r\u00f4le important. Une planification et un accompagnement cibl\u00e9s des carri\u00e8res et de la rel\u00e8ve permettent d'augmenter les effectifs dans les fonctions de cadre. En ce qui concerne la formation des apprentis, il est tr\u00e8s important de motiver les jeunes \u00e0 terminer avec succ\u00e8s leur apprentissage de ma\u00e7on et \u00e0 rester \u00e0 long terme dans le secteur principal de la construction. Ce qui est d\u00e9cisif, ce n'est pas seulement la direction et la culture d'entreprise, mais aussi et surtout les nombreux projets de construction \"cool\" et formidables auxquels les jeunes peuvent participer activement. Ils voient alors que leur travail a un sens et cr\u00e9e des valeurs durables. Lardi a termin\u00e9 son intervention par un appel \u00e0 tous les acteurs du projet, c'est-\u00e0-dire aussi bien aux ma\u00eetres d'ouvrage, aux planificateurs, aux sp\u00e9cialistes, aux entreprises de construction qu'aux d\u00e9cideurs politiques : \"Nous ne pourrons r\u00e9aliser notre futur parc immobilier et nos infrastructures que si nous travaillons en v\u00e9ritable partenariat et d'\u00e9gal \u00e0 \u00e9gal\".<\/p>\n<h3>Un podium de haut niveau<\/h3>\n<p>La pr\u00e9sentatrice Melanie Winiger a anim\u00e9 la journ\u00e9e de la construction. Apr\u00e8s un message vid\u00e9o du conseiller f\u00e9d\u00e9ral Guy Parmelin, le conseiller d'\u00c9tat Norman Gobbi a souhait\u00e9 la bienvenue aux participants dans son canton d'origine, le Tessin. Apr\u00e8s les expos\u00e9s de plusieurs invit\u00e9s issus de l'\u00e9conomie et de la politique, Mme Winiger a dirig\u00e9 une table ronde de haut niveau sur la p\u00e9nurie de main-d'\u0153uvre qualifi\u00e9e avec Gian-Luca Lardi, pr\u00e9sident central de la Soci\u00e9t\u00e9 Suisse des Entrepreneurs, Peter Kn\u00e4bel, membre du comit\u00e9 directeur du club de football allemand FC Schalke 04, Valentina Kumpusch, vice-directrice de l'Office f\u00e9d\u00e9ral des routes OFROU, Andreas Zindel, CEO de l'entreprise de construction Zindel United, et Matthias M\u00f6lleney, directeur du Centers for HRM &amp; Leadership \u00e0 la HWZ Hochschule f\u00fcr Wirtschaft de Zurich.<\/p>\n<p>Pour finir, le directeur de l'USP, Bernhard Salzmann, a eu le plaisir d'honorer quelques apprentis pour leurs prestations exceptionnelles.<\/p>\n<p><em>Source et informations compl\u00e9mentaires : <a href=\"https:\/\/baumeister.swiss\/\">USP<\/a><\/em><\/p>","protected":false},"excerpt":{"rendered":"<p>La Journ\u00e9e de la construction, l'\u00e9v\u00e9nement de r\u00e9seautage traditionnel de la Soci\u00e9t\u00e9 Suisse des Entrepreneurs (SSE), a eu lieu le 30 juin 2023 \u00e0 Lugano. Plus de 550 repr\u00e9sentants du secteur de la construction et de la politique ont assist\u00e9 \u00e0 l'\u00e9v\u00e9nement au centre culturel LAC Lugano Arte e Cultura. Le th\u00e8me principal \u00e9tait la p\u00e9nurie de main-d'\u0153uvre qualifi\u00e9e.<\/p>","protected":false},"author":4,"featured_media":20921,"comment_status":"closed","ping_status":"closed","sticky":false,"template":"","format":"standard","meta":{"_acf_changed":false,"_yoast_wpseo_focuskw":"SBV-Studie","_yoast_wpseo_metadesc":"Der Tag der Bauwirtschaft vom 30. Juni 2023 in Lugano wurde die neue SBV-Studie vorgestellt, die vor den Folgen des Fachkr\u00e4ftemangels warnt.","articlekey":"","footnotes":""},"categories":[579],"tags":[194,254,503],"class_list":["post-20920","post","type-post","status-publish","format-standard","has-post-thumbnail","hentry","category-human-resources","tag-fachkraeftemangel","tag-hrm","tag-verbaende"],"acf":[],"yoast_head":"<!-- This site is optimized with the Yoast SEO plugin v27.5 - https:\/\/yoast.com\/product\/yoast-seo-wordpress\/ -->\n<title>SBV-Studie: &quot;Fehlen qualifizierte Handwerker, k\u00f6nnen Bauprojekte nicht realisiert werden&quot; - Organisator<\/title>\n<meta name=\"description\" content=\"Der Tag der Bauwirtschaft vom 30. Juni 2023 in Lugano wurde die neue SBV-Studie vorgestellt, die vor den Folgen des Fachkr\u00e4ftemangels warnt.\" \/>\n<meta name=\"robots\" content=\"index, follow, max-snippet:-1, max-image-preview:large, max-video-preview:-1\" \/>\n<link rel=\"canonical\" href=\"https:\/\/www.organisator.ch\/fr\/ressources-humaines\/2023-07-04\/sbv-studie-fehlen-qualifizierte-handwerker-koennen-bauprojekte-nicht-realisiert-werden\/\" \/>\n<meta property=\"og:locale\" content=\"fr_FR\" \/>\n<meta property=\"og:type\" content=\"article\" \/>\n<meta property=\"og:title\" content=\"SBV-Studie: &quot;Fehlen qualifizierte Handwerker, k\u00f6nnen Bauprojekte nicht realisiert werden&quot;\" \/>\n<meta property=\"og:description\" content=\"Der Tag der Bauwirtschaft vom 30. Juni 2023 in Lugano wurde die neue SBV-Studie vorgestellt, die vor den Folgen des Fachkr\u00e4ftemangels warnt.\" \/>\n<meta property=\"og:url\" content=\"https:\/\/www.organisator.ch\/fr\/ressources-humaines\/2023-07-04\/sbv-studie-fehlen-qualifizierte-handwerker-koennen-bauprojekte-nicht-realisiert-werden\/\" \/>\n<meta property=\"og:site_name\" content=\"Organisator\" \/>\n<meta property=\"article:publisher\" content=\"https:\/\/www.facebook.com\/OrganisatorFachmagazin\" \/>\n<meta property=\"article:published_time\" content=\"2023-07-04T06:24:59+00:00\" \/>\n<meta property=\"og:image\" content=\"https:\/\/www.organisator.ch\/wp-content\/uploads\/2023\/07\/SBV-Fehlen-qualifizierte-Handwerker-koennen-Bauprojekte-nicht-realisiert-werden_Organisator.jpg\" \/>\n\t<meta property=\"og:image:width\" content=\"680\" \/>\n\t<meta property=\"og:image:height\" content=\"453\" \/>\n\t<meta property=\"og:image:type\" content=\"image\/jpeg\" \/>\n<meta name=\"author\" content=\"thomas.berner\" \/>\n<meta name=\"twitter:card\" content=\"summary_large_image\" \/>\n<meta name=\"twitter:title\" content=\"#SBV-Studie: &quot;Fehlen qualifizierte #Handwerker, k\u00f6nnen #Bauprojekte nicht realisiert werden&quot;\" \/>\n<meta name=\"twitter:description\" content=\"Der Tag der #Bauwirtschaft vom 30. Juni 2023 in Lugano wurde die neue #SBV-Studie vorgestellt, die vor den Folgen des Fachkr\u00e4ftemangels warnt.\" \/>\n<meta name=\"twitter:image\" content=\"https:\/\/www.organisator.ch\/wp-content\/uploads\/2023\/07\/SBV-Fehlen-qualifizierte-Handwerker-koennen-Bauprojekte-nicht-realisiert-werden_Organisator.jpg\" \/>\n<script type=\"application\/ld+json\" class=\"yoast-schema-graph\">{\"@context\":\"https:\\\/\\\/schema.org\",\"@graph\":[{\"@type\":\"Article\",\"@id\":\"https:\\\/\\\/www.organisator.ch\\\/human-resources\\\/2023-07-04\\\/sbv-studie-fehlen-qualifizierte-handwerker-koennen-bauprojekte-nicht-realisiert-werden\\\/#article\",\"isPartOf\":{\"@id\":\"https:\\\/\\\/www.organisator.ch\\\/human-resources\\\/2023-07-04\\\/sbv-studie-fehlen-qualifizierte-handwerker-koennen-bauprojekte-nicht-realisiert-werden\\\/\"},\"author\":{\"name\":\"thomas.berner\",\"@id\":\"https:\\\/\\\/www.organisator.ch\\\/#\\\/schema\\\/person\\\/6f650f90b2842cd4c0cc334b4e36f67e\"},\"headline\":\"SBV-Studie: &#8222;Fehlen qualifizierte Handwerker, k\u00f6nnen Bauprojekte nicht realisiert werden&#8220;\",\"datePublished\":\"2023-07-04T06:24:59+00:00\",\"mainEntityOfPage\":{\"@id\":\"https:\\\/\\\/www.organisator.ch\\\/human-resources\\\/2023-07-04\\\/sbv-studie-fehlen-qualifizierte-handwerker-koennen-bauprojekte-nicht-realisiert-werden\\\/\"},\"wordCount\":776,\"publisher\":{\"@id\":\"https:\\\/\\\/www.organisator.ch\\\/#organization\"},\"image\":{\"@id\":\"https:\\\/\\\/www.organisator.ch\\\/human-resources\\\/2023-07-04\\\/sbv-studie-fehlen-qualifizierte-handwerker-koennen-bauprojekte-nicht-realisiert-werden\\\/#primaryimage\"},\"thumbnailUrl\":\"https:\\\/\\\/www.organisator.ch\\\/wp-content\\\/uploads\\\/2023\\\/07\\\/SBV-Fehlen-qualifizierte-Handwerker-koennen-Bauprojekte-nicht-realisiert-werden_Organisator.jpg\",\"keywords\":[\"Fachkr\u00e4ftemangel\",\"HRM\",\"Verb\u00e4nde\"],\"articleSection\":[\"HUMAN RESOURCES\"],\"inLanguage\":\"fr-FR\"},{\"@type\":\"WebPage\",\"@id\":\"https:\\\/\\\/www.organisator.ch\\\/human-resources\\\/2023-07-04\\\/sbv-studie-fehlen-qualifizierte-handwerker-koennen-bauprojekte-nicht-realisiert-werden\\\/\",\"url\":\"https:\\\/\\\/www.organisator.ch\\\/human-resources\\\/2023-07-04\\\/sbv-studie-fehlen-qualifizierte-handwerker-koennen-bauprojekte-nicht-realisiert-werden\\\/\",\"name\":\"SBV-Studie: \\\"Fehlen qualifizierte Handwerker, k\u00f6nnen Bauprojekte nicht realisiert werden\\\" - Organisator\",\"isPartOf\":{\"@id\":\"https:\\\/\\\/www.organisator.ch\\\/#website\"},\"primaryImageOfPage\":{\"@id\":\"https:\\\/\\\/www.organisator.ch\\\/human-resources\\\/2023-07-04\\\/sbv-studie-fehlen-qualifizierte-handwerker-koennen-bauprojekte-nicht-realisiert-werden\\\/#primaryimage\"},\"image\":{\"@id\":\"https:\\\/\\\/www.organisator.ch\\\/human-resources\\\/2023-07-04\\\/sbv-studie-fehlen-qualifizierte-handwerker-koennen-bauprojekte-nicht-realisiert-werden\\\/#primaryimage\"},\"thumbnailUrl\":\"https:\\\/\\\/www.organisator.ch\\\/wp-content\\\/uploads\\\/2023\\\/07\\\/SBV-Fehlen-qualifizierte-Handwerker-koennen-Bauprojekte-nicht-realisiert-werden_Organisator.jpg\",\"datePublished\":\"2023-07-04T06:24:59+00:00\",\"description\":\"Der Tag der Bauwirtschaft vom 30. Juni 2023 in Lugano wurde die neue SBV-Studie vorgestellt, die vor den Folgen des Fachkr\u00e4ftemangels warnt.\",\"breadcrumb\":{\"@id\":\"https:\\\/\\\/www.organisator.ch\\\/human-resources\\\/2023-07-04\\\/sbv-studie-fehlen-qualifizierte-handwerker-koennen-bauprojekte-nicht-realisiert-werden\\\/#breadcrumb\"},\"inLanguage\":\"fr-FR\",\"potentialAction\":[{\"@type\":\"ReadAction\",\"target\":[\"https:\\\/\\\/www.organisator.ch\\\/human-resources\\\/2023-07-04\\\/sbv-studie-fehlen-qualifizierte-handwerker-koennen-bauprojekte-nicht-realisiert-werden\\\/\"]}]},{\"@type\":\"ImageObject\",\"inLanguage\":\"fr-FR\",\"@id\":\"https:\\\/\\\/www.organisator.ch\\\/human-resources\\\/2023-07-04\\\/sbv-studie-fehlen-qualifizierte-handwerker-koennen-bauprojekte-nicht-realisiert-werden\\\/#primaryimage\",\"url\":\"https:\\\/\\\/www.organisator.ch\\\/wp-content\\\/uploads\\\/2023\\\/07\\\/SBV-Fehlen-qualifizierte-Handwerker-koennen-Bauprojekte-nicht-realisiert-werden_Organisator.jpg\",\"contentUrl\":\"https:\\\/\\\/www.organisator.ch\\\/wp-content\\\/uploads\\\/2023\\\/07\\\/SBV-Fehlen-qualifizierte-Handwerker-koennen-Bauprojekte-nicht-realisiert-werden_Organisator.jpg\",\"width\":680,\"height\":453,\"caption\":\"Gian-Luca Lardi, Pr\u00e4sident des Schweizerischen Baumeisterverbands, erl\u00e4uterte die Ergebnisse der SBV-Studie zum Fachkr\u00e4ftemangel. (Bild: SBV)\"},{\"@type\":\"BreadcrumbList\",\"@id\":\"https:\\\/\\\/www.organisator.ch\\\/human-resources\\\/2023-07-04\\\/sbv-studie-fehlen-qualifizierte-handwerker-koennen-bauprojekte-nicht-realisiert-werden\\\/#breadcrumb\",\"itemListElement\":[{\"@type\":\"ListItem\",\"position\":1,\"name\":\"Home\",\"item\":\"https:\\\/\\\/www.organisator.ch\\\/\"},{\"@type\":\"ListItem\",\"position\":2,\"name\":\"SBV-Studie: &#8222;Fehlen qualifizierte Handwerker, k\u00f6nnen Bauprojekte nicht realisiert werden&#8220;\"}]},{\"@type\":\"WebSite\",\"@id\":\"https:\\\/\\\/www.organisator.ch\\\/#website\",\"url\":\"https:\\\/\\\/www.organisator.ch\\\/\",\"name\":\"Organisator\",\"description\":\"Kompetent. Praxisnah. Der ORGANISATOR bereitet in 10 Ausgaben pro Jahr die wesentlichen Themen f\u00fcr F\u00fchrungskr\u00e4fte von KMU auf.\",\"publisher\":{\"@id\":\"https:\\\/\\\/www.organisator.ch\\\/#organization\"},\"potentialAction\":[{\"@type\":\"SearchAction\",\"target\":{\"@type\":\"EntryPoint\",\"urlTemplate\":\"https:\\\/\\\/www.organisator.ch\\\/?s={search_term_string}\"},\"query-input\":{\"@type\":\"PropertyValueSpecification\",\"valueRequired\":true,\"valueName\":\"search_term_string\"}}],\"inLanguage\":\"fr-FR\"},{\"@type\":\"Organization\",\"@id\":\"https:\\\/\\\/www.organisator.ch\\\/#organization\",\"name\":\"Organisator\",\"url\":\"https:\\\/\\\/www.organisator.ch\\\/\",\"logo\":{\"@type\":\"ImageObject\",\"inLanguage\":\"fr-FR\",\"@id\":\"https:\\\/\\\/www.organisator.ch\\\/#\\\/schema\\\/logo\\\/image\\\/\",\"url\":\"https:\\\/\\\/www.organisator.ch\\\/wp-content\\\/uploads\\\/2022\\\/01\\\/Logo_Organisator_Website.png\",\"contentUrl\":\"https:\\\/\\\/www.organisator.ch\\\/wp-content\\\/uploads\\\/2022\\\/01\\\/Logo_Organisator_Website.png\",\"width\":800,\"height\":77,\"caption\":\"Organisator\"},\"image\":{\"@id\":\"https:\\\/\\\/www.organisator.ch\\\/#\\\/schema\\\/logo\\\/image\\\/\"},\"sameAs\":[\"https:\\\/\\\/www.facebook.com\\\/OrganisatorFachmagazin\",\"https:\\\/\\\/www.linkedin.com\\\/showcase\\\/organisator-das-magazin-fr-kmu\",\"https:\\\/\\\/www.xing.com\\\/news\\\/pages\\\/organisator-ch-695\",\"https:\\\/\\\/www.youtube.com\\\/channel\\\/UCGP2Sq0iWaZwT3BdIAQFYpw\"]},{\"@type\":\"Person\",\"@id\":\"https:\\\/\\\/www.organisator.ch\\\/#\\\/schema\\\/person\\\/6f650f90b2842cd4c0cc334b4e36f67e\",\"name\":\"thomas.berner\",\"image\":{\"@type\":\"ImageObject\",\"inLanguage\":\"fr-FR\",\"@id\":\"https:\\\/\\\/secure.gravatar.com\\\/avatar\\\/ac5001d2a36cb6c6cd3e50789007ffca834b477b74a2144564522e944eabff61?s=96&d=mm&r=g\",\"url\":\"https:\\\/\\\/secure.gravatar.com\\\/avatar\\\/ac5001d2a36cb6c6cd3e50789007ffca834b477b74a2144564522e944eabff61?s=96&d=mm&r=g\",\"contentUrl\":\"https:\\\/\\\/secure.gravatar.com\\\/avatar\\\/ac5001d2a36cb6c6cd3e50789007ffca834b477b74a2144564522e944eabff61?s=96&d=mm&r=g\",\"caption\":\"thomas.berner\"},\"url\":\"https:\\\/\\\/www.organisator.ch\\\/fr\\\/author\\\/thomas-berner\\\/\"}]}<\/script>\n<!-- \/ Yoast SEO plugin. -->","yoast_head_json":{"title":"Etude de la SSE : \"En l'absence d'artisans qualifi\u00e9s, les projets de construction ne peuvent pas \u00eatre r\u00e9alis\u00e9s\" - Organisateur","description":"La journ\u00e9e de la construction du 30 juin 2023 \u00e0 Lugano a \u00e9t\u00e9 l'occasion de pr\u00e9senter la nouvelle \u00e9tude de la SSE qui met en garde contre les cons\u00e9quences de la p\u00e9nurie de main-d'\u0153uvre qualifi\u00e9e.","robots":{"index":"index","follow":"follow","max-snippet":"max-snippet:-1","max-image-preview":"max-image-preview:large","max-video-preview":"max-video-preview:-1"},"canonical":"https:\/\/www.organisator.ch\/fr\/ressources-humaines\/2023-07-04\/sbv-studie-fehlen-qualifizierte-handwerker-koennen-bauprojekte-nicht-realisiert-werden\/","og_locale":"fr_FR","og_type":"article","og_title":"SBV-Studie: \"Fehlen qualifizierte Handwerker, k\u00f6nnen Bauprojekte nicht realisiert werden\"","og_description":"Der Tag der Bauwirtschaft vom 30. Juni 2023 in Lugano wurde die neue SBV-Studie vorgestellt, die vor den Folgen des Fachkr\u00e4ftemangels warnt.","og_url":"https:\/\/www.organisator.ch\/fr\/ressources-humaines\/2023-07-04\/sbv-studie-fehlen-qualifizierte-handwerker-koennen-bauprojekte-nicht-realisiert-werden\/","og_site_name":"Organisator","article_publisher":"https:\/\/www.facebook.com\/OrganisatorFachmagazin","article_published_time":"2023-07-04T06:24:59+00:00","og_image":[{"width":680,"height":453,"url":"https:\/\/www.organisator.ch\/wp-content\/uploads\/2023\/07\/SBV-Fehlen-qualifizierte-Handwerker-koennen-Bauprojekte-nicht-realisiert-werden_Organisator.jpg","type":"image\/jpeg"}],"author":"thomas.berner","twitter_card":"summary_large_image","twitter_title":"#SBV-Studie: \"Fehlen qualifizierte #Handwerker, k\u00f6nnen #Bauprojekte nicht realisiert werden\"","twitter_description":"Der Tag der #Bauwirtschaft vom 30. Juni 2023 in Lugano wurde die neue #SBV-Studie vorgestellt, die vor den Folgen des Fachkr\u00e4ftemangels warnt.","twitter_image":"https:\/\/www.organisator.ch\/wp-content\/uploads\/2023\/07\/SBV-Fehlen-qualifizierte-Handwerker-koennen-Bauprojekte-nicht-realisiert-werden_Organisator.jpg","schema":{"@context":"https:\/\/schema.org","@graph":[{"@type":"Article","@id":"https:\/\/www.organisator.ch\/human-resources\/2023-07-04\/sbv-studie-fehlen-qualifizierte-handwerker-koennen-bauprojekte-nicht-realisiert-werden\/#article","isPartOf":{"@id":"https:\/\/www.organisator.ch\/human-resources\/2023-07-04\/sbv-studie-fehlen-qualifizierte-handwerker-koennen-bauprojekte-nicht-realisiert-werden\/"},"author":{"name":"thomas.berner","@id":"https:\/\/www.organisator.ch\/#\/schema\/person\/6f650f90b2842cd4c0cc334b4e36f67e"},"headline":"SBV-Studie: &#8222;Fehlen qualifizierte Handwerker, k\u00f6nnen Bauprojekte nicht realisiert werden&#8220;","datePublished":"2023-07-04T06:24:59+00:00","mainEntityOfPage":{"@id":"https:\/\/www.organisator.ch\/human-resources\/2023-07-04\/sbv-studie-fehlen-qualifizierte-handwerker-koennen-bauprojekte-nicht-realisiert-werden\/"},"wordCount":776,"publisher":{"@id":"https:\/\/www.organisator.ch\/#organization"},"image":{"@id":"https:\/\/www.organisator.ch\/human-resources\/2023-07-04\/sbv-studie-fehlen-qualifizierte-handwerker-koennen-bauprojekte-nicht-realisiert-werden\/#primaryimage"},"thumbnailUrl":"https:\/\/www.organisator.ch\/wp-content\/uploads\/2023\/07\/SBV-Fehlen-qualifizierte-Handwerker-koennen-Bauprojekte-nicht-realisiert-werden_Organisator.jpg","keywords":["Fachkr\u00e4ftemangel","HRM","Verb\u00e4nde"],"articleSection":["HUMAN RESOURCES"],"inLanguage":"fr-FR"},{"@type":"WebPage","@id":"https:\/\/www.organisator.ch\/human-resources\/2023-07-04\/sbv-studie-fehlen-qualifizierte-handwerker-koennen-bauprojekte-nicht-realisiert-werden\/","url":"https:\/\/www.organisator.ch\/human-resources\/2023-07-04\/sbv-studie-fehlen-qualifizierte-handwerker-koennen-bauprojekte-nicht-realisiert-werden\/","name":"Etude de la SSE : \"En l'absence d'artisans qualifi\u00e9s, les projets de construction ne peuvent pas \u00eatre r\u00e9alis\u00e9s\" - Organisateur","isPartOf":{"@id":"https:\/\/www.organisator.ch\/#website"},"primaryImageOfPage":{"@id":"https:\/\/www.organisator.ch\/human-resources\/2023-07-04\/sbv-studie-fehlen-qualifizierte-handwerker-koennen-bauprojekte-nicht-realisiert-werden\/#primaryimage"},"image":{"@id":"https:\/\/www.organisator.ch\/human-resources\/2023-07-04\/sbv-studie-fehlen-qualifizierte-handwerker-koennen-bauprojekte-nicht-realisiert-werden\/#primaryimage"},"thumbnailUrl":"https:\/\/www.organisator.ch\/wp-content\/uploads\/2023\/07\/SBV-Fehlen-qualifizierte-Handwerker-koennen-Bauprojekte-nicht-realisiert-werden_Organisator.jpg","datePublished":"2023-07-04T06:24:59+00:00","description":"La journ\u00e9e de la construction du 30 juin 2023 \u00e0 Lugano a \u00e9t\u00e9 l'occasion de pr\u00e9senter la nouvelle \u00e9tude de la SSE qui met en garde contre les cons\u00e9quences de la p\u00e9nurie de main-d'\u0153uvre qualifi\u00e9e.","breadcrumb":{"@id":"https:\/\/www.organisator.ch\/human-resources\/2023-07-04\/sbv-studie-fehlen-qualifizierte-handwerker-koennen-bauprojekte-nicht-realisiert-werden\/#breadcrumb"},"inLanguage":"fr-FR","potentialAction":[{"@type":"ReadAction","target":["https:\/\/www.organisator.ch\/human-resources\/2023-07-04\/sbv-studie-fehlen-qualifizierte-handwerker-koennen-bauprojekte-nicht-realisiert-werden\/"]}]},{"@type":"ImageObject","inLanguage":"fr-FR","@id":"https:\/\/www.organisator.ch\/human-resources\/2023-07-04\/sbv-studie-fehlen-qualifizierte-handwerker-koennen-bauprojekte-nicht-realisiert-werden\/#primaryimage","url":"https:\/\/www.organisator.ch\/wp-content\/uploads\/2023\/07\/SBV-Fehlen-qualifizierte-Handwerker-koennen-Bauprojekte-nicht-realisiert-werden_Organisator.jpg","contentUrl":"https:\/\/www.organisator.ch\/wp-content\/uploads\/2023\/07\/SBV-Fehlen-qualifizierte-Handwerker-koennen-Bauprojekte-nicht-realisiert-werden_Organisator.jpg","width":680,"height":453,"caption":"Gian-Luca Lardi, Pr\u00e4sident des Schweizerischen Baumeisterverbands, erl\u00e4uterte die Ergebnisse der SBV-Studie zum Fachkr\u00e4ftemangel. (Bild: SBV)"},{"@type":"BreadcrumbList","@id":"https:\/\/www.organisator.ch\/human-resources\/2023-07-04\/sbv-studie-fehlen-qualifizierte-handwerker-koennen-bauprojekte-nicht-realisiert-werden\/#breadcrumb","itemListElement":[{"@type":"ListItem","position":1,"name":"Home","item":"https:\/\/www.organisator.ch\/"},{"@type":"ListItem","position":2,"name":"SBV-Studie: &#8222;Fehlen qualifizierte Handwerker, k\u00f6nnen Bauprojekte nicht realisiert werden&#8220;"}]},{"@type":"WebSite","@id":"https:\/\/www.organisator.ch\/#website","url":"https:\/\/www.organisator.ch\/","name":"Organisateur","description":"Comp\u00e9tence et comp\u00e9tence. Proches de la pratique. L'ORGANISATEUR pr\u00e9pare 10 num\u00e9ros par an sur les th\u00e8mes essentiels pour les dirigeants de PME.","publisher":{"@id":"https:\/\/www.organisator.ch\/#organization"},"potentialAction":[{"@type":"SearchAction","target":{"@type":"EntryPoint","urlTemplate":"https:\/\/www.organisator.ch\/?s={search_term_string}"},"query-input":{"@type":"PropertyValueSpecification","valueRequired":true,"valueName":"search_term_string"}}],"inLanguage":"fr-FR"},{"@type":"Organization","@id":"https:\/\/www.organisator.ch\/#organization","name":"Organisateur","url":"https:\/\/www.organisator.ch\/","logo":{"@type":"ImageObject","inLanguage":"fr-FR","@id":"https:\/\/www.organisator.ch\/#\/schema\/logo\/image\/","url":"https:\/\/www.organisator.ch\/wp-content\/uploads\/2022\/01\/Logo_Organisator_Website.png","contentUrl":"https:\/\/www.organisator.ch\/wp-content\/uploads\/2022\/01\/Logo_Organisator_Website.png","width":800,"height":77,"caption":"Organisator"},"image":{"@id":"https:\/\/www.organisator.ch\/#\/schema\/logo\/image\/"},"sameAs":["https:\/\/www.facebook.com\/OrganisatorFachmagazin","https:\/\/www.linkedin.com\/showcase\/organisator-das-magazin-fr-kmu","https:\/\/www.xing.com\/news\/pages\/organisator-ch-695","https:\/\/www.youtube.com\/channel\/UCGP2Sq0iWaZwT3BdIAQFYpw"]},{"@type":"Person","@id":"https:\/\/www.organisator.ch\/#\/schema\/person\/6f650f90b2842cd4c0cc334b4e36f67e","name":"thomas.berner","image":{"@type":"ImageObject","inLanguage":"fr-FR","@id":"https:\/\/secure.gravatar.com\/avatar\/ac5001d2a36cb6c6cd3e50789007ffca834b477b74a2144564522e944eabff61?s=96&d=mm&r=g","url":"https:\/\/secure.gravatar.com\/avatar\/ac5001d2a36cb6c6cd3e50789007ffca834b477b74a2144564522e944eabff61?s=96&d=mm&r=g","contentUrl":"https:\/\/secure.gravatar.com\/avatar\/ac5001d2a36cb6c6cd3e50789007ffca834b477b74a2144564522e944eabff61?s=96&d=mm&r=g","caption":"thomas.berner"},"url":"https:\/\/www.organisator.ch\/fr\/author\/thomas-berner\/"}]}},"_links":{"self":[{"href":"https:\/\/www.organisator.ch\/fr\/wp-json\/wp\/v2\/posts\/20920","targetHints":{"allow":["GET"]}}],"collection":[{"href":"https:\/\/www.organisator.ch\/fr\/wp-json\/wp\/v2\/posts"}],"about":[{"href":"https:\/\/www.organisator.ch\/fr\/wp-json\/wp\/v2\/types\/post"}],"author":[{"embeddable":true,"href":"https:\/\/www.organisator.ch\/fr\/wp-json\/wp\/v2\/users\/4"}],"replies":[{"embeddable":true,"href":"https:\/\/www.organisator.ch\/fr\/wp-json\/wp\/v2\/comments?post=20920"}],"version-history":[{"count":1,"href":"https:\/\/www.organisator.ch\/fr\/wp-json\/wp\/v2\/posts\/20920\/revisions"}],"predecessor-version":[{"id":20922,"href":"https:\/\/www.organisator.ch\/fr\/wp-json\/wp\/v2\/posts\/20920\/revisions\/20922"}],"wp:featuredmedia":[{"embeddable":true,"href":"https:\/\/www.organisator.ch\/fr\/wp-json\/wp\/v2\/media\/20921"}],"wp:attachment":[{"href":"https:\/\/www.organisator.ch\/fr\/wp-json\/wp\/v2\/media?parent=20920"}],"wp:term":[{"taxonomy":"category","embeddable":true,"href":"https:\/\/www.organisator.ch\/fr\/wp-json\/wp\/v2\/categories?post=20920"},{"taxonomy":"post_tag","embeddable":true,"href":"https:\/\/www.organisator.ch\/fr\/wp-json\/wp\/v2\/tags?post=20920"}],"curies":[{"name":"wp","href":"https:\/\/api.w.org\/{rel}","templated":true}]}}