{"id":20930,"date":"2023-07-04T13:18:23","date_gmt":"2023-07-04T11:18:23","guid":{"rendered":"https:\/\/www.organisator.ch\/?p=20930"},"modified":"2023-07-04T13:18:23","modified_gmt":"2023-07-04T11:18:23","slug":"avadis-vorsorge-ag-wechsel-in-der-geschaeftsleitung","status":"publish","type":"post","link":"https:\/\/www.organisator.ch\/fr\/management\/2023-07-04\/avadis-vorsorge-ag-wechsel-in-der-geschaeftsleitung\/","title":{"rendered":"Avadis Vorsorge AG : Changement au sein de la direction"},"content":{"rendered":"<figure id=\"attachment_20931\" aria-describedby=\"caption-attachment-20931\" style=\"width: 680px\" class=\"wp-caption alignnone\"><img loading=\"lazy\" decoding=\"async\" class=\"size-full wp-image-20931\" src=\"https:\/\/www.organisator.ch\/wp-content\/uploads\/2023\/07\/Avadis-Vorsorge-AG-Wechsel-in-der-Geschaeftsleitung_Organisator.jpg\" alt=\"\" width=\"680\" height=\"486\" srcset=\"https:\/\/www.organisator.ch\/wp-content\/uploads\/2023\/07\/Avadis-Vorsorge-AG-Wechsel-in-der-Geschaeftsleitung_Organisator.jpg 680w, https:\/\/www.organisator.ch\/wp-content\/uploads\/2023\/07\/Avadis-Vorsorge-AG-Wechsel-in-der-Geschaeftsleitung_Organisator-18x12.jpg 18w, https:\/\/www.organisator.ch\/wp-content\/uploads\/2023\/07\/Avadis-Vorsorge-AG-Wechsel-in-der-Geschaeftsleitung_Organisator-375x268.jpg 375w, https:\/\/www.organisator.ch\/wp-content\/uploads\/2023\/07\/Avadis-Vorsorge-AG-Wechsel-in-der-Geschaeftsleitung_Organisator-490x350.jpg 490w\" sizes=\"auto, (max-width: 680px) 100vw, 680px\" \/><figcaption id=\"caption-attachment-20931\" class=\"wp-caption-text\">Chez Avadis Pr\u00e9voyance SA, Christian Zoss succ\u00e8de \u00e0 Claudia Emele. (Photo zVg \/ Avadis)<\/figcaption><\/figure>\n<p>Un changement intervient au sein de la direction d'Avadis Pr\u00e9voyance SA, qui g\u00e8re des caisses de pension autonomes et des fondations collectives ainsi que ses propres fondations de placement des marques Avadis et AFIAA avec une fortune totale d'environ CHF 14 milliards : Christian Zoss succ\u00e8de \u00e0 Claudia Emele, qui souhaite se concentrer sur la gestion et le d\u00e9veloppement des fondations de placement Avadis. \"Avec Christian Zoss, nous renfor\u00e7ons la direction avec une grande exp\u00e9rience du march\u00e9 dans le domaine du placement de fortune\", souligne le CEO Benno Halter. \"Nous sommes heureux d'avoir trouv\u00e9 une excellente solution de succession interne\". Christian Zoss travaille chez Avadis depuis l'\u00e9t\u00e9 2016 en tant que responsable de la distribution des placements. Auparavant, il \u00e9tait responsable du suivi des clients institutionnels aupr\u00e8s de diff\u00e9rentes banques et gestionnaires de fortune en Suisse. A 51 ans, il est \u00e9conomiste d'entreprise et Chartered Alternative Investment Analyst (CAIA).<\/p>\n<p>Dr Claudia Emele reste \u00e0 la disposition de l'entreprise en tant que directrice des fondations de placement Avadis et se concentrera davantage sur le d\u00e9veloppement et l'extension des domaines de la durabilit\u00e9 et du d\u00e9veloppement de produits. \"Nous remercions Claudia Emele pour son engagement et nous r\u00e9jouissons de pouvoir continuer \u00e0 compter sur elle\", d\u00e9clare Benno Halter.<\/p>\n<p>Le changement de personne au sein de la direction d'Avadis Pr\u00e9voyance SA a lieu sous r\u00e9serve de l'approbation par la FINMA.<\/p>\n<p><a href=\"http:\/\/www.avadis.ch\"><em>Plus d'informations<\/em><\/a><\/p>","protected":false},"excerpt":{"rendered":"<p>Depuis le 1er juillet 2023, Christian Zoss est le nouveau membre de la direction d'Avadis Pr\u00e9voyance SA. Il assume la responsabilit\u00e9 globale du domaine Placements de fortune, qui comprend les mandats de gestion de fortune d'Avadis et les fondations de placement Avadis.<\/p>","protected":false},"author":4,"featured_media":20931,"comment_status":"closed","ping_status":"closed","sticky":false,"template":"","format":"standard","meta":{"_acf_changed":false,"_yoast_wpseo_focuskw":"Avadis Vorsorge","_yoast_wpseo_metadesc":"Christian Zoss ist neues GL-Mitglied der Avadis Vorsorge AG. Er \u00fcbernimmt die Gesamtverantwortung f\u00fcr den Bereich Verm\u00f6gensanlagen.","articlekey":"","footnotes":""},"categories":[28],"tags":[335,381,516],"class_list":["post-20930","post","type-post","status-publish","format-standard","has-post-thumbnail","hentry","category-management","tag-management-und-unternehmensfuehrung","tag-personalia","tag-vorsorge"],"acf":[],"yoast_head":"<!-- This site is optimized with the Yoast SEO plugin v27.5 - https:\/\/yoast.com\/product\/yoast-seo-wordpress\/ -->\n<title>Avadis Vorsorge AG: Wechsel in der Gesch\u00e4ftsleitung - Organisator<\/title>\n<meta name=\"description\" content=\"Christian Zoss ist neues GL-Mitglied der Avadis Vorsorge AG. Er \u00fcbernimmt die Gesamtverantwortung f\u00fcr den Bereich Verm\u00f6gensanlagen.\" \/>\n<meta name=\"robots\" content=\"index, follow, max-snippet:-1, max-image-preview:large, max-video-preview:-1\" \/>\n<link rel=\"canonical\" href=\"https:\/\/www.organisator.ch\/fr\/gestion-2\/2023-07-04\/avadis-vorsorge-ag-wechsel-in-der-geschaeftsleitung\/\" \/>\n<meta property=\"og:locale\" content=\"fr_FR\" \/>\n<meta property=\"og:type\" content=\"article\" \/>\n<meta property=\"og:title\" content=\"Avadis Vorsorge AG: Wechsel in der Gesch\u00e4ftsleitung\" \/>\n<meta property=\"og:description\" content=\"Christian Zoss ist neues GL-Mitglied der Avadis Vorsorge AG. Er \u00fcbernimmt die Gesamtverantwortung f\u00fcr den Bereich Verm\u00f6gensanlagen.\" \/>\n<meta property=\"og:url\" content=\"https:\/\/www.organisator.ch\/fr\/gestion-2\/2023-07-04\/avadis-vorsorge-ag-wechsel-in-der-geschaeftsleitung\/\" \/>\n<meta property=\"og:site_name\" content=\"Organisator\" \/>\n<meta property=\"article:publisher\" content=\"https:\/\/www.facebook.com\/OrganisatorFachmagazin\" \/>\n<meta property=\"article:published_time\" content=\"2023-07-04T11:18:23+00:00\" \/>\n<meta property=\"og:image\" content=\"https:\/\/www.organisator.ch\/wp-content\/uploads\/2023\/07\/Avadis-Vorsorge-AG-Wechsel-in-der-Geschaeftsleitung_Organisator.jpg\" \/>\n\t<meta property=\"og:image:width\" content=\"680\" \/>\n\t<meta property=\"og:image:height\" content=\"486\" \/>\n\t<meta property=\"og:image:type\" content=\"image\/jpeg\" \/>\n<meta name=\"author\" content=\"thomas.berner\" \/>\n<meta name=\"twitter:card\" content=\"summary_large_image\" \/>\n<meta name=\"twitter:title\" content=\"#Avadis Vorsorge AG: Wechsel in der #Gesch\u00e4ftsleitung\" \/>\n<meta name=\"twitter:description\" content=\"Christian #Zoss ist neues GL-Mitglied der #Avadis Vorsorge AG. Er \u00fcbernimmt die Gesamtverantwortung f\u00fcr den Bereich #Verm\u00f6gensanlagen.\" \/>\n<meta name=\"twitter:image\" content=\"https:\/\/www.organisator.ch\/wp-content\/uploads\/2023\/07\/Avadis-Vorsorge-AG-Wechsel-in-der-Geschaeftsleitung_Organisator.jpg\" \/>\n<script type=\"application\/ld+json\" class=\"yoast-schema-graph\">{\"@context\":\"https:\\\/\\\/schema.org\",\"@graph\":[{\"@type\":\"Article\",\"@id\":\"https:\\\/\\\/www.organisator.ch\\\/management\\\/2023-07-04\\\/avadis-vorsorge-ag-wechsel-in-der-geschaeftsleitung\\\/#article\",\"isPartOf\":{\"@id\":\"https:\\\/\\\/www.organisator.ch\\\/management\\\/2023-07-04\\\/avadis-vorsorge-ag-wechsel-in-der-geschaeftsleitung\\\/\"},\"author\":{\"name\":\"thomas.berner\",\"@id\":\"https:\\\/\\\/www.organisator.ch\\\/#\\\/schema\\\/person\\\/6f650f90b2842cd4c0cc334b4e36f67e\"},\"headline\":\"Avadis Vorsorge AG: Wechsel in der Gesch\u00e4ftsleitung\",\"datePublished\":\"2023-07-04T11:18:23+00:00\",\"mainEntityOfPage\":{\"@id\":\"https:\\\/\\\/www.organisator.ch\\\/management\\\/2023-07-04\\\/avadis-vorsorge-ag-wechsel-in-der-geschaeftsleitung\\\/\"},\"wordCount\":242,\"publisher\":{\"@id\":\"https:\\\/\\\/www.organisator.ch\\\/#organization\"},\"image\":{\"@id\":\"https:\\\/\\\/www.organisator.ch\\\/management\\\/2023-07-04\\\/avadis-vorsorge-ag-wechsel-in-der-geschaeftsleitung\\\/#primaryimage\"},\"thumbnailUrl\":\"https:\\\/\\\/www.organisator.ch\\\/wp-content\\\/uploads\\\/2023\\\/07\\\/Avadis-Vorsorge-AG-Wechsel-in-der-Geschaeftsleitung_Organisator.jpg\",\"keywords\":[\"Management und Unternehmensf\u00fchrung\",\"Personalia\",\"Vorsorge\"],\"articleSection\":[\"MANAGEMENT\"],\"inLanguage\":\"fr-FR\"},{\"@type\":\"WebPage\",\"@id\":\"https:\\\/\\\/www.organisator.ch\\\/management\\\/2023-07-04\\\/avadis-vorsorge-ag-wechsel-in-der-geschaeftsleitung\\\/\",\"url\":\"https:\\\/\\\/www.organisator.ch\\\/management\\\/2023-07-04\\\/avadis-vorsorge-ag-wechsel-in-der-geschaeftsleitung\\\/\",\"name\":\"Avadis Vorsorge AG: Wechsel in der Gesch\u00e4ftsleitung - Organisator\",\"isPartOf\":{\"@id\":\"https:\\\/\\\/www.organisator.ch\\\/#website\"},\"primaryImageOfPage\":{\"@id\":\"https:\\\/\\\/www.organisator.ch\\\/management\\\/2023-07-04\\\/avadis-vorsorge-ag-wechsel-in-der-geschaeftsleitung\\\/#primaryimage\"},\"image\":{\"@id\":\"https:\\\/\\\/www.organisator.ch\\\/management\\\/2023-07-04\\\/avadis-vorsorge-ag-wechsel-in-der-geschaeftsleitung\\\/#primaryimage\"},\"thumbnailUrl\":\"https:\\\/\\\/www.organisator.ch\\\/wp-content\\\/uploads\\\/2023\\\/07\\\/Avadis-Vorsorge-AG-Wechsel-in-der-Geschaeftsleitung_Organisator.jpg\",\"datePublished\":\"2023-07-04T11:18:23+00:00\",\"description\":\"Christian Zoss ist neues GL-Mitglied der Avadis Vorsorge AG. Er \u00fcbernimmt die Gesamtverantwortung f\u00fcr den Bereich Verm\u00f6gensanlagen.\",\"breadcrumb\":{\"@id\":\"https:\\\/\\\/www.organisator.ch\\\/management\\\/2023-07-04\\\/avadis-vorsorge-ag-wechsel-in-der-geschaeftsleitung\\\/#breadcrumb\"},\"inLanguage\":\"fr-FR\",\"potentialAction\":[{\"@type\":\"ReadAction\",\"target\":[\"https:\\\/\\\/www.organisator.ch\\\/management\\\/2023-07-04\\\/avadis-vorsorge-ag-wechsel-in-der-geschaeftsleitung\\\/\"]}]},{\"@type\":\"ImageObject\",\"inLanguage\":\"fr-FR\",\"@id\":\"https:\\\/\\\/www.organisator.ch\\\/management\\\/2023-07-04\\\/avadis-vorsorge-ag-wechsel-in-der-geschaeftsleitung\\\/#primaryimage\",\"url\":\"https:\\\/\\\/www.organisator.ch\\\/wp-content\\\/uploads\\\/2023\\\/07\\\/Avadis-Vorsorge-AG-Wechsel-in-der-Geschaeftsleitung_Organisator.jpg\",\"contentUrl\":\"https:\\\/\\\/www.organisator.ch\\\/wp-content\\\/uploads\\\/2023\\\/07\\\/Avadis-Vorsorge-AG-Wechsel-in-der-Geschaeftsleitung_Organisator.jpg\",\"width\":680,\"height\":486,\"caption\":\"Bei der Avadis Vorsorge AG folgt Christian Zoss auf Claudia Emele. (Bild zVg \\\/ Avadis)\"},{\"@type\":\"BreadcrumbList\",\"@id\":\"https:\\\/\\\/www.organisator.ch\\\/management\\\/2023-07-04\\\/avadis-vorsorge-ag-wechsel-in-der-geschaeftsleitung\\\/#breadcrumb\",\"itemListElement\":[{\"@type\":\"ListItem\",\"position\":1,\"name\":\"Home\",\"item\":\"https:\\\/\\\/www.organisator.ch\\\/\"},{\"@type\":\"ListItem\",\"position\":2,\"name\":\"Avadis Vorsorge AG: Wechsel in der Gesch\u00e4ftsleitung\"}]},{\"@type\":\"WebSite\",\"@id\":\"https:\\\/\\\/www.organisator.ch\\\/#website\",\"url\":\"https:\\\/\\\/www.organisator.ch\\\/\",\"name\":\"Organisator\",\"description\":\"Kompetent. Praxisnah. Der ORGANISATOR bereitet in 10 Ausgaben pro Jahr die wesentlichen Themen f\u00fcr F\u00fchrungskr\u00e4fte von KMU auf.\",\"publisher\":{\"@id\":\"https:\\\/\\\/www.organisator.ch\\\/#organization\"},\"potentialAction\":[{\"@type\":\"SearchAction\",\"target\":{\"@type\":\"EntryPoint\",\"urlTemplate\":\"https:\\\/\\\/www.organisator.ch\\\/?s={search_term_string}\"},\"query-input\":{\"@type\":\"PropertyValueSpecification\",\"valueRequired\":true,\"valueName\":\"search_term_string\"}}],\"inLanguage\":\"fr-FR\"},{\"@type\":\"Organization\",\"@id\":\"https:\\\/\\\/www.organisator.ch\\\/#organization\",\"name\":\"Organisator\",\"url\":\"https:\\\/\\\/www.organisator.ch\\\/\",\"logo\":{\"@type\":\"ImageObject\",\"inLanguage\":\"fr-FR\",\"@id\":\"https:\\\/\\\/www.organisator.ch\\\/#\\\/schema\\\/logo\\\/image\\\/\",\"url\":\"https:\\\/\\\/www.organisator.ch\\\/wp-content\\\/uploads\\\/2022\\\/01\\\/Logo_Organisator_Website.png\",\"contentUrl\":\"https:\\\/\\\/www.organisator.ch\\\/wp-content\\\/uploads\\\/2022\\\/01\\\/Logo_Organisator_Website.png\",\"width\":800,\"height\":77,\"caption\":\"Organisator\"},\"image\":{\"@id\":\"https:\\\/\\\/www.organisator.ch\\\/#\\\/schema\\\/logo\\\/image\\\/\"},\"sameAs\":[\"https:\\\/\\\/www.facebook.com\\\/OrganisatorFachmagazin\",\"https:\\\/\\\/www.linkedin.com\\\/showcase\\\/organisator-das-magazin-fr-kmu\",\"https:\\\/\\\/www.xing.com\\\/news\\\/pages\\\/organisator-ch-695\",\"https:\\\/\\\/www.youtube.com\\\/channel\\\/UCGP2Sq0iWaZwT3BdIAQFYpw\"]},{\"@type\":\"Person\",\"@id\":\"https:\\\/\\\/www.organisator.ch\\\/#\\\/schema\\\/person\\\/6f650f90b2842cd4c0cc334b4e36f67e\",\"name\":\"thomas.berner\",\"image\":{\"@type\":\"ImageObject\",\"inLanguage\":\"fr-FR\",\"@id\":\"https:\\\/\\\/secure.gravatar.com\\\/avatar\\\/ac5001d2a36cb6c6cd3e50789007ffca834b477b74a2144564522e944eabff61?s=96&d=mm&r=g\",\"url\":\"https:\\\/\\\/secure.gravatar.com\\\/avatar\\\/ac5001d2a36cb6c6cd3e50789007ffca834b477b74a2144564522e944eabff61?s=96&d=mm&r=g\",\"contentUrl\":\"https:\\\/\\\/secure.gravatar.com\\\/avatar\\\/ac5001d2a36cb6c6cd3e50789007ffca834b477b74a2144564522e944eabff61?s=96&d=mm&r=g\",\"caption\":\"thomas.berner\"},\"url\":\"https:\\\/\\\/www.organisator.ch\\\/fr\\\/author\\\/thomas-berner\\\/\"}]}<\/script>\n<!-- \/ Yoast SEO plugin. -->","yoast_head_json":{"title":"Avadis Vorsorge AG : Changement au sein de la direction - Organisateur","description":"Christian Zoss est le nouveau membre de la direction d'Avadis Pr\u00e9voyance SA. Il assume la responsabilit\u00e9 g\u00e9n\u00e9rale du domaine des placements de fortune.","robots":{"index":"index","follow":"follow","max-snippet":"max-snippet:-1","max-image-preview":"max-image-preview:large","max-video-preview":"max-video-preview:-1"},"canonical":"https:\/\/www.organisator.ch\/fr\/gestion-2\/2023-07-04\/avadis-vorsorge-ag-wechsel-in-der-geschaeftsleitung\/","og_locale":"fr_FR","og_type":"article","og_title":"Avadis Vorsorge AG: Wechsel in der Gesch\u00e4ftsleitung","og_description":"Christian Zoss ist neues GL-Mitglied der Avadis Vorsorge AG. Er \u00fcbernimmt die Gesamtverantwortung f\u00fcr den Bereich Verm\u00f6gensanlagen.","og_url":"https:\/\/www.organisator.ch\/fr\/gestion-2\/2023-07-04\/avadis-vorsorge-ag-wechsel-in-der-geschaeftsleitung\/","og_site_name":"Organisator","article_publisher":"https:\/\/www.facebook.com\/OrganisatorFachmagazin","article_published_time":"2023-07-04T11:18:23+00:00","og_image":[{"width":680,"height":486,"url":"https:\/\/www.organisator.ch\/wp-content\/uploads\/2023\/07\/Avadis-Vorsorge-AG-Wechsel-in-der-Geschaeftsleitung_Organisator.jpg","type":"image\/jpeg"}],"author":"thomas.berner","twitter_card":"summary_large_image","twitter_title":"#Avadis Vorsorge AG: Wechsel in der #Gesch\u00e4ftsleitung","twitter_description":"Christian #Zoss ist neues GL-Mitglied der #Avadis Vorsorge AG. Er \u00fcbernimmt die Gesamtverantwortung f\u00fcr den Bereich #Verm\u00f6gensanlagen.","twitter_image":"https:\/\/www.organisator.ch\/wp-content\/uploads\/2023\/07\/Avadis-Vorsorge-AG-Wechsel-in-der-Geschaeftsleitung_Organisator.jpg","schema":{"@context":"https:\/\/schema.org","@graph":[{"@type":"Article","@id":"https:\/\/www.organisator.ch\/management\/2023-07-04\/avadis-vorsorge-ag-wechsel-in-der-geschaeftsleitung\/#article","isPartOf":{"@id":"https:\/\/www.organisator.ch\/management\/2023-07-04\/avadis-vorsorge-ag-wechsel-in-der-geschaeftsleitung\/"},"author":{"name":"thomas.berner","@id":"https:\/\/www.organisator.ch\/#\/schema\/person\/6f650f90b2842cd4c0cc334b4e36f67e"},"headline":"Avadis Vorsorge AG: Wechsel in der Gesch\u00e4ftsleitung","datePublished":"2023-07-04T11:18:23+00:00","mainEntityOfPage":{"@id":"https:\/\/www.organisator.ch\/management\/2023-07-04\/avadis-vorsorge-ag-wechsel-in-der-geschaeftsleitung\/"},"wordCount":242,"publisher":{"@id":"https:\/\/www.organisator.ch\/#organization"},"image":{"@id":"https:\/\/www.organisator.ch\/management\/2023-07-04\/avadis-vorsorge-ag-wechsel-in-der-geschaeftsleitung\/#primaryimage"},"thumbnailUrl":"https:\/\/www.organisator.ch\/wp-content\/uploads\/2023\/07\/Avadis-Vorsorge-AG-Wechsel-in-der-Geschaeftsleitung_Organisator.jpg","keywords":["Management und Unternehmensf\u00fchrung","Personalia","Vorsorge"],"articleSection":["MANAGEMENT"],"inLanguage":"fr-FR"},{"@type":"WebPage","@id":"https:\/\/www.organisator.ch\/management\/2023-07-04\/avadis-vorsorge-ag-wechsel-in-der-geschaeftsleitung\/","url":"https:\/\/www.organisator.ch\/management\/2023-07-04\/avadis-vorsorge-ag-wechsel-in-der-geschaeftsleitung\/","name":"Avadis Vorsorge AG : Changement au sein de la direction - Organisateur","isPartOf":{"@id":"https:\/\/www.organisator.ch\/#website"},"primaryImageOfPage":{"@id":"https:\/\/www.organisator.ch\/management\/2023-07-04\/avadis-vorsorge-ag-wechsel-in-der-geschaeftsleitung\/#primaryimage"},"image":{"@id":"https:\/\/www.organisator.ch\/management\/2023-07-04\/avadis-vorsorge-ag-wechsel-in-der-geschaeftsleitung\/#primaryimage"},"thumbnailUrl":"https:\/\/www.organisator.ch\/wp-content\/uploads\/2023\/07\/Avadis-Vorsorge-AG-Wechsel-in-der-Geschaeftsleitung_Organisator.jpg","datePublished":"2023-07-04T11:18:23+00:00","description":"Christian Zoss est le nouveau membre de la direction d'Avadis Pr\u00e9voyance SA. Il assume la responsabilit\u00e9 g\u00e9n\u00e9rale du domaine des placements de fortune.","breadcrumb":{"@id":"https:\/\/www.organisator.ch\/management\/2023-07-04\/avadis-vorsorge-ag-wechsel-in-der-geschaeftsleitung\/#breadcrumb"},"inLanguage":"fr-FR","potentialAction":[{"@type":"ReadAction","target":["https:\/\/www.organisator.ch\/management\/2023-07-04\/avadis-vorsorge-ag-wechsel-in-der-geschaeftsleitung\/"]}]},{"@type":"ImageObject","inLanguage":"fr-FR","@id":"https:\/\/www.organisator.ch\/management\/2023-07-04\/avadis-vorsorge-ag-wechsel-in-der-geschaeftsleitung\/#primaryimage","url":"https:\/\/www.organisator.ch\/wp-content\/uploads\/2023\/07\/Avadis-Vorsorge-AG-Wechsel-in-der-Geschaeftsleitung_Organisator.jpg","contentUrl":"https:\/\/www.organisator.ch\/wp-content\/uploads\/2023\/07\/Avadis-Vorsorge-AG-Wechsel-in-der-Geschaeftsleitung_Organisator.jpg","width":680,"height":486,"caption":"Bei der Avadis Vorsorge AG folgt Christian Zoss auf Claudia Emele. (Bild zVg \/ Avadis)"},{"@type":"BreadcrumbList","@id":"https:\/\/www.organisator.ch\/management\/2023-07-04\/avadis-vorsorge-ag-wechsel-in-der-geschaeftsleitung\/#breadcrumb","itemListElement":[{"@type":"ListItem","position":1,"name":"Home","item":"https:\/\/www.organisator.ch\/"},{"@type":"ListItem","position":2,"name":"Avadis Vorsorge AG: Wechsel in der Gesch\u00e4ftsleitung"}]},{"@type":"WebSite","@id":"https:\/\/www.organisator.ch\/#website","url":"https:\/\/www.organisator.ch\/","name":"Organisateur","description":"Comp\u00e9tence et comp\u00e9tence. Proches de la pratique. L'ORGANISATEUR pr\u00e9pare 10 num\u00e9ros par an sur les th\u00e8mes essentiels pour les dirigeants de PME.","publisher":{"@id":"https:\/\/www.organisator.ch\/#organization"},"potentialAction":[{"@type":"SearchAction","target":{"@type":"EntryPoint","urlTemplate":"https:\/\/www.organisator.ch\/?s={search_term_string}"},"query-input":{"@type":"PropertyValueSpecification","valueRequired":true,"valueName":"search_term_string"}}],"inLanguage":"fr-FR"},{"@type":"Organization","@id":"https:\/\/www.organisator.ch\/#organization","name":"Organisateur","url":"https:\/\/www.organisator.ch\/","logo":{"@type":"ImageObject","inLanguage":"fr-FR","@id":"https:\/\/www.organisator.ch\/#\/schema\/logo\/image\/","url":"https:\/\/www.organisator.ch\/wp-content\/uploads\/2022\/01\/Logo_Organisator_Website.png","contentUrl":"https:\/\/www.organisator.ch\/wp-content\/uploads\/2022\/01\/Logo_Organisator_Website.png","width":800,"height":77,"caption":"Organisator"},"image":{"@id":"https:\/\/www.organisator.ch\/#\/schema\/logo\/image\/"},"sameAs":["https:\/\/www.facebook.com\/OrganisatorFachmagazin","https:\/\/www.linkedin.com\/showcase\/organisator-das-magazin-fr-kmu","https:\/\/www.xing.com\/news\/pages\/organisator-ch-695","https:\/\/www.youtube.com\/channel\/UCGP2Sq0iWaZwT3BdIAQFYpw"]},{"@type":"Person","@id":"https:\/\/www.organisator.ch\/#\/schema\/person\/6f650f90b2842cd4c0cc334b4e36f67e","name":"thomas.berner","image":{"@type":"ImageObject","inLanguage":"fr-FR","@id":"https:\/\/secure.gravatar.com\/avatar\/ac5001d2a36cb6c6cd3e50789007ffca834b477b74a2144564522e944eabff61?s=96&d=mm&r=g","url":"https:\/\/secure.gravatar.com\/avatar\/ac5001d2a36cb6c6cd3e50789007ffca834b477b74a2144564522e944eabff61?s=96&d=mm&r=g","contentUrl":"https:\/\/secure.gravatar.com\/avatar\/ac5001d2a36cb6c6cd3e50789007ffca834b477b74a2144564522e944eabff61?s=96&d=mm&r=g","caption":"thomas.berner"},"url":"https:\/\/www.organisator.ch\/fr\/author\/thomas-berner\/"}]}},"_links":{"self":[{"href":"https:\/\/www.organisator.ch\/fr\/wp-json\/wp\/v2\/posts\/20930","targetHints":{"allow":["GET"]}}],"collection":[{"href":"https:\/\/www.organisator.ch\/fr\/wp-json\/wp\/v2\/posts"}],"about":[{"href":"https:\/\/www.organisator.ch\/fr\/wp-json\/wp\/v2\/types\/post"}],"author":[{"embeddable":true,"href":"https:\/\/www.organisator.ch\/fr\/wp-json\/wp\/v2\/users\/4"}],"replies":[{"embeddable":true,"href":"https:\/\/www.organisator.ch\/fr\/wp-json\/wp\/v2\/comments?post=20930"}],"version-history":[{"count":1,"href":"https:\/\/www.organisator.ch\/fr\/wp-json\/wp\/v2\/posts\/20930\/revisions"}],"predecessor-version":[{"id":20932,"href":"https:\/\/www.organisator.ch\/fr\/wp-json\/wp\/v2\/posts\/20930\/revisions\/20932"}],"wp:featuredmedia":[{"embeddable":true,"href":"https:\/\/www.organisator.ch\/fr\/wp-json\/wp\/v2\/media\/20931"}],"wp:attachment":[{"href":"https:\/\/www.organisator.ch\/fr\/wp-json\/wp\/v2\/media?parent=20930"}],"wp:term":[{"taxonomy":"category","embeddable":true,"href":"https:\/\/www.organisator.ch\/fr\/wp-json\/wp\/v2\/categories?post=20930"},{"taxonomy":"post_tag","embeddable":true,"href":"https:\/\/www.organisator.ch\/fr\/wp-json\/wp\/v2\/tags?post=20930"}],"curies":[{"name":"wp","href":"https:\/\/api.w.org\/{rel}","templated":true}]}}