{"id":20951,"date":"2023-07-05T13:46:40","date_gmt":"2023-07-05T11:46:40","guid":{"rendered":"https:\/\/www.werbewoche.ch\/?p=200457"},"modified":"2024-11-15T06:16:10","modified_gmt":"2024-11-15T05:16:10","slug":"zkb-jan-hendrik-voelker-albert-uebernimmt-kommunikation","status":"publish","type":"post","link":"https:\/\/www.organisator.ch\/fr\/marketing\/2023-07-05\/zkb-jan-hendrik-voelker-albert-uebernimmt-kommunikation\/","title":{"rendered":"ZKB : Jan-Hendrik V\u00f6lker-Albert prend en charge la communication"},"content":{"rendered":"<p><img class=\"alignnone wp-image-200261 size-full\" src=\"https:\/\/www.werbewoche.ch\/wp-content\/uploads\/2023\/06\/jan-hendrik-voelker-albert-ausruhen-scaled-e1688557552709.jpg\" alt=\"Marketing de la BCZ\" width=\"737\" height=\"533\" \/><\/p>\r\n<p>La Banque cantonale de Zurich (ZKB) fusionne le marketing et la communication d'entreprise. C'est ce qu'annonce l'institut financier via un communiqu\u00e9 de presse. Jan-Hendrik V\u00f6lker-Albert, Chief Marketing and Branding Officer de la ZKB depuis janvier, dirigera le nouveau d\u00e9partement - ce qui permettra une meilleure communication avec les clients. <span class=\"ILfuVd\" lang=\"de\"><span class=\"hgKElc\">\"<\/span><\/span>utilisation optimale des synergies existantes<span class=\"ILfuVd\" lang=\"de\"><span class=\"hgKElc\">\"<\/span><\/span> et cr\u00e9e une unit\u00e9 de marketing et de communication int\u00e9gr\u00e9e et efficace, selon la banque cantonale.<\/p>\r\n<p>V\u00f6lker-Albert avait quitt\u00e9 le cabinet de conseil PricewaterhouseCoopers (PwC), o\u00f9 il \u00e9tait responsable du marketing et de la communication au niveau europ\u00e9en, pour rejoindre la ZKB. Auparavant, il avait occup\u00e9 des postes de direction aux CFF et chez BBDO Consulting.<\/p>\r\n<h3>Dagmar Laub rejoint l'Association des banquiers<\/h3>\r\n<p>L'ancienne responsable de la communication de la ZKB, Dagmar Laub, rejoint quant \u00e0 elle l'Association suisse des banquiers (ASB). Elle y reprend le poste de responsable de la communication et des affaires publiques. La Banque Cantonale de Zurich regrette son d\u00e9part, car elle a contribu\u00e9 \u00e0 la r\u00e9ussite de la banque. <span class=\"ILfuVd\" lang=\"de\"><span class=\"hgKElc\">\"<\/span><\/span>Depuis son entr\u00e9e en fonction, elle a r\u00e9organis\u00e9 la communication de la banque et mis en place le d\u00e9partement des affaires publiques.<span class=\"ILfuVd\" lang=\"de\"><span class=\"hgKElc\">\"<\/span><\/span><\/p>","protected":false},"excerpt":{"rendered":"<p>Depuis janvier 2023, Jan-Hendrik V\u00f6lker-Albert est Chief Marketing and Branding Officer de la Z\u00fcrcher Kantonalbank. Il reprend d\u00e9sormais \u00e9galement la communication d'entreprise ; les unit\u00e9s correspondantes seront fusionn\u00e9es.<\/p>","protected":false},"author":8,"featured_media":0,"comment_status":"closed","ping_status":"closed","sticky":false,"template":"","format":"standard","meta":{"_acf_changed":false,"_yoast_wpseo_focuskw":"ZKB Marketing","_yoast_wpseo_metadesc":"ZKB b\u00fcndelt Marketing und Unternehmenskommunikation. Jan-Hendrik V\u00f6lker-Albert \u00fcbernimmt die Leitung der neuen Abteilung.","articlekey":"","footnotes":""},"categories":[29],"tags":[3839,3840,3841],"class_list":["post-20951","post","type-post","status-publish","format-standard","hentry","category-marketing","tag-cco","tag-cmo","tag-jan-hendrik-voelker-albert"],"acf":[],"yoast_head":"<!-- This site is optimized with the Yoast SEO plugin v27.5 - https:\/\/yoast.com\/product\/yoast-seo-wordpress\/ -->\n<title>ZKB: Jan-Hendrik V\u00f6lker-Albert \u00fcbernimmt Kommunikation - Organisator<\/title>\n<meta name=\"description\" content=\"ZKB b\u00fcndelt Marketing und Unternehmenskommunikation. Jan-Hendrik V\u00f6lker-Albert \u00fcbernimmt die Leitung der neuen Abteilung.\" \/>\n<meta name=\"robots\" content=\"index, follow, max-snippet:-1, max-image-preview:large, max-video-preview:-1\" \/>\n<link rel=\"canonical\" href=\"https:\/\/www.organisator.ch\/fr\/marketing\/2023-07-05\/zkb-jan-hendrik-voelker-albert-uebernimmt-kommunikation\/\" \/>\n<meta property=\"og:locale\" content=\"fr_FR\" \/>\n<meta property=\"og:type\" content=\"article\" \/>\n<meta property=\"og:title\" content=\"ZKB: Jan-Hendrik V\u00f6lker-Albert \u00fcbernimmt Kommunikation - Organisator\" \/>\n<meta property=\"og:description\" content=\"ZKB b\u00fcndelt Marketing und Unternehmenskommunikation. Jan-Hendrik V\u00f6lker-Albert \u00fcbernimmt die Leitung der neuen Abteilung.\" \/>\n<meta property=\"og:url\" content=\"https:\/\/www.organisator.ch\/fr\/marketing\/2023-07-05\/zkb-jan-hendrik-voelker-albert-uebernimmt-kommunikation\/\" \/>\n<meta property=\"og:site_name\" content=\"Organisator\" \/>\n<meta property=\"article:publisher\" content=\"https:\/\/www.facebook.com\/OrganisatorFachmagazin\" \/>\n<meta property=\"article:published_time\" content=\"2023-07-05T11:46:40+00:00\" \/>\n<meta property=\"article:modified_time\" content=\"2024-11-15T05:16:10+00:00\" \/>\n<meta name=\"author\" content=\"galledia\" \/>\n<meta name=\"twitter:card\" content=\"summary_large_image\" \/>\n<meta name=\"twitter:creator\" content=\"@admin\" \/>\n<script type=\"application\/ld+json\" class=\"yoast-schema-graph\">{\"@context\":\"https:\\\/\\\/schema.org\",\"@graph\":[{\"@type\":\"Article\",\"@id\":\"https:\\\/\\\/www.organisator.ch\\\/marketing\\\/2023-07-05\\\/zkb-jan-hendrik-voelker-albert-uebernimmt-kommunikation\\\/#article\",\"isPartOf\":{\"@id\":\"https:\\\/\\\/www.organisator.ch\\\/marketing\\\/2023-07-05\\\/zkb-jan-hendrik-voelker-albert-uebernimmt-kommunikation\\\/\"},\"author\":{\"name\":\"galledia\",\"@id\":\"https:\\\/\\\/www.organisator.ch\\\/#\\\/schema\\\/person\\\/4e51799071cd2dd1232ac003643ef5f0\"},\"headline\":\"ZKB: Jan-Hendrik V\u00f6lker-Albert \u00fcbernimmt Kommunikation\",\"datePublished\":\"2023-07-05T11:46:40+00:00\",\"dateModified\":\"2024-11-15T05:16:10+00:00\",\"mainEntityOfPage\":{\"@id\":\"https:\\\/\\\/www.organisator.ch\\\/marketing\\\/2023-07-05\\\/zkb-jan-hendrik-voelker-albert-uebernimmt-kommunikation\\\/\"},\"wordCount\":150,\"publisher\":{\"@id\":\"https:\\\/\\\/www.organisator.ch\\\/#organization\"},\"image\":{\"@id\":\"https:\\\/\\\/www.organisator.ch\\\/marketing\\\/2023-07-05\\\/zkb-jan-hendrik-voelker-albert-uebernimmt-kommunikation\\\/#primaryimage\"},\"thumbnailUrl\":\"https:\\\/\\\/www.werbewoche.ch\\\/wp-content\\\/uploads\\\/2023\\\/06\\\/jan-hendrik-voelker-albert-ausruhen-scaled-e1688557552709.jpg\",\"keywords\":[\"CCO\",\"CMO\",\"Jan-Hendrik V\u00f6lker-Albert\"],\"articleSection\":[\"MARKETING\"],\"inLanguage\":\"fr-FR\"},{\"@type\":\"WebPage\",\"@id\":\"https:\\\/\\\/www.organisator.ch\\\/marketing\\\/2023-07-05\\\/zkb-jan-hendrik-voelker-albert-uebernimmt-kommunikation\\\/\",\"url\":\"https:\\\/\\\/www.organisator.ch\\\/marketing\\\/2023-07-05\\\/zkb-jan-hendrik-voelker-albert-uebernimmt-kommunikation\\\/\",\"name\":\"ZKB: Jan-Hendrik V\u00f6lker-Albert \u00fcbernimmt Kommunikation - Organisator\",\"isPartOf\":{\"@id\":\"https:\\\/\\\/www.organisator.ch\\\/#website\"},\"primaryImageOfPage\":{\"@id\":\"https:\\\/\\\/www.organisator.ch\\\/marketing\\\/2023-07-05\\\/zkb-jan-hendrik-voelker-albert-uebernimmt-kommunikation\\\/#primaryimage\"},\"image\":{\"@id\":\"https:\\\/\\\/www.organisator.ch\\\/marketing\\\/2023-07-05\\\/zkb-jan-hendrik-voelker-albert-uebernimmt-kommunikation\\\/#primaryimage\"},\"thumbnailUrl\":\"https:\\\/\\\/www.werbewoche.ch\\\/wp-content\\\/uploads\\\/2023\\\/06\\\/jan-hendrik-voelker-albert-ausruhen-scaled-e1688557552709.jpg\",\"datePublished\":\"2023-07-05T11:46:40+00:00\",\"dateModified\":\"2024-11-15T05:16:10+00:00\",\"description\":\"ZKB b\u00fcndelt Marketing und Unternehmenskommunikation. Jan-Hendrik V\u00f6lker-Albert \u00fcbernimmt die Leitung der neuen Abteilung.\",\"breadcrumb\":{\"@id\":\"https:\\\/\\\/www.organisator.ch\\\/marketing\\\/2023-07-05\\\/zkb-jan-hendrik-voelker-albert-uebernimmt-kommunikation\\\/#breadcrumb\"},\"inLanguage\":\"fr-FR\",\"potentialAction\":[{\"@type\":\"ReadAction\",\"target\":[\"https:\\\/\\\/www.organisator.ch\\\/marketing\\\/2023-07-05\\\/zkb-jan-hendrik-voelker-albert-uebernimmt-kommunikation\\\/\"]}]},{\"@type\":\"ImageObject\",\"inLanguage\":\"fr-FR\",\"@id\":\"https:\\\/\\\/www.organisator.ch\\\/marketing\\\/2023-07-05\\\/zkb-jan-hendrik-voelker-albert-uebernimmt-kommunikation\\\/#primaryimage\",\"url\":\"https:\\\/\\\/www.werbewoche.ch\\\/wp-content\\\/uploads\\\/2023\\\/06\\\/jan-hendrik-voelker-albert-ausruhen-scaled-e1688557552709.jpg\",\"contentUrl\":\"https:\\\/\\\/www.werbewoche.ch\\\/wp-content\\\/uploads\\\/2023\\\/06\\\/jan-hendrik-voelker-albert-ausruhen-scaled-e1688557552709.jpg\"},{\"@type\":\"BreadcrumbList\",\"@id\":\"https:\\\/\\\/www.organisator.ch\\\/marketing\\\/2023-07-05\\\/zkb-jan-hendrik-voelker-albert-uebernimmt-kommunikation\\\/#breadcrumb\",\"itemListElement\":[{\"@type\":\"ListItem\",\"position\":1,\"name\":\"Home\",\"item\":\"https:\\\/\\\/www.organisator.ch\\\/\"},{\"@type\":\"ListItem\",\"position\":2,\"name\":\"ZKB: Jan-Hendrik V\u00f6lker-Albert \u00fcbernimmt Kommunikation\"}]},{\"@type\":\"WebSite\",\"@id\":\"https:\\\/\\\/www.organisator.ch\\\/#website\",\"url\":\"https:\\\/\\\/www.organisator.ch\\\/\",\"name\":\"Organisator\",\"description\":\"Kompetent. Praxisnah. Der ORGANISATOR bereitet in 10 Ausgaben pro Jahr die wesentlichen Themen f\u00fcr F\u00fchrungskr\u00e4fte von KMU auf.\",\"publisher\":{\"@id\":\"https:\\\/\\\/www.organisator.ch\\\/#organization\"},\"potentialAction\":[{\"@type\":\"SearchAction\",\"target\":{\"@type\":\"EntryPoint\",\"urlTemplate\":\"https:\\\/\\\/www.organisator.ch\\\/?s={search_term_string}\"},\"query-input\":{\"@type\":\"PropertyValueSpecification\",\"valueRequired\":true,\"valueName\":\"search_term_string\"}}],\"inLanguage\":\"fr-FR\"},{\"@type\":\"Organization\",\"@id\":\"https:\\\/\\\/www.organisator.ch\\\/#organization\",\"name\":\"Organisator\",\"url\":\"https:\\\/\\\/www.organisator.ch\\\/\",\"logo\":{\"@type\":\"ImageObject\",\"inLanguage\":\"fr-FR\",\"@id\":\"https:\\\/\\\/www.organisator.ch\\\/#\\\/schema\\\/logo\\\/image\\\/\",\"url\":\"https:\\\/\\\/www.organisator.ch\\\/wp-content\\\/uploads\\\/2022\\\/01\\\/Logo_Organisator_Website.png\",\"contentUrl\":\"https:\\\/\\\/www.organisator.ch\\\/wp-content\\\/uploads\\\/2022\\\/01\\\/Logo_Organisator_Website.png\",\"width\":800,\"height\":77,\"caption\":\"Organisator\"},\"image\":{\"@id\":\"https:\\\/\\\/www.organisator.ch\\\/#\\\/schema\\\/logo\\\/image\\\/\"},\"sameAs\":[\"https:\\\/\\\/www.facebook.com\\\/OrganisatorFachmagazin\",\"https:\\\/\\\/www.linkedin.com\\\/showcase\\\/organisator-das-magazin-fr-kmu\",\"https:\\\/\\\/www.xing.com\\\/news\\\/pages\\\/organisator-ch-695\",\"https:\\\/\\\/www.youtube.com\\\/channel\\\/UCGP2Sq0iWaZwT3BdIAQFYpw\"]},{\"@type\":\"Person\",\"@id\":\"https:\\\/\\\/www.organisator.ch\\\/#\\\/schema\\\/person\\\/4e51799071cd2dd1232ac003643ef5f0\",\"name\":\"galledia\",\"image\":{\"@type\":\"ImageObject\",\"inLanguage\":\"fr-FR\",\"@id\":\"https:\\\/\\\/secure.gravatar.com\\\/avatar\\\/78a7f90c01fc2bfc875782a0d4922b37cde2cf184ce347b91316d23cd7f69a36?s=96&d=mm&r=g\",\"url\":\"https:\\\/\\\/secure.gravatar.com\\\/avatar\\\/78a7f90c01fc2bfc875782a0d4922b37cde2cf184ce347b91316d23cd7f69a36?s=96&d=mm&r=g\",\"contentUrl\":\"https:\\\/\\\/secure.gravatar.com\\\/avatar\\\/78a7f90c01fc2bfc875782a0d4922b37cde2cf184ce347b91316d23cd7f69a36?s=96&d=mm&r=g\",\"caption\":\"galledia\"},\"sameAs\":[\"https:\\\/\\\/x.com\\\/admin\"],\"url\":\"https:\\\/\\\/www.organisator.ch\\\/fr\\\/author\\\/galledia\\\/\"}]}<\/script>\n<!-- \/ Yoast SEO plugin. -->","yoast_head_json":{"title":"ZKB : Jan-Hendrik V\u00f6lker-Albert prend en charge la communication - Organisateur","description":"La ZKB regroupe le marketing et la communication d'entreprise. Jan-Hendrik V\u00f6lker-Albert prend la direction de ce nouveau d\u00e9partement.","robots":{"index":"index","follow":"follow","max-snippet":"max-snippet:-1","max-image-preview":"max-image-preview:large","max-video-preview":"max-video-preview:-1"},"canonical":"https:\/\/www.organisator.ch\/fr\/marketing\/2023-07-05\/zkb-jan-hendrik-voelker-albert-uebernimmt-kommunikation\/","og_locale":"fr_FR","og_type":"article","og_title":"ZKB: Jan-Hendrik V\u00f6lker-Albert \u00fcbernimmt Kommunikation - Organisator","og_description":"ZKB b\u00fcndelt Marketing und Unternehmenskommunikation. Jan-Hendrik V\u00f6lker-Albert \u00fcbernimmt die Leitung der neuen Abteilung.","og_url":"https:\/\/www.organisator.ch\/fr\/marketing\/2023-07-05\/zkb-jan-hendrik-voelker-albert-uebernimmt-kommunikation\/","og_site_name":"Organisator","article_publisher":"https:\/\/www.facebook.com\/OrganisatorFachmagazin","article_published_time":"2023-07-05T11:46:40+00:00","article_modified_time":"2024-11-15T05:16:10+00:00","author":"galledia","twitter_card":"summary_large_image","twitter_creator":"@admin","schema":{"@context":"https:\/\/schema.org","@graph":[{"@type":"Article","@id":"https:\/\/www.organisator.ch\/marketing\/2023-07-05\/zkb-jan-hendrik-voelker-albert-uebernimmt-kommunikation\/#article","isPartOf":{"@id":"https:\/\/www.organisator.ch\/marketing\/2023-07-05\/zkb-jan-hendrik-voelker-albert-uebernimmt-kommunikation\/"},"author":{"name":"galledia","@id":"https:\/\/www.organisator.ch\/#\/schema\/person\/4e51799071cd2dd1232ac003643ef5f0"},"headline":"ZKB: Jan-Hendrik V\u00f6lker-Albert \u00fcbernimmt Kommunikation","datePublished":"2023-07-05T11:46:40+00:00","dateModified":"2024-11-15T05:16:10+00:00","mainEntityOfPage":{"@id":"https:\/\/www.organisator.ch\/marketing\/2023-07-05\/zkb-jan-hendrik-voelker-albert-uebernimmt-kommunikation\/"},"wordCount":150,"publisher":{"@id":"https:\/\/www.organisator.ch\/#organization"},"image":{"@id":"https:\/\/www.organisator.ch\/marketing\/2023-07-05\/zkb-jan-hendrik-voelker-albert-uebernimmt-kommunikation\/#primaryimage"},"thumbnailUrl":"https:\/\/www.werbewoche.ch\/wp-content\/uploads\/2023\/06\/jan-hendrik-voelker-albert-ausruhen-scaled-e1688557552709.jpg","keywords":["CCO","CMO","Jan-Hendrik V\u00f6lker-Albert"],"articleSection":["MARKETING"],"inLanguage":"fr-FR"},{"@type":"WebPage","@id":"https:\/\/www.organisator.ch\/marketing\/2023-07-05\/zkb-jan-hendrik-voelker-albert-uebernimmt-kommunikation\/","url":"https:\/\/www.organisator.ch\/marketing\/2023-07-05\/zkb-jan-hendrik-voelker-albert-uebernimmt-kommunikation\/","name":"ZKB : Jan-Hendrik V\u00f6lker-Albert prend en charge la communication - Organisateur","isPartOf":{"@id":"https:\/\/www.organisator.ch\/#website"},"primaryImageOfPage":{"@id":"https:\/\/www.organisator.ch\/marketing\/2023-07-05\/zkb-jan-hendrik-voelker-albert-uebernimmt-kommunikation\/#primaryimage"},"image":{"@id":"https:\/\/www.organisator.ch\/marketing\/2023-07-05\/zkb-jan-hendrik-voelker-albert-uebernimmt-kommunikation\/#primaryimage"},"thumbnailUrl":"https:\/\/www.werbewoche.ch\/wp-content\/uploads\/2023\/06\/jan-hendrik-voelker-albert-ausruhen-scaled-e1688557552709.jpg","datePublished":"2023-07-05T11:46:40+00:00","dateModified":"2024-11-15T05:16:10+00:00","description":"La ZKB regroupe le marketing et la communication d'entreprise. Jan-Hendrik V\u00f6lker-Albert prend la direction de ce nouveau d\u00e9partement.","breadcrumb":{"@id":"https:\/\/www.organisator.ch\/marketing\/2023-07-05\/zkb-jan-hendrik-voelker-albert-uebernimmt-kommunikation\/#breadcrumb"},"inLanguage":"fr-FR","potentialAction":[{"@type":"ReadAction","target":["https:\/\/www.organisator.ch\/marketing\/2023-07-05\/zkb-jan-hendrik-voelker-albert-uebernimmt-kommunikation\/"]}]},{"@type":"ImageObject","inLanguage":"fr-FR","@id":"https:\/\/www.organisator.ch\/marketing\/2023-07-05\/zkb-jan-hendrik-voelker-albert-uebernimmt-kommunikation\/#primaryimage","url":"https:\/\/www.werbewoche.ch\/wp-content\/uploads\/2023\/06\/jan-hendrik-voelker-albert-ausruhen-scaled-e1688557552709.jpg","contentUrl":"https:\/\/www.werbewoche.ch\/wp-content\/uploads\/2023\/06\/jan-hendrik-voelker-albert-ausruhen-scaled-e1688557552709.jpg"},{"@type":"BreadcrumbList","@id":"https:\/\/www.organisator.ch\/marketing\/2023-07-05\/zkb-jan-hendrik-voelker-albert-uebernimmt-kommunikation\/#breadcrumb","itemListElement":[{"@type":"ListItem","position":1,"name":"Home","item":"https:\/\/www.organisator.ch\/"},{"@type":"ListItem","position":2,"name":"ZKB: Jan-Hendrik V\u00f6lker-Albert \u00fcbernimmt Kommunikation"}]},{"@type":"WebSite","@id":"https:\/\/www.organisator.ch\/#website","url":"https:\/\/www.organisator.ch\/","name":"Organisateur","description":"Comp\u00e9tence et comp\u00e9tence. Proches de la pratique. L'ORGANISATEUR pr\u00e9pare 10 num\u00e9ros par an sur les th\u00e8mes essentiels pour les dirigeants de PME.","publisher":{"@id":"https:\/\/www.organisator.ch\/#organization"},"potentialAction":[{"@type":"SearchAction","target":{"@type":"EntryPoint","urlTemplate":"https:\/\/www.organisator.ch\/?s={search_term_string}"},"query-input":{"@type":"PropertyValueSpecification","valueRequired":true,"valueName":"search_term_string"}}],"inLanguage":"fr-FR"},{"@type":"Organization","@id":"https:\/\/www.organisator.ch\/#organization","name":"Organisateur","url":"https:\/\/www.organisator.ch\/","logo":{"@type":"ImageObject","inLanguage":"fr-FR","@id":"https:\/\/www.organisator.ch\/#\/schema\/logo\/image\/","url":"https:\/\/www.organisator.ch\/wp-content\/uploads\/2022\/01\/Logo_Organisator_Website.png","contentUrl":"https:\/\/www.organisator.ch\/wp-content\/uploads\/2022\/01\/Logo_Organisator_Website.png","width":800,"height":77,"caption":"Organisator"},"image":{"@id":"https:\/\/www.organisator.ch\/#\/schema\/logo\/image\/"},"sameAs":["https:\/\/www.facebook.com\/OrganisatorFachmagazin","https:\/\/www.linkedin.com\/showcase\/organisator-das-magazin-fr-kmu","https:\/\/www.xing.com\/news\/pages\/organisator-ch-695","https:\/\/www.youtube.com\/channel\/UCGP2Sq0iWaZwT3BdIAQFYpw"]},{"@type":"Person","@id":"https:\/\/www.organisator.ch\/#\/schema\/person\/4e51799071cd2dd1232ac003643ef5f0","name":"galledia","image":{"@type":"ImageObject","inLanguage":"fr-FR","@id":"https:\/\/secure.gravatar.com\/avatar\/78a7f90c01fc2bfc875782a0d4922b37cde2cf184ce347b91316d23cd7f69a36?s=96&d=mm&r=g","url":"https:\/\/secure.gravatar.com\/avatar\/78a7f90c01fc2bfc875782a0d4922b37cde2cf184ce347b91316d23cd7f69a36?s=96&d=mm&r=g","contentUrl":"https:\/\/secure.gravatar.com\/avatar\/78a7f90c01fc2bfc875782a0d4922b37cde2cf184ce347b91316d23cd7f69a36?s=96&d=mm&r=g","caption":"galledia"},"sameAs":["https:\/\/x.com\/admin"],"url":"https:\/\/www.organisator.ch\/fr\/author\/galledia\/"}]}},"_links":{"self":[{"href":"https:\/\/www.organisator.ch\/fr\/wp-json\/wp\/v2\/posts\/20951","targetHints":{"allow":["GET"]}}],"collection":[{"href":"https:\/\/www.organisator.ch\/fr\/wp-json\/wp\/v2\/posts"}],"about":[{"href":"https:\/\/www.organisator.ch\/fr\/wp-json\/wp\/v2\/types\/post"}],"author":[{"embeddable":true,"href":"https:\/\/www.organisator.ch\/fr\/wp-json\/wp\/v2\/users\/8"}],"replies":[{"embeddable":true,"href":"https:\/\/www.organisator.ch\/fr\/wp-json\/wp\/v2\/comments?post=20951"}],"version-history":[{"count":3,"href":"https:\/\/www.organisator.ch\/fr\/wp-json\/wp\/v2\/posts\/20951\/revisions"}],"predecessor-version":[{"id":33034,"href":"https:\/\/www.organisator.ch\/fr\/wp-json\/wp\/v2\/posts\/20951\/revisions\/33034"}],"wp:attachment":[{"href":"https:\/\/www.organisator.ch\/fr\/wp-json\/wp\/v2\/media?parent=20951"}],"wp:term":[{"taxonomy":"category","embeddable":true,"href":"https:\/\/www.organisator.ch\/fr\/wp-json\/wp\/v2\/categories?post=20951"},{"taxonomy":"post_tag","embeddable":true,"href":"https:\/\/www.organisator.ch\/fr\/wp-json\/wp\/v2\/tags?post=20951"}],"curies":[{"name":"wp","href":"https:\/\/api.w.org\/{rel}","templated":true}]}}