{"id":210,"date":"2016-04-01T08:55:36","date_gmt":"2016-04-01T06:55:36","guid":{"rendered":"http:\/\/dev.organisator.ch\/?p=210"},"modified":"2016-04-01T08:55:36","modified_gmt":"2016-04-01T06:55:36","slug":"huit-conseils-pour-creer-un-hybride%e2%80%90cloud","status":"publish","type":"post","link":"https:\/\/www.organisator.ch\/fr\/management\/it\/2016-04-01\/acht-tipps-zum-aufbau-einer-hybrid%e2%80%90cloud\/","title":{"rendered":"Huit conseils pour cr\u00e9er un cloud hybride"},"content":{"rendered":"<p><strong>1. analyser l'environnement actuel<\/strong><\/p>\n<p>La premi\u00e8re \u00e9tape d'une mise en \u0153uvre r\u00e9ussie du cloud hybride commence par une analyse des charges de travail actuelles. Il s'agit d'identifier les t\u00e2ches qui sont ad\u00e9quates pour le cloud public, le cloud priv\u00e9 et l'informatique traditionnelle. Les environnements critiques pour l'entreprise et la plupart des donn\u00e9es confidentielles ne sont pas un bon choix pour le cloud public, les exigences r\u00e9glementaires peuvent en principe faire \u00e9chouer cette utilisation. Les charges de travail saisonni\u00e8res, non critiques et les applications \u00e0 dur\u00e9e de vie courte sont id\u00e9ales pour profiter de l'\u00e9volutivit\u00e9 d'un cloud public. Les pics et les creux de trafic sur le web peuvent ainsi \u00eatre absorb\u00e9s.<\/p>\n<p><strong>2. d\u00e9finir clairement les directives et les r\u00e8gles<\/strong><\/p>\n<p>Avec des r\u00e8gles et des directives, les entreprises peuvent documenter les applications et les donn\u00e9es pour lesquelles un cloud priv\u00e9 ou public est appropri\u00e9. Il convient de garder \u00e0 l'esprit les performances et les exigences r\u00e9glementaires, ainsi que les environnements critiques, les restrictions g\u00e9ographiques et les applications strat\u00e9giques de base.<\/p>\n<p><strong>3. penser en dehors de son propre monde informatique<\/strong><\/p>\n<p>Une solution de cloud hybride offre de nouvelles fonctionnalit\u00e9s et technologies. Les entreprises doivent maintenant \u00e9valuer comment cet \u00e9norme potentiel peut servir au mieux leurs activit\u00e9s quotidiennes. C'est l'occasion id\u00e9ale de repenser les processus commerciaux, de rendre l'organisation informatique plus efficace et de l'adapter \u00e0 l'objectif commercial. Vous devriez r\u00e9sister \u00e0 la tentation de reprendre les processus existants dans une solution de cloud hybride. Mieux vaut r\u00e9fl\u00e9chir \u00e0 la mani\u00e8re dont ce nouveau type d'environnement peut \u00eatre utilis\u00e9 afin d'en tirer le maximum de b\u00e9n\u00e9fices pour l'entreprise.<\/p>\n<p><strong>4. la question des co\u00fbts<\/strong><\/p>\n<p>Une r\u00e9duction des co\u00fbts et une am\u00e9lioration des performances sont probables et constituent un aspect crucial de la strat\u00e9gie de cloud hybride. Dans ce contexte, les \u00e9conomies de co\u00fbts doivent \u00eatre envisag\u00e9es \u00e0 court et \u00e0 long terme, tout comme les co\u00fbts totaux. Le cloud hybride offre de nombreuses possibilit\u00e9s d'\u00e9conomiser de l'argent. Chaque investissement en mat\u00e9riel devrait \u00eatre reconsid\u00e9r\u00e9 en fonction de la question de savoir si une solution de cloud public ou hybride serait plus rentable. Les entreprises ont donc la possibilit\u00e9 de passer d'un mod\u00e8le informatique bas\u00e9 sur le capital \u00e0 un mod\u00e8le flexible bas\u00e9 sur les co\u00fbts d'exploitation.<\/p>\n<p><strong>5. \u00e9valuer les ressources de mani\u00e8re r\u00e9aliste<\/strong><\/p>\n<p>Les entreprises ne doivent pas oublier de prendre en compte les ressources humaines n\u00e9cessaires \u00e0 l'impl\u00e9mentation, la migration et la gestion d'un cloud hybride. Les clouds hybrides sont tr\u00e8s complexes et n\u00e9cessitent un savoir-faire en mati\u00e8re de transformation, de conformit\u00e9, de stockage, de r\u00e9seau, de virtualisation et de gestion. Il est tr\u00e8s peu probable qu'une entreprise puisse couvrir tout cela avec des ressources existantes. Elles auront donc besoin d'un consultant ou d'un fournisseur de services de confiance qui pourrait faire partie de la solution choisie.<\/p>\n<p><strong>6. chercher le bon partenaire - et le trouver<\/strong><\/p>\n<p>Un \u00e9l\u00e9ment essentiel pour une solution de cloud hybride r\u00e9ussie est un partenaire de confiance ayant une exp\u00e9rience av\u00e9r\u00e9e dans la mise en \u0153uvre de clouds hybrides. Id\u00e9alement, il s'agit d'un partenaire qui comprend clairement les besoins et qui est en mesure d'accompagner l'entreprise tout au long du processus. Il est judicieux de demander des r\u00e9f\u00e9rences r\u00e9ussies dans le m\u00eame secteur ou dans des projets de cloud hybride similaires.<\/p>\n<p><strong>7. faire confiance c'est bien, contr\u00f4ler le cloud public c'est mieux<\/strong><\/p>\n<p>En fin de compte, il est de la responsabilit\u00e9 de l'entreprise de s'assurer que les processus commerciaux et les exigences de conformit\u00e9 sont respect\u00e9s par le partenaire de cloud public. Pour ce faire, elles ont besoin d'outils leur permettant de g\u00e9rer et de surveiller leur environnement de cloud hybride en temps r\u00e9el. Pour ce faire, ils doivent discuter des options disponibles avec le partenaire et tester la gestion en utilisant des environnements non critiques. Les fonctions de cryptage pour les donn\u00e9es conserv\u00e9es dans le cloud public sont \u00e9galement pertinentes.<\/p>\n<p><strong>8. ne pas se pr\u00e9cipiter : passer progressivement au cloud hybride<\/strong><\/p>\n<p>La mise en \u0153uvre solide d'une solution de cloud hybride est essentielle pour garantir la confiance de la direction, des utilisateurs et des clients. Si les entreprises n'ont pas encore d'exp\u00e9rience en mati\u00e8re de cloud priv\u00e9, elles devraient d'abord le mettre en place, puis s\u00e9lectionner quelques applications et charges de travail susceptibles d'\u00eatre utilis\u00e9es dans le cloud hybride. Cette \u00e9tape pourrait \u00e9galement \u00eatre une bonne occasion de comparer deux fournisseurs de cloud. Ils peuvent tirer des enseignements de cette exp\u00e9rience et migrer progressivement des charges de travail suppl\u00e9mentaires lorsqu'ils se sentent plus \u00e0 l'aise et plus s\u00fbrs. La nature flexible du cloud hybride vous permet d'ajuster les processus si n\u00e9cessaire, jusqu'\u00e0 ce que vous obteniez des r\u00e9sultats satisfaisants pour votre entreprise.<\/p>\n<p><em>Source : <a href=\"http:\/\/www.actifio.com\/de\" target=\"_blank\" data-cke-saved-href=\"http:\/\/www.actifio.com\/de\" rel=\"noopener\">http:\/\/www.actifio.com\/de<\/a><\/em><\/p>\n<figure id=\"attachment_211\" aria-describedby=\"caption-attachment-211\" style=\"width: 394px\" class=\"wp-caption alignnone\"><img loading=\"lazy\" decoding=\"async\" class=\"size-full wp-image-211\" src=\"https:\/\/www.organisator.ch\/wp-content\/uploads\/2016\/12\/Acht-Tipps-zum-Aufbau-einer-Hybrid-Cloud-organisator.jpg\" alt=\"\" width=\"394\" height=\"405\" srcset=\"\" sizes=\"auto, (max-width: 394px) 100vw, 394px\" data-srcset=\"\" \/><figcaption id=\"caption-attachment-211\" class=\"wp-caption-text\">Ann Thueland, directrice marketing EMEA chez Actifio<\/figcaption><\/figure>\n<blockquote><p>\"Une strat\u00e9gie de cloud hybride combine le contr\u00f4le d'un cloud priv\u00e9 et la flexibilit\u00e9 du cloud public. Les avantages qu'une entreprise peut en tirer d\u00e9pendent des efforts investis dans la conception, la construction, la mise en \u0153uvre et la surveillance de la solution de cloud hybride\".<\/p><\/blockquote>","protected":false},"excerpt":{"rendered":"<p>1. Die aktuelle Umgebung analysieren Der erste Schritt f\u00fcr eine erfolgreiche Hybrid\u2010Cloud\u2010Implementierung beginnt mit einer Analyse der aktuellen Arbeitslasten. Es gilt zu identifizieren, welche Aufgaben f\u00fcr die \u00f6ffentliche Cloud, die private Cloud und die traditionelle IT ad\u00e4quat sind. Unternehmenskritische Umgebungen und die meisten vertraulichen Daten sind keine gute Wahl f\u00fcr die \u00f6ffentliche Cloud, regulatorische Anforderungen [&hellip;]<\/p>\n","protected":false},"author":1,"featured_media":211,"comment_status":"open","ping_status":"open","sticky":false,"template":"","format":"standard","meta":{"_acf_changed":false,"_yoast_wpseo_focuskw":"Hybrid\u2010Cloud","_yoast_wpseo_metadesc":"Laut IDC wollen 57 Prozent der Unternehmen in Deutschland innerhalb der n\u00e4chsten zwei Jahre hybride Cloud\u2010Umgebungen aufbauen.","articlekey":"","footnotes":""},"categories":[27],"tags":[102,286,288],"class_list":["post-210","post","type-post","status-publish","format-standard","has-post-thumbnail","hentry","category-it","tag-buero","tag-it","tag-it-business-software"],"acf":[],"yoast_head":"<!-- This site is optimized with the Yoast SEO plugin v27.4 - https:\/\/yoast.com\/product\/yoast-seo-wordpress\/ -->\n<title>Acht Tipps zum Aufbau einer Hybrid\u2010Cloud - Organisator<\/title>\n<meta name=\"description\" content=\"Laut IDC wollen 57 Prozent der Unternehmen in Deutschland innerhalb der n\u00e4chsten zwei Jahre hybride Cloud\u2010Umgebungen aufbauen.\" \/>\n<meta name=\"robots\" content=\"index, follow, max-snippet:-1, max-image-preview:large, max-video-preview:-1\" \/>\n<link rel=\"canonical\" href=\"https:\/\/www.organisator.ch\/fr\/gestion-2\/it\/2016-04-01\/huit-conseils-pour-creer-un-hybride\u2010cloud\/\" \/>\n<meta property=\"og:locale\" content=\"fr_FR\" \/>\n<meta property=\"og:type\" content=\"article\" \/>\n<meta property=\"og:title\" content=\"Acht Tipps zum Aufbau einer Hybrid\u2010Cloud\" \/>\n<meta property=\"og:description\" content=\"Beim Thema Business\u2010Transformation spielt das Modell der Hybrid\u2010Cloud f\u00fcr Unternehmen eine immer gr\u00f6\u00dfere Rolle. Laut IDC wollen 57 Prozent der Unternehmen in Deutschland innerhalb der n\u00e4chsten zwei Jahre hybride Cloud\u2010Umgebungen aufbauen. Vor diesem Hintergrund gibt Actifio, spezialisiert auf die Virtualisierung von Datenkopien, acht Ratschl\u00e4ge f\u00fcr die Realisierung einer Hybrid\u2010Cloud.\" \/>\n<meta property=\"og:url\" content=\"https:\/\/www.organisator.ch\/fr\/gestion-2\/it\/2016-04-01\/huit-conseils-pour-creer-un-hybride\u2010cloud\/\" \/>\n<meta property=\"og:site_name\" content=\"Organisator\" \/>\n<meta property=\"article:publisher\" content=\"https:\/\/www.facebook.com\/OrganisatorFachmagazin\" \/>\n<meta property=\"article:published_time\" content=\"2016-04-01T06:55:36+00:00\" \/>\n<meta name=\"author\" content=\"admin\" \/>\n<meta name=\"twitter:card\" content=\"summary_large_image\" \/>\n<meta name=\"twitter:image\" content=\"https:\/\/www.organisator.ch\/wp-content\/uploads\/2016\/12\/Acht-Tipps-zum-Aufbau-einer-Hybrid\u2010Cloud-organisator.jpg\" \/>\n<script type=\"application\/ld+json\" class=\"yoast-schema-graph\">{\"@context\":\"https:\\\/\\\/schema.org\",\"@graph\":[{\"@type\":\"Article\",\"@id\":\"https:\\\/\\\/www.organisator.ch\\\/management\\\/it\\\/2016-04-01\\\/acht-tipps-zum-aufbau-einer-hybrid%e2%80%90cloud\\\/#article\",\"isPartOf\":{\"@id\":\"https:\\\/\\\/www.organisator.ch\\\/management\\\/it\\\/2016-04-01\\\/acht-tipps-zum-aufbau-einer-hybrid%e2%80%90cloud\\\/\"},\"author\":{\"name\":\"admin\",\"@id\":\"https:\\\/\\\/www.organisator.ch\\\/#\\\/schema\\\/person\\\/aa2bace6c5c5aad60102004a50c4eb1c\"},\"headline\":\"Acht Tipps zum Aufbau einer Hybrid\u2010Cloud\",\"datePublished\":\"2016-04-01T06:55:36+00:00\",\"mainEntityOfPage\":{\"@id\":\"https:\\\/\\\/www.organisator.ch\\\/management\\\/it\\\/2016-04-01\\\/acht-tipps-zum-aufbau-einer-hybrid%e2%80%90cloud\\\/\"},\"wordCount\":759,\"commentCount\":0,\"publisher\":{\"@id\":\"https:\\\/\\\/www.organisator.ch\\\/#organization\"},\"image\":{\"@id\":\"https:\\\/\\\/www.organisator.ch\\\/management\\\/it\\\/2016-04-01\\\/acht-tipps-zum-aufbau-einer-hybrid%e2%80%90cloud\\\/#primaryimage\"},\"thumbnailUrl\":\"https:\\\/\\\/www.organisator.ch\\\/wp-content\\\/uploads\\\/2016\\\/12\\\/Acht-Tipps-zum-Aufbau-einer-Hybrid\u2010Cloud-organisator.jpg\",\"keywords\":[\"B\u00fcro\",\"IT\",\"IT &amp; Business Software\"],\"articleSection\":[\"IT\"],\"inLanguage\":\"fr-FR\"},{\"@type\":\"WebPage\",\"@id\":\"https:\\\/\\\/www.organisator.ch\\\/management\\\/it\\\/2016-04-01\\\/acht-tipps-zum-aufbau-einer-hybrid%e2%80%90cloud\\\/\",\"url\":\"https:\\\/\\\/www.organisator.ch\\\/management\\\/it\\\/2016-04-01\\\/acht-tipps-zum-aufbau-einer-hybrid%e2%80%90cloud\\\/\",\"name\":\"Acht Tipps zum Aufbau einer Hybrid\u2010Cloud - Organisator\",\"isPartOf\":{\"@id\":\"https:\\\/\\\/www.organisator.ch\\\/#website\"},\"primaryImageOfPage\":{\"@id\":\"https:\\\/\\\/www.organisator.ch\\\/management\\\/it\\\/2016-04-01\\\/acht-tipps-zum-aufbau-einer-hybrid%e2%80%90cloud\\\/#primaryimage\"},\"image\":{\"@id\":\"https:\\\/\\\/www.organisator.ch\\\/management\\\/it\\\/2016-04-01\\\/acht-tipps-zum-aufbau-einer-hybrid%e2%80%90cloud\\\/#primaryimage\"},\"thumbnailUrl\":\"https:\\\/\\\/www.organisator.ch\\\/wp-content\\\/uploads\\\/2016\\\/12\\\/Acht-Tipps-zum-Aufbau-einer-Hybrid\u2010Cloud-organisator.jpg\",\"datePublished\":\"2016-04-01T06:55:36+00:00\",\"description\":\"Laut IDC wollen 57 Prozent der Unternehmen in Deutschland innerhalb der n\u00e4chsten zwei Jahre hybride Cloud\u2010Umgebungen aufbauen.\",\"breadcrumb\":{\"@id\":\"https:\\\/\\\/www.organisator.ch\\\/management\\\/it\\\/2016-04-01\\\/acht-tipps-zum-aufbau-einer-hybrid%e2%80%90cloud\\\/#breadcrumb\"},\"inLanguage\":\"fr-FR\",\"potentialAction\":[{\"@type\":\"ReadAction\",\"target\":[\"https:\\\/\\\/www.organisator.ch\\\/management\\\/it\\\/2016-04-01\\\/acht-tipps-zum-aufbau-einer-hybrid%e2%80%90cloud\\\/\"]}]},{\"@type\":\"ImageObject\",\"inLanguage\":\"fr-FR\",\"@id\":\"https:\\\/\\\/www.organisator.ch\\\/management\\\/it\\\/2016-04-01\\\/acht-tipps-zum-aufbau-einer-hybrid%e2%80%90cloud\\\/#primaryimage\",\"url\":\"https:\\\/\\\/www.organisator.ch\\\/wp-content\\\/uploads\\\/2016\\\/12\\\/Acht-Tipps-zum-Aufbau-einer-Hybrid\u2010Cloud-organisator.jpg\",\"contentUrl\":\"https:\\\/\\\/www.organisator.ch\\\/wp-content\\\/uploads\\\/2016\\\/12\\\/Acht-Tipps-zum-Aufbau-einer-Hybrid\u2010Cloud-organisator.jpg\",\"width\":394,\"height\":405,\"caption\":\"Ann Thueland, Director Marketing EMEA bei Actifio\"},{\"@type\":\"BreadcrumbList\",\"@id\":\"https:\\\/\\\/www.organisator.ch\\\/management\\\/it\\\/2016-04-01\\\/acht-tipps-zum-aufbau-einer-hybrid%e2%80%90cloud\\\/#breadcrumb\",\"itemListElement\":[{\"@type\":\"ListItem\",\"position\":1,\"name\":\"Home\",\"item\":\"https:\\\/\\\/www.organisator.ch\\\/\"},{\"@type\":\"ListItem\",\"position\":2,\"name\":\"Acht Tipps zum Aufbau einer Hybrid\u2010Cloud\"}]},{\"@type\":\"WebSite\",\"@id\":\"https:\\\/\\\/www.organisator.ch\\\/#website\",\"url\":\"https:\\\/\\\/www.organisator.ch\\\/\",\"name\":\"Organisator\",\"description\":\"Kompetent. Praxisnah. Der ORGANISATOR bereitet in 10 Ausgaben pro Jahr die wesentlichen Themen f\u00fcr F\u00fchrungskr\u00e4fte von KMU auf.\",\"publisher\":{\"@id\":\"https:\\\/\\\/www.organisator.ch\\\/#organization\"},\"potentialAction\":[{\"@type\":\"SearchAction\",\"target\":{\"@type\":\"EntryPoint\",\"urlTemplate\":\"https:\\\/\\\/www.organisator.ch\\\/?s={search_term_string}\"},\"query-input\":{\"@type\":\"PropertyValueSpecification\",\"valueRequired\":true,\"valueName\":\"search_term_string\"}}],\"inLanguage\":\"fr-FR\"},{\"@type\":\"Organization\",\"@id\":\"https:\\\/\\\/www.organisator.ch\\\/#organization\",\"name\":\"Organisator\",\"url\":\"https:\\\/\\\/www.organisator.ch\\\/\",\"logo\":{\"@type\":\"ImageObject\",\"inLanguage\":\"fr-FR\",\"@id\":\"https:\\\/\\\/www.organisator.ch\\\/#\\\/schema\\\/logo\\\/image\\\/\",\"url\":\"https:\\\/\\\/www.organisator.ch\\\/wp-content\\\/uploads\\\/2022\\\/01\\\/Logo_Organisator_Website.png\",\"contentUrl\":\"https:\\\/\\\/www.organisator.ch\\\/wp-content\\\/uploads\\\/2022\\\/01\\\/Logo_Organisator_Website.png\",\"width\":800,\"height\":77,\"caption\":\"Organisator\"},\"image\":{\"@id\":\"https:\\\/\\\/www.organisator.ch\\\/#\\\/schema\\\/logo\\\/image\\\/\"},\"sameAs\":[\"https:\\\/\\\/www.facebook.com\\\/OrganisatorFachmagazin\",\"https:\\\/\\\/www.linkedin.com\\\/showcase\\\/organisator-das-magazin-fr-kmu\",\"https:\\\/\\\/www.xing.com\\\/news\\\/pages\\\/organisator-ch-695\",\"https:\\\/\\\/www.youtube.com\\\/channel\\\/UCGP2Sq0iWaZwT3BdIAQFYpw\"]},{\"@type\":\"Person\",\"@id\":\"https:\\\/\\\/www.organisator.ch\\\/#\\\/schema\\\/person\\\/aa2bace6c5c5aad60102004a50c4eb1c\",\"name\":\"admin\",\"image\":{\"@type\":\"ImageObject\",\"inLanguage\":\"fr-FR\",\"@id\":\"https:\\\/\\\/secure.gravatar.com\\\/avatar\\\/ae2f4d718e6c49043e314ce431e7e645d646302a24a5ef5a8bc8e3f5a032e319?s=96&d=mm&r=g\",\"url\":\"https:\\\/\\\/secure.gravatar.com\\\/avatar\\\/ae2f4d718e6c49043e314ce431e7e645d646302a24a5ef5a8bc8e3f5a032e319?s=96&d=mm&r=g\",\"contentUrl\":\"https:\\\/\\\/secure.gravatar.com\\\/avatar\\\/ae2f4d718e6c49043e314ce431e7e645d646302a24a5ef5a8bc8e3f5a032e319?s=96&d=mm&r=g\",\"caption\":\"admin\"},\"sameAs\":[\"https:\\\/\\\/www.organisator.ch\"],\"url\":\"https:\\\/\\\/www.organisator.ch\\\/fr\\\/author\\\/admin\\\/\"}]}<\/script>\n<!-- \/ Yoast SEO plugin. -->","yoast_head_json":{"title":"Huit conseils pour cr\u00e9er un cloud hybride - Organisateur","description":"Selon IDC, 57 % des entreprises allemandes pr\u00e9voient de mettre en place des environnements de cloud hybride au cours des deux prochaines ann\u00e9es.","robots":{"index":"index","follow":"follow","max-snippet":"max-snippet:-1","max-image-preview":"max-image-preview:large","max-video-preview":"max-video-preview:-1"},"canonical":"https:\/\/www.organisator.ch\/fr\/gestion-2\/it\/2016-04-01\/huit-conseils-pour-creer-un-hybride\u2010cloud\/","og_locale":"fr_FR","og_type":"article","og_title":"Acht Tipps zum Aufbau einer Hybrid\u2010Cloud","og_description":"Beim Thema Business\u2010Transformation spielt das Modell der Hybrid\u2010Cloud f\u00fcr Unternehmen eine immer gr\u00f6\u00dfere Rolle. Laut IDC wollen 57 Prozent der Unternehmen in Deutschland innerhalb der n\u00e4chsten zwei Jahre hybride Cloud\u2010Umgebungen aufbauen. Vor diesem Hintergrund gibt Actifio, spezialisiert auf die Virtualisierung von Datenkopien, acht Ratschl\u00e4ge f\u00fcr die Realisierung einer Hybrid\u2010Cloud.","og_url":"https:\/\/www.organisator.ch\/fr\/gestion-2\/it\/2016-04-01\/huit-conseils-pour-creer-un-hybride\u2010cloud\/","og_site_name":"Organisator","article_publisher":"https:\/\/www.facebook.com\/OrganisatorFachmagazin","article_published_time":"2016-04-01T06:55:36+00:00","author":"admin","twitter_card":"summary_large_image","twitter_image":"https:\/\/www.organisator.ch\/wp-content\/uploads\/2016\/12\/Acht-Tipps-zum-Aufbau-einer-Hybrid\u2010Cloud-organisator.jpg","schema":{"@context":"https:\/\/schema.org","@graph":[{"@type":"Article","@id":"https:\/\/www.organisator.ch\/management\/it\/2016-04-01\/acht-tipps-zum-aufbau-einer-hybrid%e2%80%90cloud\/#article","isPartOf":{"@id":"https:\/\/www.organisator.ch\/management\/it\/2016-04-01\/acht-tipps-zum-aufbau-einer-hybrid%e2%80%90cloud\/"},"author":{"name":"admin","@id":"https:\/\/www.organisator.ch\/#\/schema\/person\/aa2bace6c5c5aad60102004a50c4eb1c"},"headline":"Acht Tipps zum Aufbau einer Hybrid\u2010Cloud","datePublished":"2016-04-01T06:55:36+00:00","mainEntityOfPage":{"@id":"https:\/\/www.organisator.ch\/management\/it\/2016-04-01\/acht-tipps-zum-aufbau-einer-hybrid%e2%80%90cloud\/"},"wordCount":759,"commentCount":0,"publisher":{"@id":"https:\/\/www.organisator.ch\/#organization"},"image":{"@id":"https:\/\/www.organisator.ch\/management\/it\/2016-04-01\/acht-tipps-zum-aufbau-einer-hybrid%e2%80%90cloud\/#primaryimage"},"thumbnailUrl":"https:\/\/www.organisator.ch\/wp-content\/uploads\/2016\/12\/Acht-Tipps-zum-Aufbau-einer-Hybrid\u2010Cloud-organisator.jpg","keywords":["B\u00fcro","IT","IT &amp; Business Software"],"articleSection":["IT"],"inLanguage":"fr-FR"},{"@type":"WebPage","@id":"https:\/\/www.organisator.ch\/management\/it\/2016-04-01\/acht-tipps-zum-aufbau-einer-hybrid%e2%80%90cloud\/","url":"https:\/\/www.organisator.ch\/management\/it\/2016-04-01\/acht-tipps-zum-aufbau-einer-hybrid%e2%80%90cloud\/","name":"Huit conseils pour cr\u00e9er un cloud hybride - Organisateur","isPartOf":{"@id":"https:\/\/www.organisator.ch\/#website"},"primaryImageOfPage":{"@id":"https:\/\/www.organisator.ch\/management\/it\/2016-04-01\/acht-tipps-zum-aufbau-einer-hybrid%e2%80%90cloud\/#primaryimage"},"image":{"@id":"https:\/\/www.organisator.ch\/management\/it\/2016-04-01\/acht-tipps-zum-aufbau-einer-hybrid%e2%80%90cloud\/#primaryimage"},"thumbnailUrl":"https:\/\/www.organisator.ch\/wp-content\/uploads\/2016\/12\/Acht-Tipps-zum-Aufbau-einer-Hybrid\u2010Cloud-organisator.jpg","datePublished":"2016-04-01T06:55:36+00:00","description":"Selon IDC, 57 % des entreprises allemandes pr\u00e9voient de mettre en place des environnements de cloud hybride au cours des deux prochaines ann\u00e9es.","breadcrumb":{"@id":"https:\/\/www.organisator.ch\/management\/it\/2016-04-01\/acht-tipps-zum-aufbau-einer-hybrid%e2%80%90cloud\/#breadcrumb"},"inLanguage":"fr-FR","potentialAction":[{"@type":"ReadAction","target":["https:\/\/www.organisator.ch\/management\/it\/2016-04-01\/acht-tipps-zum-aufbau-einer-hybrid%e2%80%90cloud\/"]}]},{"@type":"ImageObject","inLanguage":"fr-FR","@id":"https:\/\/www.organisator.ch\/management\/it\/2016-04-01\/acht-tipps-zum-aufbau-einer-hybrid%e2%80%90cloud\/#primaryimage","url":"https:\/\/www.organisator.ch\/wp-content\/uploads\/2016\/12\/Acht-Tipps-zum-Aufbau-einer-Hybrid\u2010Cloud-organisator.jpg","contentUrl":"https:\/\/www.organisator.ch\/wp-content\/uploads\/2016\/12\/Acht-Tipps-zum-Aufbau-einer-Hybrid\u2010Cloud-organisator.jpg","width":394,"height":405,"caption":"Ann Thueland, Director Marketing EMEA bei Actifio"},{"@type":"BreadcrumbList","@id":"https:\/\/www.organisator.ch\/management\/it\/2016-04-01\/acht-tipps-zum-aufbau-einer-hybrid%e2%80%90cloud\/#breadcrumb","itemListElement":[{"@type":"ListItem","position":1,"name":"Home","item":"https:\/\/www.organisator.ch\/"},{"@type":"ListItem","position":2,"name":"Acht Tipps zum Aufbau einer Hybrid\u2010Cloud"}]},{"@type":"WebSite","@id":"https:\/\/www.organisator.ch\/#website","url":"https:\/\/www.organisator.ch\/","name":"Organisateur","description":"Comp\u00e9tence et comp\u00e9tence. Proches de la pratique. L'ORGANISATEUR pr\u00e9pare 10 num\u00e9ros par an sur les th\u00e8mes essentiels pour les dirigeants de PME.","publisher":{"@id":"https:\/\/www.organisator.ch\/#organization"},"potentialAction":[{"@type":"SearchAction","target":{"@type":"EntryPoint","urlTemplate":"https:\/\/www.organisator.ch\/?s={search_term_string}"},"query-input":{"@type":"PropertyValueSpecification","valueRequired":true,"valueName":"search_term_string"}}],"inLanguage":"fr-FR"},{"@type":"Organization","@id":"https:\/\/www.organisator.ch\/#organization","name":"Organisateur","url":"https:\/\/www.organisator.ch\/","logo":{"@type":"ImageObject","inLanguage":"fr-FR","@id":"https:\/\/www.organisator.ch\/#\/schema\/logo\/image\/","url":"https:\/\/www.organisator.ch\/wp-content\/uploads\/2022\/01\/Logo_Organisator_Website.png","contentUrl":"https:\/\/www.organisator.ch\/wp-content\/uploads\/2022\/01\/Logo_Organisator_Website.png","width":800,"height":77,"caption":"Organisator"},"image":{"@id":"https:\/\/www.organisator.ch\/#\/schema\/logo\/image\/"},"sameAs":["https:\/\/www.facebook.com\/OrganisatorFachmagazin","https:\/\/www.linkedin.com\/showcase\/organisator-das-magazin-fr-kmu","https:\/\/www.xing.com\/news\/pages\/organisator-ch-695","https:\/\/www.youtube.com\/channel\/UCGP2Sq0iWaZwT3BdIAQFYpw"]},{"@type":"Person","@id":"https:\/\/www.organisator.ch\/#\/schema\/person\/aa2bace6c5c5aad60102004a50c4eb1c","name":"admin","image":{"@type":"ImageObject","inLanguage":"fr-FR","@id":"https:\/\/secure.gravatar.com\/avatar\/ae2f4d718e6c49043e314ce431e7e645d646302a24a5ef5a8bc8e3f5a032e319?s=96&d=mm&r=g","url":"https:\/\/secure.gravatar.com\/avatar\/ae2f4d718e6c49043e314ce431e7e645d646302a24a5ef5a8bc8e3f5a032e319?s=96&d=mm&r=g","contentUrl":"https:\/\/secure.gravatar.com\/avatar\/ae2f4d718e6c49043e314ce431e7e645d646302a24a5ef5a8bc8e3f5a032e319?s=96&d=mm&r=g","caption":"admin"},"sameAs":["https:\/\/www.organisator.ch"],"url":"https:\/\/www.organisator.ch\/fr\/author\/admin\/"}]}},"_links":{"self":[{"href":"https:\/\/www.organisator.ch\/fr\/wp-json\/wp\/v2\/posts\/210","targetHints":{"allow":["GET"]}}],"collection":[{"href":"https:\/\/www.organisator.ch\/fr\/wp-json\/wp\/v2\/posts"}],"about":[{"href":"https:\/\/www.organisator.ch\/fr\/wp-json\/wp\/v2\/types\/post"}],"author":[{"embeddable":true,"href":"https:\/\/www.organisator.ch\/fr\/wp-json\/wp\/v2\/users\/1"}],"replies":[{"embeddable":true,"href":"https:\/\/www.organisator.ch\/fr\/wp-json\/wp\/v2\/comments?post=210"}],"version-history":[{"count":0,"href":"https:\/\/www.organisator.ch\/fr\/wp-json\/wp\/v2\/posts\/210\/revisions"}],"wp:featuredmedia":[{"embeddable":true,"href":"https:\/\/www.organisator.ch\/fr\/wp-json\/wp\/v2\/media\/211"}],"wp:attachment":[{"href":"https:\/\/www.organisator.ch\/fr\/wp-json\/wp\/v2\/media?parent=210"}],"wp:term":[{"taxonomy":"category","embeddable":true,"href":"https:\/\/www.organisator.ch\/fr\/wp-json\/wp\/v2\/categories?post=210"},{"taxonomy":"post_tag","embeddable":true,"href":"https:\/\/www.organisator.ch\/fr\/wp-json\/wp\/v2\/tags?post=210"}],"curies":[{"name":"wp","href":"https:\/\/api.w.org\/{rel}","templated":true}]}}