{"id":21011,"date":"2023-07-13T10:59:29","date_gmt":"2023-07-13T08:59:29","guid":{"rendered":"https:\/\/www.werbewoche.ch\/?p=200601"},"modified":"2024-11-15T05:27:45","modified_gmt":"2024-11-15T04:27:45","slug":"franck-chenet-wird-group-marketing-director-der-raja-gruppe","status":"publish","type":"post","link":"https:\/\/www.organisator.ch\/fr\/marketing\/2023-07-13\/franck-chenet-wird-group-marketing-director-der-raja-gruppe\/","title":{"rendered":"Franck Chenet nomm\u00e9 Group Marketing Director du groupe Raja"},"content":{"rendered":"<figure id=\"attachment_200602\" class=\"wp-caption aligncenter\" style=\"width: 1200px\" aria-describedby=\"caption-attachment-200602\"><img class=\"aligncenter wp-image-200602 size-full\" src=\"https:\/\/www.werbewoche.ch\/wp-content\/uploads\/2023\/07\/Raja-Franck-Chenet-Marketing-Directorjpeg.jpg\" alt=\"Franck Chenet\" width=\"1200\" height=\"900\" \/>\r\n<figcaption id=\"caption-attachment-200602\" class=\"wp-caption-text\">(Image : zVg.)<\/figcaption>\r\n<\/figure>\r\n<p>Le groupe Raja a nomm\u00e9 Franck Chenet, 52 ans, au poste nouvellement cr\u00e9\u00e9 de Group Marketing Director. Il a \u00e9galement \u00e9t\u00e9 nomm\u00e9 membre du comit\u00e9 de direction du groupe. Il rapportera \u00e0 Nathalie Chapusot, membre du comit\u00e9 ex\u00e9cutif du groupe Raja et directrice g\u00e9n\u00e9rale du marketing et de la technologie.<\/p>\r\n<p>Chenet est d\u00e9sormais responsable du d\u00e9veloppement des strat\u00e9gies multicanales du groupe et de l'optimisation de l'exp\u00e9rience client. Sous sa direction, le profil de la marque du groupe sera affin\u00e9 et la collaboration entre les \u00e9quipes de marketing interfonctionnelles sera intensifi\u00e9e au niveau international.<\/p>\r\n<p>Fran\u00e7ais d'origine, il a commenc\u00e9 sa carri\u00e8re professionnelle au Canada et aux \u00c9tats-Unis. Il a travaill\u00e9 pendant 13 ans chez Brodart. Derni\u00e8rement, il \u00e9tait membre du comit\u00e9 ex\u00e9cutif de Brodart, responsable du d\u00e9veloppement international.<\/p>\r\n<p>En 2008, Franck Chenet est rentr\u00e9 en France et a occup\u00e9 diff\u00e9rents postes dans la gestion des ventes et du marketing au sein du groupe Fiducial, un groupe d'entreprises de services B2B. En 2014, il est devenu directeur g\u00e9n\u00e9ral de Skinjay, une start-up de cosm\u00e9tiques bas\u00e9e \u00e0 Lyon, en France. De 2016 \u00e0 2022, Franck Chenet a \u00e9t\u00e9 directeur de groupe chez Antalis, responsable de la transformation num\u00e9rique, des services, de la communication et de la responsabilit\u00e9 sociale de l'entreprise.<\/p>\r\n<p>Franck Chenet a \u00e9tudi\u00e9 \u00e0 l'\u00c9cole Nationale de Commerce de Paris en France et \u00e0 la Penn State University en Pennsylvanie, aux \u00c9tats-Unis. En tant qu'expert en transformation num\u00e9rique, Chenet intervient \u00e9galement dans de nombreuses conf\u00e9rences. Il est membre du conseil d'administration de l'Adetem, l'association professionnelle fran\u00e7aise des professionnels du marketing.<\/p>","protected":false},"excerpt":{"rendered":"<p>En tant que directeur marketing du groupe Raja, Franck Chenet d\u00e9veloppera de nouvelles strat\u00e9gies multicanales et coordonnera la collaboration entre les \u00e9quipes marketing interfonctionnelles \u00e0 travers l'Europe.<\/p>","protected":false},"author":8,"featured_media":0,"comment_status":"closed","ping_status":"closed","sticky":false,"template":"","format":"standard","meta":{"_acf_changed":false,"_yoast_wpseo_focuskw":"Franck Chenet","_yoast_wpseo_metadesc":"Franck Chenet wird Group Marketing Director der Raja-Gruppe. Fokus auf Multichannel-Strategien und Kundenbindung.","articlekey":"","footnotes":""},"categories":[29],"tags":[3848],"class_list":["post-21011","post","type-post","status-publish","format-standard","hentry","category-marketing","tag-raja"],"acf":[],"yoast_head":"<!-- This site is optimized with the Yoast SEO plugin v27.5 - https:\/\/yoast.com\/product\/yoast-seo-wordpress\/ -->\n<title>Franck Chenet wird Group Marketing Director der Raja-Gruppe - Organisator<\/title>\n<meta name=\"description\" content=\"Franck Chenet wird Group Marketing Director der Raja-Gruppe. Fokus auf Multichannel-Strategien und Kundenbindung.\" \/>\n<meta name=\"robots\" content=\"index, follow, max-snippet:-1, max-image-preview:large, max-video-preview:-1\" \/>\n<link rel=\"canonical\" href=\"https:\/\/www.organisator.ch\/fr\/marketing\/2023-07-13\/franck-chenet-wird-group-marketing-director-der-raja-gruppe\/\" \/>\n<meta property=\"og:locale\" content=\"fr_FR\" \/>\n<meta property=\"og:type\" content=\"article\" \/>\n<meta property=\"og:title\" content=\"Franck Chenet wird Group Marketing Director der Raja-Gruppe - Organisator\" \/>\n<meta property=\"og:description\" content=\"Franck Chenet wird Group Marketing Director der Raja-Gruppe. Fokus auf Multichannel-Strategien und Kundenbindung.\" \/>\n<meta property=\"og:url\" content=\"https:\/\/www.organisator.ch\/fr\/marketing\/2023-07-13\/franck-chenet-wird-group-marketing-director-der-raja-gruppe\/\" \/>\n<meta property=\"og:site_name\" content=\"Organisator\" \/>\n<meta property=\"article:publisher\" content=\"https:\/\/www.facebook.com\/OrganisatorFachmagazin\" \/>\n<meta property=\"article:published_time\" content=\"2023-07-13T08:59:29+00:00\" \/>\n<meta property=\"article:modified_time\" content=\"2024-11-15T04:27:45+00:00\" \/>\n<meta name=\"author\" content=\"galledia\" \/>\n<meta name=\"twitter:card\" content=\"summary_large_image\" \/>\n<meta name=\"twitter:creator\" content=\"@admin\" \/>\n<script type=\"application\/ld+json\" class=\"yoast-schema-graph\">{\"@context\":\"https:\\\/\\\/schema.org\",\"@graph\":[{\"@type\":\"Article\",\"@id\":\"https:\\\/\\\/www.organisator.ch\\\/marketing\\\/2023-07-13\\\/franck-chenet-wird-group-marketing-director-der-raja-gruppe\\\/#article\",\"isPartOf\":{\"@id\":\"https:\\\/\\\/www.organisator.ch\\\/marketing\\\/2023-07-13\\\/franck-chenet-wird-group-marketing-director-der-raja-gruppe\\\/\"},\"author\":{\"name\":\"galledia\",\"@id\":\"https:\\\/\\\/www.organisator.ch\\\/#\\\/schema\\\/person\\\/4e51799071cd2dd1232ac003643ef5f0\"},\"headline\":\"Franck Chenet wird Group Marketing Director der Raja-Gruppe\",\"datePublished\":\"2023-07-13T08:59:29+00:00\",\"dateModified\":\"2024-11-15T04:27:45+00:00\",\"mainEntityOfPage\":{\"@id\":\"https:\\\/\\\/www.organisator.ch\\\/marketing\\\/2023-07-13\\\/franck-chenet-wird-group-marketing-director-der-raja-gruppe\\\/\"},\"wordCount\":246,\"publisher\":{\"@id\":\"https:\\\/\\\/www.organisator.ch\\\/#organization\"},\"image\":{\"@id\":\"https:\\\/\\\/www.organisator.ch\\\/marketing\\\/2023-07-13\\\/franck-chenet-wird-group-marketing-director-der-raja-gruppe\\\/#primaryimage\"},\"thumbnailUrl\":\"https:\\\/\\\/www.werbewoche.ch\\\/wp-content\\\/uploads\\\/2023\\\/07\\\/Raja-Franck-Chenet-Marketing-Directorjpeg.jpg\",\"keywords\":[\"Raja\"],\"articleSection\":[\"MARKETING\"],\"inLanguage\":\"fr-FR\"},{\"@type\":\"WebPage\",\"@id\":\"https:\\\/\\\/www.organisator.ch\\\/marketing\\\/2023-07-13\\\/franck-chenet-wird-group-marketing-director-der-raja-gruppe\\\/\",\"url\":\"https:\\\/\\\/www.organisator.ch\\\/marketing\\\/2023-07-13\\\/franck-chenet-wird-group-marketing-director-der-raja-gruppe\\\/\",\"name\":\"Franck Chenet wird Group Marketing Director der Raja-Gruppe - Organisator\",\"isPartOf\":{\"@id\":\"https:\\\/\\\/www.organisator.ch\\\/#website\"},\"primaryImageOfPage\":{\"@id\":\"https:\\\/\\\/www.organisator.ch\\\/marketing\\\/2023-07-13\\\/franck-chenet-wird-group-marketing-director-der-raja-gruppe\\\/#primaryimage\"},\"image\":{\"@id\":\"https:\\\/\\\/www.organisator.ch\\\/marketing\\\/2023-07-13\\\/franck-chenet-wird-group-marketing-director-der-raja-gruppe\\\/#primaryimage\"},\"thumbnailUrl\":\"https:\\\/\\\/www.werbewoche.ch\\\/wp-content\\\/uploads\\\/2023\\\/07\\\/Raja-Franck-Chenet-Marketing-Directorjpeg.jpg\",\"datePublished\":\"2023-07-13T08:59:29+00:00\",\"dateModified\":\"2024-11-15T04:27:45+00:00\",\"description\":\"Franck Chenet wird Group Marketing Director der Raja-Gruppe. Fokus auf Multichannel-Strategien und Kundenbindung.\",\"breadcrumb\":{\"@id\":\"https:\\\/\\\/www.organisator.ch\\\/marketing\\\/2023-07-13\\\/franck-chenet-wird-group-marketing-director-der-raja-gruppe\\\/#breadcrumb\"},\"inLanguage\":\"fr-FR\",\"potentialAction\":[{\"@type\":\"ReadAction\",\"target\":[\"https:\\\/\\\/www.organisator.ch\\\/marketing\\\/2023-07-13\\\/franck-chenet-wird-group-marketing-director-der-raja-gruppe\\\/\"]}]},{\"@type\":\"ImageObject\",\"inLanguage\":\"fr-FR\",\"@id\":\"https:\\\/\\\/www.organisator.ch\\\/marketing\\\/2023-07-13\\\/franck-chenet-wird-group-marketing-director-der-raja-gruppe\\\/#primaryimage\",\"url\":\"https:\\\/\\\/www.werbewoche.ch\\\/wp-content\\\/uploads\\\/2023\\\/07\\\/Raja-Franck-Chenet-Marketing-Directorjpeg.jpg\",\"contentUrl\":\"https:\\\/\\\/www.werbewoche.ch\\\/wp-content\\\/uploads\\\/2023\\\/07\\\/Raja-Franck-Chenet-Marketing-Directorjpeg.jpg\"},{\"@type\":\"BreadcrumbList\",\"@id\":\"https:\\\/\\\/www.organisator.ch\\\/marketing\\\/2023-07-13\\\/franck-chenet-wird-group-marketing-director-der-raja-gruppe\\\/#breadcrumb\",\"itemListElement\":[{\"@type\":\"ListItem\",\"position\":1,\"name\":\"Home\",\"item\":\"https:\\\/\\\/www.organisator.ch\\\/\"},{\"@type\":\"ListItem\",\"position\":2,\"name\":\"Franck Chenet wird Group Marketing Director der Raja-Gruppe\"}]},{\"@type\":\"WebSite\",\"@id\":\"https:\\\/\\\/www.organisator.ch\\\/#website\",\"url\":\"https:\\\/\\\/www.organisator.ch\\\/\",\"name\":\"Organisator\",\"description\":\"Kompetent. Praxisnah. Der ORGANISATOR bereitet in 10 Ausgaben pro Jahr die wesentlichen Themen f\u00fcr F\u00fchrungskr\u00e4fte von KMU auf.\",\"publisher\":{\"@id\":\"https:\\\/\\\/www.organisator.ch\\\/#organization\"},\"potentialAction\":[{\"@type\":\"SearchAction\",\"target\":{\"@type\":\"EntryPoint\",\"urlTemplate\":\"https:\\\/\\\/www.organisator.ch\\\/?s={search_term_string}\"},\"query-input\":{\"@type\":\"PropertyValueSpecification\",\"valueRequired\":true,\"valueName\":\"search_term_string\"}}],\"inLanguage\":\"fr-FR\"},{\"@type\":\"Organization\",\"@id\":\"https:\\\/\\\/www.organisator.ch\\\/#organization\",\"name\":\"Organisator\",\"url\":\"https:\\\/\\\/www.organisator.ch\\\/\",\"logo\":{\"@type\":\"ImageObject\",\"inLanguage\":\"fr-FR\",\"@id\":\"https:\\\/\\\/www.organisator.ch\\\/#\\\/schema\\\/logo\\\/image\\\/\",\"url\":\"https:\\\/\\\/www.organisator.ch\\\/wp-content\\\/uploads\\\/2022\\\/01\\\/Logo_Organisator_Website.png\",\"contentUrl\":\"https:\\\/\\\/www.organisator.ch\\\/wp-content\\\/uploads\\\/2022\\\/01\\\/Logo_Organisator_Website.png\",\"width\":800,\"height\":77,\"caption\":\"Organisator\"},\"image\":{\"@id\":\"https:\\\/\\\/www.organisator.ch\\\/#\\\/schema\\\/logo\\\/image\\\/\"},\"sameAs\":[\"https:\\\/\\\/www.facebook.com\\\/OrganisatorFachmagazin\",\"https:\\\/\\\/www.linkedin.com\\\/showcase\\\/organisator-das-magazin-fr-kmu\",\"https:\\\/\\\/www.xing.com\\\/news\\\/pages\\\/organisator-ch-695\",\"https:\\\/\\\/www.youtube.com\\\/channel\\\/UCGP2Sq0iWaZwT3BdIAQFYpw\"]},{\"@type\":\"Person\",\"@id\":\"https:\\\/\\\/www.organisator.ch\\\/#\\\/schema\\\/person\\\/4e51799071cd2dd1232ac003643ef5f0\",\"name\":\"galledia\",\"image\":{\"@type\":\"ImageObject\",\"inLanguage\":\"fr-FR\",\"@id\":\"https:\\\/\\\/secure.gravatar.com\\\/avatar\\\/78a7f90c01fc2bfc875782a0d4922b37cde2cf184ce347b91316d23cd7f69a36?s=96&d=mm&r=g\",\"url\":\"https:\\\/\\\/secure.gravatar.com\\\/avatar\\\/78a7f90c01fc2bfc875782a0d4922b37cde2cf184ce347b91316d23cd7f69a36?s=96&d=mm&r=g\",\"contentUrl\":\"https:\\\/\\\/secure.gravatar.com\\\/avatar\\\/78a7f90c01fc2bfc875782a0d4922b37cde2cf184ce347b91316d23cd7f69a36?s=96&d=mm&r=g\",\"caption\":\"galledia\"},\"sameAs\":[\"https:\\\/\\\/x.com\\\/admin\"],\"url\":\"https:\\\/\\\/www.organisator.ch\\\/fr\\\/author\\\/galledia\\\/\"}]}<\/script>\n<!-- \/ Yoast SEO plugin. -->","yoast_head_json":{"title":"Franck Chenet nomm\u00e9 Group Marketing Director du groupe Raja - Organisateur","description":"Franck Chenet est nomm\u00e9 Group Marketing Director du groupe Raja. Focalisation sur les strat\u00e9gies multicanales et la fid\u00e9lisation de la client\u00e8le.","robots":{"index":"index","follow":"follow","max-snippet":"max-snippet:-1","max-image-preview":"max-image-preview:large","max-video-preview":"max-video-preview:-1"},"canonical":"https:\/\/www.organisator.ch\/fr\/marketing\/2023-07-13\/franck-chenet-wird-group-marketing-director-der-raja-gruppe\/","og_locale":"fr_FR","og_type":"article","og_title":"Franck Chenet wird Group Marketing Director der Raja-Gruppe - Organisator","og_description":"Franck Chenet wird Group Marketing Director der Raja-Gruppe. Fokus auf Multichannel-Strategien und Kundenbindung.","og_url":"https:\/\/www.organisator.ch\/fr\/marketing\/2023-07-13\/franck-chenet-wird-group-marketing-director-der-raja-gruppe\/","og_site_name":"Organisator","article_publisher":"https:\/\/www.facebook.com\/OrganisatorFachmagazin","article_published_time":"2023-07-13T08:59:29+00:00","article_modified_time":"2024-11-15T04:27:45+00:00","author":"galledia","twitter_card":"summary_large_image","twitter_creator":"@admin","schema":{"@context":"https:\/\/schema.org","@graph":[{"@type":"Article","@id":"https:\/\/www.organisator.ch\/marketing\/2023-07-13\/franck-chenet-wird-group-marketing-director-der-raja-gruppe\/#article","isPartOf":{"@id":"https:\/\/www.organisator.ch\/marketing\/2023-07-13\/franck-chenet-wird-group-marketing-director-der-raja-gruppe\/"},"author":{"name":"galledia","@id":"https:\/\/www.organisator.ch\/#\/schema\/person\/4e51799071cd2dd1232ac003643ef5f0"},"headline":"Franck Chenet wird Group Marketing Director der Raja-Gruppe","datePublished":"2023-07-13T08:59:29+00:00","dateModified":"2024-11-15T04:27:45+00:00","mainEntityOfPage":{"@id":"https:\/\/www.organisator.ch\/marketing\/2023-07-13\/franck-chenet-wird-group-marketing-director-der-raja-gruppe\/"},"wordCount":246,"publisher":{"@id":"https:\/\/www.organisator.ch\/#organization"},"image":{"@id":"https:\/\/www.organisator.ch\/marketing\/2023-07-13\/franck-chenet-wird-group-marketing-director-der-raja-gruppe\/#primaryimage"},"thumbnailUrl":"https:\/\/www.werbewoche.ch\/wp-content\/uploads\/2023\/07\/Raja-Franck-Chenet-Marketing-Directorjpeg.jpg","keywords":["Raja"],"articleSection":["MARKETING"],"inLanguage":"fr-FR"},{"@type":"WebPage","@id":"https:\/\/www.organisator.ch\/marketing\/2023-07-13\/franck-chenet-wird-group-marketing-director-der-raja-gruppe\/","url":"https:\/\/www.organisator.ch\/marketing\/2023-07-13\/franck-chenet-wird-group-marketing-director-der-raja-gruppe\/","name":"Franck Chenet nomm\u00e9 Group Marketing Director du groupe Raja - Organisateur","isPartOf":{"@id":"https:\/\/www.organisator.ch\/#website"},"primaryImageOfPage":{"@id":"https:\/\/www.organisator.ch\/marketing\/2023-07-13\/franck-chenet-wird-group-marketing-director-der-raja-gruppe\/#primaryimage"},"image":{"@id":"https:\/\/www.organisator.ch\/marketing\/2023-07-13\/franck-chenet-wird-group-marketing-director-der-raja-gruppe\/#primaryimage"},"thumbnailUrl":"https:\/\/www.werbewoche.ch\/wp-content\/uploads\/2023\/07\/Raja-Franck-Chenet-Marketing-Directorjpeg.jpg","datePublished":"2023-07-13T08:59:29+00:00","dateModified":"2024-11-15T04:27:45+00:00","description":"Franck Chenet est nomm\u00e9 Group Marketing Director du groupe Raja. Focalisation sur les strat\u00e9gies multicanales et la fid\u00e9lisation de la client\u00e8le.","breadcrumb":{"@id":"https:\/\/www.organisator.ch\/marketing\/2023-07-13\/franck-chenet-wird-group-marketing-director-der-raja-gruppe\/#breadcrumb"},"inLanguage":"fr-FR","potentialAction":[{"@type":"ReadAction","target":["https:\/\/www.organisator.ch\/marketing\/2023-07-13\/franck-chenet-wird-group-marketing-director-der-raja-gruppe\/"]}]},{"@type":"ImageObject","inLanguage":"fr-FR","@id":"https:\/\/www.organisator.ch\/marketing\/2023-07-13\/franck-chenet-wird-group-marketing-director-der-raja-gruppe\/#primaryimage","url":"https:\/\/www.werbewoche.ch\/wp-content\/uploads\/2023\/07\/Raja-Franck-Chenet-Marketing-Directorjpeg.jpg","contentUrl":"https:\/\/www.werbewoche.ch\/wp-content\/uploads\/2023\/07\/Raja-Franck-Chenet-Marketing-Directorjpeg.jpg"},{"@type":"BreadcrumbList","@id":"https:\/\/www.organisator.ch\/marketing\/2023-07-13\/franck-chenet-wird-group-marketing-director-der-raja-gruppe\/#breadcrumb","itemListElement":[{"@type":"ListItem","position":1,"name":"Home","item":"https:\/\/www.organisator.ch\/"},{"@type":"ListItem","position":2,"name":"Franck Chenet wird Group Marketing Director der Raja-Gruppe"}]},{"@type":"WebSite","@id":"https:\/\/www.organisator.ch\/#website","url":"https:\/\/www.organisator.ch\/","name":"Organisateur","description":"Comp\u00e9tence et comp\u00e9tence. Proches de la pratique. L'ORGANISATEUR pr\u00e9pare 10 num\u00e9ros par an sur les th\u00e8mes essentiels pour les dirigeants de PME.","publisher":{"@id":"https:\/\/www.organisator.ch\/#organization"},"potentialAction":[{"@type":"SearchAction","target":{"@type":"EntryPoint","urlTemplate":"https:\/\/www.organisator.ch\/?s={search_term_string}"},"query-input":{"@type":"PropertyValueSpecification","valueRequired":true,"valueName":"search_term_string"}}],"inLanguage":"fr-FR"},{"@type":"Organization","@id":"https:\/\/www.organisator.ch\/#organization","name":"Organisateur","url":"https:\/\/www.organisator.ch\/","logo":{"@type":"ImageObject","inLanguage":"fr-FR","@id":"https:\/\/www.organisator.ch\/#\/schema\/logo\/image\/","url":"https:\/\/www.organisator.ch\/wp-content\/uploads\/2022\/01\/Logo_Organisator_Website.png","contentUrl":"https:\/\/www.organisator.ch\/wp-content\/uploads\/2022\/01\/Logo_Organisator_Website.png","width":800,"height":77,"caption":"Organisator"},"image":{"@id":"https:\/\/www.organisator.ch\/#\/schema\/logo\/image\/"},"sameAs":["https:\/\/www.facebook.com\/OrganisatorFachmagazin","https:\/\/www.linkedin.com\/showcase\/organisator-das-magazin-fr-kmu","https:\/\/www.xing.com\/news\/pages\/organisator-ch-695","https:\/\/www.youtube.com\/channel\/UCGP2Sq0iWaZwT3BdIAQFYpw"]},{"@type":"Person","@id":"https:\/\/www.organisator.ch\/#\/schema\/person\/4e51799071cd2dd1232ac003643ef5f0","name":"galledia","image":{"@type":"ImageObject","inLanguage":"fr-FR","@id":"https:\/\/secure.gravatar.com\/avatar\/78a7f90c01fc2bfc875782a0d4922b37cde2cf184ce347b91316d23cd7f69a36?s=96&d=mm&r=g","url":"https:\/\/secure.gravatar.com\/avatar\/78a7f90c01fc2bfc875782a0d4922b37cde2cf184ce347b91316d23cd7f69a36?s=96&d=mm&r=g","contentUrl":"https:\/\/secure.gravatar.com\/avatar\/78a7f90c01fc2bfc875782a0d4922b37cde2cf184ce347b91316d23cd7f69a36?s=96&d=mm&r=g","caption":"galledia"},"sameAs":["https:\/\/x.com\/admin"],"url":"https:\/\/www.organisator.ch\/fr\/author\/galledia\/"}]}},"_links":{"self":[{"href":"https:\/\/www.organisator.ch\/fr\/wp-json\/wp\/v2\/posts\/21011","targetHints":{"allow":["GET"]}}],"collection":[{"href":"https:\/\/www.organisator.ch\/fr\/wp-json\/wp\/v2\/posts"}],"about":[{"href":"https:\/\/www.organisator.ch\/fr\/wp-json\/wp\/v2\/types\/post"}],"author":[{"embeddable":true,"href":"https:\/\/www.organisator.ch\/fr\/wp-json\/wp\/v2\/users\/8"}],"replies":[{"embeddable":true,"href":"https:\/\/www.organisator.ch\/fr\/wp-json\/wp\/v2\/comments?post=21011"}],"version-history":[{"count":2,"href":"https:\/\/www.organisator.ch\/fr\/wp-json\/wp\/v2\/posts\/21011\/revisions"}],"predecessor-version":[{"id":33021,"href":"https:\/\/www.organisator.ch\/fr\/wp-json\/wp\/v2\/posts\/21011\/revisions\/33021"}],"wp:attachment":[{"href":"https:\/\/www.organisator.ch\/fr\/wp-json\/wp\/v2\/media?parent=21011"}],"wp:term":[{"taxonomy":"category","embeddable":true,"href":"https:\/\/www.organisator.ch\/fr\/wp-json\/wp\/v2\/categories?post=21011"},{"taxonomy":"post_tag","embeddable":true,"href":"https:\/\/www.organisator.ch\/fr\/wp-json\/wp\/v2\/tags?post=21011"}],"curies":[{"name":"wp","href":"https:\/\/api.w.org\/{rel}","templated":true}]}}