{"id":21027,"date":"2023-07-24T14:25:39","date_gmt":"2023-07-24T12:25:39","guid":{"rendered":"https:\/\/www.organisator.ch\/?p=21027"},"modified":"2023-07-24T14:25:39","modified_gmt":"2023-07-24T12:25:39","slug":"kaufmaennischer-verband-schweiz-sascha-m-burkhalter-wird-neuer-ceo","status":"publish","type":"post","link":"https:\/\/www.organisator.ch\/fr\/management\/2023-07-24\/kaufmaennischer-verband-schweiz-sascha-m-burkhalter-wird-neuer-ceo\/","title":{"rendered":"Soci\u00e9t\u00e9 suisse des employ\u00e9s de commerce : Sascha M. Burkhalter devient le nouveau CEO"},"content":{"rendered":"<figure id=\"attachment_21028\" aria-describedby=\"caption-attachment-21028\" style=\"width: 680px\" class=\"wp-caption alignnone\"><img loading=\"lazy\" decoding=\"async\" class=\"size-full wp-image-21028\" src=\"https:\/\/www.organisator.ch\/wp-content\/uploads\/2023\/07\/Kaufmaennischer-Verband-Schweiz-Sascha-M.-Burkhalter-wird-neuer-CEO_Organisator.jpg\" alt=\"\" width=\"680\" height=\"391\" srcset=\"https:\/\/www.organisator.ch\/wp-content\/uploads\/2023\/07\/Kaufmaennischer-Verband-Schweiz-Sascha-M.-Burkhalter-wird-neuer-CEO_Organisator.jpg 680w, https:\/\/www.organisator.ch\/wp-content\/uploads\/2023\/07\/Kaufmaennischer-Verband-Schweiz-Sascha-M.-Burkhalter-wird-neuer-CEO_Organisator-18x10.jpg 18w, https:\/\/www.organisator.ch\/wp-content\/uploads\/2023\/07\/Kaufmaennischer-Verband-Schweiz-Sascha-M.-Burkhalter-wird-neuer-CEO_Organisator-375x216.jpg 375w, https:\/\/www.organisator.ch\/wp-content\/uploads\/2023\/07\/Kaufmaennischer-Verband-Schweiz-Sascha-M.-Burkhalter-wird-neuer-CEO_Organisator-609x350.jpg 609w\" sizes=\"auto, (max-width: 680px) 100vw, 680px\" \/><figcaption id=\"caption-attachment-21028\" class=\"wp-caption-text\">CEO de la Soci\u00e9t\u00e9 suisse des employ\u00e9s de commerce \u00e0 partir de 2024 : Sascha M. Burkhalter. (Image : zVg \/ Soci\u00e9t\u00e9 suisse des employ\u00e9s de commerce)<\/figcaption><\/figure>\n<p>A partir de janvier 2024, Sascha M. Burkhalter (48 ans) prendra la t\u00eate de la Soci\u00e9t\u00e9 suisse des employ\u00e9s de commerce en tant que CEO. Depuis 2019, il est partenaire et membre du conseil d'administration de la Soci\u00e9t\u00e9 fiduciaire suisse (Zurich) SA \u00e0 Zurich. Il a fait ses d\u00e9buts \u00e0 la Soci\u00e9t\u00e9 suisse des employ\u00e9s de commerce en 2007 en tant que membre et d\u00e9l\u00e9gu\u00e9 financier du comit\u00e9 central de la Soci\u00e9t\u00e9 suisse des employ\u00e9s de commerce. Il a ensuite occup\u00e9 de nombreux autres postes au sein de l'association et de ses filiales ainsi que dans l'environnement de l'organisation. Depuis 2012, Sascha M. Burkhalter est en outre membre du comit\u00e9 de la section Sud-Est de la Suisse. \"Je f\u00e9licite chaleureusement Sascha M. Burkhalter pour son \u00e9lection en tant que nouveau CEO\" d\u00e9clare avec satisfaction Daniel Jositsch, pr\u00e9sident de la Soci\u00e9t\u00e9 suisse des employ\u00e9s de commerce. \"Gr\u00e2ce \u00e0 sa longue activit\u00e9 et \u00e0 ses connaissances approfondies de la structure complexe de notre association, Sascha M. Burkhalter a le profil id\u00e9al pour cette nouvelle t\u00e2che. Je suis fermement convaincu qu'avec Sascha M. Burkhalter, nous pourrons poursuivre avec \u00e9lan la strat\u00e9gie engag\u00e9e par la Soci\u00e9t\u00e9 suisse des employ\u00e9s de commerce et relever les d\u00e9fis du nouveau monde du travail\".<\/p>\n<h3>Une victoire face \u00e0 70 concurrents<\/h3>\n<p>Sascha M. Burkhalter a r\u00e9ussi \u00e0 s'imposer face \u00e0 plus de 70 candidat(e)s qualifi\u00e9(e)s dans le cadre d'un processus de recrutement public. Il a convaincu par sa longue exp\u00e9rience de l'univers de la kfmv, son savoir-faire en mati\u00e8re de gestion d'entreprise et son caract\u00e8re dynamique et engag\u00e9, communique l'association. Son excellent r\u00e9seau au sein du syst\u00e8me \u00e9ducatif suisse et ses qualit\u00e9s de communication compl\u00e8tent id\u00e9alement son profil, ajoute le communiqu\u00e9. Avec Sascha M. Burkhalter, la stabilit\u00e9 et la continuit\u00e9 au sein de l'association sont en outre assur\u00e9es. La baisse g\u00e9n\u00e9rale du nombre de membres et la pression sur les co\u00fbts avaient contraint l'association \u00e0 plusieurs changements ces derni\u00e8res ann\u00e9es : Une r\u00e9forme structurelle compl\u00e8te a permis de r\u00e9organiser l'association en 2022.<\/p>\n<h3>Sascha M. Burkhalter : \"R\u00e9agir avec agilit\u00e9 aux \u00e9volutions constantes du monde du travail\".<\/h3>\n<p>\"Cette nomination au poste de CEO est un grand honneur pour moi. Je remercie le comit\u00e9 central pour la confiance qu'il m'a accord\u00e9e et je me r\u00e9jouis de relever les nouveaux d\u00e9fis\", d\u00e9clare Sascha M. Burkhalter. \"La force de notre association, qui a maintenant 150 ans, r\u00e9side dans notre engagement inlassable en faveur de conditions de travail \u00e9quitables, de mod\u00e8les de travail modernes et de la promotion de l'apprentissage tout au long de la vie. En tant que CEO de la Soci\u00e9t\u00e9 suisse des employ\u00e9s de commerce, je souhaite rester fid\u00e8le \u00e0 cet objectif, hier comme aujourd'hui, et continuer \u00e0 r\u00e9agir avec rapidit\u00e9 et agilit\u00e9 aux \u00e9volutions constantes du monde du travail\". Sascha M. Burkhalter prendra ses nouvelles fonctions de CEO de la Soci\u00e9t\u00e9 suisse des employ\u00e9s de commerce le 1er janvier 2024. Il succ\u00e8de ainsi \u00e0 Christian Z\u00fcnd, qui se retirera fin d\u00e9cembre 2023 et apr\u00e8s huit ans \u00e0 la t\u00eate de la Soci\u00e9t\u00e9 suisse des employ\u00e9s de commerce. Daniel Jositsch souligne : \"Au nom de notre association et de tous ses collaborateurs\/trices, je remercie d'ores et d\u00e9j\u00e0 Christian Z\u00fcnd pour son travail fructueux et les nombreux jalons qu'il a pos\u00e9s au fil des ans - des acquis en mati\u00e8re de droit du travail dans le partenariat social \u00e0 la refonte et \u00e0 la r\u00e9forme de l'apprentissage d'employ\u00e9(e) de commerce, en passant par la cr\u00e9ation d'une alliance politique interassociative (la plate-forme)\".<\/p>\n<p>Sascha M. Burkhalter a ses racines \u00e0 Thoune et vit avec sa famille dans la Surselva, dans l'Oberland grison.<\/p>\n<p><em>Source : <a href=\"http:\/\/www.kfmv.ch\">Soci\u00e9t\u00e9 suisse des employ\u00e9s de commerce<\/a><\/em><\/p>","protected":false},"excerpt":{"rendered":"<p>Le Comit\u00e9 central de la Soci\u00e9t\u00e9 suisse des employ\u00e9s de commerce a d\u00e9sign\u00e9 Sascha M. Burkhalter pour succ\u00e9der \u00e0 Christian Z\u00fcnd, qui se retire. Burkhalter prendra ses nouvelles fonctions de CEO de la Soci\u00e9t\u00e9 suisse des employ\u00e9s de commerce le 1er janvier 2024.<\/p>","protected":false},"author":4,"featured_media":21028,"comment_status":"closed","ping_status":"closed","sticky":false,"template":"","format":"standard","meta":{"_acf_changed":false,"_yoast_wpseo_focuskw":"Burkhalter","_yoast_wpseo_metadesc":"Der Kaufm\u00e4nnische Verband Schweiz hat Sascha M. Burkhalter als Nachfolger f\u00fcr den zur\u00fccktretenden Christian Z\u00fcnd designiert.","articlekey":"","footnotes":""},"categories":[28],"tags":[335,381,503],"class_list":["post-21027","post","type-post","status-publish","format-standard","has-post-thumbnail","hentry","category-management","tag-management-und-unternehmensfuehrung","tag-personalia","tag-verbaende"],"acf":[],"yoast_head":"<!-- This site is optimized with the Yoast SEO plugin v27.5 - https:\/\/yoast.com\/product\/yoast-seo-wordpress\/ -->\n<title>Kaufm\u00e4nnischer Verband Schweiz: Sascha M. Burkhalter wird neuer CEO - Organisator<\/title>\n<meta name=\"description\" content=\"Der Kaufm\u00e4nnische Verband Schweiz hat Sascha M. Burkhalter als Nachfolger f\u00fcr den zur\u00fccktretenden Christian Z\u00fcnd designiert.\" \/>\n<meta name=\"robots\" content=\"index, follow, max-snippet:-1, max-image-preview:large, max-video-preview:-1\" \/>\n<link rel=\"canonical\" href=\"https:\/\/www.organisator.ch\/fr\/gestion-2\/2023-07-24\/kaufmaennischer-verband-schweiz-sascha-m-burkhalter-wird-neuer-ceo\/\" \/>\n<meta property=\"og:locale\" content=\"fr_FR\" \/>\n<meta property=\"og:type\" content=\"article\" \/>\n<meta property=\"og:title\" content=\"Kaufm\u00e4nnischer Verband Schweiz: Sascha M. Burkhalter wird neuer CEO\" \/>\n<meta property=\"og:description\" content=\"Der Kaufm\u00e4nnische Verband Schweiz hat Sascha M. Burkhalter als Nachfolger f\u00fcr den zur\u00fccktretenden Christian Z\u00fcnd designiert.\" \/>\n<meta property=\"og:url\" content=\"https:\/\/www.organisator.ch\/fr\/gestion-2\/2023-07-24\/kaufmaennischer-verband-schweiz-sascha-m-burkhalter-wird-neuer-ceo\/\" \/>\n<meta property=\"og:site_name\" content=\"Organisator\" \/>\n<meta property=\"article:publisher\" content=\"https:\/\/www.facebook.com\/OrganisatorFachmagazin\" \/>\n<meta property=\"article:published_time\" content=\"2023-07-24T12:25:39+00:00\" \/>\n<meta property=\"og:image\" content=\"https:\/\/www.organisator.ch\/wp-content\/uploads\/2023\/07\/Kaufmaennischer-Verband-Schweiz-Sascha-M.-Burkhalter-wird-neuer-CEO_Organisator.jpg\" \/>\n\t<meta property=\"og:image:width\" content=\"680\" \/>\n\t<meta property=\"og:image:height\" content=\"391\" \/>\n\t<meta property=\"og:image:type\" content=\"image\/jpeg\" \/>\n<meta name=\"author\" content=\"thomas.berner\" \/>\n<meta name=\"twitter:card\" content=\"summary_large_image\" \/>\n<meta name=\"twitter:title\" content=\"Kaufm\u00e4nnischer Verband Schweiz: Sascha M. #Burkhalter wird neuer #CEO\" \/>\n<meta name=\"twitter:description\" content=\"Der #Kaufm\u00e4nnische Verband Schweiz hat Sascha M. #Burkhalter als Nachfolger f\u00fcr den zur\u00fccktretenden Christian Z\u00fcnd designiert.\" \/>\n<meta name=\"twitter:image\" content=\"https:\/\/www.organisator.ch\/wp-content\/uploads\/2023\/07\/Kaufmaennischer-Verband-Schweiz-Sascha-M.-Burkhalter-wird-neuer-CEO_Organisator.jpg\" \/>\n<script type=\"application\/ld+json\" class=\"yoast-schema-graph\">{\"@context\":\"https:\\\/\\\/schema.org\",\"@graph\":[{\"@type\":\"Article\",\"@id\":\"https:\\\/\\\/www.organisator.ch\\\/management\\\/2023-07-24\\\/kaufmaennischer-verband-schweiz-sascha-m-burkhalter-wird-neuer-ceo\\\/#article\",\"isPartOf\":{\"@id\":\"https:\\\/\\\/www.organisator.ch\\\/management\\\/2023-07-24\\\/kaufmaennischer-verband-schweiz-sascha-m-burkhalter-wird-neuer-ceo\\\/\"},\"author\":{\"name\":\"thomas.berner\",\"@id\":\"https:\\\/\\\/www.organisator.ch\\\/#\\\/schema\\\/person\\\/6f650f90b2842cd4c0cc334b4e36f67e\"},\"headline\":\"Kaufm\u00e4nnischer Verband Schweiz: Sascha M. Burkhalter wird neuer CEO\",\"datePublished\":\"2023-07-24T12:25:39+00:00\",\"mainEntityOfPage\":{\"@id\":\"https:\\\/\\\/www.organisator.ch\\\/management\\\/2023-07-24\\\/kaufmaennischer-verband-schweiz-sascha-m-burkhalter-wird-neuer-ceo\\\/\"},\"wordCount\":539,\"publisher\":{\"@id\":\"https:\\\/\\\/www.organisator.ch\\\/#organization\"},\"image\":{\"@id\":\"https:\\\/\\\/www.organisator.ch\\\/management\\\/2023-07-24\\\/kaufmaennischer-verband-schweiz-sascha-m-burkhalter-wird-neuer-ceo\\\/#primaryimage\"},\"thumbnailUrl\":\"https:\\\/\\\/www.organisator.ch\\\/wp-content\\\/uploads\\\/2023\\\/07\\\/Kaufmaennischer-Verband-Schweiz-Sascha-M.-Burkhalter-wird-neuer-CEO_Organisator.jpg\",\"keywords\":[\"Management und Unternehmensf\u00fchrung\",\"Personalia\",\"Verb\u00e4nde\"],\"articleSection\":[\"MANAGEMENT\"],\"inLanguage\":\"fr-FR\"},{\"@type\":\"WebPage\",\"@id\":\"https:\\\/\\\/www.organisator.ch\\\/management\\\/2023-07-24\\\/kaufmaennischer-verband-schweiz-sascha-m-burkhalter-wird-neuer-ceo\\\/\",\"url\":\"https:\\\/\\\/www.organisator.ch\\\/management\\\/2023-07-24\\\/kaufmaennischer-verband-schweiz-sascha-m-burkhalter-wird-neuer-ceo\\\/\",\"name\":\"Kaufm\u00e4nnischer Verband Schweiz: Sascha M. Burkhalter wird neuer CEO - Organisator\",\"isPartOf\":{\"@id\":\"https:\\\/\\\/www.organisator.ch\\\/#website\"},\"primaryImageOfPage\":{\"@id\":\"https:\\\/\\\/www.organisator.ch\\\/management\\\/2023-07-24\\\/kaufmaennischer-verband-schweiz-sascha-m-burkhalter-wird-neuer-ceo\\\/#primaryimage\"},\"image\":{\"@id\":\"https:\\\/\\\/www.organisator.ch\\\/management\\\/2023-07-24\\\/kaufmaennischer-verband-schweiz-sascha-m-burkhalter-wird-neuer-ceo\\\/#primaryimage\"},\"thumbnailUrl\":\"https:\\\/\\\/www.organisator.ch\\\/wp-content\\\/uploads\\\/2023\\\/07\\\/Kaufmaennischer-Verband-Schweiz-Sascha-M.-Burkhalter-wird-neuer-CEO_Organisator.jpg\",\"datePublished\":\"2023-07-24T12:25:39+00:00\",\"description\":\"Der Kaufm\u00e4nnische Verband Schweiz hat Sascha M. Burkhalter als Nachfolger f\u00fcr den zur\u00fccktretenden Christian Z\u00fcnd designiert.\",\"breadcrumb\":{\"@id\":\"https:\\\/\\\/www.organisator.ch\\\/management\\\/2023-07-24\\\/kaufmaennischer-verband-schweiz-sascha-m-burkhalter-wird-neuer-ceo\\\/#breadcrumb\"},\"inLanguage\":\"fr-FR\",\"potentialAction\":[{\"@type\":\"ReadAction\",\"target\":[\"https:\\\/\\\/www.organisator.ch\\\/management\\\/2023-07-24\\\/kaufmaennischer-verband-schweiz-sascha-m-burkhalter-wird-neuer-ceo\\\/\"]}]},{\"@type\":\"ImageObject\",\"inLanguage\":\"fr-FR\",\"@id\":\"https:\\\/\\\/www.organisator.ch\\\/management\\\/2023-07-24\\\/kaufmaennischer-verband-schweiz-sascha-m-burkhalter-wird-neuer-ceo\\\/#primaryimage\",\"url\":\"https:\\\/\\\/www.organisator.ch\\\/wp-content\\\/uploads\\\/2023\\\/07\\\/Kaufmaennischer-Verband-Schweiz-Sascha-M.-Burkhalter-wird-neuer-CEO_Organisator.jpg\",\"contentUrl\":\"https:\\\/\\\/www.organisator.ch\\\/wp-content\\\/uploads\\\/2023\\\/07\\\/Kaufmaennischer-Verband-Schweiz-Sascha-M.-Burkhalter-wird-neuer-CEO_Organisator.jpg\",\"width\":680,\"height\":391,\"caption\":\"Ab 2024 CEO des Kaufm\u00e4nnischen Verbands Schweiz: Sascha M. Burkhalter. (Bild: zVg \\\/ Kaufm\u00e4nnischer Verband Schweiz)\"},{\"@type\":\"BreadcrumbList\",\"@id\":\"https:\\\/\\\/www.organisator.ch\\\/management\\\/2023-07-24\\\/kaufmaennischer-verband-schweiz-sascha-m-burkhalter-wird-neuer-ceo\\\/#breadcrumb\",\"itemListElement\":[{\"@type\":\"ListItem\",\"position\":1,\"name\":\"Home\",\"item\":\"https:\\\/\\\/www.organisator.ch\\\/\"},{\"@type\":\"ListItem\",\"position\":2,\"name\":\"Kaufm\u00e4nnischer Verband Schweiz: Sascha M. Burkhalter wird neuer CEO\"}]},{\"@type\":\"WebSite\",\"@id\":\"https:\\\/\\\/www.organisator.ch\\\/#website\",\"url\":\"https:\\\/\\\/www.organisator.ch\\\/\",\"name\":\"Organisator\",\"description\":\"Kompetent. Praxisnah. Der ORGANISATOR bereitet in 10 Ausgaben pro Jahr die wesentlichen Themen f\u00fcr F\u00fchrungskr\u00e4fte von KMU auf.\",\"publisher\":{\"@id\":\"https:\\\/\\\/www.organisator.ch\\\/#organization\"},\"potentialAction\":[{\"@type\":\"SearchAction\",\"target\":{\"@type\":\"EntryPoint\",\"urlTemplate\":\"https:\\\/\\\/www.organisator.ch\\\/?s={search_term_string}\"},\"query-input\":{\"@type\":\"PropertyValueSpecification\",\"valueRequired\":true,\"valueName\":\"search_term_string\"}}],\"inLanguage\":\"fr-FR\"},{\"@type\":\"Organization\",\"@id\":\"https:\\\/\\\/www.organisator.ch\\\/#organization\",\"name\":\"Organisator\",\"url\":\"https:\\\/\\\/www.organisator.ch\\\/\",\"logo\":{\"@type\":\"ImageObject\",\"inLanguage\":\"fr-FR\",\"@id\":\"https:\\\/\\\/www.organisator.ch\\\/#\\\/schema\\\/logo\\\/image\\\/\",\"url\":\"https:\\\/\\\/www.organisator.ch\\\/wp-content\\\/uploads\\\/2022\\\/01\\\/Logo_Organisator_Website.png\",\"contentUrl\":\"https:\\\/\\\/www.organisator.ch\\\/wp-content\\\/uploads\\\/2022\\\/01\\\/Logo_Organisator_Website.png\",\"width\":800,\"height\":77,\"caption\":\"Organisator\"},\"image\":{\"@id\":\"https:\\\/\\\/www.organisator.ch\\\/#\\\/schema\\\/logo\\\/image\\\/\"},\"sameAs\":[\"https:\\\/\\\/www.facebook.com\\\/OrganisatorFachmagazin\",\"https:\\\/\\\/www.linkedin.com\\\/showcase\\\/organisator-das-magazin-fr-kmu\",\"https:\\\/\\\/www.xing.com\\\/news\\\/pages\\\/organisator-ch-695\",\"https:\\\/\\\/www.youtube.com\\\/channel\\\/UCGP2Sq0iWaZwT3BdIAQFYpw\"]},{\"@type\":\"Person\",\"@id\":\"https:\\\/\\\/www.organisator.ch\\\/#\\\/schema\\\/person\\\/6f650f90b2842cd4c0cc334b4e36f67e\",\"name\":\"thomas.berner\",\"image\":{\"@type\":\"ImageObject\",\"inLanguage\":\"fr-FR\",\"@id\":\"https:\\\/\\\/secure.gravatar.com\\\/avatar\\\/ac5001d2a36cb6c6cd3e50789007ffca834b477b74a2144564522e944eabff61?s=96&d=mm&r=g\",\"url\":\"https:\\\/\\\/secure.gravatar.com\\\/avatar\\\/ac5001d2a36cb6c6cd3e50789007ffca834b477b74a2144564522e944eabff61?s=96&d=mm&r=g\",\"contentUrl\":\"https:\\\/\\\/secure.gravatar.com\\\/avatar\\\/ac5001d2a36cb6c6cd3e50789007ffca834b477b74a2144564522e944eabff61?s=96&d=mm&r=g\",\"caption\":\"thomas.berner\"},\"url\":\"https:\\\/\\\/www.organisator.ch\\\/fr\\\/author\\\/thomas-berner\\\/\"}]}<\/script>\n<!-- \/ Yoast SEO plugin. -->","yoast_head_json":{"title":"Soci\u00e9t\u00e9 suisse des employ\u00e9s de commerce : Sascha M. Burkhalter devient le nouveau CEO - Organisateur","description":"La Soci\u00e9t\u00e9 suisse des employ\u00e9s de commerce a d\u00e9sign\u00e9 Sascha M. Burkhalter pour succ\u00e9der \u00e0 Christian Z\u00fcnd, qui se retire.","robots":{"index":"index","follow":"follow","max-snippet":"max-snippet:-1","max-image-preview":"max-image-preview:large","max-video-preview":"max-video-preview:-1"},"canonical":"https:\/\/www.organisator.ch\/fr\/gestion-2\/2023-07-24\/kaufmaennischer-verband-schweiz-sascha-m-burkhalter-wird-neuer-ceo\/","og_locale":"fr_FR","og_type":"article","og_title":"Kaufm\u00e4nnischer Verband Schweiz: Sascha M. Burkhalter wird neuer CEO","og_description":"Der Kaufm\u00e4nnische Verband Schweiz hat Sascha M. Burkhalter als Nachfolger f\u00fcr den zur\u00fccktretenden Christian Z\u00fcnd designiert.","og_url":"https:\/\/www.organisator.ch\/fr\/gestion-2\/2023-07-24\/kaufmaennischer-verband-schweiz-sascha-m-burkhalter-wird-neuer-ceo\/","og_site_name":"Organisator","article_publisher":"https:\/\/www.facebook.com\/OrganisatorFachmagazin","article_published_time":"2023-07-24T12:25:39+00:00","og_image":[{"width":680,"height":391,"url":"https:\/\/www.organisator.ch\/wp-content\/uploads\/2023\/07\/Kaufmaennischer-Verband-Schweiz-Sascha-M.-Burkhalter-wird-neuer-CEO_Organisator.jpg","type":"image\/jpeg"}],"author":"thomas.berner","twitter_card":"summary_large_image","twitter_title":"Kaufm\u00e4nnischer Verband Schweiz: Sascha M. #Burkhalter wird neuer #CEO","twitter_description":"Der #Kaufm\u00e4nnische Verband Schweiz hat Sascha M. #Burkhalter als Nachfolger f\u00fcr den zur\u00fccktretenden Christian Z\u00fcnd designiert.","twitter_image":"https:\/\/www.organisator.ch\/wp-content\/uploads\/2023\/07\/Kaufmaennischer-Verband-Schweiz-Sascha-M.-Burkhalter-wird-neuer-CEO_Organisator.jpg","schema":{"@context":"https:\/\/schema.org","@graph":[{"@type":"Article","@id":"https:\/\/www.organisator.ch\/management\/2023-07-24\/kaufmaennischer-verband-schweiz-sascha-m-burkhalter-wird-neuer-ceo\/#article","isPartOf":{"@id":"https:\/\/www.organisator.ch\/management\/2023-07-24\/kaufmaennischer-verband-schweiz-sascha-m-burkhalter-wird-neuer-ceo\/"},"author":{"name":"thomas.berner","@id":"https:\/\/www.organisator.ch\/#\/schema\/person\/6f650f90b2842cd4c0cc334b4e36f67e"},"headline":"Kaufm\u00e4nnischer Verband Schweiz: Sascha M. Burkhalter wird neuer CEO","datePublished":"2023-07-24T12:25:39+00:00","mainEntityOfPage":{"@id":"https:\/\/www.organisator.ch\/management\/2023-07-24\/kaufmaennischer-verband-schweiz-sascha-m-burkhalter-wird-neuer-ceo\/"},"wordCount":539,"publisher":{"@id":"https:\/\/www.organisator.ch\/#organization"},"image":{"@id":"https:\/\/www.organisator.ch\/management\/2023-07-24\/kaufmaennischer-verband-schweiz-sascha-m-burkhalter-wird-neuer-ceo\/#primaryimage"},"thumbnailUrl":"https:\/\/www.organisator.ch\/wp-content\/uploads\/2023\/07\/Kaufmaennischer-Verband-Schweiz-Sascha-M.-Burkhalter-wird-neuer-CEO_Organisator.jpg","keywords":["Management und Unternehmensf\u00fchrung","Personalia","Verb\u00e4nde"],"articleSection":["MANAGEMENT"],"inLanguage":"fr-FR"},{"@type":"WebPage","@id":"https:\/\/www.organisator.ch\/management\/2023-07-24\/kaufmaennischer-verband-schweiz-sascha-m-burkhalter-wird-neuer-ceo\/","url":"https:\/\/www.organisator.ch\/management\/2023-07-24\/kaufmaennischer-verband-schweiz-sascha-m-burkhalter-wird-neuer-ceo\/","name":"Soci\u00e9t\u00e9 suisse des employ\u00e9s de commerce : Sascha M. Burkhalter devient le nouveau CEO - Organisateur","isPartOf":{"@id":"https:\/\/www.organisator.ch\/#website"},"primaryImageOfPage":{"@id":"https:\/\/www.organisator.ch\/management\/2023-07-24\/kaufmaennischer-verband-schweiz-sascha-m-burkhalter-wird-neuer-ceo\/#primaryimage"},"image":{"@id":"https:\/\/www.organisator.ch\/management\/2023-07-24\/kaufmaennischer-verband-schweiz-sascha-m-burkhalter-wird-neuer-ceo\/#primaryimage"},"thumbnailUrl":"https:\/\/www.organisator.ch\/wp-content\/uploads\/2023\/07\/Kaufmaennischer-Verband-Schweiz-Sascha-M.-Burkhalter-wird-neuer-CEO_Organisator.jpg","datePublished":"2023-07-24T12:25:39+00:00","description":"La Soci\u00e9t\u00e9 suisse des employ\u00e9s de commerce a d\u00e9sign\u00e9 Sascha M. Burkhalter pour succ\u00e9der \u00e0 Christian Z\u00fcnd, qui se retire.","breadcrumb":{"@id":"https:\/\/www.organisator.ch\/management\/2023-07-24\/kaufmaennischer-verband-schweiz-sascha-m-burkhalter-wird-neuer-ceo\/#breadcrumb"},"inLanguage":"fr-FR","potentialAction":[{"@type":"ReadAction","target":["https:\/\/www.organisator.ch\/management\/2023-07-24\/kaufmaennischer-verband-schweiz-sascha-m-burkhalter-wird-neuer-ceo\/"]}]},{"@type":"ImageObject","inLanguage":"fr-FR","@id":"https:\/\/www.organisator.ch\/management\/2023-07-24\/kaufmaennischer-verband-schweiz-sascha-m-burkhalter-wird-neuer-ceo\/#primaryimage","url":"https:\/\/www.organisator.ch\/wp-content\/uploads\/2023\/07\/Kaufmaennischer-Verband-Schweiz-Sascha-M.-Burkhalter-wird-neuer-CEO_Organisator.jpg","contentUrl":"https:\/\/www.organisator.ch\/wp-content\/uploads\/2023\/07\/Kaufmaennischer-Verband-Schweiz-Sascha-M.-Burkhalter-wird-neuer-CEO_Organisator.jpg","width":680,"height":391,"caption":"Ab 2024 CEO des Kaufm\u00e4nnischen Verbands Schweiz: Sascha M. Burkhalter. (Bild: zVg \/ Kaufm\u00e4nnischer Verband Schweiz)"},{"@type":"BreadcrumbList","@id":"https:\/\/www.organisator.ch\/management\/2023-07-24\/kaufmaennischer-verband-schweiz-sascha-m-burkhalter-wird-neuer-ceo\/#breadcrumb","itemListElement":[{"@type":"ListItem","position":1,"name":"Home","item":"https:\/\/www.organisator.ch\/"},{"@type":"ListItem","position":2,"name":"Kaufm\u00e4nnischer Verband Schweiz: Sascha M. Burkhalter wird neuer CEO"}]},{"@type":"WebSite","@id":"https:\/\/www.organisator.ch\/#website","url":"https:\/\/www.organisator.ch\/","name":"Organisateur","description":"Comp\u00e9tence et comp\u00e9tence. Proches de la pratique. L'ORGANISATEUR pr\u00e9pare 10 num\u00e9ros par an sur les th\u00e8mes essentiels pour les dirigeants de PME.","publisher":{"@id":"https:\/\/www.organisator.ch\/#organization"},"potentialAction":[{"@type":"SearchAction","target":{"@type":"EntryPoint","urlTemplate":"https:\/\/www.organisator.ch\/?s={search_term_string}"},"query-input":{"@type":"PropertyValueSpecification","valueRequired":true,"valueName":"search_term_string"}}],"inLanguage":"fr-FR"},{"@type":"Organization","@id":"https:\/\/www.organisator.ch\/#organization","name":"Organisateur","url":"https:\/\/www.organisator.ch\/","logo":{"@type":"ImageObject","inLanguage":"fr-FR","@id":"https:\/\/www.organisator.ch\/#\/schema\/logo\/image\/","url":"https:\/\/www.organisator.ch\/wp-content\/uploads\/2022\/01\/Logo_Organisator_Website.png","contentUrl":"https:\/\/www.organisator.ch\/wp-content\/uploads\/2022\/01\/Logo_Organisator_Website.png","width":800,"height":77,"caption":"Organisator"},"image":{"@id":"https:\/\/www.organisator.ch\/#\/schema\/logo\/image\/"},"sameAs":["https:\/\/www.facebook.com\/OrganisatorFachmagazin","https:\/\/www.linkedin.com\/showcase\/organisator-das-magazin-fr-kmu","https:\/\/www.xing.com\/news\/pages\/organisator-ch-695","https:\/\/www.youtube.com\/channel\/UCGP2Sq0iWaZwT3BdIAQFYpw"]},{"@type":"Person","@id":"https:\/\/www.organisator.ch\/#\/schema\/person\/6f650f90b2842cd4c0cc334b4e36f67e","name":"thomas.berner","image":{"@type":"ImageObject","inLanguage":"fr-FR","@id":"https:\/\/secure.gravatar.com\/avatar\/ac5001d2a36cb6c6cd3e50789007ffca834b477b74a2144564522e944eabff61?s=96&d=mm&r=g","url":"https:\/\/secure.gravatar.com\/avatar\/ac5001d2a36cb6c6cd3e50789007ffca834b477b74a2144564522e944eabff61?s=96&d=mm&r=g","contentUrl":"https:\/\/secure.gravatar.com\/avatar\/ac5001d2a36cb6c6cd3e50789007ffca834b477b74a2144564522e944eabff61?s=96&d=mm&r=g","caption":"thomas.berner"},"url":"https:\/\/www.organisator.ch\/fr\/author\/thomas-berner\/"}]}},"_links":{"self":[{"href":"https:\/\/www.organisator.ch\/fr\/wp-json\/wp\/v2\/posts\/21027","targetHints":{"allow":["GET"]}}],"collection":[{"href":"https:\/\/www.organisator.ch\/fr\/wp-json\/wp\/v2\/posts"}],"about":[{"href":"https:\/\/www.organisator.ch\/fr\/wp-json\/wp\/v2\/types\/post"}],"author":[{"embeddable":true,"href":"https:\/\/www.organisator.ch\/fr\/wp-json\/wp\/v2\/users\/4"}],"replies":[{"embeddable":true,"href":"https:\/\/www.organisator.ch\/fr\/wp-json\/wp\/v2\/comments?post=21027"}],"version-history":[{"count":1,"href":"https:\/\/www.organisator.ch\/fr\/wp-json\/wp\/v2\/posts\/21027\/revisions"}],"predecessor-version":[{"id":21029,"href":"https:\/\/www.organisator.ch\/fr\/wp-json\/wp\/v2\/posts\/21027\/revisions\/21029"}],"wp:featuredmedia":[{"embeddable":true,"href":"https:\/\/www.organisator.ch\/fr\/wp-json\/wp\/v2\/media\/21028"}],"wp:attachment":[{"href":"https:\/\/www.organisator.ch\/fr\/wp-json\/wp\/v2\/media?parent=21027"}],"wp:term":[{"taxonomy":"category","embeddable":true,"href":"https:\/\/www.organisator.ch\/fr\/wp-json\/wp\/v2\/categories?post=21027"},{"taxonomy":"post_tag","embeddable":true,"href":"https:\/\/www.organisator.ch\/fr\/wp-json\/wp\/v2\/tags?post=21027"}],"curies":[{"name":"wp","href":"https:\/\/api.w.org\/{rel}","templated":true}]}}