{"id":21036,"date":"2023-07-24T17:18:05","date_gmt":"2023-07-24T15:18:05","guid":{"rendered":"https:\/\/www.organisator.ch\/?p=21036"},"modified":"2023-08-02T08:38:15","modified_gmt":"2023-08-02T06:38:15","slug":"2022-verzeichnete-wieder-mehr-wirtschaftsdelikte","status":"publish","type":"post","link":"https:\/\/www.organisator.ch\/fr\/management\/2023-07-24\/2022-verzeichnete-wieder-mehr-wirtschaftsdelikte\/","title":{"rendered":"2022 a enregistr\u00e9 une recrudescence des d\u00e9lits \u00e9conomiques"},"content":{"rendered":"<figure id=\"attachment_21037\" aria-describedby=\"caption-attachment-21037\" style=\"width: 680px\" class=\"wp-caption alignnone\"><img loading=\"lazy\" decoding=\"async\" class=\"size-full wp-image-21037\" src=\"https:\/\/www.organisator.ch\/wp-content\/uploads\/2023\/07\/2022-verzeichnete-wieder-mehr-Wirtschaftsdelikte-1_Organisator.jpg\" alt=\"\" width=\"680\" height=\"452\" srcset=\"https:\/\/www.organisator.ch\/wp-content\/uploads\/2023\/07\/2022-verzeichnete-wieder-mehr-Wirtschaftsdelikte-1_Organisator.jpg 680w, https:\/\/www.organisator.ch\/wp-content\/uploads\/2023\/07\/2022-verzeichnete-wieder-mehr-Wirtschaftsdelikte-1_Organisator-18x12.jpg 18w, https:\/\/www.organisator.ch\/wp-content\/uploads\/2023\/07\/2022-verzeichnete-wieder-mehr-Wirtschaftsdelikte-1_Organisator-375x249.jpg 375w, https:\/\/www.organisator.ch\/wp-content\/uploads\/2023\/07\/2022-verzeichnete-wieder-mehr-Wirtschaftsdelikte-1_Organisator-527x350.jpg 527w\" sizes=\"auto, (max-width: 680px) 100vw, 680px\" \/><figcaption id=\"caption-attachment-21037\" class=\"wp-caption-text\">Pas de quoi rire : en 2022, on a de nouveau enregistr\u00e9 plus de d\u00e9lits \u00e9conomiques qu'un an auparavant. (Image : Pixabay.com)<\/figcaption><\/figure>\n<p>Selon le dernier \"KPMG Forensic Fraud Barometer\", les tribunaux suisses ont trait\u00e9 en 2022 78 cas de criminalit\u00e9 \u00e9conomique dont le montant du d\u00e9lit s'\u00e9levait \u00e0 au moins CHF 50'000. Cela correspond \u00e0 une augmentation de 10 cas ou 15 % par rapport \u00e0 l'ann\u00e9e pr\u00e9c\u00e9dente. Le montant total des dommages a \u00e9galement l\u00e9g\u00e8rement augment\u00e9, passant de 567 millions de francs \u00e0 581 millions.<\/p>\n<h3><strong>Les particuliers sont les cibles les plus fr\u00e9quentes des criminels \u00e9conomiques<\/strong><\/h3>\n<p>Depuis 2019, les d\u00e9lits \u00e9conomiques port\u00e9s devant les tribunaux sont en augmentation. 48 cas ont alors \u00e9t\u00e9 jug\u00e9s par les tribunaux suisses. \"L'une des raisons de cette augmentation est que les criminels \u00e9conomiques ont trouv\u00e9 de nouveaux moyens de mener des activit\u00e9s frauduleuses dans le sillage de la pand\u00e9mie de Corona\", explique Bob Dillen, responsable du d\u00e9partement Forensics de KPMG Suisse.<\/p>\n<p>Avec 40 des 78 affaires trait\u00e9es par la justice, les particuliers ont \u00e9t\u00e9 les victimes les plus fr\u00e9quentes des criminels \u00e9conomiques. Ils d\u00e9passent ainsi les \"institutions publiques\", qui occupaient depuis longtemps la premi\u00e8re place. L'ann\u00e9e pr\u00e9c\u00e9dente, 11 affaires judiciaires avaient concern\u00e9 nettement moins de personnes priv\u00e9es.<\/p>\n<figure id=\"attachment_21038\" aria-describedby=\"caption-attachment-21038\" style=\"width: 680px\" class=\"wp-caption alignnone\"><img loading=\"lazy\" decoding=\"async\" class=\"size-full wp-image-21038\" src=\"https:\/\/www.organisator.ch\/wp-content\/uploads\/2023\/07\/2022-verzeichnete-wieder-mehr-Wirtschaftsdelikte-2_Organisator.jpg\" alt=\"\" width=\"680\" height=\"394\" srcset=\"https:\/\/www.organisator.ch\/wp-content\/uploads\/2023\/07\/2022-verzeichnete-wieder-mehr-Wirtschaftsdelikte-2_Organisator.jpg 680w, https:\/\/www.organisator.ch\/wp-content\/uploads\/2023\/07\/2022-verzeichnete-wieder-mehr-Wirtschaftsdelikte-2_Organisator-18x10.jpg 18w, https:\/\/www.organisator.ch\/wp-content\/uploads\/2023\/07\/2022-verzeichnete-wieder-mehr-Wirtschaftsdelikte-2_Organisator-375x217.jpg 375w, https:\/\/www.organisator.ch\/wp-content\/uploads\/2023\/07\/2022-verzeichnete-wieder-mehr-Wirtschaftsdelikte-2_Organisator-604x350.jpg 604w\" sizes=\"auto, (max-width: 680px) 100vw, 680px\" \/><figcaption id=\"caption-attachment-21038\" class=\"wp-caption-text\">D\u00e9lits \u00e9conomiques par groupe de victimes. (Source : KPMG)<\/figcaption><\/figure>\n<h3><strong>Les institutions publiques les plus touch\u00e9es<\/strong><\/h3>\n<p>En 2022, les tribunaux suisses ont trait\u00e9 19 affaires de criminalit\u00e9 \u00e9conomique dont les victimes \u00e9taient des institutions publiques. Le montant des dommages caus\u00e9s au secteur public de 419 millions de CHF correspond \u00e0 pr\u00e8s des trois quarts du montant total des dommages et \u00e0 un montant moyen de d\u00e9lit par cas de plus de 22 millions de CHF. \"Les raisons de la forte attractivit\u00e9 du secteur public pour les criminels \u00e9conomiques sont, d'une part, les moyens financiers consid\u00e9rables qui y sont g\u00e9r\u00e9s et, d'autre part, la structure souvent complexe des institutions publiques, qui peut favoriser les faiblesses du syst\u00e8me de contr\u00f4le interne\", explique Dillen.<\/p>\n<p>Dans sept cas, des condamnations ont \u00e9t\u00e9 prononc\u00e9es en rapport avec des cr\u00e9dits Covid-19 obtenus ill\u00e9galement. \"Nous pensons que de nombreux autres d\u00e9lits \u00e9conomiques li\u00e9s \u00e0 la pand\u00e9mie seront mis au jour, car il peut s'\u00e9couler des ann\u00e9es avant qu'ils ne soient d\u00e9couverts, examin\u00e9s et jug\u00e9s\", explique Dillen.<\/p>\n<h3><strong>Les d\u00e9lits \u00e9conomiques les plus fr\u00e9quents : l'abus de confiance et la fraude \u00e0 l'assurance (sociale)<\/strong><\/h3>\n<p>Malgr\u00e9 sept cas li\u00e9s \u00e0 des cr\u00e9dits Covid 19 obtenus ill\u00e9galement, la fraude \u00e0 l'assurance (sociale) n'\u00e9tait que le troisi\u00e8me type de d\u00e9lit le plus fr\u00e9quent en 2022. Certes, le nombre de cas judiciaires de ce type a diminu\u00e9 de 20 \u00e0 12, mais le montant moyen du d\u00e9lit par cas a presque \u00e9t\u00e9 multipli\u00e9 par 10 en raison d'un cas isol\u00e9 de grande ampleur, avec un montant du d\u00e9lit de plus de 28 millions de CHF. Le type de d\u00e9lit le plus fr\u00e9quent en 2022, avec 14 cas trait\u00e9s par les tribunaux, \u00e9tait l'abus de confiance - avec une somme moyenne du d\u00e9lit d'environ 1 million de CHF.<\/p>\n<figure id=\"attachment_21039\" aria-describedby=\"caption-attachment-21039\" style=\"width: 680px\" class=\"wp-caption alignnone\"><img loading=\"lazy\" decoding=\"async\" class=\"size-full wp-image-21039\" src=\"https:\/\/www.organisator.ch\/wp-content\/uploads\/2023\/07\/2022-verzeichnete-wieder-mehr-Wirtschaftsdelikte-3_Organisator.jpg\" alt=\"\" width=\"680\" height=\"513\" srcset=\"https:\/\/www.organisator.ch\/wp-content\/uploads\/2023\/07\/2022-verzeichnete-wieder-mehr-Wirtschaftsdelikte-3_Organisator.jpg 680w, https:\/\/www.organisator.ch\/wp-content\/uploads\/2023\/07\/2022-verzeichnete-wieder-mehr-Wirtschaftsdelikte-3_Organisator-16x12.jpg 16w, https:\/\/www.organisator.ch\/wp-content\/uploads\/2023\/07\/2022-verzeichnete-wieder-mehr-Wirtschaftsdelikte-3_Organisator-375x283.jpg 375w, https:\/\/www.organisator.ch\/wp-content\/uploads\/2023\/07\/2022-verzeichnete-wieder-mehr-Wirtschaftsdelikte-3_Organisator-464x350.jpg 464w\" sizes=\"auto, (max-width: 680px) 100vw, 680px\" \/><figcaption id=\"caption-attachment-21039\" class=\"wp-caption-text\">Les types de d\u00e9lits \u00e9conomiques les plus courants en 2022. (Source : KPMG)<\/figcaption><\/figure>\n<h3><strong>Les particuliers sont aussi le plus grand groupe de d\u00e9linquants<\/strong><\/h3>\n<p>Comme l'ann\u00e9e pr\u00e9c\u00e9dente, les particuliers ont constitu\u00e9 en 2022 le groupe d'auteurs le plus important, avec 30 des 78 d\u00e9lits \u00e9conomiques trait\u00e9s. Le montant moyen du d\u00e9lit par cas s'\u00e9levait \u00e0 pr\u00e8s de 800 000 CHF. Le deuxi\u00e8me groupe d'auteurs le plus important \u00e9tait celui des employ\u00e9s occupant des fonctions dirigeantes (\"management\"), avec 17 cas et un montant total du d\u00e9lit de plus de 82 millions de CHF. Le montant moyen du d\u00e9lit par cas s'\u00e9levait \u00e0 pr\u00e8s de 5 millions de CHF, soit environ six fois plus que pour le groupe de d\u00e9linquants des personnes priv\u00e9es.<\/p>\n<figure id=\"attachment_21040\" aria-describedby=\"caption-attachment-21040\" style=\"width: 680px\" class=\"wp-caption alignnone\"><img loading=\"lazy\" decoding=\"async\" class=\"size-full wp-image-21040\" src=\"https:\/\/www.organisator.ch\/wp-content\/uploads\/2023\/07\/2022-verzeichnete-wieder-mehr-Wirtschaftsdelikte-4_Organisator.jpg\" alt=\"\" width=\"680\" height=\"425\" srcset=\"https:\/\/www.organisator.ch\/wp-content\/uploads\/2023\/07\/2022-verzeichnete-wieder-mehr-Wirtschaftsdelikte-4_Organisator.jpg 680w, https:\/\/www.organisator.ch\/wp-content\/uploads\/2023\/07\/2022-verzeichnete-wieder-mehr-Wirtschaftsdelikte-4_Organisator-18x12.jpg 18w, https:\/\/www.organisator.ch\/wp-content\/uploads\/2023\/07\/2022-verzeichnete-wieder-mehr-Wirtschaftsdelikte-4_Organisator-375x234.jpg 375w, https:\/\/www.organisator.ch\/wp-content\/uploads\/2023\/07\/2022-verzeichnete-wieder-mehr-Wirtschaftsdelikte-4_Organisator-560x350.jpg 560w\" sizes=\"auto, (max-width: 680px) 100vw, 680px\" \/><figcaption id=\"caption-attachment-21040\" class=\"wp-caption-text\">Les diff\u00e9rents types d'auteurs. (Source : KPMG)<\/figcaption><\/figure>\n<p>M\u00eame si les entreprises et les institutions publiques ont enregistr\u00e9 moins de d\u00e9lits \u00e9conomiques port\u00e9s devant les tribunaux que l'ann\u00e9e pr\u00e9c\u00e9dente, un tiers des d\u00e9lits ont \u00e9t\u00e9 commis sur le lieu de travail. \"Il ne faut pas sous-estimer le danger venant de l'int\u00e9rieur\", fait remarquer Dillen. L'expert en forensique recommande aux entreprises qui n'ont pas encore enti\u00e8rement adapt\u00e9 leurs directives de conformit\u00e9 et leurs syst\u00e8mes de s\u00e9curit\u00e9 aux nouvelles circonstances de s'\u00e9quiper et d'utiliser les donn\u00e9es ainsi que les technologies les plus r\u00e9centes comme l'apprentissage automatique et l'IA pour pr\u00e9venir et d\u00e9tecter les fraudes. \"Comme les actes frauduleux ne peuvent jamais \u00eatre totalement exclus, il est recommand\u00e9 de prendre des mesures suppl\u00e9mentaires comme la mise \u00e0 disposition d'une plateforme de d\u00e9nonciation o\u00f9 les collaborateurs peuvent signaler les activit\u00e9s criminelles et les cas suspects\", poursuit Dillen.<\/p>\n<h3><strong>La plupart des d\u00e9lits \u00e9conomiques en Suisse centrale, le plus important dans la r\u00e9gion l\u00e9manique<\/strong><\/h3>\n<p>Avec 21 cas sur 78, pr\u00e8s d'un quart des d\u00e9lits jug\u00e9s concernaient la Suisse centrale. L'ann\u00e9e pr\u00e9c\u00e9dente, il y avait encore douze cas. La r\u00e9gion de Zurich a pris la deuxi\u00e8me place avec 18 cas. Dans la r\u00e9gion l\u00e9manique, 15 d\u00e9lits \u00e9conomiques ont \u00e9t\u00e9 trait\u00e9s contre six l'ann\u00e9e pr\u00e9c\u00e9dente. Il est frappant de constater le montant \u00e9lev\u00e9 des d\u00e9lits dans cette r\u00e9gion, soit plus de 415 millions de francs. Cela correspond \u00e0 une part de plus de 70 % de la somme totale des d\u00e9lits. Cela s'explique par un d\u00e9lit fiscal commis par un particulier et portant sur un montant de 340 millions de francs.<\/p>\n<p><em>Source : <a href=\"http:\/\/www.kpmg.ch\">KPMG<\/a><\/em><\/p>","protected":false},"excerpt":{"rendered":"<p>Selon le dernier Forensic Fraud Barometer de KPMG, le nombre de d\u00e9lits \u00e9conomiques enregistr\u00e9s l'ann\u00e9e derni\u00e8re a de nouveau augment\u00e9 par rapport \u00e0 2021. Ainsi, en 2022, les tribunaux suisses ont jug\u00e9 78 cas de criminalit\u00e9 \u00e9conomique, dont sept cas li\u00e9s \u00e0 des cr\u00e9dits Covid-19. <\/p>","protected":false},"author":4,"featured_media":21037,"comment_status":"closed","ping_status":"closed","sticky":false,"template":"","format":"standard","meta":{"_acf_changed":false,"_yoast_wpseo_focuskw":"Wirtschaftsdelikte","_yoast_wpseo_metadesc":"Gem\u00e4ss dem j\u00fcngsten Forensic Fraud Barometer von KPMG wurden im letzten Jahr erneut mehr Wirtschaftsdelikte verzeichnet als noch 2021.","articlekey":"","footnotes":""},"categories":[28],"tags":[335,418,529],"class_list":["post-21036","post","type-post","status-publish","format-standard","has-post-thumbnail","hentry","category-management","tag-management-und-unternehmensfuehrung","tag-risikomanagement","tag-wirtschaftskriminalitaet"],"acf":[],"yoast_head":"<!-- This site is optimized with the Yoast SEO plugin v27.5 - https:\/\/yoast.com\/product\/yoast-seo-wordpress\/ -->\n<title>2022 verzeichnete wieder mehr Wirtschaftsdelikte - Organisator<\/title>\n<meta name=\"description\" content=\"Gem\u00e4ss dem j\u00fcngsten Forensic Fraud Barometer von KPMG wurden im letzten Jahr erneut mehr Wirtschaftsdelikte verzeichnet als noch 2021.\" \/>\n<meta name=\"robots\" content=\"index, follow, max-snippet:-1, max-image-preview:large, max-video-preview:-1\" \/>\n<link rel=\"canonical\" href=\"https:\/\/www.organisator.ch\/fr\/gestion-2\/2023-07-24\/2022-verzeichnete-wieder-mehr-wirtschaftsdelikte\/\" \/>\n<meta property=\"og:locale\" content=\"fr_FR\" \/>\n<meta property=\"og:type\" content=\"article\" \/>\n<meta property=\"og:title\" content=\"2022 verzeichnete wieder mehr Wirtschaftsdelikte\" \/>\n<meta property=\"og:description\" content=\"Gem\u00e4ss dem j\u00fcngsten Forensic Fraud Barometer von KPMG wurden im letzten Jahr erneut mehr Wirtschaftsdelikte verzeichnet als noch 2021.\" \/>\n<meta property=\"og:url\" content=\"https:\/\/www.organisator.ch\/fr\/gestion-2\/2023-07-24\/2022-verzeichnete-wieder-mehr-wirtschaftsdelikte\/\" \/>\n<meta property=\"og:site_name\" content=\"Organisator\" \/>\n<meta property=\"article:publisher\" content=\"https:\/\/www.facebook.com\/OrganisatorFachmagazin\" \/>\n<meta property=\"article:published_time\" content=\"2023-07-24T15:18:05+00:00\" \/>\n<meta property=\"article:modified_time\" content=\"2023-08-02T06:38:15+00:00\" \/>\n<meta property=\"og:image\" content=\"https:\/\/www.organisator.ch\/wp-content\/uploads\/2023\/07\/2022-verzeichnete-wieder-mehr-Wirtschaftsdelikte-1_Organisator.jpg\" \/>\n\t<meta property=\"og:image:width\" content=\"680\" \/>\n\t<meta property=\"og:image:height\" content=\"452\" \/>\n\t<meta property=\"og:image:type\" content=\"image\/jpeg\" \/>\n<meta name=\"author\" content=\"thomas.berner\" \/>\n<meta name=\"twitter:card\" content=\"summary_large_image\" \/>\n<meta name=\"twitter:title\" content=\"2022 verzeichnete wieder mehr #Wirtschaftsdelikte\" \/>\n<meta name=\"twitter:description\" content=\"Gem\u00e4ss dem j\u00fcngsten Forensic Fraud Barometer von #KPMG wurden im letzten Jahr erneut mehr #Wirtschaftsdelikte verzeichnet als noch 2021.\" \/>\n<meta name=\"twitter:image\" content=\"https:\/\/www.organisator.ch\/wp-content\/uploads\/2023\/07\/2022-verzeichnete-wieder-mehr-Wirtschaftsdelikte-1_Organisator.jpg\" \/>\n<script type=\"application\/ld+json\" class=\"yoast-schema-graph\">{\"@context\":\"https:\\\/\\\/schema.org\",\"@graph\":[{\"@type\":\"Article\",\"@id\":\"https:\\\/\\\/www.organisator.ch\\\/management\\\/2023-07-24\\\/2022-verzeichnete-wieder-mehr-wirtschaftsdelikte\\\/#article\",\"isPartOf\":{\"@id\":\"https:\\\/\\\/www.organisator.ch\\\/management\\\/2023-07-24\\\/2022-verzeichnete-wieder-mehr-wirtschaftsdelikte\\\/\"},\"author\":{\"name\":\"thomas.berner\",\"@id\":\"https:\\\/\\\/www.organisator.ch\\\/#\\\/schema\\\/person\\\/6f650f90b2842cd4c0cc334b4e36f67e\"},\"headline\":\"2022 verzeichnete wieder mehr Wirtschaftsdelikte\",\"datePublished\":\"2023-07-24T15:18:05+00:00\",\"dateModified\":\"2023-08-02T06:38:15+00:00\",\"mainEntityOfPage\":{\"@id\":\"https:\\\/\\\/www.organisator.ch\\\/management\\\/2023-07-24\\\/2022-verzeichnete-wieder-mehr-wirtschaftsdelikte\\\/\"},\"wordCount\":746,\"publisher\":{\"@id\":\"https:\\\/\\\/www.organisator.ch\\\/#organization\"},\"image\":{\"@id\":\"https:\\\/\\\/www.organisator.ch\\\/management\\\/2023-07-24\\\/2022-verzeichnete-wieder-mehr-wirtschaftsdelikte\\\/#primaryimage\"},\"thumbnailUrl\":\"https:\\\/\\\/www.organisator.ch\\\/wp-content\\\/uploads\\\/2023\\\/07\\\/2022-verzeichnete-wieder-mehr-Wirtschaftsdelikte-1_Organisator.jpg\",\"keywords\":[\"Management und Unternehmensf\u00fchrung\",\"Risikomanagement\",\"Wirtschaftskriminalit\u00e4t\"],\"articleSection\":[\"MANAGEMENT\"],\"inLanguage\":\"fr-FR\"},{\"@type\":\"WebPage\",\"@id\":\"https:\\\/\\\/www.organisator.ch\\\/management\\\/2023-07-24\\\/2022-verzeichnete-wieder-mehr-wirtschaftsdelikte\\\/\",\"url\":\"https:\\\/\\\/www.organisator.ch\\\/management\\\/2023-07-24\\\/2022-verzeichnete-wieder-mehr-wirtschaftsdelikte\\\/\",\"name\":\"2022 verzeichnete wieder mehr Wirtschaftsdelikte - Organisator\",\"isPartOf\":{\"@id\":\"https:\\\/\\\/www.organisator.ch\\\/#website\"},\"primaryImageOfPage\":{\"@id\":\"https:\\\/\\\/www.organisator.ch\\\/management\\\/2023-07-24\\\/2022-verzeichnete-wieder-mehr-wirtschaftsdelikte\\\/#primaryimage\"},\"image\":{\"@id\":\"https:\\\/\\\/www.organisator.ch\\\/management\\\/2023-07-24\\\/2022-verzeichnete-wieder-mehr-wirtschaftsdelikte\\\/#primaryimage\"},\"thumbnailUrl\":\"https:\\\/\\\/www.organisator.ch\\\/wp-content\\\/uploads\\\/2023\\\/07\\\/2022-verzeichnete-wieder-mehr-Wirtschaftsdelikte-1_Organisator.jpg\",\"datePublished\":\"2023-07-24T15:18:05+00:00\",\"dateModified\":\"2023-08-02T06:38:15+00:00\",\"description\":\"Gem\u00e4ss dem j\u00fcngsten Forensic Fraud Barometer von KPMG wurden im letzten Jahr erneut mehr Wirtschaftsdelikte verzeichnet als noch 2021.\",\"breadcrumb\":{\"@id\":\"https:\\\/\\\/www.organisator.ch\\\/management\\\/2023-07-24\\\/2022-verzeichnete-wieder-mehr-wirtschaftsdelikte\\\/#breadcrumb\"},\"inLanguage\":\"fr-FR\",\"potentialAction\":[{\"@type\":\"ReadAction\",\"target\":[\"https:\\\/\\\/www.organisator.ch\\\/management\\\/2023-07-24\\\/2022-verzeichnete-wieder-mehr-wirtschaftsdelikte\\\/\"]}]},{\"@type\":\"ImageObject\",\"inLanguage\":\"fr-FR\",\"@id\":\"https:\\\/\\\/www.organisator.ch\\\/management\\\/2023-07-24\\\/2022-verzeichnete-wieder-mehr-wirtschaftsdelikte\\\/#primaryimage\",\"url\":\"https:\\\/\\\/www.organisator.ch\\\/wp-content\\\/uploads\\\/2023\\\/07\\\/2022-verzeichnete-wieder-mehr-Wirtschaftsdelikte-1_Organisator.jpg\",\"contentUrl\":\"https:\\\/\\\/www.organisator.ch\\\/wp-content\\\/uploads\\\/2023\\\/07\\\/2022-verzeichnete-wieder-mehr-Wirtschaftsdelikte-1_Organisator.jpg\",\"width\":680,\"height\":452,\"caption\":\"Nicht zum Lachen: 2022 wurden erneut mehr Wirtschaftsdelikte verzeichnet als noch ein Jahr zuvor. (Bild: Pixabay.com)\"},{\"@type\":\"BreadcrumbList\",\"@id\":\"https:\\\/\\\/www.organisator.ch\\\/management\\\/2023-07-24\\\/2022-verzeichnete-wieder-mehr-wirtschaftsdelikte\\\/#breadcrumb\",\"itemListElement\":[{\"@type\":\"ListItem\",\"position\":1,\"name\":\"Home\",\"item\":\"https:\\\/\\\/www.organisator.ch\\\/\"},{\"@type\":\"ListItem\",\"position\":2,\"name\":\"2022 verzeichnete wieder mehr Wirtschaftsdelikte\"}]},{\"@type\":\"WebSite\",\"@id\":\"https:\\\/\\\/www.organisator.ch\\\/#website\",\"url\":\"https:\\\/\\\/www.organisator.ch\\\/\",\"name\":\"Organisator\",\"description\":\"Kompetent. Praxisnah. Der ORGANISATOR bereitet in 10 Ausgaben pro Jahr die wesentlichen Themen f\u00fcr F\u00fchrungskr\u00e4fte von KMU auf.\",\"publisher\":{\"@id\":\"https:\\\/\\\/www.organisator.ch\\\/#organization\"},\"potentialAction\":[{\"@type\":\"SearchAction\",\"target\":{\"@type\":\"EntryPoint\",\"urlTemplate\":\"https:\\\/\\\/www.organisator.ch\\\/?s={search_term_string}\"},\"query-input\":{\"@type\":\"PropertyValueSpecification\",\"valueRequired\":true,\"valueName\":\"search_term_string\"}}],\"inLanguage\":\"fr-FR\"},{\"@type\":\"Organization\",\"@id\":\"https:\\\/\\\/www.organisator.ch\\\/#organization\",\"name\":\"Organisator\",\"url\":\"https:\\\/\\\/www.organisator.ch\\\/\",\"logo\":{\"@type\":\"ImageObject\",\"inLanguage\":\"fr-FR\",\"@id\":\"https:\\\/\\\/www.organisator.ch\\\/#\\\/schema\\\/logo\\\/image\\\/\",\"url\":\"https:\\\/\\\/www.organisator.ch\\\/wp-content\\\/uploads\\\/2022\\\/01\\\/Logo_Organisator_Website.png\",\"contentUrl\":\"https:\\\/\\\/www.organisator.ch\\\/wp-content\\\/uploads\\\/2022\\\/01\\\/Logo_Organisator_Website.png\",\"width\":800,\"height\":77,\"caption\":\"Organisator\"},\"image\":{\"@id\":\"https:\\\/\\\/www.organisator.ch\\\/#\\\/schema\\\/logo\\\/image\\\/\"},\"sameAs\":[\"https:\\\/\\\/www.facebook.com\\\/OrganisatorFachmagazin\",\"https:\\\/\\\/www.linkedin.com\\\/showcase\\\/organisator-das-magazin-fr-kmu\",\"https:\\\/\\\/www.xing.com\\\/news\\\/pages\\\/organisator-ch-695\",\"https:\\\/\\\/www.youtube.com\\\/channel\\\/UCGP2Sq0iWaZwT3BdIAQFYpw\"]},{\"@type\":\"Person\",\"@id\":\"https:\\\/\\\/www.organisator.ch\\\/#\\\/schema\\\/person\\\/6f650f90b2842cd4c0cc334b4e36f67e\",\"name\":\"thomas.berner\",\"image\":{\"@type\":\"ImageObject\",\"inLanguage\":\"fr-FR\",\"@id\":\"https:\\\/\\\/secure.gravatar.com\\\/avatar\\\/ac5001d2a36cb6c6cd3e50789007ffca834b477b74a2144564522e944eabff61?s=96&d=mm&r=g\",\"url\":\"https:\\\/\\\/secure.gravatar.com\\\/avatar\\\/ac5001d2a36cb6c6cd3e50789007ffca834b477b74a2144564522e944eabff61?s=96&d=mm&r=g\",\"contentUrl\":\"https:\\\/\\\/secure.gravatar.com\\\/avatar\\\/ac5001d2a36cb6c6cd3e50789007ffca834b477b74a2144564522e944eabff61?s=96&d=mm&r=g\",\"caption\":\"thomas.berner\"},\"url\":\"https:\\\/\\\/www.organisator.ch\\\/fr\\\/author\\\/thomas-berner\\\/\"}]}<\/script>\n<!-- \/ Yoast SEO plugin. -->","yoast_head_json":{"title":"2022 a enregistr\u00e9 \u00e0 nouveau plus de d\u00e9lits \u00e9conomiques - Organisateur","description":"Selon le dernier Forensic Fraud Barometer de KPMG, le nombre de d\u00e9lits \u00e9conomiques enregistr\u00e9s l'ann\u00e9e derni\u00e8re a de nouveau augment\u00e9 par rapport \u00e0 2021.","robots":{"index":"index","follow":"follow","max-snippet":"max-snippet:-1","max-image-preview":"max-image-preview:large","max-video-preview":"max-video-preview:-1"},"canonical":"https:\/\/www.organisator.ch\/fr\/gestion-2\/2023-07-24\/2022-verzeichnete-wieder-mehr-wirtschaftsdelikte\/","og_locale":"fr_FR","og_type":"article","og_title":"2022 verzeichnete wieder mehr Wirtschaftsdelikte","og_description":"Gem\u00e4ss dem j\u00fcngsten Forensic Fraud Barometer von KPMG wurden im letzten Jahr erneut mehr Wirtschaftsdelikte verzeichnet als noch 2021.","og_url":"https:\/\/www.organisator.ch\/fr\/gestion-2\/2023-07-24\/2022-verzeichnete-wieder-mehr-wirtschaftsdelikte\/","og_site_name":"Organisator","article_publisher":"https:\/\/www.facebook.com\/OrganisatorFachmagazin","article_published_time":"2023-07-24T15:18:05+00:00","article_modified_time":"2023-08-02T06:38:15+00:00","og_image":[{"width":680,"height":452,"url":"https:\/\/www.organisator.ch\/wp-content\/uploads\/2023\/07\/2022-verzeichnete-wieder-mehr-Wirtschaftsdelikte-1_Organisator.jpg","type":"image\/jpeg"}],"author":"thomas.berner","twitter_card":"summary_large_image","twitter_title":"2022 verzeichnete wieder mehr #Wirtschaftsdelikte","twitter_description":"Gem\u00e4ss dem j\u00fcngsten Forensic Fraud Barometer von #KPMG wurden im letzten Jahr erneut mehr #Wirtschaftsdelikte verzeichnet als noch 2021.","twitter_image":"https:\/\/www.organisator.ch\/wp-content\/uploads\/2023\/07\/2022-verzeichnete-wieder-mehr-Wirtschaftsdelikte-1_Organisator.jpg","schema":{"@context":"https:\/\/schema.org","@graph":[{"@type":"Article","@id":"https:\/\/www.organisator.ch\/management\/2023-07-24\/2022-verzeichnete-wieder-mehr-wirtschaftsdelikte\/#article","isPartOf":{"@id":"https:\/\/www.organisator.ch\/management\/2023-07-24\/2022-verzeichnete-wieder-mehr-wirtschaftsdelikte\/"},"author":{"name":"thomas.berner","@id":"https:\/\/www.organisator.ch\/#\/schema\/person\/6f650f90b2842cd4c0cc334b4e36f67e"},"headline":"2022 verzeichnete wieder mehr Wirtschaftsdelikte","datePublished":"2023-07-24T15:18:05+00:00","dateModified":"2023-08-02T06:38:15+00:00","mainEntityOfPage":{"@id":"https:\/\/www.organisator.ch\/management\/2023-07-24\/2022-verzeichnete-wieder-mehr-wirtschaftsdelikte\/"},"wordCount":746,"publisher":{"@id":"https:\/\/www.organisator.ch\/#organization"},"image":{"@id":"https:\/\/www.organisator.ch\/management\/2023-07-24\/2022-verzeichnete-wieder-mehr-wirtschaftsdelikte\/#primaryimage"},"thumbnailUrl":"https:\/\/www.organisator.ch\/wp-content\/uploads\/2023\/07\/2022-verzeichnete-wieder-mehr-Wirtschaftsdelikte-1_Organisator.jpg","keywords":["Management und Unternehmensf\u00fchrung","Risikomanagement","Wirtschaftskriminalit\u00e4t"],"articleSection":["MANAGEMENT"],"inLanguage":"fr-FR"},{"@type":"WebPage","@id":"https:\/\/www.organisator.ch\/management\/2023-07-24\/2022-verzeichnete-wieder-mehr-wirtschaftsdelikte\/","url":"https:\/\/www.organisator.ch\/management\/2023-07-24\/2022-verzeichnete-wieder-mehr-wirtschaftsdelikte\/","name":"2022 a enregistr\u00e9 \u00e0 nouveau plus de d\u00e9lits \u00e9conomiques - Organisateur","isPartOf":{"@id":"https:\/\/www.organisator.ch\/#website"},"primaryImageOfPage":{"@id":"https:\/\/www.organisator.ch\/management\/2023-07-24\/2022-verzeichnete-wieder-mehr-wirtschaftsdelikte\/#primaryimage"},"image":{"@id":"https:\/\/www.organisator.ch\/management\/2023-07-24\/2022-verzeichnete-wieder-mehr-wirtschaftsdelikte\/#primaryimage"},"thumbnailUrl":"https:\/\/www.organisator.ch\/wp-content\/uploads\/2023\/07\/2022-verzeichnete-wieder-mehr-Wirtschaftsdelikte-1_Organisator.jpg","datePublished":"2023-07-24T15:18:05+00:00","dateModified":"2023-08-02T06:38:15+00:00","description":"Selon le dernier Forensic Fraud Barometer de KPMG, le nombre de d\u00e9lits \u00e9conomiques enregistr\u00e9s l'ann\u00e9e derni\u00e8re a de nouveau augment\u00e9 par rapport \u00e0 2021.","breadcrumb":{"@id":"https:\/\/www.organisator.ch\/management\/2023-07-24\/2022-verzeichnete-wieder-mehr-wirtschaftsdelikte\/#breadcrumb"},"inLanguage":"fr-FR","potentialAction":[{"@type":"ReadAction","target":["https:\/\/www.organisator.ch\/management\/2023-07-24\/2022-verzeichnete-wieder-mehr-wirtschaftsdelikte\/"]}]},{"@type":"ImageObject","inLanguage":"fr-FR","@id":"https:\/\/www.organisator.ch\/management\/2023-07-24\/2022-verzeichnete-wieder-mehr-wirtschaftsdelikte\/#primaryimage","url":"https:\/\/www.organisator.ch\/wp-content\/uploads\/2023\/07\/2022-verzeichnete-wieder-mehr-Wirtschaftsdelikte-1_Organisator.jpg","contentUrl":"https:\/\/www.organisator.ch\/wp-content\/uploads\/2023\/07\/2022-verzeichnete-wieder-mehr-Wirtschaftsdelikte-1_Organisator.jpg","width":680,"height":452,"caption":"Nicht zum Lachen: 2022 wurden erneut mehr Wirtschaftsdelikte verzeichnet als noch ein Jahr zuvor. (Bild: Pixabay.com)"},{"@type":"BreadcrumbList","@id":"https:\/\/www.organisator.ch\/management\/2023-07-24\/2022-verzeichnete-wieder-mehr-wirtschaftsdelikte\/#breadcrumb","itemListElement":[{"@type":"ListItem","position":1,"name":"Home","item":"https:\/\/www.organisator.ch\/"},{"@type":"ListItem","position":2,"name":"2022 verzeichnete wieder mehr Wirtschaftsdelikte"}]},{"@type":"WebSite","@id":"https:\/\/www.organisator.ch\/#website","url":"https:\/\/www.organisator.ch\/","name":"Organisateur","description":"Comp\u00e9tence et comp\u00e9tence. Proches de la pratique. L'ORGANISATEUR pr\u00e9pare 10 num\u00e9ros par an sur les th\u00e8mes essentiels pour les dirigeants de PME.","publisher":{"@id":"https:\/\/www.organisator.ch\/#organization"},"potentialAction":[{"@type":"SearchAction","target":{"@type":"EntryPoint","urlTemplate":"https:\/\/www.organisator.ch\/?s={search_term_string}"},"query-input":{"@type":"PropertyValueSpecification","valueRequired":true,"valueName":"search_term_string"}}],"inLanguage":"fr-FR"},{"@type":"Organization","@id":"https:\/\/www.organisator.ch\/#organization","name":"Organisateur","url":"https:\/\/www.organisator.ch\/","logo":{"@type":"ImageObject","inLanguage":"fr-FR","@id":"https:\/\/www.organisator.ch\/#\/schema\/logo\/image\/","url":"https:\/\/www.organisator.ch\/wp-content\/uploads\/2022\/01\/Logo_Organisator_Website.png","contentUrl":"https:\/\/www.organisator.ch\/wp-content\/uploads\/2022\/01\/Logo_Organisator_Website.png","width":800,"height":77,"caption":"Organisator"},"image":{"@id":"https:\/\/www.organisator.ch\/#\/schema\/logo\/image\/"},"sameAs":["https:\/\/www.facebook.com\/OrganisatorFachmagazin","https:\/\/www.linkedin.com\/showcase\/organisator-das-magazin-fr-kmu","https:\/\/www.xing.com\/news\/pages\/organisator-ch-695","https:\/\/www.youtube.com\/channel\/UCGP2Sq0iWaZwT3BdIAQFYpw"]},{"@type":"Person","@id":"https:\/\/www.organisator.ch\/#\/schema\/person\/6f650f90b2842cd4c0cc334b4e36f67e","name":"thomas.berner","image":{"@type":"ImageObject","inLanguage":"fr-FR","@id":"https:\/\/secure.gravatar.com\/avatar\/ac5001d2a36cb6c6cd3e50789007ffca834b477b74a2144564522e944eabff61?s=96&d=mm&r=g","url":"https:\/\/secure.gravatar.com\/avatar\/ac5001d2a36cb6c6cd3e50789007ffca834b477b74a2144564522e944eabff61?s=96&d=mm&r=g","contentUrl":"https:\/\/secure.gravatar.com\/avatar\/ac5001d2a36cb6c6cd3e50789007ffca834b477b74a2144564522e944eabff61?s=96&d=mm&r=g","caption":"thomas.berner"},"url":"https:\/\/www.organisator.ch\/fr\/author\/thomas-berner\/"}]}},"_links":{"self":[{"href":"https:\/\/www.organisator.ch\/fr\/wp-json\/wp\/v2\/posts\/21036","targetHints":{"allow":["GET"]}}],"collection":[{"href":"https:\/\/www.organisator.ch\/fr\/wp-json\/wp\/v2\/posts"}],"about":[{"href":"https:\/\/www.organisator.ch\/fr\/wp-json\/wp\/v2\/types\/post"}],"author":[{"embeddable":true,"href":"https:\/\/www.organisator.ch\/fr\/wp-json\/wp\/v2\/users\/4"}],"replies":[{"embeddable":true,"href":"https:\/\/www.organisator.ch\/fr\/wp-json\/wp\/v2\/comments?post=21036"}],"version-history":[{"count":1,"href":"https:\/\/www.organisator.ch\/fr\/wp-json\/wp\/v2\/posts\/21036\/revisions"}],"predecessor-version":[{"id":21041,"href":"https:\/\/www.organisator.ch\/fr\/wp-json\/wp\/v2\/posts\/21036\/revisions\/21041"}],"wp:featuredmedia":[{"embeddable":true,"href":"https:\/\/www.organisator.ch\/fr\/wp-json\/wp\/v2\/media\/21037"}],"wp:attachment":[{"href":"https:\/\/www.organisator.ch\/fr\/wp-json\/wp\/v2\/media?parent=21036"}],"wp:term":[{"taxonomy":"category","embeddable":true,"href":"https:\/\/www.organisator.ch\/fr\/wp-json\/wp\/v2\/categories?post=21036"},{"taxonomy":"post_tag","embeddable":true,"href":"https:\/\/www.organisator.ch\/fr\/wp-json\/wp\/v2\/tags?post=21036"}],"curies":[{"name":"wp","href":"https:\/\/api.w.org\/{rel}","templated":true}]}}