{"id":21045,"date":"2023-07-25T14:04:32","date_gmt":"2023-07-25T12:04:32","guid":{"rendered":"https:\/\/www.organisator.ch\/?p=21045"},"modified":"2023-07-25T14:04:32","modified_gmt":"2023-07-25T12:04:32","slug":"consult-pepper-mit-neuer-inhaberschaft-und-fuehrung","status":"publish","type":"post","link":"https:\/\/www.organisator.ch\/fr\/human-resources\/2023-07-25\/consult-pepper-mit-neuer-inhaberschaft-und-fuehrung\/","title":{"rendered":"Consult &amp; Pepper avec un nouveau propri\u00e9taire et une nouvelle direction"},"content":{"rendered":"<figure id=\"attachment_21046\" aria-describedby=\"caption-attachment-21046\" style=\"width: 680px\" class=\"wp-caption alignnone\"><img loading=\"lazy\" decoding=\"async\" class=\"size-full wp-image-21046\" src=\"https:\/\/www.organisator.ch\/wp-content\/uploads\/2023\/07\/Consult-Pepper-mit-neuer-Inhaberschaft-und-Fuehrung_Organisator.jpg\" alt=\"\" width=\"680\" height=\"453\" srcset=\"https:\/\/www.organisator.ch\/wp-content\/uploads\/2023\/07\/Consult-Pepper-mit-neuer-Inhaberschaft-und-Fuehrung_Organisator.jpg 680w, https:\/\/www.organisator.ch\/wp-content\/uploads\/2023\/07\/Consult-Pepper-mit-neuer-Inhaberschaft-und-Fuehrung_Organisator-18x12.jpg 18w, https:\/\/www.organisator.ch\/wp-content\/uploads\/2023\/07\/Consult-Pepper-mit-neuer-Inhaberschaft-und-Fuehrung_Organisator-375x250.jpg 375w, https:\/\/www.organisator.ch\/wp-content\/uploads\/2023\/07\/Consult-Pepper-mit-neuer-Inhaberschaft-und-Fuehrung_Organisator-525x350.jpg 525w\" sizes=\"auto, (max-width: 680px) 100vw, 680px\" \/><figcaption id=\"caption-attachment-21046\" class=\"wp-caption-text\">Werner Raschle (tout \u00e0 gauche) transmet Consult &amp; Pepper aux nouveaux propri\u00e9taires (de gauche \u00e0 droite) Dario Saia (co-CEO), Marco Tunesi et Dominik Huber (co-CEO). (Image : zVg)<\/figcaption><\/figure>\n<p>Avec Dario Saia et Dominik Huber, deux personnalit\u00e9s dirigeantes exp\u00e9riment\u00e9es deviennent d\u00e8s \u00e0 pr\u00e9sent co-CEO et copropri\u00e9taires de Consult &amp; Pepper. Consult &amp; Pepper est une entreprise leader de conseil en personnel et de recherche de cadres, active dans toute la Suisse, avec des succursales \u00e0 Berne, Lucerne, Saint-Gall, Winterthour et Zurich. L'entreprise conseille et soutient les entreprises nationales et les groupes internationaux ayant leur si\u00e8ge en Suisse dans la recherche, la s\u00e9lection et le recrutement de sp\u00e9cialistes et de cadres sup\u00e9rieurs hautement qualifi\u00e9s dans les domaines de la technologie et du leadership.<\/p>\n<h3>Deux collaborateurs de longue date<\/h3>\n<p>Dario Saia travaille chez Consult &amp; Pepper depuis 2010, Dominik Huber depuis 2014. Dario Saia est responsable de la mise en place et de la gestion du secteur Executive Search de l'entreprise. Dominik Huber est responsable des r\u00e9gions de Zurich et de Berne en tant que directeur de succursale. Tous deux disposent d'une longue exp\u00e9rience et d'une expertise av\u00e9r\u00e9e dans le recrutement de personnel sp\u00e9cialis\u00e9 et de cadres. Ils succ\u00e8dent \u00e0 l'actuel CEO et propri\u00e9taire Werner Raschle. Marco Tunesi, cofondateur de Consult &amp; Pepper, devient copropri\u00e9taire et si\u00e8ge au conseil d'administration. \"Nous nous r\u00e9jouissons beaucoup de cette nouvelle t\u00e2che et de la collaboration avec nos collaborateurs\", d\u00e9clarent Dario Saia et Dominik Huber. \"Consult &amp; Pepper est aujourd'hui l'une des principales entreprises de conseil en personnel et de recherche de cadres en Suisse et est parfaitement \u00e9quip\u00e9e pour faire face \u00e0 la dynamique future du march\u00e9. Nous voulons construire sur cette base solide et poursuivre cette histoire \u00e0 succ\u00e8s avec nos collaborateurs\/trices\".<\/p>\n<h3>Continuit\u00e9 et normes de qualit\u00e9 dans tous les services<\/h3>\n<p>\"Avec Dario Saia et Dominik Huber, j'ai pu trouver les candidats que je souhaitais pour la future direction g\u00e9n\u00e9rale de Consult &amp; Pepper, apr\u00e8s un processus d'\u00e9valuation intensif et soigneusement planifi\u00e9.<br \/>\ngagner\", d\u00e9clare Werner Raschle, qui se retire de l'activit\u00e9 op\u00e9rationnelle et transmet l'entreprise. Werner Raschle a repris Consult &amp; Pepper en 2013. \"En tant qu'entreprise de longue<br \/>\ncollaborateurs et membres de la direction dot\u00e9s d'un esprit d'entreprise, Dario Saia et Dominik Huber ont largement contribu\u00e9 au d\u00e9veloppement extr\u00eamement positif de notre entreprise. Le fait qu'ils assument d\u00e9sormais la responsabilit\u00e9 globale et que l'entreprise reste dirig\u00e9e par ses propri\u00e9taires est tout \u00e0 fait logique. Dario Saia et Dominik Huber garantissent aux collaborateurs\/collaboratrices et aux clients\/clientes la continuit\u00e9 et la poursuite des standards de qualit\u00e9 actuels dans toutes les prestations. La transmission de l'entreprise aux collaborateurs a toujours \u00e9t\u00e9 un souhait explicite pour moi. Je souhaite \u00e0 Dario Saia et Dominik Huber beaucoup de succ\u00e8s dans leur nouveau r\u00f4le\".<\/p>\n<p><a href=\"https:\/\/consultandpepper.com\/\"><em>Source et informations compl\u00e9mentaires<\/em><\/a><\/p>","protected":false},"excerpt":{"rendered":"<p>Dario Saia (37 ans) et Dominik Huber (35 ans) reprennent, avec Marco Tunesi (50 ans), l'entreprise suisse de conseil en personnel et de recherche de cadres Consult &amp; Pepper. L'ancien propri\u00e9taire Werner Raschle (59 ans) reste au conseil d'administration.<\/p>","protected":false},"author":4,"featured_media":21046,"comment_status":"closed","ping_status":"closed","sticky":false,"template":"","format":"standard","meta":{"_acf_changed":false,"_yoast_wpseo_focuskw":"Consult & Pepper","_yoast_wpseo_metadesc":"Dario Saia und Dominik Huber \u00fcbernehmen mit Marco Tunesi das Personalberatungs- und Executive Search-Unternehmen Consult & Pepper.","articlekey":"","footnotes":""},"categories":[579],"tags":[335,381,407,492],"class_list":["post-21045","post","type-post","status-publish","format-standard","has-post-thumbnail","hentry","category-human-resources","tag-management-und-unternehmensfuehrung","tag-personalia","tag-recruiting","tag-unternehmen"],"acf":[],"yoast_head":"<!-- This site is optimized with the Yoast SEO plugin v27.4 - https:\/\/yoast.com\/product\/yoast-seo-wordpress\/ -->\n<title>Consult &amp; Pepper mit neuer Inhaberschaft und F\u00fchrung - Organisator<\/title>\n<meta name=\"description\" content=\"Dario Saia und Dominik Huber \u00fcbernehmen mit Marco Tunesi das Personalberatungs- und Executive Search-Unternehmen Consult &amp; Pepper.\" \/>\n<meta name=\"robots\" content=\"index, follow, max-snippet:-1, max-image-preview:large, max-video-preview:-1\" \/>\n<link rel=\"canonical\" href=\"https:\/\/www.organisator.ch\/fr\/ressources-humaines\/2023-07-25\/consult-pepper-mit-neuer-inhaberschaft-und-fuehrung\/\" \/>\n<meta property=\"og:locale\" content=\"fr_FR\" \/>\n<meta property=\"og:type\" content=\"article\" \/>\n<meta property=\"og:title\" content=\"Consult &amp; Pepper mit neuer Inhaberschaft und F\u00fchrung\" \/>\n<meta property=\"og:description\" content=\"Dario Saia und Dominik Huber \u00fcbernehmen mit Marco Tunesi das Personalberatungs- und Executive Search-Unternehmen Consult &amp; Pepper.\" \/>\n<meta property=\"og:url\" content=\"https:\/\/www.organisator.ch\/fr\/ressources-humaines\/2023-07-25\/consult-pepper-mit-neuer-inhaberschaft-und-fuehrung\/\" \/>\n<meta property=\"og:site_name\" content=\"Organisator\" \/>\n<meta property=\"article:publisher\" content=\"https:\/\/www.facebook.com\/OrganisatorFachmagazin\" \/>\n<meta property=\"article:published_time\" content=\"2023-07-25T12:04:32+00:00\" \/>\n<meta property=\"og:image\" content=\"https:\/\/www.organisator.ch\/wp-content\/uploads\/2023\/07\/Consult-Pepper-mit-neuer-Inhaberschaft-und-Fuehrung_Organisator.jpg\" \/>\n\t<meta property=\"og:image:width\" content=\"680\" \/>\n\t<meta property=\"og:image:height\" content=\"453\" \/>\n\t<meta property=\"og:image:type\" content=\"image\/jpeg\" \/>\n<meta name=\"author\" content=\"thomas.berner\" \/>\n<meta name=\"twitter:card\" content=\"summary_large_image\" \/>\n<meta name=\"twitter:title\" content=\"#Consult &amp; Pepper mit neuer #Inhaberschaft und F\u00fchrung\" \/>\n<meta name=\"twitter:description\" content=\"Dario Saia und Dominik Huber \u00fcbernehmen mit Marco Tunesi das #Personalberatungs- und Executive Search-Unternehmen #Consult&amp;Pepper.\" \/>\n<meta name=\"twitter:image\" content=\"https:\/\/www.organisator.ch\/wp-content\/uploads\/2023\/07\/Consult-Pepper-mit-neuer-Inhaberschaft-und-Fuehrung_Organisator.jpg\" \/>\n<script type=\"application\/ld+json\" class=\"yoast-schema-graph\">{\"@context\":\"https:\\\/\\\/schema.org\",\"@graph\":[{\"@type\":\"Article\",\"@id\":\"https:\\\/\\\/www.organisator.ch\\\/human-resources\\\/2023-07-25\\\/consult-pepper-mit-neuer-inhaberschaft-und-fuehrung\\\/#article\",\"isPartOf\":{\"@id\":\"https:\\\/\\\/www.organisator.ch\\\/human-resources\\\/2023-07-25\\\/consult-pepper-mit-neuer-inhaberschaft-und-fuehrung\\\/\"},\"author\":{\"name\":\"thomas.berner\",\"@id\":\"https:\\\/\\\/www.organisator.ch\\\/#\\\/schema\\\/person\\\/6f650f90b2842cd4c0cc334b4e36f67e\"},\"headline\":\"Consult &#038; Pepper mit neuer Inhaberschaft und F\u00fchrung\",\"datePublished\":\"2023-07-25T12:04:32+00:00\",\"mainEntityOfPage\":{\"@id\":\"https:\\\/\\\/www.organisator.ch\\\/human-resources\\\/2023-07-25\\\/consult-pepper-mit-neuer-inhaberschaft-und-fuehrung\\\/\"},\"wordCount\":440,\"publisher\":{\"@id\":\"https:\\\/\\\/www.organisator.ch\\\/#organization\"},\"image\":{\"@id\":\"https:\\\/\\\/www.organisator.ch\\\/human-resources\\\/2023-07-25\\\/consult-pepper-mit-neuer-inhaberschaft-und-fuehrung\\\/#primaryimage\"},\"thumbnailUrl\":\"https:\\\/\\\/www.organisator.ch\\\/wp-content\\\/uploads\\\/2023\\\/07\\\/Consult-Pepper-mit-neuer-Inhaberschaft-und-Fuehrung_Organisator.jpg\",\"keywords\":[\"Management und Unternehmensf\u00fchrung\",\"Personalia\",\"Recruiting\",\"Unternehmen\"],\"articleSection\":[\"HUMAN RESOURCES\"],\"inLanguage\":\"fr-FR\"},{\"@type\":\"WebPage\",\"@id\":\"https:\\\/\\\/www.organisator.ch\\\/human-resources\\\/2023-07-25\\\/consult-pepper-mit-neuer-inhaberschaft-und-fuehrung\\\/\",\"url\":\"https:\\\/\\\/www.organisator.ch\\\/human-resources\\\/2023-07-25\\\/consult-pepper-mit-neuer-inhaberschaft-und-fuehrung\\\/\",\"name\":\"Consult & Pepper mit neuer Inhaberschaft und F\u00fchrung - Organisator\",\"isPartOf\":{\"@id\":\"https:\\\/\\\/www.organisator.ch\\\/#website\"},\"primaryImageOfPage\":{\"@id\":\"https:\\\/\\\/www.organisator.ch\\\/human-resources\\\/2023-07-25\\\/consult-pepper-mit-neuer-inhaberschaft-und-fuehrung\\\/#primaryimage\"},\"image\":{\"@id\":\"https:\\\/\\\/www.organisator.ch\\\/human-resources\\\/2023-07-25\\\/consult-pepper-mit-neuer-inhaberschaft-und-fuehrung\\\/#primaryimage\"},\"thumbnailUrl\":\"https:\\\/\\\/www.organisator.ch\\\/wp-content\\\/uploads\\\/2023\\\/07\\\/Consult-Pepper-mit-neuer-Inhaberschaft-und-Fuehrung_Organisator.jpg\",\"datePublished\":\"2023-07-25T12:04:32+00:00\",\"description\":\"Dario Saia und Dominik Huber \u00fcbernehmen mit Marco Tunesi das Personalberatungs- und Executive Search-Unternehmen Consult & Pepper.\",\"breadcrumb\":{\"@id\":\"https:\\\/\\\/www.organisator.ch\\\/human-resources\\\/2023-07-25\\\/consult-pepper-mit-neuer-inhaberschaft-und-fuehrung\\\/#breadcrumb\"},\"inLanguage\":\"fr-FR\",\"potentialAction\":[{\"@type\":\"ReadAction\",\"target\":[\"https:\\\/\\\/www.organisator.ch\\\/human-resources\\\/2023-07-25\\\/consult-pepper-mit-neuer-inhaberschaft-und-fuehrung\\\/\"]}]},{\"@type\":\"ImageObject\",\"inLanguage\":\"fr-FR\",\"@id\":\"https:\\\/\\\/www.organisator.ch\\\/human-resources\\\/2023-07-25\\\/consult-pepper-mit-neuer-inhaberschaft-und-fuehrung\\\/#primaryimage\",\"url\":\"https:\\\/\\\/www.organisator.ch\\\/wp-content\\\/uploads\\\/2023\\\/07\\\/Consult-Pepper-mit-neuer-Inhaberschaft-und-Fuehrung_Organisator.jpg\",\"contentUrl\":\"https:\\\/\\\/www.organisator.ch\\\/wp-content\\\/uploads\\\/2023\\\/07\\\/Consult-Pepper-mit-neuer-Inhaberschaft-und-Fuehrung_Organisator.jpg\",\"width\":680,\"height\":453,\"caption\":\"Werner Raschle (ganz links) \u00fcbergibt Consult & Pepper an die neuen Inhaber (von links nach rechts) Dario Saia (Co-CEO), Marco Tunesi und Dominik Huber (Co-CEO). (Bild: zVg)\"},{\"@type\":\"BreadcrumbList\",\"@id\":\"https:\\\/\\\/www.organisator.ch\\\/human-resources\\\/2023-07-25\\\/consult-pepper-mit-neuer-inhaberschaft-und-fuehrung\\\/#breadcrumb\",\"itemListElement\":[{\"@type\":\"ListItem\",\"position\":1,\"name\":\"Home\",\"item\":\"https:\\\/\\\/www.organisator.ch\\\/\"},{\"@type\":\"ListItem\",\"position\":2,\"name\":\"Consult &#038; Pepper mit neuer Inhaberschaft und F\u00fchrung\"}]},{\"@type\":\"WebSite\",\"@id\":\"https:\\\/\\\/www.organisator.ch\\\/#website\",\"url\":\"https:\\\/\\\/www.organisator.ch\\\/\",\"name\":\"Organisator\",\"description\":\"Kompetent. Praxisnah. Der ORGANISATOR bereitet in 10 Ausgaben pro Jahr die wesentlichen Themen f\u00fcr F\u00fchrungskr\u00e4fte von KMU auf.\",\"publisher\":{\"@id\":\"https:\\\/\\\/www.organisator.ch\\\/#organization\"},\"potentialAction\":[{\"@type\":\"SearchAction\",\"target\":{\"@type\":\"EntryPoint\",\"urlTemplate\":\"https:\\\/\\\/www.organisator.ch\\\/?s={search_term_string}\"},\"query-input\":{\"@type\":\"PropertyValueSpecification\",\"valueRequired\":true,\"valueName\":\"search_term_string\"}}],\"inLanguage\":\"fr-FR\"},{\"@type\":\"Organization\",\"@id\":\"https:\\\/\\\/www.organisator.ch\\\/#organization\",\"name\":\"Organisator\",\"url\":\"https:\\\/\\\/www.organisator.ch\\\/\",\"logo\":{\"@type\":\"ImageObject\",\"inLanguage\":\"fr-FR\",\"@id\":\"https:\\\/\\\/www.organisator.ch\\\/#\\\/schema\\\/logo\\\/image\\\/\",\"url\":\"https:\\\/\\\/www.organisator.ch\\\/wp-content\\\/uploads\\\/2022\\\/01\\\/Logo_Organisator_Website.png\",\"contentUrl\":\"https:\\\/\\\/www.organisator.ch\\\/wp-content\\\/uploads\\\/2022\\\/01\\\/Logo_Organisator_Website.png\",\"width\":800,\"height\":77,\"caption\":\"Organisator\"},\"image\":{\"@id\":\"https:\\\/\\\/www.organisator.ch\\\/#\\\/schema\\\/logo\\\/image\\\/\"},\"sameAs\":[\"https:\\\/\\\/www.facebook.com\\\/OrganisatorFachmagazin\",\"https:\\\/\\\/www.linkedin.com\\\/showcase\\\/organisator-das-magazin-fr-kmu\",\"https:\\\/\\\/www.xing.com\\\/news\\\/pages\\\/organisator-ch-695\",\"https:\\\/\\\/www.youtube.com\\\/channel\\\/UCGP2Sq0iWaZwT3BdIAQFYpw\"]},{\"@type\":\"Person\",\"@id\":\"https:\\\/\\\/www.organisator.ch\\\/#\\\/schema\\\/person\\\/6f650f90b2842cd4c0cc334b4e36f67e\",\"name\":\"thomas.berner\",\"image\":{\"@type\":\"ImageObject\",\"inLanguage\":\"fr-FR\",\"@id\":\"https:\\\/\\\/secure.gravatar.com\\\/avatar\\\/ac5001d2a36cb6c6cd3e50789007ffca834b477b74a2144564522e944eabff61?s=96&d=mm&r=g\",\"url\":\"https:\\\/\\\/secure.gravatar.com\\\/avatar\\\/ac5001d2a36cb6c6cd3e50789007ffca834b477b74a2144564522e944eabff61?s=96&d=mm&r=g\",\"contentUrl\":\"https:\\\/\\\/secure.gravatar.com\\\/avatar\\\/ac5001d2a36cb6c6cd3e50789007ffca834b477b74a2144564522e944eabff61?s=96&d=mm&r=g\",\"caption\":\"thomas.berner\"},\"url\":\"https:\\\/\\\/www.organisator.ch\\\/fr\\\/author\\\/thomas-berner\\\/\"}]}<\/script>\n<!-- \/ Yoast SEO plugin. -->","yoast_head_json":{"title":"Consult &amp; Pepper avec un nouveau propri\u00e9taire et une nouvelle direction - Organisateur","description":"Dario Saia et Dominik Huber reprennent avec Marco Tunesi l'entreprise de conseil en personnel et de recherche de cadres Consult &amp; Pepper.","robots":{"index":"index","follow":"follow","max-snippet":"max-snippet:-1","max-image-preview":"max-image-preview:large","max-video-preview":"max-video-preview:-1"},"canonical":"https:\/\/www.organisator.ch\/fr\/ressources-humaines\/2023-07-25\/consult-pepper-mit-neuer-inhaberschaft-und-fuehrung\/","og_locale":"fr_FR","og_type":"article","og_title":"Consult & Pepper mit neuer Inhaberschaft und F\u00fchrung","og_description":"Dario Saia und Dominik Huber \u00fcbernehmen mit Marco Tunesi das Personalberatungs- und Executive Search-Unternehmen Consult & Pepper.","og_url":"https:\/\/www.organisator.ch\/fr\/ressources-humaines\/2023-07-25\/consult-pepper-mit-neuer-inhaberschaft-und-fuehrung\/","og_site_name":"Organisator","article_publisher":"https:\/\/www.facebook.com\/OrganisatorFachmagazin","article_published_time":"2023-07-25T12:04:32+00:00","og_image":[{"width":680,"height":453,"url":"https:\/\/www.organisator.ch\/wp-content\/uploads\/2023\/07\/Consult-Pepper-mit-neuer-Inhaberschaft-und-Fuehrung_Organisator.jpg","type":"image\/jpeg"}],"author":"thomas.berner","twitter_card":"summary_large_image","twitter_title":"#Consult & Pepper mit neuer #Inhaberschaft und F\u00fchrung","twitter_description":"Dario Saia und Dominik Huber \u00fcbernehmen mit Marco Tunesi das #Personalberatungs- und Executive Search-Unternehmen #Consult&Pepper.","twitter_image":"https:\/\/www.organisator.ch\/wp-content\/uploads\/2023\/07\/Consult-Pepper-mit-neuer-Inhaberschaft-und-Fuehrung_Organisator.jpg","schema":{"@context":"https:\/\/schema.org","@graph":[{"@type":"Article","@id":"https:\/\/www.organisator.ch\/human-resources\/2023-07-25\/consult-pepper-mit-neuer-inhaberschaft-und-fuehrung\/#article","isPartOf":{"@id":"https:\/\/www.organisator.ch\/human-resources\/2023-07-25\/consult-pepper-mit-neuer-inhaberschaft-und-fuehrung\/"},"author":{"name":"thomas.berner","@id":"https:\/\/www.organisator.ch\/#\/schema\/person\/6f650f90b2842cd4c0cc334b4e36f67e"},"headline":"Consult &#038; Pepper mit neuer Inhaberschaft und F\u00fchrung","datePublished":"2023-07-25T12:04:32+00:00","mainEntityOfPage":{"@id":"https:\/\/www.organisator.ch\/human-resources\/2023-07-25\/consult-pepper-mit-neuer-inhaberschaft-und-fuehrung\/"},"wordCount":440,"publisher":{"@id":"https:\/\/www.organisator.ch\/#organization"},"image":{"@id":"https:\/\/www.organisator.ch\/human-resources\/2023-07-25\/consult-pepper-mit-neuer-inhaberschaft-und-fuehrung\/#primaryimage"},"thumbnailUrl":"https:\/\/www.organisator.ch\/wp-content\/uploads\/2023\/07\/Consult-Pepper-mit-neuer-Inhaberschaft-und-Fuehrung_Organisator.jpg","keywords":["Management und Unternehmensf\u00fchrung","Personalia","Recruiting","Unternehmen"],"articleSection":["HUMAN RESOURCES"],"inLanguage":"fr-FR"},{"@type":"WebPage","@id":"https:\/\/www.organisator.ch\/human-resources\/2023-07-25\/consult-pepper-mit-neuer-inhaberschaft-und-fuehrung\/","url":"https:\/\/www.organisator.ch\/human-resources\/2023-07-25\/consult-pepper-mit-neuer-inhaberschaft-und-fuehrung\/","name":"Consult &amp; Pepper avec un nouveau propri\u00e9taire et une nouvelle direction - Organisateur","isPartOf":{"@id":"https:\/\/www.organisator.ch\/#website"},"primaryImageOfPage":{"@id":"https:\/\/www.organisator.ch\/human-resources\/2023-07-25\/consult-pepper-mit-neuer-inhaberschaft-und-fuehrung\/#primaryimage"},"image":{"@id":"https:\/\/www.organisator.ch\/human-resources\/2023-07-25\/consult-pepper-mit-neuer-inhaberschaft-und-fuehrung\/#primaryimage"},"thumbnailUrl":"https:\/\/www.organisator.ch\/wp-content\/uploads\/2023\/07\/Consult-Pepper-mit-neuer-Inhaberschaft-und-Fuehrung_Organisator.jpg","datePublished":"2023-07-25T12:04:32+00:00","description":"Dario Saia et Dominik Huber reprennent avec Marco Tunesi l'entreprise de conseil en personnel et de recherche de cadres Consult &amp; Pepper.","breadcrumb":{"@id":"https:\/\/www.organisator.ch\/human-resources\/2023-07-25\/consult-pepper-mit-neuer-inhaberschaft-und-fuehrung\/#breadcrumb"},"inLanguage":"fr-FR","potentialAction":[{"@type":"ReadAction","target":["https:\/\/www.organisator.ch\/human-resources\/2023-07-25\/consult-pepper-mit-neuer-inhaberschaft-und-fuehrung\/"]}]},{"@type":"ImageObject","inLanguage":"fr-FR","@id":"https:\/\/www.organisator.ch\/human-resources\/2023-07-25\/consult-pepper-mit-neuer-inhaberschaft-und-fuehrung\/#primaryimage","url":"https:\/\/www.organisator.ch\/wp-content\/uploads\/2023\/07\/Consult-Pepper-mit-neuer-Inhaberschaft-und-Fuehrung_Organisator.jpg","contentUrl":"https:\/\/www.organisator.ch\/wp-content\/uploads\/2023\/07\/Consult-Pepper-mit-neuer-Inhaberschaft-und-Fuehrung_Organisator.jpg","width":680,"height":453,"caption":"Werner Raschle (ganz links) \u00fcbergibt Consult & Pepper an die neuen Inhaber (von links nach rechts) Dario Saia (Co-CEO), Marco Tunesi und Dominik Huber (Co-CEO). (Bild: zVg)"},{"@type":"BreadcrumbList","@id":"https:\/\/www.organisator.ch\/human-resources\/2023-07-25\/consult-pepper-mit-neuer-inhaberschaft-und-fuehrung\/#breadcrumb","itemListElement":[{"@type":"ListItem","position":1,"name":"Home","item":"https:\/\/www.organisator.ch\/"},{"@type":"ListItem","position":2,"name":"Consult &#038; Pepper mit neuer Inhaberschaft und F\u00fchrung"}]},{"@type":"WebSite","@id":"https:\/\/www.organisator.ch\/#website","url":"https:\/\/www.organisator.ch\/","name":"Organisateur","description":"Comp\u00e9tence et comp\u00e9tence. Proches de la pratique. L'ORGANISATEUR pr\u00e9pare 10 num\u00e9ros par an sur les th\u00e8mes essentiels pour les dirigeants de PME.","publisher":{"@id":"https:\/\/www.organisator.ch\/#organization"},"potentialAction":[{"@type":"SearchAction","target":{"@type":"EntryPoint","urlTemplate":"https:\/\/www.organisator.ch\/?s={search_term_string}"},"query-input":{"@type":"PropertyValueSpecification","valueRequired":true,"valueName":"search_term_string"}}],"inLanguage":"fr-FR"},{"@type":"Organization","@id":"https:\/\/www.organisator.ch\/#organization","name":"Organisateur","url":"https:\/\/www.organisator.ch\/","logo":{"@type":"ImageObject","inLanguage":"fr-FR","@id":"https:\/\/www.organisator.ch\/#\/schema\/logo\/image\/","url":"https:\/\/www.organisator.ch\/wp-content\/uploads\/2022\/01\/Logo_Organisator_Website.png","contentUrl":"https:\/\/www.organisator.ch\/wp-content\/uploads\/2022\/01\/Logo_Organisator_Website.png","width":800,"height":77,"caption":"Organisator"},"image":{"@id":"https:\/\/www.organisator.ch\/#\/schema\/logo\/image\/"},"sameAs":["https:\/\/www.facebook.com\/OrganisatorFachmagazin","https:\/\/www.linkedin.com\/showcase\/organisator-das-magazin-fr-kmu","https:\/\/www.xing.com\/news\/pages\/organisator-ch-695","https:\/\/www.youtube.com\/channel\/UCGP2Sq0iWaZwT3BdIAQFYpw"]},{"@type":"Person","@id":"https:\/\/www.organisator.ch\/#\/schema\/person\/6f650f90b2842cd4c0cc334b4e36f67e","name":"thomas.berner","image":{"@type":"ImageObject","inLanguage":"fr-FR","@id":"https:\/\/secure.gravatar.com\/avatar\/ac5001d2a36cb6c6cd3e50789007ffca834b477b74a2144564522e944eabff61?s=96&d=mm&r=g","url":"https:\/\/secure.gravatar.com\/avatar\/ac5001d2a36cb6c6cd3e50789007ffca834b477b74a2144564522e944eabff61?s=96&d=mm&r=g","contentUrl":"https:\/\/secure.gravatar.com\/avatar\/ac5001d2a36cb6c6cd3e50789007ffca834b477b74a2144564522e944eabff61?s=96&d=mm&r=g","caption":"thomas.berner"},"url":"https:\/\/www.organisator.ch\/fr\/author\/thomas-berner\/"}]}},"_links":{"self":[{"href":"https:\/\/www.organisator.ch\/fr\/wp-json\/wp\/v2\/posts\/21045","targetHints":{"allow":["GET"]}}],"collection":[{"href":"https:\/\/www.organisator.ch\/fr\/wp-json\/wp\/v2\/posts"}],"about":[{"href":"https:\/\/www.organisator.ch\/fr\/wp-json\/wp\/v2\/types\/post"}],"author":[{"embeddable":true,"href":"https:\/\/www.organisator.ch\/fr\/wp-json\/wp\/v2\/users\/4"}],"replies":[{"embeddable":true,"href":"https:\/\/www.organisator.ch\/fr\/wp-json\/wp\/v2\/comments?post=21045"}],"version-history":[{"count":1,"href":"https:\/\/www.organisator.ch\/fr\/wp-json\/wp\/v2\/posts\/21045\/revisions"}],"predecessor-version":[{"id":21047,"href":"https:\/\/www.organisator.ch\/fr\/wp-json\/wp\/v2\/posts\/21045\/revisions\/21047"}],"wp:featuredmedia":[{"embeddable":true,"href":"https:\/\/www.organisator.ch\/fr\/wp-json\/wp\/v2\/media\/21046"}],"wp:attachment":[{"href":"https:\/\/www.organisator.ch\/fr\/wp-json\/wp\/v2\/media?parent=21045"}],"wp:term":[{"taxonomy":"category","embeddable":true,"href":"https:\/\/www.organisator.ch\/fr\/wp-json\/wp\/v2\/categories?post=21045"},{"taxonomy":"post_tag","embeddable":true,"href":"https:\/\/www.organisator.ch\/fr\/wp-json\/wp\/v2\/tags?post=21045"}],"curies":[{"name":"wp","href":"https:\/\/api.w.org\/{rel}","templated":true}]}}