{"id":2107,"date":"2019-04-25T17:06:07","date_gmt":"2019-04-25T15:06:07","guid":{"rendered":"https:\/\/www.umweltperspektiven.ch\/?p=2107"},"modified":"2022-02-09T11:06:17","modified_gmt":"2022-02-09T10:06:17","slug":"schweizer-energiewende-mittels-solarstrom","status":"publish","type":"post","link":"https:\/\/www.organisator.ch\/fr\/sustainability\/2019-04-25\/schweizer-energiewende-mittels-solarstrom\/","title":{"rendered":"Tournant \u00e9nerg\u00e9tique suisse gr\u00e2ce \u00e0 l'\u00e9nergie solaire"},"content":{"rendered":"<figure id=\"attachment_2108\" aria-describedby=\"caption-attachment-2108\" style=\"width: 680px\" class=\"wp-caption alignnone\"><img loading=\"lazy\" decoding=\"async\" class=\"size-medium wp-image-2108\" src=\"\/\/www.umweltperspektiven.ch\/wp-content\/uploads\/2019\/04\/Die-Schweizer-Energiewende-ist-mit-einer-Verf\u00fcnfachung-des-Photovoltaik-Zubaus-machbar_MQ.jpg\" alt=\"\" width=\"680\" height=\"453\" \/><figcaption id=\"caption-attachment-2108\" class=\"wp-caption-text\">Le potentiel du photovolta\u00efque n'est pas encore pleinement exploit\u00e9 en Suisse. (Image : Roy Buri \/ Pixabay.com)<\/figcaption><\/figure>\n<p>Le potentiel de la Suisse en mati\u00e8re d'\u00e9lectricit\u00e9 solaire est bien plus important que ce que l'on pensait jusqu'\u00e0 pr\u00e9sent. Pour cela, les offices f\u00e9d\u00e9raux de topographie (Swisstopo), de m\u00e9t\u00e9orologie et du climat (M\u00e9t\u00e9oSuisse) et de l'\u00e9nergie (OFEN) ont d\u00e9velopp\u00e9 l'application <a href=\"\/\/swissolar.us17.list-manage.com\/track\/click?u=edecd98bac689d51acd3647d0&amp;id=58cf047c8e&amp;e=a7500464fb\" target=\"_blank\" rel=\"noopener\">toit solaire.ch<\/a> a mis \u00e0 disposition un cadastre du potentiel solaire pour toute la Suisse. Sur la base de ce cadastre, l'OFEN a fait une estimation pr\u00e9cise des potentiels sur les toits et les fa\u00e7ades. La Suisse devrait \u00eatre l'un des premiers pays o\u00f9 il est possible de r\u00e9aliser une analyse du potentiel sur la base d'un cadastre solaire.<\/p>\n<p>En septembre dernier d\u00e9j\u00e0, le potentiel sur les toits a \u00e9t\u00e9 d\u00e9termin\u00e9 avec une production annuelle d'environ 50 milliards de kilowattheures (50 t\u00e9rawattheures, TWh).<\/p>\n<h2>Des fa\u00e7ades \u00e0 fort potentiel<\/h2>\n<p>Le 15 avril, l'OFEN a publi\u00e9 le <a href=\"\/\/swissolar.us17.list-manage.com\/track\/click?u=edecd98bac689d51acd3647d0&amp;id=ad456c3db0&amp;e=a7500464fb\" target=\"_blank\" rel=\"noopener\">Potentiel sur les fa\u00e7ades<\/a> a \u00e9t\u00e9 pr\u00e9sent\u00e9. Il est de 17 TWh par an. Dans les deux cas, il s'agit du potentiel \"exploitable\", qui est nettement inf\u00e9rieur au potentiel technique. Il ne prend en compte que les grandes surfaces contigu\u00ebs dont le rayonnement est raisonnablement exploitable. Le potentiel de fa\u00e7ade nouvellement calcul\u00e9 est particuli\u00e8rement int\u00e9ressant, car on peut s'attendre \u00e0 des rendements hivernaux relativement \u00e9lev\u00e9s sur ces surfaces en raison de leur orientation verticale. Leur utilisation suscite \u00e9galement un int\u00e9r\u00eat croissant de la part des architectes, car la diversit\u00e9 des modules photovolta\u00efques disponibles en termes de couleurs, de textures et de tailles augmente rapidement.<\/p>\n<p>En compl\u00e9ment, Swissolar a calcul\u00e9 le potentiel suppl\u00e9mentaire disponible sur les toits des parkings, les surfaces routi\u00e8res et dans l'espace alpin. Dans ce dernier cas, seules les surfaces qui ne sont en aucun cas prot\u00e9g\u00e9es et qui disposent d\u00e9j\u00e0 d'infrastructures ont \u00e9t\u00e9 prises en compte. Il s'agit par exemple des domaines skiables. R\u00e9sultat : m\u00eame avec un calcul tr\u00e8s prudent, on obtient une production annuelle suppl\u00e9mentaire de 15 t\u00e9rawattheures.<\/p>\n<h2>Le d\u00e9veloppement du photovolta\u00efque doit \u00eatre multipli\u00e9 par cinq<\/h2>\n<p>Au total, il est donc possible de produire en Suisse au moins 82 t\u00e9rawattheures d'\u00e9lectricit\u00e9 solaire par an. En combinaison avec l'\u00e9nergie hydraulique existante (35 t\u00e9rawattheures par an) et d'autres \u00e9nergies renouvelables (notamment l'\u00e9olien), il est donc possible d'assurer un approvisionnement \u00e9nerg\u00e9tique \u00e0 100% de la Suisse d'ici 2050, y compris le remplacement de l'\u00e9lectricit\u00e9 nucl\u00e9aire et des \u00e9nergies fossiles (mobilit\u00e9, chauffage).<\/p>\n<p>Pour r\u00e9aliser cette transition en accord avec l'accord de Paris sur le climat d'ici 2050, il faut multiplier par cinq l'augmentation annuelle de la production photovolta\u00efque, qui passe de 300 m\u00e9gawatts aujourd'hui \u00e0 1500 m\u00e9gawatts. Les calculs concordent bien avec une \u00e9tude publi\u00e9e le 11.4.19 <a href=\"\/\/swissolar.us17.list-manage.com\/track\/click?u=edecd98bac689d51acd3647d0&amp;id=dcb01bef13&amp;e=a7500464fb\" target=\"_blank\" rel=\"noopener\">\u00c9tude r\u00e9alis\u00e9e par Energy Watch Group et l'universit\u00e9 finlandaise LUT.<\/a> Selon ce sc\u00e9nario, il est possible d'atteindre un approvisionnement mondial complet en \u00e9nergies renouvelables d'ici 2050, et ce \u00e0 un co\u00fbt inf\u00e9rieur \u00e0 celui du syst\u00e8me \u00e9nerg\u00e9tique actuel. Dans ce sc\u00e9nario, 70% de l'\u00e9nergie provient du soleil.<\/p>\n<p><em>Source : <a href=\"\/\/www.swissolar.ch\">Swissolar<\/a><\/em><\/p>","protected":false},"excerpt":{"rendered":"<p>Die Schweiz hat viel mehr Potential f\u00fcr Solarstrom, als bisher angenommen. Daf\u00fcr haben die Bundes\u00e4mter f\u00fcr Landestopographie (Swisstopo), Meteorologie und Klima (MeteoSchweiz) und Energie (BFE) mit der Anwendung sonnendach.ch ein Solarpotenzialkataster f\u00fcr die ganze Schweiz bereitgestellt. Auf Basis dieses Katasters hat das BFE eine genaue Absch\u00e4tzung der Potenziale auf D\u00e4chern und Fassaden gemacht. Die Schweiz [&hellip;]<\/p>\n","protected":false},"author":5,"featured_media":9600,"comment_status":"open","ping_status":"open","sticky":false,"template":"","format":"standard","meta":{"_acf_changed":false,"_yoast_wpseo_focuskw":"Solarstrom","_yoast_wpseo_metadesc":"Das Solarstrom-Potenzial auf Schweizer Geb\u00e4uden liegt bei j\u00e4hrlich 67 Mia. Kilowattstunden (Quelle: BFE). Das sind j\u00e4hrlich 67 Milliarden Kilowattstunden.","articlekey":"","footnotes":""},"categories":[580],"tags":[1095,1908,424,2143],"class_list":["post-2107","post","type-post","status-publish","format-standard","has-post-thumbnail","hentry","category-sustainability","tag-energiewende","tag-photovoltaik","tag-schweiz","tag-solarenergie"],"acf":[],"yoast_head":"<!-- This site is optimized with the Yoast SEO plugin v27.4 - https:\/\/yoast.com\/product\/yoast-seo-wordpress\/ -->\n<title>Schweizer Energiewende mittels Solarstrom - Organisator<\/title>\n<meta name=\"description\" content=\"Das Solarstrom-Potenzial auf Schweizer Geb\u00e4uden liegt bei j\u00e4hrlich 67 Mia. Kilowattstunden (Quelle: BFE). Das sind j\u00e4hrlich 67 Milliarden Kilowattstunden.\" \/>\n<meta name=\"robots\" content=\"index, follow, max-snippet:-1, max-image-preview:large, max-video-preview:-1\" \/>\n<link rel=\"canonical\" href=\"https:\/\/www.organisator.ch\/fr\/sustainability\/2019-04-25\/schweizer-energiewende-mittels-solarstrom\/\" \/>\n<meta property=\"og:locale\" content=\"fr_FR\" \/>\n<meta property=\"og:type\" content=\"article\" \/>\n<meta property=\"og:title\" content=\"Schweizer Energiewende mittels Solarstrom - Organisator\" \/>\n<meta property=\"og:description\" content=\"Das Solarstrom-Potenzial auf Schweizer Geb\u00e4uden liegt bei j\u00e4hrlich 67 Mia. Kilowattstunden (Quelle: BFE). Das sind j\u00e4hrlich 67 Milliarden Kilowattstunden.\" \/>\n<meta property=\"og:url\" content=\"https:\/\/www.organisator.ch\/fr\/sustainability\/2019-04-25\/schweizer-energiewende-mittels-solarstrom\/\" \/>\n<meta property=\"og:site_name\" content=\"Organisator\" \/>\n<meta property=\"article:publisher\" content=\"https:\/\/www.facebook.com\/OrganisatorFachmagazin\" \/>\n<meta property=\"article:published_time\" content=\"2019-04-25T15:06:07+00:00\" \/>\n<meta property=\"article:modified_time\" content=\"2022-02-09T10:06:17+00:00\" \/>\n<meta property=\"og:image\" content=\"https:\/\/www.organisator.ch\/wp-content\/uploads\/2019\/04\/Die-Schweizer-Energiewende-ist-mit-einer-Verfuenfachung-des-Photovoltaik-Zubaus-machbar_MQ.jpg\" \/>\n\t<meta property=\"og:image:width\" content=\"680\" \/>\n\t<meta property=\"og:image:height\" content=\"453\" \/>\n\t<meta property=\"og:image:type\" content=\"image\/jpeg\" \/>\n<meta name=\"author\" content=\"michael.merz\" \/>\n<meta name=\"twitter:card\" content=\"summary_large_image\" \/>\n<script type=\"application\/ld+json\" class=\"yoast-schema-graph\">{\"@context\":\"https:\\\/\\\/schema.org\",\"@graph\":[{\"@type\":\"Article\",\"@id\":\"https:\\\/\\\/www.organisator.ch\\\/sustainability\\\/2019-04-25\\\/schweizer-energiewende-mittels-solarstrom\\\/#article\",\"isPartOf\":{\"@id\":\"https:\\\/\\\/www.organisator.ch\\\/sustainability\\\/2019-04-25\\\/schweizer-energiewende-mittels-solarstrom\\\/\"},\"author\":{\"name\":\"michael.merz\",\"@id\":\"https:\\\/\\\/www.organisator.ch\\\/#\\\/schema\\\/person\\\/134708ca9321c57b0362cceb7948ffbd\"},\"headline\":\"Schweizer Energiewende mittels Solarstrom\",\"datePublished\":\"2019-04-25T15:06:07+00:00\",\"dateModified\":\"2022-02-09T10:06:17+00:00\",\"mainEntityOfPage\":{\"@id\":\"https:\\\/\\\/www.organisator.ch\\\/sustainability\\\/2019-04-25\\\/schweizer-energiewende-mittels-solarstrom\\\/\"},\"wordCount\":432,\"commentCount\":0,\"publisher\":{\"@id\":\"https:\\\/\\\/www.organisator.ch\\\/#organization\"},\"image\":{\"@id\":\"https:\\\/\\\/www.organisator.ch\\\/sustainability\\\/2019-04-25\\\/schweizer-energiewende-mittels-solarstrom\\\/#primaryimage\"},\"thumbnailUrl\":\"https:\\\/\\\/www.organisator.ch\\\/wp-content\\\/uploads\\\/2019\\\/04\\\/Die-Schweizer-Energiewende-ist-mit-einer-Verfuenfachung-des-Photovoltaik-Zubaus-machbar_MQ.jpg\",\"keywords\":[\"Energiewende\",\"Photovoltaik\",\"Schweiz\",\"Solarenergie\"],\"articleSection\":[\"SUSTAINABILITY\"],\"inLanguage\":\"fr-FR\"},{\"@type\":\"WebPage\",\"@id\":\"https:\\\/\\\/www.organisator.ch\\\/sustainability\\\/2019-04-25\\\/schweizer-energiewende-mittels-solarstrom\\\/\",\"url\":\"https:\\\/\\\/www.organisator.ch\\\/sustainability\\\/2019-04-25\\\/schweizer-energiewende-mittels-solarstrom\\\/\",\"name\":\"Schweizer Energiewende mittels Solarstrom - Organisator\",\"isPartOf\":{\"@id\":\"https:\\\/\\\/www.organisator.ch\\\/#website\"},\"primaryImageOfPage\":{\"@id\":\"https:\\\/\\\/www.organisator.ch\\\/sustainability\\\/2019-04-25\\\/schweizer-energiewende-mittels-solarstrom\\\/#primaryimage\"},\"image\":{\"@id\":\"https:\\\/\\\/www.organisator.ch\\\/sustainability\\\/2019-04-25\\\/schweizer-energiewende-mittels-solarstrom\\\/#primaryimage\"},\"thumbnailUrl\":\"https:\\\/\\\/www.organisator.ch\\\/wp-content\\\/uploads\\\/2019\\\/04\\\/Die-Schweizer-Energiewende-ist-mit-einer-Verfuenfachung-des-Photovoltaik-Zubaus-machbar_MQ.jpg\",\"datePublished\":\"2019-04-25T15:06:07+00:00\",\"dateModified\":\"2022-02-09T10:06:17+00:00\",\"description\":\"Das Solarstrom-Potenzial auf Schweizer Geb\u00e4uden liegt bei j\u00e4hrlich 67 Mia. Kilowattstunden (Quelle: BFE). Das sind j\u00e4hrlich 67 Milliarden Kilowattstunden.\",\"breadcrumb\":{\"@id\":\"https:\\\/\\\/www.organisator.ch\\\/sustainability\\\/2019-04-25\\\/schweizer-energiewende-mittels-solarstrom\\\/#breadcrumb\"},\"inLanguage\":\"fr-FR\",\"potentialAction\":[{\"@type\":\"ReadAction\",\"target\":[\"https:\\\/\\\/www.organisator.ch\\\/sustainability\\\/2019-04-25\\\/schweizer-energiewende-mittels-solarstrom\\\/\"]}]},{\"@type\":\"ImageObject\",\"inLanguage\":\"fr-FR\",\"@id\":\"https:\\\/\\\/www.organisator.ch\\\/sustainability\\\/2019-04-25\\\/schweizer-energiewende-mittels-solarstrom\\\/#primaryimage\",\"url\":\"https:\\\/\\\/www.organisator.ch\\\/wp-content\\\/uploads\\\/2019\\\/04\\\/Die-Schweizer-Energiewende-ist-mit-einer-Verfuenfachung-des-Photovoltaik-Zubaus-machbar_MQ.jpg\",\"contentUrl\":\"https:\\\/\\\/www.organisator.ch\\\/wp-content\\\/uploads\\\/2019\\\/04\\\/Die-Schweizer-Energiewende-ist-mit-einer-Verfuenfachung-des-Photovoltaik-Zubaus-machbar_MQ.jpg\",\"width\":680,\"height\":453,\"caption\":\"Das Potenzial der Photovoltaik ist in der Schweiz noch nicht voll ausgen\u00fctzt. (Bild: Roy Buri \\\/ Pixabay.com)\"},{\"@type\":\"BreadcrumbList\",\"@id\":\"https:\\\/\\\/www.organisator.ch\\\/sustainability\\\/2019-04-25\\\/schweizer-energiewende-mittels-solarstrom\\\/#breadcrumb\",\"itemListElement\":[{\"@type\":\"ListItem\",\"position\":1,\"name\":\"Home\",\"item\":\"https:\\\/\\\/www.organisator.ch\\\/\"},{\"@type\":\"ListItem\",\"position\":2,\"name\":\"Schweizer Energiewende mittels Solarstrom\"}]},{\"@type\":\"WebSite\",\"@id\":\"https:\\\/\\\/www.organisator.ch\\\/#website\",\"url\":\"https:\\\/\\\/www.organisator.ch\\\/\",\"name\":\"Organisator\",\"description\":\"Kompetent. Praxisnah. Der ORGANISATOR bereitet in 10 Ausgaben pro Jahr die wesentlichen Themen f\u00fcr F\u00fchrungskr\u00e4fte von KMU auf.\",\"publisher\":{\"@id\":\"https:\\\/\\\/www.organisator.ch\\\/#organization\"},\"potentialAction\":[{\"@type\":\"SearchAction\",\"target\":{\"@type\":\"EntryPoint\",\"urlTemplate\":\"https:\\\/\\\/www.organisator.ch\\\/?s={search_term_string}\"},\"query-input\":{\"@type\":\"PropertyValueSpecification\",\"valueRequired\":true,\"valueName\":\"search_term_string\"}}],\"inLanguage\":\"fr-FR\"},{\"@type\":\"Organization\",\"@id\":\"https:\\\/\\\/www.organisator.ch\\\/#organization\",\"name\":\"Organisator\",\"url\":\"https:\\\/\\\/www.organisator.ch\\\/\",\"logo\":{\"@type\":\"ImageObject\",\"inLanguage\":\"fr-FR\",\"@id\":\"https:\\\/\\\/www.organisator.ch\\\/#\\\/schema\\\/logo\\\/image\\\/\",\"url\":\"https:\\\/\\\/www.organisator.ch\\\/wp-content\\\/uploads\\\/2022\\\/01\\\/Logo_Organisator_Website.png\",\"contentUrl\":\"https:\\\/\\\/www.organisator.ch\\\/wp-content\\\/uploads\\\/2022\\\/01\\\/Logo_Organisator_Website.png\",\"width\":800,\"height\":77,\"caption\":\"Organisator\"},\"image\":{\"@id\":\"https:\\\/\\\/www.organisator.ch\\\/#\\\/schema\\\/logo\\\/image\\\/\"},\"sameAs\":[\"https:\\\/\\\/www.facebook.com\\\/OrganisatorFachmagazin\",\"https:\\\/\\\/www.linkedin.com\\\/showcase\\\/organisator-das-magazin-fr-kmu\",\"https:\\\/\\\/www.xing.com\\\/news\\\/pages\\\/organisator-ch-695\",\"https:\\\/\\\/www.youtube.com\\\/channel\\\/UCGP2Sq0iWaZwT3BdIAQFYpw\"]},{\"@type\":\"Person\",\"@id\":\"https:\\\/\\\/www.organisator.ch\\\/#\\\/schema\\\/person\\\/134708ca9321c57b0362cceb7948ffbd\",\"name\":\"michael.merz\",\"image\":{\"@type\":\"ImageObject\",\"inLanguage\":\"fr-FR\",\"@id\":\"https:\\\/\\\/secure.gravatar.com\\\/avatar\\\/?s=96&d=mm&r=g\",\"url\":\"https:\\\/\\\/secure.gravatar.com\\\/avatar\\\/?s=96&d=mm&r=g\",\"contentUrl\":\"https:\\\/\\\/secure.gravatar.com\\\/avatar\\\/?s=96&d=mm&r=g\",\"caption\":\"michael.merz\"},\"url\":\"https:\\\/\\\/www.organisator.ch\\\/fr\\\/author\\\/michael-merz\\\/\"}]}<\/script>\n<!-- \/ Yoast SEO plugin. -->","yoast_head_json":{"title":"Tournant \u00e9nerg\u00e9tique suisse gr\u00e2ce \u00e0 l'\u00e9lectricit\u00e9 solaire - Organisateur","description":"Le potentiel d'\u00e9lectricit\u00e9 solaire sur les b\u00e2timents suisses est de 67 milliards de kWh par an. kilowattheures (source : OFEN). Cela repr\u00e9sente 67 milliards de kilowattheures par an.","robots":{"index":"index","follow":"follow","max-snippet":"max-snippet:-1","max-image-preview":"max-image-preview:large","max-video-preview":"max-video-preview:-1"},"canonical":"https:\/\/www.organisator.ch\/fr\/sustainability\/2019-04-25\/schweizer-energiewende-mittels-solarstrom\/","og_locale":"fr_FR","og_type":"article","og_title":"Schweizer Energiewende mittels Solarstrom - Organisator","og_description":"Das Solarstrom-Potenzial auf Schweizer Geb\u00e4uden liegt bei j\u00e4hrlich 67 Mia. Kilowattstunden (Quelle: BFE). Das sind j\u00e4hrlich 67 Milliarden Kilowattstunden.","og_url":"https:\/\/www.organisator.ch\/fr\/sustainability\/2019-04-25\/schweizer-energiewende-mittels-solarstrom\/","og_site_name":"Organisator","article_publisher":"https:\/\/www.facebook.com\/OrganisatorFachmagazin","article_published_time":"2019-04-25T15:06:07+00:00","article_modified_time":"2022-02-09T10:06:17+00:00","og_image":[{"width":680,"height":453,"url":"https:\/\/www.organisator.ch\/wp-content\/uploads\/2019\/04\/Die-Schweizer-Energiewende-ist-mit-einer-Verfuenfachung-des-Photovoltaik-Zubaus-machbar_MQ.jpg","type":"image\/jpeg"}],"author":"michael.merz","twitter_card":"summary_large_image","schema":{"@context":"https:\/\/schema.org","@graph":[{"@type":"Article","@id":"https:\/\/www.organisator.ch\/sustainability\/2019-04-25\/schweizer-energiewende-mittels-solarstrom\/#article","isPartOf":{"@id":"https:\/\/www.organisator.ch\/sustainability\/2019-04-25\/schweizer-energiewende-mittels-solarstrom\/"},"author":{"name":"michael.merz","@id":"https:\/\/www.organisator.ch\/#\/schema\/person\/134708ca9321c57b0362cceb7948ffbd"},"headline":"Schweizer Energiewende mittels Solarstrom","datePublished":"2019-04-25T15:06:07+00:00","dateModified":"2022-02-09T10:06:17+00:00","mainEntityOfPage":{"@id":"https:\/\/www.organisator.ch\/sustainability\/2019-04-25\/schweizer-energiewende-mittels-solarstrom\/"},"wordCount":432,"commentCount":0,"publisher":{"@id":"https:\/\/www.organisator.ch\/#organization"},"image":{"@id":"https:\/\/www.organisator.ch\/sustainability\/2019-04-25\/schweizer-energiewende-mittels-solarstrom\/#primaryimage"},"thumbnailUrl":"https:\/\/www.organisator.ch\/wp-content\/uploads\/2019\/04\/Die-Schweizer-Energiewende-ist-mit-einer-Verfuenfachung-des-Photovoltaik-Zubaus-machbar_MQ.jpg","keywords":["Energiewende","Photovoltaik","Schweiz","Solarenergie"],"articleSection":["SUSTAINABILITY"],"inLanguage":"fr-FR"},{"@type":"WebPage","@id":"https:\/\/www.organisator.ch\/sustainability\/2019-04-25\/schweizer-energiewende-mittels-solarstrom\/","url":"https:\/\/www.organisator.ch\/sustainability\/2019-04-25\/schweizer-energiewende-mittels-solarstrom\/","name":"Tournant \u00e9nerg\u00e9tique suisse gr\u00e2ce \u00e0 l'\u00e9lectricit\u00e9 solaire - Organisateur","isPartOf":{"@id":"https:\/\/www.organisator.ch\/#website"},"primaryImageOfPage":{"@id":"https:\/\/www.organisator.ch\/sustainability\/2019-04-25\/schweizer-energiewende-mittels-solarstrom\/#primaryimage"},"image":{"@id":"https:\/\/www.organisator.ch\/sustainability\/2019-04-25\/schweizer-energiewende-mittels-solarstrom\/#primaryimage"},"thumbnailUrl":"https:\/\/www.organisator.ch\/wp-content\/uploads\/2019\/04\/Die-Schweizer-Energiewende-ist-mit-einer-Verfuenfachung-des-Photovoltaik-Zubaus-machbar_MQ.jpg","datePublished":"2019-04-25T15:06:07+00:00","dateModified":"2022-02-09T10:06:17+00:00","description":"Le potentiel d'\u00e9lectricit\u00e9 solaire sur les b\u00e2timents suisses est de 67 milliards de kWh par an. kilowattheures (source : OFEN). Cela repr\u00e9sente 67 milliards de kilowattheures par an.","breadcrumb":{"@id":"https:\/\/www.organisator.ch\/sustainability\/2019-04-25\/schweizer-energiewende-mittels-solarstrom\/#breadcrumb"},"inLanguage":"fr-FR","potentialAction":[{"@type":"ReadAction","target":["https:\/\/www.organisator.ch\/sustainability\/2019-04-25\/schweizer-energiewende-mittels-solarstrom\/"]}]},{"@type":"ImageObject","inLanguage":"fr-FR","@id":"https:\/\/www.organisator.ch\/sustainability\/2019-04-25\/schweizer-energiewende-mittels-solarstrom\/#primaryimage","url":"https:\/\/www.organisator.ch\/wp-content\/uploads\/2019\/04\/Die-Schweizer-Energiewende-ist-mit-einer-Verfuenfachung-des-Photovoltaik-Zubaus-machbar_MQ.jpg","contentUrl":"https:\/\/www.organisator.ch\/wp-content\/uploads\/2019\/04\/Die-Schweizer-Energiewende-ist-mit-einer-Verfuenfachung-des-Photovoltaik-Zubaus-machbar_MQ.jpg","width":680,"height":453,"caption":"Das Potenzial der Photovoltaik ist in der Schweiz noch nicht voll ausgen\u00fctzt. (Bild: Roy Buri \/ Pixabay.com)"},{"@type":"BreadcrumbList","@id":"https:\/\/www.organisator.ch\/sustainability\/2019-04-25\/schweizer-energiewende-mittels-solarstrom\/#breadcrumb","itemListElement":[{"@type":"ListItem","position":1,"name":"Home","item":"https:\/\/www.organisator.ch\/"},{"@type":"ListItem","position":2,"name":"Schweizer Energiewende mittels Solarstrom"}]},{"@type":"WebSite","@id":"https:\/\/www.organisator.ch\/#website","url":"https:\/\/www.organisator.ch\/","name":"Organisateur","description":"Comp\u00e9tence et comp\u00e9tence. Proches de la pratique. L'ORGANISATEUR pr\u00e9pare 10 num\u00e9ros par an sur les th\u00e8mes essentiels pour les dirigeants de PME.","publisher":{"@id":"https:\/\/www.organisator.ch\/#organization"},"potentialAction":[{"@type":"SearchAction","target":{"@type":"EntryPoint","urlTemplate":"https:\/\/www.organisator.ch\/?s={search_term_string}"},"query-input":{"@type":"PropertyValueSpecification","valueRequired":true,"valueName":"search_term_string"}}],"inLanguage":"fr-FR"},{"@type":"Organization","@id":"https:\/\/www.organisator.ch\/#organization","name":"Organisateur","url":"https:\/\/www.organisator.ch\/","logo":{"@type":"ImageObject","inLanguage":"fr-FR","@id":"https:\/\/www.organisator.ch\/#\/schema\/logo\/image\/","url":"https:\/\/www.organisator.ch\/wp-content\/uploads\/2022\/01\/Logo_Organisator_Website.png","contentUrl":"https:\/\/www.organisator.ch\/wp-content\/uploads\/2022\/01\/Logo_Organisator_Website.png","width":800,"height":77,"caption":"Organisator"},"image":{"@id":"https:\/\/www.organisator.ch\/#\/schema\/logo\/image\/"},"sameAs":["https:\/\/www.facebook.com\/OrganisatorFachmagazin","https:\/\/www.linkedin.com\/showcase\/organisator-das-magazin-fr-kmu","https:\/\/www.xing.com\/news\/pages\/organisator-ch-695","https:\/\/www.youtube.com\/channel\/UCGP2Sq0iWaZwT3BdIAQFYpw"]},{"@type":"Person","@id":"https:\/\/www.organisator.ch\/#\/schema\/person\/134708ca9321c57b0362cceb7948ffbd","name":"michael.merz","image":{"@type":"ImageObject","inLanguage":"fr-FR","@id":"https:\/\/secure.gravatar.com\/avatar\/?s=96&d=mm&r=g","url":"https:\/\/secure.gravatar.com\/avatar\/?s=96&d=mm&r=g","contentUrl":"https:\/\/secure.gravatar.com\/avatar\/?s=96&d=mm&r=g","caption":"michael.merz"},"url":"https:\/\/www.organisator.ch\/fr\/author\/michael-merz\/"}]}},"_links":{"self":[{"href":"https:\/\/www.organisator.ch\/fr\/wp-json\/wp\/v2\/posts\/2107","targetHints":{"allow":["GET"]}}],"collection":[{"href":"https:\/\/www.organisator.ch\/fr\/wp-json\/wp\/v2\/posts"}],"about":[{"href":"https:\/\/www.organisator.ch\/fr\/wp-json\/wp\/v2\/types\/post"}],"author":[{"embeddable":true,"href":"https:\/\/www.organisator.ch\/fr\/wp-json\/wp\/v2\/users\/5"}],"replies":[{"embeddable":true,"href":"https:\/\/www.organisator.ch\/fr\/wp-json\/wp\/v2\/comments?post=2107"}],"version-history":[{"count":1,"href":"https:\/\/www.organisator.ch\/fr\/wp-json\/wp\/v2\/posts\/2107\/revisions"}],"predecessor-version":[{"id":10557,"href":"https:\/\/www.organisator.ch\/fr\/wp-json\/wp\/v2\/posts\/2107\/revisions\/10557"}],"wp:featuredmedia":[{"embeddable":true,"href":"https:\/\/www.organisator.ch\/fr\/wp-json\/wp\/v2\/media\/9600"}],"wp:attachment":[{"href":"https:\/\/www.organisator.ch\/fr\/wp-json\/wp\/v2\/media?parent=2107"}],"wp:term":[{"taxonomy":"category","embeddable":true,"href":"https:\/\/www.organisator.ch\/fr\/wp-json\/wp\/v2\/categories?post=2107"},{"taxonomy":"post_tag","embeddable":true,"href":"https:\/\/www.organisator.ch\/fr\/wp-json\/wp\/v2\/tags?post=2107"}],"curies":[{"name":"wp","href":"https:\/\/api.w.org\/{rel}","templated":true}]}}