{"id":21073,"date":"2023-07-27T08:07:25","date_gmt":"2023-07-27T06:07:25","guid":{"rendered":"https:\/\/www.organisator.ch\/?p=21073"},"modified":"2023-07-27T08:07:25","modified_gmt":"2023-07-27T06:07:25","slug":"ma-aktivitaeten-2023-weniger-akquisitionen-durch-kmu","status":"publish","type":"post","link":"https:\/\/www.organisator.ch\/fr\/management\/2023-07-27\/ma-aktivitaeten-2023-weniger-akquisitionen-durch-kmu\/","title":{"rendered":"Activit\u00e9s de fusions et acquisitions en 2023 : Moins d'acquisitions par les PME"},"content":{"rendered":"<figure id=\"attachment_21074\" aria-describedby=\"caption-attachment-21074\" style=\"width: 680px\" class=\"wp-caption alignnone\"><img loading=\"lazy\" decoding=\"async\" class=\"size-full wp-image-21074\" src=\"https:\/\/www.organisator.ch\/wp-content\/uploads\/2023\/07\/M-A-Aktivitaeten-2023-Weniger-Akquisitionen-durch-KMU-1_Organisator.jpg\" alt=\"\" width=\"680\" height=\"356\" srcset=\"https:\/\/www.organisator.ch\/wp-content\/uploads\/2023\/07\/M-A-Aktivitaeten-2023-Weniger-Akquisitionen-durch-KMU-1_Organisator.jpg 680w, https:\/\/www.organisator.ch\/wp-content\/uploads\/2023\/07\/M-A-Aktivitaeten-2023-Weniger-Akquisitionen-durch-KMU-1_Organisator-18x9.jpg 18w, https:\/\/www.organisator.ch\/wp-content\/uploads\/2023\/07\/M-A-Aktivitaeten-2023-Weniger-Akquisitionen-durch-KMU-1_Organisator-375x196.jpg 375w, https:\/\/www.organisator.ch\/wp-content\/uploads\/2023\/07\/M-A-Aktivitaeten-2023-Weniger-Akquisitionen-durch-KMU-1_Organisator-669x350.jpg 669w\" sizes=\"auto, (max-width: 680px) 100vw, 680px\" \/><figcaption id=\"caption-attachment-21074\" class=\"wp-caption-text\">Activit\u00e9s M&amp;A dans diff\u00e9rents cantons : O\u00f9 le plus grand nombre d'acquisitions a \u00e9t\u00e9 r\u00e9alis\u00e9. (Graphique : Deloitte Suisse)<\/figcaption><\/figure>\n<p>Les PME suisses ont globalement r\u00e9alis\u00e9 moins de transactions au premier semestre 2023 qu'au premier semestre 2022. Le nombre de transactions a diminu\u00e9 de 18% au premier semestre 2023 par rapport au premier semestre 2022, ce qui a permis aux PME suisses d'\u00eatre soit acqu\u00e9reurs soit cibles dans 109 transactions au total, selon la derni\u00e8re \u00e9tude Deloitte sur les activit\u00e9s de fusions et acquisitions des PME suisses. Bien que les activit\u00e9s de fusions et d'acquisitions aient globalement diminu\u00e9, on constate une augmentation remarquable des acquisitions \u00e0 l'\u00e9tranger. Alors que ces derni\u00e8res ann\u00e9es, les transactions transfrontali\u00e8res \u00e9taient principalement motiv\u00e9es par des investissements entrants, on observe depuis la mi-2022 un renversement de tendance vers davantage de transactions sortantes. Cela signifie que les PME suisses ont surtout agi en tant qu'acheteurs d'autres entreprises et ont moins souvent \u00e9t\u00e9 elles-m\u00eames la cible de fusions ou d'acquisitions.<\/p>\n<p>En termes concrets, les transactions entrantes affichent un net recul (-54% par rapport au S1 2022), tandis que les transactions sortantes ont atteint un niveau record au premier semestre 2023 (+18% par rapport au S1 2022). Le nombre de transactions avec des entreprises suisses comme objet d'achat (62 transactions domestiques et entrantes) est l'un des plus bas depuis le d\u00e9but des mesures effectu\u00e9es par Deloitte en 2013. Il y a plusieurs raisons \u00e0 cela, explique Anthony West, associ\u00e9 et responsable Corporate Finance Suisse chez Deloitte : \"Actuellement, les investisseurs \u00e9trangers montrent moins d'app\u00e9tit pour les cibles suisses. De plus, les entrepreneurs et propri\u00e9taires locaux h\u00e9sitent \u00e0 vendre leurs entreprises. Les PME suisses compensent toutefois cela par une activit\u00e9 d'achat propre accrue \u00e0 l'\u00e9tranger. Les principaux facteurs qui influencent ces \u00e9volutions sont la r\u00e9silience de l'\u00e9conomie suisse et la force du franc suisse\".<\/p>\n<figure id=\"attachment_21075\" aria-describedby=\"caption-attachment-21075\" style=\"width: 680px\" class=\"wp-caption alignnone\"><img loading=\"lazy\" decoding=\"async\" class=\"size-full wp-image-21075\" src=\"https:\/\/www.organisator.ch\/wp-content\/uploads\/2023\/07\/M-A-Aktivitaeten-2023-Weniger-Akquisitionen-durch-KMU-2_Organisator.jpg\" alt=\"\" width=\"680\" height=\"262\" srcset=\"https:\/\/www.organisator.ch\/wp-content\/uploads\/2023\/07\/M-A-Aktivitaeten-2023-Weniger-Akquisitionen-durch-KMU-2_Organisator.jpg 680w, https:\/\/www.organisator.ch\/wp-content\/uploads\/2023\/07\/M-A-Aktivitaeten-2023-Weniger-Akquisitionen-durch-KMU-2_Organisator-18x7.jpg 18w, https:\/\/www.organisator.ch\/wp-content\/uploads\/2023\/07\/M-A-Aktivitaeten-2023-Weniger-Akquisitionen-durch-KMU-2_Organisator-375x144.jpg 375w\" sizes=\"auto, (max-width: 680px) 100vw, 680px\" \/><figcaption id=\"caption-attachment-21075\" class=\"wp-caption-text\">graphique : Deloitte Suisse<\/figcaption><\/figure>\n<h3>Les investisseurs \u00e9trangers ciblent les entreprises suisses de TI<\/h3>\n<p>En termes de transactions, les entreprises de services informatiques sont en t\u00eate des transactions entrantes en Suisse. Avec plus d'un quart de toutes les transactions (26% vs. 21% en 2022), les PME suisses du secteur des services informatiques occupent la premi\u00e8re place parmi les diff\u00e9rents secteurs, rel\u00e9guant ainsi le secteur industriel, qui \u00e9tait encore en t\u00eate l'ann\u00e9e derni\u00e8re, \u00e0 la quatri\u00e8me place (13% vs. 22% en 2022). Le secteur Life Science &amp; Health Care (19%, vs. 14% en 2022) se place en deuxi\u00e8me position. Au premier semestre 2023, les acqu\u00e9reurs de PME suisses \u00e9taient principalement des entreprises europ\u00e9ennes (67%) ou nord-am\u00e9ricaines (26%), qui ont r\u00e9alis\u00e9 62 transactions au total. En ce qui concerne les rachats de l'\u00e9tranger, ce sont \u00e0 nouveau les PME suisses du secteur informatique qui ont suscit\u00e9 la plus forte demande, tous secteurs confondus.<\/p>\n<p>Alors que les investisseurs \u00e9trangers s'int\u00e9ressent surtout aux entreprises suisses de services informatiques, les PME suisses visent surtout les entreprises du secteur industriel lorsqu'elles ach\u00e8tent \u00e0 l'\u00e9tranger. Le secteur IT est rest\u00e9 le secteur le plus convoit\u00e9 pour les rachats au premier semestre 2023. La principale r\u00e9gion cible pour les acquisitions \u00e0 l'\u00e9tranger de PME suisses reste l'Europe, avec 83% des transactions. La majeure partie de ces acquisitions a eu lieu dans les pays voisins, l'Allemagne \u00e9tant en t\u00eate (36%). Les autres acquisitions ont \u00e9t\u00e9 r\u00e9alis\u00e9es par des PME suisses, principalement en Am\u00e9rique du Nord.<\/p>\n<h3>Le secteur informatique tr\u00e8s attractif pour les acquisitions<\/h3>\n<p>\"Le grand int\u00e9r\u00eat pour les prestataires de services informatiques suisses s'explique sans doute surtout par l'attractivit\u00e9 de la place \u00e9conomique ainsi que par les nombreuses entreprises de cloud et de cyber qui ont vu le jour\", explique Stephan Br\u00fccher, Partner Financial Advisory chez Deloitte Suisse. \"Les entreprises informatiques \u00e9mergentes qui stimulent de mani\u00e8re cibl\u00e9e la croissance du secteur informatique et proposent des solutions aux entreprises de tous types sont une ressource importante dans notre pays. La communaut\u00e9 de start-up tr\u00e8s active dans cette branche est en outre fortement encourag\u00e9e par l'EPFZ et l'EPFL, notamment par la cr\u00e9ation de nouvelles start-up, et fait des entreprises informatiques suisses des cibles de rachat extr\u00eamement attrayantes\".<\/p>\n<p>La mod\u00e9ration de la volont\u00e9 d'acquisition par rapport aux ann\u00e9es pr\u00e9c\u00e9dentes refl\u00e8te l'attitude prudente des investisseurs en r\u00e9action aux conditions de march\u00e9 incertaines et volatiles. Le premier semestre 2023 a pos\u00e9 de nombreux d\u00e9fis aux entreprises, notamment la hausse des taux d'int\u00e9r\u00eat pour endiguer l'inflation \u00e9lev\u00e9e, la persistance des probl\u00e8mes li\u00e9s aux cha\u00eenes d'approvisionnement, la poursuite de la guerre en Ukraine, la force du franc suisse et les turbulences dans le secteur financier. Bien que le nombre total de transactions reste sup\u00e9rieur au niveau pr\u00e9-Corona, la tendance est \u00e0 la baisse des transactions en Suisse pour les investisseurs \u00e9trangers.<\/p>\n<h3>Des d\u00e9fis toujours aussi importants pour les entreprises nationales et \u00e9trang\u00e8res<\/h3>\n<p>Cette situation ne devrait pas beaucoup changer au second semestre 2023. \"Les vendeurs sont prudents et les investisseurs \u00e9trangers se montrent peu enclins \u00e0 s'int\u00e9resser aux entreprises suisses. Les PME suisses devraient toutefois rester tr\u00e8s actives et chercher \u00e0 faire des acquisitions \u00e0 l'\u00e9tranger. La force du franc suisse rend les cibles \u00e9trang\u00e8res attrayantes pour les investisseurs suisses, tandis que les entreprises suisses deviennent plus ch\u00e8res pour les investisseurs \u00e9trangers. D'\u00e9ventuelles nouvelles hausses des taux d'int\u00e9r\u00eat devraient encore alimenter cette tendance, ce qui pourrait entra\u00eener une nouvelle baisse des investissements \u00e9trangers en Suisse\", explique Jean-Fran\u00e7ois Lagass\u00e9, associ\u00e9 Financial Advisory et responsable de l'industrie financi\u00e8re chez Deloitte Suisse. \"Malgr\u00e9 cela, nous restons prudemment optimistes et nous nous attendons \u00e0 ce que les conditions macro\u00e9conomiques s'am\u00e9liorent vers la fin de l'ann\u00e9e ou au d\u00e9but de l'ann\u00e9e prochaine. Cette \u00e9volution positive devrait alors ouvrir la voie \u00e0 un regain d'activit\u00e9 de rachat d'entreprises \u00e9trang\u00e8res sur le march\u00e9 suisse\".<\/p>\n<p><em>Source : <a href=\"https:\/\/www2.deloitte.com\/ch\/de.html\">Deloitte Suisse<\/a><\/em><\/p>","protected":false},"excerpt":{"rendered":"<p>Le nombre de fusions et d'acquisitions impliquant des petites et moyennes entreprises (PME) suisses a diminu\u00e9 par rapport \u00e0 l'ann\u00e9e pr\u00e9c\u00e9dente. C'est ce que montre la nouvelle \u00e9tude Deloitte sur les activit\u00e9s de fusions et d'acquisitions des PME suisses. Un record a \u00e9t\u00e9 enregistr\u00e9 dans les acquisitions de PME suisses \u00e0 l'\u00e9tranger. Les entreprises de services informatiques, responsables de plus d'un quart de toutes les transactions, sont les principaux moteurs de cette \u00e9volution.<\/p>","protected":false},"author":4,"featured_media":21074,"comment_status":"closed","ping_status":"closed","sticky":false,"template":"","format":"standard","meta":{"_acf_changed":false,"_yoast_wpseo_focuskw":"M&A-Aktivit\u00e4ten","_yoast_wpseo_metadesc":"Die M&A-Aktivit\u00e4ten mit Beteiligung kleiner und mittlerer Unternehmen (KMU) aus der Schweiz hat im Vergleich zum Vorjahr abgenommen.","articlekey":"","footnotes":""},"categories":[28],"tags":[3853,286,459,492],"class_list":["post-21073","post","type-post","status-publish","format-standard","has-post-thumbnail","hentry","category-management","tag-akquisitionen","tag-it","tag-studie","tag-unternehmen"],"acf":[],"yoast_head":"<!-- This site is optimized with the Yoast SEO plugin v27.4 - https:\/\/yoast.com\/product\/yoast-seo-wordpress\/ -->\n<title>M&amp;A-Aktivit\u00e4ten 2023: Weniger Akquisitionen durch KMU - Organisator<\/title>\n<meta name=\"description\" content=\"Die M&amp;A-Aktivit\u00e4ten mit Beteiligung kleiner und mittlerer Unternehmen (KMU) aus der Schweiz hat im Vergleich zum Vorjahr abgenommen.\" \/>\n<meta name=\"robots\" content=\"index, follow, max-snippet:-1, max-image-preview:large, max-video-preview:-1\" \/>\n<link rel=\"canonical\" href=\"https:\/\/www.organisator.ch\/fr\/gestion-2\/2023-07-27\/ma-aktivitaeten-2023-weniger-akquisitionen-durch-kmu\/\" \/>\n<meta property=\"og:locale\" content=\"fr_FR\" \/>\n<meta property=\"og:type\" content=\"article\" \/>\n<meta property=\"og:title\" content=\"M&amp;A-Aktivit\u00e4ten 2023: Weniger Akquisitionen durch KMU\" \/>\n<meta property=\"og:description\" content=\"Die M&amp;A-Aktivit\u00e4ten mit Beteiligung kleiner und mittlerer Unternehmen (KMU) aus der Schweiz hat im Vergleich zum Vorjahr abgenommen.\" \/>\n<meta property=\"og:url\" content=\"https:\/\/www.organisator.ch\/fr\/gestion-2\/2023-07-27\/ma-aktivitaeten-2023-weniger-akquisitionen-durch-kmu\/\" \/>\n<meta property=\"og:site_name\" content=\"Organisator\" \/>\n<meta property=\"article:publisher\" content=\"https:\/\/www.facebook.com\/OrganisatorFachmagazin\" \/>\n<meta property=\"article:published_time\" content=\"2023-07-27T06:07:25+00:00\" \/>\n<meta property=\"og:image\" content=\"https:\/\/www.organisator.ch\/wp-content\/uploads\/2023\/07\/M-A-Aktivitaeten-2023-Weniger-Akquisitionen-durch-KMU-1_Organisator.jpg\" \/>\n\t<meta property=\"og:image:width\" content=\"680\" \/>\n\t<meta property=\"og:image:height\" content=\"356\" \/>\n\t<meta property=\"og:image:type\" content=\"image\/jpeg\" \/>\n<meta name=\"author\" content=\"thomas.berner\" \/>\n<meta name=\"twitter:card\" content=\"summary_large_image\" \/>\n<meta name=\"twitter:title\" content=\"#M&amp;A-Aktivit\u00e4ten 2023: Weniger #Akquisitionen durch KMU\" \/>\n<meta name=\"twitter:description\" content=\"Die #M&amp;A-Aktivit\u00e4ten mit Beteiligung kleiner und mittlerer Unternehmen (#KMU) aus der Schweiz hat im Vergleich zum Vorjahr abgenommen.\" \/>\n<meta name=\"twitter:image\" content=\"https:\/\/www.organisator.ch\/wp-content\/uploads\/2023\/07\/M-A-Aktivitaeten-2023-Weniger-Akquisitionen-durch-KMU-1_Organisator.jpg\" \/>\n<script type=\"application\/ld+json\" class=\"yoast-schema-graph\">{\"@context\":\"https:\\\/\\\/schema.org\",\"@graph\":[{\"@type\":\"Article\",\"@id\":\"https:\\\/\\\/www.organisator.ch\\\/management\\\/2023-07-27\\\/ma-aktivitaeten-2023-weniger-akquisitionen-durch-kmu\\\/#article\",\"isPartOf\":{\"@id\":\"https:\\\/\\\/www.organisator.ch\\\/management\\\/2023-07-27\\\/ma-aktivitaeten-2023-weniger-akquisitionen-durch-kmu\\\/\"},\"author\":{\"name\":\"thomas.berner\",\"@id\":\"https:\\\/\\\/www.organisator.ch\\\/#\\\/schema\\\/person\\\/6f650f90b2842cd4c0cc334b4e36f67e\"},\"headline\":\"M&#038;A-Aktivit\u00e4ten 2023: Weniger Akquisitionen durch KMU\",\"datePublished\":\"2023-07-27T06:07:25+00:00\",\"mainEntityOfPage\":{\"@id\":\"https:\\\/\\\/www.organisator.ch\\\/management\\\/2023-07-27\\\/ma-aktivitaeten-2023-weniger-akquisitionen-durch-kmu\\\/\"},\"wordCount\":861,\"publisher\":{\"@id\":\"https:\\\/\\\/www.organisator.ch\\\/#organization\"},\"image\":{\"@id\":\"https:\\\/\\\/www.organisator.ch\\\/management\\\/2023-07-27\\\/ma-aktivitaeten-2023-weniger-akquisitionen-durch-kmu\\\/#primaryimage\"},\"thumbnailUrl\":\"https:\\\/\\\/www.organisator.ch\\\/wp-content\\\/uploads\\\/2023\\\/07\\\/M-A-Aktivitaeten-2023-Weniger-Akquisitionen-durch-KMU-1_Organisator.jpg\",\"keywords\":[\"Akquisitionen\",\"IT\",\"Studie\",\"Unternehmen\"],\"articleSection\":[\"MANAGEMENT\"],\"inLanguage\":\"fr-FR\"},{\"@type\":\"WebPage\",\"@id\":\"https:\\\/\\\/www.organisator.ch\\\/management\\\/2023-07-27\\\/ma-aktivitaeten-2023-weniger-akquisitionen-durch-kmu\\\/\",\"url\":\"https:\\\/\\\/www.organisator.ch\\\/management\\\/2023-07-27\\\/ma-aktivitaeten-2023-weniger-akquisitionen-durch-kmu\\\/\",\"name\":\"M&A-Aktivit\u00e4ten 2023: Weniger Akquisitionen durch KMU - Organisator\",\"isPartOf\":{\"@id\":\"https:\\\/\\\/www.organisator.ch\\\/#website\"},\"primaryImageOfPage\":{\"@id\":\"https:\\\/\\\/www.organisator.ch\\\/management\\\/2023-07-27\\\/ma-aktivitaeten-2023-weniger-akquisitionen-durch-kmu\\\/#primaryimage\"},\"image\":{\"@id\":\"https:\\\/\\\/www.organisator.ch\\\/management\\\/2023-07-27\\\/ma-aktivitaeten-2023-weniger-akquisitionen-durch-kmu\\\/#primaryimage\"},\"thumbnailUrl\":\"https:\\\/\\\/www.organisator.ch\\\/wp-content\\\/uploads\\\/2023\\\/07\\\/M-A-Aktivitaeten-2023-Weniger-Akquisitionen-durch-KMU-1_Organisator.jpg\",\"datePublished\":\"2023-07-27T06:07:25+00:00\",\"description\":\"Die M&A-Aktivit\u00e4ten mit Beteiligung kleiner und mittlerer Unternehmen (KMU) aus der Schweiz hat im Vergleich zum Vorjahr abgenommen.\",\"breadcrumb\":{\"@id\":\"https:\\\/\\\/www.organisator.ch\\\/management\\\/2023-07-27\\\/ma-aktivitaeten-2023-weniger-akquisitionen-durch-kmu\\\/#breadcrumb\"},\"inLanguage\":\"fr-FR\",\"potentialAction\":[{\"@type\":\"ReadAction\",\"target\":[\"https:\\\/\\\/www.organisator.ch\\\/management\\\/2023-07-27\\\/ma-aktivitaeten-2023-weniger-akquisitionen-durch-kmu\\\/\"]}]},{\"@type\":\"ImageObject\",\"inLanguage\":\"fr-FR\",\"@id\":\"https:\\\/\\\/www.organisator.ch\\\/management\\\/2023-07-27\\\/ma-aktivitaeten-2023-weniger-akquisitionen-durch-kmu\\\/#primaryimage\",\"url\":\"https:\\\/\\\/www.organisator.ch\\\/wp-content\\\/uploads\\\/2023\\\/07\\\/M-A-Aktivitaeten-2023-Weniger-Akquisitionen-durch-KMU-1_Organisator.jpg\",\"contentUrl\":\"https:\\\/\\\/www.organisator.ch\\\/wp-content\\\/uploads\\\/2023\\\/07\\\/M-A-Aktivitaeten-2023-Weniger-Akquisitionen-durch-KMU-1_Organisator.jpg\",\"width\":680,\"height\":356,\"caption\":\"M&A-Aktivit\u00e4ten nach Kantonen: Wo am meisten \u00dcbernahmen vollzogen wurden. (Grafik: Deloitte Schweiz)\"},{\"@type\":\"BreadcrumbList\",\"@id\":\"https:\\\/\\\/www.organisator.ch\\\/management\\\/2023-07-27\\\/ma-aktivitaeten-2023-weniger-akquisitionen-durch-kmu\\\/#breadcrumb\",\"itemListElement\":[{\"@type\":\"ListItem\",\"position\":1,\"name\":\"Home\",\"item\":\"https:\\\/\\\/www.organisator.ch\\\/\"},{\"@type\":\"ListItem\",\"position\":2,\"name\":\"M&#038;A-Aktivit\u00e4ten 2023: Weniger Akquisitionen durch KMU\"}]},{\"@type\":\"WebSite\",\"@id\":\"https:\\\/\\\/www.organisator.ch\\\/#website\",\"url\":\"https:\\\/\\\/www.organisator.ch\\\/\",\"name\":\"Organisator\",\"description\":\"Kompetent. Praxisnah. Der ORGANISATOR bereitet in 10 Ausgaben pro Jahr die wesentlichen Themen f\u00fcr F\u00fchrungskr\u00e4fte von KMU auf.\",\"publisher\":{\"@id\":\"https:\\\/\\\/www.organisator.ch\\\/#organization\"},\"potentialAction\":[{\"@type\":\"SearchAction\",\"target\":{\"@type\":\"EntryPoint\",\"urlTemplate\":\"https:\\\/\\\/www.organisator.ch\\\/?s={search_term_string}\"},\"query-input\":{\"@type\":\"PropertyValueSpecification\",\"valueRequired\":true,\"valueName\":\"search_term_string\"}}],\"inLanguage\":\"fr-FR\"},{\"@type\":\"Organization\",\"@id\":\"https:\\\/\\\/www.organisator.ch\\\/#organization\",\"name\":\"Organisator\",\"url\":\"https:\\\/\\\/www.organisator.ch\\\/\",\"logo\":{\"@type\":\"ImageObject\",\"inLanguage\":\"fr-FR\",\"@id\":\"https:\\\/\\\/www.organisator.ch\\\/#\\\/schema\\\/logo\\\/image\\\/\",\"url\":\"https:\\\/\\\/www.organisator.ch\\\/wp-content\\\/uploads\\\/2022\\\/01\\\/Logo_Organisator_Website.png\",\"contentUrl\":\"https:\\\/\\\/www.organisator.ch\\\/wp-content\\\/uploads\\\/2022\\\/01\\\/Logo_Organisator_Website.png\",\"width\":800,\"height\":77,\"caption\":\"Organisator\"},\"image\":{\"@id\":\"https:\\\/\\\/www.organisator.ch\\\/#\\\/schema\\\/logo\\\/image\\\/\"},\"sameAs\":[\"https:\\\/\\\/www.facebook.com\\\/OrganisatorFachmagazin\",\"https:\\\/\\\/www.linkedin.com\\\/showcase\\\/organisator-das-magazin-fr-kmu\",\"https:\\\/\\\/www.xing.com\\\/news\\\/pages\\\/organisator-ch-695\",\"https:\\\/\\\/www.youtube.com\\\/channel\\\/UCGP2Sq0iWaZwT3BdIAQFYpw\"]},{\"@type\":\"Person\",\"@id\":\"https:\\\/\\\/www.organisator.ch\\\/#\\\/schema\\\/person\\\/6f650f90b2842cd4c0cc334b4e36f67e\",\"name\":\"thomas.berner\",\"image\":{\"@type\":\"ImageObject\",\"inLanguage\":\"fr-FR\",\"@id\":\"https:\\\/\\\/secure.gravatar.com\\\/avatar\\\/ac5001d2a36cb6c6cd3e50789007ffca834b477b74a2144564522e944eabff61?s=96&d=mm&r=g\",\"url\":\"https:\\\/\\\/secure.gravatar.com\\\/avatar\\\/ac5001d2a36cb6c6cd3e50789007ffca834b477b74a2144564522e944eabff61?s=96&d=mm&r=g\",\"contentUrl\":\"https:\\\/\\\/secure.gravatar.com\\\/avatar\\\/ac5001d2a36cb6c6cd3e50789007ffca834b477b74a2144564522e944eabff61?s=96&d=mm&r=g\",\"caption\":\"thomas.berner\"},\"url\":\"https:\\\/\\\/www.organisator.ch\\\/fr\\\/author\\\/thomas-berner\\\/\"}]}<\/script>\n<!-- \/ Yoast SEO plugin. -->","yoast_head_json":{"title":"Activit\u00e9s de fusions et acquisitions en 2023 : Moins d'acquisitions par les PME - Organisateur","description":"Les activit\u00e9s de fusions et d'acquisitions impliquant des petites et moyennes entreprises (PME) suisses ont diminu\u00e9 par rapport \u00e0 l'ann\u00e9e pr\u00e9c\u00e9dente.","robots":{"index":"index","follow":"follow","max-snippet":"max-snippet:-1","max-image-preview":"max-image-preview:large","max-video-preview":"max-video-preview:-1"},"canonical":"https:\/\/www.organisator.ch\/fr\/gestion-2\/2023-07-27\/ma-aktivitaeten-2023-weniger-akquisitionen-durch-kmu\/","og_locale":"fr_FR","og_type":"article","og_title":"M&A-Aktivit\u00e4ten 2023: Weniger Akquisitionen durch KMU","og_description":"Die M&A-Aktivit\u00e4ten mit Beteiligung kleiner und mittlerer Unternehmen (KMU) aus der Schweiz hat im Vergleich zum Vorjahr abgenommen.","og_url":"https:\/\/www.organisator.ch\/fr\/gestion-2\/2023-07-27\/ma-aktivitaeten-2023-weniger-akquisitionen-durch-kmu\/","og_site_name":"Organisator","article_publisher":"https:\/\/www.facebook.com\/OrganisatorFachmagazin","article_published_time":"2023-07-27T06:07:25+00:00","og_image":[{"width":680,"height":356,"url":"https:\/\/www.organisator.ch\/wp-content\/uploads\/2023\/07\/M-A-Aktivitaeten-2023-Weniger-Akquisitionen-durch-KMU-1_Organisator.jpg","type":"image\/jpeg"}],"author":"thomas.berner","twitter_card":"summary_large_image","twitter_title":"#M&A-Aktivit\u00e4ten 2023: Weniger #Akquisitionen durch KMU","twitter_description":"Die #M&A-Aktivit\u00e4ten mit Beteiligung kleiner und mittlerer Unternehmen (#KMU) aus der Schweiz hat im Vergleich zum Vorjahr abgenommen.","twitter_image":"https:\/\/www.organisator.ch\/wp-content\/uploads\/2023\/07\/M-A-Aktivitaeten-2023-Weniger-Akquisitionen-durch-KMU-1_Organisator.jpg","schema":{"@context":"https:\/\/schema.org","@graph":[{"@type":"Article","@id":"https:\/\/www.organisator.ch\/management\/2023-07-27\/ma-aktivitaeten-2023-weniger-akquisitionen-durch-kmu\/#article","isPartOf":{"@id":"https:\/\/www.organisator.ch\/management\/2023-07-27\/ma-aktivitaeten-2023-weniger-akquisitionen-durch-kmu\/"},"author":{"name":"thomas.berner","@id":"https:\/\/www.organisator.ch\/#\/schema\/person\/6f650f90b2842cd4c0cc334b4e36f67e"},"headline":"M&#038;A-Aktivit\u00e4ten 2023: Weniger Akquisitionen durch KMU","datePublished":"2023-07-27T06:07:25+00:00","mainEntityOfPage":{"@id":"https:\/\/www.organisator.ch\/management\/2023-07-27\/ma-aktivitaeten-2023-weniger-akquisitionen-durch-kmu\/"},"wordCount":861,"publisher":{"@id":"https:\/\/www.organisator.ch\/#organization"},"image":{"@id":"https:\/\/www.organisator.ch\/management\/2023-07-27\/ma-aktivitaeten-2023-weniger-akquisitionen-durch-kmu\/#primaryimage"},"thumbnailUrl":"https:\/\/www.organisator.ch\/wp-content\/uploads\/2023\/07\/M-A-Aktivitaeten-2023-Weniger-Akquisitionen-durch-KMU-1_Organisator.jpg","keywords":["Akquisitionen","IT","Studie","Unternehmen"],"articleSection":["MANAGEMENT"],"inLanguage":"fr-FR"},{"@type":"WebPage","@id":"https:\/\/www.organisator.ch\/management\/2023-07-27\/ma-aktivitaeten-2023-weniger-akquisitionen-durch-kmu\/","url":"https:\/\/www.organisator.ch\/management\/2023-07-27\/ma-aktivitaeten-2023-weniger-akquisitionen-durch-kmu\/","name":"Activit\u00e9s de fusions et acquisitions en 2023 : Moins d'acquisitions par les PME - Organisateur","isPartOf":{"@id":"https:\/\/www.organisator.ch\/#website"},"primaryImageOfPage":{"@id":"https:\/\/www.organisator.ch\/management\/2023-07-27\/ma-aktivitaeten-2023-weniger-akquisitionen-durch-kmu\/#primaryimage"},"image":{"@id":"https:\/\/www.organisator.ch\/management\/2023-07-27\/ma-aktivitaeten-2023-weniger-akquisitionen-durch-kmu\/#primaryimage"},"thumbnailUrl":"https:\/\/www.organisator.ch\/wp-content\/uploads\/2023\/07\/M-A-Aktivitaeten-2023-Weniger-Akquisitionen-durch-KMU-1_Organisator.jpg","datePublished":"2023-07-27T06:07:25+00:00","description":"Les activit\u00e9s de fusions et d'acquisitions impliquant des petites et moyennes entreprises (PME) suisses ont diminu\u00e9 par rapport \u00e0 l'ann\u00e9e pr\u00e9c\u00e9dente.","breadcrumb":{"@id":"https:\/\/www.organisator.ch\/management\/2023-07-27\/ma-aktivitaeten-2023-weniger-akquisitionen-durch-kmu\/#breadcrumb"},"inLanguage":"fr-FR","potentialAction":[{"@type":"ReadAction","target":["https:\/\/www.organisator.ch\/management\/2023-07-27\/ma-aktivitaeten-2023-weniger-akquisitionen-durch-kmu\/"]}]},{"@type":"ImageObject","inLanguage":"fr-FR","@id":"https:\/\/www.organisator.ch\/management\/2023-07-27\/ma-aktivitaeten-2023-weniger-akquisitionen-durch-kmu\/#primaryimage","url":"https:\/\/www.organisator.ch\/wp-content\/uploads\/2023\/07\/M-A-Aktivitaeten-2023-Weniger-Akquisitionen-durch-KMU-1_Organisator.jpg","contentUrl":"https:\/\/www.organisator.ch\/wp-content\/uploads\/2023\/07\/M-A-Aktivitaeten-2023-Weniger-Akquisitionen-durch-KMU-1_Organisator.jpg","width":680,"height":356,"caption":"M&A-Aktivit\u00e4ten nach Kantonen: Wo am meisten \u00dcbernahmen vollzogen wurden. (Grafik: Deloitte Schweiz)"},{"@type":"BreadcrumbList","@id":"https:\/\/www.organisator.ch\/management\/2023-07-27\/ma-aktivitaeten-2023-weniger-akquisitionen-durch-kmu\/#breadcrumb","itemListElement":[{"@type":"ListItem","position":1,"name":"Home","item":"https:\/\/www.organisator.ch\/"},{"@type":"ListItem","position":2,"name":"M&#038;A-Aktivit\u00e4ten 2023: Weniger Akquisitionen durch KMU"}]},{"@type":"WebSite","@id":"https:\/\/www.organisator.ch\/#website","url":"https:\/\/www.organisator.ch\/","name":"Organisateur","description":"Comp\u00e9tence et comp\u00e9tence. Proches de la pratique. L'ORGANISATEUR pr\u00e9pare 10 num\u00e9ros par an sur les th\u00e8mes essentiels pour les dirigeants de PME.","publisher":{"@id":"https:\/\/www.organisator.ch\/#organization"},"potentialAction":[{"@type":"SearchAction","target":{"@type":"EntryPoint","urlTemplate":"https:\/\/www.organisator.ch\/?s={search_term_string}"},"query-input":{"@type":"PropertyValueSpecification","valueRequired":true,"valueName":"search_term_string"}}],"inLanguage":"fr-FR"},{"@type":"Organization","@id":"https:\/\/www.organisator.ch\/#organization","name":"Organisateur","url":"https:\/\/www.organisator.ch\/","logo":{"@type":"ImageObject","inLanguage":"fr-FR","@id":"https:\/\/www.organisator.ch\/#\/schema\/logo\/image\/","url":"https:\/\/www.organisator.ch\/wp-content\/uploads\/2022\/01\/Logo_Organisator_Website.png","contentUrl":"https:\/\/www.organisator.ch\/wp-content\/uploads\/2022\/01\/Logo_Organisator_Website.png","width":800,"height":77,"caption":"Organisator"},"image":{"@id":"https:\/\/www.organisator.ch\/#\/schema\/logo\/image\/"},"sameAs":["https:\/\/www.facebook.com\/OrganisatorFachmagazin","https:\/\/www.linkedin.com\/showcase\/organisator-das-magazin-fr-kmu","https:\/\/www.xing.com\/news\/pages\/organisator-ch-695","https:\/\/www.youtube.com\/channel\/UCGP2Sq0iWaZwT3BdIAQFYpw"]},{"@type":"Person","@id":"https:\/\/www.organisator.ch\/#\/schema\/person\/6f650f90b2842cd4c0cc334b4e36f67e","name":"thomas.berner","image":{"@type":"ImageObject","inLanguage":"fr-FR","@id":"https:\/\/secure.gravatar.com\/avatar\/ac5001d2a36cb6c6cd3e50789007ffca834b477b74a2144564522e944eabff61?s=96&d=mm&r=g","url":"https:\/\/secure.gravatar.com\/avatar\/ac5001d2a36cb6c6cd3e50789007ffca834b477b74a2144564522e944eabff61?s=96&d=mm&r=g","contentUrl":"https:\/\/secure.gravatar.com\/avatar\/ac5001d2a36cb6c6cd3e50789007ffca834b477b74a2144564522e944eabff61?s=96&d=mm&r=g","caption":"thomas.berner"},"url":"https:\/\/www.organisator.ch\/fr\/author\/thomas-berner\/"}]}},"_links":{"self":[{"href":"https:\/\/www.organisator.ch\/fr\/wp-json\/wp\/v2\/posts\/21073","targetHints":{"allow":["GET"]}}],"collection":[{"href":"https:\/\/www.organisator.ch\/fr\/wp-json\/wp\/v2\/posts"}],"about":[{"href":"https:\/\/www.organisator.ch\/fr\/wp-json\/wp\/v2\/types\/post"}],"author":[{"embeddable":true,"href":"https:\/\/www.organisator.ch\/fr\/wp-json\/wp\/v2\/users\/4"}],"replies":[{"embeddable":true,"href":"https:\/\/www.organisator.ch\/fr\/wp-json\/wp\/v2\/comments?post=21073"}],"version-history":[{"count":1,"href":"https:\/\/www.organisator.ch\/fr\/wp-json\/wp\/v2\/posts\/21073\/revisions"}],"predecessor-version":[{"id":21076,"href":"https:\/\/www.organisator.ch\/fr\/wp-json\/wp\/v2\/posts\/21073\/revisions\/21076"}],"wp:featuredmedia":[{"embeddable":true,"href":"https:\/\/www.organisator.ch\/fr\/wp-json\/wp\/v2\/media\/21074"}],"wp:attachment":[{"href":"https:\/\/www.organisator.ch\/fr\/wp-json\/wp\/v2\/media?parent=21073"}],"wp:term":[{"taxonomy":"category","embeddable":true,"href":"https:\/\/www.organisator.ch\/fr\/wp-json\/wp\/v2\/categories?post=21073"},{"taxonomy":"post_tag","embeddable":true,"href":"https:\/\/www.organisator.ch\/fr\/wp-json\/wp\/v2\/tags?post=21073"}],"curies":[{"name":"wp","href":"https:\/\/api.w.org\/{rel}","templated":true}]}}