{"id":21108,"date":"2023-08-03T14:38:54","date_gmt":"2023-08-03T12:38:54","guid":{"rendered":"https:\/\/www.m-q.ch\/?p=18378"},"modified":"2024-11-15T04:41:25","modified_gmt":"2024-11-15T03:41:25","slug":"lean-agile-transformation-acht-schluesselfaktoren","status":"publish","type":"post","link":"https:\/\/www.organisator.ch\/fr\/operational-excellence\/2023-08-03\/lean-agile-transformation-acht-schluesselfaktoren\/","title":{"rendered":"Transformation Lean-Agile : huit facteurs cl\u00e9s"},"content":{"rendered":"<figure id=\"attachment_18379\" class=\"wp-caption alignnone\" style=\"width: 680px\" aria-describedby=\"caption-attachment-18379\"><img class=\"alignnone wp-image-18379 size-full\" src=\"https:\/\/www.m-q.ch\/wp-content\/uploads\/2023\/08\/Lean-Agile-Transformation-Acht-Schluesselfaktoren_MQ.jpg\" alt=\"Transformation Lean-Agile\" width=\"680\" height=\"453\" \/>\r\n<figcaption id=\"caption-attachment-18379\" class=\"wp-caption-text\">Comment r\u00e9ussir une transformation Lean-Agile ? Un expert cite huit enseignements cl\u00e9s. (Image : Pexels)<\/figcaption>\r\n<\/figure>\r\n<p>Dans un environnement de march\u00e9 marqu\u00e9 par des changements constants, l'agilit\u00e9 s'av\u00e8re \u00eatre un outil important pour beaucoup : un feedback r\u00e9gulier, des it\u00e9rations courtes, une d\u00e9tection et une correction pr\u00e9coces des erreurs et l'autonomie conduisent \u00e0 des r\u00e9sultats de premier ordre. Ce qui semble s\u00e9duisant en th\u00e9orie, de plus en plus d'entreprises le mettent en pratique - et \u00e9chouent lamentablement. Les facteurs cl\u00e9s suivants permettent de mieux ma\u00eetriser l'agilit\u00e9 :<\/p>\r\n<h3><b><span style=\"color: black\">1. la compr\u00e9hension comme fondement<\/span><\/b><\/h3>\r\n<p style=\"margin: 0cm\"><span style=\"color: black\">Comprendre d'abord, agir ensuite. Celui qui se propose d'int\u00e9grer des m\u00e9thodes agiles doit en premier lieu reconna\u00eetre que celles-ci ne constituent pas une taille unique : Elles d\u00e9pendent du secteur, de la culture d'entreprise, des collaborateurs et des besoins individuels.<\/span> D\u00e9fis \u00e0 relever.<span style=\"color: black\"> Ce qui fonctionne chez les concurrents ne montre pas automatiquement la voie \u00e0 suivre pour son propre succ\u00e8s. Edgar Ehlers, fondateur de la <a href=\"https:\/\/ee-factor.de\/startseite\">ee factor agile consulting GmbH<\/a>, sait ce qui est important : \"L'agilit\u00e9 est synonyme d'adaptabilit\u00e9, de flexibilit\u00e9 et de r\u00e9action directe aux changements - surtout, la mise en \u0153uvre ne repr\u00e9sente pas une tendance \u00e9ph\u00e9m\u00e8re, mais un processus continu\". Les entreprises utilisent les m\u00e9thodes agiles comme un outil et apprennent \u00e0 les poursuivre \u00e0 long terme ainsi que de mani\u00e8re autonome afin de ma\u00eetriser le rythme effr\u00e9n\u00e9 actuel.<\/span><\/p>\r\n<h3>2. analyser la situation et fixer des objectifs<\/h3>\r\n<p>Verbaliser les forces, identifier les faiblesses et formuler les objectifs - quiconque souhaite conduire une entreprise vers l'agilit\u00e9 ne peut faire l'\u00e9conomie d'une analyse rigoureuse de la situation actuelle. Une \u00e9tude approfondie des cultures d'entreprise, des hi\u00e9rarchies, des structures de communication et des processus de travail renforce les bases de la restructuration. \"Qu'il s'agisse d'accro\u00eetre l'efficacit\u00e9, d'am\u00e9liorer la capacit\u00e9 d'innovation ou d'augmenter l'engagement des collaborateurs, les entreprises doivent d\u00e9finir au pr\u00e9alable les objectifs qu'elles poursuivent avec les m\u00e9thodes agiles et r\u00e9fl\u00e9chir aux besoins ou aux d\u00e9fis qu'elles rencontreront en chemin\", explique Ehlers.<\/p>\r\n<h3>3. communication et transparence<\/h3>\r\n<p>Pourquoi une entreprise d\u00e9cide-t-elle de se restructurer pour devenir agile ? La r\u00e9ponse \u00e0 cette question doit \u00eatre communiqu\u00e9e de mani\u00e8re ouverte et transparente, notamment en interne. \"Toutes les \u00e9quipes sont inform\u00e9es au d\u00e9but des raisons et des avantages, ainsi qu'en continu des processus de d\u00e9cision et de l'avancement des projets - cela renforce la confiance et l'engagement des collaborateurs en ce qui concerne la mise en \u0153uvre\", explique le directeur de la soci\u00e9t\u00e9 de conseil en strat\u00e9gie agile ee factor. L'introduction de canaux et d'outils de communication plus efficaces favorise les \u00e9changes rapides et collaboratifs au sein de la communaut\u00e9 de travail. Des stand-up meetings r\u00e9guliers ainsi que des check-ins favorisent la collaboration. L'introduction de m\u00e9thodes agiles concerne \u00e9galement les clients, les partenaires commerciaux et le public - la communication des turnarounds \u00e0 venir ou en cours doit donc \u00e9galement se faire vers l'ext\u00e9rieur.<\/p>\r\n<h3>4. culture d'entreprise et changement de valeurs<\/h3>\r\n<p><span style=\"color: black\">Normes et attitudes dominantes <\/span><span style=\"color: black\">donnent le ton et influencent de mani\u00e8re d\u00e9terminante la culture de travail et d'entreprise. <\/span><span style=\"color: black\">Les directeurs se demandent souvent pourquoi les changements sont lents ou ne sont pas encore bien \u00e9tablis. La raison en est simple : Dans une entreprise, il y a souvent plusieurs <i>Courbes de changement<\/i> et chaque collaborateur se trouve sur sa propre courbe \u00e0 un point individuel. Alors que la direction agit d\u00e9j\u00e0 dans le sens de la nouvelle culture d'entreprise, certains collaborateurs ne se trouvent qu'au d\u00e9but de la courbe. Il en r\u00e9sulte des diff\u00e9rences qui sont le fruit d'une communication opaque. Pour assouplir les comportements et les proc\u00e9dures, il est recommand\u00e9 d'introduire des phases d'essai. Ces p\u00e9riodes servent de test pour les nouvelles m\u00e9thodes ou les nouveaux processus avant que les entreprises ne les mettent d\u00e9finitivement en \u0153uvre. De cette mani\u00e8re, le management sevre en douceur les collaborateurs des anciens sch\u00e9mas. Les projets pilotes permettent d'acqu\u00e9rir une premi\u00e8re exp\u00e9rience et d'obtenir des r\u00e9sultats gr\u00e2ce \u00e0 des m\u00e9thodes innovantes. <\/span><\/p>\r\n<h3><b><span style=\"color: black\">5. implication de la direction<\/span><\/b><\/h3>\r\n<p><span style=\"color: black\">Les processus agiles font bonne impression \u00e0 l'ext\u00e9rieur. Il arrive souvent que la direction de l'entreprise se pare d'agilit\u00e9, mais qu'elle n'investisse que peu d'\u00e9nergie dans la mise en \u0153uvre. Une surestimation de soi et un manque d'engagement font souvent obstacle \u00e0 l'abandon de mod\u00e8les hi\u00e9rarchiques et de structures organisationnelles d\u00e9pass\u00e9s depuis longtemps. <\/span><span style=\"color: black\">Dans les processus de transformation, c'est le niveau de direction qui donne le rythme - ce n'est qu'alors que l'ensemble de l'entreprise suit le mouvement. Afin de briser les hi\u00e9rarchies et de r\u00e9partir les responsabilit\u00e9s de mani\u00e8re \u00e9gale entre tous, les cadres passent d'un r\u00f4le passif \u00e0 un r\u00f4le actif : en plus de participer \u00e0 des formations, ils dirigent eux-m\u00eames des projets agiles et d\u00e9l\u00e8guent le pouvoir de d\u00e9cision \u00e0 des collaborateurs. <\/span><\/p>\r\n<h3><b><span style=\"color: black\">6. habilitation des collaborateurs<\/span><\/b><\/h3>\r\n<p style=\"margin: 0cm\"><span style=\"color: black\">Les routines confortables caract\u00e9risent le travail quotidien dans les bureaux allemands. De nombreux collaborateurs refusent d'\u00eatre contraints d'abandonner ce rythme, alors qu'ils ont une grande responsabilit\u00e9 dans les entreprises agiles. Sortir de sa propre zone de confort suscite des incertitudes, en particulier lorsqu'il n'existe pas de culture solide du feedback ou de l'erreur dans l'entreprise. Edgar Ehlers parle d'exp\u00e9rience : \"La peur de mal faire inhibe le potentiel des employ\u00e9s. Ce n'est qu'en encourageant une <i>Culture de l'am\u00e9lioration continue<\/i> permet de lever la rigidit\u00e9 : les collaborateurs apprennent ici que les erreurs font partie du processus d'apprentissage et modifient sans crainte leur attitude au travail. De <i>Erreur<\/i>la culture \u00e9volue <i>Apprendre<\/i>culture d'entreprise et les \u00e9checs donnent lieu \u00e0 de nouveaux apprentissages et \u00e0 une motivation accrue, ce qui augmente \u00e0 son tour l'engagement\". <\/span><\/p>\r\n<h3>7. formations continues r\u00e9guli\u00e8res<\/h3>\r\n<p>La stagnation et le manque de savoir-faire sont les plus grands facteurs d'\u00e9chec des m\u00e9thodes agiles. En moyenne, un cadre b\u00e9n\u00e9ficie de 1 \u00e0 3 jours de formation continue par an. C'est loin d'\u00eatre suffisant. Les collaborateurs et la direction de l'entreprise devraient donc participer \u00e0 des formations et \u00e0 des ateliers, en pr\u00e9paration et en accompagnement, afin de d\u00e9velopper les connaissances et la compr\u00e9hension n\u00e9cessaires. Pour obtenir une expertise objective et des exp\u00e9riences interdisciplinaires, il est recommand\u00e9 de faire appel \u00e0 des conseillers ou des formateurs externes, qui joueront un r\u00f4le de soutien jusqu'\u00e0 ce que l'entreprise soit en mesure de les assumer de mani\u00e8re autonome. Pour ce faire, la direction d\u00e9signe des \"agents du changement\" qui font office d'ambassadeurs de la transformation agile en interne. Ils assistent les autres collaborateurs de leurs conseils et de leurs actions afin d'\u00e9largir en permanence les connaissances et les comp\u00e9tences de tous.<\/p>\r\n<h3>8. patience et planification r\u00e9aliste du temps<\/h3>\r\n<p>Plus vite, plus haut, plus loin - celui qui aspire \u00e0 des changements veut, dans le meilleur des cas, obtenir des r\u00e9sultats le plus t\u00f4t possible. \"Pour \u00e9tablir l'agilit\u00e9 comme partie int\u00e9grante de la structure et de la culture organisationnelles, les entreprises doivent faire preuve de patience et avoir des attentes r\u00e9alistes\", sait Edgar Ehlers. \"L'introduction de m\u00e9thodes agiles n\u00e9cessite du temps pour que celles-ci puissent d\u00e9ployer tous leurs effets - ce n'est qu'ainsi que les entreprises parviennent \u00e0 mettre en \u0153uvre des m\u00e9thodes de travail sur le long terme et \u00e0 en tirer profit\". Pour mesurer les progr\u00e8s, il convient de r\u00e9fl\u00e9chir et de v\u00e9rifier r\u00e9guli\u00e8rement les m\u00e9thodes agiles. Cela permet d'identifier d'\u00e9ventuelles lacunes dans la strat\u00e9gie sur mesure et de proc\u00e9der \u00e0 d'\u00e9ventuelles adaptations ou \u00e9volutions.<\/p>\r\n<p>\u00a0<em>Source : <a href=\"https:\/\/ee-factor.de\/startseite\">ee factor<\/a><\/em><\/p>\n<p class=\"syndicated-attribution\">Cet article est paru initialement sur m-q.ch - <a href=\"https:\/\/www.m-q.ch\/de\/lean-agile-transformation-acht-schluesselfaktoren\/\" target=\"_blank\">https:\/\/www.m-q.ch\/de\/lean-agile-transformation-acht-schluesselfaktoren\/<\/a><\/p>","protected":false},"excerpt":{"rendered":"<p>Les m\u00e9thodes agiles sont centr\u00e9es sur le client et permettent, gr\u00e2ce \u00e0 cette orientation, de r\u00e9agir de mani\u00e8re flexible aux changements et de mettre en \u0153uvre des projets rapidement et efficacement. L'article suivant pr\u00e9sente huit enseignements cl\u00e9s pour une transformation Lean-Agile r\u00e9ussie.<\/p>","protected":false},"author":8,"featured_media":0,"comment_status":"closed","ping_status":"closed","sticky":false,"template":"","format":"standard","meta":{"_acf_changed":false,"_yoast_wpseo_focuskw":"Lean-Agile-Transformation","_yoast_wpseo_metadesc":"Erfolgreiche Lean-Agile-Transformation: Acht Schl\u00fcssel-Learnings f\u00fcr Unternehmen im Wandel.","articlekey":"","footnotes":""},"categories":[582],"tags":[],"class_list":["post-21108","post","type-post","status-publish","format-standard","hentry","category-operational-excellence"],"acf":[],"yoast_head":"<!-- This site is optimized with the Yoast SEO plugin v27.5 - https:\/\/yoast.com\/product\/yoast-seo-wordpress\/ -->\n<title>Lean-Agile-Transformation: Acht Schl\u00fcsselfaktoren - Organisator<\/title>\n<meta name=\"description\" content=\"Erfolgreiche Lean-Agile-Transformation: Acht Schl\u00fcssel-Learnings f\u00fcr Unternehmen im Wandel.\" \/>\n<meta name=\"robots\" content=\"index, follow, max-snippet:-1, max-image-preview:large, max-video-preview:-1\" \/>\n<link rel=\"canonical\" href=\"https:\/\/www.organisator.ch\/fr\/excellence-operationnelle\/2023-08-03\/lean-agile-transformation-acht-schluesselfaktoren\/\" \/>\n<meta property=\"og:locale\" content=\"fr_FR\" \/>\n<meta property=\"og:type\" content=\"article\" \/>\n<meta property=\"og:title\" content=\"Lean-Agile-Transformation: Acht Schl\u00fcsselfaktoren - Organisator\" \/>\n<meta property=\"og:description\" content=\"Erfolgreiche Lean-Agile-Transformation: Acht Schl\u00fcssel-Learnings f\u00fcr Unternehmen im Wandel.\" \/>\n<meta property=\"og:url\" content=\"https:\/\/www.organisator.ch\/fr\/excellence-operationnelle\/2023-08-03\/lean-agile-transformation-acht-schluesselfaktoren\/\" \/>\n<meta property=\"og:site_name\" content=\"Organisator\" \/>\n<meta property=\"article:publisher\" content=\"https:\/\/www.facebook.com\/OrganisatorFachmagazin\" \/>\n<meta property=\"article:published_time\" content=\"2023-08-03T12:38:54+00:00\" \/>\n<meta property=\"article:modified_time\" content=\"2024-11-15T03:41:25+00:00\" \/>\n<meta name=\"author\" content=\"galledia\" \/>\n<meta name=\"twitter:card\" content=\"summary_large_image\" \/>\n<meta name=\"twitter:creator\" content=\"@admin\" \/>\n<script type=\"application\/ld+json\" class=\"yoast-schema-graph\">{\"@context\":\"https:\\\/\\\/schema.org\",\"@graph\":[{\"@type\":\"Article\",\"@id\":\"https:\\\/\\\/www.organisator.ch\\\/operational-excellence\\\/2023-08-03\\\/lean-agile-transformation-acht-schluesselfaktoren\\\/#article\",\"isPartOf\":{\"@id\":\"https:\\\/\\\/www.organisator.ch\\\/operational-excellence\\\/2023-08-03\\\/lean-agile-transformation-acht-schluesselfaktoren\\\/\"},\"author\":{\"name\":\"galledia\",\"@id\":\"https:\\\/\\\/www.organisator.ch\\\/#\\\/schema\\\/person\\\/4e51799071cd2dd1232ac003643ef5f0\"},\"headline\":\"Lean-Agile-Transformation: Acht Schl\u00fcsselfaktoren\",\"datePublished\":\"2023-08-03T12:38:54+00:00\",\"dateModified\":\"2024-11-15T03:41:25+00:00\",\"mainEntityOfPage\":{\"@id\":\"https:\\\/\\\/www.organisator.ch\\\/operational-excellence\\\/2023-08-03\\\/lean-agile-transformation-acht-schluesselfaktoren\\\/\"},\"wordCount\":1048,\"publisher\":{\"@id\":\"https:\\\/\\\/www.organisator.ch\\\/#organization\"},\"image\":{\"@id\":\"https:\\\/\\\/www.organisator.ch\\\/operational-excellence\\\/2023-08-03\\\/lean-agile-transformation-acht-schluesselfaktoren\\\/#primaryimage\"},\"thumbnailUrl\":\"https:\\\/\\\/www.m-q.ch\\\/wp-content\\\/uploads\\\/2023\\\/08\\\/Lean-Agile-Transformation-Acht-Schluesselfaktoren_MQ.jpg\",\"articleSection\":[\"OPERATIONAL EXCELLENCE\"],\"inLanguage\":\"fr-FR\"},{\"@type\":\"WebPage\",\"@id\":\"https:\\\/\\\/www.organisator.ch\\\/operational-excellence\\\/2023-08-03\\\/lean-agile-transformation-acht-schluesselfaktoren\\\/\",\"url\":\"https:\\\/\\\/www.organisator.ch\\\/operational-excellence\\\/2023-08-03\\\/lean-agile-transformation-acht-schluesselfaktoren\\\/\",\"name\":\"Lean-Agile-Transformation: Acht Schl\u00fcsselfaktoren - Organisator\",\"isPartOf\":{\"@id\":\"https:\\\/\\\/www.organisator.ch\\\/#website\"},\"primaryImageOfPage\":{\"@id\":\"https:\\\/\\\/www.organisator.ch\\\/operational-excellence\\\/2023-08-03\\\/lean-agile-transformation-acht-schluesselfaktoren\\\/#primaryimage\"},\"image\":{\"@id\":\"https:\\\/\\\/www.organisator.ch\\\/operational-excellence\\\/2023-08-03\\\/lean-agile-transformation-acht-schluesselfaktoren\\\/#primaryimage\"},\"thumbnailUrl\":\"https:\\\/\\\/www.m-q.ch\\\/wp-content\\\/uploads\\\/2023\\\/08\\\/Lean-Agile-Transformation-Acht-Schluesselfaktoren_MQ.jpg\",\"datePublished\":\"2023-08-03T12:38:54+00:00\",\"dateModified\":\"2024-11-15T03:41:25+00:00\",\"description\":\"Erfolgreiche Lean-Agile-Transformation: Acht Schl\u00fcssel-Learnings f\u00fcr Unternehmen im Wandel.\",\"breadcrumb\":{\"@id\":\"https:\\\/\\\/www.organisator.ch\\\/operational-excellence\\\/2023-08-03\\\/lean-agile-transformation-acht-schluesselfaktoren\\\/#breadcrumb\"},\"inLanguage\":\"fr-FR\",\"potentialAction\":[{\"@type\":\"ReadAction\",\"target\":[\"https:\\\/\\\/www.organisator.ch\\\/operational-excellence\\\/2023-08-03\\\/lean-agile-transformation-acht-schluesselfaktoren\\\/\"]}]},{\"@type\":\"ImageObject\",\"inLanguage\":\"fr-FR\",\"@id\":\"https:\\\/\\\/www.organisator.ch\\\/operational-excellence\\\/2023-08-03\\\/lean-agile-transformation-acht-schluesselfaktoren\\\/#primaryimage\",\"url\":\"https:\\\/\\\/www.m-q.ch\\\/wp-content\\\/uploads\\\/2023\\\/08\\\/Lean-Agile-Transformation-Acht-Schluesselfaktoren_MQ.jpg\",\"contentUrl\":\"https:\\\/\\\/www.m-q.ch\\\/wp-content\\\/uploads\\\/2023\\\/08\\\/Lean-Agile-Transformation-Acht-Schluesselfaktoren_MQ.jpg\"},{\"@type\":\"BreadcrumbList\",\"@id\":\"https:\\\/\\\/www.organisator.ch\\\/operational-excellence\\\/2023-08-03\\\/lean-agile-transformation-acht-schluesselfaktoren\\\/#breadcrumb\",\"itemListElement\":[{\"@type\":\"ListItem\",\"position\":1,\"name\":\"Home\",\"item\":\"https:\\\/\\\/www.organisator.ch\\\/\"},{\"@type\":\"ListItem\",\"position\":2,\"name\":\"Lean-Agile-Transformation: Acht Schl\u00fcsselfaktoren\"}]},{\"@type\":\"WebSite\",\"@id\":\"https:\\\/\\\/www.organisator.ch\\\/#website\",\"url\":\"https:\\\/\\\/www.organisator.ch\\\/\",\"name\":\"Organisator\",\"description\":\"Kompetent. Praxisnah. Der ORGANISATOR bereitet in 10 Ausgaben pro Jahr die wesentlichen Themen f\u00fcr F\u00fchrungskr\u00e4fte von KMU auf.\",\"publisher\":{\"@id\":\"https:\\\/\\\/www.organisator.ch\\\/#organization\"},\"potentialAction\":[{\"@type\":\"SearchAction\",\"target\":{\"@type\":\"EntryPoint\",\"urlTemplate\":\"https:\\\/\\\/www.organisator.ch\\\/?s={search_term_string}\"},\"query-input\":{\"@type\":\"PropertyValueSpecification\",\"valueRequired\":true,\"valueName\":\"search_term_string\"}}],\"inLanguage\":\"fr-FR\"},{\"@type\":\"Organization\",\"@id\":\"https:\\\/\\\/www.organisator.ch\\\/#organization\",\"name\":\"Organisator\",\"url\":\"https:\\\/\\\/www.organisator.ch\\\/\",\"logo\":{\"@type\":\"ImageObject\",\"inLanguage\":\"fr-FR\",\"@id\":\"https:\\\/\\\/www.organisator.ch\\\/#\\\/schema\\\/logo\\\/image\\\/\",\"url\":\"https:\\\/\\\/www.organisator.ch\\\/wp-content\\\/uploads\\\/2022\\\/01\\\/Logo_Organisator_Website.png\",\"contentUrl\":\"https:\\\/\\\/www.organisator.ch\\\/wp-content\\\/uploads\\\/2022\\\/01\\\/Logo_Organisator_Website.png\",\"width\":800,\"height\":77,\"caption\":\"Organisator\"},\"image\":{\"@id\":\"https:\\\/\\\/www.organisator.ch\\\/#\\\/schema\\\/logo\\\/image\\\/\"},\"sameAs\":[\"https:\\\/\\\/www.facebook.com\\\/OrganisatorFachmagazin\",\"https:\\\/\\\/www.linkedin.com\\\/showcase\\\/organisator-das-magazin-fr-kmu\",\"https:\\\/\\\/www.xing.com\\\/news\\\/pages\\\/organisator-ch-695\",\"https:\\\/\\\/www.youtube.com\\\/channel\\\/UCGP2Sq0iWaZwT3BdIAQFYpw\"]},{\"@type\":\"Person\",\"@id\":\"https:\\\/\\\/www.organisator.ch\\\/#\\\/schema\\\/person\\\/4e51799071cd2dd1232ac003643ef5f0\",\"name\":\"galledia\",\"image\":{\"@type\":\"ImageObject\",\"inLanguage\":\"fr-FR\",\"@id\":\"https:\\\/\\\/secure.gravatar.com\\\/avatar\\\/78a7f90c01fc2bfc875782a0d4922b37cde2cf184ce347b91316d23cd7f69a36?s=96&d=mm&r=g\",\"url\":\"https:\\\/\\\/secure.gravatar.com\\\/avatar\\\/78a7f90c01fc2bfc875782a0d4922b37cde2cf184ce347b91316d23cd7f69a36?s=96&d=mm&r=g\",\"contentUrl\":\"https:\\\/\\\/secure.gravatar.com\\\/avatar\\\/78a7f90c01fc2bfc875782a0d4922b37cde2cf184ce347b91316d23cd7f69a36?s=96&d=mm&r=g\",\"caption\":\"galledia\"},\"sameAs\":[\"https:\\\/\\\/x.com\\\/admin\"],\"url\":\"https:\\\/\\\/www.organisator.ch\\\/fr\\\/author\\\/galledia\\\/\"}]}<\/script>\n<!-- \/ Yoast SEO plugin. -->","yoast_head_json":{"title":"Transformation Lean-Agile : huit facteurs cl\u00e9s - Organisateur","description":"R\u00e9ussir la transformation Lean-Agile : huit apprentissages cl\u00e9s pour les entreprises en mutation.","robots":{"index":"index","follow":"follow","max-snippet":"max-snippet:-1","max-image-preview":"max-image-preview:large","max-video-preview":"max-video-preview:-1"},"canonical":"https:\/\/www.organisator.ch\/fr\/excellence-operationnelle\/2023-08-03\/lean-agile-transformation-acht-schluesselfaktoren\/","og_locale":"fr_FR","og_type":"article","og_title":"Lean-Agile-Transformation: Acht Schl\u00fcsselfaktoren - Organisator","og_description":"Erfolgreiche Lean-Agile-Transformation: Acht Schl\u00fcssel-Learnings f\u00fcr Unternehmen im Wandel.","og_url":"https:\/\/www.organisator.ch\/fr\/excellence-operationnelle\/2023-08-03\/lean-agile-transformation-acht-schluesselfaktoren\/","og_site_name":"Organisator","article_publisher":"https:\/\/www.facebook.com\/OrganisatorFachmagazin","article_published_time":"2023-08-03T12:38:54+00:00","article_modified_time":"2024-11-15T03:41:25+00:00","author":"galledia","twitter_card":"summary_large_image","twitter_creator":"@admin","schema":{"@context":"https:\/\/schema.org","@graph":[{"@type":"Article","@id":"https:\/\/www.organisator.ch\/operational-excellence\/2023-08-03\/lean-agile-transformation-acht-schluesselfaktoren\/#article","isPartOf":{"@id":"https:\/\/www.organisator.ch\/operational-excellence\/2023-08-03\/lean-agile-transformation-acht-schluesselfaktoren\/"},"author":{"name":"galledia","@id":"https:\/\/www.organisator.ch\/#\/schema\/person\/4e51799071cd2dd1232ac003643ef5f0"},"headline":"Lean-Agile-Transformation: Acht Schl\u00fcsselfaktoren","datePublished":"2023-08-03T12:38:54+00:00","dateModified":"2024-11-15T03:41:25+00:00","mainEntityOfPage":{"@id":"https:\/\/www.organisator.ch\/operational-excellence\/2023-08-03\/lean-agile-transformation-acht-schluesselfaktoren\/"},"wordCount":1048,"publisher":{"@id":"https:\/\/www.organisator.ch\/#organization"},"image":{"@id":"https:\/\/www.organisator.ch\/operational-excellence\/2023-08-03\/lean-agile-transformation-acht-schluesselfaktoren\/#primaryimage"},"thumbnailUrl":"https:\/\/www.m-q.ch\/wp-content\/uploads\/2023\/08\/Lean-Agile-Transformation-Acht-Schluesselfaktoren_MQ.jpg","articleSection":["OPERATIONAL EXCELLENCE"],"inLanguage":"fr-FR"},{"@type":"WebPage","@id":"https:\/\/www.organisator.ch\/operational-excellence\/2023-08-03\/lean-agile-transformation-acht-schluesselfaktoren\/","url":"https:\/\/www.organisator.ch\/operational-excellence\/2023-08-03\/lean-agile-transformation-acht-schluesselfaktoren\/","name":"Transformation Lean-Agile : huit facteurs cl\u00e9s - Organisateur","isPartOf":{"@id":"https:\/\/www.organisator.ch\/#website"},"primaryImageOfPage":{"@id":"https:\/\/www.organisator.ch\/operational-excellence\/2023-08-03\/lean-agile-transformation-acht-schluesselfaktoren\/#primaryimage"},"image":{"@id":"https:\/\/www.organisator.ch\/operational-excellence\/2023-08-03\/lean-agile-transformation-acht-schluesselfaktoren\/#primaryimage"},"thumbnailUrl":"https:\/\/www.m-q.ch\/wp-content\/uploads\/2023\/08\/Lean-Agile-Transformation-Acht-Schluesselfaktoren_MQ.jpg","datePublished":"2023-08-03T12:38:54+00:00","dateModified":"2024-11-15T03:41:25+00:00","description":"R\u00e9ussir la transformation Lean-Agile : huit apprentissages cl\u00e9s pour les entreprises en mutation.","breadcrumb":{"@id":"https:\/\/www.organisator.ch\/operational-excellence\/2023-08-03\/lean-agile-transformation-acht-schluesselfaktoren\/#breadcrumb"},"inLanguage":"fr-FR","potentialAction":[{"@type":"ReadAction","target":["https:\/\/www.organisator.ch\/operational-excellence\/2023-08-03\/lean-agile-transformation-acht-schluesselfaktoren\/"]}]},{"@type":"ImageObject","inLanguage":"fr-FR","@id":"https:\/\/www.organisator.ch\/operational-excellence\/2023-08-03\/lean-agile-transformation-acht-schluesselfaktoren\/#primaryimage","url":"https:\/\/www.m-q.ch\/wp-content\/uploads\/2023\/08\/Lean-Agile-Transformation-Acht-Schluesselfaktoren_MQ.jpg","contentUrl":"https:\/\/www.m-q.ch\/wp-content\/uploads\/2023\/08\/Lean-Agile-Transformation-Acht-Schluesselfaktoren_MQ.jpg"},{"@type":"BreadcrumbList","@id":"https:\/\/www.organisator.ch\/operational-excellence\/2023-08-03\/lean-agile-transformation-acht-schluesselfaktoren\/#breadcrumb","itemListElement":[{"@type":"ListItem","position":1,"name":"Home","item":"https:\/\/www.organisator.ch\/"},{"@type":"ListItem","position":2,"name":"Lean-Agile-Transformation: Acht Schl\u00fcsselfaktoren"}]},{"@type":"WebSite","@id":"https:\/\/www.organisator.ch\/#website","url":"https:\/\/www.organisator.ch\/","name":"Organisateur","description":"Comp\u00e9tence et comp\u00e9tence. Proches de la pratique. L'ORGANISATEUR pr\u00e9pare 10 num\u00e9ros par an sur les th\u00e8mes essentiels pour les dirigeants de PME.","publisher":{"@id":"https:\/\/www.organisator.ch\/#organization"},"potentialAction":[{"@type":"SearchAction","target":{"@type":"EntryPoint","urlTemplate":"https:\/\/www.organisator.ch\/?s={search_term_string}"},"query-input":{"@type":"PropertyValueSpecification","valueRequired":true,"valueName":"search_term_string"}}],"inLanguage":"fr-FR"},{"@type":"Organization","@id":"https:\/\/www.organisator.ch\/#organization","name":"Organisateur","url":"https:\/\/www.organisator.ch\/","logo":{"@type":"ImageObject","inLanguage":"fr-FR","@id":"https:\/\/www.organisator.ch\/#\/schema\/logo\/image\/","url":"https:\/\/www.organisator.ch\/wp-content\/uploads\/2022\/01\/Logo_Organisator_Website.png","contentUrl":"https:\/\/www.organisator.ch\/wp-content\/uploads\/2022\/01\/Logo_Organisator_Website.png","width":800,"height":77,"caption":"Organisator"},"image":{"@id":"https:\/\/www.organisator.ch\/#\/schema\/logo\/image\/"},"sameAs":["https:\/\/www.facebook.com\/OrganisatorFachmagazin","https:\/\/www.linkedin.com\/showcase\/organisator-das-magazin-fr-kmu","https:\/\/www.xing.com\/news\/pages\/organisator-ch-695","https:\/\/www.youtube.com\/channel\/UCGP2Sq0iWaZwT3BdIAQFYpw"]},{"@type":"Person","@id":"https:\/\/www.organisator.ch\/#\/schema\/person\/4e51799071cd2dd1232ac003643ef5f0","name":"galledia","image":{"@type":"ImageObject","inLanguage":"fr-FR","@id":"https:\/\/secure.gravatar.com\/avatar\/78a7f90c01fc2bfc875782a0d4922b37cde2cf184ce347b91316d23cd7f69a36?s=96&d=mm&r=g","url":"https:\/\/secure.gravatar.com\/avatar\/78a7f90c01fc2bfc875782a0d4922b37cde2cf184ce347b91316d23cd7f69a36?s=96&d=mm&r=g","contentUrl":"https:\/\/secure.gravatar.com\/avatar\/78a7f90c01fc2bfc875782a0d4922b37cde2cf184ce347b91316d23cd7f69a36?s=96&d=mm&r=g","caption":"galledia"},"sameAs":["https:\/\/x.com\/admin"],"url":"https:\/\/www.organisator.ch\/fr\/author\/galledia\/"}]}},"_links":{"self":[{"href":"https:\/\/www.organisator.ch\/fr\/wp-json\/wp\/v2\/posts\/21108","targetHints":{"allow":["GET"]}}],"collection":[{"href":"https:\/\/www.organisator.ch\/fr\/wp-json\/wp\/v2\/posts"}],"about":[{"href":"https:\/\/www.organisator.ch\/fr\/wp-json\/wp\/v2\/types\/post"}],"author":[{"embeddable":true,"href":"https:\/\/www.organisator.ch\/fr\/wp-json\/wp\/v2\/users\/8"}],"replies":[{"embeddable":true,"href":"https:\/\/www.organisator.ch\/fr\/wp-json\/wp\/v2\/comments?post=21108"}],"version-history":[{"count":3,"href":"https:\/\/www.organisator.ch\/fr\/wp-json\/wp\/v2\/posts\/21108\/revisions"}],"predecessor-version":[{"id":32999,"href":"https:\/\/www.organisator.ch\/fr\/wp-json\/wp\/v2\/posts\/21108\/revisions\/32999"}],"wp:attachment":[{"href":"https:\/\/www.organisator.ch\/fr\/wp-json\/wp\/v2\/media?parent=21108"}],"wp:term":[{"taxonomy":"category","embeddable":true,"href":"https:\/\/www.organisator.ch\/fr\/wp-json\/wp\/v2\/categories?post=21108"},{"taxonomy":"post_tag","embeddable":true,"href":"https:\/\/www.organisator.ch\/fr\/wp-json\/wp\/v2\/tags?post=21108"}],"curies":[{"name":"wp","href":"https:\/\/api.w.org\/{rel}","templated":true}]}}