{"id":21111,"date":"2023-08-03T16:45:30","date_gmt":"2023-08-03T14:45:30","guid":{"rendered":"https:\/\/www.werbewoche.ch\/?p=200777"},"modified":"2024-11-15T04:38:55","modified_gmt":"2024-11-15T03:38:55","slug":"auf-und-absteiger-im-schweizer-reputations-ranking","status":"publish","type":"post","link":"https:\/\/www.organisator.ch\/fr\/marketing\/2023-08-03\/auf-und-absteiger-im-schweizer-reputations-ranking\/","title":{"rendered":"Promotion et rel\u00e9gation dans le classement suisse des r\u00e9putations"},"content":{"rendered":"<p><img class=\"alignnone size-full wp-image-200781\" src=\"https:\/\/www.werbewoche.ch\/wp-content\/uploads\/2023\/08\/Coverbild-Swiss-Reputation-Ranking-2023.png\" alt=\"\" width=\"1024\" height=\"768\" \/><\/p>\r\n<p>La r\u00e9putation des 20 entreprises du SMI en Suisse montre une forte dynamique au premier semestre 2023. Holcim est en t\u00eate du classement et a gagn\u00e9 6 places, suivi par ABB \u00e0 la deuxi\u00e8me place. K\u00fchne+Nagel, en tant que nouveau venu, a surpris tout le monde et s'est imm\u00e9diatement assur\u00e9 la troisi\u00e8me place. Partners Group et Nestl\u00e9 ont connu un semestre m\u00e9diatique difficile, tandis qu'UBS, tr\u00e8s pr\u00e9sente mais avec une couverture m\u00e9diatique probl\u00e9matique, s'est class\u00e9e 17e.<\/p>\r\n<p>Le classement montre qu'une bonne r\u00e9putation se gagne \u00e0 la sueur de son front, comme l'illustrent les bonds de Holcim, ABB, Richemont et Lonza. En revanche, Nestl\u00e9 et Partners Group ont d\u00e9gringol\u00e9 dans le classement en raison de probl\u00e8mes. L'analyse s'est bas\u00e9e sur plus de 120'000 d\u00e9clarations avec une analyse de texte assist\u00e9e par IA.<\/p>\r\n<p><img class=\"alignnone wp-image-200779 size-full\" src=\"https:\/\/www.werbewoche.ch\/wp-content\/uploads\/2023\/08\/Reputations-Ranking-2023-der-20-SMI-Firmen-.png\" alt=\"R\u00e9putation des entreprises du SMI\" width=\"1907\" height=\"1067\" \/><\/p>\r\n<p>La seule pr\u00e9sence m\u00e9diatique ne conduit pas n\u00e9cessairement \u00e0 une forte r\u00e9putation. UBS a certes b\u00e9n\u00e9fici\u00e9 d'une couverture m\u00e9diatique importante, mais a surtout fait l'objet de gros titres n\u00e9gatifs. En revanche, K\u00fchne+Nagel a atteint la troisi\u00e8me place malgr\u00e9 une pr\u00e9sence m\u00e9diatique moindre, car elle a \u00e9t\u00e9 per\u00e7ue positivement sur des th\u00e8mes pertinents.<\/p>\r\n<p>Le d\u00e9veloppement durable est un moteur important pour une r\u00e9putation solide. Malgr\u00e9 une l\u00e9g\u00e8re perte, Swisscom a conserv\u00e9 sa place de leader dans ce domaine. La concurrence dans les th\u00e8mes du d\u00e9veloppement durable s'est accrue, avec huit entreprises qui ont obtenu une note \u00e9lev\u00e9e. Sonova s'est assur\u00e9 la meilleure note dans le domaine du \"management\".<\/p>\r\n<p>Une forte r\u00e9putation m\u00e9diatique est un signe de communication r\u00e9ussie. Les entreprises du SMI doivent r\u00e9guli\u00e8rement rendre compte de la marche de leurs affaires et r\u00e9agir aux \u00e9v\u00e9nements externes. Une communication optimale des th\u00e8mes pertinents conduit \u00e0 une r\u00e9putation m\u00e9diatique positive et influence la perception de l'entreprise par diff\u00e9rents groupes de parties prenantes.<\/p>\r\n<hr \/>\r\n<p><strong>C'est ainsi que les mesures ont \u00e9t\u00e9 prises :<\/strong> Les donn\u00e9es utilis\u00e9es pour le SWISS REPUTATION TOP 20 sont toutes les contributions en allemand et en fran\u00e7ais sur les entreprises du SMI dans les sources publiques suisses en ligne (m\u00e9dias journalistiques en ligne, portails d'information, sites web, blogs, YouTube, Twitter, Facebook et autres). Pour calculer la r\u00e9putation, on utilise une analyse de texte sophistiqu\u00e9e, bas\u00e9e sur l'IA. Cet algorithme sp\u00e9cialement entra\u00een\u00e9 \u00e9value - apr\u00e8s un filtrage pr\u00e9alable de toutes les contributions m\u00e9diatiques des entreprises s\u00e9lectionn\u00e9es - les d\u00e9clarations sur le plan s\u00e9mantique et les attribue aux cinq dimensions th\u00e9matiques de la r\u00e9putation : produits &amp; innovation, rentabilit\u00e9, durabilit\u00e9, management et employeur. Une r\u00e9putation forte est celle qui allie pr\u00e9sence m\u00e9diatique et tonalit\u00e9 positive dans tous les domaines. La meilleure entreprise de chaque dimension re\u00e7oit la valeur d'indice 100, sur laquelle se basent les r\u00e9sultats des autres entreprises. Les performances dans les diff\u00e9rentes dimensions sont indiqu\u00e9es par un score en \u00e9toiles.<\/p>\r\n<hr \/>\r\n<p><strong>A propos de swissreputation.group et de l'IMWF : <\/strong>Le swissreputation.group, dont le si\u00e8ge est \u00e0 Zurich, est une entreprise de conseil sp\u00e9cialis\u00e9e dans l'analyse des m\u00e9dias par IA, l'analyse des parties prenantes et la mesure de la r\u00e9putation. Les programmes de mesure constituent les bases permettant aux entreprises de mieux comprendre leurs parties prenantes, de miser sur les th\u00e8mes strat\u00e9giques appropri\u00e9s, de g\u00e9rer efficacement leur communication et d'obtenir ainsi des r\u00e9sultats. Avec son offre multi-m\u00e9thodes, swissreputation.group est le sp\u00e9cialiste leader de la communication et de la r\u00e9putation pilot\u00e9es par les donn\u00e9es. Depuis 2013, l'institut IMWF se consacre \u00e0 l'analyse de quantit\u00e9s extr\u00eamement importantes de donn\u00e9es issues des actualit\u00e9s en ligne et des m\u00e9dias sociaux \u00e0 l'aide de l'intelligence artificielle (IA). L'IA est le game changer de la communication d'entreprise et du marketing - et l'IMWF fait partie des principaux sp\u00e9cialistes europ\u00e9ens dans ce domaine. L'entreprise a son si\u00e8ge \u00e0 Hambourg et des \u00e9quipes d'analystes \u00e0 Leipzig, Vienne et, depuis 2022, \u00e0 Zurich.<\/p>","protected":false},"excerpt":{"rendered":"<p>Le premier semestre 2023 a vu d'importants changements dans la r\u00e9putation des 20 entreprises du SMI en Suisse. Holcim et ABB ont gagn\u00e9 6 places, tandis que K\u00fchne+Nagel, nouveau venu, s'est directement hiss\u00e9 \u00e0 la 3e place.<\/p>","protected":false},"author":8,"featured_media":0,"comment_status":"closed","ping_status":"closed","sticky":false,"template":"","format":"standard","meta":{"_acf_changed":false,"_yoast_wpseo_focuskw":"SMI-Unternehmen Reputation","_yoast_wpseo_metadesc":"Holcim f\u00fchrt SMI-Reputation 2023. ABB auf Platz 2. Nachhaltigkeit und starke Medienpr\u00e4senz sind entscheidend.","articlekey":"","footnotes":""},"categories":[29],"tags":[3856,3859],"class_list":["post-21111","post","type-post","status-publish","format-standard","hentry","category-marketing","tag-imwf","tag-swissreputation-group"],"acf":[],"yoast_head":"<!-- This site is optimized with the Yoast SEO plugin v27.4 - https:\/\/yoast.com\/product\/yoast-seo-wordpress\/ -->\n<title>Auf- und Absteiger im Schweizer Reputations-Ranking - Organisator<\/title>\n<meta name=\"description\" content=\"Holcim f\u00fchrt SMI-Reputation 2023. ABB auf Platz 2. Nachhaltigkeit und starke Medienpr\u00e4senz sind entscheidend.\" \/>\n<meta name=\"robots\" content=\"index, follow, max-snippet:-1, max-image-preview:large, max-video-preview:-1\" \/>\n<link rel=\"canonical\" href=\"https:\/\/www.organisator.ch\/fr\/marketing\/2023-08-03\/auf-und-absteiger-im-schweizer-reputations-ranking\/\" \/>\n<meta property=\"og:locale\" content=\"fr_FR\" \/>\n<meta property=\"og:type\" content=\"article\" \/>\n<meta property=\"og:title\" content=\"Auf- und Absteiger im Schweizer Reputations-Ranking - Organisator\" \/>\n<meta property=\"og:description\" content=\"Holcim f\u00fchrt SMI-Reputation 2023. ABB auf Platz 2. Nachhaltigkeit und starke Medienpr\u00e4senz sind entscheidend.\" \/>\n<meta property=\"og:url\" content=\"https:\/\/www.organisator.ch\/fr\/marketing\/2023-08-03\/auf-und-absteiger-im-schweizer-reputations-ranking\/\" \/>\n<meta property=\"og:site_name\" content=\"Organisator\" \/>\n<meta property=\"article:publisher\" content=\"https:\/\/www.facebook.com\/OrganisatorFachmagazin\" \/>\n<meta property=\"article:published_time\" content=\"2023-08-03T14:45:30+00:00\" \/>\n<meta property=\"article:modified_time\" content=\"2024-11-15T03:38:55+00:00\" \/>\n<meta name=\"author\" content=\"galledia\" \/>\n<meta name=\"twitter:card\" content=\"summary_large_image\" \/>\n<meta name=\"twitter:creator\" content=\"@admin\" \/>\n<script type=\"application\/ld+json\" class=\"yoast-schema-graph\">{\"@context\":\"https:\\\/\\\/schema.org\",\"@graph\":[{\"@type\":\"Article\",\"@id\":\"https:\\\/\\\/www.organisator.ch\\\/marketing\\\/2023-08-03\\\/auf-und-absteiger-im-schweizer-reputations-ranking\\\/#article\",\"isPartOf\":{\"@id\":\"https:\\\/\\\/www.organisator.ch\\\/marketing\\\/2023-08-03\\\/auf-und-absteiger-im-schweizer-reputations-ranking\\\/\"},\"author\":{\"name\":\"galledia\",\"@id\":\"https:\\\/\\\/www.organisator.ch\\\/#\\\/schema\\\/person\\\/4e51799071cd2dd1232ac003643ef5f0\"},\"headline\":\"Auf- und Absteiger im Schweizer Reputations-Ranking\",\"datePublished\":\"2023-08-03T14:45:30+00:00\",\"dateModified\":\"2024-11-15T03:38:55+00:00\",\"mainEntityOfPage\":{\"@id\":\"https:\\\/\\\/www.organisator.ch\\\/marketing\\\/2023-08-03\\\/auf-und-absteiger-im-schweizer-reputations-ranking\\\/\"},\"wordCount\":512,\"publisher\":{\"@id\":\"https:\\\/\\\/www.organisator.ch\\\/#organization\"},\"image\":{\"@id\":\"https:\\\/\\\/www.organisator.ch\\\/marketing\\\/2023-08-03\\\/auf-und-absteiger-im-schweizer-reputations-ranking\\\/#primaryimage\"},\"thumbnailUrl\":\"https:\\\/\\\/www.werbewoche.ch\\\/wp-content\\\/uploads\\\/2023\\\/08\\\/Coverbild-Swiss-Reputation-Ranking-2023.png\",\"keywords\":[\"IMWF\",\"swissreputation.group\"],\"articleSection\":[\"MARKETING\"],\"inLanguage\":\"fr-FR\"},{\"@type\":\"WebPage\",\"@id\":\"https:\\\/\\\/www.organisator.ch\\\/marketing\\\/2023-08-03\\\/auf-und-absteiger-im-schweizer-reputations-ranking\\\/\",\"url\":\"https:\\\/\\\/www.organisator.ch\\\/marketing\\\/2023-08-03\\\/auf-und-absteiger-im-schweizer-reputations-ranking\\\/\",\"name\":\"Auf- und Absteiger im Schweizer Reputations-Ranking - Organisator\",\"isPartOf\":{\"@id\":\"https:\\\/\\\/www.organisator.ch\\\/#website\"},\"primaryImageOfPage\":{\"@id\":\"https:\\\/\\\/www.organisator.ch\\\/marketing\\\/2023-08-03\\\/auf-und-absteiger-im-schweizer-reputations-ranking\\\/#primaryimage\"},\"image\":{\"@id\":\"https:\\\/\\\/www.organisator.ch\\\/marketing\\\/2023-08-03\\\/auf-und-absteiger-im-schweizer-reputations-ranking\\\/#primaryimage\"},\"thumbnailUrl\":\"https:\\\/\\\/www.werbewoche.ch\\\/wp-content\\\/uploads\\\/2023\\\/08\\\/Coverbild-Swiss-Reputation-Ranking-2023.png\",\"datePublished\":\"2023-08-03T14:45:30+00:00\",\"dateModified\":\"2024-11-15T03:38:55+00:00\",\"description\":\"Holcim f\u00fchrt SMI-Reputation 2023. ABB auf Platz 2. Nachhaltigkeit und starke Medienpr\u00e4senz sind entscheidend.\",\"breadcrumb\":{\"@id\":\"https:\\\/\\\/www.organisator.ch\\\/marketing\\\/2023-08-03\\\/auf-und-absteiger-im-schweizer-reputations-ranking\\\/#breadcrumb\"},\"inLanguage\":\"fr-FR\",\"potentialAction\":[{\"@type\":\"ReadAction\",\"target\":[\"https:\\\/\\\/www.organisator.ch\\\/marketing\\\/2023-08-03\\\/auf-und-absteiger-im-schweizer-reputations-ranking\\\/\"]}]},{\"@type\":\"ImageObject\",\"inLanguage\":\"fr-FR\",\"@id\":\"https:\\\/\\\/www.organisator.ch\\\/marketing\\\/2023-08-03\\\/auf-und-absteiger-im-schweizer-reputations-ranking\\\/#primaryimage\",\"url\":\"https:\\\/\\\/www.werbewoche.ch\\\/wp-content\\\/uploads\\\/2023\\\/08\\\/Coverbild-Swiss-Reputation-Ranking-2023.png\",\"contentUrl\":\"https:\\\/\\\/www.werbewoche.ch\\\/wp-content\\\/uploads\\\/2023\\\/08\\\/Coverbild-Swiss-Reputation-Ranking-2023.png\"},{\"@type\":\"BreadcrumbList\",\"@id\":\"https:\\\/\\\/www.organisator.ch\\\/marketing\\\/2023-08-03\\\/auf-und-absteiger-im-schweizer-reputations-ranking\\\/#breadcrumb\",\"itemListElement\":[{\"@type\":\"ListItem\",\"position\":1,\"name\":\"Home\",\"item\":\"https:\\\/\\\/www.organisator.ch\\\/\"},{\"@type\":\"ListItem\",\"position\":2,\"name\":\"Auf- und Absteiger im Schweizer Reputations-Ranking\"}]},{\"@type\":\"WebSite\",\"@id\":\"https:\\\/\\\/www.organisator.ch\\\/#website\",\"url\":\"https:\\\/\\\/www.organisator.ch\\\/\",\"name\":\"Organisator\",\"description\":\"Kompetent. Praxisnah. Der ORGANISATOR bereitet in 10 Ausgaben pro Jahr die wesentlichen Themen f\u00fcr F\u00fchrungskr\u00e4fte von KMU auf.\",\"publisher\":{\"@id\":\"https:\\\/\\\/www.organisator.ch\\\/#organization\"},\"potentialAction\":[{\"@type\":\"SearchAction\",\"target\":{\"@type\":\"EntryPoint\",\"urlTemplate\":\"https:\\\/\\\/www.organisator.ch\\\/?s={search_term_string}\"},\"query-input\":{\"@type\":\"PropertyValueSpecification\",\"valueRequired\":true,\"valueName\":\"search_term_string\"}}],\"inLanguage\":\"fr-FR\"},{\"@type\":\"Organization\",\"@id\":\"https:\\\/\\\/www.organisator.ch\\\/#organization\",\"name\":\"Organisator\",\"url\":\"https:\\\/\\\/www.organisator.ch\\\/\",\"logo\":{\"@type\":\"ImageObject\",\"inLanguage\":\"fr-FR\",\"@id\":\"https:\\\/\\\/www.organisator.ch\\\/#\\\/schema\\\/logo\\\/image\\\/\",\"url\":\"https:\\\/\\\/www.organisator.ch\\\/wp-content\\\/uploads\\\/2022\\\/01\\\/Logo_Organisator_Website.png\",\"contentUrl\":\"https:\\\/\\\/www.organisator.ch\\\/wp-content\\\/uploads\\\/2022\\\/01\\\/Logo_Organisator_Website.png\",\"width\":800,\"height\":77,\"caption\":\"Organisator\"},\"image\":{\"@id\":\"https:\\\/\\\/www.organisator.ch\\\/#\\\/schema\\\/logo\\\/image\\\/\"},\"sameAs\":[\"https:\\\/\\\/www.facebook.com\\\/OrganisatorFachmagazin\",\"https:\\\/\\\/www.linkedin.com\\\/showcase\\\/organisator-das-magazin-fr-kmu\",\"https:\\\/\\\/www.xing.com\\\/news\\\/pages\\\/organisator-ch-695\",\"https:\\\/\\\/www.youtube.com\\\/channel\\\/UCGP2Sq0iWaZwT3BdIAQFYpw\"]},{\"@type\":\"Person\",\"@id\":\"https:\\\/\\\/www.organisator.ch\\\/#\\\/schema\\\/person\\\/4e51799071cd2dd1232ac003643ef5f0\",\"name\":\"galledia\",\"image\":{\"@type\":\"ImageObject\",\"inLanguage\":\"fr-FR\",\"@id\":\"https:\\\/\\\/secure.gravatar.com\\\/avatar\\\/78a7f90c01fc2bfc875782a0d4922b37cde2cf184ce347b91316d23cd7f69a36?s=96&d=mm&r=g\",\"url\":\"https:\\\/\\\/secure.gravatar.com\\\/avatar\\\/78a7f90c01fc2bfc875782a0d4922b37cde2cf184ce347b91316d23cd7f69a36?s=96&d=mm&r=g\",\"contentUrl\":\"https:\\\/\\\/secure.gravatar.com\\\/avatar\\\/78a7f90c01fc2bfc875782a0d4922b37cde2cf184ce347b91316d23cd7f69a36?s=96&d=mm&r=g\",\"caption\":\"galledia\"},\"sameAs\":[\"https:\\\/\\\/x.com\\\/admin\"],\"url\":\"https:\\\/\\\/www.organisator.ch\\\/fr\\\/author\\\/galledia\\\/\"}]}<\/script>\n<!-- \/ Yoast SEO plugin. -->","yoast_head_json":{"title":"Promotion et rel\u00e9gation dans le classement suisse des r\u00e9putations - Organisateur","description":"Holcim en t\u00eate de la r\u00e9putation du SMI en 2023. ABB en deuxi\u00e8me position. Le d\u00e9veloppement durable et une forte pr\u00e9sence m\u00e9diatique sont d\u00e9terminants.","robots":{"index":"index","follow":"follow","max-snippet":"max-snippet:-1","max-image-preview":"max-image-preview:large","max-video-preview":"max-video-preview:-1"},"canonical":"https:\/\/www.organisator.ch\/fr\/marketing\/2023-08-03\/auf-und-absteiger-im-schweizer-reputations-ranking\/","og_locale":"fr_FR","og_type":"article","og_title":"Auf- und Absteiger im Schweizer Reputations-Ranking - Organisator","og_description":"Holcim f\u00fchrt SMI-Reputation 2023. ABB auf Platz 2. Nachhaltigkeit und starke Medienpr\u00e4senz sind entscheidend.","og_url":"https:\/\/www.organisator.ch\/fr\/marketing\/2023-08-03\/auf-und-absteiger-im-schweizer-reputations-ranking\/","og_site_name":"Organisator","article_publisher":"https:\/\/www.facebook.com\/OrganisatorFachmagazin","article_published_time":"2023-08-03T14:45:30+00:00","article_modified_time":"2024-11-15T03:38:55+00:00","author":"galledia","twitter_card":"summary_large_image","twitter_creator":"@admin","schema":{"@context":"https:\/\/schema.org","@graph":[{"@type":"Article","@id":"https:\/\/www.organisator.ch\/marketing\/2023-08-03\/auf-und-absteiger-im-schweizer-reputations-ranking\/#article","isPartOf":{"@id":"https:\/\/www.organisator.ch\/marketing\/2023-08-03\/auf-und-absteiger-im-schweizer-reputations-ranking\/"},"author":{"name":"galledia","@id":"https:\/\/www.organisator.ch\/#\/schema\/person\/4e51799071cd2dd1232ac003643ef5f0"},"headline":"Auf- und Absteiger im Schweizer Reputations-Ranking","datePublished":"2023-08-03T14:45:30+00:00","dateModified":"2024-11-15T03:38:55+00:00","mainEntityOfPage":{"@id":"https:\/\/www.organisator.ch\/marketing\/2023-08-03\/auf-und-absteiger-im-schweizer-reputations-ranking\/"},"wordCount":512,"publisher":{"@id":"https:\/\/www.organisator.ch\/#organization"},"image":{"@id":"https:\/\/www.organisator.ch\/marketing\/2023-08-03\/auf-und-absteiger-im-schweizer-reputations-ranking\/#primaryimage"},"thumbnailUrl":"https:\/\/www.werbewoche.ch\/wp-content\/uploads\/2023\/08\/Coverbild-Swiss-Reputation-Ranking-2023.png","keywords":["IMWF","swissreputation.group"],"articleSection":["MARKETING"],"inLanguage":"fr-FR"},{"@type":"WebPage","@id":"https:\/\/www.organisator.ch\/marketing\/2023-08-03\/auf-und-absteiger-im-schweizer-reputations-ranking\/","url":"https:\/\/www.organisator.ch\/marketing\/2023-08-03\/auf-und-absteiger-im-schweizer-reputations-ranking\/","name":"Promotion et rel\u00e9gation dans le classement suisse des r\u00e9putations - Organisateur","isPartOf":{"@id":"https:\/\/www.organisator.ch\/#website"},"primaryImageOfPage":{"@id":"https:\/\/www.organisator.ch\/marketing\/2023-08-03\/auf-und-absteiger-im-schweizer-reputations-ranking\/#primaryimage"},"image":{"@id":"https:\/\/www.organisator.ch\/marketing\/2023-08-03\/auf-und-absteiger-im-schweizer-reputations-ranking\/#primaryimage"},"thumbnailUrl":"https:\/\/www.werbewoche.ch\/wp-content\/uploads\/2023\/08\/Coverbild-Swiss-Reputation-Ranking-2023.png","datePublished":"2023-08-03T14:45:30+00:00","dateModified":"2024-11-15T03:38:55+00:00","description":"Holcim en t\u00eate de la r\u00e9putation du SMI en 2023. ABB en deuxi\u00e8me position. Le d\u00e9veloppement durable et une forte pr\u00e9sence m\u00e9diatique sont d\u00e9terminants.","breadcrumb":{"@id":"https:\/\/www.organisator.ch\/marketing\/2023-08-03\/auf-und-absteiger-im-schweizer-reputations-ranking\/#breadcrumb"},"inLanguage":"fr-FR","potentialAction":[{"@type":"ReadAction","target":["https:\/\/www.organisator.ch\/marketing\/2023-08-03\/auf-und-absteiger-im-schweizer-reputations-ranking\/"]}]},{"@type":"ImageObject","inLanguage":"fr-FR","@id":"https:\/\/www.organisator.ch\/marketing\/2023-08-03\/auf-und-absteiger-im-schweizer-reputations-ranking\/#primaryimage","url":"https:\/\/www.werbewoche.ch\/wp-content\/uploads\/2023\/08\/Coverbild-Swiss-Reputation-Ranking-2023.png","contentUrl":"https:\/\/www.werbewoche.ch\/wp-content\/uploads\/2023\/08\/Coverbild-Swiss-Reputation-Ranking-2023.png"},{"@type":"BreadcrumbList","@id":"https:\/\/www.organisator.ch\/marketing\/2023-08-03\/auf-und-absteiger-im-schweizer-reputations-ranking\/#breadcrumb","itemListElement":[{"@type":"ListItem","position":1,"name":"Home","item":"https:\/\/www.organisator.ch\/"},{"@type":"ListItem","position":2,"name":"Auf- und Absteiger im Schweizer Reputations-Ranking"}]},{"@type":"WebSite","@id":"https:\/\/www.organisator.ch\/#website","url":"https:\/\/www.organisator.ch\/","name":"Organisateur","description":"Comp\u00e9tence et comp\u00e9tence. Proches de la pratique. L'ORGANISATEUR pr\u00e9pare 10 num\u00e9ros par an sur les th\u00e8mes essentiels pour les dirigeants de PME.","publisher":{"@id":"https:\/\/www.organisator.ch\/#organization"},"potentialAction":[{"@type":"SearchAction","target":{"@type":"EntryPoint","urlTemplate":"https:\/\/www.organisator.ch\/?s={search_term_string}"},"query-input":{"@type":"PropertyValueSpecification","valueRequired":true,"valueName":"search_term_string"}}],"inLanguage":"fr-FR"},{"@type":"Organization","@id":"https:\/\/www.organisator.ch\/#organization","name":"Organisateur","url":"https:\/\/www.organisator.ch\/","logo":{"@type":"ImageObject","inLanguage":"fr-FR","@id":"https:\/\/www.organisator.ch\/#\/schema\/logo\/image\/","url":"https:\/\/www.organisator.ch\/wp-content\/uploads\/2022\/01\/Logo_Organisator_Website.png","contentUrl":"https:\/\/www.organisator.ch\/wp-content\/uploads\/2022\/01\/Logo_Organisator_Website.png","width":800,"height":77,"caption":"Organisator"},"image":{"@id":"https:\/\/www.organisator.ch\/#\/schema\/logo\/image\/"},"sameAs":["https:\/\/www.facebook.com\/OrganisatorFachmagazin","https:\/\/www.linkedin.com\/showcase\/organisator-das-magazin-fr-kmu","https:\/\/www.xing.com\/news\/pages\/organisator-ch-695","https:\/\/www.youtube.com\/channel\/UCGP2Sq0iWaZwT3BdIAQFYpw"]},{"@type":"Person","@id":"https:\/\/www.organisator.ch\/#\/schema\/person\/4e51799071cd2dd1232ac003643ef5f0","name":"galledia","image":{"@type":"ImageObject","inLanguage":"fr-FR","@id":"https:\/\/secure.gravatar.com\/avatar\/78a7f90c01fc2bfc875782a0d4922b37cde2cf184ce347b91316d23cd7f69a36?s=96&d=mm&r=g","url":"https:\/\/secure.gravatar.com\/avatar\/78a7f90c01fc2bfc875782a0d4922b37cde2cf184ce347b91316d23cd7f69a36?s=96&d=mm&r=g","contentUrl":"https:\/\/secure.gravatar.com\/avatar\/78a7f90c01fc2bfc875782a0d4922b37cde2cf184ce347b91316d23cd7f69a36?s=96&d=mm&r=g","caption":"galledia"},"sameAs":["https:\/\/x.com\/admin"],"url":"https:\/\/www.organisator.ch\/fr\/author\/galledia\/"}]}},"_links":{"self":[{"href":"https:\/\/www.organisator.ch\/fr\/wp-json\/wp\/v2\/posts\/21111","targetHints":{"allow":["GET"]}}],"collection":[{"href":"https:\/\/www.organisator.ch\/fr\/wp-json\/wp\/v2\/posts"}],"about":[{"href":"https:\/\/www.organisator.ch\/fr\/wp-json\/wp\/v2\/types\/post"}],"author":[{"embeddable":true,"href":"https:\/\/www.organisator.ch\/fr\/wp-json\/wp\/v2\/users\/8"}],"replies":[{"embeddable":true,"href":"https:\/\/www.organisator.ch\/fr\/wp-json\/wp\/v2\/comments?post=21111"}],"version-history":[{"count":2,"href":"https:\/\/www.organisator.ch\/fr\/wp-json\/wp\/v2\/posts\/21111\/revisions"}],"predecessor-version":[{"id":32998,"href":"https:\/\/www.organisator.ch\/fr\/wp-json\/wp\/v2\/posts\/21111\/revisions\/32998"}],"wp:attachment":[{"href":"https:\/\/www.organisator.ch\/fr\/wp-json\/wp\/v2\/media?parent=21111"}],"wp:term":[{"taxonomy":"category","embeddable":true,"href":"https:\/\/www.organisator.ch\/fr\/wp-json\/wp\/v2\/categories?post=21111"},{"taxonomy":"post_tag","embeddable":true,"href":"https:\/\/www.organisator.ch\/fr\/wp-json\/wp\/v2\/tags?post=21111"}],"curies":[{"name":"wp","href":"https:\/\/api.w.org\/{rel}","templated":true}]}}