{"id":21136,"date":"2023-08-07T08:41:31","date_gmt":"2023-08-07T06:41:31","guid":{"rendered":"https:\/\/www.organisator.ch\/?p=21136"},"modified":"2023-08-07T08:41:31","modified_gmt":"2023-08-07T06:41:31","slug":"schweizer-auto-markt-startet-solide-ins-zweite-halbjahr","status":"publish","type":"post","link":"https:\/\/www.organisator.ch\/fr\/allgemein\/2023-08-07\/schweizer-auto-markt-startet-solide-ins-zweite-halbjahr\/","title":{"rendered":"Le march\u00e9 automobile suisse d\u00e9marre solidement le deuxi\u00e8me semestre"},"content":{"rendered":"<figure id=\"attachment_21137\" aria-describedby=\"caption-attachment-21137\" style=\"width: 680px\" class=\"wp-caption alignnone\"><img loading=\"lazy\" decoding=\"async\" class=\"size-full wp-image-21137\" src=\"https:\/\/www.organisator.ch\/wp-content\/uploads\/2023\/08\/Schweizer-Auto-Markt-startet-solide-ins-zweite-Halbjahr_Organisator.jpg\" alt=\"\" width=\"680\" height=\"426\" srcset=\"https:\/\/www.organisator.ch\/wp-content\/uploads\/2023\/08\/Schweizer-Auto-Markt-startet-solide-ins-zweite-Halbjahr_Organisator.jpg 680w, https:\/\/www.organisator.ch\/wp-content\/uploads\/2023\/08\/Schweizer-Auto-Markt-startet-solide-ins-zweite-Halbjahr_Organisator-18x12.jpg 18w, https:\/\/www.organisator.ch\/wp-content\/uploads\/2023\/08\/Schweizer-Auto-Markt-startet-solide-ins-zweite-Halbjahr_Organisator-375x235.jpg 375w, https:\/\/www.organisator.ch\/wp-content\/uploads\/2023\/08\/Schweizer-Auto-Markt-startet-solide-ins-zweite-Halbjahr_Organisator-559x350.jpg 559w\" sizes=\"auto, (max-width: 680px) 100vw, 680px\" \/><figcaption id=\"caption-attachment-21137\" class=\"wp-caption-text\">Le march\u00e9 automobile suisse retrouve son dynamisme : le nombre de mises en circulation a de nouveau augment\u00e9 en juillet 2023. (Image : Unsplash.com)<\/figcaption><\/figure>\n<p>La tendance \u00e0 la reprise des nouvelles immatriculations mensuelles par rapport \u00e0 l'ann\u00e9e pr\u00e9c\u00e9dente se poursuit pour le onzi\u00e8me mois cons\u00e9cutif. Depuis septembre 2022, le march\u00e9 automobile suisse a enregistr\u00e9 chaque mois une augmentation du nombre de voitures de tourisme neuves par rapport aux chiffres de l'ann\u00e9e pr\u00e9c\u00e9dente. Pourtant, le niveau actuel du march\u00e9 ne justifie pas une trop grande euphorie, explique le porte-parole d'auto-suisse Christoph Wolnik : \"Malgr\u00e9 la reprise durable par rapport \u00e0 2022, nous devons constater \u00e0 quel point la disponibilit\u00e9 des v\u00e9hicules neufs a \u00e9t\u00e9 limit\u00e9e l'ann\u00e9e derni\u00e8re. La situation s'est certes am\u00e9lior\u00e9e, mais elle reste tendue si l'on regarde les donn\u00e9es du march\u00e9 avant 2020\". Cette ann\u00e9e encore, la barre des 300 000 nouvelles voitures de tourisme restera lointaine, alors qu'elle n'avait \u00e9t\u00e9 franchie que deux fois \u00e0 la baisse dans les ann\u00e9es 2010, pour quelques milliers ou centaines d'immatriculations, poursuit Wolnik.<\/p>\n<h3>Pr\u00e8s de 30% de v\u00e9hicules branch\u00e9s en juillet<\/h3>\n<p>La part de march\u00e9 des v\u00e9hicules branch\u00e9s rechargeables sur le r\u00e9seau \u00e9lectrique (voitures \u00e9lectriques et hybrides plug-in) ne cesse de cro\u00eetre et s'\u00e9levait en juillet \u00e0 29,2 pour cent au total. Les 3 649 v\u00e9hicules purement \u00e9lectriques en repr\u00e9sentent environ les deux tiers, soit 19,6 pour cent, et leur nombre a augment\u00e9 de 81 pour cent par rapport \u00e0 l'ann\u00e9e pr\u00e9c\u00e9dente. Les hybrides plug-in, qui disposent, en plus d'un moteur \u00e0 essence ou diesel, d'une propulsion \u00e9lectrique avec une batterie rechargeable de l'ext\u00e9rieur, ont \u00e9galement progress\u00e9 de 28 pour cent pour atteindre 1'777 nouvelles immatriculations. Depuis le d\u00e9but de l'ann\u00e9e, les voitures \u00e9lectriques repr\u00e9sentent une part de march\u00e9 de 18,8 % (contre 16,0 % l'ann\u00e9e pr\u00e9c\u00e9dente), les hybrides plug-in 8,7 % (contre 8,6 % l'ann\u00e9e pr\u00e9c\u00e9dente) et les moteurs hybrides sans possibilit\u00e9 de recharge via le r\u00e9seau \u00e9lectrique 27,3 % (contre 24,8 % l'ann\u00e9e pr\u00e9c\u00e9dente). Au total, les motorisations alternatives (\u00e9lectriques, hybrides, au gaz et \u00e0 l'hydrog\u00e8ne) repr\u00e9sentent cette ann\u00e9e 54,9% de toutes les nouvelles immatriculations et donc, pour la premi\u00e8re fois apr\u00e8s sept mois, la majorit\u00e9 du march\u00e9 (49,5 % l'ann\u00e9e pr\u00e9c\u00e9dente).<\/p>\n<p><em>Source : <a href=\"http:\/\/www.auto.swiss\">Auto Suisse<\/a><\/em><\/p>","protected":false},"excerpt":{"rendered":"<p>En juillet, 18'599 voitures de tourisme neuves ont \u00e9t\u00e9 mises en circulation en Suisse et dans la Principaut\u00e9 du Liechtenstein. Le niveau des nouvelles immatriculations est ainsi sup\u00e9rieur de 18,7 pour cent \u00e0 celui du m\u00eame mois de l'ann\u00e9e pr\u00e9c\u00e9dente, qui avait \u00e9t\u00e9 marqu\u00e9 par de fortes restrictions de livraison dues au manque de pi\u00e8ces \u00e0 l'\u00e9poque. Parall\u00e8lement, le retard de 6 919 immatriculations, soit environ 27 pour cent, par rapport \u00e0 juillet 2019 montre que le recul du march\u00e9 provoqu\u00e9 par la pand\u00e9mie de Covid n'est pas encore surmont\u00e9. Ainsi, depuis le d\u00e9but de l'ann\u00e9e, on a enregistr\u00e9 142'351 (+ 13,6 % par rapport \u00e0 l'ann\u00e9e pr\u00e9c\u00e9dente), soit bien 40'000 voitures de tourisme neuves de moins qu'\u00e0 la m\u00eame date il y a quatre ans. <\/p>","protected":false},"author":4,"featured_media":21137,"comment_status":"closed","ping_status":"closed","sticky":false,"template":"","format":"standard","meta":{"_acf_changed":false,"_yoast_wpseo_focuskw":"Schweizer Auto-Markt","_yoast_wpseo_metadesc":"Der Schweizer Auto-Markt w\u00e4chst wieder: Im Juli gab es in der Schweiz und im F\u00fcrstentum Liechtenstein 18,7 Prozent mehr neue Personenwagen.","articlekey":"","footnotes":""},"categories":[1],"tags":[2944,340,452],"class_list":["post-21136","post","type-post","status-publish","format-standard","has-post-thumbnail","hentry","category-allgemein","tag-autobranche","tag-maerkte","tag-statistik"],"acf":[],"yoast_head":"<!-- This site is optimized with the Yoast SEO plugin v27.4 - https:\/\/yoast.com\/product\/yoast-seo-wordpress\/ -->\n<title>Schweizer Auto-Markt startet solide ins zweite Halbjahr - Organisator<\/title>\n<meta name=\"description\" content=\"Der Schweizer Auto-Markt w\u00e4chst wieder: Im Juli gab es in der Schweiz und im F\u00fcrstentum Liechtenstein 18,7 Prozent mehr neue Personenwagen.\" \/>\n<meta name=\"robots\" content=\"index, follow, max-snippet:-1, max-image-preview:large, max-video-preview:-1\" \/>\n<link rel=\"canonical\" href=\"https:\/\/www.organisator.ch\/fr\/general\/2023-08-07\/schweizer-auto-markt-startet-solide-ins-zweite-halbjahr\/\" \/>\n<meta property=\"og:locale\" content=\"fr_FR\" \/>\n<meta property=\"og:type\" content=\"article\" \/>\n<meta property=\"og:title\" content=\"Schweizer Auto-Markt startet solide ins zweite Halbjahr\" \/>\n<meta property=\"og:description\" content=\"Der Schweizer Auto-Markt w\u00e4chst wieder: Im Juli gab es in der Schweiz und im F\u00fcrstentum Liechtenstein 18,7 Prozent mehr neue Personenwagen.\" \/>\n<meta property=\"og:url\" content=\"https:\/\/www.organisator.ch\/fr\/general\/2023-08-07\/schweizer-auto-markt-startet-solide-ins-zweite-halbjahr\/\" \/>\n<meta property=\"og:site_name\" content=\"Organisator\" \/>\n<meta property=\"article:publisher\" content=\"https:\/\/www.facebook.com\/OrganisatorFachmagazin\" \/>\n<meta property=\"article:published_time\" content=\"2023-08-07T06:41:31+00:00\" \/>\n<meta property=\"og:image\" content=\"https:\/\/www.organisator.ch\/wp-content\/uploads\/2023\/08\/Schweizer-Auto-Markt-startet-solide-ins-zweite-Halbjahr_Organisator.jpg\" \/>\n\t<meta property=\"og:image:width\" content=\"680\" \/>\n\t<meta property=\"og:image:height\" content=\"426\" \/>\n\t<meta property=\"og:image:type\" content=\"image\/jpeg\" \/>\n<meta name=\"author\" content=\"thomas.berner\" \/>\n<meta name=\"twitter:card\" content=\"summary_large_image\" \/>\n<meta name=\"twitter:title\" content=\"Schweizer #Auto-Markt startet solide ins zweite Halbjahr\" \/>\n<meta name=\"twitter:description\" content=\"Der Schweizer #Auto-Markt w\u00e4chst wieder: Im Juli gab es in der Schweiz und im F\u00fcrstentum #Liechtenstein 18,7 Prozent mehr neue #Personenwagen.\" \/>\n<meta name=\"twitter:image\" content=\"https:\/\/www.organisator.ch\/wp-content\/uploads\/2023\/08\/Schweizer-Auto-Markt-startet-solide-ins-zweite-Halbjahr_Organisator.jpg\" \/>\n<script type=\"application\/ld+json\" class=\"yoast-schema-graph\">{\"@context\":\"https:\\\/\\\/schema.org\",\"@graph\":[{\"@type\":\"Article\",\"@id\":\"https:\\\/\\\/www.organisator.ch\\\/allgemein\\\/2023-08-07\\\/schweizer-auto-markt-startet-solide-ins-zweite-halbjahr\\\/#article\",\"isPartOf\":{\"@id\":\"https:\\\/\\\/www.organisator.ch\\\/allgemein\\\/2023-08-07\\\/schweizer-auto-markt-startet-solide-ins-zweite-halbjahr\\\/\"},\"author\":{\"name\":\"thomas.berner\",\"@id\":\"https:\\\/\\\/www.organisator.ch\\\/#\\\/schema\\\/person\\\/6f650f90b2842cd4c0cc334b4e36f67e\"},\"headline\":\"Schweizer Auto-Markt startet solide ins zweite Halbjahr\",\"datePublished\":\"2023-08-07T06:41:31+00:00\",\"mainEntityOfPage\":{\"@id\":\"https:\\\/\\\/www.organisator.ch\\\/allgemein\\\/2023-08-07\\\/schweizer-auto-markt-startet-solide-ins-zweite-halbjahr\\\/\"},\"wordCount\":282,\"publisher\":{\"@id\":\"https:\\\/\\\/www.organisator.ch\\\/#organization\"},\"image\":{\"@id\":\"https:\\\/\\\/www.organisator.ch\\\/allgemein\\\/2023-08-07\\\/schweizer-auto-markt-startet-solide-ins-zweite-halbjahr\\\/#primaryimage\"},\"thumbnailUrl\":\"https:\\\/\\\/www.organisator.ch\\\/wp-content\\\/uploads\\\/2023\\\/08\\\/Schweizer-Auto-Markt-startet-solide-ins-zweite-Halbjahr_Organisator.jpg\",\"keywords\":[\"Autobranche\",\"M\u00e4rkte\",\"Statistik\"],\"articleSection\":[\"Allgemein\"],\"inLanguage\":\"fr-FR\"},{\"@type\":\"WebPage\",\"@id\":\"https:\\\/\\\/www.organisator.ch\\\/allgemein\\\/2023-08-07\\\/schweizer-auto-markt-startet-solide-ins-zweite-halbjahr\\\/\",\"url\":\"https:\\\/\\\/www.organisator.ch\\\/allgemein\\\/2023-08-07\\\/schweizer-auto-markt-startet-solide-ins-zweite-halbjahr\\\/\",\"name\":\"Schweizer Auto-Markt startet solide ins zweite Halbjahr - Organisator\",\"isPartOf\":{\"@id\":\"https:\\\/\\\/www.organisator.ch\\\/#website\"},\"primaryImageOfPage\":{\"@id\":\"https:\\\/\\\/www.organisator.ch\\\/allgemein\\\/2023-08-07\\\/schweizer-auto-markt-startet-solide-ins-zweite-halbjahr\\\/#primaryimage\"},\"image\":{\"@id\":\"https:\\\/\\\/www.organisator.ch\\\/allgemein\\\/2023-08-07\\\/schweizer-auto-markt-startet-solide-ins-zweite-halbjahr\\\/#primaryimage\"},\"thumbnailUrl\":\"https:\\\/\\\/www.organisator.ch\\\/wp-content\\\/uploads\\\/2023\\\/08\\\/Schweizer-Auto-Markt-startet-solide-ins-zweite-Halbjahr_Organisator.jpg\",\"datePublished\":\"2023-08-07T06:41:31+00:00\",\"description\":\"Der Schweizer Auto-Markt w\u00e4chst wieder: Im Juli gab es in der Schweiz und im F\u00fcrstentum Liechtenstein 18,7 Prozent mehr neue Personenwagen.\",\"breadcrumb\":{\"@id\":\"https:\\\/\\\/www.organisator.ch\\\/allgemein\\\/2023-08-07\\\/schweizer-auto-markt-startet-solide-ins-zweite-halbjahr\\\/#breadcrumb\"},\"inLanguage\":\"fr-FR\",\"potentialAction\":[{\"@type\":\"ReadAction\",\"target\":[\"https:\\\/\\\/www.organisator.ch\\\/allgemein\\\/2023-08-07\\\/schweizer-auto-markt-startet-solide-ins-zweite-halbjahr\\\/\"]}]},{\"@type\":\"ImageObject\",\"inLanguage\":\"fr-FR\",\"@id\":\"https:\\\/\\\/www.organisator.ch\\\/allgemein\\\/2023-08-07\\\/schweizer-auto-markt-startet-solide-ins-zweite-halbjahr\\\/#primaryimage\",\"url\":\"https:\\\/\\\/www.organisator.ch\\\/wp-content\\\/uploads\\\/2023\\\/08\\\/Schweizer-Auto-Markt-startet-solide-ins-zweite-Halbjahr_Organisator.jpg\",\"contentUrl\":\"https:\\\/\\\/www.organisator.ch\\\/wp-content\\\/uploads\\\/2023\\\/08\\\/Schweizer-Auto-Markt-startet-solide-ins-zweite-Halbjahr_Organisator.jpg\",\"width\":680,\"height\":426,\"caption\":\"Wieder mehr Dynamik im Schweizer Auto-Markt: Die Zahl der Inverkehrssetzungen hat im Juli 2023 erneut zugenommen. (Bild: Unsplash.com)\"},{\"@type\":\"BreadcrumbList\",\"@id\":\"https:\\\/\\\/www.organisator.ch\\\/allgemein\\\/2023-08-07\\\/schweizer-auto-markt-startet-solide-ins-zweite-halbjahr\\\/#breadcrumb\",\"itemListElement\":[{\"@type\":\"ListItem\",\"position\":1,\"name\":\"Home\",\"item\":\"https:\\\/\\\/www.organisator.ch\\\/\"},{\"@type\":\"ListItem\",\"position\":2,\"name\":\"Schweizer Auto-Markt startet solide ins zweite Halbjahr\"}]},{\"@type\":\"WebSite\",\"@id\":\"https:\\\/\\\/www.organisator.ch\\\/#website\",\"url\":\"https:\\\/\\\/www.organisator.ch\\\/\",\"name\":\"Organisator\",\"description\":\"Kompetent. Praxisnah. Der ORGANISATOR bereitet in 10 Ausgaben pro Jahr die wesentlichen Themen f\u00fcr F\u00fchrungskr\u00e4fte von KMU auf.\",\"publisher\":{\"@id\":\"https:\\\/\\\/www.organisator.ch\\\/#organization\"},\"potentialAction\":[{\"@type\":\"SearchAction\",\"target\":{\"@type\":\"EntryPoint\",\"urlTemplate\":\"https:\\\/\\\/www.organisator.ch\\\/?s={search_term_string}\"},\"query-input\":{\"@type\":\"PropertyValueSpecification\",\"valueRequired\":true,\"valueName\":\"search_term_string\"}}],\"inLanguage\":\"fr-FR\"},{\"@type\":\"Organization\",\"@id\":\"https:\\\/\\\/www.organisator.ch\\\/#organization\",\"name\":\"Organisator\",\"url\":\"https:\\\/\\\/www.organisator.ch\\\/\",\"logo\":{\"@type\":\"ImageObject\",\"inLanguage\":\"fr-FR\",\"@id\":\"https:\\\/\\\/www.organisator.ch\\\/#\\\/schema\\\/logo\\\/image\\\/\",\"url\":\"https:\\\/\\\/www.organisator.ch\\\/wp-content\\\/uploads\\\/2022\\\/01\\\/Logo_Organisator_Website.png\",\"contentUrl\":\"https:\\\/\\\/www.organisator.ch\\\/wp-content\\\/uploads\\\/2022\\\/01\\\/Logo_Organisator_Website.png\",\"width\":800,\"height\":77,\"caption\":\"Organisator\"},\"image\":{\"@id\":\"https:\\\/\\\/www.organisator.ch\\\/#\\\/schema\\\/logo\\\/image\\\/\"},\"sameAs\":[\"https:\\\/\\\/www.facebook.com\\\/OrganisatorFachmagazin\",\"https:\\\/\\\/www.linkedin.com\\\/showcase\\\/organisator-das-magazin-fr-kmu\",\"https:\\\/\\\/www.xing.com\\\/news\\\/pages\\\/organisator-ch-695\",\"https:\\\/\\\/www.youtube.com\\\/channel\\\/UCGP2Sq0iWaZwT3BdIAQFYpw\"]},{\"@type\":\"Person\",\"@id\":\"https:\\\/\\\/www.organisator.ch\\\/#\\\/schema\\\/person\\\/6f650f90b2842cd4c0cc334b4e36f67e\",\"name\":\"thomas.berner\",\"image\":{\"@type\":\"ImageObject\",\"inLanguage\":\"fr-FR\",\"@id\":\"https:\\\/\\\/secure.gravatar.com\\\/avatar\\\/ac5001d2a36cb6c6cd3e50789007ffca834b477b74a2144564522e944eabff61?s=96&d=mm&r=g\",\"url\":\"https:\\\/\\\/secure.gravatar.com\\\/avatar\\\/ac5001d2a36cb6c6cd3e50789007ffca834b477b74a2144564522e944eabff61?s=96&d=mm&r=g\",\"contentUrl\":\"https:\\\/\\\/secure.gravatar.com\\\/avatar\\\/ac5001d2a36cb6c6cd3e50789007ffca834b477b74a2144564522e944eabff61?s=96&d=mm&r=g\",\"caption\":\"thomas.berner\"},\"url\":\"https:\\\/\\\/www.organisator.ch\\\/fr\\\/author\\\/thomas-berner\\\/\"}]}<\/script>\n<!-- \/ Yoast SEO plugin. -->","yoast_head_json":{"title":"Le march\u00e9 automobile suisse d\u00e9marre solidement le deuxi\u00e8me semestre - Organisateur","description":"Le march\u00e9 automobile suisse est \u00e0 nouveau en croissance : en juillet, il y avait 18,7% de voitures de tourisme neuves en plus en Suisse et dans la Principaut\u00e9 du Liechtenstein.","robots":{"index":"index","follow":"follow","max-snippet":"max-snippet:-1","max-image-preview":"max-image-preview:large","max-video-preview":"max-video-preview:-1"},"canonical":"https:\/\/www.organisator.ch\/fr\/general\/2023-08-07\/schweizer-auto-markt-startet-solide-ins-zweite-halbjahr\/","og_locale":"fr_FR","og_type":"article","og_title":"Schweizer Auto-Markt startet solide ins zweite Halbjahr","og_description":"Der Schweizer Auto-Markt w\u00e4chst wieder: Im Juli gab es in der Schweiz und im F\u00fcrstentum Liechtenstein 18,7 Prozent mehr neue Personenwagen.","og_url":"https:\/\/www.organisator.ch\/fr\/general\/2023-08-07\/schweizer-auto-markt-startet-solide-ins-zweite-halbjahr\/","og_site_name":"Organisator","article_publisher":"https:\/\/www.facebook.com\/OrganisatorFachmagazin","article_published_time":"2023-08-07T06:41:31+00:00","og_image":[{"width":680,"height":426,"url":"https:\/\/www.organisator.ch\/wp-content\/uploads\/2023\/08\/Schweizer-Auto-Markt-startet-solide-ins-zweite-Halbjahr_Organisator.jpg","type":"image\/jpeg"}],"author":"thomas.berner","twitter_card":"summary_large_image","twitter_title":"Schweizer #Auto-Markt startet solide ins zweite Halbjahr","twitter_description":"Der Schweizer #Auto-Markt w\u00e4chst wieder: Im Juli gab es in der Schweiz und im F\u00fcrstentum #Liechtenstein 18,7 Prozent mehr neue #Personenwagen.","twitter_image":"https:\/\/www.organisator.ch\/wp-content\/uploads\/2023\/08\/Schweizer-Auto-Markt-startet-solide-ins-zweite-Halbjahr_Organisator.jpg","schema":{"@context":"https:\/\/schema.org","@graph":[{"@type":"Article","@id":"https:\/\/www.organisator.ch\/allgemein\/2023-08-07\/schweizer-auto-markt-startet-solide-ins-zweite-halbjahr\/#article","isPartOf":{"@id":"https:\/\/www.organisator.ch\/allgemein\/2023-08-07\/schweizer-auto-markt-startet-solide-ins-zweite-halbjahr\/"},"author":{"name":"thomas.berner","@id":"https:\/\/www.organisator.ch\/#\/schema\/person\/6f650f90b2842cd4c0cc334b4e36f67e"},"headline":"Schweizer Auto-Markt startet solide ins zweite Halbjahr","datePublished":"2023-08-07T06:41:31+00:00","mainEntityOfPage":{"@id":"https:\/\/www.organisator.ch\/allgemein\/2023-08-07\/schweizer-auto-markt-startet-solide-ins-zweite-halbjahr\/"},"wordCount":282,"publisher":{"@id":"https:\/\/www.organisator.ch\/#organization"},"image":{"@id":"https:\/\/www.organisator.ch\/allgemein\/2023-08-07\/schweizer-auto-markt-startet-solide-ins-zweite-halbjahr\/#primaryimage"},"thumbnailUrl":"https:\/\/www.organisator.ch\/wp-content\/uploads\/2023\/08\/Schweizer-Auto-Markt-startet-solide-ins-zweite-Halbjahr_Organisator.jpg","keywords":["Autobranche","M\u00e4rkte","Statistik"],"articleSection":["Allgemein"],"inLanguage":"fr-FR"},{"@type":"WebPage","@id":"https:\/\/www.organisator.ch\/allgemein\/2023-08-07\/schweizer-auto-markt-startet-solide-ins-zweite-halbjahr\/","url":"https:\/\/www.organisator.ch\/allgemein\/2023-08-07\/schweizer-auto-markt-startet-solide-ins-zweite-halbjahr\/","name":"Le march\u00e9 automobile suisse d\u00e9marre solidement le deuxi\u00e8me semestre - Organisateur","isPartOf":{"@id":"https:\/\/www.organisator.ch\/#website"},"primaryImageOfPage":{"@id":"https:\/\/www.organisator.ch\/allgemein\/2023-08-07\/schweizer-auto-markt-startet-solide-ins-zweite-halbjahr\/#primaryimage"},"image":{"@id":"https:\/\/www.organisator.ch\/allgemein\/2023-08-07\/schweizer-auto-markt-startet-solide-ins-zweite-halbjahr\/#primaryimage"},"thumbnailUrl":"https:\/\/www.organisator.ch\/wp-content\/uploads\/2023\/08\/Schweizer-Auto-Markt-startet-solide-ins-zweite-Halbjahr_Organisator.jpg","datePublished":"2023-08-07T06:41:31+00:00","description":"Le march\u00e9 automobile suisse est \u00e0 nouveau en croissance : en juillet, il y avait 18,7% de voitures de tourisme neuves en plus en Suisse et dans la Principaut\u00e9 du Liechtenstein.","breadcrumb":{"@id":"https:\/\/www.organisator.ch\/allgemein\/2023-08-07\/schweizer-auto-markt-startet-solide-ins-zweite-halbjahr\/#breadcrumb"},"inLanguage":"fr-FR","potentialAction":[{"@type":"ReadAction","target":["https:\/\/www.organisator.ch\/allgemein\/2023-08-07\/schweizer-auto-markt-startet-solide-ins-zweite-halbjahr\/"]}]},{"@type":"ImageObject","inLanguage":"fr-FR","@id":"https:\/\/www.organisator.ch\/allgemein\/2023-08-07\/schweizer-auto-markt-startet-solide-ins-zweite-halbjahr\/#primaryimage","url":"https:\/\/www.organisator.ch\/wp-content\/uploads\/2023\/08\/Schweizer-Auto-Markt-startet-solide-ins-zweite-Halbjahr_Organisator.jpg","contentUrl":"https:\/\/www.organisator.ch\/wp-content\/uploads\/2023\/08\/Schweizer-Auto-Markt-startet-solide-ins-zweite-Halbjahr_Organisator.jpg","width":680,"height":426,"caption":"Wieder mehr Dynamik im Schweizer Auto-Markt: Die Zahl der Inverkehrssetzungen hat im Juli 2023 erneut zugenommen. (Bild: Unsplash.com)"},{"@type":"BreadcrumbList","@id":"https:\/\/www.organisator.ch\/allgemein\/2023-08-07\/schweizer-auto-markt-startet-solide-ins-zweite-halbjahr\/#breadcrumb","itemListElement":[{"@type":"ListItem","position":1,"name":"Home","item":"https:\/\/www.organisator.ch\/"},{"@type":"ListItem","position":2,"name":"Schweizer Auto-Markt startet solide ins zweite Halbjahr"}]},{"@type":"WebSite","@id":"https:\/\/www.organisator.ch\/#website","url":"https:\/\/www.organisator.ch\/","name":"Organisateur","description":"Comp\u00e9tence et comp\u00e9tence. Proches de la pratique. L'ORGANISATEUR pr\u00e9pare 10 num\u00e9ros par an sur les th\u00e8mes essentiels pour les dirigeants de PME.","publisher":{"@id":"https:\/\/www.organisator.ch\/#organization"},"potentialAction":[{"@type":"SearchAction","target":{"@type":"EntryPoint","urlTemplate":"https:\/\/www.organisator.ch\/?s={search_term_string}"},"query-input":{"@type":"PropertyValueSpecification","valueRequired":true,"valueName":"search_term_string"}}],"inLanguage":"fr-FR"},{"@type":"Organization","@id":"https:\/\/www.organisator.ch\/#organization","name":"Organisateur","url":"https:\/\/www.organisator.ch\/","logo":{"@type":"ImageObject","inLanguage":"fr-FR","@id":"https:\/\/www.organisator.ch\/#\/schema\/logo\/image\/","url":"https:\/\/www.organisator.ch\/wp-content\/uploads\/2022\/01\/Logo_Organisator_Website.png","contentUrl":"https:\/\/www.organisator.ch\/wp-content\/uploads\/2022\/01\/Logo_Organisator_Website.png","width":800,"height":77,"caption":"Organisator"},"image":{"@id":"https:\/\/www.organisator.ch\/#\/schema\/logo\/image\/"},"sameAs":["https:\/\/www.facebook.com\/OrganisatorFachmagazin","https:\/\/www.linkedin.com\/showcase\/organisator-das-magazin-fr-kmu","https:\/\/www.xing.com\/news\/pages\/organisator-ch-695","https:\/\/www.youtube.com\/channel\/UCGP2Sq0iWaZwT3BdIAQFYpw"]},{"@type":"Person","@id":"https:\/\/www.organisator.ch\/#\/schema\/person\/6f650f90b2842cd4c0cc334b4e36f67e","name":"thomas.berner","image":{"@type":"ImageObject","inLanguage":"fr-FR","@id":"https:\/\/secure.gravatar.com\/avatar\/ac5001d2a36cb6c6cd3e50789007ffca834b477b74a2144564522e944eabff61?s=96&d=mm&r=g","url":"https:\/\/secure.gravatar.com\/avatar\/ac5001d2a36cb6c6cd3e50789007ffca834b477b74a2144564522e944eabff61?s=96&d=mm&r=g","contentUrl":"https:\/\/secure.gravatar.com\/avatar\/ac5001d2a36cb6c6cd3e50789007ffca834b477b74a2144564522e944eabff61?s=96&d=mm&r=g","caption":"thomas.berner"},"url":"https:\/\/www.organisator.ch\/fr\/author\/thomas-berner\/"}]}},"_links":{"self":[{"href":"https:\/\/www.organisator.ch\/fr\/wp-json\/wp\/v2\/posts\/21136","targetHints":{"allow":["GET"]}}],"collection":[{"href":"https:\/\/www.organisator.ch\/fr\/wp-json\/wp\/v2\/posts"}],"about":[{"href":"https:\/\/www.organisator.ch\/fr\/wp-json\/wp\/v2\/types\/post"}],"author":[{"embeddable":true,"href":"https:\/\/www.organisator.ch\/fr\/wp-json\/wp\/v2\/users\/4"}],"replies":[{"embeddable":true,"href":"https:\/\/www.organisator.ch\/fr\/wp-json\/wp\/v2\/comments?post=21136"}],"version-history":[{"count":1,"href":"https:\/\/www.organisator.ch\/fr\/wp-json\/wp\/v2\/posts\/21136\/revisions"}],"predecessor-version":[{"id":21138,"href":"https:\/\/www.organisator.ch\/fr\/wp-json\/wp\/v2\/posts\/21136\/revisions\/21138"}],"wp:featuredmedia":[{"embeddable":true,"href":"https:\/\/www.organisator.ch\/fr\/wp-json\/wp\/v2\/media\/21137"}],"wp:attachment":[{"href":"https:\/\/www.organisator.ch\/fr\/wp-json\/wp\/v2\/media?parent=21136"}],"wp:term":[{"taxonomy":"category","embeddable":true,"href":"https:\/\/www.organisator.ch\/fr\/wp-json\/wp\/v2\/categories?post=21136"},{"taxonomy":"post_tag","embeddable":true,"href":"https:\/\/www.organisator.ch\/fr\/wp-json\/wp\/v2\/tags?post=21136"}],"curies":[{"name":"wp","href":"https:\/\/api.w.org\/{rel}","templated":true}]}}