{"id":21157,"date":"2023-08-08T08:21:05","date_gmt":"2023-08-08T06:21:05","guid":{"rendered":"https:\/\/www.organisator.ch\/?p=21157"},"modified":"2023-08-08T08:21:05","modified_gmt":"2023-08-08T06:21:05","slug":"ki-loesung-fuer-mehr-nachhaltigkeit","status":"publish","type":"post","link":"https:\/\/www.organisator.ch\/fr\/sustainability\/2023-08-08\/ki-loesung-fuer-mehr-nachhaltigkeit\/","title":{"rendered":"Une solution d'IA pour plus de durabilit\u00e9"},"content":{"rendered":"<figure id=\"attachment_21158\" aria-describedby=\"caption-attachment-21158\" style=\"width: 680px\" class=\"wp-caption alignnone\"><img loading=\"lazy\" decoding=\"async\" class=\"size-full wp-image-21158\" src=\"https:\/\/www.organisator.ch\/wp-content\/uploads\/2023\/08\/KI-Loesung-fuer-mehr-Nachhaltigkeit_Organisator.jpg\" alt=\"\" width=\"680\" height=\"453\" srcset=\"https:\/\/www.organisator.ch\/wp-content\/uploads\/2023\/08\/KI-Loesung-fuer-mehr-Nachhaltigkeit_Organisator.jpg 680w, https:\/\/www.organisator.ch\/wp-content\/uploads\/2023\/08\/KI-Loesung-fuer-mehr-Nachhaltigkeit_Organisator-18x12.jpg 18w, https:\/\/www.organisator.ch\/wp-content\/uploads\/2023\/08\/KI-Loesung-fuer-mehr-Nachhaltigkeit_Organisator-375x250.jpg 375w, https:\/\/www.organisator.ch\/wp-content\/uploads\/2023\/08\/KI-Loesung-fuer-mehr-Nachhaltigkeit_Organisator-525x350.jpg 525w\" sizes=\"auto, (max-width: 680px) 100vw, 680px\" \/><figcaption id=\"caption-attachment-21158\" class=\"wp-caption-text\">Wilhelm Kleiminger d'Ergon Informatik est convaincu qu'une solution d'IA telle que celle utilis\u00e9e par Digitec Galaxus peut assurer une plus grande durabilit\u00e9. (Image : Ergon)<\/figcaption><\/figure>\n<p>Digitec Galaxus a optimis\u00e9 la taille de ses paquets et utilise d\u00e9sormais des paquets mieux adapt\u00e9s. Une nouvelle solution d'intelligence artificielle d'Ergon a contribu\u00e9 \u00e0 ce processus. Gr\u00e2ce \u00e0 cette nouvelle solution, le plus grand d\u00e9taillant en ligne de Suisse a pu r\u00e9duire l'espace vide, et donc le mat\u00e9riel de remplissage, de 28 %. Ergon a publi\u00e9 cette approche dans un document scientifique. Ce document met \u00e9galement en lumi\u00e8re l'optimisation en elle-m\u00eame et montre comment sa consommation de ressources a pu \u00eatre r\u00e9duite de 96 %. La vente par correspondance n'est pas la seule \u00e0 en profiter. Certaines parties de cette approche conviennent \u00e9galement \u00e0 la planification de l'affectation du personnel, des horaires ou des besoins en mat\u00e9riel.<\/p>\n<h3><strong>La transparence favorise la durabilit\u00e9<\/strong><\/h3>\n<p>Ergon et Digitec Galaxus ont publi\u00e9 la description d\u00e9taill\u00e9e de l'approche de solution sur <a href=\"https:\/\/arxiv.org\/abs\/2308.01104\">https:\/\/arxiv.org<\/a> a \u00e9t\u00e9 publi\u00e9. L'objectif est d'aider d'autres entreprises \u00e0 devenir plus durables. \"Cette publication est importante pour nous, car la durabilit\u00e9 et la transparence sont des valeurs centrales d'Ergon\", explique Wilhelm Kleiminger, Head of Data Science chez Ergon. \"En outre, nous voulons montrer que les approches de num\u00e9risation et d'IA peuvent jouer un r\u00f4le cl\u00e9 dans le domaine de la durabilit\u00e9\". Selon Kleiminger, les entreprises pilot\u00e9es par les donn\u00e9es ont un avantage lorsqu'il s'agit d'identifier et de mettre en \u0153uvre des potentiels d'optimisation. A cet \u00e9gard, Digitec Galaxus fait partie des entreprises qui servent de mod\u00e8le. Le volume d'air \u00e0 optimiser ainsi que les conditions annexes, comme les rainures, ont ainsi pu \u00eatre d\u00e9finis math\u00e9matiquement sur la base d'objectifs commerciaux et d'indicateurs cl\u00e9s de performance concrets. \"Des m\u00e9triques claires sont n\u00e9cessaires aussi bien pour l'apprentissage automatique que pour l'optimisation math\u00e9matique. Ce n'est qu'ainsi que l'on peut cr\u00e9er un algorithme qui r\u00e9sout des probl\u00e8mes pertinents\", explique Kleiminger en conclusion.<\/p>\n<h3><strong>Une solution, de nombreux avantages<\/strong><\/h3>\n<p>Digitec Galaxus utilise la solution depuis l'automne 2022. Depuis, le commer\u00e7ant en ligne n'\u00e9conomise pas seulement des ressources et des co\u00fbts. Aurel Gautschi, Product Owner chez Digitec Galaxus, d\u00e9clare : \"Nous avons re\u00e7u de tr\u00e8s nombreux retours positifs de la part des collaborateurs\". Les nouvelles tailles de colis sont nettement plus ergonomiques. Cela simplifie le travail. Les clients se r\u00e9jouissent \u00e9galement de la r\u00e9duction des d\u00e9chets. Pour Digitec Galaxus, c'est un gain \u00e0 plusieurs niveaux.<\/p>\n<p><em>Source : <a href=\"http:\/\/www.ergon.ch\">Ergon Informatik AG<\/a><\/em><\/p>","protected":false},"excerpt":{"rendered":"<p>L'entreprise informatique Ergon a d\u00e9velopp\u00e9 une solution pour Digitec Galaxus afin d'optimiser la taille des paquets et la consommation des ressources. Les deux entreprises ont d\u00e9cid\u00e9 ensemble de publier la solution propos\u00e9e. L'objectif : contribuer au d\u00e9veloppement durable. Car l'utilit\u00e9 de l'approche va au-del\u00e0 de la vente par correspondance. comme on le dit. <\/p>","protected":false},"author":4,"featured_media":21158,"comment_status":"closed","ping_status":"closed","sticky":false,"template":"","format":"standard","meta":{"_acf_changed":false,"_yoast_wpseo_focuskw":"KI-L\u00f6sung","_yoast_wpseo_metadesc":"Das IT-Unternehmen Ergon hat f\u00fcr Digitec Galaxus eine KI-L\u00f6sung entwickelt, um die Paketgr\u00f6ssen und den Ressourcenverbrauch zu optimieren.","articlekey":"","footnotes":""},"categories":[580],"tags":[156,286,328,358],"class_list":["post-21157","post","type-post","status-publish","format-standard","has-post-thumbnail","hentry","category-sustainability","tag-digitalisierung","tag-it","tag-logistik","tag-nachhaltige-wirtschaft"],"acf":[],"yoast_head":"<!-- This site is optimized with the Yoast SEO plugin v27.5 - https:\/\/yoast.com\/product\/yoast-seo-wordpress\/ -->\n<title>KI-L\u00f6sung f\u00fcr mehr Nachhaltigkeit - Organisator<\/title>\n<meta name=\"description\" content=\"Das IT-Unternehmen Ergon hat f\u00fcr Digitec Galaxus eine KI-L\u00f6sung entwickelt, um die Paketgr\u00f6ssen und den Ressourcenverbrauch zu optimieren.\" \/>\n<meta name=\"robots\" content=\"index, follow, max-snippet:-1, max-image-preview:large, max-video-preview:-1\" \/>\n<link rel=\"canonical\" href=\"https:\/\/www.organisator.ch\/fr\/sustainability\/2023-08-08\/ki-loesung-fuer-mehr-nachhaltigkeit\/\" \/>\n<meta property=\"og:locale\" content=\"fr_FR\" \/>\n<meta property=\"og:type\" content=\"article\" \/>\n<meta property=\"og:title\" content=\"KI-L\u00f6sung f\u00fcr mehr Nachhaltigkeit\" \/>\n<meta property=\"og:description\" content=\"Das IT-Unternehmen Ergon hat f\u00fcr Digitec Galaxus eine KI-L\u00f6sung entwickelt, um die Paketgr\u00f6ssen und den Ressourcenverbrauch zu optimieren.\" \/>\n<meta property=\"og:url\" content=\"https:\/\/www.organisator.ch\/fr\/sustainability\/2023-08-08\/ki-loesung-fuer-mehr-nachhaltigkeit\/\" \/>\n<meta property=\"og:site_name\" content=\"Organisator\" \/>\n<meta property=\"article:publisher\" content=\"https:\/\/www.facebook.com\/OrganisatorFachmagazin\" \/>\n<meta property=\"article:published_time\" content=\"2023-08-08T06:21:05+00:00\" \/>\n<meta property=\"og:image\" content=\"https:\/\/www.organisator.ch\/wp-content\/uploads\/2023\/08\/KI-Loesung-fuer-mehr-Nachhaltigkeit_Organisator.jpg\" \/>\n\t<meta property=\"og:image:width\" content=\"680\" \/>\n\t<meta property=\"og:image:height\" content=\"453\" \/>\n\t<meta property=\"og:image:type\" content=\"image\/jpeg\" \/>\n<meta name=\"author\" content=\"thomas.berner\" \/>\n<meta name=\"twitter:card\" content=\"summary_large_image\" \/>\n<meta name=\"twitter:title\" content=\"#KI-L\u00f6sung f\u00fcr mehr #Nachhaltigkeit\" \/>\n<meta name=\"twitter:description\" content=\"Das #IT-Unternehmen #Ergon hat f\u00fcr Digitec #Galaxus eine #KI-L\u00f6sung entwickelt, um die #Paketgr\u00f6ssen und den #Ressourcenverbrauch zu optimieren.\" \/>\n<meta name=\"twitter:image\" content=\"https:\/\/www.organisator.ch\/wp-content\/uploads\/2023\/08\/KI-Loesung-fuer-mehr-Nachhaltigkeit_Organisator.jpg\" \/>\n<script type=\"application\/ld+json\" class=\"yoast-schema-graph\">{\"@context\":\"https:\\\/\\\/schema.org\",\"@graph\":[{\"@type\":\"Article\",\"@id\":\"https:\\\/\\\/www.organisator.ch\\\/sustainability\\\/2023-08-08\\\/ki-loesung-fuer-mehr-nachhaltigkeit\\\/#article\",\"isPartOf\":{\"@id\":\"https:\\\/\\\/www.organisator.ch\\\/sustainability\\\/2023-08-08\\\/ki-loesung-fuer-mehr-nachhaltigkeit\\\/\"},\"author\":{\"name\":\"thomas.berner\",\"@id\":\"https:\\\/\\\/www.organisator.ch\\\/#\\\/schema\\\/person\\\/6f650f90b2842cd4c0cc334b4e36f67e\"},\"headline\":\"KI-L\u00f6sung f\u00fcr mehr Nachhaltigkeit\",\"datePublished\":\"2023-08-08T06:21:05+00:00\",\"mainEntityOfPage\":{\"@id\":\"https:\\\/\\\/www.organisator.ch\\\/sustainability\\\/2023-08-08\\\/ki-loesung-fuer-mehr-nachhaltigkeit\\\/\"},\"wordCount\":354,\"publisher\":{\"@id\":\"https:\\\/\\\/www.organisator.ch\\\/#organization\"},\"image\":{\"@id\":\"https:\\\/\\\/www.organisator.ch\\\/sustainability\\\/2023-08-08\\\/ki-loesung-fuer-mehr-nachhaltigkeit\\\/#primaryimage\"},\"thumbnailUrl\":\"https:\\\/\\\/www.organisator.ch\\\/wp-content\\\/uploads\\\/2023\\\/08\\\/KI-Loesung-fuer-mehr-Nachhaltigkeit_Organisator.jpg\",\"keywords\":[\"Digitalisierung\",\"IT\",\"Logistik\",\"Nachhaltige Wirtschaft\"],\"articleSection\":[\"SUSTAINABILITY\"],\"inLanguage\":\"fr-FR\"},{\"@type\":\"WebPage\",\"@id\":\"https:\\\/\\\/www.organisator.ch\\\/sustainability\\\/2023-08-08\\\/ki-loesung-fuer-mehr-nachhaltigkeit\\\/\",\"url\":\"https:\\\/\\\/www.organisator.ch\\\/sustainability\\\/2023-08-08\\\/ki-loesung-fuer-mehr-nachhaltigkeit\\\/\",\"name\":\"KI-L\u00f6sung f\u00fcr mehr Nachhaltigkeit - Organisator\",\"isPartOf\":{\"@id\":\"https:\\\/\\\/www.organisator.ch\\\/#website\"},\"primaryImageOfPage\":{\"@id\":\"https:\\\/\\\/www.organisator.ch\\\/sustainability\\\/2023-08-08\\\/ki-loesung-fuer-mehr-nachhaltigkeit\\\/#primaryimage\"},\"image\":{\"@id\":\"https:\\\/\\\/www.organisator.ch\\\/sustainability\\\/2023-08-08\\\/ki-loesung-fuer-mehr-nachhaltigkeit\\\/#primaryimage\"},\"thumbnailUrl\":\"https:\\\/\\\/www.organisator.ch\\\/wp-content\\\/uploads\\\/2023\\\/08\\\/KI-Loesung-fuer-mehr-Nachhaltigkeit_Organisator.jpg\",\"datePublished\":\"2023-08-08T06:21:05+00:00\",\"description\":\"Das IT-Unternehmen Ergon hat f\u00fcr Digitec Galaxus eine KI-L\u00f6sung entwickelt, um die Paketgr\u00f6ssen und den Ressourcenverbrauch zu optimieren.\",\"breadcrumb\":{\"@id\":\"https:\\\/\\\/www.organisator.ch\\\/sustainability\\\/2023-08-08\\\/ki-loesung-fuer-mehr-nachhaltigkeit\\\/#breadcrumb\"},\"inLanguage\":\"fr-FR\",\"potentialAction\":[{\"@type\":\"ReadAction\",\"target\":[\"https:\\\/\\\/www.organisator.ch\\\/sustainability\\\/2023-08-08\\\/ki-loesung-fuer-mehr-nachhaltigkeit\\\/\"]}]},{\"@type\":\"ImageObject\",\"inLanguage\":\"fr-FR\",\"@id\":\"https:\\\/\\\/www.organisator.ch\\\/sustainability\\\/2023-08-08\\\/ki-loesung-fuer-mehr-nachhaltigkeit\\\/#primaryimage\",\"url\":\"https:\\\/\\\/www.organisator.ch\\\/wp-content\\\/uploads\\\/2023\\\/08\\\/KI-Loesung-fuer-mehr-Nachhaltigkeit_Organisator.jpg\",\"contentUrl\":\"https:\\\/\\\/www.organisator.ch\\\/wp-content\\\/uploads\\\/2023\\\/08\\\/KI-Loesung-fuer-mehr-Nachhaltigkeit_Organisator.jpg\",\"width\":680,\"height\":453,\"caption\":\"Wilhelm Kleiminger von Ergon Informatik ist \u00fcberzeugt, dass eine KI-L\u00f6sung wie sie bei Galaxus eingesetzt wird, f\u00fcr mehr Nachhaltigkeit sorgen kann. (Bild: Ergon)\"},{\"@type\":\"BreadcrumbList\",\"@id\":\"https:\\\/\\\/www.organisator.ch\\\/sustainability\\\/2023-08-08\\\/ki-loesung-fuer-mehr-nachhaltigkeit\\\/#breadcrumb\",\"itemListElement\":[{\"@type\":\"ListItem\",\"position\":1,\"name\":\"Home\",\"item\":\"https:\\\/\\\/www.organisator.ch\\\/\"},{\"@type\":\"ListItem\",\"position\":2,\"name\":\"KI-L\u00f6sung f\u00fcr mehr Nachhaltigkeit\"}]},{\"@type\":\"WebSite\",\"@id\":\"https:\\\/\\\/www.organisator.ch\\\/#website\",\"url\":\"https:\\\/\\\/www.organisator.ch\\\/\",\"name\":\"Organisator\",\"description\":\"Kompetent. Praxisnah. Der ORGANISATOR bereitet in 10 Ausgaben pro Jahr die wesentlichen Themen f\u00fcr F\u00fchrungskr\u00e4fte von KMU auf.\",\"publisher\":{\"@id\":\"https:\\\/\\\/www.organisator.ch\\\/#organization\"},\"potentialAction\":[{\"@type\":\"SearchAction\",\"target\":{\"@type\":\"EntryPoint\",\"urlTemplate\":\"https:\\\/\\\/www.organisator.ch\\\/?s={search_term_string}\"},\"query-input\":{\"@type\":\"PropertyValueSpecification\",\"valueRequired\":true,\"valueName\":\"search_term_string\"}}],\"inLanguage\":\"fr-FR\"},{\"@type\":\"Organization\",\"@id\":\"https:\\\/\\\/www.organisator.ch\\\/#organization\",\"name\":\"Organisator\",\"url\":\"https:\\\/\\\/www.organisator.ch\\\/\",\"logo\":{\"@type\":\"ImageObject\",\"inLanguage\":\"fr-FR\",\"@id\":\"https:\\\/\\\/www.organisator.ch\\\/#\\\/schema\\\/logo\\\/image\\\/\",\"url\":\"https:\\\/\\\/www.organisator.ch\\\/wp-content\\\/uploads\\\/2022\\\/01\\\/Logo_Organisator_Website.png\",\"contentUrl\":\"https:\\\/\\\/www.organisator.ch\\\/wp-content\\\/uploads\\\/2022\\\/01\\\/Logo_Organisator_Website.png\",\"width\":800,\"height\":77,\"caption\":\"Organisator\"},\"image\":{\"@id\":\"https:\\\/\\\/www.organisator.ch\\\/#\\\/schema\\\/logo\\\/image\\\/\"},\"sameAs\":[\"https:\\\/\\\/www.facebook.com\\\/OrganisatorFachmagazin\",\"https:\\\/\\\/www.linkedin.com\\\/showcase\\\/organisator-das-magazin-fr-kmu\",\"https:\\\/\\\/www.xing.com\\\/news\\\/pages\\\/organisator-ch-695\",\"https:\\\/\\\/www.youtube.com\\\/channel\\\/UCGP2Sq0iWaZwT3BdIAQFYpw\"]},{\"@type\":\"Person\",\"@id\":\"https:\\\/\\\/www.organisator.ch\\\/#\\\/schema\\\/person\\\/6f650f90b2842cd4c0cc334b4e36f67e\",\"name\":\"thomas.berner\",\"image\":{\"@type\":\"ImageObject\",\"inLanguage\":\"fr-FR\",\"@id\":\"https:\\\/\\\/secure.gravatar.com\\\/avatar\\\/ac5001d2a36cb6c6cd3e50789007ffca834b477b74a2144564522e944eabff61?s=96&d=mm&r=g\",\"url\":\"https:\\\/\\\/secure.gravatar.com\\\/avatar\\\/ac5001d2a36cb6c6cd3e50789007ffca834b477b74a2144564522e944eabff61?s=96&d=mm&r=g\",\"contentUrl\":\"https:\\\/\\\/secure.gravatar.com\\\/avatar\\\/ac5001d2a36cb6c6cd3e50789007ffca834b477b74a2144564522e944eabff61?s=96&d=mm&r=g\",\"caption\":\"thomas.berner\"},\"url\":\"https:\\\/\\\/www.organisator.ch\\\/fr\\\/author\\\/thomas-berner\\\/\"}]}<\/script>\n<!-- \/ Yoast SEO plugin. -->","yoast_head_json":{"title":"Une solution d'IA pour plus de durabilit\u00e9 - Organisateur","description":"L'entreprise informatique Ergon a d\u00e9velopp\u00e9 une solution d'intelligence artificielle pour Digitec Galaxus afin d'optimiser la taille des colis et la consommation des ressources.","robots":{"index":"index","follow":"follow","max-snippet":"max-snippet:-1","max-image-preview":"max-image-preview:large","max-video-preview":"max-video-preview:-1"},"canonical":"https:\/\/www.organisator.ch\/fr\/sustainability\/2023-08-08\/ki-loesung-fuer-mehr-nachhaltigkeit\/","og_locale":"fr_FR","og_type":"article","og_title":"KI-L\u00f6sung f\u00fcr mehr Nachhaltigkeit","og_description":"Das IT-Unternehmen Ergon hat f\u00fcr Digitec Galaxus eine KI-L\u00f6sung entwickelt, um die Paketgr\u00f6ssen und den Ressourcenverbrauch zu optimieren.","og_url":"https:\/\/www.organisator.ch\/fr\/sustainability\/2023-08-08\/ki-loesung-fuer-mehr-nachhaltigkeit\/","og_site_name":"Organisator","article_publisher":"https:\/\/www.facebook.com\/OrganisatorFachmagazin","article_published_time":"2023-08-08T06:21:05+00:00","og_image":[{"width":680,"height":453,"url":"https:\/\/www.organisator.ch\/wp-content\/uploads\/2023\/08\/KI-Loesung-fuer-mehr-Nachhaltigkeit_Organisator.jpg","type":"image\/jpeg"}],"author":"thomas.berner","twitter_card":"summary_large_image","twitter_title":"#KI-L\u00f6sung f\u00fcr mehr #Nachhaltigkeit","twitter_description":"Das #IT-Unternehmen #Ergon hat f\u00fcr Digitec #Galaxus eine #KI-L\u00f6sung entwickelt, um die #Paketgr\u00f6ssen und den #Ressourcenverbrauch zu optimieren.","twitter_image":"https:\/\/www.organisator.ch\/wp-content\/uploads\/2023\/08\/KI-Loesung-fuer-mehr-Nachhaltigkeit_Organisator.jpg","schema":{"@context":"https:\/\/schema.org","@graph":[{"@type":"Article","@id":"https:\/\/www.organisator.ch\/sustainability\/2023-08-08\/ki-loesung-fuer-mehr-nachhaltigkeit\/#article","isPartOf":{"@id":"https:\/\/www.organisator.ch\/sustainability\/2023-08-08\/ki-loesung-fuer-mehr-nachhaltigkeit\/"},"author":{"name":"thomas.berner","@id":"https:\/\/www.organisator.ch\/#\/schema\/person\/6f650f90b2842cd4c0cc334b4e36f67e"},"headline":"KI-L\u00f6sung f\u00fcr mehr Nachhaltigkeit","datePublished":"2023-08-08T06:21:05+00:00","mainEntityOfPage":{"@id":"https:\/\/www.organisator.ch\/sustainability\/2023-08-08\/ki-loesung-fuer-mehr-nachhaltigkeit\/"},"wordCount":354,"publisher":{"@id":"https:\/\/www.organisator.ch\/#organization"},"image":{"@id":"https:\/\/www.organisator.ch\/sustainability\/2023-08-08\/ki-loesung-fuer-mehr-nachhaltigkeit\/#primaryimage"},"thumbnailUrl":"https:\/\/www.organisator.ch\/wp-content\/uploads\/2023\/08\/KI-Loesung-fuer-mehr-Nachhaltigkeit_Organisator.jpg","keywords":["Digitalisierung","IT","Logistik","Nachhaltige Wirtschaft"],"articleSection":["SUSTAINABILITY"],"inLanguage":"fr-FR"},{"@type":"WebPage","@id":"https:\/\/www.organisator.ch\/sustainability\/2023-08-08\/ki-loesung-fuer-mehr-nachhaltigkeit\/","url":"https:\/\/www.organisator.ch\/sustainability\/2023-08-08\/ki-loesung-fuer-mehr-nachhaltigkeit\/","name":"Une solution d'IA pour plus de durabilit\u00e9 - Organisateur","isPartOf":{"@id":"https:\/\/www.organisator.ch\/#website"},"primaryImageOfPage":{"@id":"https:\/\/www.organisator.ch\/sustainability\/2023-08-08\/ki-loesung-fuer-mehr-nachhaltigkeit\/#primaryimage"},"image":{"@id":"https:\/\/www.organisator.ch\/sustainability\/2023-08-08\/ki-loesung-fuer-mehr-nachhaltigkeit\/#primaryimage"},"thumbnailUrl":"https:\/\/www.organisator.ch\/wp-content\/uploads\/2023\/08\/KI-Loesung-fuer-mehr-Nachhaltigkeit_Organisator.jpg","datePublished":"2023-08-08T06:21:05+00:00","description":"L'entreprise informatique Ergon a d\u00e9velopp\u00e9 une solution d'intelligence artificielle pour Digitec Galaxus afin d'optimiser la taille des colis et la consommation des ressources.","breadcrumb":{"@id":"https:\/\/www.organisator.ch\/sustainability\/2023-08-08\/ki-loesung-fuer-mehr-nachhaltigkeit\/#breadcrumb"},"inLanguage":"fr-FR","potentialAction":[{"@type":"ReadAction","target":["https:\/\/www.organisator.ch\/sustainability\/2023-08-08\/ki-loesung-fuer-mehr-nachhaltigkeit\/"]}]},{"@type":"ImageObject","inLanguage":"fr-FR","@id":"https:\/\/www.organisator.ch\/sustainability\/2023-08-08\/ki-loesung-fuer-mehr-nachhaltigkeit\/#primaryimage","url":"https:\/\/www.organisator.ch\/wp-content\/uploads\/2023\/08\/KI-Loesung-fuer-mehr-Nachhaltigkeit_Organisator.jpg","contentUrl":"https:\/\/www.organisator.ch\/wp-content\/uploads\/2023\/08\/KI-Loesung-fuer-mehr-Nachhaltigkeit_Organisator.jpg","width":680,"height":453,"caption":"Wilhelm Kleiminger von Ergon Informatik ist \u00fcberzeugt, dass eine KI-L\u00f6sung wie sie bei Galaxus eingesetzt wird, f\u00fcr mehr Nachhaltigkeit sorgen kann. (Bild: Ergon)"},{"@type":"BreadcrumbList","@id":"https:\/\/www.organisator.ch\/sustainability\/2023-08-08\/ki-loesung-fuer-mehr-nachhaltigkeit\/#breadcrumb","itemListElement":[{"@type":"ListItem","position":1,"name":"Home","item":"https:\/\/www.organisator.ch\/"},{"@type":"ListItem","position":2,"name":"KI-L\u00f6sung f\u00fcr mehr Nachhaltigkeit"}]},{"@type":"WebSite","@id":"https:\/\/www.organisator.ch\/#website","url":"https:\/\/www.organisator.ch\/","name":"Organisateur","description":"Comp\u00e9tence et comp\u00e9tence. Proches de la pratique. L'ORGANISATEUR pr\u00e9pare 10 num\u00e9ros par an sur les th\u00e8mes essentiels pour les dirigeants de PME.","publisher":{"@id":"https:\/\/www.organisator.ch\/#organization"},"potentialAction":[{"@type":"SearchAction","target":{"@type":"EntryPoint","urlTemplate":"https:\/\/www.organisator.ch\/?s={search_term_string}"},"query-input":{"@type":"PropertyValueSpecification","valueRequired":true,"valueName":"search_term_string"}}],"inLanguage":"fr-FR"},{"@type":"Organization","@id":"https:\/\/www.organisator.ch\/#organization","name":"Organisateur","url":"https:\/\/www.organisator.ch\/","logo":{"@type":"ImageObject","inLanguage":"fr-FR","@id":"https:\/\/www.organisator.ch\/#\/schema\/logo\/image\/","url":"https:\/\/www.organisator.ch\/wp-content\/uploads\/2022\/01\/Logo_Organisator_Website.png","contentUrl":"https:\/\/www.organisator.ch\/wp-content\/uploads\/2022\/01\/Logo_Organisator_Website.png","width":800,"height":77,"caption":"Organisator"},"image":{"@id":"https:\/\/www.organisator.ch\/#\/schema\/logo\/image\/"},"sameAs":["https:\/\/www.facebook.com\/OrganisatorFachmagazin","https:\/\/www.linkedin.com\/showcase\/organisator-das-magazin-fr-kmu","https:\/\/www.xing.com\/news\/pages\/organisator-ch-695","https:\/\/www.youtube.com\/channel\/UCGP2Sq0iWaZwT3BdIAQFYpw"]},{"@type":"Person","@id":"https:\/\/www.organisator.ch\/#\/schema\/person\/6f650f90b2842cd4c0cc334b4e36f67e","name":"thomas.berner","image":{"@type":"ImageObject","inLanguage":"fr-FR","@id":"https:\/\/secure.gravatar.com\/avatar\/ac5001d2a36cb6c6cd3e50789007ffca834b477b74a2144564522e944eabff61?s=96&d=mm&r=g","url":"https:\/\/secure.gravatar.com\/avatar\/ac5001d2a36cb6c6cd3e50789007ffca834b477b74a2144564522e944eabff61?s=96&d=mm&r=g","contentUrl":"https:\/\/secure.gravatar.com\/avatar\/ac5001d2a36cb6c6cd3e50789007ffca834b477b74a2144564522e944eabff61?s=96&d=mm&r=g","caption":"thomas.berner"},"url":"https:\/\/www.organisator.ch\/fr\/author\/thomas-berner\/"}]}},"_links":{"self":[{"href":"https:\/\/www.organisator.ch\/fr\/wp-json\/wp\/v2\/posts\/21157","targetHints":{"allow":["GET"]}}],"collection":[{"href":"https:\/\/www.organisator.ch\/fr\/wp-json\/wp\/v2\/posts"}],"about":[{"href":"https:\/\/www.organisator.ch\/fr\/wp-json\/wp\/v2\/types\/post"}],"author":[{"embeddable":true,"href":"https:\/\/www.organisator.ch\/fr\/wp-json\/wp\/v2\/users\/4"}],"replies":[{"embeddable":true,"href":"https:\/\/www.organisator.ch\/fr\/wp-json\/wp\/v2\/comments?post=21157"}],"version-history":[{"count":4,"href":"https:\/\/www.organisator.ch\/fr\/wp-json\/wp\/v2\/posts\/21157\/revisions"}],"predecessor-version":[{"id":21417,"href":"https:\/\/www.organisator.ch\/fr\/wp-json\/wp\/v2\/posts\/21157\/revisions\/21417"}],"wp:featuredmedia":[{"embeddable":true,"href":"https:\/\/www.organisator.ch\/fr\/wp-json\/wp\/v2\/media\/21158"}],"wp:attachment":[{"href":"https:\/\/www.organisator.ch\/fr\/wp-json\/wp\/v2\/media?parent=21157"}],"wp:term":[{"taxonomy":"category","embeddable":true,"href":"https:\/\/www.organisator.ch\/fr\/wp-json\/wp\/v2\/categories?post=21157"},{"taxonomy":"post_tag","embeddable":true,"href":"https:\/\/www.organisator.ch\/fr\/wp-json\/wp\/v2\/tags?post=21157"}],"curies":[{"name":"wp","href":"https:\/\/api.w.org\/{rel}","templated":true}]}}