{"id":2116,"date":"2017-06-29T08:15:31","date_gmt":"2017-06-29T06:15:31","guid":{"rendered":"https:\/\/www.organisator.ch\/?p=2116"},"modified":"2017-06-29T08:15:31","modified_gmt":"2017-06-29T06:15:31","slug":"digital-summit-fuer-kmu-geht-nun-an-den-start","status":"publish","type":"post","link":"https:\/\/www.organisator.ch\/fr\/management\/it\/2017-06-29\/digital-summit-fuer-kmu-geht-nun-an-den-start\/","title":{"rendered":"Le Sommet num\u00e9rique pour les PME est d\u00e9sormais sur les rails"},"content":{"rendered":"<figure id=\"attachment_2117\" aria-describedby=\"caption-attachment-2117\" style=\"width: 640px\" class=\"wp-caption alignnone\"><img loading=\"lazy\" decoding=\"async\" class=\"size-full wp-image-2117\" src=\"https:\/\/www.organisator.ch\/wp-content\/uploads\/2017\/06\/Digital-Summit-fuer-KMU-geht-nun-an-den-Start_Organisator.jpg\" alt=\"\" width=\"640\" height=\"427\" srcset=\"https:\/\/www.organisator.ch\/wp-content\/uploads\/2017\/06\/Digital-Summit-fuer-KMU-geht-nun-an-den-Start_Organisator.jpg 640w, https:\/\/www.organisator.ch\/wp-content\/uploads\/2017\/06\/Digital-Summit-fuer-KMU-geht-nun-an-den-Start_Organisator-16x12.jpg 16w, https:\/\/www.organisator.ch\/wp-content\/uploads\/2017\/06\/Digital-Summit-fuer-KMU-geht-nun-an-den-Start_Organisator-262x175.jpg 262w, https:\/\/www.organisator.ch\/wp-content\/uploads\/2017\/06\/Digital-Summit-fuer-KMU-geht-nun-an-den-Start_Organisator-525x350.jpg 525w, https:\/\/www.organisator.ch\/wp-content\/uploads\/2017\/06\/Digital-Summit-fuer-KMU-geht-nun-an-den-Start_Organisator-300x200.jpg 300w\" sizes=\"auto, (max-width: 640px) 100vw, 640px\" \/><figcaption id=\"caption-attachment-2117\" class=\"wp-caption-text\">Le Digital Summit pour PME f\u00eatera sa premi\u00e8re avec des partenaires de renom les 29 et 30 ao\u00fbt. (Image : PD \/ Digital Summit PME)<\/figcaption><\/figure>\n<p>Des entreprises suisses de renom telles que Google, SAP, Postfinance, IAB Switzerland ou PME Swiss, plus de 40 experts de haut niveau, des keynotes inspirantes et des ateliers d'apprentissage ax\u00e9s sur la pratique, telles sont les caract\u00e9ristiques de cette manifestation, selon les indications des organisateurs. \"Le Digital Summit pour les PME est un jalon important sur la voie de la transformation num\u00e9rique. C'est pourquoi nous nous engageons activement en tant que partenaire pour ce congr\u00e8s avec ateliers d'apprentissage !\", d\u00e9clare Nicolas B\u00fcrer de digitalswitzerland, l'organisation responsable de l'\u00e9v\u00e9nement. Dans plus de 30 ateliers d'apprentissage, les directeurs et les d\u00e9cideurs de PME apprendront comment utiliser avec succ\u00e8s les possibilit\u00e9s offertes par la num\u00e9risation. Deux \u00e9v\u00e9nements sp\u00e9ciaux destin\u00e9s aux PME des r\u00e9gions de montagne ainsi qu'aux start-up et aux cr\u00e9ateurs d'entreprise constitueront d'autres points forts.<\/p>\n<p><strong>R\u00e9ponses \u00e0 la question : Lancer la num\u00e9risation - <\/strong><strong>oui, mais comment ?<\/strong><\/p>\n<p>Aujourd'hui, il n'est plus gu\u00e8re n\u00e9cessaire d'expliquer ce que signifie la num\u00e9risation. Presque tout le monde utilise les boutiques en ligne, les m\u00e9dias sociaux, Google Ads ou tout simplement le smartphone. La question d\u00e9cisive est plut\u00f4t de savoir comment bien s'y prendre ? Comment construire des boutiques en ligne performantes et utiliser les m\u00e9dias sociaux de mani\u00e8re profitable pour l'entreprise ? Par quoi faut-il commencer ? \"Notre objectif est d'aller chercher les entrepreneurs l\u00e0 o\u00f9 ils se trouvent et de r\u00e9pondre \u00e0 la question du \"comment\" avec des solutions concr\u00e8tes et des outils pratiques\", explique Thomas Bergmann, Digital Head &amp; chef de projet du Digital Summit pour les PME.<\/p>\n<p><strong>Qu'est-ce qui attend les participants ?<\/strong><\/p>\n<p>Les participants peuvent s'attendre \u00e0 des r\u00e9ponses et des solutions concr\u00e8tes, des outils et des listes de contr\u00f4le \u00e0 emporter. Celles-ci seront pr\u00e9sent\u00e9es et pr\u00e9par\u00e9es de mani\u00e8re pratique par des experts du commerce num\u00e9rique tels que le professeur Martina Dalla Vecchia et le Dr Marc Peter, FHNW, Roger Baur, IAB Switzerland, Rolf Schumann, SAP, J\u00f6rg Eugster, Netbusiness, Benedikt Bitzi, Google ou Beat B\u00fchlmann, Evernote et bien d'autres. L'EXPO num\u00e9rique pour les PME qui l'accompagne permet un \u00e9change direct et personnel avec les experts. Les organisateurs sont convaincus que le Digital Summit pour PME offre en deux jours seulement l'orientation, l'aide et le savoir-faire n\u00e9cessaires, sous une forme qui n'a pas encore \u00e9t\u00e9 possible en Suisse.<\/p>\n<p><strong>Quels sont les th\u00e8mes ?<\/strong><\/p>\n<p>Tous les aspects pertinents pour une num\u00e9risation r\u00e9ussie sont abord\u00e9s. L'accent est mis sur :<\/p>\n<ul>\n<li>Transformation num\u00e9rique : il s'agit de d\u00e9finir de nouvelles strat\u00e9gies, de nouveaux processus et de nouveaux domaines d'activit\u00e9. La num\u00e9risation est l'un des facteurs cl\u00e9s du maintien de la comp\u00e9titivit\u00e9.<\/li>\n<li>Leadership num\u00e9rique : le monde du travail de demain a besoin de nouvelles structures de direction ! Les collaborateurs et la communication changent fondamentalement. Les hi\u00e9rarchies fortes et les styles de direction rigides sont consid\u00e9r\u00e9s comme d\u00e9pass\u00e9s.<\/li>\n<li>Marketing num\u00e9rique : comment trouver ses clients \u00e0 l'avenir ? Comment le march\u00e9 \u00e9volue-t-il ? Le changement num\u00e9rique a un impact sur le comportement des clients en mati\u00e8re d'information et sur les processus de d\u00e9cision d'achat !<\/li>\n<\/ul>\n<p>Le groupe cible est principalement constitu\u00e9 d'entrepreneurs de moyennes entreprises, de directeurs et de cadres innovants (niveau C), de petits entrepreneurs, de start-ups, de solo-preneurs, de cr\u00e9ateurs d'entreprises et de PME des r\u00e9gions de montagne.<\/p>\n<p><strong>\"Digital Summit on Tour<\/strong><strong>\u201e<\/strong><\/p>\n<p>M\u00eame apr\u00e8s la premi\u00e8re \u00e9dition du congr\u00e8s fin ao\u00fbt, les participants continueront d'\u00eatre soutenus dans leur d\u00e9marche par des informations et des outils. Ewa Ming va m\u00eame plus loin avec ses id\u00e9es : \"Pour la premi\u00e8re fois, un congr\u00e8s sur le savoir va voyager. Avec le \"Digital Summit on Tour\", nous serons sur place dans de nombreuses villes suisses et donc proches des clients. Nous assurons ainsi un transfert de connaissances continu dans le cadre de la num\u00e9risation des entreprises en Suisse. En outre, des ateliers th\u00e9matiques et des ateliers de r\u00e9flexion inspirants seront organis\u00e9s \u00e0 la fabrique de valeur ajout\u00e9e MfO d'Oerlikon. Les intervenants, les partenaires, les participants et les sponsors seront impliqu\u00e9s 365 jours durant et se mettront en r\u00e9seau\".<\/p>\n<p><em>Plus d'informations et inscription : Des billets early-bird sont disponibles d\u00e8s maintenant \u00e0 l'adresse suivante : <a href=\"http:\/\/www.digital-summit-kmu.ch\/tickets\/\">http:\/\/www.digital-summit-kmu.ch\/tickets\/<\/a>. Important : tous les participants inscrits b\u00e9n\u00e9ficient automatiquement de r\u00e9ductions pour les manifestations suivantes du programme. <\/em><em>\"Digital Summit on Tour\".<\/em><\/p>","protected":false},"excerpt":{"rendered":"<p>Namhafte Schweizer Unternehmen wie Google, SAP, Postfinance, IAB Switzerland oder KMU Swiss, \u00fcber 40 Top-Experten, inspirierende Keynotes und praxis-relevante Lernwerkst\u00e4tte werden gem\u00e4ss den Angaben der Veranstalter den Anlass gestalten. &#8222;Der Digital Summit f\u00fcr KMU ist ein wichtiger Meilenstein auf dem Weg zur digitalen Transformation. Deshalb engagieren wir uns aktiv als Partner f\u00fcr diesen Kongress mit [&hellip;]<\/p>\n","protected":false},"author":4,"featured_media":2117,"comment_status":"open","ping_status":"open","sticky":false,"template":"","format":"standard","meta":{"_acf_changed":false,"_yoast_wpseo_focuskw":"Digital Summit f\u00fcr KMU","_yoast_wpseo_metadesc":"Der erste Digital Summit f\u00fcr KMU am 29. und 30. August in der Messe Z\u00fcrich will den KMU helfen, die Herausforderungen der Digitalisierung zu meistern.","articlekey":"","footnotes":""},"categories":[27],"tags":[193,286,339,496],"class_list":["post-2116","post","type-post","status-publish","format-standard","has-post-thumbnail","hentry","category-it","tag-fachkongressfachmesse","tag-it","tag-marketing","tag-unternehmensfuehrung"],"acf":[],"yoast_head":"<!-- This site is optimized with the Yoast SEO plugin v27.4 - https:\/\/yoast.com\/product\/yoast-seo-wordpress\/ -->\n<title>Digital Summit f\u00fcr KMU geht nun an den Start - Organisator<\/title>\n<meta name=\"description\" content=\"Der erste Digital Summit f\u00fcr KMU am 29. und 30. August in der Messe Z\u00fcrich will den KMU helfen, die Herausforderungen der Digitalisierung zu meistern.\" \/>\n<meta name=\"robots\" content=\"index, follow, max-snippet:-1, max-image-preview:large, max-video-preview:-1\" \/>\n<link rel=\"canonical\" href=\"https:\/\/www.organisator.ch\/fr\/gestion-2\/it\/2017-06-29\/digital-summit-fuer-kmu-geht-nun-an-den-start\/\" \/>\n<meta property=\"og:locale\" content=\"fr_FR\" \/>\n<meta property=\"og:type\" content=\"article\" \/>\n<meta property=\"og:title\" content=\"Digital Summit f\u00fcr KMU geht nun an den Start\" \/>\n<meta property=\"og:description\" content=\"Der erste Digital Summit f\u00fcr #KMU am 29. und 30. August in der Messe Z\u00fcrich will den KMU helfen, die Herausforderungen der #Digitalisierung zu meistern. #DigitalSummit\" \/>\n<meta property=\"og:url\" content=\"https:\/\/www.organisator.ch\/fr\/gestion-2\/it\/2017-06-29\/digital-summit-fuer-kmu-geht-nun-an-den-start\/\" \/>\n<meta property=\"og:site_name\" content=\"Organisator\" \/>\n<meta property=\"article:publisher\" content=\"https:\/\/www.facebook.com\/OrganisatorFachmagazin\" \/>\n<meta property=\"article:published_time\" content=\"2017-06-29T06:15:31+00:00\" \/>\n<meta property=\"og:image\" content=\"https:\/\/www.organisator.ch\/wp-content\/uploads\/2017\/06\/Digital-Summit-fuer-KMU-geht-nun-an-den-Start_Organisator.jpg\" \/>\n\t<meta property=\"og:image:width\" content=\"640\" \/>\n\t<meta property=\"og:image:height\" content=\"427\" \/>\n\t<meta property=\"og:image:type\" content=\"image\/jpeg\" \/>\n<meta name=\"author\" content=\"thomas.berner\" \/>\n<meta name=\"twitter:card\" content=\"summary_large_image\" \/>\n<meta name=\"twitter:title\" content=\"Digital Summit f\u00fcr #KMU geht nun an den Start #DigitalSummit\" \/>\n<meta name=\"twitter:description\" content=\"Der erste Digital Summit f\u00fcr KMU am 29. und 30. August in der Messe Z\u00fcrich will den KMU helfen, die Herausforderungen der #Digitalisierung zu meistern.\" \/>\n<meta name=\"twitter:image\" content=\"https:\/\/www.organisator.ch\/wp-content\/uploads\/2017\/06\/Digital-Summit-f\u00fcr-KMU-geht-nun-an-den-Start_Organisator.jpg\" \/>\n<script type=\"application\/ld+json\" class=\"yoast-schema-graph\">{\"@context\":\"https:\\\/\\\/schema.org\",\"@graph\":[{\"@type\":\"Article\",\"@id\":\"https:\\\/\\\/www.organisator.ch\\\/management\\\/it\\\/2017-06-29\\\/digital-summit-fuer-kmu-geht-nun-an-den-start\\\/#article\",\"isPartOf\":{\"@id\":\"https:\\\/\\\/www.organisator.ch\\\/management\\\/it\\\/2017-06-29\\\/digital-summit-fuer-kmu-geht-nun-an-den-start\\\/\"},\"author\":{\"name\":\"thomas.berner\",\"@id\":\"https:\\\/\\\/www.organisator.ch\\\/#\\\/schema\\\/person\\\/6f650f90b2842cd4c0cc334b4e36f67e\"},\"headline\":\"Digital Summit f\u00fcr KMU geht nun an den Start\",\"datePublished\":\"2017-06-29T06:15:31+00:00\",\"mainEntityOfPage\":{\"@id\":\"https:\\\/\\\/www.organisator.ch\\\/management\\\/it\\\/2017-06-29\\\/digital-summit-fuer-kmu-geht-nun-an-den-start\\\/\"},\"wordCount\":618,\"commentCount\":0,\"publisher\":{\"@id\":\"https:\\\/\\\/www.organisator.ch\\\/#organization\"},\"image\":{\"@id\":\"https:\\\/\\\/www.organisator.ch\\\/management\\\/it\\\/2017-06-29\\\/digital-summit-fuer-kmu-geht-nun-an-den-start\\\/#primaryimage\"},\"thumbnailUrl\":\"https:\\\/\\\/www.organisator.ch\\\/wp-content\\\/uploads\\\/2017\\\/06\\\/Digital-Summit-fuer-KMU-geht-nun-an-den-Start_Organisator.jpg\",\"keywords\":[\"Fachkongress\\\/Fachmesse\",\"IT\",\"Marketing\",\"Unternehmensf\u00fchrung\"],\"articleSection\":[\"IT\"],\"inLanguage\":\"fr-FR\"},{\"@type\":\"WebPage\",\"@id\":\"https:\\\/\\\/www.organisator.ch\\\/management\\\/it\\\/2017-06-29\\\/digital-summit-fuer-kmu-geht-nun-an-den-start\\\/\",\"url\":\"https:\\\/\\\/www.organisator.ch\\\/management\\\/it\\\/2017-06-29\\\/digital-summit-fuer-kmu-geht-nun-an-den-start\\\/\",\"name\":\"Digital Summit f\u00fcr KMU geht nun an den Start - Organisator\",\"isPartOf\":{\"@id\":\"https:\\\/\\\/www.organisator.ch\\\/#website\"},\"primaryImageOfPage\":{\"@id\":\"https:\\\/\\\/www.organisator.ch\\\/management\\\/it\\\/2017-06-29\\\/digital-summit-fuer-kmu-geht-nun-an-den-start\\\/#primaryimage\"},\"image\":{\"@id\":\"https:\\\/\\\/www.organisator.ch\\\/management\\\/it\\\/2017-06-29\\\/digital-summit-fuer-kmu-geht-nun-an-den-start\\\/#primaryimage\"},\"thumbnailUrl\":\"https:\\\/\\\/www.organisator.ch\\\/wp-content\\\/uploads\\\/2017\\\/06\\\/Digital-Summit-fuer-KMU-geht-nun-an-den-Start_Organisator.jpg\",\"datePublished\":\"2017-06-29T06:15:31+00:00\",\"description\":\"Der erste Digital Summit f\u00fcr KMU am 29. und 30. August in der Messe Z\u00fcrich will den KMU helfen, die Herausforderungen der Digitalisierung zu meistern.\",\"breadcrumb\":{\"@id\":\"https:\\\/\\\/www.organisator.ch\\\/management\\\/it\\\/2017-06-29\\\/digital-summit-fuer-kmu-geht-nun-an-den-start\\\/#breadcrumb\"},\"inLanguage\":\"fr-FR\",\"potentialAction\":[{\"@type\":\"ReadAction\",\"target\":[\"https:\\\/\\\/www.organisator.ch\\\/management\\\/it\\\/2017-06-29\\\/digital-summit-fuer-kmu-geht-nun-an-den-start\\\/\"]}]},{\"@type\":\"ImageObject\",\"inLanguage\":\"fr-FR\",\"@id\":\"https:\\\/\\\/www.organisator.ch\\\/management\\\/it\\\/2017-06-29\\\/digital-summit-fuer-kmu-geht-nun-an-den-start\\\/#primaryimage\",\"url\":\"https:\\\/\\\/www.organisator.ch\\\/wp-content\\\/uploads\\\/2017\\\/06\\\/Digital-Summit-fuer-KMU-geht-nun-an-den-Start_Organisator.jpg\",\"contentUrl\":\"https:\\\/\\\/www.organisator.ch\\\/wp-content\\\/uploads\\\/2017\\\/06\\\/Digital-Summit-fuer-KMU-geht-nun-an-den-Start_Organisator.jpg\",\"width\":640,\"height\":427,\"caption\":\"Der Digital Summit f\u00fcr KMU feiert mit namhaften Partnern am 29.\\\/30. August Premiere. (Bild: PD \\\/ Digital Summit)\"},{\"@type\":\"BreadcrumbList\",\"@id\":\"https:\\\/\\\/www.organisator.ch\\\/management\\\/it\\\/2017-06-29\\\/digital-summit-fuer-kmu-geht-nun-an-den-start\\\/#breadcrumb\",\"itemListElement\":[{\"@type\":\"ListItem\",\"position\":1,\"name\":\"Home\",\"item\":\"https:\\\/\\\/www.organisator.ch\\\/\"},{\"@type\":\"ListItem\",\"position\":2,\"name\":\"Digital Summit f\u00fcr KMU geht nun an den Start\"}]},{\"@type\":\"WebSite\",\"@id\":\"https:\\\/\\\/www.organisator.ch\\\/#website\",\"url\":\"https:\\\/\\\/www.organisator.ch\\\/\",\"name\":\"Organisator\",\"description\":\"Kompetent. Praxisnah. Der ORGANISATOR bereitet in 10 Ausgaben pro Jahr die wesentlichen Themen f\u00fcr F\u00fchrungskr\u00e4fte von KMU auf.\",\"publisher\":{\"@id\":\"https:\\\/\\\/www.organisator.ch\\\/#organization\"},\"potentialAction\":[{\"@type\":\"SearchAction\",\"target\":{\"@type\":\"EntryPoint\",\"urlTemplate\":\"https:\\\/\\\/www.organisator.ch\\\/?s={search_term_string}\"},\"query-input\":{\"@type\":\"PropertyValueSpecification\",\"valueRequired\":true,\"valueName\":\"search_term_string\"}}],\"inLanguage\":\"fr-FR\"},{\"@type\":\"Organization\",\"@id\":\"https:\\\/\\\/www.organisator.ch\\\/#organization\",\"name\":\"Organisator\",\"url\":\"https:\\\/\\\/www.organisator.ch\\\/\",\"logo\":{\"@type\":\"ImageObject\",\"inLanguage\":\"fr-FR\",\"@id\":\"https:\\\/\\\/www.organisator.ch\\\/#\\\/schema\\\/logo\\\/image\\\/\",\"url\":\"https:\\\/\\\/www.organisator.ch\\\/wp-content\\\/uploads\\\/2022\\\/01\\\/Logo_Organisator_Website.png\",\"contentUrl\":\"https:\\\/\\\/www.organisator.ch\\\/wp-content\\\/uploads\\\/2022\\\/01\\\/Logo_Organisator_Website.png\",\"width\":800,\"height\":77,\"caption\":\"Organisator\"},\"image\":{\"@id\":\"https:\\\/\\\/www.organisator.ch\\\/#\\\/schema\\\/logo\\\/image\\\/\"},\"sameAs\":[\"https:\\\/\\\/www.facebook.com\\\/OrganisatorFachmagazin\",\"https:\\\/\\\/www.linkedin.com\\\/showcase\\\/organisator-das-magazin-fr-kmu\",\"https:\\\/\\\/www.xing.com\\\/news\\\/pages\\\/organisator-ch-695\",\"https:\\\/\\\/www.youtube.com\\\/channel\\\/UCGP2Sq0iWaZwT3BdIAQFYpw\"]},{\"@type\":\"Person\",\"@id\":\"https:\\\/\\\/www.organisator.ch\\\/#\\\/schema\\\/person\\\/6f650f90b2842cd4c0cc334b4e36f67e\",\"name\":\"thomas.berner\",\"image\":{\"@type\":\"ImageObject\",\"inLanguage\":\"fr-FR\",\"@id\":\"https:\\\/\\\/secure.gravatar.com\\\/avatar\\\/ac5001d2a36cb6c6cd3e50789007ffca834b477b74a2144564522e944eabff61?s=96&d=mm&r=g\",\"url\":\"https:\\\/\\\/secure.gravatar.com\\\/avatar\\\/ac5001d2a36cb6c6cd3e50789007ffca834b477b74a2144564522e944eabff61?s=96&d=mm&r=g\",\"contentUrl\":\"https:\\\/\\\/secure.gravatar.com\\\/avatar\\\/ac5001d2a36cb6c6cd3e50789007ffca834b477b74a2144564522e944eabff61?s=96&d=mm&r=g\",\"caption\":\"thomas.berner\"},\"url\":\"https:\\\/\\\/www.organisator.ch\\\/fr\\\/author\\\/thomas-berner\\\/\"}]}<\/script>\n<!-- \/ Yoast SEO plugin. -->","yoast_head_json":{"title":"Le Sommet num\u00e9rique pour les PME est d\u00e9sormais sur les rails - Organisateur","description":"Le premier Digital Summit pour PME, qui se tiendra les 29 et 30 ao\u00fbt \u00e0 Messe Z\u00fcrich, a pour objectif d'aider les PME \u00e0 relever les d\u00e9fis de la num\u00e9risation.","robots":{"index":"index","follow":"follow","max-snippet":"max-snippet:-1","max-image-preview":"max-image-preview:large","max-video-preview":"max-video-preview:-1"},"canonical":"https:\/\/www.organisator.ch\/fr\/gestion-2\/it\/2017-06-29\/digital-summit-fuer-kmu-geht-nun-an-den-start\/","og_locale":"fr_FR","og_type":"article","og_title":"Digital Summit f\u00fcr KMU geht nun an den Start","og_description":"Der erste Digital Summit f\u00fcr #KMU am 29. und 30. August in der Messe Z\u00fcrich will den KMU helfen, die Herausforderungen der #Digitalisierung zu meistern. #DigitalSummit","og_url":"https:\/\/www.organisator.ch\/fr\/gestion-2\/it\/2017-06-29\/digital-summit-fuer-kmu-geht-nun-an-den-start\/","og_site_name":"Organisator","article_publisher":"https:\/\/www.facebook.com\/OrganisatorFachmagazin","article_published_time":"2017-06-29T06:15:31+00:00","og_image":[{"width":640,"height":427,"url":"https:\/\/www.organisator.ch\/wp-content\/uploads\/2017\/06\/Digital-Summit-fuer-KMU-geht-nun-an-den-Start_Organisator.jpg","type":"image\/jpeg"}],"author":"thomas.berner","twitter_card":"summary_large_image","twitter_title":"Digital Summit f\u00fcr #KMU geht nun an den Start #DigitalSummit","twitter_description":"Der erste Digital Summit f\u00fcr KMU am 29. und 30. August in der Messe Z\u00fcrich will den KMU helfen, die Herausforderungen der #Digitalisierung zu meistern.","twitter_image":"https:\/\/www.organisator.ch\/wp-content\/uploads\/2017\/06\/Digital-Summit-f\u00fcr-KMU-geht-nun-an-den-Start_Organisator.jpg","schema":{"@context":"https:\/\/schema.org","@graph":[{"@type":"Article","@id":"https:\/\/www.organisator.ch\/management\/it\/2017-06-29\/digital-summit-fuer-kmu-geht-nun-an-den-start\/#article","isPartOf":{"@id":"https:\/\/www.organisator.ch\/management\/it\/2017-06-29\/digital-summit-fuer-kmu-geht-nun-an-den-start\/"},"author":{"name":"thomas.berner","@id":"https:\/\/www.organisator.ch\/#\/schema\/person\/6f650f90b2842cd4c0cc334b4e36f67e"},"headline":"Digital Summit f\u00fcr KMU geht nun an den Start","datePublished":"2017-06-29T06:15:31+00:00","mainEntityOfPage":{"@id":"https:\/\/www.organisator.ch\/management\/it\/2017-06-29\/digital-summit-fuer-kmu-geht-nun-an-den-start\/"},"wordCount":618,"commentCount":0,"publisher":{"@id":"https:\/\/www.organisator.ch\/#organization"},"image":{"@id":"https:\/\/www.organisator.ch\/management\/it\/2017-06-29\/digital-summit-fuer-kmu-geht-nun-an-den-start\/#primaryimage"},"thumbnailUrl":"https:\/\/www.organisator.ch\/wp-content\/uploads\/2017\/06\/Digital-Summit-fuer-KMU-geht-nun-an-den-Start_Organisator.jpg","keywords":["Fachkongress\/Fachmesse","IT","Marketing","Unternehmensf\u00fchrung"],"articleSection":["IT"],"inLanguage":"fr-FR"},{"@type":"WebPage","@id":"https:\/\/www.organisator.ch\/management\/it\/2017-06-29\/digital-summit-fuer-kmu-geht-nun-an-den-start\/","url":"https:\/\/www.organisator.ch\/management\/it\/2017-06-29\/digital-summit-fuer-kmu-geht-nun-an-den-start\/","name":"Le Sommet num\u00e9rique pour les PME est d\u00e9sormais sur les rails - Organisateur","isPartOf":{"@id":"https:\/\/www.organisator.ch\/#website"},"primaryImageOfPage":{"@id":"https:\/\/www.organisator.ch\/management\/it\/2017-06-29\/digital-summit-fuer-kmu-geht-nun-an-den-start\/#primaryimage"},"image":{"@id":"https:\/\/www.organisator.ch\/management\/it\/2017-06-29\/digital-summit-fuer-kmu-geht-nun-an-den-start\/#primaryimage"},"thumbnailUrl":"https:\/\/www.organisator.ch\/wp-content\/uploads\/2017\/06\/Digital-Summit-fuer-KMU-geht-nun-an-den-Start_Organisator.jpg","datePublished":"2017-06-29T06:15:31+00:00","description":"Le premier Digital Summit pour PME, qui se tiendra les 29 et 30 ao\u00fbt \u00e0 Messe Z\u00fcrich, a pour objectif d'aider les PME \u00e0 relever les d\u00e9fis de la num\u00e9risation.","breadcrumb":{"@id":"https:\/\/www.organisator.ch\/management\/it\/2017-06-29\/digital-summit-fuer-kmu-geht-nun-an-den-start\/#breadcrumb"},"inLanguage":"fr-FR","potentialAction":[{"@type":"ReadAction","target":["https:\/\/www.organisator.ch\/management\/it\/2017-06-29\/digital-summit-fuer-kmu-geht-nun-an-den-start\/"]}]},{"@type":"ImageObject","inLanguage":"fr-FR","@id":"https:\/\/www.organisator.ch\/management\/it\/2017-06-29\/digital-summit-fuer-kmu-geht-nun-an-den-start\/#primaryimage","url":"https:\/\/www.organisator.ch\/wp-content\/uploads\/2017\/06\/Digital-Summit-fuer-KMU-geht-nun-an-den-Start_Organisator.jpg","contentUrl":"https:\/\/www.organisator.ch\/wp-content\/uploads\/2017\/06\/Digital-Summit-fuer-KMU-geht-nun-an-den-Start_Organisator.jpg","width":640,"height":427,"caption":"Der Digital Summit f\u00fcr KMU feiert mit namhaften Partnern am 29.\/30. August Premiere. (Bild: PD \/ Digital Summit)"},{"@type":"BreadcrumbList","@id":"https:\/\/www.organisator.ch\/management\/it\/2017-06-29\/digital-summit-fuer-kmu-geht-nun-an-den-start\/#breadcrumb","itemListElement":[{"@type":"ListItem","position":1,"name":"Home","item":"https:\/\/www.organisator.ch\/"},{"@type":"ListItem","position":2,"name":"Digital Summit f\u00fcr KMU geht nun an den Start"}]},{"@type":"WebSite","@id":"https:\/\/www.organisator.ch\/#website","url":"https:\/\/www.organisator.ch\/","name":"Organisateur","description":"Comp\u00e9tence et comp\u00e9tence. Proches de la pratique. L'ORGANISATEUR pr\u00e9pare 10 num\u00e9ros par an sur les th\u00e8mes essentiels pour les dirigeants de PME.","publisher":{"@id":"https:\/\/www.organisator.ch\/#organization"},"potentialAction":[{"@type":"SearchAction","target":{"@type":"EntryPoint","urlTemplate":"https:\/\/www.organisator.ch\/?s={search_term_string}"},"query-input":{"@type":"PropertyValueSpecification","valueRequired":true,"valueName":"search_term_string"}}],"inLanguage":"fr-FR"},{"@type":"Organization","@id":"https:\/\/www.organisator.ch\/#organization","name":"Organisateur","url":"https:\/\/www.organisator.ch\/","logo":{"@type":"ImageObject","inLanguage":"fr-FR","@id":"https:\/\/www.organisator.ch\/#\/schema\/logo\/image\/","url":"https:\/\/www.organisator.ch\/wp-content\/uploads\/2022\/01\/Logo_Organisator_Website.png","contentUrl":"https:\/\/www.organisator.ch\/wp-content\/uploads\/2022\/01\/Logo_Organisator_Website.png","width":800,"height":77,"caption":"Organisator"},"image":{"@id":"https:\/\/www.organisator.ch\/#\/schema\/logo\/image\/"},"sameAs":["https:\/\/www.facebook.com\/OrganisatorFachmagazin","https:\/\/www.linkedin.com\/showcase\/organisator-das-magazin-fr-kmu","https:\/\/www.xing.com\/news\/pages\/organisator-ch-695","https:\/\/www.youtube.com\/channel\/UCGP2Sq0iWaZwT3BdIAQFYpw"]},{"@type":"Person","@id":"https:\/\/www.organisator.ch\/#\/schema\/person\/6f650f90b2842cd4c0cc334b4e36f67e","name":"thomas.berner","image":{"@type":"ImageObject","inLanguage":"fr-FR","@id":"https:\/\/secure.gravatar.com\/avatar\/ac5001d2a36cb6c6cd3e50789007ffca834b477b74a2144564522e944eabff61?s=96&d=mm&r=g","url":"https:\/\/secure.gravatar.com\/avatar\/ac5001d2a36cb6c6cd3e50789007ffca834b477b74a2144564522e944eabff61?s=96&d=mm&r=g","contentUrl":"https:\/\/secure.gravatar.com\/avatar\/ac5001d2a36cb6c6cd3e50789007ffca834b477b74a2144564522e944eabff61?s=96&d=mm&r=g","caption":"thomas.berner"},"url":"https:\/\/www.organisator.ch\/fr\/author\/thomas-berner\/"}]}},"_links":{"self":[{"href":"https:\/\/www.organisator.ch\/fr\/wp-json\/wp\/v2\/posts\/2116","targetHints":{"allow":["GET"]}}],"collection":[{"href":"https:\/\/www.organisator.ch\/fr\/wp-json\/wp\/v2\/posts"}],"about":[{"href":"https:\/\/www.organisator.ch\/fr\/wp-json\/wp\/v2\/types\/post"}],"author":[{"embeddable":true,"href":"https:\/\/www.organisator.ch\/fr\/wp-json\/wp\/v2\/users\/4"}],"replies":[{"embeddable":true,"href":"https:\/\/www.organisator.ch\/fr\/wp-json\/wp\/v2\/comments?post=2116"}],"version-history":[{"count":0,"href":"https:\/\/www.organisator.ch\/fr\/wp-json\/wp\/v2\/posts\/2116\/revisions"}],"wp:featuredmedia":[{"embeddable":true,"href":"https:\/\/www.organisator.ch\/fr\/wp-json\/wp\/v2\/media\/2117"}],"wp:attachment":[{"href":"https:\/\/www.organisator.ch\/fr\/wp-json\/wp\/v2\/media?parent=2116"}],"wp:term":[{"taxonomy":"category","embeddable":true,"href":"https:\/\/www.organisator.ch\/fr\/wp-json\/wp\/v2\/categories?post=2116"},{"taxonomy":"post_tag","embeddable":true,"href":"https:\/\/www.organisator.ch\/fr\/wp-json\/wp\/v2\/tags?post=2116"}],"curies":[{"name":"wp","href":"https:\/\/api.w.org\/{rel}","templated":true}]}}