{"id":21204,"date":"2023-08-21T20:35:46","date_gmt":"2023-08-21T18:35:46","guid":{"rendered":"https:\/\/www.organisator.ch\/de\/?p=21204"},"modified":"2023-08-10T16:51:05","modified_gmt":"2023-08-10T14:51:05","slug":"workation-arbeitsrechtliche-stolperfallen","status":"publish","type":"post","link":"https:\/\/www.organisator.ch\/fr\/human-resources\/2023-08-21\/workation-arbeitsrechtliche-stolperfallen\/","title":{"rendered":"Workation : Les pi\u00e8ges du droit du travail"},"content":{"rendered":"<div class=\"swpm-post-not-logged-in-msg\">Vous devez \u00eatre connect\u00e9 pour voir ce contenu. Veuillez <a class=\"swpm-login-link\" href=\"https:\/\/www.organisator.ch\/login\/\">Se connecter<\/a>. Pas un membre ? <a href=\"https:\/\/www.organisator.ch\/shop\/\">Nous Rejoindre<\/a><\/div>","protected":false},"excerpt":{"rendered":"<p>Pourquoi ne pas travailler l\u00e0 o\u00f9 les autres prennent leurs vacances ? R\u00e9pondre \u00e0 ses e-mails toute la journ\u00e9e et aller rapidement se baigner, skier ou faire un tour de downhill \u00e0 midi. Et pas seulement pendant les vacances bien m\u00e9rit\u00e9es, mais en permanence sur le nouveau lieu de travail. Trop beau pour \u00eatre vrai ? Pas forc\u00e9ment, mais il y a quelques obstacles juridiques \u00e0 respecter.<\/p>","protected":false},"author":1,"featured_media":21203,"comment_status":"closed","ping_status":"closed","sticky":false,"template":"","format":"standard","meta":{"_acf_changed":false,"_yoast_wpseo_focuskw":"Workation","_yoast_wpseo_metadesc":"Workation: Warum nicht da arbeiten, wo andere Ferien machen? Das geht durchaus, aber es sind ein paar rechtliche H\u00fcrden zu beachten.","articlekey":"56234","footnotes":""},"categories":[578,579],"tags":[52,202,254],"class_list":["post-21204","post","type-post","status-publish","format-standard","has-post-thumbnail","hentry","category-abo","category-human-resources","tag-arbeitsrecht","tag-finanzenrecht","tag-hrm"],"acf":[],"yoast_head":"<!-- This site is optimized with the Yoast SEO plugin v27.4 - https:\/\/yoast.com\/product\/yoast-seo-wordpress\/ -->\n<title>Workation: Arbeitsrechtliche Stolperfallen - Organisator<\/title>\n<meta name=\"description\" content=\"Workation: Warum nicht da arbeiten, wo andere Ferien machen? Das geht durchaus, aber es sind ein paar rechtliche H\u00fcrden zu beachten.\" \/>\n<meta name=\"robots\" content=\"index, follow, max-snippet:-1, max-image-preview:large, max-video-preview:-1\" \/>\n<link rel=\"canonical\" href=\"https:\/\/www.organisator.ch\/fr\/abonnement\/2023-08-21\/workation-arbeitsrechtliche-stolperfallen\/\" \/>\n<meta property=\"og:locale\" content=\"fr_FR\" \/>\n<meta property=\"og:type\" content=\"article\" \/>\n<meta property=\"og:title\" content=\"Workation: Arbeitsrechtliche Stolperfallen - Organisator\" \/>\n<meta property=\"og:description\" content=\"Workation: Warum nicht da arbeiten, wo andere Ferien machen? Das geht durchaus, aber es sind ein paar rechtliche H\u00fcrden zu beachten.\" \/>\n<meta property=\"og:url\" content=\"https:\/\/www.organisator.ch\/fr\/abonnement\/2023-08-21\/workation-arbeitsrechtliche-stolperfallen\/\" \/>\n<meta property=\"og:site_name\" content=\"Organisator\" \/>\n<meta property=\"article:publisher\" content=\"https:\/\/www.facebook.com\/OrganisatorFachmagazin\" \/>\n<meta property=\"article:published_time\" content=\"2023-08-21T18:35:46+00:00\" \/>\n<meta property=\"og:image\" content=\"https:\/\/www.organisator.ch\/wp-content\/uploads\/2023\/08\/HRM_Mascello_Bild_organisator_56251-scaled.jpg\" \/>\n\t<meta property=\"og:image:width\" content=\"1083\" \/>\n\t<meta property=\"og:image:height\" content=\"1400\" \/>\n\t<meta property=\"og:image:type\" content=\"image\/jpeg\" \/>\n<meta name=\"author\" content=\"admin\" \/>\n<meta name=\"twitter:card\" content=\"summary_large_image\" \/>\n<script type=\"application\/ld+json\" class=\"yoast-schema-graph\">{\"@context\":\"https:\\\/\\\/schema.org\",\"@graph\":[{\"@type\":\"Article\",\"@id\":\"https:\\\/\\\/www.organisator.ch\\\/abo\\\/2023-08-21\\\/workation-arbeitsrechtliche-stolperfallen\\\/#article\",\"isPartOf\":{\"@id\":\"https:\\\/\\\/www.organisator.ch\\\/abo\\\/2023-08-21\\\/workation-arbeitsrechtliche-stolperfallen\\\/\"},\"author\":{\"name\":\"admin\",\"@id\":\"https:\\\/\\\/www.organisator.ch\\\/#\\\/schema\\\/person\\\/aa2bace6c5c5aad60102004a50c4eb1c\"},\"headline\":\"Workation: Arbeitsrechtliche Stolperfallen\",\"datePublished\":\"2023-08-21T18:35:46+00:00\",\"mainEntityOfPage\":{\"@id\":\"https:\\\/\\\/www.organisator.ch\\\/abo\\\/2023-08-21\\\/workation-arbeitsrechtliche-stolperfallen\\\/\"},\"wordCount\":1078,\"publisher\":{\"@id\":\"https:\\\/\\\/www.organisator.ch\\\/#organization\"},\"image\":{\"@id\":\"https:\\\/\\\/www.organisator.ch\\\/abo\\\/2023-08-21\\\/workation-arbeitsrechtliche-stolperfallen\\\/#primaryimage\"},\"thumbnailUrl\":\"https:\\\/\\\/www.organisator.ch\\\/wp-content\\\/uploads\\\/2023\\\/08\\\/HRM_Mascello_Bild_organisator_56251-scaled.jpg\",\"keywords\":[\"Arbeitsrecht\",\"Finanzen\\\/Recht\",\"HRM\"],\"articleSection\":[\"ABO+\",\"HUMAN RESOURCES\"],\"inLanguage\":\"fr-FR\"},{\"@type\":\"WebPage\",\"@id\":\"https:\\\/\\\/www.organisator.ch\\\/abo\\\/2023-08-21\\\/workation-arbeitsrechtliche-stolperfallen\\\/\",\"url\":\"https:\\\/\\\/www.organisator.ch\\\/abo\\\/2023-08-21\\\/workation-arbeitsrechtliche-stolperfallen\\\/\",\"name\":\"Workation: Arbeitsrechtliche Stolperfallen - Organisator\",\"isPartOf\":{\"@id\":\"https:\\\/\\\/www.organisator.ch\\\/#website\"},\"primaryImageOfPage\":{\"@id\":\"https:\\\/\\\/www.organisator.ch\\\/abo\\\/2023-08-21\\\/workation-arbeitsrechtliche-stolperfallen\\\/#primaryimage\"},\"image\":{\"@id\":\"https:\\\/\\\/www.organisator.ch\\\/abo\\\/2023-08-21\\\/workation-arbeitsrechtliche-stolperfallen\\\/#primaryimage\"},\"thumbnailUrl\":\"https:\\\/\\\/www.organisator.ch\\\/wp-content\\\/uploads\\\/2023\\\/08\\\/HRM_Mascello_Bild_organisator_56251-scaled.jpg\",\"datePublished\":\"2023-08-21T18:35:46+00:00\",\"description\":\"Workation: Warum nicht da arbeiten, wo andere Ferien machen? Das geht durchaus, aber es sind ein paar rechtliche H\u00fcrden zu beachten.\",\"breadcrumb\":{\"@id\":\"https:\\\/\\\/www.organisator.ch\\\/abo\\\/2023-08-21\\\/workation-arbeitsrechtliche-stolperfallen\\\/#breadcrumb\"},\"inLanguage\":\"fr-FR\",\"potentialAction\":[{\"@type\":\"ReadAction\",\"target\":[\"https:\\\/\\\/www.organisator.ch\\\/abo\\\/2023-08-21\\\/workation-arbeitsrechtliche-stolperfallen\\\/\"]}]},{\"@type\":\"ImageObject\",\"inLanguage\":\"fr-FR\",\"@id\":\"https:\\\/\\\/www.organisator.ch\\\/abo\\\/2023-08-21\\\/workation-arbeitsrechtliche-stolperfallen\\\/#primaryimage\",\"url\":\"https:\\\/\\\/www.organisator.ch\\\/wp-content\\\/uploads\\\/2023\\\/08\\\/HRM_Mascello_Bild_organisator_56251-scaled.jpg\",\"contentUrl\":\"https:\\\/\\\/www.organisator.ch\\\/wp-content\\\/uploads\\\/2023\\\/08\\\/HRM_Mascello_Bild_organisator_56251-scaled.jpg\",\"width\":1083,\"height\":1400,\"caption\":\"Arbeiten, wo andere Ferien machen: Rechtlich nicht ganz trivial. \u00a9 Unsplash.com\"},{\"@type\":\"BreadcrumbList\",\"@id\":\"https:\\\/\\\/www.organisator.ch\\\/abo\\\/2023-08-21\\\/workation-arbeitsrechtliche-stolperfallen\\\/#breadcrumb\",\"itemListElement\":[{\"@type\":\"ListItem\",\"position\":1,\"name\":\"Home\",\"item\":\"https:\\\/\\\/www.organisator.ch\\\/\"},{\"@type\":\"ListItem\",\"position\":2,\"name\":\"Workation: Arbeitsrechtliche Stolperfallen\"}]},{\"@type\":\"WebSite\",\"@id\":\"https:\\\/\\\/www.organisator.ch\\\/#website\",\"url\":\"https:\\\/\\\/www.organisator.ch\\\/\",\"name\":\"Organisator\",\"description\":\"Kompetent. Praxisnah. Der ORGANISATOR bereitet in 10 Ausgaben pro Jahr die wesentlichen Themen f\u00fcr F\u00fchrungskr\u00e4fte von KMU auf.\",\"publisher\":{\"@id\":\"https:\\\/\\\/www.organisator.ch\\\/#organization\"},\"potentialAction\":[{\"@type\":\"SearchAction\",\"target\":{\"@type\":\"EntryPoint\",\"urlTemplate\":\"https:\\\/\\\/www.organisator.ch\\\/?s={search_term_string}\"},\"query-input\":{\"@type\":\"PropertyValueSpecification\",\"valueRequired\":true,\"valueName\":\"search_term_string\"}}],\"inLanguage\":\"fr-FR\"},{\"@type\":\"Organization\",\"@id\":\"https:\\\/\\\/www.organisator.ch\\\/#organization\",\"name\":\"Organisator\",\"url\":\"https:\\\/\\\/www.organisator.ch\\\/\",\"logo\":{\"@type\":\"ImageObject\",\"inLanguage\":\"fr-FR\",\"@id\":\"https:\\\/\\\/www.organisator.ch\\\/#\\\/schema\\\/logo\\\/image\\\/\",\"url\":\"https:\\\/\\\/www.organisator.ch\\\/wp-content\\\/uploads\\\/2022\\\/01\\\/Logo_Organisator_Website.png\",\"contentUrl\":\"https:\\\/\\\/www.organisator.ch\\\/wp-content\\\/uploads\\\/2022\\\/01\\\/Logo_Organisator_Website.png\",\"width\":800,\"height\":77,\"caption\":\"Organisator\"},\"image\":{\"@id\":\"https:\\\/\\\/www.organisator.ch\\\/#\\\/schema\\\/logo\\\/image\\\/\"},\"sameAs\":[\"https:\\\/\\\/www.facebook.com\\\/OrganisatorFachmagazin\",\"https:\\\/\\\/www.linkedin.com\\\/showcase\\\/organisator-das-magazin-fr-kmu\",\"https:\\\/\\\/www.xing.com\\\/news\\\/pages\\\/organisator-ch-695\",\"https:\\\/\\\/www.youtube.com\\\/channel\\\/UCGP2Sq0iWaZwT3BdIAQFYpw\"]},{\"@type\":\"Person\",\"@id\":\"https:\\\/\\\/www.organisator.ch\\\/#\\\/schema\\\/person\\\/aa2bace6c5c5aad60102004a50c4eb1c\",\"name\":\"admin\",\"image\":{\"@type\":\"ImageObject\",\"inLanguage\":\"fr-FR\",\"@id\":\"https:\\\/\\\/secure.gravatar.com\\\/avatar\\\/ae2f4d718e6c49043e314ce431e7e645d646302a24a5ef5a8bc8e3f5a032e319?s=96&d=mm&r=g\",\"url\":\"https:\\\/\\\/secure.gravatar.com\\\/avatar\\\/ae2f4d718e6c49043e314ce431e7e645d646302a24a5ef5a8bc8e3f5a032e319?s=96&d=mm&r=g\",\"contentUrl\":\"https:\\\/\\\/secure.gravatar.com\\\/avatar\\\/ae2f4d718e6c49043e314ce431e7e645d646302a24a5ef5a8bc8e3f5a032e319?s=96&d=mm&r=g\",\"caption\":\"admin\"},\"sameAs\":[\"https:\\\/\\\/www.organisator.ch\"],\"url\":\"https:\\\/\\\/www.organisator.ch\\\/fr\\\/author\\\/admin\\\/\"}]}<\/script>\n<!-- \/ Yoast SEO plugin. -->","yoast_head_json":{"title":"Workation : Les pi\u00e8ges du droit du travail - Organisateur","description":"Workation : Pourquoi ne pas travailler l\u00e0 o\u00f9 d'autres passent leurs vacances ? C'est tout \u00e0 fait possible, mais il faut tenir compte de quelques obstacles juridiques.","robots":{"index":"index","follow":"follow","max-snippet":"max-snippet:-1","max-image-preview":"max-image-preview:large","max-video-preview":"max-video-preview:-1"},"canonical":"https:\/\/www.organisator.ch\/fr\/abonnement\/2023-08-21\/workation-arbeitsrechtliche-stolperfallen\/","og_locale":"fr_FR","og_type":"article","og_title":"Workation: Arbeitsrechtliche Stolperfallen - Organisator","og_description":"Workation: Warum nicht da arbeiten, wo andere Ferien machen? Das geht durchaus, aber es sind ein paar rechtliche H\u00fcrden zu beachten.","og_url":"https:\/\/www.organisator.ch\/fr\/abonnement\/2023-08-21\/workation-arbeitsrechtliche-stolperfallen\/","og_site_name":"Organisator","article_publisher":"https:\/\/www.facebook.com\/OrganisatorFachmagazin","article_published_time":"2023-08-21T18:35:46+00:00","og_image":[{"width":1083,"height":1400,"url":"https:\/\/www.organisator.ch\/wp-content\/uploads\/2023\/08\/HRM_Mascello_Bild_organisator_56251-scaled.jpg","type":"image\/jpeg"}],"author":"admin","twitter_card":"summary_large_image","schema":{"@context":"https:\/\/schema.org","@graph":[{"@type":"Article","@id":"https:\/\/www.organisator.ch\/abo\/2023-08-21\/workation-arbeitsrechtliche-stolperfallen\/#article","isPartOf":{"@id":"https:\/\/www.organisator.ch\/abo\/2023-08-21\/workation-arbeitsrechtliche-stolperfallen\/"},"author":{"name":"admin","@id":"https:\/\/www.organisator.ch\/#\/schema\/person\/aa2bace6c5c5aad60102004a50c4eb1c"},"headline":"Workation: Arbeitsrechtliche Stolperfallen","datePublished":"2023-08-21T18:35:46+00:00","mainEntityOfPage":{"@id":"https:\/\/www.organisator.ch\/abo\/2023-08-21\/workation-arbeitsrechtliche-stolperfallen\/"},"wordCount":1078,"publisher":{"@id":"https:\/\/www.organisator.ch\/#organization"},"image":{"@id":"https:\/\/www.organisator.ch\/abo\/2023-08-21\/workation-arbeitsrechtliche-stolperfallen\/#primaryimage"},"thumbnailUrl":"https:\/\/www.organisator.ch\/wp-content\/uploads\/2023\/08\/HRM_Mascello_Bild_organisator_56251-scaled.jpg","keywords":["Arbeitsrecht","Finanzen\/Recht","HRM"],"articleSection":["ABO+","HUMAN RESOURCES"],"inLanguage":"fr-FR"},{"@type":"WebPage","@id":"https:\/\/www.organisator.ch\/abo\/2023-08-21\/workation-arbeitsrechtliche-stolperfallen\/","url":"https:\/\/www.organisator.ch\/abo\/2023-08-21\/workation-arbeitsrechtliche-stolperfallen\/","name":"Workation : Les pi\u00e8ges du droit du travail - Organisateur","isPartOf":{"@id":"https:\/\/www.organisator.ch\/#website"},"primaryImageOfPage":{"@id":"https:\/\/www.organisator.ch\/abo\/2023-08-21\/workation-arbeitsrechtliche-stolperfallen\/#primaryimage"},"image":{"@id":"https:\/\/www.organisator.ch\/abo\/2023-08-21\/workation-arbeitsrechtliche-stolperfallen\/#primaryimage"},"thumbnailUrl":"https:\/\/www.organisator.ch\/wp-content\/uploads\/2023\/08\/HRM_Mascello_Bild_organisator_56251-scaled.jpg","datePublished":"2023-08-21T18:35:46+00:00","description":"Workation : Pourquoi ne pas travailler l\u00e0 o\u00f9 d'autres passent leurs vacances ? C'est tout \u00e0 fait possible, mais il faut tenir compte de quelques obstacles juridiques.","breadcrumb":{"@id":"https:\/\/www.organisator.ch\/abo\/2023-08-21\/workation-arbeitsrechtliche-stolperfallen\/#breadcrumb"},"inLanguage":"fr-FR","potentialAction":[{"@type":"ReadAction","target":["https:\/\/www.organisator.ch\/abo\/2023-08-21\/workation-arbeitsrechtliche-stolperfallen\/"]}]},{"@type":"ImageObject","inLanguage":"fr-FR","@id":"https:\/\/www.organisator.ch\/abo\/2023-08-21\/workation-arbeitsrechtliche-stolperfallen\/#primaryimage","url":"https:\/\/www.organisator.ch\/wp-content\/uploads\/2023\/08\/HRM_Mascello_Bild_organisator_56251-scaled.jpg","contentUrl":"https:\/\/www.organisator.ch\/wp-content\/uploads\/2023\/08\/HRM_Mascello_Bild_organisator_56251-scaled.jpg","width":1083,"height":1400,"caption":"Arbeiten, wo andere Ferien machen: Rechtlich nicht ganz trivial. \u00a9 Unsplash.com"},{"@type":"BreadcrumbList","@id":"https:\/\/www.organisator.ch\/abo\/2023-08-21\/workation-arbeitsrechtliche-stolperfallen\/#breadcrumb","itemListElement":[{"@type":"ListItem","position":1,"name":"Home","item":"https:\/\/www.organisator.ch\/"},{"@type":"ListItem","position":2,"name":"Workation: Arbeitsrechtliche Stolperfallen"}]},{"@type":"WebSite","@id":"https:\/\/www.organisator.ch\/#website","url":"https:\/\/www.organisator.ch\/","name":"Organisateur","description":"Comp\u00e9tence et comp\u00e9tence. Proches de la pratique. L'ORGANISATEUR pr\u00e9pare 10 num\u00e9ros par an sur les th\u00e8mes essentiels pour les dirigeants de PME.","publisher":{"@id":"https:\/\/www.organisator.ch\/#organization"},"potentialAction":[{"@type":"SearchAction","target":{"@type":"EntryPoint","urlTemplate":"https:\/\/www.organisator.ch\/?s={search_term_string}"},"query-input":{"@type":"PropertyValueSpecification","valueRequired":true,"valueName":"search_term_string"}}],"inLanguage":"fr-FR"},{"@type":"Organization","@id":"https:\/\/www.organisator.ch\/#organization","name":"Organisateur","url":"https:\/\/www.organisator.ch\/","logo":{"@type":"ImageObject","inLanguage":"fr-FR","@id":"https:\/\/www.organisator.ch\/#\/schema\/logo\/image\/","url":"https:\/\/www.organisator.ch\/wp-content\/uploads\/2022\/01\/Logo_Organisator_Website.png","contentUrl":"https:\/\/www.organisator.ch\/wp-content\/uploads\/2022\/01\/Logo_Organisator_Website.png","width":800,"height":77,"caption":"Organisator"},"image":{"@id":"https:\/\/www.organisator.ch\/#\/schema\/logo\/image\/"},"sameAs":["https:\/\/www.facebook.com\/OrganisatorFachmagazin","https:\/\/www.linkedin.com\/showcase\/organisator-das-magazin-fr-kmu","https:\/\/www.xing.com\/news\/pages\/organisator-ch-695","https:\/\/www.youtube.com\/channel\/UCGP2Sq0iWaZwT3BdIAQFYpw"]},{"@type":"Person","@id":"https:\/\/www.organisator.ch\/#\/schema\/person\/aa2bace6c5c5aad60102004a50c4eb1c","name":"admin","image":{"@type":"ImageObject","inLanguage":"fr-FR","@id":"https:\/\/secure.gravatar.com\/avatar\/ae2f4d718e6c49043e314ce431e7e645d646302a24a5ef5a8bc8e3f5a032e319?s=96&d=mm&r=g","url":"https:\/\/secure.gravatar.com\/avatar\/ae2f4d718e6c49043e314ce431e7e645d646302a24a5ef5a8bc8e3f5a032e319?s=96&d=mm&r=g","contentUrl":"https:\/\/secure.gravatar.com\/avatar\/ae2f4d718e6c49043e314ce431e7e645d646302a24a5ef5a8bc8e3f5a032e319?s=96&d=mm&r=g","caption":"admin"},"sameAs":["https:\/\/www.organisator.ch"],"url":"https:\/\/www.organisator.ch\/fr\/author\/admin\/"}]}},"_links":{"self":[{"href":"https:\/\/www.organisator.ch\/fr\/wp-json\/wp\/v2\/posts\/21204","targetHints":{"allow":["GET"]}}],"collection":[{"href":"https:\/\/www.organisator.ch\/fr\/wp-json\/wp\/v2\/posts"}],"about":[{"href":"https:\/\/www.organisator.ch\/fr\/wp-json\/wp\/v2\/types\/post"}],"author":[{"embeddable":true,"href":"https:\/\/www.organisator.ch\/fr\/wp-json\/wp\/v2\/users\/1"}],"replies":[{"embeddable":true,"href":"https:\/\/www.organisator.ch\/fr\/wp-json\/wp\/v2\/comments?post=21204"}],"version-history":[{"count":2,"href":"https:\/\/www.organisator.ch\/fr\/wp-json\/wp\/v2\/posts\/21204\/revisions"}],"predecessor-version":[{"id":21310,"href":"https:\/\/www.organisator.ch\/fr\/wp-json\/wp\/v2\/posts\/21204\/revisions\/21310"}],"wp:featuredmedia":[{"embeddable":true,"href":"https:\/\/www.organisator.ch\/fr\/wp-json\/wp\/v2\/media\/21203"}],"wp:attachment":[{"href":"https:\/\/www.organisator.ch\/fr\/wp-json\/wp\/v2\/media?parent=21204"}],"wp:term":[{"taxonomy":"category","embeddable":true,"href":"https:\/\/www.organisator.ch\/fr\/wp-json\/wp\/v2\/categories?post=21204"},{"taxonomy":"post_tag","embeddable":true,"href":"https:\/\/www.organisator.ch\/fr\/wp-json\/wp\/v2\/tags?post=21204"}],"curies":[{"name":"wp","href":"https:\/\/api.w.org\/{rel}","templated":true}]}}