{"id":2123,"date":"2017-06-29T15:18:27","date_gmt":"2017-06-29T13:18:27","guid":{"rendered":"https:\/\/www.organisator.ch\/?p=2123"},"modified":"2017-06-29T15:18:27","modified_gmt":"2017-06-29T13:18:27","slug":"weshalb-nutzen-unternehmen-bpm","status":"publish","type":"post","link":"https:\/\/www.organisator.ch\/fr\/management\/2017-06-29\/weshalb-nutzen-unternehmen-bpm\/","title":{"rendered":"Pourquoi les entreprises utilisent-elles le BPM ?"},"content":{"rendered":"<figure id=\"attachment_2125\" aria-describedby=\"caption-attachment-2125\" style=\"width: 630px\" class=\"wp-caption alignnone\"><img loading=\"lazy\" decoding=\"async\" class=\"size-full wp-image-2125\" src=\"https:\/\/www.organisator.ch\/wp-content\/uploads\/2017\/06\/Weshalb-nutzen-Unternehmen-BPM-1_Organisator.jpg\" alt=\"\" width=\"630\" height=\"480\" srcset=\"https:\/\/www.organisator.ch\/wp-content\/uploads\/2017\/06\/Weshalb-nutzen-Unternehmen-BPM-1_Organisator.jpg 630w, https:\/\/www.organisator.ch\/wp-content\/uploads\/2017\/06\/Weshalb-nutzen-Unternehmen-BPM-1_Organisator-16x12.jpg 16w, https:\/\/www.organisator.ch\/wp-content\/uploads\/2017\/06\/Weshalb-nutzen-Unternehmen-BPM-1_Organisator-230x175.jpg 230w, https:\/\/www.organisator.ch\/wp-content\/uploads\/2017\/06\/Weshalb-nutzen-Unternehmen-BPM-1_Organisator-459x350.jpg 459w, https:\/\/www.organisator.ch\/wp-content\/uploads\/2017\/06\/Weshalb-nutzen-Unternehmen-BPM-1_Organisator-300x229.jpg 300w\" sizes=\"auto, (max-width: 630px) 100vw, 630px\" \/><figcaption id=\"caption-attachment-2125\" class=\"wp-caption-text\">Le BPM fait court dans la transformation num\u00e9rique. (Image : Fotolia.com)<\/figcaption><\/figure>\n<p>Le succ\u00e8s \u00e9conomique des entreprises d\u00e9pend dans une large mesure de leur capacit\u00e9 \u00e0 r\u00e9pondre aux souhaits et aux exigences de leurs clients dans le monde num\u00e9rique, qui \u00e9voluent rapidement. Toutes les entreprises n'en sont pas conscientes : certes, la plupart d'entre elles s'occupent activement de la transformation num\u00e9rique et reconnaissent que la gestion des processus d'entreprise (BPM) facilite consid\u00e9rablement la mise en \u0153uvre des changements n\u00e9cessaires au sein de leur organisation. Mais en m\u00eame temps, peu d'entre elles se pr\u00e9occupent suffisamment de la satisfaction de leurs clients. Ce sont les principaux r\u00e9sultats de la deuxi\u00e8me \u00e9tude BPM men\u00e9e conjointement par les cabinets de conseil BearingPoint et BPM&amp;O sur la base d'un sondage r\u00e9alis\u00e9 aupr\u00e8s de 174 entreprises de diff\u00e9rents secteurs en Allemagne, en Autriche et en Suisse.<\/p>\n<p><strong>Les entreprises utilisent le BPM pour r\u00e9ussir leur transformation num\u00e9rique<\/strong><\/p>\n<p>Face \u00e0 la transformation num\u00e9rique, les entreprises sont confront\u00e9es au d\u00e9fi de d\u00e9velopper des mod\u00e8les commerciaux, des produits et des services num\u00e9riques, de rendre l'organisation plus agile, de num\u00e9riser les processus et de les r\u00e9organiser en fonction des clients. Plus des trois quarts des entreprises interrog\u00e9es (77%) ont reconnu que la gestion des processus est une base essentielle pour mettre en \u0153uvre avec succ\u00e8s des strat\u00e9gies et des initiatives num\u00e9riques. Il n'est donc pas \u00e9tonnant que 81 pour cent des personnes interrog\u00e9es consid\u00e8rent actuellement la BPM comme un sujet important ou tr\u00e8s important, comme le constatent les auteurs de l'\u00e9tude. Cette appr\u00e9ciation se confirme dans presque tous les secteurs. Le sujet gagne notamment en importance dans le secteur financier, la construction m\u00e9canique et l'administration publique.<\/p>\n<figure id=\"attachment_2124\" aria-describedby=\"caption-attachment-2124\" style=\"width: 453px\" class=\"wp-caption alignnone\"><img loading=\"lazy\" decoding=\"async\" class=\"size-full wp-image-2124\" src=\"https:\/\/www.organisator.ch\/wp-content\/uploads\/2017\/06\/Weshalb-nutzen-Unternehmen-BPM-2_Organisator.png\" alt=\"\" width=\"453\" height=\"640\" srcset=\"https:\/\/www.organisator.ch\/wp-content\/uploads\/2017\/06\/Weshalb-nutzen-Unternehmen-BPM-2_Organisator.png 453w, https:\/\/www.organisator.ch\/wp-content\/uploads\/2017\/06\/Weshalb-nutzen-Unternehmen-BPM-2_Organisator-8x12.png 8w, https:\/\/www.organisator.ch\/wp-content\/uploads\/2017\/06\/Weshalb-nutzen-Unternehmen-BPM-2_Organisator-124x175.png 124w, https:\/\/www.organisator.ch\/wp-content\/uploads\/2017\/06\/Weshalb-nutzen-Unternehmen-BPM-2_Organisator-248x350.png 248w, https:\/\/www.organisator.ch\/wp-content\/uploads\/2017\/06\/Weshalb-nutzen-Unternehmen-BPM-2_Organisator-300x424.png 300w\" sizes=\"auto, (max-width: 453px) 100vw, 453px\" \/><figcaption id=\"caption-attachment-2124\" class=\"wp-caption-text\">Les principales conclusions de l'\u00e9tude BPM de BearingPoint et BPM&amp;O.<\/figcaption><\/figure>\n<p>\"Les entreprises investissent beaucoup d'\u00e9nergie dans la r\u00e9alisation de strat\u00e9gies num\u00e9riques. Pourtant, dans certaines entreprises, on constate que la mise en \u0153uvre et l'op\u00e9rationnalisation des initiatives num\u00e9riques sont entrav\u00e9es par un manque de coordination et de prise en compte des processus. C'est pourquoi les entreprises devraient utiliser le BPM et ses \u00e9l\u00e9ments constitutifs pour favoriser une mise en \u0153uvre globale et \u00e9tablir une collaboration durable entre les communaut\u00e9s num\u00e9rique, processus et informatique\", recommande Matthias H\u00f6hne, partenaire chez BearingPoint.<\/p>\n<p><strong>L'orientation client n'est pas encore suffisamment mise en avant<\/strong><\/p>\n<p>Les attentes des clients, qui \u00e9voluent rapidement, ainsi que le comportement des utilisateurs sont les principaux moteurs de la transformation num\u00e9rique. Pourtant, seuls deux tiers (64%) des entreprises interrog\u00e9es citent l'augmentation de la satisfaction des clients comme objectif du BPM. Cet objectif n'arrive donc qu'en sixi\u00e8me position chez elles - et ce, bien que 86 pour cent des personnes interrog\u00e9es aient confirm\u00e9 une diminution des plaintes des clients et 85 pour cent une augmentation de la satisfaction des clients gr\u00e2ce au BPM. Les entreprises se concentrent nettement plus souvent sur les \u00e9conomies de co\u00fbts (78 pour cent), l'augmentation de la transparence (74 pour cent) et la standardisation (74 pour cent).<\/p>\n<p>\"Les attentes des clients qui \u00e9voluent rapidement dans le cadre de la transformation num\u00e9rique exigent une orientation claire des mod\u00e8les commerciaux, des services et des processus vers le client. Les entreprises le reconnaissent, mais il leur manque souvent une vision globale et la compr\u00e9hension de la mani\u00e8re dont l'orientation client et l'orientation processus se compl\u00e8tent mutuellement. Une gestion globale des processus peut renforcer l'orientation client en reliant les processus internes et externes et en augmentant la r\u00e9activit\u00e9 face aux changements des attentes des clients\", commente Sven Schn\u00e4gelberger, directeur g\u00e9n\u00e9ral de BPM&amp;O. \"La gestion des processus est un \u00e9l\u00e9ment essentiel de l'orientation client.<\/p>\n<p><a href=\"https:\/\/www.bearingpoint.com\/de-de\/unsere-expertise\/insights\/bpm-studie-2017\/\"><em>Plus d'informations sur l'\u00e9tude<\/em><\/a><\/p>\n<p>&nbsp;<\/p>","protected":false},"excerpt":{"rendered":"<p>Der wirtschaftliche Erfolg von Unternehmen h\u00e4ngt massgeblich davon ab, inwieweit sie die schnelllebigen W\u00fcnsche und Anspr\u00fcche ihrer Kunden in der digitalen Welt erf\u00fcllen k\u00f6nnen. Nicht allen Unternehmen ist das klar: Zwar besch\u00e4ftigen sich die meisten von ihnen aktiv mit der digitalen Transformation und erkennen auch, dass Business Process Management (BPM) die Umsetzung der erforderlichen \u00c4nderungen [&hellip;]<\/p>\n","protected":false},"author":4,"featured_media":2125,"comment_status":"open","ping_status":"open","sticky":false,"template":"","format":"standard","meta":{"_acf_changed":false,"_yoast_wpseo_focuskw":"BPM","_yoast_wpseo_metadesc":"Unternehmen begreifen Prozessmanagement als Grundlage f\u00fcr die digitale Transformation. Allerdings: Die Kundenorientierung steht nicht gen\u00fcgend im Fokus.","articlekey":"","footnotes":""},"categories":[28],"tags":[156,288,335],"class_list":["post-2123","post","type-post","status-publish","format-standard","has-post-thumbnail","hentry","category-management","tag-digitalisierung","tag-it-business-software","tag-management-und-unternehmensfuehrung"],"acf":[],"yoast_head":"<!-- This site is optimized with the Yoast SEO plugin v27.5 - https:\/\/yoast.com\/product\/yoast-seo-wordpress\/ -->\n<title>Weshalb nutzen Unternehmen BPM? - Organisator<\/title>\n<meta name=\"description\" content=\"Unternehmen begreifen Prozessmanagement als Grundlage f\u00fcr die digitale Transformation. Allerdings: Die Kundenorientierung steht nicht gen\u00fcgend im Fokus.\" \/>\n<meta name=\"robots\" content=\"index, follow, max-snippet:-1, max-image-preview:large, max-video-preview:-1\" \/>\n<link rel=\"canonical\" href=\"https:\/\/www.organisator.ch\/fr\/gestion-2\/2017-06-29\/weshalb-nutzen-unternehmen-bpm\/\" \/>\n<meta property=\"og:locale\" content=\"fr_FR\" \/>\n<meta property=\"og:type\" content=\"article\" \/>\n<meta property=\"og:title\" content=\"Weshalb nutzen Unternehmen BPM?\" \/>\n<meta property=\"og:description\" content=\"Unternehmen begreifen #Prozessmanagement als Grundlage f\u00fcr die digitale Transformation. Allerdings: Die #Kundenorientierung steht nicht gen\u00fcgend im Fokus. Dies hat eine #BPM-Studie in den DACH-L\u00e4ndern ergeben.\" \/>\n<meta property=\"og:url\" content=\"https:\/\/www.organisator.ch\/fr\/gestion-2\/2017-06-29\/weshalb-nutzen-unternehmen-bpm\/\" \/>\n<meta property=\"og:site_name\" content=\"Organisator\" \/>\n<meta property=\"article:publisher\" content=\"https:\/\/www.facebook.com\/OrganisatorFachmagazin\" \/>\n<meta property=\"article:published_time\" content=\"2017-06-29T13:18:27+00:00\" \/>\n<meta property=\"og:image\" content=\"https:\/\/www.organisator.ch\/wp-content\/uploads\/2017\/06\/Weshalb-nutzen-Unternehmen-BPM-1_Organisator.jpg\" \/>\n\t<meta property=\"og:image:width\" content=\"630\" \/>\n\t<meta property=\"og:image:height\" content=\"480\" \/>\n\t<meta property=\"og:image:type\" content=\"image\/jpeg\" \/>\n<meta name=\"author\" content=\"thomas.berner\" \/>\n<meta name=\"twitter:card\" content=\"summary_large_image\" \/>\n<meta name=\"twitter:title\" content=\"Weshalb nutzen Unternehmen #BPM?\" \/>\n<meta name=\"twitter:description\" content=\"Unternehmen begreifen #Prozessmanagement als Grundlage f\u00fcr die digitale Transformation. Allerdings: Die #Kundenorientierung steht nicht gen\u00fcgend im Fokus. Dies hat eine #BPM-Studie in den DACH-L\u00e4ndern ergeben.\" \/>\n<meta name=\"twitter:image\" content=\"https:\/\/www.organisator.ch\/wp-content\/uploads\/2017\/06\/Weshalb-nutzen-Unternehmen-BPM-1_Organisator.jpg\" \/>\n<script type=\"application\/ld+json\" class=\"yoast-schema-graph\">{\"@context\":\"https:\\\/\\\/schema.org\",\"@graph\":[{\"@type\":\"Article\",\"@id\":\"https:\\\/\\\/www.organisator.ch\\\/management\\\/2017-06-29\\\/weshalb-nutzen-unternehmen-bpm\\\/#article\",\"isPartOf\":{\"@id\":\"https:\\\/\\\/www.organisator.ch\\\/management\\\/2017-06-29\\\/weshalb-nutzen-unternehmen-bpm\\\/\"},\"author\":{\"name\":\"thomas.berner\",\"@id\":\"https:\\\/\\\/www.organisator.ch\\\/#\\\/schema\\\/person\\\/6f650f90b2842cd4c0cc334b4e36f67e\"},\"headline\":\"Weshalb nutzen Unternehmen BPM?\",\"datePublished\":\"2017-06-29T13:18:27+00:00\",\"mainEntityOfPage\":{\"@id\":\"https:\\\/\\\/www.organisator.ch\\\/management\\\/2017-06-29\\\/weshalb-nutzen-unternehmen-bpm\\\/\"},\"wordCount\":512,\"commentCount\":0,\"publisher\":{\"@id\":\"https:\\\/\\\/www.organisator.ch\\\/#organization\"},\"image\":{\"@id\":\"https:\\\/\\\/www.organisator.ch\\\/management\\\/2017-06-29\\\/weshalb-nutzen-unternehmen-bpm\\\/#primaryimage\"},\"thumbnailUrl\":\"https:\\\/\\\/www.organisator.ch\\\/wp-content\\\/uploads\\\/2017\\\/06\\\/Weshalb-nutzen-Unternehmen-BPM-1_Organisator.jpg\",\"keywords\":[\"Digitalisierung\",\"IT &amp; Business Software\",\"Management und Unternehmensf\u00fchrung\"],\"articleSection\":[\"MANAGEMENT\"],\"inLanguage\":\"fr-FR\"},{\"@type\":\"WebPage\",\"@id\":\"https:\\\/\\\/www.organisator.ch\\\/management\\\/2017-06-29\\\/weshalb-nutzen-unternehmen-bpm\\\/\",\"url\":\"https:\\\/\\\/www.organisator.ch\\\/management\\\/2017-06-29\\\/weshalb-nutzen-unternehmen-bpm\\\/\",\"name\":\"Weshalb nutzen Unternehmen BPM? - Organisator\",\"isPartOf\":{\"@id\":\"https:\\\/\\\/www.organisator.ch\\\/#website\"},\"primaryImageOfPage\":{\"@id\":\"https:\\\/\\\/www.organisator.ch\\\/management\\\/2017-06-29\\\/weshalb-nutzen-unternehmen-bpm\\\/#primaryimage\"},\"image\":{\"@id\":\"https:\\\/\\\/www.organisator.ch\\\/management\\\/2017-06-29\\\/weshalb-nutzen-unternehmen-bpm\\\/#primaryimage\"},\"thumbnailUrl\":\"https:\\\/\\\/www.organisator.ch\\\/wp-content\\\/uploads\\\/2017\\\/06\\\/Weshalb-nutzen-Unternehmen-BPM-1_Organisator.jpg\",\"datePublished\":\"2017-06-29T13:18:27+00:00\",\"description\":\"Unternehmen begreifen Prozessmanagement als Grundlage f\u00fcr die digitale Transformation. Allerdings: Die Kundenorientierung steht nicht gen\u00fcgend im Fokus.\",\"breadcrumb\":{\"@id\":\"https:\\\/\\\/www.organisator.ch\\\/management\\\/2017-06-29\\\/weshalb-nutzen-unternehmen-bpm\\\/#breadcrumb\"},\"inLanguage\":\"fr-FR\",\"potentialAction\":[{\"@type\":\"ReadAction\",\"target\":[\"https:\\\/\\\/www.organisator.ch\\\/management\\\/2017-06-29\\\/weshalb-nutzen-unternehmen-bpm\\\/\"]}]},{\"@type\":\"ImageObject\",\"inLanguage\":\"fr-FR\",\"@id\":\"https:\\\/\\\/www.organisator.ch\\\/management\\\/2017-06-29\\\/weshalb-nutzen-unternehmen-bpm\\\/#primaryimage\",\"url\":\"https:\\\/\\\/www.organisator.ch\\\/wp-content\\\/uploads\\\/2017\\\/06\\\/Weshalb-nutzen-Unternehmen-BPM-1_Organisator.jpg\",\"contentUrl\":\"https:\\\/\\\/www.organisator.ch\\\/wp-content\\\/uploads\\\/2017\\\/06\\\/Weshalb-nutzen-Unternehmen-BPM-1_Organisator.jpg\",\"width\":630,\"height\":480,\"caption\":\"BPM macht kurzen Prozess in der digitalen Transformation. (Bild: Fotolia.com)\"},{\"@type\":\"BreadcrumbList\",\"@id\":\"https:\\\/\\\/www.organisator.ch\\\/management\\\/2017-06-29\\\/weshalb-nutzen-unternehmen-bpm\\\/#breadcrumb\",\"itemListElement\":[{\"@type\":\"ListItem\",\"position\":1,\"name\":\"Home\",\"item\":\"https:\\\/\\\/www.organisator.ch\\\/\"},{\"@type\":\"ListItem\",\"position\":2,\"name\":\"Weshalb nutzen Unternehmen BPM?\"}]},{\"@type\":\"WebSite\",\"@id\":\"https:\\\/\\\/www.organisator.ch\\\/#website\",\"url\":\"https:\\\/\\\/www.organisator.ch\\\/\",\"name\":\"Organisator\",\"description\":\"Kompetent. Praxisnah. Der ORGANISATOR bereitet in 10 Ausgaben pro Jahr die wesentlichen Themen f\u00fcr F\u00fchrungskr\u00e4fte von KMU auf.\",\"publisher\":{\"@id\":\"https:\\\/\\\/www.organisator.ch\\\/#organization\"},\"potentialAction\":[{\"@type\":\"SearchAction\",\"target\":{\"@type\":\"EntryPoint\",\"urlTemplate\":\"https:\\\/\\\/www.organisator.ch\\\/?s={search_term_string}\"},\"query-input\":{\"@type\":\"PropertyValueSpecification\",\"valueRequired\":true,\"valueName\":\"search_term_string\"}}],\"inLanguage\":\"fr-FR\"},{\"@type\":\"Organization\",\"@id\":\"https:\\\/\\\/www.organisator.ch\\\/#organization\",\"name\":\"Organisator\",\"url\":\"https:\\\/\\\/www.organisator.ch\\\/\",\"logo\":{\"@type\":\"ImageObject\",\"inLanguage\":\"fr-FR\",\"@id\":\"https:\\\/\\\/www.organisator.ch\\\/#\\\/schema\\\/logo\\\/image\\\/\",\"url\":\"https:\\\/\\\/www.organisator.ch\\\/wp-content\\\/uploads\\\/2022\\\/01\\\/Logo_Organisator_Website.png\",\"contentUrl\":\"https:\\\/\\\/www.organisator.ch\\\/wp-content\\\/uploads\\\/2022\\\/01\\\/Logo_Organisator_Website.png\",\"width\":800,\"height\":77,\"caption\":\"Organisator\"},\"image\":{\"@id\":\"https:\\\/\\\/www.organisator.ch\\\/#\\\/schema\\\/logo\\\/image\\\/\"},\"sameAs\":[\"https:\\\/\\\/www.facebook.com\\\/OrganisatorFachmagazin\",\"https:\\\/\\\/www.linkedin.com\\\/showcase\\\/organisator-das-magazin-fr-kmu\",\"https:\\\/\\\/www.xing.com\\\/news\\\/pages\\\/organisator-ch-695\",\"https:\\\/\\\/www.youtube.com\\\/channel\\\/UCGP2Sq0iWaZwT3BdIAQFYpw\"]},{\"@type\":\"Person\",\"@id\":\"https:\\\/\\\/www.organisator.ch\\\/#\\\/schema\\\/person\\\/6f650f90b2842cd4c0cc334b4e36f67e\",\"name\":\"thomas.berner\",\"image\":{\"@type\":\"ImageObject\",\"inLanguage\":\"fr-FR\",\"@id\":\"https:\\\/\\\/secure.gravatar.com\\\/avatar\\\/ac5001d2a36cb6c6cd3e50789007ffca834b477b74a2144564522e944eabff61?s=96&d=mm&r=g\",\"url\":\"https:\\\/\\\/secure.gravatar.com\\\/avatar\\\/ac5001d2a36cb6c6cd3e50789007ffca834b477b74a2144564522e944eabff61?s=96&d=mm&r=g\",\"contentUrl\":\"https:\\\/\\\/secure.gravatar.com\\\/avatar\\\/ac5001d2a36cb6c6cd3e50789007ffca834b477b74a2144564522e944eabff61?s=96&d=mm&r=g\",\"caption\":\"thomas.berner\"},\"url\":\"https:\\\/\\\/www.organisator.ch\\\/fr\\\/author\\\/thomas-berner\\\/\"}]}<\/script>\n<!-- \/ Yoast SEO plugin. -->","yoast_head_json":{"title":"Pourquoi les entreprises utilisent-elles le BPM ? - Organisateur","description":"Les entreprises consid\u00e8rent la gestion des processus comme la base de la transformation num\u00e9rique. Toutefois, l'orientation client n'est pas suffisamment mise en avant.","robots":{"index":"index","follow":"follow","max-snippet":"max-snippet:-1","max-image-preview":"max-image-preview:large","max-video-preview":"max-video-preview:-1"},"canonical":"https:\/\/www.organisator.ch\/fr\/gestion-2\/2017-06-29\/weshalb-nutzen-unternehmen-bpm\/","og_locale":"fr_FR","og_type":"article","og_title":"Weshalb nutzen Unternehmen BPM?","og_description":"Unternehmen begreifen #Prozessmanagement als Grundlage f\u00fcr die digitale Transformation. Allerdings: Die #Kundenorientierung steht nicht gen\u00fcgend im Fokus. Dies hat eine #BPM-Studie in den DACH-L\u00e4ndern ergeben.","og_url":"https:\/\/www.organisator.ch\/fr\/gestion-2\/2017-06-29\/weshalb-nutzen-unternehmen-bpm\/","og_site_name":"Organisator","article_publisher":"https:\/\/www.facebook.com\/OrganisatorFachmagazin","article_published_time":"2017-06-29T13:18:27+00:00","og_image":[{"width":630,"height":480,"url":"https:\/\/www.organisator.ch\/wp-content\/uploads\/2017\/06\/Weshalb-nutzen-Unternehmen-BPM-1_Organisator.jpg","type":"image\/jpeg"}],"author":"thomas.berner","twitter_card":"summary_large_image","twitter_title":"Weshalb nutzen Unternehmen #BPM?","twitter_description":"Unternehmen begreifen #Prozessmanagement als Grundlage f\u00fcr die digitale Transformation. Allerdings: Die #Kundenorientierung steht nicht gen\u00fcgend im Fokus. Dies hat eine #BPM-Studie in den DACH-L\u00e4ndern ergeben.","twitter_image":"https:\/\/www.organisator.ch\/wp-content\/uploads\/2017\/06\/Weshalb-nutzen-Unternehmen-BPM-1_Organisator.jpg","schema":{"@context":"https:\/\/schema.org","@graph":[{"@type":"Article","@id":"https:\/\/www.organisator.ch\/management\/2017-06-29\/weshalb-nutzen-unternehmen-bpm\/#article","isPartOf":{"@id":"https:\/\/www.organisator.ch\/management\/2017-06-29\/weshalb-nutzen-unternehmen-bpm\/"},"author":{"name":"thomas.berner","@id":"https:\/\/www.organisator.ch\/#\/schema\/person\/6f650f90b2842cd4c0cc334b4e36f67e"},"headline":"Weshalb nutzen Unternehmen BPM?","datePublished":"2017-06-29T13:18:27+00:00","mainEntityOfPage":{"@id":"https:\/\/www.organisator.ch\/management\/2017-06-29\/weshalb-nutzen-unternehmen-bpm\/"},"wordCount":512,"commentCount":0,"publisher":{"@id":"https:\/\/www.organisator.ch\/#organization"},"image":{"@id":"https:\/\/www.organisator.ch\/management\/2017-06-29\/weshalb-nutzen-unternehmen-bpm\/#primaryimage"},"thumbnailUrl":"https:\/\/www.organisator.ch\/wp-content\/uploads\/2017\/06\/Weshalb-nutzen-Unternehmen-BPM-1_Organisator.jpg","keywords":["Digitalisierung","IT &amp; Business Software","Management und Unternehmensf\u00fchrung"],"articleSection":["MANAGEMENT"],"inLanguage":"fr-FR"},{"@type":"WebPage","@id":"https:\/\/www.organisator.ch\/management\/2017-06-29\/weshalb-nutzen-unternehmen-bpm\/","url":"https:\/\/www.organisator.ch\/management\/2017-06-29\/weshalb-nutzen-unternehmen-bpm\/","name":"Pourquoi les entreprises utilisent-elles le BPM ? - Organisateur","isPartOf":{"@id":"https:\/\/www.organisator.ch\/#website"},"primaryImageOfPage":{"@id":"https:\/\/www.organisator.ch\/management\/2017-06-29\/weshalb-nutzen-unternehmen-bpm\/#primaryimage"},"image":{"@id":"https:\/\/www.organisator.ch\/management\/2017-06-29\/weshalb-nutzen-unternehmen-bpm\/#primaryimage"},"thumbnailUrl":"https:\/\/www.organisator.ch\/wp-content\/uploads\/2017\/06\/Weshalb-nutzen-Unternehmen-BPM-1_Organisator.jpg","datePublished":"2017-06-29T13:18:27+00:00","description":"Les entreprises consid\u00e8rent la gestion des processus comme la base de la transformation num\u00e9rique. Toutefois, l'orientation client n'est pas suffisamment mise en avant.","breadcrumb":{"@id":"https:\/\/www.organisator.ch\/management\/2017-06-29\/weshalb-nutzen-unternehmen-bpm\/#breadcrumb"},"inLanguage":"fr-FR","potentialAction":[{"@type":"ReadAction","target":["https:\/\/www.organisator.ch\/management\/2017-06-29\/weshalb-nutzen-unternehmen-bpm\/"]}]},{"@type":"ImageObject","inLanguage":"fr-FR","@id":"https:\/\/www.organisator.ch\/management\/2017-06-29\/weshalb-nutzen-unternehmen-bpm\/#primaryimage","url":"https:\/\/www.organisator.ch\/wp-content\/uploads\/2017\/06\/Weshalb-nutzen-Unternehmen-BPM-1_Organisator.jpg","contentUrl":"https:\/\/www.organisator.ch\/wp-content\/uploads\/2017\/06\/Weshalb-nutzen-Unternehmen-BPM-1_Organisator.jpg","width":630,"height":480,"caption":"BPM macht kurzen Prozess in der digitalen Transformation. (Bild: Fotolia.com)"},{"@type":"BreadcrumbList","@id":"https:\/\/www.organisator.ch\/management\/2017-06-29\/weshalb-nutzen-unternehmen-bpm\/#breadcrumb","itemListElement":[{"@type":"ListItem","position":1,"name":"Home","item":"https:\/\/www.organisator.ch\/"},{"@type":"ListItem","position":2,"name":"Weshalb nutzen Unternehmen BPM?"}]},{"@type":"WebSite","@id":"https:\/\/www.organisator.ch\/#website","url":"https:\/\/www.organisator.ch\/","name":"Organisateur","description":"Comp\u00e9tence et comp\u00e9tence. Proches de la pratique. L'ORGANISATEUR pr\u00e9pare 10 num\u00e9ros par an sur les th\u00e8mes essentiels pour les dirigeants de PME.","publisher":{"@id":"https:\/\/www.organisator.ch\/#organization"},"potentialAction":[{"@type":"SearchAction","target":{"@type":"EntryPoint","urlTemplate":"https:\/\/www.organisator.ch\/?s={search_term_string}"},"query-input":{"@type":"PropertyValueSpecification","valueRequired":true,"valueName":"search_term_string"}}],"inLanguage":"fr-FR"},{"@type":"Organization","@id":"https:\/\/www.organisator.ch\/#organization","name":"Organisateur","url":"https:\/\/www.organisator.ch\/","logo":{"@type":"ImageObject","inLanguage":"fr-FR","@id":"https:\/\/www.organisator.ch\/#\/schema\/logo\/image\/","url":"https:\/\/www.organisator.ch\/wp-content\/uploads\/2022\/01\/Logo_Organisator_Website.png","contentUrl":"https:\/\/www.organisator.ch\/wp-content\/uploads\/2022\/01\/Logo_Organisator_Website.png","width":800,"height":77,"caption":"Organisator"},"image":{"@id":"https:\/\/www.organisator.ch\/#\/schema\/logo\/image\/"},"sameAs":["https:\/\/www.facebook.com\/OrganisatorFachmagazin","https:\/\/www.linkedin.com\/showcase\/organisator-das-magazin-fr-kmu","https:\/\/www.xing.com\/news\/pages\/organisator-ch-695","https:\/\/www.youtube.com\/channel\/UCGP2Sq0iWaZwT3BdIAQFYpw"]},{"@type":"Person","@id":"https:\/\/www.organisator.ch\/#\/schema\/person\/6f650f90b2842cd4c0cc334b4e36f67e","name":"thomas.berner","image":{"@type":"ImageObject","inLanguage":"fr-FR","@id":"https:\/\/secure.gravatar.com\/avatar\/ac5001d2a36cb6c6cd3e50789007ffca834b477b74a2144564522e944eabff61?s=96&d=mm&r=g","url":"https:\/\/secure.gravatar.com\/avatar\/ac5001d2a36cb6c6cd3e50789007ffca834b477b74a2144564522e944eabff61?s=96&d=mm&r=g","contentUrl":"https:\/\/secure.gravatar.com\/avatar\/ac5001d2a36cb6c6cd3e50789007ffca834b477b74a2144564522e944eabff61?s=96&d=mm&r=g","caption":"thomas.berner"},"url":"https:\/\/www.organisator.ch\/fr\/author\/thomas-berner\/"}]}},"_links":{"self":[{"href":"https:\/\/www.organisator.ch\/fr\/wp-json\/wp\/v2\/posts\/2123","targetHints":{"allow":["GET"]}}],"collection":[{"href":"https:\/\/www.organisator.ch\/fr\/wp-json\/wp\/v2\/posts"}],"about":[{"href":"https:\/\/www.organisator.ch\/fr\/wp-json\/wp\/v2\/types\/post"}],"author":[{"embeddable":true,"href":"https:\/\/www.organisator.ch\/fr\/wp-json\/wp\/v2\/users\/4"}],"replies":[{"embeddable":true,"href":"https:\/\/www.organisator.ch\/fr\/wp-json\/wp\/v2\/comments?post=2123"}],"version-history":[{"count":0,"href":"https:\/\/www.organisator.ch\/fr\/wp-json\/wp\/v2\/posts\/2123\/revisions"}],"wp:featuredmedia":[{"embeddable":true,"href":"https:\/\/www.organisator.ch\/fr\/wp-json\/wp\/v2\/media\/2125"}],"wp:attachment":[{"href":"https:\/\/www.organisator.ch\/fr\/wp-json\/wp\/v2\/media?parent=2123"}],"wp:term":[{"taxonomy":"category","embeddable":true,"href":"https:\/\/www.organisator.ch\/fr\/wp-json\/wp\/v2\/categories?post=2123"},{"taxonomy":"post_tag","embeddable":true,"href":"https:\/\/www.organisator.ch\/fr\/wp-json\/wp\/v2\/tags?post=2123"}],"curies":[{"name":"wp","href":"https:\/\/api.w.org\/{rel}","templated":true}]}}