{"id":21232,"date":"2023-08-22T04:23:08","date_gmt":"2023-08-22T02:23:08","guid":{"rendered":"https:\/\/www.organisator.ch\/de\/?p=21232"},"modified":"2023-08-10T14:37:12","modified_gmt":"2023-08-10T12:37:12","slug":"wie-aus-einer-din-norm-eine-schweizer-norm-wird","status":"publish","type":"post","link":"https:\/\/www.organisator.ch\/fr\/operational-excellence\/2023-08-22\/wie-aus-einer-din-norm-eine-schweizer-norm-wird\/","title":{"rendered":"Comment une norme DIN devient une norme suisse"},"content":{"rendered":"<div class=\"swpm-post-not-logged-in-msg\">Vous devez \u00eatre connect\u00e9 pour voir ce contenu. Veuillez <a class=\"swpm-login-link\" href=\"https:\/\/www.organisator.ch\/login\/\">Se connecter<\/a>. Pas un membre ? <a href=\"https:\/\/www.organisator.ch\/shop\/\">Nous Rejoindre<\/a><\/div>","protected":false},"excerpt":{"rendered":"<p>Dans notre pays, le titre de diagnosticienne ou de diagnosticien d'aptitude n'est pas prot\u00e9g\u00e9 et le champ professionnel est un domaine non r\u00e9glement\u00e9, \u00e0 l'exception de la protection des donn\u00e9es au niveau f\u00e9d\u00e9ral. Pour la F\u00e9d\u00e9ration Suisse des Psychologues FSP, il est grand temps de changer cet \u00e9tat de fait. <\/p>","protected":false},"author":1,"featured_media":21231,"comment_status":"closed","ping_status":"closed","sticky":false,"template":"","format":"standard","meta":{"_acf_changed":false,"_yoast_wpseo_focuskw":"DIN-Norm","_yoast_wpseo_metadesc":"F\u00fcr die Eignungsdiagnostik gab es bisher nur die DIN-Norm \u00abEignungsbeurteilung nach DIN 33430\u00bb. Daraus wurde eine Schweizer Norm entwickelt.","articlekey":"54935","footnotes":""},"categories":[578,582],"tags":[3867,3807],"class_list":["post-21232","post","type-post","status-publish","format-standard","has-post-thumbnail","hentry","category-abo","category-operational-excellence","tag-normen-und-standards","tag-zertifizierungen"],"acf":[],"yoast_head":"<!-- This site is optimized with the Yoast SEO plugin v27.4 - https:\/\/yoast.com\/product\/yoast-seo-wordpress\/ -->\n<title>Wie aus einer DIN-Norm eine Schweizer Norm wird - Organisator<\/title>\n<meta name=\"description\" content=\"F\u00fcr die Eignungsdiagnostik gab es bisher nur die DIN-Norm \u00abEignungsbeurteilung nach DIN 33430\u00bb. Daraus wurde eine Schweizer Norm entwickelt.\" \/>\n<meta name=\"robots\" content=\"index, follow, max-snippet:-1, max-image-preview:large, max-video-preview:-1\" \/>\n<link rel=\"canonical\" href=\"https:\/\/www.organisator.ch\/fr\/abonnement\/2023-08-22\/wie-aus-einer-din-norm-eine-schweizer-norm-wird\/\" \/>\n<meta property=\"og:locale\" content=\"fr_FR\" \/>\n<meta property=\"og:type\" content=\"article\" \/>\n<meta property=\"og:title\" content=\"Wie aus einer DIN-Norm eine Schweizer Norm wird - Organisator\" \/>\n<meta property=\"og:description\" content=\"F\u00fcr die Eignungsdiagnostik gab es bisher nur die DIN-Norm \u00abEignungsbeurteilung nach DIN 33430\u00bb. Daraus wurde eine Schweizer Norm entwickelt.\" \/>\n<meta property=\"og:url\" content=\"https:\/\/www.organisator.ch\/fr\/abonnement\/2023-08-22\/wie-aus-einer-din-norm-eine-schweizer-norm-wird\/\" \/>\n<meta property=\"og:site_name\" content=\"Organisator\" \/>\n<meta property=\"article:publisher\" content=\"https:\/\/www.facebook.com\/OrganisatorFachmagazin\" \/>\n<meta property=\"article:published_time\" content=\"2023-08-22T02:23:08+00:00\" \/>\n<meta property=\"og:image\" content=\"https:\/\/www.organisator.ch\/wp-content\/uploads\/2023\/08\/OpEx_SNV_Bild_NEU_organisator_57298.jpg\" \/>\n\t<meta property=\"og:image:width\" content=\"377\" \/>\n\t<meta property=\"og:image:height\" content=\"463\" \/>\n\t<meta property=\"og:image:type\" content=\"image\/jpeg\" \/>\n<meta name=\"author\" content=\"admin\" \/>\n<meta name=\"twitter:card\" content=\"summary_large_image\" \/>\n<script type=\"application\/ld+json\" class=\"yoast-schema-graph\">{\"@context\":\"https:\\\/\\\/schema.org\",\"@graph\":[{\"@type\":\"Article\",\"@id\":\"https:\\\/\\\/www.organisator.ch\\\/abo\\\/2023-08-22\\\/wie-aus-einer-din-norm-eine-schweizer-norm-wird\\\/#article\",\"isPartOf\":{\"@id\":\"https:\\\/\\\/www.organisator.ch\\\/abo\\\/2023-08-22\\\/wie-aus-einer-din-norm-eine-schweizer-norm-wird\\\/\"},\"author\":{\"name\":\"admin\",\"@id\":\"https:\\\/\\\/www.organisator.ch\\\/#\\\/schema\\\/person\\\/aa2bace6c5c5aad60102004a50c4eb1c\"},\"headline\":\"Wie aus einer DIN-Norm eine Schweizer Norm wird\",\"datePublished\":\"2023-08-22T02:23:08+00:00\",\"mainEntityOfPage\":{\"@id\":\"https:\\\/\\\/www.organisator.ch\\\/abo\\\/2023-08-22\\\/wie-aus-einer-din-norm-eine-schweizer-norm-wird\\\/\"},\"wordCount\":1013,\"publisher\":{\"@id\":\"https:\\\/\\\/www.organisator.ch\\\/#organization\"},\"image\":{\"@id\":\"https:\\\/\\\/www.organisator.ch\\\/abo\\\/2023-08-22\\\/wie-aus-einer-din-norm-eine-schweizer-norm-wird\\\/#primaryimage\"},\"thumbnailUrl\":\"https:\\\/\\\/www.organisator.ch\\\/wp-content\\\/uploads\\\/2023\\\/08\\\/OpEx_SNV_Bild_NEU_organisator_57298.jpg\",\"keywords\":[\"Normen und Standards\",\"Zertifizierungen\"],\"articleSection\":[\"ABO+\",\"OPERATIONAL EXCELLENCE\"],\"inLanguage\":\"fr-FR\"},{\"@type\":\"WebPage\",\"@id\":\"https:\\\/\\\/www.organisator.ch\\\/abo\\\/2023-08-22\\\/wie-aus-einer-din-norm-eine-schweizer-norm-wird\\\/\",\"url\":\"https:\\\/\\\/www.organisator.ch\\\/abo\\\/2023-08-22\\\/wie-aus-einer-din-norm-eine-schweizer-norm-wird\\\/\",\"name\":\"Wie aus einer DIN-Norm eine Schweizer Norm wird - Organisator\",\"isPartOf\":{\"@id\":\"https:\\\/\\\/www.organisator.ch\\\/#website\"},\"primaryImageOfPage\":{\"@id\":\"https:\\\/\\\/www.organisator.ch\\\/abo\\\/2023-08-22\\\/wie-aus-einer-din-norm-eine-schweizer-norm-wird\\\/#primaryimage\"},\"image\":{\"@id\":\"https:\\\/\\\/www.organisator.ch\\\/abo\\\/2023-08-22\\\/wie-aus-einer-din-norm-eine-schweizer-norm-wird\\\/#primaryimage\"},\"thumbnailUrl\":\"https:\\\/\\\/www.organisator.ch\\\/wp-content\\\/uploads\\\/2023\\\/08\\\/OpEx_SNV_Bild_NEU_organisator_57298.jpg\",\"datePublished\":\"2023-08-22T02:23:08+00:00\",\"description\":\"F\u00fcr die Eignungsdiagnostik gab es bisher nur die DIN-Norm \u00abEignungsbeurteilung nach DIN 33430\u00bb. Daraus wurde eine Schweizer Norm entwickelt.\",\"breadcrumb\":{\"@id\":\"https:\\\/\\\/www.organisator.ch\\\/abo\\\/2023-08-22\\\/wie-aus-einer-din-norm-eine-schweizer-norm-wird\\\/#breadcrumb\"},\"inLanguage\":\"fr-FR\",\"potentialAction\":[{\"@type\":\"ReadAction\",\"target\":[\"https:\\\/\\\/www.organisator.ch\\\/abo\\\/2023-08-22\\\/wie-aus-einer-din-norm-eine-schweizer-norm-wird\\\/\"]}]},{\"@type\":\"ImageObject\",\"inLanguage\":\"fr-FR\",\"@id\":\"https:\\\/\\\/www.organisator.ch\\\/abo\\\/2023-08-22\\\/wie-aus-einer-din-norm-eine-schweizer-norm-wird\\\/#primaryimage\",\"url\":\"https:\\\/\\\/www.organisator.ch\\\/wp-content\\\/uploads\\\/2023\\\/08\\\/OpEx_SNV_Bild_NEU_organisator_57298.jpg\",\"contentUrl\":\"https:\\\/\\\/www.organisator.ch\\\/wp-content\\\/uploads\\\/2023\\\/08\\\/OpEx_SNV_Bild_NEU_organisator_57298.jpg\",\"width\":377,\"height\":463,\"caption\":\"Annick de Buman \u00a9 zVg \\\/ SNV\"},{\"@type\":\"BreadcrumbList\",\"@id\":\"https:\\\/\\\/www.organisator.ch\\\/abo\\\/2023-08-22\\\/wie-aus-einer-din-norm-eine-schweizer-norm-wird\\\/#breadcrumb\",\"itemListElement\":[{\"@type\":\"ListItem\",\"position\":1,\"name\":\"Home\",\"item\":\"https:\\\/\\\/www.organisator.ch\\\/\"},{\"@type\":\"ListItem\",\"position\":2,\"name\":\"Wie aus einer DIN-Norm eine Schweizer Norm wird\"}]},{\"@type\":\"WebSite\",\"@id\":\"https:\\\/\\\/www.organisator.ch\\\/#website\",\"url\":\"https:\\\/\\\/www.organisator.ch\\\/\",\"name\":\"Organisator\",\"description\":\"Kompetent. Praxisnah. Der ORGANISATOR bereitet in 10 Ausgaben pro Jahr die wesentlichen Themen f\u00fcr F\u00fchrungskr\u00e4fte von KMU auf.\",\"publisher\":{\"@id\":\"https:\\\/\\\/www.organisator.ch\\\/#organization\"},\"potentialAction\":[{\"@type\":\"SearchAction\",\"target\":{\"@type\":\"EntryPoint\",\"urlTemplate\":\"https:\\\/\\\/www.organisator.ch\\\/?s={search_term_string}\"},\"query-input\":{\"@type\":\"PropertyValueSpecification\",\"valueRequired\":true,\"valueName\":\"search_term_string\"}}],\"inLanguage\":\"fr-FR\"},{\"@type\":\"Organization\",\"@id\":\"https:\\\/\\\/www.organisator.ch\\\/#organization\",\"name\":\"Organisator\",\"url\":\"https:\\\/\\\/www.organisator.ch\\\/\",\"logo\":{\"@type\":\"ImageObject\",\"inLanguage\":\"fr-FR\",\"@id\":\"https:\\\/\\\/www.organisator.ch\\\/#\\\/schema\\\/logo\\\/image\\\/\",\"url\":\"https:\\\/\\\/www.organisator.ch\\\/wp-content\\\/uploads\\\/2022\\\/01\\\/Logo_Organisator_Website.png\",\"contentUrl\":\"https:\\\/\\\/www.organisator.ch\\\/wp-content\\\/uploads\\\/2022\\\/01\\\/Logo_Organisator_Website.png\",\"width\":800,\"height\":77,\"caption\":\"Organisator\"},\"image\":{\"@id\":\"https:\\\/\\\/www.organisator.ch\\\/#\\\/schema\\\/logo\\\/image\\\/\"},\"sameAs\":[\"https:\\\/\\\/www.facebook.com\\\/OrganisatorFachmagazin\",\"https:\\\/\\\/www.linkedin.com\\\/showcase\\\/organisator-das-magazin-fr-kmu\",\"https:\\\/\\\/www.xing.com\\\/news\\\/pages\\\/organisator-ch-695\",\"https:\\\/\\\/www.youtube.com\\\/channel\\\/UCGP2Sq0iWaZwT3BdIAQFYpw\"]},{\"@type\":\"Person\",\"@id\":\"https:\\\/\\\/www.organisator.ch\\\/#\\\/schema\\\/person\\\/aa2bace6c5c5aad60102004a50c4eb1c\",\"name\":\"admin\",\"image\":{\"@type\":\"ImageObject\",\"inLanguage\":\"fr-FR\",\"@id\":\"https:\\\/\\\/secure.gravatar.com\\\/avatar\\\/ae2f4d718e6c49043e314ce431e7e645d646302a24a5ef5a8bc8e3f5a032e319?s=96&d=mm&r=g\",\"url\":\"https:\\\/\\\/secure.gravatar.com\\\/avatar\\\/ae2f4d718e6c49043e314ce431e7e645d646302a24a5ef5a8bc8e3f5a032e319?s=96&d=mm&r=g\",\"contentUrl\":\"https:\\\/\\\/secure.gravatar.com\\\/avatar\\\/ae2f4d718e6c49043e314ce431e7e645d646302a24a5ef5a8bc8e3f5a032e319?s=96&d=mm&r=g\",\"caption\":\"admin\"},\"sameAs\":[\"https:\\\/\\\/www.organisator.ch\"],\"url\":\"https:\\\/\\\/www.organisator.ch\\\/fr\\\/author\\\/admin\\\/\"}]}<\/script>\n<!-- \/ Yoast SEO plugin. -->","yoast_head_json":{"title":"Comment une norme DIN devient une norme suisse - Organisateur","description":"Pour le diagnostic d'aptitude, il n'existait jusqu'\u00e0 pr\u00e9sent que la norme DIN \"Evaluation de l'aptitude selon la norme DIN 33430\". Une norme suisse a \u00e9t\u00e9 d\u00e9velopp\u00e9e \u00e0 partir de cette norme.","robots":{"index":"index","follow":"follow","max-snippet":"max-snippet:-1","max-image-preview":"max-image-preview:large","max-video-preview":"max-video-preview:-1"},"canonical":"https:\/\/www.organisator.ch\/fr\/abonnement\/2023-08-22\/wie-aus-einer-din-norm-eine-schweizer-norm-wird\/","og_locale":"fr_FR","og_type":"article","og_title":"Wie aus einer DIN-Norm eine Schweizer Norm wird - Organisator","og_description":"F\u00fcr die Eignungsdiagnostik gab es bisher nur die DIN-Norm \u00abEignungsbeurteilung nach DIN 33430\u00bb. Daraus wurde eine Schweizer Norm entwickelt.","og_url":"https:\/\/www.organisator.ch\/fr\/abonnement\/2023-08-22\/wie-aus-einer-din-norm-eine-schweizer-norm-wird\/","og_site_name":"Organisator","article_publisher":"https:\/\/www.facebook.com\/OrganisatorFachmagazin","article_published_time":"2023-08-22T02:23:08+00:00","og_image":[{"width":377,"height":463,"url":"https:\/\/www.organisator.ch\/wp-content\/uploads\/2023\/08\/OpEx_SNV_Bild_NEU_organisator_57298.jpg","type":"image\/jpeg"}],"author":"admin","twitter_card":"summary_large_image","schema":{"@context":"https:\/\/schema.org","@graph":[{"@type":"Article","@id":"https:\/\/www.organisator.ch\/abo\/2023-08-22\/wie-aus-einer-din-norm-eine-schweizer-norm-wird\/#article","isPartOf":{"@id":"https:\/\/www.organisator.ch\/abo\/2023-08-22\/wie-aus-einer-din-norm-eine-schweizer-norm-wird\/"},"author":{"name":"admin","@id":"https:\/\/www.organisator.ch\/#\/schema\/person\/aa2bace6c5c5aad60102004a50c4eb1c"},"headline":"Wie aus einer DIN-Norm eine Schweizer Norm wird","datePublished":"2023-08-22T02:23:08+00:00","mainEntityOfPage":{"@id":"https:\/\/www.organisator.ch\/abo\/2023-08-22\/wie-aus-einer-din-norm-eine-schweizer-norm-wird\/"},"wordCount":1013,"publisher":{"@id":"https:\/\/www.organisator.ch\/#organization"},"image":{"@id":"https:\/\/www.organisator.ch\/abo\/2023-08-22\/wie-aus-einer-din-norm-eine-schweizer-norm-wird\/#primaryimage"},"thumbnailUrl":"https:\/\/www.organisator.ch\/wp-content\/uploads\/2023\/08\/OpEx_SNV_Bild_NEU_organisator_57298.jpg","keywords":["Normen und Standards","Zertifizierungen"],"articleSection":["ABO+","OPERATIONAL EXCELLENCE"],"inLanguage":"fr-FR"},{"@type":"WebPage","@id":"https:\/\/www.organisator.ch\/abo\/2023-08-22\/wie-aus-einer-din-norm-eine-schweizer-norm-wird\/","url":"https:\/\/www.organisator.ch\/abo\/2023-08-22\/wie-aus-einer-din-norm-eine-schweizer-norm-wird\/","name":"Comment une norme DIN devient une norme suisse - Organisateur","isPartOf":{"@id":"https:\/\/www.organisator.ch\/#website"},"primaryImageOfPage":{"@id":"https:\/\/www.organisator.ch\/abo\/2023-08-22\/wie-aus-einer-din-norm-eine-schweizer-norm-wird\/#primaryimage"},"image":{"@id":"https:\/\/www.organisator.ch\/abo\/2023-08-22\/wie-aus-einer-din-norm-eine-schweizer-norm-wird\/#primaryimage"},"thumbnailUrl":"https:\/\/www.organisator.ch\/wp-content\/uploads\/2023\/08\/OpEx_SNV_Bild_NEU_organisator_57298.jpg","datePublished":"2023-08-22T02:23:08+00:00","description":"Pour le diagnostic d'aptitude, il n'existait jusqu'\u00e0 pr\u00e9sent que la norme DIN \"Evaluation de l'aptitude selon la norme DIN 33430\". Une norme suisse a \u00e9t\u00e9 d\u00e9velopp\u00e9e \u00e0 partir de cette norme.","breadcrumb":{"@id":"https:\/\/www.organisator.ch\/abo\/2023-08-22\/wie-aus-einer-din-norm-eine-schweizer-norm-wird\/#breadcrumb"},"inLanguage":"fr-FR","potentialAction":[{"@type":"ReadAction","target":["https:\/\/www.organisator.ch\/abo\/2023-08-22\/wie-aus-einer-din-norm-eine-schweizer-norm-wird\/"]}]},{"@type":"ImageObject","inLanguage":"fr-FR","@id":"https:\/\/www.organisator.ch\/abo\/2023-08-22\/wie-aus-einer-din-norm-eine-schweizer-norm-wird\/#primaryimage","url":"https:\/\/www.organisator.ch\/wp-content\/uploads\/2023\/08\/OpEx_SNV_Bild_NEU_organisator_57298.jpg","contentUrl":"https:\/\/www.organisator.ch\/wp-content\/uploads\/2023\/08\/OpEx_SNV_Bild_NEU_organisator_57298.jpg","width":377,"height":463,"caption":"Annick de Buman \u00a9 zVg \/ SNV"},{"@type":"BreadcrumbList","@id":"https:\/\/www.organisator.ch\/abo\/2023-08-22\/wie-aus-einer-din-norm-eine-schweizer-norm-wird\/#breadcrumb","itemListElement":[{"@type":"ListItem","position":1,"name":"Home","item":"https:\/\/www.organisator.ch\/"},{"@type":"ListItem","position":2,"name":"Wie aus einer DIN-Norm eine Schweizer Norm wird"}]},{"@type":"WebSite","@id":"https:\/\/www.organisator.ch\/#website","url":"https:\/\/www.organisator.ch\/","name":"Organisateur","description":"Comp\u00e9tence et comp\u00e9tence. Proches de la pratique. L'ORGANISATEUR pr\u00e9pare 10 num\u00e9ros par an sur les th\u00e8mes essentiels pour les dirigeants de PME.","publisher":{"@id":"https:\/\/www.organisator.ch\/#organization"},"potentialAction":[{"@type":"SearchAction","target":{"@type":"EntryPoint","urlTemplate":"https:\/\/www.organisator.ch\/?s={search_term_string}"},"query-input":{"@type":"PropertyValueSpecification","valueRequired":true,"valueName":"search_term_string"}}],"inLanguage":"fr-FR"},{"@type":"Organization","@id":"https:\/\/www.organisator.ch\/#organization","name":"Organisateur","url":"https:\/\/www.organisator.ch\/","logo":{"@type":"ImageObject","inLanguage":"fr-FR","@id":"https:\/\/www.organisator.ch\/#\/schema\/logo\/image\/","url":"https:\/\/www.organisator.ch\/wp-content\/uploads\/2022\/01\/Logo_Organisator_Website.png","contentUrl":"https:\/\/www.organisator.ch\/wp-content\/uploads\/2022\/01\/Logo_Organisator_Website.png","width":800,"height":77,"caption":"Organisator"},"image":{"@id":"https:\/\/www.organisator.ch\/#\/schema\/logo\/image\/"},"sameAs":["https:\/\/www.facebook.com\/OrganisatorFachmagazin","https:\/\/www.linkedin.com\/showcase\/organisator-das-magazin-fr-kmu","https:\/\/www.xing.com\/news\/pages\/organisator-ch-695","https:\/\/www.youtube.com\/channel\/UCGP2Sq0iWaZwT3BdIAQFYpw"]},{"@type":"Person","@id":"https:\/\/www.organisator.ch\/#\/schema\/person\/aa2bace6c5c5aad60102004a50c4eb1c","name":"admin","image":{"@type":"ImageObject","inLanguage":"fr-FR","@id":"https:\/\/secure.gravatar.com\/avatar\/ae2f4d718e6c49043e314ce431e7e645d646302a24a5ef5a8bc8e3f5a032e319?s=96&d=mm&r=g","url":"https:\/\/secure.gravatar.com\/avatar\/ae2f4d718e6c49043e314ce431e7e645d646302a24a5ef5a8bc8e3f5a032e319?s=96&d=mm&r=g","contentUrl":"https:\/\/secure.gravatar.com\/avatar\/ae2f4d718e6c49043e314ce431e7e645d646302a24a5ef5a8bc8e3f5a032e319?s=96&d=mm&r=g","caption":"admin"},"sameAs":["https:\/\/www.organisator.ch"],"url":"https:\/\/www.organisator.ch\/fr\/author\/admin\/"}]}},"_links":{"self":[{"href":"https:\/\/www.organisator.ch\/fr\/wp-json\/wp\/v2\/posts\/21232","targetHints":{"allow":["GET"]}}],"collection":[{"href":"https:\/\/www.organisator.ch\/fr\/wp-json\/wp\/v2\/posts"}],"about":[{"href":"https:\/\/www.organisator.ch\/fr\/wp-json\/wp\/v2\/types\/post"}],"author":[{"embeddable":true,"href":"https:\/\/www.organisator.ch\/fr\/wp-json\/wp\/v2\/users\/1"}],"replies":[{"embeddable":true,"href":"https:\/\/www.organisator.ch\/fr\/wp-json\/wp\/v2\/comments?post=21232"}],"version-history":[{"count":2,"href":"https:\/\/www.organisator.ch\/fr\/wp-json\/wp\/v2\/posts\/21232\/revisions"}],"predecessor-version":[{"id":21286,"href":"https:\/\/www.organisator.ch\/fr\/wp-json\/wp\/v2\/posts\/21232\/revisions\/21286"}],"wp:featuredmedia":[{"embeddable":true,"href":"https:\/\/www.organisator.ch\/fr\/wp-json\/wp\/v2\/media\/21231"}],"wp:attachment":[{"href":"https:\/\/www.organisator.ch\/fr\/wp-json\/wp\/v2\/media?parent=21232"}],"wp:term":[{"taxonomy":"category","embeddable":true,"href":"https:\/\/www.organisator.ch\/fr\/wp-json\/wp\/v2\/categories?post=21232"},{"taxonomy":"post_tag","embeddable":true,"href":"https:\/\/www.organisator.ch\/fr\/wp-json\/wp\/v2\/tags?post=21232"}],"curies":[{"name":"wp","href":"https:\/\/api.w.org\/{rel}","templated":true}]}}