{"id":21257,"date":"2023-08-21T18:48:29","date_gmt":"2023-08-21T16:48:29","guid":{"rendered":"https:\/\/www.organisator.ch\/de\/?p=21257"},"modified":"2023-08-10T11:19:38","modified_gmt":"2023-08-10T09:19:38","slug":"nachhaltigkeit-und-hoher-qualitaetsanspruch","status":"publish","type":"post","link":"https:\/\/www.organisator.ch\/fr\/management\/2023-08-21\/nachhaltigkeit-und-hoher-qualitaetsanspruch\/","title":{"rendered":"Durabilit\u00e9 et exigence de qualit\u00e9 \u00e9lev\u00e9e"},"content":{"rendered":"<div class=\"swpm-post-not-logged-in-msg\">Vous devez \u00eatre connect\u00e9 pour voir ce contenu. Veuillez <a class=\"swpm-login-link\" href=\"https:\/\/www.organisator.ch\/login\/\">Se connecter<\/a>. Pas un membre ? <a href=\"https:\/\/www.organisator.ch\/shop\/\">Nous Rejoindre<\/a><\/div>","protected":false},"excerpt":{"rendered":"<p>La soci\u00e9t\u00e9 Neosys est n\u00e9e en 2001 de la fusion d'entreprises ant\u00e9rieures, au d\u00e9but desquelles se trouvait l'aci\u00e9rie von Roll \u00e0 Gerlafingen. Dans sa structure et son contenu actuels, l'entreprise existe depuis 2007, emploie 35 collaborateurs et propose des services de durabilit\u00e9 aux entreprises, aux organisations et aux pouvoirs publics. Un portrait.<\/p>","protected":false},"author":1,"featured_media":21255,"comment_status":"closed","ping_status":"closed","sticky":false,"template":"","format":"standard","meta":{"_acf_changed":false,"_yoast_wpseo_focuskw":"Qualit\u00e4tsanspruch","_yoast_wpseo_metadesc":"Die Firma Neosys besch\u00e4ftigt 35 Mitarbeitende und bietet Nachhaltigkeitsdienstleistungen mit hohem Qualit\u00e4tsanspruch.","articlekey":"54842","footnotes":""},"categories":[578,28],"tags":[335,358,492],"class_list":["post-21257","post","type-post","status-publish","format-standard","has-post-thumbnail","hentry","category-abo","category-management","tag-management-und-unternehmensfuehrung","tag-nachhaltige-wirtschaft","tag-unternehmen"],"acf":[],"yoast_head":"<!-- This site is optimized with the Yoast SEO plugin v27.5 - https:\/\/yoast.com\/product\/yoast-seo-wordpress\/ -->\n<title>Nachhaltigkeit und hoher Qualit\u00e4tsanspruch - Organisator<\/title>\n<meta name=\"description\" content=\"Die Firma Neosys besch\u00e4ftigt 35 Mitarbeitende und bietet Nachhaltigkeitsdienstleistungen mit hohem Qualit\u00e4tsanspruch.\" \/>\n<meta name=\"robots\" content=\"index, follow, max-snippet:-1, max-image-preview:large, max-video-preview:-1\" \/>\n<link rel=\"canonical\" href=\"https:\/\/www.organisator.ch\/fr\/gestion-2\/2023-08-21\/nachhaltigkeit-und-hoher-qualitaetsanspruch\/\" \/>\n<meta property=\"og:locale\" content=\"fr_FR\" \/>\n<meta property=\"og:type\" content=\"article\" \/>\n<meta property=\"og:title\" content=\"Nachhaltigkeit und hoher Qualit\u00e4tsanspruch - Organisator\" \/>\n<meta property=\"og:description\" content=\"Die Firma Neosys besch\u00e4ftigt 35 Mitarbeitende und bietet Nachhaltigkeitsdienstleistungen mit hohem Qualit\u00e4tsanspruch.\" \/>\n<meta property=\"og:url\" content=\"https:\/\/www.organisator.ch\/fr\/gestion-2\/2023-08-21\/nachhaltigkeit-und-hoher-qualitaetsanspruch\/\" \/>\n<meta property=\"og:site_name\" content=\"Organisator\" \/>\n<meta property=\"article:publisher\" content=\"https:\/\/www.facebook.com\/OrganisatorFachmagazin\" \/>\n<meta property=\"article:published_time\" content=\"2023-08-21T16:48:29+00:00\" \/>\n<meta property=\"og:image\" content=\"https:\/\/www.organisator.ch\/wp-content\/uploads\/2023\/08\/Management_Nuetzi-Neosys_Bild1_organisator_54882-scaled.jpg\" \/>\n\t<meta property=\"og:image:width\" content=\"1248\" \/>\n\t<meta property=\"og:image:height\" content=\"1400\" \/>\n\t<meta property=\"og:image:type\" content=\"image\/jpeg\" \/>\n<meta name=\"author\" content=\"admin\" \/>\n<meta name=\"twitter:card\" content=\"summary_large_image\" \/>\n<script type=\"application\/ld+json\" class=\"yoast-schema-graph\">{\"@context\":\"https:\\\/\\\/schema.org\",\"@graph\":[{\"@type\":\"Article\",\"@id\":\"https:\\\/\\\/www.organisator.ch\\\/management\\\/2023-08-21\\\/nachhaltigkeit-und-hoher-qualitaetsanspruch\\\/#article\",\"isPartOf\":{\"@id\":\"https:\\\/\\\/www.organisator.ch\\\/management\\\/2023-08-21\\\/nachhaltigkeit-und-hoher-qualitaetsanspruch\\\/\"},\"author\":{\"name\":\"admin\",\"@id\":\"https:\\\/\\\/www.organisator.ch\\\/#\\\/schema\\\/person\\\/aa2bace6c5c5aad60102004a50c4eb1c\"},\"headline\":\"Nachhaltigkeit und hoher Qualit\u00e4tsanspruch\",\"datePublished\":\"2023-08-21T16:48:29+00:00\",\"mainEntityOfPage\":{\"@id\":\"https:\\\/\\\/www.organisator.ch\\\/management\\\/2023-08-21\\\/nachhaltigkeit-und-hoher-qualitaetsanspruch\\\/\"},\"wordCount\":985,\"publisher\":{\"@id\":\"https:\\\/\\\/www.organisator.ch\\\/#organization\"},\"image\":{\"@id\":\"https:\\\/\\\/www.organisator.ch\\\/management\\\/2023-08-21\\\/nachhaltigkeit-und-hoher-qualitaetsanspruch\\\/#primaryimage\"},\"thumbnailUrl\":\"https:\\\/\\\/www.organisator.ch\\\/wp-content\\\/uploads\\\/2023\\\/08\\\/Management_Nuetzi-Neosys_Bild1_organisator_54882-scaled.jpg\",\"keywords\":[\"Management und Unternehmensf\u00fchrung\",\"Nachhaltige Wirtschaft\",\"Unternehmen\"],\"articleSection\":[\"ABO+\",\"MANAGEMENT\"],\"inLanguage\":\"fr-FR\"},{\"@type\":\"WebPage\",\"@id\":\"https:\\\/\\\/www.organisator.ch\\\/management\\\/2023-08-21\\\/nachhaltigkeit-und-hoher-qualitaetsanspruch\\\/\",\"url\":\"https:\\\/\\\/www.organisator.ch\\\/management\\\/2023-08-21\\\/nachhaltigkeit-und-hoher-qualitaetsanspruch\\\/\",\"name\":\"Nachhaltigkeit und hoher Qualit\u00e4tsanspruch - Organisator\",\"isPartOf\":{\"@id\":\"https:\\\/\\\/www.organisator.ch\\\/#website\"},\"primaryImageOfPage\":{\"@id\":\"https:\\\/\\\/www.organisator.ch\\\/management\\\/2023-08-21\\\/nachhaltigkeit-und-hoher-qualitaetsanspruch\\\/#primaryimage\"},\"image\":{\"@id\":\"https:\\\/\\\/www.organisator.ch\\\/management\\\/2023-08-21\\\/nachhaltigkeit-und-hoher-qualitaetsanspruch\\\/#primaryimage\"},\"thumbnailUrl\":\"https:\\\/\\\/www.organisator.ch\\\/wp-content\\\/uploads\\\/2023\\\/08\\\/Management_Nuetzi-Neosys_Bild1_organisator_54882-scaled.jpg\",\"datePublished\":\"2023-08-21T16:48:29+00:00\",\"description\":\"Die Firma Neosys besch\u00e4ftigt 35 Mitarbeitende und bietet Nachhaltigkeitsdienstleistungen mit hohem Qualit\u00e4tsanspruch.\",\"breadcrumb\":{\"@id\":\"https:\\\/\\\/www.organisator.ch\\\/management\\\/2023-08-21\\\/nachhaltigkeit-und-hoher-qualitaetsanspruch\\\/#breadcrumb\"},\"inLanguage\":\"fr-FR\",\"potentialAction\":[{\"@type\":\"ReadAction\",\"target\":[\"https:\\\/\\\/www.organisator.ch\\\/management\\\/2023-08-21\\\/nachhaltigkeit-und-hoher-qualitaetsanspruch\\\/\"]}]},{\"@type\":\"ImageObject\",\"inLanguage\":\"fr-FR\",\"@id\":\"https:\\\/\\\/www.organisator.ch\\\/management\\\/2023-08-21\\\/nachhaltigkeit-und-hoher-qualitaetsanspruch\\\/#primaryimage\",\"url\":\"https:\\\/\\\/www.organisator.ch\\\/wp-content\\\/uploads\\\/2023\\\/08\\\/Management_Nuetzi-Neosys_Bild1_organisator_54882-scaled.jpg\",\"contentUrl\":\"https:\\\/\\\/www.organisator.ch\\\/wp-content\\\/uploads\\\/2023\\\/08\\\/Management_Nuetzi-Neosys_Bild1_organisator_54882-scaled.jpg\",\"width\":1248,\"height\":1400,\"caption\":\"Der Firmensitz von Neosys im solothurnischen Gerlafingen. \u00a9 zVg \\\/ Neosys AG\"},{\"@type\":\"BreadcrumbList\",\"@id\":\"https:\\\/\\\/www.organisator.ch\\\/management\\\/2023-08-21\\\/nachhaltigkeit-und-hoher-qualitaetsanspruch\\\/#breadcrumb\",\"itemListElement\":[{\"@type\":\"ListItem\",\"position\":1,\"name\":\"Home\",\"item\":\"https:\\\/\\\/www.organisator.ch\\\/\"},{\"@type\":\"ListItem\",\"position\":2,\"name\":\"Nachhaltigkeit und hoher Qualit\u00e4tsanspruch\"}]},{\"@type\":\"WebSite\",\"@id\":\"https:\\\/\\\/www.organisator.ch\\\/#website\",\"url\":\"https:\\\/\\\/www.organisator.ch\\\/\",\"name\":\"Organisator\",\"description\":\"Kompetent. Praxisnah. Der ORGANISATOR bereitet in 10 Ausgaben pro Jahr die wesentlichen Themen f\u00fcr F\u00fchrungskr\u00e4fte von KMU auf.\",\"publisher\":{\"@id\":\"https:\\\/\\\/www.organisator.ch\\\/#organization\"},\"potentialAction\":[{\"@type\":\"SearchAction\",\"target\":{\"@type\":\"EntryPoint\",\"urlTemplate\":\"https:\\\/\\\/www.organisator.ch\\\/?s={search_term_string}\"},\"query-input\":{\"@type\":\"PropertyValueSpecification\",\"valueRequired\":true,\"valueName\":\"search_term_string\"}}],\"inLanguage\":\"fr-FR\"},{\"@type\":\"Organization\",\"@id\":\"https:\\\/\\\/www.organisator.ch\\\/#organization\",\"name\":\"Organisator\",\"url\":\"https:\\\/\\\/www.organisator.ch\\\/\",\"logo\":{\"@type\":\"ImageObject\",\"inLanguage\":\"fr-FR\",\"@id\":\"https:\\\/\\\/www.organisator.ch\\\/#\\\/schema\\\/logo\\\/image\\\/\",\"url\":\"https:\\\/\\\/www.organisator.ch\\\/wp-content\\\/uploads\\\/2022\\\/01\\\/Logo_Organisator_Website.png\",\"contentUrl\":\"https:\\\/\\\/www.organisator.ch\\\/wp-content\\\/uploads\\\/2022\\\/01\\\/Logo_Organisator_Website.png\",\"width\":800,\"height\":77,\"caption\":\"Organisator\"},\"image\":{\"@id\":\"https:\\\/\\\/www.organisator.ch\\\/#\\\/schema\\\/logo\\\/image\\\/\"},\"sameAs\":[\"https:\\\/\\\/www.facebook.com\\\/OrganisatorFachmagazin\",\"https:\\\/\\\/www.linkedin.com\\\/showcase\\\/organisator-das-magazin-fr-kmu\",\"https:\\\/\\\/www.xing.com\\\/news\\\/pages\\\/organisator-ch-695\",\"https:\\\/\\\/www.youtube.com\\\/channel\\\/UCGP2Sq0iWaZwT3BdIAQFYpw\"]},{\"@type\":\"Person\",\"@id\":\"https:\\\/\\\/www.organisator.ch\\\/#\\\/schema\\\/person\\\/aa2bace6c5c5aad60102004a50c4eb1c\",\"name\":\"admin\",\"image\":{\"@type\":\"ImageObject\",\"inLanguage\":\"fr-FR\",\"@id\":\"https:\\\/\\\/secure.gravatar.com\\\/avatar\\\/ae2f4d718e6c49043e314ce431e7e645d646302a24a5ef5a8bc8e3f5a032e319?s=96&d=mm&r=g\",\"url\":\"https:\\\/\\\/secure.gravatar.com\\\/avatar\\\/ae2f4d718e6c49043e314ce431e7e645d646302a24a5ef5a8bc8e3f5a032e319?s=96&d=mm&r=g\",\"contentUrl\":\"https:\\\/\\\/secure.gravatar.com\\\/avatar\\\/ae2f4d718e6c49043e314ce431e7e645d646302a24a5ef5a8bc8e3f5a032e319?s=96&d=mm&r=g\",\"caption\":\"admin\"},\"sameAs\":[\"https:\\\/\\\/www.organisator.ch\"],\"url\":\"https:\\\/\\\/www.organisator.ch\\\/fr\\\/author\\\/admin\\\/\"}]}<\/script>\n<!-- \/ Yoast SEO plugin. -->","yoast_head_json":{"title":"Durabilit\u00e9 et exigence de qualit\u00e9 \u00e9lev\u00e9e - Organisateur","description":"L'entreprise Neosys emploie 35 personnes et propose des services de d\u00e9veloppement durable avec une exigence de qualit\u00e9 \u00e9lev\u00e9e.","robots":{"index":"index","follow":"follow","max-snippet":"max-snippet:-1","max-image-preview":"max-image-preview:large","max-video-preview":"max-video-preview:-1"},"canonical":"https:\/\/www.organisator.ch\/fr\/gestion-2\/2023-08-21\/nachhaltigkeit-und-hoher-qualitaetsanspruch\/","og_locale":"fr_FR","og_type":"article","og_title":"Nachhaltigkeit und hoher Qualit\u00e4tsanspruch - Organisator","og_description":"Die Firma Neosys besch\u00e4ftigt 35 Mitarbeitende und bietet Nachhaltigkeitsdienstleistungen mit hohem Qualit\u00e4tsanspruch.","og_url":"https:\/\/www.organisator.ch\/fr\/gestion-2\/2023-08-21\/nachhaltigkeit-und-hoher-qualitaetsanspruch\/","og_site_name":"Organisator","article_publisher":"https:\/\/www.facebook.com\/OrganisatorFachmagazin","article_published_time":"2023-08-21T16:48:29+00:00","og_image":[{"width":1248,"height":1400,"url":"https:\/\/www.organisator.ch\/wp-content\/uploads\/2023\/08\/Management_Nuetzi-Neosys_Bild1_organisator_54882-scaled.jpg","type":"image\/jpeg"}],"author":"admin","twitter_card":"summary_large_image","schema":{"@context":"https:\/\/schema.org","@graph":[{"@type":"Article","@id":"https:\/\/www.organisator.ch\/management\/2023-08-21\/nachhaltigkeit-und-hoher-qualitaetsanspruch\/#article","isPartOf":{"@id":"https:\/\/www.organisator.ch\/management\/2023-08-21\/nachhaltigkeit-und-hoher-qualitaetsanspruch\/"},"author":{"name":"admin","@id":"https:\/\/www.organisator.ch\/#\/schema\/person\/aa2bace6c5c5aad60102004a50c4eb1c"},"headline":"Nachhaltigkeit und hoher Qualit\u00e4tsanspruch","datePublished":"2023-08-21T16:48:29+00:00","mainEntityOfPage":{"@id":"https:\/\/www.organisator.ch\/management\/2023-08-21\/nachhaltigkeit-und-hoher-qualitaetsanspruch\/"},"wordCount":985,"publisher":{"@id":"https:\/\/www.organisator.ch\/#organization"},"image":{"@id":"https:\/\/www.organisator.ch\/management\/2023-08-21\/nachhaltigkeit-und-hoher-qualitaetsanspruch\/#primaryimage"},"thumbnailUrl":"https:\/\/www.organisator.ch\/wp-content\/uploads\/2023\/08\/Management_Nuetzi-Neosys_Bild1_organisator_54882-scaled.jpg","keywords":["Management und Unternehmensf\u00fchrung","Nachhaltige Wirtschaft","Unternehmen"],"articleSection":["ABO+","MANAGEMENT"],"inLanguage":"fr-FR"},{"@type":"WebPage","@id":"https:\/\/www.organisator.ch\/management\/2023-08-21\/nachhaltigkeit-und-hoher-qualitaetsanspruch\/","url":"https:\/\/www.organisator.ch\/management\/2023-08-21\/nachhaltigkeit-und-hoher-qualitaetsanspruch\/","name":"Durabilit\u00e9 et exigence de qualit\u00e9 \u00e9lev\u00e9e - Organisateur","isPartOf":{"@id":"https:\/\/www.organisator.ch\/#website"},"primaryImageOfPage":{"@id":"https:\/\/www.organisator.ch\/management\/2023-08-21\/nachhaltigkeit-und-hoher-qualitaetsanspruch\/#primaryimage"},"image":{"@id":"https:\/\/www.organisator.ch\/management\/2023-08-21\/nachhaltigkeit-und-hoher-qualitaetsanspruch\/#primaryimage"},"thumbnailUrl":"https:\/\/www.organisator.ch\/wp-content\/uploads\/2023\/08\/Management_Nuetzi-Neosys_Bild1_organisator_54882-scaled.jpg","datePublished":"2023-08-21T16:48:29+00:00","description":"L'entreprise Neosys emploie 35 personnes et propose des services de d\u00e9veloppement durable avec une exigence de qualit\u00e9 \u00e9lev\u00e9e.","breadcrumb":{"@id":"https:\/\/www.organisator.ch\/management\/2023-08-21\/nachhaltigkeit-und-hoher-qualitaetsanspruch\/#breadcrumb"},"inLanguage":"fr-FR","potentialAction":[{"@type":"ReadAction","target":["https:\/\/www.organisator.ch\/management\/2023-08-21\/nachhaltigkeit-und-hoher-qualitaetsanspruch\/"]}]},{"@type":"ImageObject","inLanguage":"fr-FR","@id":"https:\/\/www.organisator.ch\/management\/2023-08-21\/nachhaltigkeit-und-hoher-qualitaetsanspruch\/#primaryimage","url":"https:\/\/www.organisator.ch\/wp-content\/uploads\/2023\/08\/Management_Nuetzi-Neosys_Bild1_organisator_54882-scaled.jpg","contentUrl":"https:\/\/www.organisator.ch\/wp-content\/uploads\/2023\/08\/Management_Nuetzi-Neosys_Bild1_organisator_54882-scaled.jpg","width":1248,"height":1400,"caption":"Der Firmensitz von Neosys im solothurnischen Gerlafingen. \u00a9 zVg \/ Neosys AG"},{"@type":"BreadcrumbList","@id":"https:\/\/www.organisator.ch\/management\/2023-08-21\/nachhaltigkeit-und-hoher-qualitaetsanspruch\/#breadcrumb","itemListElement":[{"@type":"ListItem","position":1,"name":"Home","item":"https:\/\/www.organisator.ch\/"},{"@type":"ListItem","position":2,"name":"Nachhaltigkeit und hoher Qualit\u00e4tsanspruch"}]},{"@type":"WebSite","@id":"https:\/\/www.organisator.ch\/#website","url":"https:\/\/www.organisator.ch\/","name":"Organisateur","description":"Comp\u00e9tence et comp\u00e9tence. Proches de la pratique. L'ORGANISATEUR pr\u00e9pare 10 num\u00e9ros par an sur les th\u00e8mes essentiels pour les dirigeants de PME.","publisher":{"@id":"https:\/\/www.organisator.ch\/#organization"},"potentialAction":[{"@type":"SearchAction","target":{"@type":"EntryPoint","urlTemplate":"https:\/\/www.organisator.ch\/?s={search_term_string}"},"query-input":{"@type":"PropertyValueSpecification","valueRequired":true,"valueName":"search_term_string"}}],"inLanguage":"fr-FR"},{"@type":"Organization","@id":"https:\/\/www.organisator.ch\/#organization","name":"Organisateur","url":"https:\/\/www.organisator.ch\/","logo":{"@type":"ImageObject","inLanguage":"fr-FR","@id":"https:\/\/www.organisator.ch\/#\/schema\/logo\/image\/","url":"https:\/\/www.organisator.ch\/wp-content\/uploads\/2022\/01\/Logo_Organisator_Website.png","contentUrl":"https:\/\/www.organisator.ch\/wp-content\/uploads\/2022\/01\/Logo_Organisator_Website.png","width":800,"height":77,"caption":"Organisator"},"image":{"@id":"https:\/\/www.organisator.ch\/#\/schema\/logo\/image\/"},"sameAs":["https:\/\/www.facebook.com\/OrganisatorFachmagazin","https:\/\/www.linkedin.com\/showcase\/organisator-das-magazin-fr-kmu","https:\/\/www.xing.com\/news\/pages\/organisator-ch-695","https:\/\/www.youtube.com\/channel\/UCGP2Sq0iWaZwT3BdIAQFYpw"]},{"@type":"Person","@id":"https:\/\/www.organisator.ch\/#\/schema\/person\/aa2bace6c5c5aad60102004a50c4eb1c","name":"admin","image":{"@type":"ImageObject","inLanguage":"fr-FR","@id":"https:\/\/secure.gravatar.com\/avatar\/ae2f4d718e6c49043e314ce431e7e645d646302a24a5ef5a8bc8e3f5a032e319?s=96&d=mm&r=g","url":"https:\/\/secure.gravatar.com\/avatar\/ae2f4d718e6c49043e314ce431e7e645d646302a24a5ef5a8bc8e3f5a032e319?s=96&d=mm&r=g","contentUrl":"https:\/\/secure.gravatar.com\/avatar\/ae2f4d718e6c49043e314ce431e7e645d646302a24a5ef5a8bc8e3f5a032e319?s=96&d=mm&r=g","caption":"admin"},"sameAs":["https:\/\/www.organisator.ch"],"url":"https:\/\/www.organisator.ch\/fr\/author\/admin\/"}]}},"_links":{"self":[{"href":"https:\/\/www.organisator.ch\/fr\/wp-json\/wp\/v2\/posts\/21257","targetHints":{"allow":["GET"]}}],"collection":[{"href":"https:\/\/www.organisator.ch\/fr\/wp-json\/wp\/v2\/posts"}],"about":[{"href":"https:\/\/www.organisator.ch\/fr\/wp-json\/wp\/v2\/types\/post"}],"author":[{"embeddable":true,"href":"https:\/\/www.organisator.ch\/fr\/wp-json\/wp\/v2\/users\/1"}],"replies":[{"embeddable":true,"href":"https:\/\/www.organisator.ch\/fr\/wp-json\/wp\/v2\/comments?post=21257"}],"version-history":[{"count":2,"href":"https:\/\/www.organisator.ch\/fr\/wp-json\/wp\/v2\/posts\/21257\/revisions"}],"predecessor-version":[{"id":21269,"href":"https:\/\/www.organisator.ch\/fr\/wp-json\/wp\/v2\/posts\/21257\/revisions\/21269"}],"wp:featuredmedia":[{"embeddable":true,"href":"https:\/\/www.organisator.ch\/fr\/wp-json\/wp\/v2\/media\/21255"}],"wp:attachment":[{"href":"https:\/\/www.organisator.ch\/fr\/wp-json\/wp\/v2\/media?parent=21257"}],"wp:term":[{"taxonomy":"category","embeddable":true,"href":"https:\/\/www.organisator.ch\/fr\/wp-json\/wp\/v2\/categories?post=21257"},{"taxonomy":"post_tag","embeddable":true,"href":"https:\/\/www.organisator.ch\/fr\/wp-json\/wp\/v2\/tags?post=21257"}],"curies":[{"name":"wp","href":"https:\/\/api.w.org\/{rel}","templated":true}]}}