{"id":21315,"date":"2023-08-10T16:09:40","date_gmt":"2023-08-10T14:09:40","guid":{"rendered":"https:\/\/www.werbewoche.ch\/?p=201111"},"modified":"2024-11-14T13:54:25","modified_gmt":"2024-11-14T12:54:25","slug":"dei-so-schneidet-die-schweizer-branche-im-internationalen-vergleich-ab","status":"publish","type":"post","link":"https:\/\/www.organisator.ch\/fr\/marketing\/2023-08-10\/dei-so-schneidet-die-schweizer-branche-im-internationalen-vergleich-ab\/","title":{"rendered":"DEI : Voici comment se situe le secteur suisse en comparaison internationale"},"content":{"rendered":"<p><img class=\"aligncenter wp-image-201117 size-full\" src=\"https:\/\/www.werbewoche.ch\/wp-content\/uploads\/2023\/08\/global-dei-census-2023-switzerland-1.jpg\" alt=\"\u00c9tude DEI\" width=\"1200\" height=\"900\" \/><\/p>\r\n<p>L'\u00e9tude a \u00e9t\u00e9 men\u00e9e ce printemps dans 91 pays aupr\u00e8s d'environ 13'000 personnes - dont 224 en Suisse. Au total, plus de femmes (63% dans le monde, 57% en Suisse) que d'hommes (37% dans le monde, 43% en Suisse) y ont particip\u00e9. Cela indique que le th\u00e8me DEI - abr\u00e9viation de Diversity, Equality and Inclusion - pourrait avoir une plus grande pertinence pour les femmes.<\/p>\r\n<h3><strong>DEI est un motif d'abandon pour pr\u00e8s d'une personne sur sept<\/strong><\/h3>\r\n<p>Les r\u00e9sultats de l'\u00e9tude montrent qu'au niveau mondial, environ 14% des sp\u00e9cialistes du marketing interrog\u00e9s souhaitent quitter le secteur en raison d'un manque de diversit\u00e9, d'\u00e9galit\u00e9 et d'inclusion. En Suisse, ce sont environ 8 pour cent des personnes interrog\u00e9es qui souhaitent tourner le dos \u00e0 la branche. Ce pourcentage passe \u00e0 11% pour les personnes handicap\u00e9es et m\u00eame \u00e0 17% pour les personnes LGBQ+.<\/p>\r\n<figure id=\"attachment_201115\" class=\"wp-caption aligncenter\" style=\"width: 1200px\" aria-describedby=\"caption-attachment-201115\"><img class=\"wp-image-201115 size-full\" src=\"https:\/\/www.werbewoche.ch\/wp-content\/uploads\/2023\/08\/global-dei-census-2023-switzerland-14.jpg\" alt=\"\" width=\"1200\" height=\"584\" \/>\r\n<figcaption id=\"caption-attachment-201115\" class=\"wp-caption-text\">(Graphiques : Global DEI Census Switzerland Market Report)<\/figcaption>\r\n<\/figure>\r\n<h3><strong>Les entreprises suisses font des progr\u00e8s en mati\u00e8re de DEI<\/strong><\/h3>\r\n<p>Sur la base des r\u00e9ponses aux questions relatives au bien-\u00eatre, aux comportements positifs et \u00e0 l'absence de discrimination, l'indice global d'inclusion DEI est de 63 pour cent au niveau mondial. La Suisse obtient un r\u00e9sultat sup\u00e9rieur \u00e0 la moyenne et se situe au-dessus de la moyenne mondiale avec un indice de 70 pour cent. L'indice d'inclusion se compose de trois sous-indices : \"sentiment d'appartenance\", \"absence de discrimination\" et \"pr\u00e9sence de comportements d\u00e9gradants\", qui se basent sur la perception qu'ont les collaborateurs de leur environnement de travail et de l'entreprise.<\/p>\r\n<p>A cet \u00e9gard, 57% des marketeurs suisses interrog\u00e9s sont d'accord avec l'affirmation selon laquelle leur entreprise prend des mesures actives pour plus de diversit\u00e9 et d'\u00e9galit\u00e9. 49 % estiment que la situation s'est am\u00e9lior\u00e9e par rapport aux deux derni\u00e8res ann\u00e9es en mati\u00e8re de DEI.<\/p>\r\n<p><img class=\"aligncenter size-full wp-image-201114\" src=\"https:\/\/www.werbewoche.ch\/wp-content\/uploads\/2023\/08\/global-dei-census-2023-switzerland-13.jpg\" alt=\"\" width=\"1200\" height=\"320\" \/><\/p>\r\n<p>Selon l'\u00e9tude, tous les groupes minoritaires sont relativement bien repr\u00e9sent\u00e9s dans la branche publicitaire suisse - en comparaison avec les donn\u00e9es globales. Seules les personnes handicap\u00e9es sont sous-repr\u00e9sent\u00e9es, avec 6%, contre 22% en moyenne internationale.<\/p>\r\n<h3><strong>Les motifs de discrimination les plus fr\u00e9quents : \u00c2ge, sexe et situation familiale<\/strong><\/h3>\r\n<p>L'\u00e9tude cite globalement l'\u00e2ge, le sexe et la situation familiale comme les formes de discrimination les plus fr\u00e9quentes. 41% des femmes, 42% des parents et 39% des personnes \u00e0 charge estiment que les responsabilit\u00e9s familiales constituent un obstacle \u00e0 leur carri\u00e8re.<\/p>\r\n<p>Il est particuli\u00e8rement int\u00e9ressant de noter que tant 12% des 18-24 ans que 15% des 55-64 ans d\u00e9clarent avoir subi des discriminations en raison de leur \u00e2ge. Les uns parce qu'ils sont trop inexp\u00e9riment\u00e9s, les autres parce qu'ils sont trop \u00e2g\u00e9s.<\/p>\r\n<p>La situation est tr\u00e8s similaire en Suisse : 22% des personnes interrog\u00e9es estiment que l'\u00e2ge est un obstacle. Ce chiffre passe \u00e0 28 pour cent chez les personnes interrog\u00e9es \u00e2g\u00e9es de 44 \u00e0 54 ans. En outre, 44 pour cent de ceux qui ont des enfants \u00e0 charge pensent que le statut familial est un obstacle \u00e0 la carri\u00e8re dans leur entreprise.<\/p>\r\n<h3><strong>Des diff\u00e9rences de salaire significatives en Suisse<\/strong><\/h3>\r\n<p>L'\u00e9tude r\u00e9v\u00e8le en Suisse un \u00e9cart salarial consid\u00e9rable pour les femmes \u00e0 tous les postes : -22% au niveau de l'executive management, -9% au niveau senior, -32% consid\u00e9rable au niveau des sp\u00e9cialistes et -2% au niveau junior.<\/p>\r\n<p><img class=\"aligncenter size-full wp-image-201116\" src=\"https:\/\/www.werbewoche.ch\/wp-content\/uploads\/2023\/08\/global-dei-census-2023-switzerland-19.jpg\" alt=\"\" width=\"1200\" height=\"582\" \/><\/p>\r\n<p>Pour les minorit\u00e9s ethniques, cet \u00e9cart salarial n'existe qu'aux niveaux inf\u00e9rieurs, avec -25% au niveau junior. Cela pourrait s'expliquer par le fait que les nouveaux arrivants ne connaissent pas suffisamment la structure des salaires. Aux autres niveaux de fonction, aucune diff\u00e9rence n'a \u00e9t\u00e9 constat\u00e9e.<\/p>\r\n<p><img class=\"aligncenter size-full wp-image-201112\" src=\"https:\/\/www.werbewoche.ch\/wp-content\/uploads\/2023\/08\/global-dei-census-2023-switzerland-21.jpg\" alt=\"\" width=\"1200\" height=\"637\" \/><\/p>\r\n<hr \/>\r\n<p><em>Les personnes int\u00e9ress\u00e9es peuvent t\u00e9l\u00e9charger l'\u00e9tude compl\u00e8te sur le site web de SWA. Les r\u00e9sultats internationaux sur <strong>\"Le recensement mondial DEI 2023\"<\/strong><\/em> <em>il y a <a href=\"https:\/\/swa-asa.ch\/wAssets\/docs\/wissen\/de\/studien-reports\/wfa-the-global-dei-census-2023-main-findings.pdf\">ici<\/a>. Le \"Deep Dive\" Suisse existe <a href=\"https:\/\/swa-asa.ch\/wAssets\/docs\/wissen\/de\/studien-reports\/global-dei-census-2023-switzerland.pdf\">ici<\/a>.<\/em><\/p>","protected":false},"excerpt":{"rendered":"<p>Le \"Global DEI Census\" de la World Federation of Advertising WFA examine tous les deux ans o\u00f9 en est le secteur publicitaire international en mati\u00e8re de diversit\u00e9, d'\u00e9galit\u00e9 et d'inclusion. L'association suisse des annonceurs SWA pr\u00e9sente en d\u00e9tail les r\u00e9sultats globaux et suisses.<\/p>","protected":false},"author":8,"featured_media":0,"comment_status":"closed","ping_status":"closed","sticky":false,"template":"","format":"standard","meta":{"_acf_changed":false,"_yoast_wpseo_focuskw":"DEI-Studie","_yoast_wpseo_metadesc":"DEI-Studie 2023: Fortschritte in Schweizer Unternehmen und Herausforderungen f\u00fcr Diversity und Inklusion.","articlekey":"","footnotes":""},"categories":[29],"tags":[3872],"class_list":["post-21315","post","type-post","status-publish","format-standard","hentry","category-marketing","tag-schweizer-werbe-auftraggeberverband-swa"],"acf":[],"yoast_head":"<!-- This site is optimized with the Yoast SEO plugin v27.5 - https:\/\/yoast.com\/product\/yoast-seo-wordpress\/ -->\n<title>DEI: So schneidet die Schweizer Branche im internationalen Vergleich ab - Organisator<\/title>\n<meta name=\"description\" content=\"DEI-Studie 2023: Fortschritte in Schweizer Unternehmen und Herausforderungen f\u00fcr Diversity und Inklusion.\" \/>\n<meta name=\"robots\" content=\"index, follow, max-snippet:-1, max-image-preview:large, max-video-preview:-1\" \/>\n<link rel=\"canonical\" href=\"https:\/\/www.organisator.ch\/fr\/marketing\/2023-08-10\/dei-so-schneidet-die-schweizer-branche-im-internationalen-vergleich-ab\/\" \/>\n<meta property=\"og:locale\" content=\"fr_FR\" \/>\n<meta property=\"og:type\" content=\"article\" \/>\n<meta property=\"og:title\" content=\"DEI: So schneidet die Schweizer Branche im internationalen Vergleich ab - Organisator\" \/>\n<meta property=\"og:description\" content=\"DEI-Studie 2023: Fortschritte in Schweizer Unternehmen und Herausforderungen f\u00fcr Diversity und Inklusion.\" \/>\n<meta property=\"og:url\" content=\"https:\/\/www.organisator.ch\/fr\/marketing\/2023-08-10\/dei-so-schneidet-die-schweizer-branche-im-internationalen-vergleich-ab\/\" \/>\n<meta property=\"og:site_name\" content=\"Organisator\" \/>\n<meta property=\"article:publisher\" content=\"https:\/\/www.facebook.com\/OrganisatorFachmagazin\" \/>\n<meta property=\"article:published_time\" content=\"2023-08-10T14:09:40+00:00\" \/>\n<meta property=\"article:modified_time\" content=\"2024-11-14T12:54:25+00:00\" \/>\n<meta name=\"author\" content=\"galledia\" \/>\n<meta name=\"twitter:card\" content=\"summary_large_image\" \/>\n<meta name=\"twitter:creator\" content=\"@admin\" \/>\n<script type=\"application\/ld+json\" class=\"yoast-schema-graph\">{\"@context\":\"https:\\\/\\\/schema.org\",\"@graph\":[{\"@type\":\"Article\",\"@id\":\"https:\\\/\\\/www.organisator.ch\\\/marketing\\\/2023-08-10\\\/dei-so-schneidet-die-schweizer-branche-im-internationalen-vergleich-ab\\\/#article\",\"isPartOf\":{\"@id\":\"https:\\\/\\\/www.organisator.ch\\\/marketing\\\/2023-08-10\\\/dei-so-schneidet-die-schweizer-branche-im-internationalen-vergleich-ab\\\/\"},\"author\":{\"name\":\"galledia\",\"@id\":\"https:\\\/\\\/www.organisator.ch\\\/#\\\/schema\\\/person\\\/4e51799071cd2dd1232ac003643ef5f0\"},\"headline\":\"DEI: So schneidet die Schweizer Branche im internationalen Vergleich ab\",\"datePublished\":\"2023-08-10T14:09:40+00:00\",\"dateModified\":\"2024-11-14T12:54:25+00:00\",\"mainEntityOfPage\":{\"@id\":\"https:\\\/\\\/www.organisator.ch\\\/marketing\\\/2023-08-10\\\/dei-so-schneidet-die-schweizer-branche-im-internationalen-vergleich-ab\\\/\"},\"wordCount\":565,\"publisher\":{\"@id\":\"https:\\\/\\\/www.organisator.ch\\\/#organization\"},\"image\":{\"@id\":\"https:\\\/\\\/www.organisator.ch\\\/marketing\\\/2023-08-10\\\/dei-so-schneidet-die-schweizer-branche-im-internationalen-vergleich-ab\\\/#primaryimage\"},\"thumbnailUrl\":\"https:\\\/\\\/www.werbewoche.ch\\\/wp-content\\\/uploads\\\/2023\\\/08\\\/global-dei-census-2023-switzerland-1.jpg\",\"keywords\":[\"Schweizer Werbe-Auftraggeberverband SWA\"],\"articleSection\":[\"MARKETING\"],\"inLanguage\":\"fr-FR\"},{\"@type\":\"WebPage\",\"@id\":\"https:\\\/\\\/www.organisator.ch\\\/marketing\\\/2023-08-10\\\/dei-so-schneidet-die-schweizer-branche-im-internationalen-vergleich-ab\\\/\",\"url\":\"https:\\\/\\\/www.organisator.ch\\\/marketing\\\/2023-08-10\\\/dei-so-schneidet-die-schweizer-branche-im-internationalen-vergleich-ab\\\/\",\"name\":\"DEI: So schneidet die Schweizer Branche im internationalen Vergleich ab - Organisator\",\"isPartOf\":{\"@id\":\"https:\\\/\\\/www.organisator.ch\\\/#website\"},\"primaryImageOfPage\":{\"@id\":\"https:\\\/\\\/www.organisator.ch\\\/marketing\\\/2023-08-10\\\/dei-so-schneidet-die-schweizer-branche-im-internationalen-vergleich-ab\\\/#primaryimage\"},\"image\":{\"@id\":\"https:\\\/\\\/www.organisator.ch\\\/marketing\\\/2023-08-10\\\/dei-so-schneidet-die-schweizer-branche-im-internationalen-vergleich-ab\\\/#primaryimage\"},\"thumbnailUrl\":\"https:\\\/\\\/www.werbewoche.ch\\\/wp-content\\\/uploads\\\/2023\\\/08\\\/global-dei-census-2023-switzerland-1.jpg\",\"datePublished\":\"2023-08-10T14:09:40+00:00\",\"dateModified\":\"2024-11-14T12:54:25+00:00\",\"description\":\"DEI-Studie 2023: Fortschritte in Schweizer Unternehmen und Herausforderungen f\u00fcr Diversity und Inklusion.\",\"breadcrumb\":{\"@id\":\"https:\\\/\\\/www.organisator.ch\\\/marketing\\\/2023-08-10\\\/dei-so-schneidet-die-schweizer-branche-im-internationalen-vergleich-ab\\\/#breadcrumb\"},\"inLanguage\":\"fr-FR\",\"potentialAction\":[{\"@type\":\"ReadAction\",\"target\":[\"https:\\\/\\\/www.organisator.ch\\\/marketing\\\/2023-08-10\\\/dei-so-schneidet-die-schweizer-branche-im-internationalen-vergleich-ab\\\/\"]}]},{\"@type\":\"ImageObject\",\"inLanguage\":\"fr-FR\",\"@id\":\"https:\\\/\\\/www.organisator.ch\\\/marketing\\\/2023-08-10\\\/dei-so-schneidet-die-schweizer-branche-im-internationalen-vergleich-ab\\\/#primaryimage\",\"url\":\"https:\\\/\\\/www.werbewoche.ch\\\/wp-content\\\/uploads\\\/2023\\\/08\\\/global-dei-census-2023-switzerland-1.jpg\",\"contentUrl\":\"https:\\\/\\\/www.werbewoche.ch\\\/wp-content\\\/uploads\\\/2023\\\/08\\\/global-dei-census-2023-switzerland-1.jpg\"},{\"@type\":\"BreadcrumbList\",\"@id\":\"https:\\\/\\\/www.organisator.ch\\\/marketing\\\/2023-08-10\\\/dei-so-schneidet-die-schweizer-branche-im-internationalen-vergleich-ab\\\/#breadcrumb\",\"itemListElement\":[{\"@type\":\"ListItem\",\"position\":1,\"name\":\"Home\",\"item\":\"https:\\\/\\\/www.organisator.ch\\\/\"},{\"@type\":\"ListItem\",\"position\":2,\"name\":\"DEI: So schneidet die Schweizer Branche im internationalen Vergleich ab\"}]},{\"@type\":\"WebSite\",\"@id\":\"https:\\\/\\\/www.organisator.ch\\\/#website\",\"url\":\"https:\\\/\\\/www.organisator.ch\\\/\",\"name\":\"Organisator\",\"description\":\"Kompetent. Praxisnah. Der ORGANISATOR bereitet in 10 Ausgaben pro Jahr die wesentlichen Themen f\u00fcr F\u00fchrungskr\u00e4fte von KMU auf.\",\"publisher\":{\"@id\":\"https:\\\/\\\/www.organisator.ch\\\/#organization\"},\"potentialAction\":[{\"@type\":\"SearchAction\",\"target\":{\"@type\":\"EntryPoint\",\"urlTemplate\":\"https:\\\/\\\/www.organisator.ch\\\/?s={search_term_string}\"},\"query-input\":{\"@type\":\"PropertyValueSpecification\",\"valueRequired\":true,\"valueName\":\"search_term_string\"}}],\"inLanguage\":\"fr-FR\"},{\"@type\":\"Organization\",\"@id\":\"https:\\\/\\\/www.organisator.ch\\\/#organization\",\"name\":\"Organisator\",\"url\":\"https:\\\/\\\/www.organisator.ch\\\/\",\"logo\":{\"@type\":\"ImageObject\",\"inLanguage\":\"fr-FR\",\"@id\":\"https:\\\/\\\/www.organisator.ch\\\/#\\\/schema\\\/logo\\\/image\\\/\",\"url\":\"https:\\\/\\\/www.organisator.ch\\\/wp-content\\\/uploads\\\/2022\\\/01\\\/Logo_Organisator_Website.png\",\"contentUrl\":\"https:\\\/\\\/www.organisator.ch\\\/wp-content\\\/uploads\\\/2022\\\/01\\\/Logo_Organisator_Website.png\",\"width\":800,\"height\":77,\"caption\":\"Organisator\"},\"image\":{\"@id\":\"https:\\\/\\\/www.organisator.ch\\\/#\\\/schema\\\/logo\\\/image\\\/\"},\"sameAs\":[\"https:\\\/\\\/www.facebook.com\\\/OrganisatorFachmagazin\",\"https:\\\/\\\/www.linkedin.com\\\/showcase\\\/organisator-das-magazin-fr-kmu\",\"https:\\\/\\\/www.xing.com\\\/news\\\/pages\\\/organisator-ch-695\",\"https:\\\/\\\/www.youtube.com\\\/channel\\\/UCGP2Sq0iWaZwT3BdIAQFYpw\"]},{\"@type\":\"Person\",\"@id\":\"https:\\\/\\\/www.organisator.ch\\\/#\\\/schema\\\/person\\\/4e51799071cd2dd1232ac003643ef5f0\",\"name\":\"galledia\",\"image\":{\"@type\":\"ImageObject\",\"inLanguage\":\"fr-FR\",\"@id\":\"https:\\\/\\\/secure.gravatar.com\\\/avatar\\\/78a7f90c01fc2bfc875782a0d4922b37cde2cf184ce347b91316d23cd7f69a36?s=96&d=mm&r=g\",\"url\":\"https:\\\/\\\/secure.gravatar.com\\\/avatar\\\/78a7f90c01fc2bfc875782a0d4922b37cde2cf184ce347b91316d23cd7f69a36?s=96&d=mm&r=g\",\"contentUrl\":\"https:\\\/\\\/secure.gravatar.com\\\/avatar\\\/78a7f90c01fc2bfc875782a0d4922b37cde2cf184ce347b91316d23cd7f69a36?s=96&d=mm&r=g\",\"caption\":\"galledia\"},\"sameAs\":[\"https:\\\/\\\/x.com\\\/admin\"],\"url\":\"https:\\\/\\\/www.organisator.ch\\\/fr\\\/author\\\/galledia\\\/\"}]}<\/script>\n<!-- \/ Yoast SEO plugin. -->","yoast_head_json":{"title":"DEI : Voici comment se classe le secteur suisse en comparaison internationale - Organisateur","description":"\u00c9tude DEI 2023 : Progr\u00e8s dans les entreprises suisses et d\u00e9fis pour la diversit\u00e9 et l'inclusion.","robots":{"index":"index","follow":"follow","max-snippet":"max-snippet:-1","max-image-preview":"max-image-preview:large","max-video-preview":"max-video-preview:-1"},"canonical":"https:\/\/www.organisator.ch\/fr\/marketing\/2023-08-10\/dei-so-schneidet-die-schweizer-branche-im-internationalen-vergleich-ab\/","og_locale":"fr_FR","og_type":"article","og_title":"DEI: So schneidet die Schweizer Branche im internationalen Vergleich ab - Organisator","og_description":"DEI-Studie 2023: Fortschritte in Schweizer Unternehmen und Herausforderungen f\u00fcr Diversity und Inklusion.","og_url":"https:\/\/www.organisator.ch\/fr\/marketing\/2023-08-10\/dei-so-schneidet-die-schweizer-branche-im-internationalen-vergleich-ab\/","og_site_name":"Organisator","article_publisher":"https:\/\/www.facebook.com\/OrganisatorFachmagazin","article_published_time":"2023-08-10T14:09:40+00:00","article_modified_time":"2024-11-14T12:54:25+00:00","author":"galledia","twitter_card":"summary_large_image","twitter_creator":"@admin","schema":{"@context":"https:\/\/schema.org","@graph":[{"@type":"Article","@id":"https:\/\/www.organisator.ch\/marketing\/2023-08-10\/dei-so-schneidet-die-schweizer-branche-im-internationalen-vergleich-ab\/#article","isPartOf":{"@id":"https:\/\/www.organisator.ch\/marketing\/2023-08-10\/dei-so-schneidet-die-schweizer-branche-im-internationalen-vergleich-ab\/"},"author":{"name":"galledia","@id":"https:\/\/www.organisator.ch\/#\/schema\/person\/4e51799071cd2dd1232ac003643ef5f0"},"headline":"DEI: So schneidet die Schweizer Branche im internationalen Vergleich ab","datePublished":"2023-08-10T14:09:40+00:00","dateModified":"2024-11-14T12:54:25+00:00","mainEntityOfPage":{"@id":"https:\/\/www.organisator.ch\/marketing\/2023-08-10\/dei-so-schneidet-die-schweizer-branche-im-internationalen-vergleich-ab\/"},"wordCount":565,"publisher":{"@id":"https:\/\/www.organisator.ch\/#organization"},"image":{"@id":"https:\/\/www.organisator.ch\/marketing\/2023-08-10\/dei-so-schneidet-die-schweizer-branche-im-internationalen-vergleich-ab\/#primaryimage"},"thumbnailUrl":"https:\/\/www.werbewoche.ch\/wp-content\/uploads\/2023\/08\/global-dei-census-2023-switzerland-1.jpg","keywords":["Schweizer Werbe-Auftraggeberverband SWA"],"articleSection":["MARKETING"],"inLanguage":"fr-FR"},{"@type":"WebPage","@id":"https:\/\/www.organisator.ch\/marketing\/2023-08-10\/dei-so-schneidet-die-schweizer-branche-im-internationalen-vergleich-ab\/","url":"https:\/\/www.organisator.ch\/marketing\/2023-08-10\/dei-so-schneidet-die-schweizer-branche-im-internationalen-vergleich-ab\/","name":"DEI : Voici comment se classe le secteur suisse en comparaison internationale - Organisateur","isPartOf":{"@id":"https:\/\/www.organisator.ch\/#website"},"primaryImageOfPage":{"@id":"https:\/\/www.organisator.ch\/marketing\/2023-08-10\/dei-so-schneidet-die-schweizer-branche-im-internationalen-vergleich-ab\/#primaryimage"},"image":{"@id":"https:\/\/www.organisator.ch\/marketing\/2023-08-10\/dei-so-schneidet-die-schweizer-branche-im-internationalen-vergleich-ab\/#primaryimage"},"thumbnailUrl":"https:\/\/www.werbewoche.ch\/wp-content\/uploads\/2023\/08\/global-dei-census-2023-switzerland-1.jpg","datePublished":"2023-08-10T14:09:40+00:00","dateModified":"2024-11-14T12:54:25+00:00","description":"\u00c9tude DEI 2023 : Progr\u00e8s dans les entreprises suisses et d\u00e9fis pour la diversit\u00e9 et l'inclusion.","breadcrumb":{"@id":"https:\/\/www.organisator.ch\/marketing\/2023-08-10\/dei-so-schneidet-die-schweizer-branche-im-internationalen-vergleich-ab\/#breadcrumb"},"inLanguage":"fr-FR","potentialAction":[{"@type":"ReadAction","target":["https:\/\/www.organisator.ch\/marketing\/2023-08-10\/dei-so-schneidet-die-schweizer-branche-im-internationalen-vergleich-ab\/"]}]},{"@type":"ImageObject","inLanguage":"fr-FR","@id":"https:\/\/www.organisator.ch\/marketing\/2023-08-10\/dei-so-schneidet-die-schweizer-branche-im-internationalen-vergleich-ab\/#primaryimage","url":"https:\/\/www.werbewoche.ch\/wp-content\/uploads\/2023\/08\/global-dei-census-2023-switzerland-1.jpg","contentUrl":"https:\/\/www.werbewoche.ch\/wp-content\/uploads\/2023\/08\/global-dei-census-2023-switzerland-1.jpg"},{"@type":"BreadcrumbList","@id":"https:\/\/www.organisator.ch\/marketing\/2023-08-10\/dei-so-schneidet-die-schweizer-branche-im-internationalen-vergleich-ab\/#breadcrumb","itemListElement":[{"@type":"ListItem","position":1,"name":"Home","item":"https:\/\/www.organisator.ch\/"},{"@type":"ListItem","position":2,"name":"DEI: So schneidet die Schweizer Branche im internationalen Vergleich ab"}]},{"@type":"WebSite","@id":"https:\/\/www.organisator.ch\/#website","url":"https:\/\/www.organisator.ch\/","name":"Organisateur","description":"Comp\u00e9tence et comp\u00e9tence. Proches de la pratique. L'ORGANISATEUR pr\u00e9pare 10 num\u00e9ros par an sur les th\u00e8mes essentiels pour les dirigeants de PME.","publisher":{"@id":"https:\/\/www.organisator.ch\/#organization"},"potentialAction":[{"@type":"SearchAction","target":{"@type":"EntryPoint","urlTemplate":"https:\/\/www.organisator.ch\/?s={search_term_string}"},"query-input":{"@type":"PropertyValueSpecification","valueRequired":true,"valueName":"search_term_string"}}],"inLanguage":"fr-FR"},{"@type":"Organization","@id":"https:\/\/www.organisator.ch\/#organization","name":"Organisateur","url":"https:\/\/www.organisator.ch\/","logo":{"@type":"ImageObject","inLanguage":"fr-FR","@id":"https:\/\/www.organisator.ch\/#\/schema\/logo\/image\/","url":"https:\/\/www.organisator.ch\/wp-content\/uploads\/2022\/01\/Logo_Organisator_Website.png","contentUrl":"https:\/\/www.organisator.ch\/wp-content\/uploads\/2022\/01\/Logo_Organisator_Website.png","width":800,"height":77,"caption":"Organisator"},"image":{"@id":"https:\/\/www.organisator.ch\/#\/schema\/logo\/image\/"},"sameAs":["https:\/\/www.facebook.com\/OrganisatorFachmagazin","https:\/\/www.linkedin.com\/showcase\/organisator-das-magazin-fr-kmu","https:\/\/www.xing.com\/news\/pages\/organisator-ch-695","https:\/\/www.youtube.com\/channel\/UCGP2Sq0iWaZwT3BdIAQFYpw"]},{"@type":"Person","@id":"https:\/\/www.organisator.ch\/#\/schema\/person\/4e51799071cd2dd1232ac003643ef5f0","name":"galledia","image":{"@type":"ImageObject","inLanguage":"fr-FR","@id":"https:\/\/secure.gravatar.com\/avatar\/78a7f90c01fc2bfc875782a0d4922b37cde2cf184ce347b91316d23cd7f69a36?s=96&d=mm&r=g","url":"https:\/\/secure.gravatar.com\/avatar\/78a7f90c01fc2bfc875782a0d4922b37cde2cf184ce347b91316d23cd7f69a36?s=96&d=mm&r=g","contentUrl":"https:\/\/secure.gravatar.com\/avatar\/78a7f90c01fc2bfc875782a0d4922b37cde2cf184ce347b91316d23cd7f69a36?s=96&d=mm&r=g","caption":"galledia"},"sameAs":["https:\/\/x.com\/admin"],"url":"https:\/\/www.organisator.ch\/fr\/author\/galledia\/"}]}},"_links":{"self":[{"href":"https:\/\/www.organisator.ch\/fr\/wp-json\/wp\/v2\/posts\/21315","targetHints":{"allow":["GET"]}}],"collection":[{"href":"https:\/\/www.organisator.ch\/fr\/wp-json\/wp\/v2\/posts"}],"about":[{"href":"https:\/\/www.organisator.ch\/fr\/wp-json\/wp\/v2\/types\/post"}],"author":[{"embeddable":true,"href":"https:\/\/www.organisator.ch\/fr\/wp-json\/wp\/v2\/users\/8"}],"replies":[{"embeddable":true,"href":"https:\/\/www.organisator.ch\/fr\/wp-json\/wp\/v2\/comments?post=21315"}],"version-history":[{"count":3,"href":"https:\/\/www.organisator.ch\/fr\/wp-json\/wp\/v2\/posts\/21315\/revisions"}],"predecessor-version":[{"id":32977,"href":"https:\/\/www.organisator.ch\/fr\/wp-json\/wp\/v2\/posts\/21315\/revisions\/32977"}],"wp:attachment":[{"href":"https:\/\/www.organisator.ch\/fr\/wp-json\/wp\/v2\/media?parent=21315"}],"wp:term":[{"taxonomy":"category","embeddable":true,"href":"https:\/\/www.organisator.ch\/fr\/wp-json\/wp\/v2\/categories?post=21315"},{"taxonomy":"post_tag","embeddable":true,"href":"https:\/\/www.organisator.ch\/fr\/wp-json\/wp\/v2\/tags?post=21315"}],"curies":[{"name":"wp","href":"https:\/\/api.w.org\/{rel}","templated":true}]}}