{"id":21319,"date":"2023-08-11T08:07:43","date_gmt":"2023-08-11T06:07:43","guid":{"rendered":"https:\/\/www.m-q.ch\/?p=18402"},"modified":"2024-11-14T13:53:37","modified_gmt":"2024-11-14T12:53:37","slug":"diebstaehle-von-mobiltelefonen-im-sommer-am-haeufigsten","status":"publish","type":"post","link":"https:\/\/www.organisator.ch\/fr\/operational-excellence\/2023-08-11\/diebstaehle-von-mobiltelefonen-im-sommer-am-haeufigsten\/","title":{"rendered":"Les vols de t\u00e9l\u00e9phones portables sont les plus fr\u00e9quents en \u00e9t\u00e9"},"content":{"rendered":"<figure id=\"attachment_18403\" class=\"wp-caption alignnone\" style=\"width: 680px\" aria-describedby=\"caption-attachment-18403\"><img class=\"alignnone wp-image-18403 size-full\" src=\"https:\/\/www.m-q.ch\/wp-content\/uploads\/2023\/08\/Diebstaehle-von-Mobiltelefonen-im-Sommer-am-haeufigsten_MQ.jpg\" alt=\"Vol de t\u00e9l\u00e9phone portable\" width=\"680\" height=\"536\" \/>\r\n<figcaption id=\"caption-attachment-18403\" class=\"wp-caption-text\">La fr\u00e9quence des vols de t\u00e9l\u00e9phones portables est in\u00e9galement r\u00e9partie en Suisse. (Graphique : AXA)<\/figcaption>\r\n<\/figure>\r\n<p>F\u00eates de rue, cin\u00e9mas en plein air, festivals : pour beaucoup, faire la f\u00eate dehors fait partie d'un \u00e9t\u00e9 r\u00e9ussi. Mais si le smartphone dispara\u00eet soudainement en fouillant dans la poche du pantalon ou dans le sac \u00e0 main, l'ambiance peut tr\u00e8s vite se d\u00e9grader. L'\u00e9t\u00e9 est la saison des pickpockets, comme le montre la statistique des sinistres d'AXA sur les dix derni\u00e8res ann\u00e9es. Pr\u00e8s d'un quart de tous les vols de t\u00e9l\u00e9phone portable d\u00e9clar\u00e9s \u00e0 l'assurance ont lieu en juillet et en ao\u00fbt. C'est en avril qu'il y en a le moins : seul un vol de portable sur 15 a lieu \u00e0 ce moment-l\u00e0. \"En \u00e9t\u00e9, les gens sont plus souvent dehors. Cela offre aux voleurs davantage de possibilit\u00e9s de frapper - en particulier lors de grands rassemblements de personnes\", explique Stefan M\u00fcller, responsable des assurances dommages chez AXA. Il n'est donc pas \u00e9tonnant que les vols soient plus nombreux le week-end, lorsque de nombreuses festivit\u00e9s ont lieu. Plus de 40% des vols de t\u00e9l\u00e9phones portables ont lieu le samedi et le dimanche. C'est le mercredi que le risque est le plus faible : seul un vol de portable sur dix a lieu \u00e0 ce moment-l\u00e0.<\/p>\r\n<h3>Augmentation de 40% des vols<\/h3>\r\n<p>Le fait que les gens soient \u00e0 nouveau plus mobiles et que davantage d'\u00e9v\u00e9nements soient organis\u00e9s est une des raisons pour lesquelles le nombre de t\u00e9l\u00e9phones portables vol\u00e9s a augment\u00e9 depuis la fin de la pand\u00e9mie. En 2022, le nombre de t\u00e9l\u00e9phones portables vol\u00e9s a augment\u00e9 de 40 % par rapport \u00e0 2021 et m\u00eame de 50 % par rapport \u00e0 2020. \"La criminalit\u00e9 transfrontali\u00e8re, qui est \u00e0 nouveau plus facile \u00e0 pratiquer, a probablement aussi sa part de responsabilit\u00e9 dans l'augmentation du taux de vol\", explique Stefan M\u00fcller. Au premier semestre 2023, les chiffres d'Axa montrent une nouvelle augmentation d'environ 20 pour cent par rapport \u00e0 la m\u00eame p\u00e9riode de l'ann\u00e9e pr\u00e9c\u00e9dente, de sorte que le niveau d'avant la pand\u00e9mie devrait \u00eatre \u00e0 nouveau atteint.<\/p>\r\n<h3>Prudence \u00e0 Gen\u00e8ve, B\u00e2le et Berne<\/h3>\r\n<p>Les \u00e9valuations d'AXA r\u00e9v\u00e8lent de grandes diff\u00e9rences non seulement entre les ann\u00e9es, les mois et les jours de la semaine, mais aussi entre les cantons dans lesquels les assur\u00e9s sont domicili\u00e9s. Les personnes r\u00e9sidant dans le canton de Gen\u00e8ve ont d\u00e9clar\u00e9 \u00e0 AXA environ 5 fois plus souvent des t\u00e9l\u00e9phones portables vol\u00e9s que la moyenne suisse et m\u00eame 11 fois plus souvent que les personnes r\u00e9sidant au Tessin, qui semblent \u00eatre expos\u00e9es au risque le plus faible. Les assur\u00e9s des cantons de B\u00e2le-Ville et de Berne sont \u00e9galement plus souvent concern\u00e9s que la moyenne, alors que ceux des cantons des Grisons et d'Uri le sont rarement. Ces deux cantons ainsi que le Tessin enregistrent moins de la moiti\u00e9 du nombre de t\u00e9l\u00e9phones portables vol\u00e9s par personne assur\u00e9e par rapport \u00e0 la moyenne suisse.<\/p>\r\n<h3>Smartphone disparu - que faire ?<\/h3>\r\n<p>Si le t\u00e9l\u00e9phone portable a \u00e9t\u00e9 vol\u00e9, il faut le signaler au poste de police local et \u00e0 l'assurance. Le vol de t\u00e9l\u00e9phone portable \u00e0 l'ext\u00e9rieur est couvert par l'assurance m\u00e9nage, \u00e0 condition d'avoir souscrit une couverture pour le vol simple \u00e0 l'ext\u00e9rieur ou une couverture compl\u00e8te pour les smartphones, les tablettes et l'\u00e9lectronique grand public.<\/p>\r\n<p><em>Source et informations compl\u00e9mentaires : <a href=\"https:\/\/www.axa.ch\/de\/privatkunden.html\">AXA<\/a><\/em><\/p>\n<p class=\"syndicated-attribution\">Cet article est paru initialement sur m-q.ch - <a href=\"https:\/\/www.m-q.ch\/de\/diebstaehle-von-mobiltelefonen-im-sommer-am-haeufigsten\/\" target=\"_blank\">https:\/\/www.m-q.ch\/de\/diebstaehle-von-mobiltelefonen-im-sommer-am-haeufigsten\/<\/a><\/p>","protected":false},"excerpt":{"rendered":"<p>C'est en \u00e9t\u00e9 que les t\u00e9l\u00e9phones portables sont le plus souvent d\u00e9rob\u00e9s, comme le montrent les chiffres des sinistres d'AXA. Depuis la fin de la pand\u00e9mie, on observe en outre une nette tendance : les vols ont augment\u00e9 de 40%. Cependant, tous les cantons ne sont pas touch\u00e9s de la m\u00eame mani\u00e8re - les personnes de Gen\u00e8ve, B\u00e2le-Ville et Berne sont les plus expos\u00e9es.<\/p>","protected":false},"author":8,"featured_media":0,"comment_status":"closed","ping_status":"closed","sticky":false,"template":"","format":"standard","meta":{"_acf_changed":false,"_yoast_wpseo_focuskw":"Handydiebstahl","_yoast_wpseo_metadesc":"Handydiebstahl im Sommer: Vorsicht bei Festivals und gro\u00dfen Menschenansammlungen. Unterschiede zwischen den Kantonen.","articlekey":"","footnotes":""},"categories":[582],"tags":[3873,3874,3875],"class_list":["post-21319","post","type-post","status-publish","format-standard","hentry","category-operational-excellence","tag-diebstahl","tag-kleinkriminalitaet","tag-sachversicherungen"],"acf":[],"yoast_head":"<!-- This site is optimized with the Yoast SEO plugin v27.5 - https:\/\/yoast.com\/product\/yoast-seo-wordpress\/ -->\n<title>Diebst\u00e4hle von Mobiltelefonen im Sommer am h\u00e4ufigsten - Organisator<\/title>\n<meta name=\"description\" content=\"Handydiebstahl im Sommer: Vorsicht bei Festivals und gro\u00dfen Menschenansammlungen. Unterschiede zwischen den Kantonen.\" \/>\n<meta name=\"robots\" content=\"index, follow, max-snippet:-1, max-image-preview:large, max-video-preview:-1\" \/>\n<link rel=\"canonical\" href=\"https:\/\/www.organisator.ch\/fr\/excellence-operationnelle\/2023-08-11\/diebstaehle-von-mobiltelefonen-im-sommer-am-haeufigsten\/\" \/>\n<meta property=\"og:locale\" content=\"fr_FR\" \/>\n<meta property=\"og:type\" content=\"article\" \/>\n<meta property=\"og:title\" content=\"Diebst\u00e4hle von Mobiltelefonen im Sommer am h\u00e4ufigsten - Organisator\" \/>\n<meta property=\"og:description\" content=\"Handydiebstahl im Sommer: Vorsicht bei Festivals und gro\u00dfen Menschenansammlungen. Unterschiede zwischen den Kantonen.\" \/>\n<meta property=\"og:url\" content=\"https:\/\/www.organisator.ch\/fr\/excellence-operationnelle\/2023-08-11\/diebstaehle-von-mobiltelefonen-im-sommer-am-haeufigsten\/\" \/>\n<meta property=\"og:site_name\" content=\"Organisator\" \/>\n<meta property=\"article:publisher\" content=\"https:\/\/www.facebook.com\/OrganisatorFachmagazin\" \/>\n<meta property=\"article:published_time\" content=\"2023-08-11T06:07:43+00:00\" \/>\n<meta property=\"article:modified_time\" content=\"2024-11-14T12:53:37+00:00\" \/>\n<meta name=\"author\" content=\"galledia\" \/>\n<meta name=\"twitter:card\" content=\"summary_large_image\" \/>\n<meta name=\"twitter:creator\" content=\"@admin\" \/>\n<script type=\"application\/ld+json\" class=\"yoast-schema-graph\">{\"@context\":\"https:\\\/\\\/schema.org\",\"@graph\":[{\"@type\":\"Article\",\"@id\":\"https:\\\/\\\/www.organisator.ch\\\/operational-excellence\\\/2023-08-11\\\/diebstaehle-von-mobiltelefonen-im-sommer-am-haeufigsten\\\/#article\",\"isPartOf\":{\"@id\":\"https:\\\/\\\/www.organisator.ch\\\/operational-excellence\\\/2023-08-11\\\/diebstaehle-von-mobiltelefonen-im-sommer-am-haeufigsten\\\/\"},\"author\":{\"name\":\"galledia\",\"@id\":\"https:\\\/\\\/www.organisator.ch\\\/#\\\/schema\\\/person\\\/4e51799071cd2dd1232ac003643ef5f0\"},\"headline\":\"Diebst\u00e4hle von Mobiltelefonen im Sommer am h\u00e4ufigsten\",\"datePublished\":\"2023-08-11T06:07:43+00:00\",\"dateModified\":\"2024-11-14T12:53:37+00:00\",\"mainEntityOfPage\":{\"@id\":\"https:\\\/\\\/www.organisator.ch\\\/operational-excellence\\\/2023-08-11\\\/diebstaehle-von-mobiltelefonen-im-sommer-am-haeufigsten\\\/\"},\"wordCount\":437,\"publisher\":{\"@id\":\"https:\\\/\\\/www.organisator.ch\\\/#organization\"},\"image\":{\"@id\":\"https:\\\/\\\/www.organisator.ch\\\/operational-excellence\\\/2023-08-11\\\/diebstaehle-von-mobiltelefonen-im-sommer-am-haeufigsten\\\/#primaryimage\"},\"thumbnailUrl\":\"https:\\\/\\\/www.m-q.ch\\\/wp-content\\\/uploads\\\/2023\\\/08\\\/Diebstaehle-von-Mobiltelefonen-im-Sommer-am-haeufigsten_MQ.jpg\",\"keywords\":[\"Diebstahl\",\"Kleinkriminalit\u00e4t\",\"Sachversicherungen\"],\"articleSection\":[\"OPERATIONAL EXCELLENCE\"],\"inLanguage\":\"fr-FR\"},{\"@type\":\"WebPage\",\"@id\":\"https:\\\/\\\/www.organisator.ch\\\/operational-excellence\\\/2023-08-11\\\/diebstaehle-von-mobiltelefonen-im-sommer-am-haeufigsten\\\/\",\"url\":\"https:\\\/\\\/www.organisator.ch\\\/operational-excellence\\\/2023-08-11\\\/diebstaehle-von-mobiltelefonen-im-sommer-am-haeufigsten\\\/\",\"name\":\"Diebst\u00e4hle von Mobiltelefonen im Sommer am h\u00e4ufigsten - Organisator\",\"isPartOf\":{\"@id\":\"https:\\\/\\\/www.organisator.ch\\\/#website\"},\"primaryImageOfPage\":{\"@id\":\"https:\\\/\\\/www.organisator.ch\\\/operational-excellence\\\/2023-08-11\\\/diebstaehle-von-mobiltelefonen-im-sommer-am-haeufigsten\\\/#primaryimage\"},\"image\":{\"@id\":\"https:\\\/\\\/www.organisator.ch\\\/operational-excellence\\\/2023-08-11\\\/diebstaehle-von-mobiltelefonen-im-sommer-am-haeufigsten\\\/#primaryimage\"},\"thumbnailUrl\":\"https:\\\/\\\/www.m-q.ch\\\/wp-content\\\/uploads\\\/2023\\\/08\\\/Diebstaehle-von-Mobiltelefonen-im-Sommer-am-haeufigsten_MQ.jpg\",\"datePublished\":\"2023-08-11T06:07:43+00:00\",\"dateModified\":\"2024-11-14T12:53:37+00:00\",\"description\":\"Handydiebstahl im Sommer: Vorsicht bei Festivals und gro\u00dfen Menschenansammlungen. Unterschiede zwischen den Kantonen.\",\"breadcrumb\":{\"@id\":\"https:\\\/\\\/www.organisator.ch\\\/operational-excellence\\\/2023-08-11\\\/diebstaehle-von-mobiltelefonen-im-sommer-am-haeufigsten\\\/#breadcrumb\"},\"inLanguage\":\"fr-FR\",\"potentialAction\":[{\"@type\":\"ReadAction\",\"target\":[\"https:\\\/\\\/www.organisator.ch\\\/operational-excellence\\\/2023-08-11\\\/diebstaehle-von-mobiltelefonen-im-sommer-am-haeufigsten\\\/\"]}]},{\"@type\":\"ImageObject\",\"inLanguage\":\"fr-FR\",\"@id\":\"https:\\\/\\\/www.organisator.ch\\\/operational-excellence\\\/2023-08-11\\\/diebstaehle-von-mobiltelefonen-im-sommer-am-haeufigsten\\\/#primaryimage\",\"url\":\"https:\\\/\\\/www.m-q.ch\\\/wp-content\\\/uploads\\\/2023\\\/08\\\/Diebstaehle-von-Mobiltelefonen-im-Sommer-am-haeufigsten_MQ.jpg\",\"contentUrl\":\"https:\\\/\\\/www.m-q.ch\\\/wp-content\\\/uploads\\\/2023\\\/08\\\/Diebstaehle-von-Mobiltelefonen-im-Sommer-am-haeufigsten_MQ.jpg\"},{\"@type\":\"BreadcrumbList\",\"@id\":\"https:\\\/\\\/www.organisator.ch\\\/operational-excellence\\\/2023-08-11\\\/diebstaehle-von-mobiltelefonen-im-sommer-am-haeufigsten\\\/#breadcrumb\",\"itemListElement\":[{\"@type\":\"ListItem\",\"position\":1,\"name\":\"Home\",\"item\":\"https:\\\/\\\/www.organisator.ch\\\/\"},{\"@type\":\"ListItem\",\"position\":2,\"name\":\"Diebst\u00e4hle von Mobiltelefonen im Sommer am h\u00e4ufigsten\"}]},{\"@type\":\"WebSite\",\"@id\":\"https:\\\/\\\/www.organisator.ch\\\/#website\",\"url\":\"https:\\\/\\\/www.organisator.ch\\\/\",\"name\":\"Organisator\",\"description\":\"Kompetent. Praxisnah. Der ORGANISATOR bereitet in 10 Ausgaben pro Jahr die wesentlichen Themen f\u00fcr F\u00fchrungskr\u00e4fte von KMU auf.\",\"publisher\":{\"@id\":\"https:\\\/\\\/www.organisator.ch\\\/#organization\"},\"potentialAction\":[{\"@type\":\"SearchAction\",\"target\":{\"@type\":\"EntryPoint\",\"urlTemplate\":\"https:\\\/\\\/www.organisator.ch\\\/?s={search_term_string}\"},\"query-input\":{\"@type\":\"PropertyValueSpecification\",\"valueRequired\":true,\"valueName\":\"search_term_string\"}}],\"inLanguage\":\"fr-FR\"},{\"@type\":\"Organization\",\"@id\":\"https:\\\/\\\/www.organisator.ch\\\/#organization\",\"name\":\"Organisator\",\"url\":\"https:\\\/\\\/www.organisator.ch\\\/\",\"logo\":{\"@type\":\"ImageObject\",\"inLanguage\":\"fr-FR\",\"@id\":\"https:\\\/\\\/www.organisator.ch\\\/#\\\/schema\\\/logo\\\/image\\\/\",\"url\":\"https:\\\/\\\/www.organisator.ch\\\/wp-content\\\/uploads\\\/2022\\\/01\\\/Logo_Organisator_Website.png\",\"contentUrl\":\"https:\\\/\\\/www.organisator.ch\\\/wp-content\\\/uploads\\\/2022\\\/01\\\/Logo_Organisator_Website.png\",\"width\":800,\"height\":77,\"caption\":\"Organisator\"},\"image\":{\"@id\":\"https:\\\/\\\/www.organisator.ch\\\/#\\\/schema\\\/logo\\\/image\\\/\"},\"sameAs\":[\"https:\\\/\\\/www.facebook.com\\\/OrganisatorFachmagazin\",\"https:\\\/\\\/www.linkedin.com\\\/showcase\\\/organisator-das-magazin-fr-kmu\",\"https:\\\/\\\/www.xing.com\\\/news\\\/pages\\\/organisator-ch-695\",\"https:\\\/\\\/www.youtube.com\\\/channel\\\/UCGP2Sq0iWaZwT3BdIAQFYpw\"]},{\"@type\":\"Person\",\"@id\":\"https:\\\/\\\/www.organisator.ch\\\/#\\\/schema\\\/person\\\/4e51799071cd2dd1232ac003643ef5f0\",\"name\":\"galledia\",\"image\":{\"@type\":\"ImageObject\",\"inLanguage\":\"fr-FR\",\"@id\":\"https:\\\/\\\/secure.gravatar.com\\\/avatar\\\/78a7f90c01fc2bfc875782a0d4922b37cde2cf184ce347b91316d23cd7f69a36?s=96&d=mm&r=g\",\"url\":\"https:\\\/\\\/secure.gravatar.com\\\/avatar\\\/78a7f90c01fc2bfc875782a0d4922b37cde2cf184ce347b91316d23cd7f69a36?s=96&d=mm&r=g\",\"contentUrl\":\"https:\\\/\\\/secure.gravatar.com\\\/avatar\\\/78a7f90c01fc2bfc875782a0d4922b37cde2cf184ce347b91316d23cd7f69a36?s=96&d=mm&r=g\",\"caption\":\"galledia\"},\"sameAs\":[\"https:\\\/\\\/x.com\\\/admin\"],\"url\":\"https:\\\/\\\/www.organisator.ch\\\/fr\\\/author\\\/galledia\\\/\"}]}<\/script>\n<!-- \/ Yoast SEO plugin. -->","yoast_head_json":{"title":"Les vols de t\u00e9l\u00e9phones portables sont les plus fr\u00e9quents en \u00e9t\u00e9 - Organisateur","description":"Vols de t\u00e9l\u00e9phones portables en \u00e9t\u00e9 : attention aux festivals et aux grands rassemblements de personnes. Diff\u00e9rences entre les cantons.","robots":{"index":"index","follow":"follow","max-snippet":"max-snippet:-1","max-image-preview":"max-image-preview:large","max-video-preview":"max-video-preview:-1"},"canonical":"https:\/\/www.organisator.ch\/fr\/excellence-operationnelle\/2023-08-11\/diebstaehle-von-mobiltelefonen-im-sommer-am-haeufigsten\/","og_locale":"fr_FR","og_type":"article","og_title":"Diebst\u00e4hle von Mobiltelefonen im Sommer am h\u00e4ufigsten - Organisator","og_description":"Handydiebstahl im Sommer: Vorsicht bei Festivals und gro\u00dfen Menschenansammlungen. Unterschiede zwischen den Kantonen.","og_url":"https:\/\/www.organisator.ch\/fr\/excellence-operationnelle\/2023-08-11\/diebstaehle-von-mobiltelefonen-im-sommer-am-haeufigsten\/","og_site_name":"Organisator","article_publisher":"https:\/\/www.facebook.com\/OrganisatorFachmagazin","article_published_time":"2023-08-11T06:07:43+00:00","article_modified_time":"2024-11-14T12:53:37+00:00","author":"galledia","twitter_card":"summary_large_image","twitter_creator":"@admin","schema":{"@context":"https:\/\/schema.org","@graph":[{"@type":"Article","@id":"https:\/\/www.organisator.ch\/operational-excellence\/2023-08-11\/diebstaehle-von-mobiltelefonen-im-sommer-am-haeufigsten\/#article","isPartOf":{"@id":"https:\/\/www.organisator.ch\/operational-excellence\/2023-08-11\/diebstaehle-von-mobiltelefonen-im-sommer-am-haeufigsten\/"},"author":{"name":"galledia","@id":"https:\/\/www.organisator.ch\/#\/schema\/person\/4e51799071cd2dd1232ac003643ef5f0"},"headline":"Diebst\u00e4hle von Mobiltelefonen im Sommer am h\u00e4ufigsten","datePublished":"2023-08-11T06:07:43+00:00","dateModified":"2024-11-14T12:53:37+00:00","mainEntityOfPage":{"@id":"https:\/\/www.organisator.ch\/operational-excellence\/2023-08-11\/diebstaehle-von-mobiltelefonen-im-sommer-am-haeufigsten\/"},"wordCount":437,"publisher":{"@id":"https:\/\/www.organisator.ch\/#organization"},"image":{"@id":"https:\/\/www.organisator.ch\/operational-excellence\/2023-08-11\/diebstaehle-von-mobiltelefonen-im-sommer-am-haeufigsten\/#primaryimage"},"thumbnailUrl":"https:\/\/www.m-q.ch\/wp-content\/uploads\/2023\/08\/Diebstaehle-von-Mobiltelefonen-im-Sommer-am-haeufigsten_MQ.jpg","keywords":["Diebstahl","Kleinkriminalit\u00e4t","Sachversicherungen"],"articleSection":["OPERATIONAL EXCELLENCE"],"inLanguage":"fr-FR"},{"@type":"WebPage","@id":"https:\/\/www.organisator.ch\/operational-excellence\/2023-08-11\/diebstaehle-von-mobiltelefonen-im-sommer-am-haeufigsten\/","url":"https:\/\/www.organisator.ch\/operational-excellence\/2023-08-11\/diebstaehle-von-mobiltelefonen-im-sommer-am-haeufigsten\/","name":"Les vols de t\u00e9l\u00e9phones portables sont les plus fr\u00e9quents en \u00e9t\u00e9 - Organisateur","isPartOf":{"@id":"https:\/\/www.organisator.ch\/#website"},"primaryImageOfPage":{"@id":"https:\/\/www.organisator.ch\/operational-excellence\/2023-08-11\/diebstaehle-von-mobiltelefonen-im-sommer-am-haeufigsten\/#primaryimage"},"image":{"@id":"https:\/\/www.organisator.ch\/operational-excellence\/2023-08-11\/diebstaehle-von-mobiltelefonen-im-sommer-am-haeufigsten\/#primaryimage"},"thumbnailUrl":"https:\/\/www.m-q.ch\/wp-content\/uploads\/2023\/08\/Diebstaehle-von-Mobiltelefonen-im-Sommer-am-haeufigsten_MQ.jpg","datePublished":"2023-08-11T06:07:43+00:00","dateModified":"2024-11-14T12:53:37+00:00","description":"Vols de t\u00e9l\u00e9phones portables en \u00e9t\u00e9 : attention aux festivals et aux grands rassemblements de personnes. Diff\u00e9rences entre les cantons.","breadcrumb":{"@id":"https:\/\/www.organisator.ch\/operational-excellence\/2023-08-11\/diebstaehle-von-mobiltelefonen-im-sommer-am-haeufigsten\/#breadcrumb"},"inLanguage":"fr-FR","potentialAction":[{"@type":"ReadAction","target":["https:\/\/www.organisator.ch\/operational-excellence\/2023-08-11\/diebstaehle-von-mobiltelefonen-im-sommer-am-haeufigsten\/"]}]},{"@type":"ImageObject","inLanguage":"fr-FR","@id":"https:\/\/www.organisator.ch\/operational-excellence\/2023-08-11\/diebstaehle-von-mobiltelefonen-im-sommer-am-haeufigsten\/#primaryimage","url":"https:\/\/www.m-q.ch\/wp-content\/uploads\/2023\/08\/Diebstaehle-von-Mobiltelefonen-im-Sommer-am-haeufigsten_MQ.jpg","contentUrl":"https:\/\/www.m-q.ch\/wp-content\/uploads\/2023\/08\/Diebstaehle-von-Mobiltelefonen-im-Sommer-am-haeufigsten_MQ.jpg"},{"@type":"BreadcrumbList","@id":"https:\/\/www.organisator.ch\/operational-excellence\/2023-08-11\/diebstaehle-von-mobiltelefonen-im-sommer-am-haeufigsten\/#breadcrumb","itemListElement":[{"@type":"ListItem","position":1,"name":"Home","item":"https:\/\/www.organisator.ch\/"},{"@type":"ListItem","position":2,"name":"Diebst\u00e4hle von Mobiltelefonen im Sommer am h\u00e4ufigsten"}]},{"@type":"WebSite","@id":"https:\/\/www.organisator.ch\/#website","url":"https:\/\/www.organisator.ch\/","name":"Organisateur","description":"Comp\u00e9tence et comp\u00e9tence. Proches de la pratique. L'ORGANISATEUR pr\u00e9pare 10 num\u00e9ros par an sur les th\u00e8mes essentiels pour les dirigeants de PME.","publisher":{"@id":"https:\/\/www.organisator.ch\/#organization"},"potentialAction":[{"@type":"SearchAction","target":{"@type":"EntryPoint","urlTemplate":"https:\/\/www.organisator.ch\/?s={search_term_string}"},"query-input":{"@type":"PropertyValueSpecification","valueRequired":true,"valueName":"search_term_string"}}],"inLanguage":"fr-FR"},{"@type":"Organization","@id":"https:\/\/www.organisator.ch\/#organization","name":"Organisateur","url":"https:\/\/www.organisator.ch\/","logo":{"@type":"ImageObject","inLanguage":"fr-FR","@id":"https:\/\/www.organisator.ch\/#\/schema\/logo\/image\/","url":"https:\/\/www.organisator.ch\/wp-content\/uploads\/2022\/01\/Logo_Organisator_Website.png","contentUrl":"https:\/\/www.organisator.ch\/wp-content\/uploads\/2022\/01\/Logo_Organisator_Website.png","width":800,"height":77,"caption":"Organisator"},"image":{"@id":"https:\/\/www.organisator.ch\/#\/schema\/logo\/image\/"},"sameAs":["https:\/\/www.facebook.com\/OrganisatorFachmagazin","https:\/\/www.linkedin.com\/showcase\/organisator-das-magazin-fr-kmu","https:\/\/www.xing.com\/news\/pages\/organisator-ch-695","https:\/\/www.youtube.com\/channel\/UCGP2Sq0iWaZwT3BdIAQFYpw"]},{"@type":"Person","@id":"https:\/\/www.organisator.ch\/#\/schema\/person\/4e51799071cd2dd1232ac003643ef5f0","name":"galledia","image":{"@type":"ImageObject","inLanguage":"fr-FR","@id":"https:\/\/secure.gravatar.com\/avatar\/78a7f90c01fc2bfc875782a0d4922b37cde2cf184ce347b91316d23cd7f69a36?s=96&d=mm&r=g","url":"https:\/\/secure.gravatar.com\/avatar\/78a7f90c01fc2bfc875782a0d4922b37cde2cf184ce347b91316d23cd7f69a36?s=96&d=mm&r=g","contentUrl":"https:\/\/secure.gravatar.com\/avatar\/78a7f90c01fc2bfc875782a0d4922b37cde2cf184ce347b91316d23cd7f69a36?s=96&d=mm&r=g","caption":"galledia"},"sameAs":["https:\/\/x.com\/admin"],"url":"https:\/\/www.organisator.ch\/fr\/author\/galledia\/"}]}},"_links":{"self":[{"href":"https:\/\/www.organisator.ch\/fr\/wp-json\/wp\/v2\/posts\/21319","targetHints":{"allow":["GET"]}}],"collection":[{"href":"https:\/\/www.organisator.ch\/fr\/wp-json\/wp\/v2\/posts"}],"about":[{"href":"https:\/\/www.organisator.ch\/fr\/wp-json\/wp\/v2\/types\/post"}],"author":[{"embeddable":true,"href":"https:\/\/www.organisator.ch\/fr\/wp-json\/wp\/v2\/users\/8"}],"replies":[{"embeddable":true,"href":"https:\/\/www.organisator.ch\/fr\/wp-json\/wp\/v2\/comments?post=21319"}],"version-history":[{"count":3,"href":"https:\/\/www.organisator.ch\/fr\/wp-json\/wp\/v2\/posts\/21319\/revisions"}],"predecessor-version":[{"id":32976,"href":"https:\/\/www.organisator.ch\/fr\/wp-json\/wp\/v2\/posts\/21319\/revisions\/32976"}],"wp:attachment":[{"href":"https:\/\/www.organisator.ch\/fr\/wp-json\/wp\/v2\/media?parent=21319"}],"wp:term":[{"taxonomy":"category","embeddable":true,"href":"https:\/\/www.organisator.ch\/fr\/wp-json\/wp\/v2\/categories?post=21319"},{"taxonomy":"post_tag","embeddable":true,"href":"https:\/\/www.organisator.ch\/fr\/wp-json\/wp\/v2\/tags?post=21319"}],"curies":[{"name":"wp","href":"https:\/\/api.w.org\/{rel}","templated":true}]}}